{"id":199438,"date":"2020-02-25T14:17:21","date_gmt":"2020-02-25T14:17:21","guid":{"rendered":"https:\/\/www.meydan.tv\/article\/astarada-bas-hekim-isden-cixarilib\/"},"modified":"2020-02-25T14:17:21","modified_gmt":"2020-02-25T14:17:21","slug":"astarada-bas-hekim-isden-cixarilib","status":"publish","type":"post","link":"https:\/\/www.meydan.tv\/az\/article\/astarada-bas-hekim-isden-cixarilib\/","title":{"rendered":"Astarada ba\u015f h\u0259kim i\u015fd\u0259n \u00e7\u0131xar\u0131l\u0131b"},"content":{"rendered":"<p>\n  <i><br \/>\n    H\u0259kimin \u0130randan g\u0259l\u0259n v\u0259t\u0259nda\u015flara g\u00f6r\u0259 i\u015fd\u0259n \u00e7\u0131xar\u0131ld\u0131\u011f\u0131 deyilir<br \/>\n  <\/i>\n<\/p>\n<p>\n  Astara Rayon M\u0259rk\u0259zi X\u0259st\u0259xanas\u0131n\u0131n ba\u015f h\u0259kimi i\u015fd\u0259n \u00e7\u0131xar\u0131l\u0131b.\n<\/p>\n<p>\n  \u201cTibbi \u018frazi B\u00f6lm\u0259l\u0259rinin \u0130dar\u0259etm\u0259 Birliyi\u201d (<br \/>\n  <a href=\"https:\/\/report.az\/sehiyye\/astaranin-bas-hekimi-isden-cixarildi\/\"><br \/>\n    T\u018fB\u0130B<br \/>\n  <\/a><br \/>\n  ) bu x\u0259b\u0259ri t\u0259sdiql\u0259yib.\n<\/p>\n<p>\n  T\u018fB\u0130B-d\u0259n bildirilib ki, \u018fl\u00f6vs\u0259t \u018fliyev \u00f6t\u0259n g\u00fcn tutdu\u011fu ba\u015f h\u0259kim v\u0259zif\u0259sind\u0259n k\u0259narla\u015fd\u0131r\u0131l\u0131b. Onun yerin\u0259 Elnur Azadxanov t\u0259yin olunub.\n<\/p>\n<p>\n  Astara Rayon M\u0259rk\u0259zi X\u0259st\u0259xanas\u0131ndan ad\u0131n\u0131n a\u00e7\u0131qlamas\u0131n\u0131 ist\u0259m\u0259y\u0259n m\u0259nb\u0259 fakt\u0131 Meydan TV-y\u0259 t\u0259sdiql\u0259yib. S\u0259b\u0259bin iki g\u00fcn \u00f6nc\u0259 2 n\u0259f\u0259r \u0130ran v\u0259t\u0259nda\u015f\u0131n\u0131n 1 sayl\u0131 Kliniki Tibbi M\u0259rk\u0259z\u0259 (Sema\u015fko) koronavirus t\u0259hl\u00fck\u0259si il\u0259 m\u00fcraci\u0259t etm\u0259si oldu\u011funu s\u00f6yl\u0259yib:\n<\/p>\n<p>\n  &quot;H\u0259min \u015f\u0259xsl\u0259r \u0259vv\u0259lc\u0259 Astara Rayon M\u0259rk\u0259zi X\u0259st\u0259xanas\u0131nda m\u00fcayin\u0259 olunublar. \u0130nfeksion \u015f\u00f6b\u0259d\u0259 m\u00fcayin\u0259 olunan \u015f\u0259xsl\u0259rd\u0259 he\u00e7 bir x\u0259st\u0259lik a\u015flarlanmad\u0131\u011f\u0131ndan onlar\u0131 burax\u0131blar gedib. Sonradan h\u0259min \u015f\u0259xsl\u0259r Bak\u0131da x\u0259st\u0259xanaya gedibl\u0259r. Guya h\u0259rar\u0259tl\u0259ri olub. \u018fslind\u0259 is\u0259 olmay\u0131b. Orda soru\u015fublar: &quot;Haradan g\u0259lmisiniz?&quot; Onlar da deyibl\u0259r ki, Astaradan. Bunu da T\u018fB\u0130B-\u0259 m\u0259lumat veribl\u0259r. Onlar da bu b\u0259han\u0259 il\u0259 ba\u015f h\u0259kimi i\u015find\u0259n k\u0259narla\u015fd\u0131rd\u0131lar&quot;.\n<\/p>\n<p>\n  M\u0259nb\u0259 deyir ki, halbuki ba\u015f h\u0259kimin he\u00e7 bir g\u00fcnah\u0131 olmay\u0131b. X\u0259st\u0259l\u0259rin g\u0259lm\u0259sind\u0259n bel\u0259 x\u0259b\u0259ri olmay\u0131b. \u0130nfeksion \u015f\u00f6b\u0259d\u0259 bax\u0131b, burax\u0131blar.\n<\/p>\n<p>\n  <a href=\"https:\/\/www.meydan.tv\/az\/article\/koronavirus-azerbaycan-iran-serhedini-baglayib\/?ref=list-news\"><br \/>\n    Fevral\u0131n 24-d\u0259<br \/>\n  <\/a><br \/>\n  koronavirus \u015f\u00fcbh\u0259si il\u0259 1 sayl\u0131 Kliniki Tibbi M\u0259rk\u0259z\u0259 2 n\u0259f\u0259r \u0130ran v\u0259t\u0259nda\u015f\u0131 m\u00fcraci\u0259t etmi\u015fdi. Onlardan biri \u0130ran\u0131n Astara rayonunda i\u015fl\u0259y\u0259n Az\u0259rbaycan v\u0259t\u0259nda\u015f\u0131, dig\u0259ri is\u0259 Az\u0259rbaycana s\u0259f\u0259r ed\u0259n \u0130ran v\u0259t\u0259nda\u015f\u0131 olub. H\u0259r iki \u015f\u0259xs m\u0259rk\u0259z\u0259 q\u0259bul olunaraq m\u00fcayin\u0259 edilib. Koronavirus \u0259lam\u0259tl\u0259ri a\u015fkar edilm\u0259yib. G\u0259tiril\u0259n \u015f\u0259xsl\u0259rd\u0259n birinin h\u0259rar\u0259ti 37,1, dig\u0259rind\u0259 is\u0259 37,3 d\u0259r\u0259c\u0259 olub. H\u0259r iki \u015f\u0259xs karantin n\u0259zar\u0259tin\u0259 g\u00f6t\u00fcr\u00fcl\u00fcb.<\/p>\n","protected":false},"excerpt":{"rendered":"<p>M\u0259nb\u0259 deyir ki, halbuki ba\u015f h\u0259kimin he\u00e7 bir g\u00fcnah\u0131 olmay\u0131b. X\u0259st\u0259l\u0259rin g\u0259lm\u0259sind\u0259n bel\u0259 x\u0259b\u0259ri olmay\u0131b.<\/p>\n","protected":false},"author":11,"featured_media":138162,"comment_status":"closed","ping_status":"open","sticky":false,"template":"","format":"standard","meta":{"_acf_changed":false,"_sitemap_exclude":false,"_sitemap_priority":"","_sitemap_frequency":"","footnotes":""},"categories":[60],"tags":[],"class_list":["post-199438","post","type-post","status-publish","format-standard","has-post-thumbnail","hentry","category-bolge","infinite-scroll-item","generate-columns","tablet-grid-50","mobile-grid-100","grid-parent","grid-33","no-featured-image-padding"],"acf":[],"yoast_head":"<!-- This site is optimized with the Yoast SEO plugin v27.5 - https:\/\/yoast.com\/product\/yoast-seo-wordpress\/ -->\n<title>Astarada ba\u015f h\u0259kim i\u015fd\u0259n \u00e7\u0131xar\u0131l\u0131b - MEYDAN.TV<\/title>\n<meta name=\"robots\" content=\"index, follow, max-snippet:-1, max-image-preview:large, max-video-preview:-1\" \/>\n<link rel=\"canonical\" href=\"https:\/\/www.meydan.tv\/az\/article\/astarada-bas-hekim-isden-cixarilib\/\" \/>\n<meta property=\"og:locale\" content=\"az_AZ\" \/>\n<meta property=\"og:type\" content=\"article\" \/>\n<meta property=\"og:title\" content=\"Astarada ba\u015f h\u0259kim i\u015fd\u0259n \u00e7\u0131xar\u0131l\u0131b - MEYDAN.TV\" \/>\n<meta property=\"og:description\" content=\"M\u0259nb\u0259 deyir ki, halbuki ba\u015f h\u0259kimin he\u00e7 bir g\u00fcnah\u0131 olmay\u0131b. X\u0259st\u0259l\u0259rin g\u0259lm\u0259sind\u0259n bel\u0259 x\u0259b\u0259ri olmay\u0131b.\" \/>\n<meta property=\"og:url\" content=\"https:\/\/www.meydan.tv\/az\/article\/astarada-bas-hekim-isden-cixarilib\/\" \/>\n<meta property=\"og:site_name\" content=\"MEYDAN.TV\" \/>\n<meta property=\"article:published_time\" content=\"2020-02-25T14:17:21+00:00\" \/>\n<meta property=\"og:image\" content=\"https:\/\/www.meydan.tv\/wp-content\/uploads\/unnamed_y5c81my.jpg\" \/>\n\t<meta property=\"og:image:width\" content=\"640\" \/>\n\t<meta property=\"og:image:height\" content=\"480\" \/>\n\t<meta property=\"og:image:type\" content=\"image\/jpeg\" \/>\n<meta name=\"author\" content=\"user-manager\" \/>\n<meta name=\"twitter:card\" content=\"summary_large_image\" \/>\n<script type=\"application\/ld+json\" class=\"yoast-schema-graph\">{\"@context\":\"https:\\\/\\\/schema.org\",\"@graph\":[{\"@type\":\"Article\",\"@id\":\"https:\\\/\\\/www.meydan.tv\\\/az\\\/article\\\/astarada-bas-hekim-isden-cixarilib\\\/#article\",\"isPartOf\":{\"@id\":\"https:\\\/\\\/www.meydan.tv\\\/az\\\/article\\\/astarada-bas-hekim-isden-cixarilib\\\/\"},\"author\":{\"name\":\"user-manager\",\"@id\":\"https:\\\/\\\/www.meydan.tv\\\/az\\\/#\\\/schema\\\/person\\\/10d11eccf6da3662cf5fdab9806ea91a\"},\"headline\":\"Astarada ba\u015f h\u0259kim i\u015fd\u0259n \u00e7\u0131xar\u0131l\u0131b\",\"datePublished\":\"2020-02-25T14:17:21+00:00\",\"mainEntityOfPage\":{\"@id\":\"https:\\\/\\\/www.meydan.tv\\\/az\\\/article\\\/astarada-bas-hekim-isden-cixarilib\\\/\"},\"wordCount\":412,\"publisher\":{\"@id\":\"https:\\\/\\\/www.meydan.tv\\\/az\\\/#organization\"},\"image\":{\"@id\":\"https:\\\/\\\/www.meydan.tv\\\/az\\\/article\\\/astarada-bas-hekim-isden-cixarilib\\\/#primaryimage\"},\"thumbnailUrl\":\"https:\\\/\\\/www.meydan.tv\\\/wp-content\\\/uploads\\\/unnamed_y5c81my.jpg\",\"articleSection\":[\"B\u00f6lg\u0259\"],\"inLanguage\":\"az\"},{\"@type\":\"WebPage\",\"@id\":\"https:\\\/\\\/www.meydan.tv\\\/az\\\/article\\\/astarada-bas-hekim-isden-cixarilib\\\/\",\"url\":\"https:\\\/\\\/www.meydan.tv\\\/az\\\/article\\\/astarada-bas-hekim-isden-cixarilib\\\/\",\"name\":\"Astarada ba\u015f h\u0259kim i\u015fd\u0259n \u00e7\u0131xar\u0131l\u0131b - MEYDAN.TV\",\"isPartOf\":{\"@id\":\"https:\\\/\\\/www.meydan.tv\\\/az\\\/#website\"},\"primaryImageOfPage\":{\"@id\":\"https:\\\/\\\/www.meydan.tv\\\/az\\\/article\\\/astarada-bas-hekim-isden-cixarilib\\\/#primaryimage\"},\"image\":{\"@id\":\"https:\\\/\\\/www.meydan.tv\\\/az\\\/article\\\/astarada-bas-hekim-isden-cixarilib\\\/#primaryimage\"},\"thumbnailUrl\":\"https:\\\/\\\/www.meydan.tv\\\/wp-content\\\/uploads\\\/unnamed_y5c81my.jpg\",\"datePublished\":\"2020-02-25T14:17:21+00:00\",\"breadcrumb\":{\"@id\":\"https:\\\/\\\/www.meydan.tv\\\/az\\\/article\\\/astarada-bas-hekim-isden-cixarilib\\\/#breadcrumb\"},\"inLanguage\":\"az\",\"potentialAction\":[{\"@type\":\"ReadAction\",\"target\":[\"https:\\\/\\\/www.meydan.tv\\\/az\\\/article\\\/astarada-bas-hekim-isden-cixarilib\\\/\"]}]},{\"@type\":\"ImageObject\",\"inLanguage\":\"az\",\"@id\":\"https:\\\/\\\/www.meydan.tv\\\/az\\\/article\\\/astarada-bas-hekim-isden-cixarilib\\\/#primaryimage\",\"url\":\"https:\\\/\\\/www.meydan.tv\\\/wp-content\\\/uploads\\\/unnamed_y5c81my.jpg\",\"contentUrl\":\"https:\\\/\\\/www.meydan.tv\\\/wp-content\\\/uploads\\\/unnamed_y5c81my.jpg\",\"width\":640,\"height\":480,\"caption\":\"Source: Foto: google.az\"},{\"@type\":\"BreadcrumbList\",\"@id\":\"https:\\\/\\\/www.meydan.tv\\\/az\\\/article\\\/astarada-bas-hekim-isden-cixarilib\\\/#breadcrumb\",\"itemListElement\":[{\"@type\":\"ListItem\",\"position\":1,\"name\":\"Ana s\u0259hif\u0259\",\"item\":\"https:\\\/\\\/www.meydan.tv\\\/az\\\/\"},{\"@type\":\"ListItem\",\"position\":2,\"name\":\"B\u00f6lg\u0259\",\"item\":\"https:\\\/\\\/www.meydan.tv\\\/az\\\/section\\\/bolge\\\/\"},{\"@type\":\"ListItem\",\"position\":3,\"name\":\"Astarada ba\u015f h\u0259kim i\u015fd\u0259n \u00e7\u0131xar\u0131l\u0131b\"}]},{\"@type\":\"WebSite\",\"@id\":\"https:\\\/\\\/www.meydan.tv\\\/az\\\/#website\",\"url\":\"https:\\\/\\\/www.meydan.tv\\\/az\\\/\",\"name\":\"MEYDAN.TV\",\"description\":\"Meydan TV Az\u0259rbaycan\u0131n media m\u0259kan\u0131ndak\u0131 alternativ s\u0259sidir\",\"publisher\":{\"@id\":\"https:\\\/\\\/www.meydan.tv\\\/az\\\/#organization\"},\"potentialAction\":[{\"@type\":\"SearchAction\",\"target\":{\"@type\":\"EntryPoint\",\"urlTemplate\":\"https:\\\/\\\/www.meydan.tv\\\/az\\\/?s={search_term_string}\"},\"query-input\":{\"@type\":\"PropertyValueSpecification\",\"valueRequired\":true,\"valueName\":\"search_term_string\"}}],\"inLanguage\":\"az\"},{\"@type\":\"Organization\",\"@id\":\"https:\\\/\\\/www.meydan.tv\\\/az\\\/#organization\",\"name\":\"Meydan TV\",\"url\":\"https:\\\/\\\/www.meydan.tv\\\/az\\\/\",\"logo\":{\"@type\":\"ImageObject\",\"inLanguage\":\"az\",\"@id\":\"https:\\\/\\\/www.meydan.tv\\\/az\\\/#\\\/schema\\\/logo\\\/image\\\/\",\"url\":\"https:\\\/\\\/www.meydan.tv\\\/wp-content\\\/uploads\\\/2021\\\/07\\\/meydan-logo.svg\",\"contentUrl\":\"https:\\\/\\\/www.meydan.tv\\\/wp-content\\\/uploads\\\/2021\\\/07\\\/meydan-logo.svg\",\"width\":195,\"height\":46,\"caption\":\"Meydan TV\"},\"image\":{\"@id\":\"https:\\\/\\\/www.meydan.tv\\\/az\\\/#\\\/schema\\\/logo\\\/image\\\/\"}},{\"@type\":\"Person\",\"@id\":\"https:\\\/\\\/www.meydan.tv\\\/az\\\/#\\\/schema\\\/person\\\/10d11eccf6da3662cf5fdab9806ea91a\",\"name\":\"user-manager\"}]}<\/script>\n<!-- \/ Yoast SEO plugin. -->","yoast_head_json":{"title":"Astarada ba\u015f h\u0259kim i\u015fd\u0259n \u00e7\u0131xar\u0131l\u0131b - MEYDAN.TV","robots":{"index":"index","follow":"follow","max-snippet":"max-snippet:-1","max-image-preview":"max-image-preview:large","max-video-preview":"max-video-preview:-1"},"canonical":"https:\/\/www.meydan.tv\/az\/article\/astarada-bas-hekim-isden-cixarilib\/","og_locale":"az_AZ","og_type":"article","og_title":"Astarada ba\u015f h\u0259kim i\u015fd\u0259n \u00e7\u0131xar\u0131l\u0131b - MEYDAN.TV","og_description":"M\u0259nb\u0259 deyir ki, halbuki ba\u015f h\u0259kimin he\u00e7 bir g\u00fcnah\u0131 olmay\u0131b. X\u0259st\u0259l\u0259rin g\u0259lm\u0259sind\u0259n bel\u0259 x\u0259b\u0259ri olmay\u0131b.","og_url":"https:\/\/www.meydan.tv\/az\/article\/astarada-bas-hekim-isden-cixarilib\/","og_site_name":"MEYDAN.TV","article_published_time":"2020-02-25T14:17:21+00:00","og_image":[{"width":640,"height":480,"url":"https:\/\/www.meydan.tv\/wp-content\/uploads\/unnamed_y5c81my.jpg","type":"image\/jpeg"}],"author":"user-manager","twitter_card":"summary_large_image","schema":{"@context":"https:\/\/schema.org","@graph":[{"@type":"Article","@id":"https:\/\/www.meydan.tv\/az\/article\/astarada-bas-hekim-isden-cixarilib\/#article","isPartOf":{"@id":"https:\/\/www.meydan.tv\/az\/article\/astarada-bas-hekim-isden-cixarilib\/"},"author":{"name":"user-manager","@id":"https:\/\/www.meydan.tv\/az\/#\/schema\/person\/10d11eccf6da3662cf5fdab9806ea91a"},"headline":"Astarada ba\u015f h\u0259kim i\u015fd\u0259n \u00e7\u0131xar\u0131l\u0131b","datePublished":"2020-02-25T14:17:21+00:00","mainEntityOfPage":{"@id":"https:\/\/www.meydan.tv\/az\/article\/astarada-bas-hekim-isden-cixarilib\/"},"wordCount":412,"publisher":{"@id":"https:\/\/www.meydan.tv\/az\/#organization"},"image":{"@id":"https:\/\/www.meydan.tv\/az\/article\/astarada-bas-hekim-isden-cixarilib\/#primaryimage"},"thumbnailUrl":"https:\/\/www.meydan.tv\/wp-content\/uploads\/unnamed_y5c81my.jpg","articleSection":["B\u00f6lg\u0259"],"inLanguage":"az"},{"@type":"WebPage","@id":"https:\/\/www.meydan.tv\/az\/article\/astarada-bas-hekim-isden-cixarilib\/","url":"https:\/\/www.meydan.tv\/az\/article\/astarada-bas-hekim-isden-cixarilib\/","name":"Astarada ba\u015f h\u0259kim i\u015fd\u0259n \u00e7\u0131xar\u0131l\u0131b - MEYDAN.TV","isPartOf":{"@id":"https:\/\/www.meydan.tv\/az\/#website"},"primaryImageOfPage":{"@id":"https:\/\/www.meydan.tv\/az\/article\/astarada-bas-hekim-isden-cixarilib\/#primaryimage"},"image":{"@id":"https:\/\/www.meydan.tv\/az\/article\/astarada-bas-hekim-isden-cixarilib\/#primaryimage"},"thumbnailUrl":"https:\/\/www.meydan.tv\/wp-content\/uploads\/unnamed_y5c81my.jpg","datePublished":"2020-02-25T14:17:21+00:00","breadcrumb":{"@id":"https:\/\/www.meydan.tv\/az\/article\/astarada-bas-hekim-isden-cixarilib\/#breadcrumb"},"inLanguage":"az","potentialAction":[{"@type":"ReadAction","target":["https:\/\/www.meydan.tv\/az\/article\/astarada-bas-hekim-isden-cixarilib\/"]}]},{"@type":"ImageObject","inLanguage":"az","@id":"https:\/\/www.meydan.tv\/az\/article\/astarada-bas-hekim-isden-cixarilib\/#primaryimage","url":"https:\/\/www.meydan.tv\/wp-content\/uploads\/unnamed_y5c81my.jpg","contentUrl":"https:\/\/www.meydan.tv\/wp-content\/uploads\/unnamed_y5c81my.jpg","width":640,"height":480,"caption":"Source: Foto: google.az"},{"@type":"BreadcrumbList","@id":"https:\/\/www.meydan.tv\/az\/article\/astarada-bas-hekim-isden-cixarilib\/#breadcrumb","itemListElement":[{"@type":"ListItem","position":1,"name":"Ana s\u0259hif\u0259","item":"https:\/\/www.meydan.tv\/az\/"},{"@type":"ListItem","position":2,"name":"B\u00f6lg\u0259","item":"https:\/\/www.meydan.tv\/az\/section\/bolge\/"},{"@type":"ListItem","position":3,"name":"Astarada ba\u015f h\u0259kim i\u015fd\u0259n \u00e7\u0131xar\u0131l\u0131b"}]},{"@type":"WebSite","@id":"https:\/\/www.meydan.tv\/az\/#website","url":"https:\/\/www.meydan.tv\/az\/","name":"MEYDAN.TV","description":"Meydan TV Az\u0259rbaycan\u0131n media m\u0259kan\u0131ndak\u0131 alternativ s\u0259sidir","publisher":{"@id":"https:\/\/www.meydan.tv\/az\/#organization"},"potentialAction":[{"@type":"SearchAction","target":{"@type":"EntryPoint","urlTemplate":"https:\/\/www.meydan.tv\/az\/?s={search_term_string}"},"query-input":{"@type":"PropertyValueSpecification","valueRequired":true,"valueName":"search_term_string"}}],"inLanguage":"az"},{"@type":"Organization","@id":"https:\/\/www.meydan.tv\/az\/#organization","name":"Meydan TV","url":"https:\/\/www.meydan.tv\/az\/","logo":{"@type":"ImageObject","inLanguage":"az","@id":"https:\/\/www.meydan.tv\/az\/#\/schema\/logo\/image\/","url":"https:\/\/www.meydan.tv\/wp-content\/uploads\/2021\/07\/meydan-logo.svg","contentUrl":"https:\/\/www.meydan.tv\/wp-content\/uploads\/2021\/07\/meydan-logo.svg","width":195,"height":46,"caption":"Meydan TV"},"image":{"@id":"https:\/\/www.meydan.tv\/az\/#\/schema\/logo\/image\/"}},{"@type":"Person","@id":"https:\/\/www.meydan.tv\/az\/#\/schema\/person\/10d11eccf6da3662cf5fdab9806ea91a","name":"user-manager"}]}},"_links":{"self":[{"href":"https:\/\/www.meydan.tv\/az\/wp-json\/wp\/v2\/posts\/199438","targetHints":{"allow":["GET"]}}],"collection":[{"href":"https:\/\/www.meydan.tv\/az\/wp-json\/wp\/v2\/posts"}],"about":[{"href":"https:\/\/www.meydan.tv\/az\/wp-json\/wp\/v2\/types\/post"}],"author":[{"embeddable":true,"href":"https:\/\/www.meydan.tv\/az\/wp-json\/wp\/v2\/users\/11"}],"replies":[{"embeddable":true,"href":"https:\/\/www.meydan.tv\/az\/wp-json\/wp\/v2\/comments?post=199438"}],"version-history":[{"count":0,"href":"https:\/\/www.meydan.tv\/az\/wp-json\/wp\/v2\/posts\/199438\/revisions"}],"wp:featuredmedia":[{"embeddable":true,"href":"https:\/\/www.meydan.tv\/az\/wp-json\/wp\/v2\/media\/138162"}],"wp:attachment":[{"href":"https:\/\/www.meydan.tv\/az\/wp-json\/wp\/v2\/media?parent=199438"}],"wp:term":[{"taxonomy":"category","embeddable":true,"href":"https:\/\/www.meydan.tv\/az\/wp-json\/wp\/v2\/categories?post=199438"},{"taxonomy":"post_tag","embeddable":true,"href":"https:\/\/www.meydan.tv\/az\/wp-json\/wp\/v2\/tags?post=199438"}],"curies":[{"name":"wp","href":"https:\/\/api.w.org\/{rel}","templated":true}]}}