{"id":199428,"date":"2020-02-25T10:54:36","date_gmt":"2020-02-25T10:54:36","guid":{"rendered":"https:\/\/www.meydan.tv\/article\/penserliler-gerek-usaq-evden-cixanda-yol-tapsin-ki-mektebe-de-getsin\/"},"modified":"2020-02-25T10:54:36","modified_gmt":"2020-02-25T10:54:36","slug":"penserliler-gerek-usaq-evden-cixanda-yol-tapsin-ki-mektebe-de-getsin","status":"publish","type":"post","link":"https:\/\/www.meydan.tv\/az\/article\/penserliler-gerek-usaq-evden-cixanda-yol-tapsin-ki-mektebe-de-getsin\/","title":{"rendered":"Pens\u0259rlil\u0259r: G\u0259r\u0259k u\u015faq evd\u0259n \u00e7\u0131xanda yol taps\u0131n ki, m\u0259kt\u0259b\u0259 d\u0259 getsin&#8230;"},"content":{"rendered":"<p>\n  <i><br \/>\n    Astaran\u0131n bu k\u0259ndind\u0259 ill\u0259rdir ki, h\u0259llini tapmayan yol problemi var<br \/>\n  <\/i>\n<\/p>\n<p>\n  \u201cYa\u011f\u0131\u015f ya\u011fanda k\u0259nd i\u00e7ind\u0259 \u0259l-ayaq \u00e7\u0259kilir, he\u00e7 kim evd\u0259n \u00e7\u00f6l\u0259 \u00e7xm\u0131r. \u00c7\u00fcnki k\u00fc\u00e7\u0259 il\u0259 getm\u0259k, yolu ke\u00e7m\u0259k m\u00fcmk\u00fcn deyil. H\u0259r yeri su bas\u0131r, bu yax\u0131nlarda m\u0259kt\u0259b\u0259 ged\u0259n u\u015faq su il\u0259 dolu \u00e7uxura d\u00fc\u015fd\u00fc, h\u0259yat\u0131n\u0131 zorla xilas etdik. U\u015faqlar\u0131 m\u0259kt\u0259b\u0259 g\u00f6nd\u0259r\u0259 bilmirik. Sonra da deyil\u0259r, k\u0259nd yerl\u0259rind\u0259 m\u0259kt\u0259b\u0259 davamiyy\u0259t niy\u0259 a\u015fa\u011f\u0131d\u0131r. G\u0259r\u0259k u\u015faq yol tapa ki, m\u0259kt\u0259b\u0259 ged\u0259&#8230;\u201d\n<\/p>\n<p>\n  <b><br \/>\n    \u201cK\u0259ndimiz\u0259 t\u0259cili yard\u0131m, qonaq-qara g\u0259lmir\u201d<br \/>\n  <\/b>\n<\/p>\n<p>\n  Astaran\u0131n Pens\u0259r k\u0259ndind\u0259 xeyli sosial problem var. Ancaq haz\u0131rda bu probleml\u0259rd\u0259n \u0259n vacibi k\u0259ndi\u00e7i yollarla ba\u011fl\u0131d\u0131r. K\u0259nd sakinl\u0259ri dan\u0131\u015f\u0131r ki, ya\u011f\u0131\u015f yollar\u0131 pal\u00e7\u0131ql\u0131 v\u0259 ke\u00e7ilm\u0259z etdiyind\u0259n b\u00f6y\u00fckl\u0259r i\u015f\u0259, balacalar m\u0259kt\u0259b\u0259 ged\u0259 bilmir:\n<\/p>\n<p>\n  \u201cSovet vaxt\u0131 he\u00e7 olmasa vaxta\u015f\u0131r\u0131 g\u0259tirib bu yollara da\u015f-\u00e7\u0131nq\u0131l t\u00f6k\u0259rdil\u0259r, indi k\u0259nd lap bax\u0131ms\u0131z qal\u0131b. Bir k\u0259ndin v\u0259ziyy\u0259tini bilm\u0259k ist\u0259s\u0259n, el\u0259c\u0259 yollar\u0131na bax, s\u0259n\u0259 h\u0259r \u015fey ayd\u0131n olar. Bizim d\u0259 k\u0259ndin v\u0259ziyy\u0259ti yollar\u0131ndan b\u0259lli&#8230; U\u015faqlar\u0131 m\u0259kt\u0259b\u0259 yollaya bilmirik. Ham\u0131s\u0131 diz\u0259c\u0259n pal\u00e7\u0131\u011fa bat\u0131r. Bu t\u0259r\u0259fl\u0259r\u0259 t\u0259cili yard\u0131m ma\u015f\u0131n\u0131 g\u0259lmir, q\u0131\u015fboyu qonaq-qara olmur, ya\u011f\u0131\u015f ya\u011fanda evl\u0259rimizd\u0259n ba\u015f\u0131m\u0131z\u0131 \u00e7\u00f6l\u0259 \u00e7\u0131xara bilmirik, \u00e7\u00fcnki pal\u00e7\u0131qdan ayaq basma\u011fa yer tapm\u0131r\u0131q\u201d.\n<\/p>\n<p>\n  <b><br \/>\n    \u201cU\u015faqlar\u0131 boynumuzda da\u015f\u0131y\u0131r\u0131q\u201d<br \/>\n  <\/b>\n<\/p>\n<p>\n  \u201cD\u0259f\u0259l\u0259rl\u0259 \u00f6z\u00fcm\u00fcz pul toplay\u0131b \u00e7\u0131nq\u0131l al\u0131b t\u00f6km\u00fc\u015f\u00fck. K\u0259nd d\u0259 kas\u0131b k\u0259nddir, adamlarda \u00e7\u00f6r\u0259k alma\u011fa pul yoxdur. Bunu tez-tez el\u0259m\u0259k olmur. Bu problem d\u00f6vl\u0259t s\u0259viyy\u0259sind\u0259 yerli-dibli h\u0259ll olunmal\u0131d\u0131r\u201d, &#8211; k\u0259nd sakinl\u0259ri deyir.\n<\/p>\n<p>\n  \u201cYayda u\u015faqlar ba\u011f\u00e7aya ged\u0259 bilmir, yolun b\u00fct\u00fcn tozu u\u015faqlar\u0131n ciy\u0259rl\u0259rin\u0259 hopur, ma\u015f\u0131n ke\u00e7\u0259nd\u0259 t\u0259k\u0259rl\u0259rin qopard\u0131\u011f\u0131 toz duman\u0131n\u0131n i\u00e7ind\u0259 u\u015faqlar itib-bat\u0131rlar. Q\u0131\u015fda da topu\u011fa q\u0259d\u0259r pal\u00e7\u0131q, su il\u0259 dolu \u00e7uxurlar yerim\u0259y\u0259 \u00e7\u0259tinlik yarad\u0131r. Bir d\u0259 g\u00f6r\u00fcrs\u0259n bir ata u\u015fa\u011f\u0131n birini boynunda oturdub, o birini quca\u011f\u0131nda tutub, ya k\u00fcr\u0259yin\u0259 \u015f\u0259ll\u0259yib, pal\u00e7\u0131qdan ke\u00e7irib ba\u011f\u00e7aya, ya m\u0259kt\u0259b\u0259 apar\u0131r. Yollar t\u0259mir olunmad\u0131qca pal\u00e7\u0131q, \u00e7\u0131x\u0131rlar ilb\u0259il daha da art\u0131r, d\u0259rinl\u0259\u015fir\u201d, &#8211; k\u0259nd sakinl\u0259ri dan\u0131\u015f\u0131r.\n<\/p>\n<p>\n  <b><br \/>\n    \u201cM\u0259kt\u0259bin binas\u0131 q\u0259zal\u0131d\u0131r\u201d<br \/>\n  <\/b>\n<\/p>\n<p>\n  Daha bir problem k\u0259ndd\u0259ki 1 sayl\u0131 orta m\u0259kt\u0259bin durumuyla ba\u011fl\u0131d\u0131r. Sakinl\u0259r deyir, t\u0259mirsiz m\u0259kt\u0259b \u00f6vladlar\u0131n\u0131n h\u0259yat\u0131 \u00fc\u00e7\u00fcn t\u0259hl\u00fck\u0259 m\u0259nb\u0259yin\u0259 \u00e7evrilib:\n<\/p>\n<p>\n  \u201cSovet vaxt\u0131 tikilmi\u015f m\u0259kt\u0259b birc\u0259 d\u0259f\u0259 d\u0259 olsun \u0259sasl\u0131 t\u0259mir edilm\u0259yib. Tavan\u0131, d\u00f6\u015f\u0259m\u0259si k\u00f6hn\u0259dir, sinif otaqlar\u0131 r\u00fctub\u0259tlidir, n\u0259mi\u015flik u\u015faqlar\u0131n daxili orqanlar\u0131n\u0131 s\u0131radan \u00e7\u0131xar\u0131r. Bina q\u0259zal\u0131 v\u0259ziyy\u0259td\u0259dir, soyuqdur, u\u015faqlar\u0131 m\u0259kt\u0259b\u0259 g\u00f6nd\u0259ririk, saatlarla soyuq sinifl\u0259rd\u0259 oturduqlar\u0131ndan tez-tez soyuqlay\u0131b x\u0259st\u0259l\u0259nirl\u0259r\u201d.\n<\/p>\n<figure class=\"wp-block-image size-large\">\n  <img decoding=\"async\" src=\"https:\/\/www.meydan.tv\/az\/image_from_ios-jpg-148\/\" alt=\"image_from_ios.jpg\" class=\"wp-image-138111\"\/><figcaption>\n    Pens\u0259r k\u0259ndi<br \/>\n  <\/figcaption><\/figure>\n<p>\n  K\u0259ndd\u0259 enerji transformatoru da istifad\u0259y\u0259 yarars\u0131zd\u0131r. Sakinl\u0259rin dem\u0259sin\u0259 g\u00f6r\u0259, n\u0259tic\u0259d\u0259 k\u0259nd tez-tez i\u015f\u0131qs\u0131z qal\u0131r. K\u0259ndd\u0259ki yeni ya\u015fay\u0131\u015f massivind\u0259 is\u0259 qaz x\u0259tti yoxdur.\n<\/p>\n<p>\n  Onlar ill\u0259rdir sadalanan probleml\u0259rin h\u0259lli \u00fc\u00e7\u00fcn aidiyy\u0259ti qurumlara m\u00fcraci\u0259t etdikl\u0259rini deyirl\u0259r.\n<\/p>\n<p>\n  <b><br \/>\n    \u201c\u0130cra ba\u015f\u00e7\u0131s\u0131 k\u0259nd sakinl\u0259rini dinl\u0259yib\u201d<br \/>\n  <\/b>\n<\/p>\n<p>\n  Astara Rayon \u0130cra Hakimiyy\u0259tind\u0259n Meydan TV-y\u0259 bildirilib ki, k\u0259ndin probleml\u0259ri onlar\u0131n diqq\u0259tind\u0259dir. \u00d6t\u0259n ilin oktyabr\u0131nda icra ba\u015f\u00e7\u0131s\u0131 Pens\u0259rd\u0259 olub v\u0259 \u0259haliyl\u0259 g\u00f6r\u00fc\u015f\u00fcb:\n<\/p>\n<p>\n  \u201cSakinl\u0259r ba\u015f\u00e7\u0131dan k\u0259ndd\u0259ki elektrik transformatorunun yenisi il\u0259 \u0259v\u0259z olunmas\u0131n\u0131, k\u0259ndd\u0259 m\u0259d\u0259niyy\u0259t evinin tikilm\u0259sini, sahilb\u0259rkitm\u0259 i\u015fl\u0259rinin davam etdirilm\u0259sini, Pens\u0259r-\u00c7ayoba yolunun, Pens\u0259r k\u0259nd 1 sayl\u0131 tam orta m\u0259kt\u0259bin t\u0259mir edilm\u0259sini, k\u0259ndd\u0259 yeni sal\u0131nm\u0131\u015f ya\u015fay\u0131\u015f massivinin qazla\u015fd\u0131r\u0131lmas\u0131n\u0131, m\u0259i\u015f\u0259t tullant\u0131lar\u0131n\u0131n k\u0259ndd\u0259n da\u015f\u0131nmas\u0131 \u00fc\u00e7\u00fcn t\u0259dbir g\u00f6r\u00fclm\u0259sini, k\u0259nd\u0259 i\u00e7m\u0259li su x\u0259ttinin \u00e7\u0259kilm\u0259sini ist\u0259ybil\u0259r. Qurum probleml\u0259rin ara\u015fd\u0131r\u0131lmas\u0131 v\u0259 h\u0259ll olunmas\u0131 \u00fc\u00e7\u00fcn aidiyy\u0259ti qurumlara r\u0259smi m\u0259ktubla m\u00fcraci\u0259t edib.\n<\/p>\n<p>\n  Pens\u0259rin 5 min n\u0259f\u0259r\u0259 yax\u0131n \u0259halisi var. \u018fhali \u0259sas\u0259n meyv\u0259\u00e7ilikl\u0259 m\u0259\u015f\u011ful olur. K\u0259ndi\u00e7i yollar\u0131n b\u0259rbadl\u0131\u011f\u0131 onlar\u0131n k\u0259nd t\u0259s\u0259rr\u00fcfat\u0131yla m\u0259\u015f\u011fuliyy\u0259tini d\u0259 \u0259ng\u0259ll\u0259yir.<\/p>\n","protected":false},"excerpt":{"rendered":"<p>&#8220;Tavan\u0131, d\u00f6\u015f\u0259m\u0259si k\u00f6hn\u0259dir, sinif otaqlar\u0131 r\u00fctub\u0259tlidir, n\u0259mi\u015flik u\u015faqlar\u0131n daxili orqanlar\u0131n\u0131 s\u0131radan \u00e7\u0131xar\u0131r&#8221;.<\/p>\n","protected":false},"author":11,"featured_media":138027,"comment_status":"closed","ping_status":"open","sticky":false,"template":"","format":"standard","meta":{"_acf_changed":false,"_sitemap_exclude":false,"_sitemap_priority":"","_sitemap_frequency":"","footnotes":""},"categories":[60],"tags":[],"class_list":["post-199428","post","type-post","status-publish","format-standard","has-post-thumbnail","hentry","category-bolge","infinite-scroll-item","generate-columns","tablet-grid-50","mobile-grid-100","grid-parent","grid-33","no-featured-image-padding"],"acf":[],"yoast_head":"<!-- This site is optimized with the Yoast SEO plugin v27.5 - https:\/\/yoast.com\/product\/yoast-seo-wordpress\/ -->\n<title>Pens\u0259rlil\u0259r: G\u0259r\u0259k u\u015faq evd\u0259n \u00e7\u0131xanda yol taps\u0131n ki, m\u0259kt\u0259b\u0259 d\u0259 getsin... - MEYDAN.TV<\/title>\n<meta name=\"robots\" content=\"index, follow, max-snippet:-1, max-image-preview:large, max-video-preview:-1\" \/>\n<link rel=\"canonical\" href=\"https:\/\/www.meydan.tv\/az\/article\/penserliler-gerek-usaq-evden-cixanda-yol-tapsin-ki-mektebe-de-getsin\/\" \/>\n<meta property=\"og:locale\" content=\"az_AZ\" \/>\n<meta property=\"og:type\" content=\"article\" \/>\n<meta property=\"og:title\" content=\"Pens\u0259rlil\u0259r: G\u0259r\u0259k u\u015faq evd\u0259n \u00e7\u0131xanda yol taps\u0131n ki, m\u0259kt\u0259b\u0259 d\u0259 getsin... - MEYDAN.TV\" \/>\n<meta property=\"og:description\" content=\"&quot;Tavan\u0131, d\u00f6\u015f\u0259m\u0259si k\u00f6hn\u0259dir, sinif otaqlar\u0131 r\u00fctub\u0259tlidir, n\u0259mi\u015flik u\u015faqlar\u0131n daxili orqanlar\u0131n\u0131 s\u0131radan \u00e7\u0131xar\u0131r&quot;.\" \/>\n<meta property=\"og:url\" content=\"https:\/\/www.meydan.tv\/az\/article\/penserliler-gerek-usaq-evden-cixanda-yol-tapsin-ki-mektebe-de-getsin\/\" \/>\n<meta property=\"og:site_name\" content=\"MEYDAN.TV\" \/>\n<meta property=\"article:published_time\" content=\"2020-02-25T10:54:36+00:00\" \/>\n<meta property=\"og:image\" content=\"https:\/\/www.meydan.tv\/wp-content\/uploads\/kend_yolu_1.jpg\" \/>\n\t<meta property=\"og:image:width\" content=\"734\" \/>\n\t<meta property=\"og:image:height\" content=\"550\" \/>\n\t<meta property=\"og:image:type\" content=\"image\/jpeg\" \/>\n<meta name=\"author\" content=\"user-manager\" \/>\n<meta name=\"twitter:card\" content=\"summary_large_image\" \/>\n<script type=\"application\/ld+json\" class=\"yoast-schema-graph\">{\"@context\":\"https:\\\/\\\/schema.org\",\"@graph\":[{\"@type\":\"Article\",\"@id\":\"https:\\\/\\\/www.meydan.tv\\\/az\\\/article\\\/penserliler-gerek-usaq-evden-cixanda-yol-tapsin-ki-mektebe-de-getsin\\\/#article\",\"isPartOf\":{\"@id\":\"https:\\\/\\\/www.meydan.tv\\\/az\\\/article\\\/penserliler-gerek-usaq-evden-cixanda-yol-tapsin-ki-mektebe-de-getsin\\\/\"},\"author\":{\"name\":\"user-manager\",\"@id\":\"https:\\\/\\\/www.meydan.tv\\\/az\\\/#\\\/schema\\\/person\\\/10d11eccf6da3662cf5fdab9806ea91a\"},\"headline\":\"Pens\u0259rlil\u0259r: G\u0259r\u0259k u\u015faq evd\u0259n \u00e7\u0131xanda yol taps\u0131n ki, m\u0259kt\u0259b\u0259 d\u0259 getsin&#8230;\",\"datePublished\":\"2020-02-25T10:54:36+00:00\",\"mainEntityOfPage\":{\"@id\":\"https:\\\/\\\/www.meydan.tv\\\/az\\\/article\\\/penserliler-gerek-usaq-evden-cixanda-yol-tapsin-ki-mektebe-de-getsin\\\/\"},\"wordCount\":875,\"publisher\":{\"@id\":\"https:\\\/\\\/www.meydan.tv\\\/az\\\/#organization\"},\"image\":{\"@id\":\"https:\\\/\\\/www.meydan.tv\\\/az\\\/article\\\/penserliler-gerek-usaq-evden-cixanda-yol-tapsin-ki-mektebe-de-getsin\\\/#primaryimage\"},\"thumbnailUrl\":\"https:\\\/\\\/www.meydan.tv\\\/wp-content\\\/uploads\\\/kend_yolu_1.jpg\",\"articleSection\":[\"B\u00f6lg\u0259\"],\"inLanguage\":\"az\"},{\"@type\":\"WebPage\",\"@id\":\"https:\\\/\\\/www.meydan.tv\\\/az\\\/article\\\/penserliler-gerek-usaq-evden-cixanda-yol-tapsin-ki-mektebe-de-getsin\\\/\",\"url\":\"https:\\\/\\\/www.meydan.tv\\\/az\\\/article\\\/penserliler-gerek-usaq-evden-cixanda-yol-tapsin-ki-mektebe-de-getsin\\\/\",\"name\":\"Pens\u0259rlil\u0259r: G\u0259r\u0259k u\u015faq evd\u0259n \u00e7\u0131xanda yol taps\u0131n ki, m\u0259kt\u0259b\u0259 d\u0259 getsin... - MEYDAN.TV\",\"isPartOf\":{\"@id\":\"https:\\\/\\\/www.meydan.tv\\\/az\\\/#website\"},\"primaryImageOfPage\":{\"@id\":\"https:\\\/\\\/www.meydan.tv\\\/az\\\/article\\\/penserliler-gerek-usaq-evden-cixanda-yol-tapsin-ki-mektebe-de-getsin\\\/#primaryimage\"},\"image\":{\"@id\":\"https:\\\/\\\/www.meydan.tv\\\/az\\\/article\\\/penserliler-gerek-usaq-evden-cixanda-yol-tapsin-ki-mektebe-de-getsin\\\/#primaryimage\"},\"thumbnailUrl\":\"https:\\\/\\\/www.meydan.tv\\\/wp-content\\\/uploads\\\/kend_yolu_1.jpg\",\"datePublished\":\"2020-02-25T10:54:36+00:00\",\"breadcrumb\":{\"@id\":\"https:\\\/\\\/www.meydan.tv\\\/az\\\/article\\\/penserliler-gerek-usaq-evden-cixanda-yol-tapsin-ki-mektebe-de-getsin\\\/#breadcrumb\"},\"inLanguage\":\"az\",\"potentialAction\":[{\"@type\":\"ReadAction\",\"target\":[\"https:\\\/\\\/www.meydan.tv\\\/az\\\/article\\\/penserliler-gerek-usaq-evden-cixanda-yol-tapsin-ki-mektebe-de-getsin\\\/\"]}]},{\"@type\":\"ImageObject\",\"inLanguage\":\"az\",\"@id\":\"https:\\\/\\\/www.meydan.tv\\\/az\\\/article\\\/penserliler-gerek-usaq-evden-cixanda-yol-tapsin-ki-mektebe-de-getsin\\\/#primaryimage\",\"url\":\"https:\\\/\\\/www.meydan.tv\\\/wp-content\\\/uploads\\\/kend_yolu_1.jpg\",\"contentUrl\":\"https:\\\/\\\/www.meydan.tv\\\/wp-content\\\/uploads\\\/kend_yolu_1.jpg\",\"width\":734,\"height\":550,\"caption\":\"Source: Specify Source\"},{\"@type\":\"BreadcrumbList\",\"@id\":\"https:\\\/\\\/www.meydan.tv\\\/az\\\/article\\\/penserliler-gerek-usaq-evden-cixanda-yol-tapsin-ki-mektebe-de-getsin\\\/#breadcrumb\",\"itemListElement\":[{\"@type\":\"ListItem\",\"position\":1,\"name\":\"Ana s\u0259hif\u0259\",\"item\":\"https:\\\/\\\/www.meydan.tv\\\/az\\\/\"},{\"@type\":\"ListItem\",\"position\":2,\"name\":\"B\u00f6lg\u0259\",\"item\":\"https:\\\/\\\/www.meydan.tv\\\/az\\\/section\\\/bolge\\\/\"},{\"@type\":\"ListItem\",\"position\":3,\"name\":\"Pens\u0259rlil\u0259r: G\u0259r\u0259k u\u015faq evd\u0259n \u00e7\u0131xanda yol taps\u0131n ki, m\u0259kt\u0259b\u0259 d\u0259 getsin&#8230;\"}]},{\"@type\":\"WebSite\",\"@id\":\"https:\\\/\\\/www.meydan.tv\\\/az\\\/#website\",\"url\":\"https:\\\/\\\/www.meydan.tv\\\/az\\\/\",\"name\":\"MEYDAN.TV\",\"description\":\"Meydan TV Az\u0259rbaycan\u0131n media m\u0259kan\u0131ndak\u0131 alternativ s\u0259sidir\",\"publisher\":{\"@id\":\"https:\\\/\\\/www.meydan.tv\\\/az\\\/#organization\"},\"potentialAction\":[{\"@type\":\"SearchAction\",\"target\":{\"@type\":\"EntryPoint\",\"urlTemplate\":\"https:\\\/\\\/www.meydan.tv\\\/az\\\/?s={search_term_string}\"},\"query-input\":{\"@type\":\"PropertyValueSpecification\",\"valueRequired\":true,\"valueName\":\"search_term_string\"}}],\"inLanguage\":\"az\"},{\"@type\":\"Organization\",\"@id\":\"https:\\\/\\\/www.meydan.tv\\\/az\\\/#organization\",\"name\":\"Meydan TV\",\"url\":\"https:\\\/\\\/www.meydan.tv\\\/az\\\/\",\"logo\":{\"@type\":\"ImageObject\",\"inLanguage\":\"az\",\"@id\":\"https:\\\/\\\/www.meydan.tv\\\/az\\\/#\\\/schema\\\/logo\\\/image\\\/\",\"url\":\"https:\\\/\\\/www.meydan.tv\\\/wp-content\\\/uploads\\\/2021\\\/07\\\/meydan-logo.svg\",\"contentUrl\":\"https:\\\/\\\/www.meydan.tv\\\/wp-content\\\/uploads\\\/2021\\\/07\\\/meydan-logo.svg\",\"width\":195,\"height\":46,\"caption\":\"Meydan TV\"},\"image\":{\"@id\":\"https:\\\/\\\/www.meydan.tv\\\/az\\\/#\\\/schema\\\/logo\\\/image\\\/\"}},{\"@type\":\"Person\",\"@id\":\"https:\\\/\\\/www.meydan.tv\\\/az\\\/#\\\/schema\\\/person\\\/10d11eccf6da3662cf5fdab9806ea91a\",\"name\":\"user-manager\"}]}<\/script>\n<!-- \/ Yoast SEO plugin. -->","yoast_head_json":{"title":"Pens\u0259rlil\u0259r: G\u0259r\u0259k u\u015faq evd\u0259n \u00e7\u0131xanda yol taps\u0131n ki, m\u0259kt\u0259b\u0259 d\u0259 getsin... - MEYDAN.TV","robots":{"index":"index","follow":"follow","max-snippet":"max-snippet:-1","max-image-preview":"max-image-preview:large","max-video-preview":"max-video-preview:-1"},"canonical":"https:\/\/www.meydan.tv\/az\/article\/penserliler-gerek-usaq-evden-cixanda-yol-tapsin-ki-mektebe-de-getsin\/","og_locale":"az_AZ","og_type":"article","og_title":"Pens\u0259rlil\u0259r: G\u0259r\u0259k u\u015faq evd\u0259n \u00e7\u0131xanda yol taps\u0131n ki, m\u0259kt\u0259b\u0259 d\u0259 getsin... - MEYDAN.TV","og_description":"\"Tavan\u0131, d\u00f6\u015f\u0259m\u0259si k\u00f6hn\u0259dir, sinif otaqlar\u0131 r\u00fctub\u0259tlidir, n\u0259mi\u015flik u\u015faqlar\u0131n daxili orqanlar\u0131n\u0131 s\u0131radan \u00e7\u0131xar\u0131r\".","og_url":"https:\/\/www.meydan.tv\/az\/article\/penserliler-gerek-usaq-evden-cixanda-yol-tapsin-ki-mektebe-de-getsin\/","og_site_name":"MEYDAN.TV","article_published_time":"2020-02-25T10:54:36+00:00","og_image":[{"width":734,"height":550,"url":"https:\/\/www.meydan.tv\/wp-content\/uploads\/kend_yolu_1.jpg","type":"image\/jpeg"}],"author":"user-manager","twitter_card":"summary_large_image","schema":{"@context":"https:\/\/schema.org","@graph":[{"@type":"Article","@id":"https:\/\/www.meydan.tv\/az\/article\/penserliler-gerek-usaq-evden-cixanda-yol-tapsin-ki-mektebe-de-getsin\/#article","isPartOf":{"@id":"https:\/\/www.meydan.tv\/az\/article\/penserliler-gerek-usaq-evden-cixanda-yol-tapsin-ki-mektebe-de-getsin\/"},"author":{"name":"user-manager","@id":"https:\/\/www.meydan.tv\/az\/#\/schema\/person\/10d11eccf6da3662cf5fdab9806ea91a"},"headline":"Pens\u0259rlil\u0259r: G\u0259r\u0259k u\u015faq evd\u0259n \u00e7\u0131xanda yol taps\u0131n ki, m\u0259kt\u0259b\u0259 d\u0259 getsin&#8230;","datePublished":"2020-02-25T10:54:36+00:00","mainEntityOfPage":{"@id":"https:\/\/www.meydan.tv\/az\/article\/penserliler-gerek-usaq-evden-cixanda-yol-tapsin-ki-mektebe-de-getsin\/"},"wordCount":875,"publisher":{"@id":"https:\/\/www.meydan.tv\/az\/#organization"},"image":{"@id":"https:\/\/www.meydan.tv\/az\/article\/penserliler-gerek-usaq-evden-cixanda-yol-tapsin-ki-mektebe-de-getsin\/#primaryimage"},"thumbnailUrl":"https:\/\/www.meydan.tv\/wp-content\/uploads\/kend_yolu_1.jpg","articleSection":["B\u00f6lg\u0259"],"inLanguage":"az"},{"@type":"WebPage","@id":"https:\/\/www.meydan.tv\/az\/article\/penserliler-gerek-usaq-evden-cixanda-yol-tapsin-ki-mektebe-de-getsin\/","url":"https:\/\/www.meydan.tv\/az\/article\/penserliler-gerek-usaq-evden-cixanda-yol-tapsin-ki-mektebe-de-getsin\/","name":"Pens\u0259rlil\u0259r: G\u0259r\u0259k u\u015faq evd\u0259n \u00e7\u0131xanda yol taps\u0131n ki, m\u0259kt\u0259b\u0259 d\u0259 getsin... - MEYDAN.TV","isPartOf":{"@id":"https:\/\/www.meydan.tv\/az\/#website"},"primaryImageOfPage":{"@id":"https:\/\/www.meydan.tv\/az\/article\/penserliler-gerek-usaq-evden-cixanda-yol-tapsin-ki-mektebe-de-getsin\/#primaryimage"},"image":{"@id":"https:\/\/www.meydan.tv\/az\/article\/penserliler-gerek-usaq-evden-cixanda-yol-tapsin-ki-mektebe-de-getsin\/#primaryimage"},"thumbnailUrl":"https:\/\/www.meydan.tv\/wp-content\/uploads\/kend_yolu_1.jpg","datePublished":"2020-02-25T10:54:36+00:00","breadcrumb":{"@id":"https:\/\/www.meydan.tv\/az\/article\/penserliler-gerek-usaq-evden-cixanda-yol-tapsin-ki-mektebe-de-getsin\/#breadcrumb"},"inLanguage":"az","potentialAction":[{"@type":"ReadAction","target":["https:\/\/www.meydan.tv\/az\/article\/penserliler-gerek-usaq-evden-cixanda-yol-tapsin-ki-mektebe-de-getsin\/"]}]},{"@type":"ImageObject","inLanguage":"az","@id":"https:\/\/www.meydan.tv\/az\/article\/penserliler-gerek-usaq-evden-cixanda-yol-tapsin-ki-mektebe-de-getsin\/#primaryimage","url":"https:\/\/www.meydan.tv\/wp-content\/uploads\/kend_yolu_1.jpg","contentUrl":"https:\/\/www.meydan.tv\/wp-content\/uploads\/kend_yolu_1.jpg","width":734,"height":550,"caption":"Source: Specify Source"},{"@type":"BreadcrumbList","@id":"https:\/\/www.meydan.tv\/az\/article\/penserliler-gerek-usaq-evden-cixanda-yol-tapsin-ki-mektebe-de-getsin\/#breadcrumb","itemListElement":[{"@type":"ListItem","position":1,"name":"Ana s\u0259hif\u0259","item":"https:\/\/www.meydan.tv\/az\/"},{"@type":"ListItem","position":2,"name":"B\u00f6lg\u0259","item":"https:\/\/www.meydan.tv\/az\/section\/bolge\/"},{"@type":"ListItem","position":3,"name":"Pens\u0259rlil\u0259r: G\u0259r\u0259k u\u015faq evd\u0259n \u00e7\u0131xanda yol taps\u0131n ki, m\u0259kt\u0259b\u0259 d\u0259 getsin&#8230;"}]},{"@type":"WebSite","@id":"https:\/\/www.meydan.tv\/az\/#website","url":"https:\/\/www.meydan.tv\/az\/","name":"MEYDAN.TV","description":"Meydan TV Az\u0259rbaycan\u0131n media m\u0259kan\u0131ndak\u0131 alternativ s\u0259sidir","publisher":{"@id":"https:\/\/www.meydan.tv\/az\/#organization"},"potentialAction":[{"@type":"SearchAction","target":{"@type":"EntryPoint","urlTemplate":"https:\/\/www.meydan.tv\/az\/?s={search_term_string}"},"query-input":{"@type":"PropertyValueSpecification","valueRequired":true,"valueName":"search_term_string"}}],"inLanguage":"az"},{"@type":"Organization","@id":"https:\/\/www.meydan.tv\/az\/#organization","name":"Meydan TV","url":"https:\/\/www.meydan.tv\/az\/","logo":{"@type":"ImageObject","inLanguage":"az","@id":"https:\/\/www.meydan.tv\/az\/#\/schema\/logo\/image\/","url":"https:\/\/www.meydan.tv\/wp-content\/uploads\/2021\/07\/meydan-logo.svg","contentUrl":"https:\/\/www.meydan.tv\/wp-content\/uploads\/2021\/07\/meydan-logo.svg","width":195,"height":46,"caption":"Meydan TV"},"image":{"@id":"https:\/\/www.meydan.tv\/az\/#\/schema\/logo\/image\/"}},{"@type":"Person","@id":"https:\/\/www.meydan.tv\/az\/#\/schema\/person\/10d11eccf6da3662cf5fdab9806ea91a","name":"user-manager"}]}},"_links":{"self":[{"href":"https:\/\/www.meydan.tv\/az\/wp-json\/wp\/v2\/posts\/199428","targetHints":{"allow":["GET"]}}],"collection":[{"href":"https:\/\/www.meydan.tv\/az\/wp-json\/wp\/v2\/posts"}],"about":[{"href":"https:\/\/www.meydan.tv\/az\/wp-json\/wp\/v2\/types\/post"}],"author":[{"embeddable":true,"href":"https:\/\/www.meydan.tv\/az\/wp-json\/wp\/v2\/users\/11"}],"replies":[{"embeddable":true,"href":"https:\/\/www.meydan.tv\/az\/wp-json\/wp\/v2\/comments?post=199428"}],"version-history":[{"count":0,"href":"https:\/\/www.meydan.tv\/az\/wp-json\/wp\/v2\/posts\/199428\/revisions"}],"wp:featuredmedia":[{"embeddable":true,"href":"https:\/\/www.meydan.tv\/az\/wp-json\/wp\/v2\/media\/138027"}],"wp:attachment":[{"href":"https:\/\/www.meydan.tv\/az\/wp-json\/wp\/v2\/media?parent=199428"}],"wp:term":[{"taxonomy":"category","embeddable":true,"href":"https:\/\/www.meydan.tv\/az\/wp-json\/wp\/v2\/categories?post=199428"},{"taxonomy":"post_tag","embeddable":true,"href":"https:\/\/www.meydan.tv\/az\/wp-json\/wp\/v2\/tags?post=199428"}],"curies":[{"name":"wp","href":"https:\/\/api.w.org\/{rel}","templated":true}]}}