{"id":199415,"date":"2020-02-24T14:44:01","date_gmt":"2020-02-24T14:44:01","guid":{"rendered":"https:\/\/www.meydan.tv\/article\/gencede-su-problemini-hell-ederken-basqa-bir-problem-yaratdilar\/"},"modified":"2020-02-24T14:44:01","modified_gmt":"2020-02-24T14:44:01","slug":"gencede-su-problemini-hell-ederken-basqa-bir-problem-yaratdilar","status":"publish","type":"post","link":"https:\/\/www.meydan.tv\/az\/article\/gencede-su-problemini-hell-ederken-basqa-bir-problem-yaratdilar\/","title":{"rendered":"G\u0259nc\u0259d\u0259: Su problemini h\u0259ll ed\u0259rk\u0259n ba\u015fqa bir problem yaratd\u0131lar"},"content":{"rendered":"<p>\n  <i><br \/>\n    \u201cBir \u015feyi d\u00fcz\u0259ld\u0259nd\u0259, niy\u0259 dig\u0259r t\u0259r\u0259fi pis g\u00fcn\u0259 qoyurlar?\u201d<br \/>\n  <\/i>\n<\/p>\n<p>\n  \u201cD\u00f6vl\u0259t qurumlar\u0131 bilirsiniz nec\u0259 i\u015fl\u0259yir? M\u00fcraci\u0259t edirs\u0259n ki, problemim var. G\u0259lib h\u0259min problemi d\u00fcz\u0259ldirl\u0259r, amma bu zaman ba\u015fqa bir problem yarad\u0131b gedirl\u0259r. Bir s\u00f6zl\u0259, probleminin ad\u0131 d\u0259yi\u015fir. Ancaq daim problem i\u00e7ind\u0259 ya\u015fad\u0131rlar insanlar\u0131\u201d.\n<\/p>\n<p>\n  G\u0259nc\u0259 \u015f\u0259h\u0259ri Ayd\u0131nb\u0259yov k\u00fc\u00e7\u0259sinin 49-cu binas\u0131nda ya\u015fayan sakinl\u0259rin Meydan TV-y\u0259 m\u00fcraci\u0259tl\u0259rind\u0259 bel\u0259 deyilir. Onlar bildirirl\u0259r ki, aylar \u00f6nc\u0259 binalar\u0131n\u0131n alt\u0131na qurunt sular\u0131 toplanmas\u0131 il\u0259 ba\u011fl\u0131 G\u0259c\u0259 \u015e\u0259h\u0259r \u0130cra Hakimiyy\u0259tin\u0259 m\u00fcraci\u0259t edibl\u0259r. D\u0259f\u0259l\u0259rl\u0259 etdikl\u0259ri m\u00fcraci\u0259td\u0259n sonra n\u0259hay\u0259t, g\u0259lib, binan\u0131n alt\u0131nda topanan suyu \u00e7\u0259kib, t\u0259mizl\u0259yibl\u0259r. Bu zaman binan\u0131n \u00f6n\u00fcnd\u0259 b\u00f6y\u00fck x\u0259nd\u0259k qaz\u0131blar. H\u0259min x\u0259nd\u0259yi is\u0259 oldu\u011fu kimi qoyub, gedibl\u0259r. \u0130ndi d\u0259 ya\u011f\u0131\u015f ya\u011fanda h\u0259min qaz\u0131lan x\u0259nd\u0259k su il\u0259 dolur. Binan\u0131n \u00f6n\u00fcnd\u0259 ma\u015f\u0131n saxlama\u011fa mane olur, qaranl\u0131qda ne\u00e7\u0259 d\u0259f\u0259 insanlar\u0131n y\u0131x\u0131lmas\u0131na s\u0259b\u0259b olub v\u0259 s.\n<\/p>\n<p>\n  \u201cBinam\u0131z\u0131n alt\u0131na qurunt sular\u0131 toplanmas\u0131n\u0131n bir s\u0259b\u0259bi d\u0259 k\u00f6hn\u0259 borular idi. H\u0259min borular 50-60 ild\u0259n qald\u0131\u011f\u0131 \u00fc\u00e7\u00fcn \u00e7\u00fcr\u00fcm\u00fc\u015fd\u00fc v\u0259 ax\u0131d\u0131rd\u0131. Bunun n\u0259tic\u0259sind\u0259 h\u0259m evl\u0259r\u0259 su z\u0259if g\u0259lirdi, h\u0259m d\u0259 su binam\u0131z\u0131n alt\u0131na s\u0131z\u0131rd\u0131. Bel\u0259likl\u0259, o q\u0259d\u0259r s\u0131z\u0131nt\u0131 olmu\u015fdu ki, binan\u0131n alt\u0131nda b\u00f6y\u00fck bir g\u00f6lm\u0259\u00e7\u0259 yaranm\u0131\u015fd\u0131. Bununla da n\u0259mlik, a\u011fcaqanad, mil\u00e7\u0259k v\u0259 \u00fcfun\u0259t iyind\u0259n ya\u015famaq m\u00fcmk\u00fcn deyildi. N\u0259hay\u0259t, \u00e7oxsayl\u0131 \u015fikay\u0259tl\u0259rd\u0259n sonra bu problem h\u0259ll edildi. Binan\u0131n \u00f6n\u00fcnd\u0259n alt\u0131na q\u0259d\u0259r g\u0259l\u0259n borular qaz\u0131l\u0131b \u00e7\u0131xar\u0131ld\u0131 v\u0259 h\u0259min borular yenil\u0259ri il\u0259 \u0259v\u0259z edildi. Ancaq borular\u0131 d\u0259yi\u015fm\u0259k \u00fc\u00e7\u00fcn qazd\u0131qlar\u0131 x\u0259nd\u0259kl\u0259ri oldu\u011fu kimi qoyub getdil\u0259r. Da\u011f\u0131td\u0131qlar\u0131 asfalt\u0131 b\u0259rpa etm\u0259dil\u0259r\u201d, &#8211; sakinl\u0259rd\u0259n Valeh \u018fliyev bel\u0259 deyir.\n<\/p>\n<figure class=\"wp-block-image size-large\">\n  <img decoding=\"async\" src=\"https:\/\/www.meydan.tv\/az\/image_from_ios-jpg-147\/\" alt=\"image_from_ios.jpg\" class=\"wp-image-138072\"\/><figcaption>\n    Kamil Qas\u0131mov<br \/>\n  <\/figcaption><\/figure>\n<p>\n  V.\u018fliyev deyir ki, d\u00fczd\u00fcr, bir probleml\u0259ri h\u0259ll olub, ancaq \u0259v\u0259zind\u0259 onlara ba\u015fqa bir problem \u201ch\u0259diyy\u0259\u201d edib gedibl\u0259r:\n<\/p>\n<p>\n  \u201cQazd\u0131qlar\u0131 yer ya\u011f\u0131\u015f ya\u011fanda su il\u0259 dolur. H\u0259y\u0259td\u0259 u\u015faq, b\u00f6y\u00fck oturur, toplanan sudan qoxu g\u0259lir. U\u015faqlar \u00fc\u00e7\u00fcn d\u0259 t\u0259hl\u00fck\u0259lidir. Qaranl\u0131qda ne\u00e7\u0259 d\u0259f\u0259 ma\u015f\u0131nlar\u0131n t\u0259k\u0259ri, insanlar\u0131n aya\u011f\u0131 d\u00fc\u015f\u00fcb i\u00e7in\u0259. D\u00fcz\u0259ldibl\u0259r sa\u011f olsunlar, indi d\u0259 g\u0259lib yerini d\u00fcz\u0259ltsinl\u0259r\u201d.\n<\/p>\n<p>\n  Sakinl\u0259rd\u0259n Kamil Qas\u0131mov da deyir ki, aylard\u0131r h\u0259min \u00e7alaya girm\u0259y\u0259n ma\u015f\u0131n, d\u00fc\u015fm\u0259y\u0259n u\u015faq qalmay\u0131b. Aidiyyat\u0131 qurumlara m\u00fcraci\u0259t d\u0259 edibl\u0259r. Ancaq baxan yoxdur:\n<\/p>\n<p>\n  \u201cSuyu d\u00fcz\u0259ld\u0259nd\u0259n soru\u015furam, deyir, m\u0259nlik deyil. M\u0259n ancaq nec\u0259 dey\u0259rl\u0259r, su i\u015fin\u0259 bax\u0131ram. \u00dcst\u0259lik d\u0259 ham\u0131dan bir manatdan pul y\u0131\u011f\u0131rlar kommunal \u00fc\u00e7\u00fcn. Anlam\u0131ram, bir \u015feyi d\u00fcz\u0259ld\u0259nd\u0259, niy\u0259 dig\u0259r t\u0259r\u0259fi pis g\u00fcn\u0259 qoyurlar?\u201d\n<\/p>\n<p>\n  G\u0259nc\u0259 \u015e\u0259h\u0259r \u0130cra Hakimiyy\u0259tind\u0259n bu bar\u0259d\u0259 onlara \u015fikay\u0259t daxil olmad\u0131\u011f\u0131n\u0131 s\u00f6yl\u0259yirl\u0259r:\n<\/p>\n<p>\n  \u201cBizd\u0259 bu bar\u0259d\u0259 m\u0259lumat yoxdur. Ara\u015fd\u0131rar\u0131q g\u00f6r\u0259k n\u0259 m\u0259s\u0259l\u0259dir. Gedib mediaya \u015fikay\u0259t etm\u0259k \u0259v\u0259zin\u0259, aidiyyat\u0131 qurumlara s\u00f6yl\u0259s\u0259l\u0259r, problem h\u0259llini tapar\u201d.\n<\/p>\n<figure class=\"wp-block-image size-large\">\n  <img decoding=\"async\" src=\"https:\/\/www.meydan.tv\/az\/image_from_ios-2-jpg-121\/\" alt=\"image_from_ios (2).jpg\" class=\"wp-image-138081\"\/><figcaption>\n    \u201cQazd\u0131qlar\u0131 yer ya\u011f\u0131\u015f ya\u011fanda su il\u0259 dolur&#8221;.<br \/>\n  <\/figcaption><\/figure>\n","protected":false},"excerpt":{"rendered":"<p>\u201cBinam\u0131z\u0131n alt\u0131na qurunt sular\u0131 toplanmas\u0131n\u0131n bir s\u0259b\u0259bi d\u0259 k\u00f6hn\u0259 borular idi&#8221;.<\/p>\n","protected":false},"author":11,"featured_media":138084,"comment_status":"closed","ping_status":"open","sticky":false,"template":"","format":"standard","meta":{"_acf_changed":false,"_sitemap_exclude":false,"_sitemap_priority":"","_sitemap_frequency":"","footnotes":""},"categories":[60],"tags":[],"class_list":["post-199415","post","type-post","status-publish","format-standard","has-post-thumbnail","hentry","category-bolge","infinite-scroll-item","generate-columns","tablet-grid-50","mobile-grid-100","grid-parent","grid-33","no-featured-image-padding"],"acf":[],"yoast_head":"<!-- This site is optimized with the Yoast SEO plugin v27.5 - https:\/\/yoast.com\/product\/yoast-seo-wordpress\/ -->\n<title>G\u0259nc\u0259d\u0259: Su problemini h\u0259ll ed\u0259rk\u0259n ba\u015fqa bir problem yaratd\u0131lar - MEYDAN.TV<\/title>\n<meta name=\"robots\" content=\"index, follow, max-snippet:-1, max-image-preview:large, max-video-preview:-1\" \/>\n<link rel=\"canonical\" href=\"https:\/\/www.meydan.tv\/az\/article\/gencede-su-problemini-hell-ederken-basqa-bir-problem-yaratdilar\/\" \/>\n<meta property=\"og:locale\" content=\"az_AZ\" \/>\n<meta property=\"og:type\" content=\"article\" \/>\n<meta property=\"og:title\" content=\"G\u0259nc\u0259d\u0259: Su problemini h\u0259ll ed\u0259rk\u0259n ba\u015fqa bir problem yaratd\u0131lar - MEYDAN.TV\" \/>\n<meta property=\"og:description\" content=\"\u201cBinam\u0131z\u0131n alt\u0131na qurunt sular\u0131 toplanmas\u0131n\u0131n bir s\u0259b\u0259bi d\u0259 k\u00f6hn\u0259 borular idi&quot;.\" \/>\n<meta property=\"og:url\" content=\"https:\/\/www.meydan.tv\/az\/article\/gencede-su-problemini-hell-ederken-basqa-bir-problem-yaratdilar\/\" \/>\n<meta property=\"og:site_name\" content=\"MEYDAN.TV\" \/>\n<meta property=\"article:published_time\" content=\"2020-02-24T14:44:01+00:00\" \/>\n<meta property=\"og:image\" content=\"https:\/\/www.meydan.tv\/wp-content\/uploads\/image_from_ios_1_w9lwdum-scaled.jpg\" \/>\n\t<meta property=\"og:image:width\" content=\"2560\" \/>\n\t<meta property=\"og:image:height\" content=\"1920\" \/>\n\t<meta property=\"og:image:type\" content=\"image\/jpeg\" \/>\n<meta name=\"author\" content=\"user-manager\" \/>\n<meta name=\"twitter:card\" content=\"summary_large_image\" \/>\n<script type=\"application\/ld+json\" class=\"yoast-schema-graph\">{\"@context\":\"https:\\\/\\\/schema.org\",\"@graph\":[{\"@type\":\"Article\",\"@id\":\"https:\\\/\\\/www.meydan.tv\\\/az\\\/article\\\/gencede-su-problemini-hell-ederken-basqa-bir-problem-yaratdilar\\\/#article\",\"isPartOf\":{\"@id\":\"https:\\\/\\\/www.meydan.tv\\\/az\\\/article\\\/gencede-su-problemini-hell-ederken-basqa-bir-problem-yaratdilar\\\/\"},\"author\":{\"name\":\"user-manager\",\"@id\":\"https:\\\/\\\/www.meydan.tv\\\/az\\\/#\\\/schema\\\/person\\\/10d11eccf6da3662cf5fdab9806ea91a\"},\"headline\":\"G\u0259nc\u0259d\u0259: Su problemini h\u0259ll ed\u0259rk\u0259n ba\u015fqa bir problem yaratd\u0131lar\",\"datePublished\":\"2020-02-24T14:44:01+00:00\",\"mainEntityOfPage\":{\"@id\":\"https:\\\/\\\/www.meydan.tv\\\/az\\\/article\\\/gencede-su-problemini-hell-ederken-basqa-bir-problem-yaratdilar\\\/\"},\"wordCount\":668,\"publisher\":{\"@id\":\"https:\\\/\\\/www.meydan.tv\\\/az\\\/#organization\"},\"image\":{\"@id\":\"https:\\\/\\\/www.meydan.tv\\\/az\\\/article\\\/gencede-su-problemini-hell-ederken-basqa-bir-problem-yaratdilar\\\/#primaryimage\"},\"thumbnailUrl\":\"https:\\\/\\\/www.meydan.tv\\\/wp-content\\\/uploads\\\/image_from_ios_1_w9lwdum-scaled.jpg\",\"articleSection\":[\"B\u00f6lg\u0259\"],\"inLanguage\":\"az\"},{\"@type\":\"WebPage\",\"@id\":\"https:\\\/\\\/www.meydan.tv\\\/az\\\/article\\\/gencede-su-problemini-hell-ederken-basqa-bir-problem-yaratdilar\\\/\",\"url\":\"https:\\\/\\\/www.meydan.tv\\\/az\\\/article\\\/gencede-su-problemini-hell-ederken-basqa-bir-problem-yaratdilar\\\/\",\"name\":\"G\u0259nc\u0259d\u0259: Su problemini h\u0259ll ed\u0259rk\u0259n ba\u015fqa bir problem yaratd\u0131lar - MEYDAN.TV\",\"isPartOf\":{\"@id\":\"https:\\\/\\\/www.meydan.tv\\\/az\\\/#website\"},\"primaryImageOfPage\":{\"@id\":\"https:\\\/\\\/www.meydan.tv\\\/az\\\/article\\\/gencede-su-problemini-hell-ederken-basqa-bir-problem-yaratdilar\\\/#primaryimage\"},\"image\":{\"@id\":\"https:\\\/\\\/www.meydan.tv\\\/az\\\/article\\\/gencede-su-problemini-hell-ederken-basqa-bir-problem-yaratdilar\\\/#primaryimage\"},\"thumbnailUrl\":\"https:\\\/\\\/www.meydan.tv\\\/wp-content\\\/uploads\\\/image_from_ios_1_w9lwdum-scaled.jpg\",\"datePublished\":\"2020-02-24T14:44:01+00:00\",\"breadcrumb\":{\"@id\":\"https:\\\/\\\/www.meydan.tv\\\/az\\\/article\\\/gencede-su-problemini-hell-ederken-basqa-bir-problem-yaratdilar\\\/#breadcrumb\"},\"inLanguage\":\"az\",\"potentialAction\":[{\"@type\":\"ReadAction\",\"target\":[\"https:\\\/\\\/www.meydan.tv\\\/az\\\/article\\\/gencede-su-problemini-hell-ederken-basqa-bir-problem-yaratdilar\\\/\"]}]},{\"@type\":\"ImageObject\",\"inLanguage\":\"az\",\"@id\":\"https:\\\/\\\/www.meydan.tv\\\/az\\\/article\\\/gencede-su-problemini-hell-ederken-basqa-bir-problem-yaratdilar\\\/#primaryimage\",\"url\":\"https:\\\/\\\/www.meydan.tv\\\/wp-content\\\/uploads\\\/image_from_ios_1_w9lwdum-scaled.jpg\",\"contentUrl\":\"https:\\\/\\\/www.meydan.tv\\\/wp-content\\\/uploads\\\/image_from_ios_1_w9lwdum-scaled.jpg\",\"width\":2560,\"height\":1920,\"caption\":\"Source: Specify Source\"},{\"@type\":\"BreadcrumbList\",\"@id\":\"https:\\\/\\\/www.meydan.tv\\\/az\\\/article\\\/gencede-su-problemini-hell-ederken-basqa-bir-problem-yaratdilar\\\/#breadcrumb\",\"itemListElement\":[{\"@type\":\"ListItem\",\"position\":1,\"name\":\"Ana s\u0259hif\u0259\",\"item\":\"https:\\\/\\\/www.meydan.tv\\\/az\\\/\"},{\"@type\":\"ListItem\",\"position\":2,\"name\":\"B\u00f6lg\u0259\",\"item\":\"https:\\\/\\\/www.meydan.tv\\\/az\\\/section\\\/bolge\\\/\"},{\"@type\":\"ListItem\",\"position\":3,\"name\":\"G\u0259nc\u0259d\u0259: Su problemini h\u0259ll ed\u0259rk\u0259n ba\u015fqa bir problem yaratd\u0131lar\"}]},{\"@type\":\"WebSite\",\"@id\":\"https:\\\/\\\/www.meydan.tv\\\/az\\\/#website\",\"url\":\"https:\\\/\\\/www.meydan.tv\\\/az\\\/\",\"name\":\"MEYDAN.TV\",\"description\":\"Meydan TV Az\u0259rbaycan\u0131n media m\u0259kan\u0131ndak\u0131 alternativ s\u0259sidir\",\"publisher\":{\"@id\":\"https:\\\/\\\/www.meydan.tv\\\/az\\\/#organization\"},\"potentialAction\":[{\"@type\":\"SearchAction\",\"target\":{\"@type\":\"EntryPoint\",\"urlTemplate\":\"https:\\\/\\\/www.meydan.tv\\\/az\\\/?s={search_term_string}\"},\"query-input\":{\"@type\":\"PropertyValueSpecification\",\"valueRequired\":true,\"valueName\":\"search_term_string\"}}],\"inLanguage\":\"az\"},{\"@type\":\"Organization\",\"@id\":\"https:\\\/\\\/www.meydan.tv\\\/az\\\/#organization\",\"name\":\"Meydan TV\",\"url\":\"https:\\\/\\\/www.meydan.tv\\\/az\\\/\",\"logo\":{\"@type\":\"ImageObject\",\"inLanguage\":\"az\",\"@id\":\"https:\\\/\\\/www.meydan.tv\\\/az\\\/#\\\/schema\\\/logo\\\/image\\\/\",\"url\":\"https:\\\/\\\/www.meydan.tv\\\/wp-content\\\/uploads\\\/2021\\\/07\\\/meydan-logo.svg\",\"contentUrl\":\"https:\\\/\\\/www.meydan.tv\\\/wp-content\\\/uploads\\\/2021\\\/07\\\/meydan-logo.svg\",\"width\":195,\"height\":46,\"caption\":\"Meydan TV\"},\"image\":{\"@id\":\"https:\\\/\\\/www.meydan.tv\\\/az\\\/#\\\/schema\\\/logo\\\/image\\\/\"}},{\"@type\":\"Person\",\"@id\":\"https:\\\/\\\/www.meydan.tv\\\/az\\\/#\\\/schema\\\/person\\\/10d11eccf6da3662cf5fdab9806ea91a\",\"name\":\"user-manager\"}]}<\/script>\n<!-- \/ Yoast SEO plugin. -->","yoast_head_json":{"title":"G\u0259nc\u0259d\u0259: Su problemini h\u0259ll ed\u0259rk\u0259n ba\u015fqa bir problem yaratd\u0131lar - MEYDAN.TV","robots":{"index":"index","follow":"follow","max-snippet":"max-snippet:-1","max-image-preview":"max-image-preview:large","max-video-preview":"max-video-preview:-1"},"canonical":"https:\/\/www.meydan.tv\/az\/article\/gencede-su-problemini-hell-ederken-basqa-bir-problem-yaratdilar\/","og_locale":"az_AZ","og_type":"article","og_title":"G\u0259nc\u0259d\u0259: Su problemini h\u0259ll ed\u0259rk\u0259n ba\u015fqa bir problem yaratd\u0131lar - MEYDAN.TV","og_description":"\u201cBinam\u0131z\u0131n alt\u0131na qurunt sular\u0131 toplanmas\u0131n\u0131n bir s\u0259b\u0259bi d\u0259 k\u00f6hn\u0259 borular idi\".","og_url":"https:\/\/www.meydan.tv\/az\/article\/gencede-su-problemini-hell-ederken-basqa-bir-problem-yaratdilar\/","og_site_name":"MEYDAN.TV","article_published_time":"2020-02-24T14:44:01+00:00","og_image":[{"width":2560,"height":1920,"url":"https:\/\/www.meydan.tv\/wp-content\/uploads\/image_from_ios_1_w9lwdum-scaled.jpg","type":"image\/jpeg"}],"author":"user-manager","twitter_card":"summary_large_image","schema":{"@context":"https:\/\/schema.org","@graph":[{"@type":"Article","@id":"https:\/\/www.meydan.tv\/az\/article\/gencede-su-problemini-hell-ederken-basqa-bir-problem-yaratdilar\/#article","isPartOf":{"@id":"https:\/\/www.meydan.tv\/az\/article\/gencede-su-problemini-hell-ederken-basqa-bir-problem-yaratdilar\/"},"author":{"name":"user-manager","@id":"https:\/\/www.meydan.tv\/az\/#\/schema\/person\/10d11eccf6da3662cf5fdab9806ea91a"},"headline":"G\u0259nc\u0259d\u0259: Su problemini h\u0259ll ed\u0259rk\u0259n ba\u015fqa bir problem yaratd\u0131lar","datePublished":"2020-02-24T14:44:01+00:00","mainEntityOfPage":{"@id":"https:\/\/www.meydan.tv\/az\/article\/gencede-su-problemini-hell-ederken-basqa-bir-problem-yaratdilar\/"},"wordCount":668,"publisher":{"@id":"https:\/\/www.meydan.tv\/az\/#organization"},"image":{"@id":"https:\/\/www.meydan.tv\/az\/article\/gencede-su-problemini-hell-ederken-basqa-bir-problem-yaratdilar\/#primaryimage"},"thumbnailUrl":"https:\/\/www.meydan.tv\/wp-content\/uploads\/image_from_ios_1_w9lwdum-scaled.jpg","articleSection":["B\u00f6lg\u0259"],"inLanguage":"az"},{"@type":"WebPage","@id":"https:\/\/www.meydan.tv\/az\/article\/gencede-su-problemini-hell-ederken-basqa-bir-problem-yaratdilar\/","url":"https:\/\/www.meydan.tv\/az\/article\/gencede-su-problemini-hell-ederken-basqa-bir-problem-yaratdilar\/","name":"G\u0259nc\u0259d\u0259: Su problemini h\u0259ll ed\u0259rk\u0259n ba\u015fqa bir problem yaratd\u0131lar - MEYDAN.TV","isPartOf":{"@id":"https:\/\/www.meydan.tv\/az\/#website"},"primaryImageOfPage":{"@id":"https:\/\/www.meydan.tv\/az\/article\/gencede-su-problemini-hell-ederken-basqa-bir-problem-yaratdilar\/#primaryimage"},"image":{"@id":"https:\/\/www.meydan.tv\/az\/article\/gencede-su-problemini-hell-ederken-basqa-bir-problem-yaratdilar\/#primaryimage"},"thumbnailUrl":"https:\/\/www.meydan.tv\/wp-content\/uploads\/image_from_ios_1_w9lwdum-scaled.jpg","datePublished":"2020-02-24T14:44:01+00:00","breadcrumb":{"@id":"https:\/\/www.meydan.tv\/az\/article\/gencede-su-problemini-hell-ederken-basqa-bir-problem-yaratdilar\/#breadcrumb"},"inLanguage":"az","potentialAction":[{"@type":"ReadAction","target":["https:\/\/www.meydan.tv\/az\/article\/gencede-su-problemini-hell-ederken-basqa-bir-problem-yaratdilar\/"]}]},{"@type":"ImageObject","inLanguage":"az","@id":"https:\/\/www.meydan.tv\/az\/article\/gencede-su-problemini-hell-ederken-basqa-bir-problem-yaratdilar\/#primaryimage","url":"https:\/\/www.meydan.tv\/wp-content\/uploads\/image_from_ios_1_w9lwdum-scaled.jpg","contentUrl":"https:\/\/www.meydan.tv\/wp-content\/uploads\/image_from_ios_1_w9lwdum-scaled.jpg","width":2560,"height":1920,"caption":"Source: Specify Source"},{"@type":"BreadcrumbList","@id":"https:\/\/www.meydan.tv\/az\/article\/gencede-su-problemini-hell-ederken-basqa-bir-problem-yaratdilar\/#breadcrumb","itemListElement":[{"@type":"ListItem","position":1,"name":"Ana s\u0259hif\u0259","item":"https:\/\/www.meydan.tv\/az\/"},{"@type":"ListItem","position":2,"name":"B\u00f6lg\u0259","item":"https:\/\/www.meydan.tv\/az\/section\/bolge\/"},{"@type":"ListItem","position":3,"name":"G\u0259nc\u0259d\u0259: Su problemini h\u0259ll ed\u0259rk\u0259n ba\u015fqa bir problem yaratd\u0131lar"}]},{"@type":"WebSite","@id":"https:\/\/www.meydan.tv\/az\/#website","url":"https:\/\/www.meydan.tv\/az\/","name":"MEYDAN.TV","description":"Meydan TV Az\u0259rbaycan\u0131n media m\u0259kan\u0131ndak\u0131 alternativ s\u0259sidir","publisher":{"@id":"https:\/\/www.meydan.tv\/az\/#organization"},"potentialAction":[{"@type":"SearchAction","target":{"@type":"EntryPoint","urlTemplate":"https:\/\/www.meydan.tv\/az\/?s={search_term_string}"},"query-input":{"@type":"PropertyValueSpecification","valueRequired":true,"valueName":"search_term_string"}}],"inLanguage":"az"},{"@type":"Organization","@id":"https:\/\/www.meydan.tv\/az\/#organization","name":"Meydan TV","url":"https:\/\/www.meydan.tv\/az\/","logo":{"@type":"ImageObject","inLanguage":"az","@id":"https:\/\/www.meydan.tv\/az\/#\/schema\/logo\/image\/","url":"https:\/\/www.meydan.tv\/wp-content\/uploads\/2021\/07\/meydan-logo.svg","contentUrl":"https:\/\/www.meydan.tv\/wp-content\/uploads\/2021\/07\/meydan-logo.svg","width":195,"height":46,"caption":"Meydan TV"},"image":{"@id":"https:\/\/www.meydan.tv\/az\/#\/schema\/logo\/image\/"}},{"@type":"Person","@id":"https:\/\/www.meydan.tv\/az\/#\/schema\/person\/10d11eccf6da3662cf5fdab9806ea91a","name":"user-manager"}]}},"_links":{"self":[{"href":"https:\/\/www.meydan.tv\/az\/wp-json\/wp\/v2\/posts\/199415","targetHints":{"allow":["GET"]}}],"collection":[{"href":"https:\/\/www.meydan.tv\/az\/wp-json\/wp\/v2\/posts"}],"about":[{"href":"https:\/\/www.meydan.tv\/az\/wp-json\/wp\/v2\/types\/post"}],"author":[{"embeddable":true,"href":"https:\/\/www.meydan.tv\/az\/wp-json\/wp\/v2\/users\/11"}],"replies":[{"embeddable":true,"href":"https:\/\/www.meydan.tv\/az\/wp-json\/wp\/v2\/comments?post=199415"}],"version-history":[{"count":0,"href":"https:\/\/www.meydan.tv\/az\/wp-json\/wp\/v2\/posts\/199415\/revisions"}],"wp:featuredmedia":[{"embeddable":true,"href":"https:\/\/www.meydan.tv\/az\/wp-json\/wp\/v2\/media\/138084"}],"wp:attachment":[{"href":"https:\/\/www.meydan.tv\/az\/wp-json\/wp\/v2\/media?parent=199415"}],"wp:term":[{"taxonomy":"category","embeddable":true,"href":"https:\/\/www.meydan.tv\/az\/wp-json\/wp\/v2\/categories?post=199415"},{"taxonomy":"post_tag","embeddable":true,"href":"https:\/\/www.meydan.tv\/az\/wp-json\/wp\/v2\/tags?post=199415"}],"curies":[{"name":"wp","href":"https:\/\/api.w.org\/{rel}","templated":true}]}}