{"id":199406,"date":"2020-02-24T11:23:13","date_gmt":"2020-02-24T11:23:13","guid":{"rendered":"https:\/\/www.meydan.tv\/article\/qarabag-elili-agsu-rayon-icra-hakimiyyetinde-adama-mehel-qoymurlar\/"},"modified":"2020-02-24T11:23:13","modified_gmt":"2020-02-24T11:23:13","slug":"qarabag-elili-agsu-rayon-icra-hakimiyyetinde-adama-mehel-qoymurlar","status":"publish","type":"post","link":"https:\/\/www.meydan.tv\/az\/article\/qarabag-elili-agsu-rayon-icra-hakimiyyetinde-adama-mehel-qoymurlar\/","title":{"rendered":"Qaraba\u011f \u0259lili: A\u011fsu Rayon \u0130cra Hakimiyy\u0259tind\u0259 adama m\u0259h\u0259l qoymurlar"},"content":{"rendered":"<p>\n  <i><br \/>\n    \u0130cra Hakimiyy\u0259ti: \u201cBiz ev tik\u0259n qurum deyilik\u201d<br \/>\n  <\/i>\n<\/p>\n<p>\n  \u201cM\u0259n\u0259 deyirl\u0259r ki, s\u0259n evi tik, biz d\u0259 suva\u011f\u0131n\u0131 vuraq. \u018fg\u0259r evi tikm\u0259y\u0259 imkan\u0131m \u00e7at\u0131rsa, daha sizin bir ne\u00e7\u0259 kis\u0259 simentiniz n\u0259yim\u0259 g\u0259r\u0259kdir?\u201d\n<\/p>\n<p>\n  Bu s\u00f6zl\u0259ri Meydan TV-y\u0259 A\u011fsu \u015f\u0259h\u0259r sakini El\u015f\u0259n Na\u011f\u0131yev deyir. S\u00f6yl\u0259yir ki, \u00f6t\u0259n ilin sonlar\u0131nda podrat\u00e7\u0131 t\u0259\u015fkilat\u0131n i\u015f\u00e7il\u0259ri t\u0259r\u0259find\u0259n h\u0259y\u0259tin\u0259 bir ma\u015f\u0131n qum, 37 kis\u0259 sement v\u0259 bir ne\u00e7\u0259 qab emulsiya qoyaraq gedibl\u0259r:\n<\/p>\n<p>\n  \u201c\u00d6t\u0259n il z\u0259lz\u0259l\u0259 olanda eviml\u0259 ba\u011fl\u0131 m\u00fcraci\u0259t etdim. A\u011fsu Rayon \u0130cra Hakimiyy\u0259tinin v\u0259 F\u00f6vq\u0259lad\u0259 Hallar Nazirliyinin n\u00fcmay\u0259nd\u0259l\u0259ri g\u0259lib ev\u0259 bax\u0131\u015f ke\u00e7irdil\u0259r, t\u0259mir yaz\u0131b, akt t\u0259rtib etdil\u0259r. M\u0259n bununla raz\u0131la\u015fmad\u0131m, dedim ki, 50 ilin evidir, k\u0259rpicd\u0259n tikilib. Evin arxas\u0131 getdikc\u0259 yerin dibin\u0259 bat\u0131r. Amma m\u0259n\u0259 m\u0259h\u0259l qoyan olmad\u0131. M\u0259n d\u0259 Birinci vitse-prezident Mehriban \u018fliyevaya m\u0259ktub yazd\u0131m. A\u011fsu Rayon \u0130cra Hakimiyy\u0259tind\u0259n cavab g\u0259ldi ki, ayr\u0131lan smetaya uy\u011fun evd\u0259 yaln\u0131z t\u0259mir i\u015fi apar\u0131lacaq. \u0130ki ay ke\u00e7di, g\u0259tirib h\u0259y\u0259t\u0259 sement, emulsiya v\u0259 qum t\u00f6k\u00fcb getdil\u0259r.\n<\/p>\n<p>\n  Dedil\u0259r ki, ev\u0259 ancaq suvaq \u00e7\u0259kil\u0259c\u0259k, d\u00f6\u015f\u0259m\u0259 il\u0259 tavan\u0131 d\u0259yi\u015fmir\u0259m. T\u0259mird\u0259 tavanla, d\u00f6\u015f\u0259m\u0259 d\u0259yi\u015fm\u0259m\u0259lidir. Soru\u015furam, niy\u0259 d\u0259yi\u015fmirs\u0259n? Qohum-\u0259qraban\u0131n evin\u0259 t\u0259mir yazm\u0131san, d\u00f6\u015f\u0259m\u0259sini d\u0259, tavan\u0131n\u0131 da d\u0259yi\u015fmis\u0259n. Hirsl\u0259ndim ki, onda bura niy\u0259 g\u0259lmis\u0259n? Ax\u0131rda dedim ki, evin yan\u0131 u\u00e7ub, he\u00e7 olmasa, onu tikin. Dedi ki, \u00f6z\u00fcn da\u015fla h\u00f6r, m\u0259n sonra s\u0259n\u0259 k\u00f6m\u0259k edim. El\u0259 i\u015f olar? Min da\u015f alsam, be\u015f y\u00fcz manat edir. Ax\u0131, m\u0259nim o q\u0259d\u0259r pulum yoxdur. Qumu, sementi el\u0259 d\u0259 qoyub getdil\u0259r. D\u00f6rd ay ke\u00e7ib, ya\u011f\u0131\u015f sementin \u00fcst\u00fcn\u0259 ya\u011f\u0131b, olub da\u015f\u201d.\n<\/p>\n<p>\n  \u015eikay\u0259t\u00e7i n\u00f6vb\u0259ti d\u0259f\u0259 F\u00f6vq\u0259lad\u0259 Hallar Nazirliyinin Tikintid\u0259 T\u0259hl\u00fck\u0259sizliy\u0259 N\u0259zar\u0259t D\u00f6vl\u0259t Agentliyin\u0259 m\u0259ktub yaz\u0131b. Agentlikd\u0259n cavab g\u0259lib ki, art\u0131q sizin f\u0259rdi m\u0259nzilinizd\u0259 tikinti i\u015fl\u0259ri apar\u0131l\u0131r. Bundan sonra o, Prezident Administrasiyas\u0131n\u0131n \u018frazi-t\u0259\u015fkilat m\u0259s\u0259l\u0259l\u0259ri \u015f\u00f6b\u0259sin\u0259 \u00fcz tutub:\n<\/p>\n<figure class=\"wp-block-image size-large\">\n  <img decoding=\"async\" src=\"https:\/\/www.meydan.tv\/az\/87060310_2529727307347647_4368344626113806336_n-jpg\/\" alt=\"87060310_2529727307347647_4368344626113806336_n.jpg\" class=\"wp-image-138000\"\/><figcaption>\n    Dedil\u0259r ki, ev\u0259 ancaq suvaq \u00e7\u0259kil\u0259c\u0259k, d\u00f6\u015f\u0259m\u0259 il\u0259 tavan\u0131 d\u0259yi\u015fmir\u0259m.<br \/>\n  <\/figcaption><\/figure>\n<p>\n  \u201cCavab g\u0259ldi ki, evimd\u0259 t\u0259mir gedir. M\u0259cbur olub, bu il yanvar\u0131n 13-d\u0259 Bak\u0131ya g\u0259ldim, Prezident Adminstrasiyas\u0131nda oldum. Orada da eynim\u0259zmunlu m\u0259ktubumu t\u0259qdim etdim. Onlara dedim ki, g\u0259lin, ev\u0259 \u00f6z\u00fcn\u00fcz bax\u0131n. Bab\u0259k k\u00fc\u00e7\u0259sind\u0259 yegan\u0259 Qaraba\u011f \u0259lili m\u0259n\u0259m, m\u00fcharib\u0259d\u0259 can\u0131m\u0131 qoymu\u015fam. M\u0259niml\u0259 eyni vaxtda m\u00fcraci\u0259t ed\u0259n adamlar\u0131n evini tikirl\u0259r, yaxud t\u0259mir edirl\u0259r. Lakin m\u0259nim \u015fikay\u0259tim\u0259 baxan yoxdur. Onlara dedim ki, evim t\u0259mirlik deyil, yenid\u0259n tikilm\u0259lidir. M\u0259n\u0259 dedil\u0259r ki, narahat olma, A\u011fsu Rayon \u0130cra Hakimiyy\u0259tin\u0259 dey\u0259c\u0259yik, s\u0259nin evin tikil\u0259c\u0259k. S\u00f6yl\u0259dil\u0259r ki, bug\u00fcnl\u0259rd\u0259 tikintiy\u0259 ba\u015flan\u0131lacaq. Yanvar\u0131n 13-d\u0259n g\u0259lmi\u015f\u0259m, h\u0259l\u0259 d\u0259 x\u0259b\u0259r-\u0259t\u0259r yoxdur. Ne\u00e7\u0259 d\u0259f\u0259 d\u0259 z\u0259ng etmi\u015f\u0259m. Cavab ver\u0259n yoxdur, telefonu g\u00f6t\u00fcrm\u00fcrl\u0259r.\n<\/p>\n<p>\n  \u0130ki g\u00fcn \u00f6nc\u0259 A\u011fsu Rayon \u0130cra Hakimiyy\u0259tin\u0259 getdim. Problemimi dan\u0131\u015fd\u0131m. Orada da adama he\u00e7 m\u0259h\u0259l qoymurlar. Adamla el\u0259 s\u00f6hb\u0259t edirl\u0259r, dan\u0131\u015fmasalar ondan yax\u015f\u0131d\u0131r. Deyir ki, neyniyim, d\u00f6y\u00fc\u015fm\u00fcs\u0259n. \u018fs\u0259bl\u0259\u015fdim, dedim, s\u0259n burada rahat oturanda, m\u0259n m\u00fcharib\u0259d\u0259 d\u00f6y\u00fc\u015f\u00fcb, yaralanm\u0131\u015fam. Bildirdil\u0259r ki, t\u0259mirl\u0259 ba\u011fl\u0131 akt yaz\u0131l\u0131bsa, t\u0259l\u0259sm\u0259. Nec\u0259 t\u0259l\u0259sm\u0259yim? He\u00e7 n\u0259 etmirl\u0259r\u201d.\n<\/p>\n<p>\n  El\u015f\u0259n Na\u011f\u0131yev s\u00f6yl\u0259yir ki, q\u0259zal\u0131 v\u0259ziyy\u0259td\u0259 olan evin bir ota\u011f\u0131n\u0131n tavan\u0131 q\u0131\u015fda tamamil\u0259 qopub, FHN n\u00fcmay\u0259nd\u0259l\u0259ri t\u0259krar bax\u0131\u015f ke\u00e7irs\u0259l\u0259r, evin q\u0259zal\u0131 v\u0259ziyy\u0259td\u0259 oldu\u011funa \u0259min olacaqlar:\n<\/p>\n<p>\n  \u201cM\u00fcharib\u0259d\u0259 can\u0131m\u0131 qoymu\u015fam ki, indi u\u00e7uq-s\u00f6k\u00fck damda ya\u015fay\u0131m? Qaraba\u011fda d\u00f6y\u00fc\u015f\u00fcb, amma yaralanmayanlarla eyni pulu al\u0131ram. He\u00e7 olmasa, evimi tiksinl\u0259r. Evin tavan\u0131 tamamil\u0259 qopub sallan\u0131rd\u0131. M\u0259n d\u0259 s\u00f6k\u00fcb, yer\u0259 qoydum. M\u0259n bir ma\u015f\u0131n da\u015f\u0131 hans\u0131 pulla al\u0131m? S\u0259ks\u0259n manat pensiya il\u0259 nec\u0259 da\u015f al\u0131m? G\u00f6z\u00fcm\u00fcn a\u011f\u0131, qaras\u0131 bir o\u011flum var, haz\u0131rda \u0259sg\u0259rlikd\u0259dir, qay\u0131d\u0131b, g\u0259l\u0259nd\u0259n sonra evl\u0259n\u0259c\u0259k. D\u00fcz\u00fcn\u00fc dan\u0131\u015faq, bax\u0131n, bu evd\u0259 nec\u0259 ya\u015famaq olar? N\u0259 t\u0259mir edirl\u0259r, n\u0259 d\u0259 tikirl\u0259r. Art\u0131q bir il tamam olub\u201d.\n<\/p>\n<figure class=\"wp-block-image size-large\">\n  <img decoding=\"async\" src=\"https:\/\/www.meydan.tv\/az\/87068640_2529727254014319_1252885768909619200_n-jpg\/\" alt=\"87068640_2529727254014319_1252885768909619200_n.jpg\" class=\"wp-image-138006\"\/><figcaption>\n    El\u015f\u0259n Na\u011f\u0131yev<br \/>\n  <\/figcaption><\/figure>\n<p>\n  A\u011fsu Rayon \u0130cra Hakimiyy\u0259tinin \u0130nformasiya t\u0259minat\u0131 v\u0259 t\u0259hlil sektorundan TV-y\u0259 bildirilib ki, \u015fikay\u0259t\u00e7inin icra hakimiyy\u0259ti il\u0259 ba\u011fl\u0131 ittiham\u0131 \u0259sass\u0131zd\u0131r:\n<\/p>\n<p>\n  \u201cBiz ev tik\u0259n qurum deyilik. Evl\u0259r\u0259 t\u0259krar bax\u0131\u015f\u0131n ke\u00e7irilm\u0259si v\u0259 qiym\u0259tl\u0259ndirilm\u0259si FHN-nin aidiyyat\u0131 qurumu t\u0259r\u0259find\u0259n apar\u0131l\u0131r\u201d.\n<\/p>\n<p>\n  F\u00f6vq\u0259lad\u0259 Hallar Nazirliyi Z\u0259lz\u0259l\u0259 b\u00f6lg\u0259si \u00fczr\u0259 Q\u0259rargah\u0131n\u0131n r\u0259isi H\u0259s\u0259n Qas\u0131mzad\u0259 Meydan TV \u0259m\u0259kda\u015f\u0131 il\u0259 s\u00f6hb\u0259tind\u0259 evl\u0259rd\u0259 apar\u0131lan qiym\u0259tl\u0259ndirm\u0259nin d\u0259yi\u015fm\u0259y\u0259c\u0259yini bildirib:\n<\/p>\n<p>\n  \u201cZ\u0259lz\u0259l\u0259 \u00f6t\u0259n il fevral\u0131n 5-d\u0259 olub, art\u0131q \u00fcz\u0259rind\u0259n 1 il ke\u00e7ib. Tutaq ki, gedib, hans\u0131sa ev\u0259 bax\u0131\u015f ke\u00e7irdik. Nec\u0259 t\u0259yin ed\u0259k ki, ev yarars\u0131z hala z\u0259lz\u0259l\u0259d\u0259n, yoxsa fiziki k\u00f6hn\u0259lm\u0259d\u0259n d\u00fc\u015f\u00fcb?\n<\/p>\n<p>\n  Tan\u0131\u015f\u0131l\u0131qla, yaxud sifari\u015fl\u0259 ev tikm\u0259k m\u0259s\u0259l\u0259sin\u0259 g\u0259linc\u0259, bir ildir ki, bu s\u00f6hb\u0259t deyilir. Biz h\u0259r h\u0259ft\u0259nin \u00e7\u0259r\u015f\u0259nb\u0259 g\u00fcn\u00fc A\u011fsuda, c\u00fcm\u0259 ax\u015fam\u0131 g\u00fcn\u00fc is\u0259 \u015eamax\u0131 \u015f\u0259h\u0259rind\u0259 v\u0259t\u0259nda\u015flar\u0131 q\u0259bul edirik. H\u0259r q\u0259bulda da iki y\u00fcz-\u00fc\u00e7 y\u00fcz\u0259 yax\u0131n v\u0259t\u0259nda\u015f olur. Orada da bu s\u00f6zl\u0259r i\u015fl\u0259nir, deyilir. Q\u0259bulda polis d\u0259 i\u015ftirak edir. H\u0259r d\u0259f\u0259 bel\u0259 ittihamlar olanda, m\u0259n deyir\u0259m ki, kimd\u0259 bel\u0259 fakt varsa, h\u00fcquq-m\u00fchafiz\u0259 orqanlar\u0131na m\u00fcraci\u0259t etsin. Qoy ara\u015fd\u0131r\u0131ls\u0131n, t\u0259dbir g\u00f6r\u00fcls\u00fcn. Bel\u0259 bir s\u00f6z g\u0259zir, amma h\u0259qiq\u0259ti \u0259ks etdirmir. \u015e\u0259ffafl\u0131qd\u0131r, komissiyan\u0131n r\u0259yi var. R\u0259yind\u0259n sonra evl\u0259r s\u00f6k\u00fcl\u0259 bil\u0259r. Kimins\u0259 q\u0259rar\u0131 il\u0259 evl\u0259r s\u00f6k\u00fcl\u0259 bilm\u0259z. Ortada komisiyan\u0131n r\u0259yi olmal\u0131d\u0131r. Komissiyan\u0131n da t\u0259rkibind\u0259 rayon icra hakimiyy\u0259tinin n\u00fcmay\u0259nd\u0259l\u0259ri, bizim m\u00fct\u0259x\u0259ssisil\u0259rimiz var\u201d.\n<\/p>\n<figure class=\"wp-block-image size-large\">\n  <img decoding=\"async\" src=\"https:\/\/www.meydan.tv\/az\/87025444_2529722584014786_1113091674415824896_n-jpg\/\" alt=\"87025444_2529722584014786_1113091674415824896_n.jpg\" class=\"wp-image-138009\"\/><figcaption>\n    &#8220;Evin arxas\u0131 getdikc\u0259 yerin dibin\u0259 bat\u0131r&#8221;.<br \/>\n  <\/figcaption><\/figure>\n<figure class=\"wp-block-image size-large\">\n  <img decoding=\"async\" src=\"https:\/\/www.meydan.tv\/az\/87029319_2529727124014332_6324674973579345920_n-jpg\/\" alt=\"87029319_2529727124014332_6324674973579345920_n.jpg\" class=\"wp-image-138012\"\/><figcaption>\n    A\u011fsu Rayon \u0130H-d\u0259n cavab m\u0259ktubu<br \/>\n  <\/figcaption><\/figure>\n<figure class=\"wp-block-image size-large\">\n  <img decoding=\"async\" src=\"https:\/\/www.meydan.tv\/az\/87061332_2529727354014309_1176106171862351872_n-jpg\/\" alt=\"87061332_2529727354014309_1176106171862351872_n.jpg\" class=\"wp-image-138015\"\/><figcaption>\n    FHN-d\u0259n cavab m\u0259ktubu<br \/>\n  <\/figcaption><\/figure>\n","protected":false},"excerpt":{"rendered":"<p>&#8220;\u0130ki ay ke\u00e7di, g\u0259tirib h\u0259y\u0259t\u0259 sement, emulsiya v\u0259 qum t\u00f6k\u00fcb getdil\u0259r&#8221;.<\/p>\n","protected":false},"author":11,"featured_media":138003,"comment_status":"closed","ping_status":"open","sticky":false,"template":"","format":"standard","meta":{"_acf_changed":false,"_sitemap_exclude":false,"_sitemap_priority":"","_sitemap_frequency":"","footnotes":""},"categories":[60],"tags":[],"class_list":["post-199406","post","type-post","status-publish","format-standard","has-post-thumbnail","hentry","category-bolge","infinite-scroll-item","generate-columns","tablet-grid-50","mobile-grid-100","grid-parent","grid-33","no-featured-image-padding"],"acf":[],"yoast_head":"<!-- This site is optimized with the Yoast SEO plugin v27.5 - https:\/\/yoast.com\/product\/yoast-seo-wordpress\/ -->\n<title>Qaraba\u011f \u0259lili: A\u011fsu Rayon \u0130cra Hakimiyy\u0259tind\u0259 adama m\u0259h\u0259l qoymurlar - MEYDAN.TV<\/title>\n<meta name=\"robots\" content=\"index, follow, max-snippet:-1, max-image-preview:large, max-video-preview:-1\" \/>\n<link rel=\"canonical\" href=\"https:\/\/www.meydan.tv\/az\/article\/qarabag-elili-agsu-rayon-icra-hakimiyyetinde-adama-mehel-qoymurlar\/\" \/>\n<meta property=\"og:locale\" content=\"az_AZ\" \/>\n<meta property=\"og:type\" content=\"article\" \/>\n<meta property=\"og:title\" content=\"Qaraba\u011f \u0259lili: A\u011fsu Rayon \u0130cra Hakimiyy\u0259tind\u0259 adama m\u0259h\u0259l qoymurlar - MEYDAN.TV\" \/>\n<meta property=\"og:description\" content=\"&quot;\u0130ki ay ke\u00e7di, g\u0259tirib h\u0259y\u0259t\u0259 sement, emulsiya v\u0259 qum t\u00f6k\u00fcb getdil\u0259r&quot;.\" \/>\n<meta property=\"og:url\" content=\"https:\/\/www.meydan.tv\/az\/article\/qarabag-elili-agsu-rayon-icra-hakimiyyetinde-adama-mehel-qoymurlar\/\" \/>\n<meta property=\"og:site_name\" content=\"MEYDAN.TV\" \/>\n<meta property=\"article:published_time\" content=\"2020-02-24T11:23:13+00:00\" \/>\n<meta property=\"og:image\" content=\"https:\/\/www.meydan.tv\/wp-content\/uploads\/1_ih.jpg\" \/>\n\t<meta property=\"og:image:width\" content=\"778\" \/>\n\t<meta property=\"og:image:height\" content=\"481\" \/>\n\t<meta property=\"og:image:type\" content=\"image\/jpeg\" \/>\n<meta name=\"author\" content=\"user-manager\" \/>\n<meta name=\"twitter:card\" content=\"summary_large_image\" \/>\n<script type=\"application\/ld+json\" class=\"yoast-schema-graph\">{\"@context\":\"https:\\\/\\\/schema.org\",\"@graph\":[{\"@type\":\"Article\",\"@id\":\"https:\\\/\\\/www.meydan.tv\\\/az\\\/article\\\/qarabag-elili-agsu-rayon-icra-hakimiyyetinde-adama-mehel-qoymurlar\\\/#article\",\"isPartOf\":{\"@id\":\"https:\\\/\\\/www.meydan.tv\\\/az\\\/article\\\/qarabag-elili-agsu-rayon-icra-hakimiyyetinde-adama-mehel-qoymurlar\\\/\"},\"author\":{\"name\":\"user-manager\",\"@id\":\"https:\\\/\\\/www.meydan.tv\\\/az\\\/#\\\/schema\\\/person\\\/10d11eccf6da3662cf5fdab9806ea91a\"},\"headline\":\"Qaraba\u011f \u0259lili: A\u011fsu Rayon \u0130cra Hakimiyy\u0259tind\u0259 adama m\u0259h\u0259l qoymurlar\",\"datePublished\":\"2020-02-24T11:23:13+00:00\",\"mainEntityOfPage\":{\"@id\":\"https:\\\/\\\/www.meydan.tv\\\/az\\\/article\\\/qarabag-elili-agsu-rayon-icra-hakimiyyetinde-adama-mehel-qoymurlar\\\/\"},\"wordCount\":1249,\"publisher\":{\"@id\":\"https:\\\/\\\/www.meydan.tv\\\/az\\\/#organization\"},\"image\":{\"@id\":\"https:\\\/\\\/www.meydan.tv\\\/az\\\/article\\\/qarabag-elili-agsu-rayon-icra-hakimiyyetinde-adama-mehel-qoymurlar\\\/#primaryimage\"},\"thumbnailUrl\":\"https:\\\/\\\/www.meydan.tv\\\/wp-content\\\/uploads\\\/1_ih.jpg\",\"articleSection\":[\"B\u00f6lg\u0259\"],\"inLanguage\":\"az\"},{\"@type\":\"WebPage\",\"@id\":\"https:\\\/\\\/www.meydan.tv\\\/az\\\/article\\\/qarabag-elili-agsu-rayon-icra-hakimiyyetinde-adama-mehel-qoymurlar\\\/\",\"url\":\"https:\\\/\\\/www.meydan.tv\\\/az\\\/article\\\/qarabag-elili-agsu-rayon-icra-hakimiyyetinde-adama-mehel-qoymurlar\\\/\",\"name\":\"Qaraba\u011f \u0259lili: A\u011fsu Rayon \u0130cra Hakimiyy\u0259tind\u0259 adama m\u0259h\u0259l qoymurlar - MEYDAN.TV\",\"isPartOf\":{\"@id\":\"https:\\\/\\\/www.meydan.tv\\\/az\\\/#website\"},\"primaryImageOfPage\":{\"@id\":\"https:\\\/\\\/www.meydan.tv\\\/az\\\/article\\\/qarabag-elili-agsu-rayon-icra-hakimiyyetinde-adama-mehel-qoymurlar\\\/#primaryimage\"},\"image\":{\"@id\":\"https:\\\/\\\/www.meydan.tv\\\/az\\\/article\\\/qarabag-elili-agsu-rayon-icra-hakimiyyetinde-adama-mehel-qoymurlar\\\/#primaryimage\"},\"thumbnailUrl\":\"https:\\\/\\\/www.meydan.tv\\\/wp-content\\\/uploads\\\/1_ih.jpg\",\"datePublished\":\"2020-02-24T11:23:13+00:00\",\"breadcrumb\":{\"@id\":\"https:\\\/\\\/www.meydan.tv\\\/az\\\/article\\\/qarabag-elili-agsu-rayon-icra-hakimiyyetinde-adama-mehel-qoymurlar\\\/#breadcrumb\"},\"inLanguage\":\"az\",\"potentialAction\":[{\"@type\":\"ReadAction\",\"target\":[\"https:\\\/\\\/www.meydan.tv\\\/az\\\/article\\\/qarabag-elili-agsu-rayon-icra-hakimiyyetinde-adama-mehel-qoymurlar\\\/\"]}]},{\"@type\":\"ImageObject\",\"inLanguage\":\"az\",\"@id\":\"https:\\\/\\\/www.meydan.tv\\\/az\\\/article\\\/qarabag-elili-agsu-rayon-icra-hakimiyyetinde-adama-mehel-qoymurlar\\\/#primaryimage\",\"url\":\"https:\\\/\\\/www.meydan.tv\\\/wp-content\\\/uploads\\\/1_ih.jpg\",\"contentUrl\":\"https:\\\/\\\/www.meydan.tv\\\/wp-content\\\/uploads\\\/1_ih.jpg\",\"width\":778,\"height\":481,\"caption\":\"Source: Foto: google.az\"},{\"@type\":\"BreadcrumbList\",\"@id\":\"https:\\\/\\\/www.meydan.tv\\\/az\\\/article\\\/qarabag-elili-agsu-rayon-icra-hakimiyyetinde-adama-mehel-qoymurlar\\\/#breadcrumb\",\"itemListElement\":[{\"@type\":\"ListItem\",\"position\":1,\"name\":\"Ana s\u0259hif\u0259\",\"item\":\"https:\\\/\\\/www.meydan.tv\\\/az\\\/\"},{\"@type\":\"ListItem\",\"position\":2,\"name\":\"B\u00f6lg\u0259\",\"item\":\"https:\\\/\\\/www.meydan.tv\\\/az\\\/section\\\/bolge\\\/\"},{\"@type\":\"ListItem\",\"position\":3,\"name\":\"Qaraba\u011f \u0259lili: A\u011fsu Rayon \u0130cra Hakimiyy\u0259tind\u0259 adama m\u0259h\u0259l qoymurlar\"}]},{\"@type\":\"WebSite\",\"@id\":\"https:\\\/\\\/www.meydan.tv\\\/az\\\/#website\",\"url\":\"https:\\\/\\\/www.meydan.tv\\\/az\\\/\",\"name\":\"MEYDAN.TV\",\"description\":\"Meydan TV Az\u0259rbaycan\u0131n media m\u0259kan\u0131ndak\u0131 alternativ s\u0259sidir\",\"publisher\":{\"@id\":\"https:\\\/\\\/www.meydan.tv\\\/az\\\/#organization\"},\"potentialAction\":[{\"@type\":\"SearchAction\",\"target\":{\"@type\":\"EntryPoint\",\"urlTemplate\":\"https:\\\/\\\/www.meydan.tv\\\/az\\\/?s={search_term_string}\"},\"query-input\":{\"@type\":\"PropertyValueSpecification\",\"valueRequired\":true,\"valueName\":\"search_term_string\"}}],\"inLanguage\":\"az\"},{\"@type\":\"Organization\",\"@id\":\"https:\\\/\\\/www.meydan.tv\\\/az\\\/#organization\",\"name\":\"Meydan TV\",\"url\":\"https:\\\/\\\/www.meydan.tv\\\/az\\\/\",\"logo\":{\"@type\":\"ImageObject\",\"inLanguage\":\"az\",\"@id\":\"https:\\\/\\\/www.meydan.tv\\\/az\\\/#\\\/schema\\\/logo\\\/image\\\/\",\"url\":\"https:\\\/\\\/www.meydan.tv\\\/wp-content\\\/uploads\\\/2021\\\/07\\\/meydan-logo.svg\",\"contentUrl\":\"https:\\\/\\\/www.meydan.tv\\\/wp-content\\\/uploads\\\/2021\\\/07\\\/meydan-logo.svg\",\"width\":195,\"height\":46,\"caption\":\"Meydan TV\"},\"image\":{\"@id\":\"https:\\\/\\\/www.meydan.tv\\\/az\\\/#\\\/schema\\\/logo\\\/image\\\/\"}},{\"@type\":\"Person\",\"@id\":\"https:\\\/\\\/www.meydan.tv\\\/az\\\/#\\\/schema\\\/person\\\/10d11eccf6da3662cf5fdab9806ea91a\",\"name\":\"user-manager\"}]}<\/script>\n<!-- \/ Yoast SEO plugin. -->","yoast_head_json":{"title":"Qaraba\u011f \u0259lili: A\u011fsu Rayon \u0130cra Hakimiyy\u0259tind\u0259 adama m\u0259h\u0259l qoymurlar - MEYDAN.TV","robots":{"index":"index","follow":"follow","max-snippet":"max-snippet:-1","max-image-preview":"max-image-preview:large","max-video-preview":"max-video-preview:-1"},"canonical":"https:\/\/www.meydan.tv\/az\/article\/qarabag-elili-agsu-rayon-icra-hakimiyyetinde-adama-mehel-qoymurlar\/","og_locale":"az_AZ","og_type":"article","og_title":"Qaraba\u011f \u0259lili: A\u011fsu Rayon \u0130cra Hakimiyy\u0259tind\u0259 adama m\u0259h\u0259l qoymurlar - MEYDAN.TV","og_description":"\"\u0130ki ay ke\u00e7di, g\u0259tirib h\u0259y\u0259t\u0259 sement, emulsiya v\u0259 qum t\u00f6k\u00fcb getdil\u0259r\".","og_url":"https:\/\/www.meydan.tv\/az\/article\/qarabag-elili-agsu-rayon-icra-hakimiyyetinde-adama-mehel-qoymurlar\/","og_site_name":"MEYDAN.TV","article_published_time":"2020-02-24T11:23:13+00:00","og_image":[{"width":778,"height":481,"url":"https:\/\/www.meydan.tv\/wp-content\/uploads\/1_ih.jpg","type":"image\/jpeg"}],"author":"user-manager","twitter_card":"summary_large_image","schema":{"@context":"https:\/\/schema.org","@graph":[{"@type":"Article","@id":"https:\/\/www.meydan.tv\/az\/article\/qarabag-elili-agsu-rayon-icra-hakimiyyetinde-adama-mehel-qoymurlar\/#article","isPartOf":{"@id":"https:\/\/www.meydan.tv\/az\/article\/qarabag-elili-agsu-rayon-icra-hakimiyyetinde-adama-mehel-qoymurlar\/"},"author":{"name":"user-manager","@id":"https:\/\/www.meydan.tv\/az\/#\/schema\/person\/10d11eccf6da3662cf5fdab9806ea91a"},"headline":"Qaraba\u011f \u0259lili: A\u011fsu Rayon \u0130cra Hakimiyy\u0259tind\u0259 adama m\u0259h\u0259l qoymurlar","datePublished":"2020-02-24T11:23:13+00:00","mainEntityOfPage":{"@id":"https:\/\/www.meydan.tv\/az\/article\/qarabag-elili-agsu-rayon-icra-hakimiyyetinde-adama-mehel-qoymurlar\/"},"wordCount":1249,"publisher":{"@id":"https:\/\/www.meydan.tv\/az\/#organization"},"image":{"@id":"https:\/\/www.meydan.tv\/az\/article\/qarabag-elili-agsu-rayon-icra-hakimiyyetinde-adama-mehel-qoymurlar\/#primaryimage"},"thumbnailUrl":"https:\/\/www.meydan.tv\/wp-content\/uploads\/1_ih.jpg","articleSection":["B\u00f6lg\u0259"],"inLanguage":"az"},{"@type":"WebPage","@id":"https:\/\/www.meydan.tv\/az\/article\/qarabag-elili-agsu-rayon-icra-hakimiyyetinde-adama-mehel-qoymurlar\/","url":"https:\/\/www.meydan.tv\/az\/article\/qarabag-elili-agsu-rayon-icra-hakimiyyetinde-adama-mehel-qoymurlar\/","name":"Qaraba\u011f \u0259lili: A\u011fsu Rayon \u0130cra Hakimiyy\u0259tind\u0259 adama m\u0259h\u0259l qoymurlar - MEYDAN.TV","isPartOf":{"@id":"https:\/\/www.meydan.tv\/az\/#website"},"primaryImageOfPage":{"@id":"https:\/\/www.meydan.tv\/az\/article\/qarabag-elili-agsu-rayon-icra-hakimiyyetinde-adama-mehel-qoymurlar\/#primaryimage"},"image":{"@id":"https:\/\/www.meydan.tv\/az\/article\/qarabag-elili-agsu-rayon-icra-hakimiyyetinde-adama-mehel-qoymurlar\/#primaryimage"},"thumbnailUrl":"https:\/\/www.meydan.tv\/wp-content\/uploads\/1_ih.jpg","datePublished":"2020-02-24T11:23:13+00:00","breadcrumb":{"@id":"https:\/\/www.meydan.tv\/az\/article\/qarabag-elili-agsu-rayon-icra-hakimiyyetinde-adama-mehel-qoymurlar\/#breadcrumb"},"inLanguage":"az","potentialAction":[{"@type":"ReadAction","target":["https:\/\/www.meydan.tv\/az\/article\/qarabag-elili-agsu-rayon-icra-hakimiyyetinde-adama-mehel-qoymurlar\/"]}]},{"@type":"ImageObject","inLanguage":"az","@id":"https:\/\/www.meydan.tv\/az\/article\/qarabag-elili-agsu-rayon-icra-hakimiyyetinde-adama-mehel-qoymurlar\/#primaryimage","url":"https:\/\/www.meydan.tv\/wp-content\/uploads\/1_ih.jpg","contentUrl":"https:\/\/www.meydan.tv\/wp-content\/uploads\/1_ih.jpg","width":778,"height":481,"caption":"Source: Foto: google.az"},{"@type":"BreadcrumbList","@id":"https:\/\/www.meydan.tv\/az\/article\/qarabag-elili-agsu-rayon-icra-hakimiyyetinde-adama-mehel-qoymurlar\/#breadcrumb","itemListElement":[{"@type":"ListItem","position":1,"name":"Ana s\u0259hif\u0259","item":"https:\/\/www.meydan.tv\/az\/"},{"@type":"ListItem","position":2,"name":"B\u00f6lg\u0259","item":"https:\/\/www.meydan.tv\/az\/section\/bolge\/"},{"@type":"ListItem","position":3,"name":"Qaraba\u011f \u0259lili: A\u011fsu Rayon \u0130cra Hakimiyy\u0259tind\u0259 adama m\u0259h\u0259l qoymurlar"}]},{"@type":"WebSite","@id":"https:\/\/www.meydan.tv\/az\/#website","url":"https:\/\/www.meydan.tv\/az\/","name":"MEYDAN.TV","description":"Meydan TV Az\u0259rbaycan\u0131n media m\u0259kan\u0131ndak\u0131 alternativ s\u0259sidir","publisher":{"@id":"https:\/\/www.meydan.tv\/az\/#organization"},"potentialAction":[{"@type":"SearchAction","target":{"@type":"EntryPoint","urlTemplate":"https:\/\/www.meydan.tv\/az\/?s={search_term_string}"},"query-input":{"@type":"PropertyValueSpecification","valueRequired":true,"valueName":"search_term_string"}}],"inLanguage":"az"},{"@type":"Organization","@id":"https:\/\/www.meydan.tv\/az\/#organization","name":"Meydan TV","url":"https:\/\/www.meydan.tv\/az\/","logo":{"@type":"ImageObject","inLanguage":"az","@id":"https:\/\/www.meydan.tv\/az\/#\/schema\/logo\/image\/","url":"https:\/\/www.meydan.tv\/wp-content\/uploads\/2021\/07\/meydan-logo.svg","contentUrl":"https:\/\/www.meydan.tv\/wp-content\/uploads\/2021\/07\/meydan-logo.svg","width":195,"height":46,"caption":"Meydan TV"},"image":{"@id":"https:\/\/www.meydan.tv\/az\/#\/schema\/logo\/image\/"}},{"@type":"Person","@id":"https:\/\/www.meydan.tv\/az\/#\/schema\/person\/10d11eccf6da3662cf5fdab9806ea91a","name":"user-manager"}]}},"_links":{"self":[{"href":"https:\/\/www.meydan.tv\/az\/wp-json\/wp\/v2\/posts\/199406","targetHints":{"allow":["GET"]}}],"collection":[{"href":"https:\/\/www.meydan.tv\/az\/wp-json\/wp\/v2\/posts"}],"about":[{"href":"https:\/\/www.meydan.tv\/az\/wp-json\/wp\/v2\/types\/post"}],"author":[{"embeddable":true,"href":"https:\/\/www.meydan.tv\/az\/wp-json\/wp\/v2\/users\/11"}],"replies":[{"embeddable":true,"href":"https:\/\/www.meydan.tv\/az\/wp-json\/wp\/v2\/comments?post=199406"}],"version-history":[{"count":0,"href":"https:\/\/www.meydan.tv\/az\/wp-json\/wp\/v2\/posts\/199406\/revisions"}],"wp:featuredmedia":[{"embeddable":true,"href":"https:\/\/www.meydan.tv\/az\/wp-json\/wp\/v2\/media\/138003"}],"wp:attachment":[{"href":"https:\/\/www.meydan.tv\/az\/wp-json\/wp\/v2\/media?parent=199406"}],"wp:term":[{"taxonomy":"category","embeddable":true,"href":"https:\/\/www.meydan.tv\/az\/wp-json\/wp\/v2\/categories?post=199406"},{"taxonomy":"post_tag","embeddable":true,"href":"https:\/\/www.meydan.tv\/az\/wp-json\/wp\/v2\/tags?post=199406"}],"curies":[{"name":"wp","href":"https:\/\/api.w.org\/{rel}","templated":true}]}}