{"id":199405,"date":"2020-02-24T11:01:14","date_gmt":"2020-02-24T11:01:14","guid":{"rendered":"https:\/\/www.meydan.tv\/article\/mezari-sehidler-xiyabaninda-ancaq-deyirler-sehid-sayilmir\/"},"modified":"2020-02-24T11:01:14","modified_gmt":"2020-02-24T11:01:14","slug":"mezari-sehidler-xiyabaninda-ancaq-deyirler-sehid-sayilmir","status":"publish","type":"post","link":"https:\/\/www.meydan.tv\/az\/article\/mezari-sehidler-xiyabaninda-ancaq-deyirler-sehid-sayilmir\/","title":{"rendered":"\u201cM\u0259zar\u0131 \u015e\u0259hidl\u0259r Xiyaban\u0131nda, ancaq deyirl\u0259r, \u015f\u0259hid say\u0131lm\u0131r\u201d"},"content":{"rendered":"<p>\n  <i><br \/>\n    Ming\u0259\u00e7evird\u0259 ya\u015fayan Musayevl\u0259r ail\u0259si 18 ildir ki, \u201c\u015f\u0259hid ail\u0259si\u201d statusunu b\u0259rpa etdir\u0259 bilmir<br \/>\n  <\/i>\n<\/p>\n<p>\n  \u201c23 ildir ki, qarda\u015f\u0131m\u0131n m\u0259zar\u0131 \u015e\u0259hidl\u0259r Xiyaban\u0131ndad\u0131r, \u00f6l\u00fcm haqq\u0131nda \u015f\u0259had\u0259tnam\u0259sind\u0259 d\u00f6y\u00fc\u015f tap\u015f\u0131r\u0131\u011f\u0131n\u0131 yerin\u0259 yetir\u0259rk\u0259n x\u0259st\u0259likd\u0259n \u00f6ld\u00fcy\u00fc qeyd edilib. Taleh ail\u0259li olmad\u0131\u011f\u0131na g\u00f6r\u0259 5 il \u015f\u0259hid ail\u0259si kimi d\u00f6vl\u0259tin g\u00fcz\u0259\u015ftl\u0259rind\u0259n valideynl\u0259ri yararlan\u0131b. Ancaq sonradan q\u0259fl\u0259t\u0259n g\u00fcz\u0259\u015ftl\u0259ri l\u0259\u011fv etdil\u0259r, dedil\u0259r, \u015f\u0259hid ail\u0259si hesab olunmursunuz. 18 ildir ki, \u201c\u015f\u0259hid ail\u0259si\u201d statusumuzu b\u0259rpa ed\u0259 bilmirik\u201d.\n<\/p>\n<p>\n  Ming\u0259\u00e7evir sakini Ramil Musayev Meydan TV-y\u0259 dan\u0131\u015f\u0131r ki, qarda\u015f\u0131 Taleh Musayev 1996-cl ild\u0259 T\u0259rt\u0259rd\u0259 c\u0259bh\u0259 x\u0259ttind\u0259 h\u0259rbi xidm\u0259t\u0259 ba\u015flay\u0131b. 3 ay sonra \u2013 1997-ci ilin yanvar\u0131nda n\u0259\u015fi ya\u015fad\u0131\u011f\u0131 \u00fcnvana g\u0259tirilib v\u0259 ail\u0259sin\u0259 bildirilib ki, o, d\u00f6y\u00fc\u015f tap\u015f\u0131r\u0131\u011f\u0131n\u0131 yerin\u0259 yetir\u0259rk\u0259n \u015f\u0259hid olub. Taleh Ming\u0259\u00e7evird\u0259ki \u015e\u0259hidl\u0259r Xiyaban\u0131nda d\u0259fn olunub. Ail\u0259 \u015f\u0259hid ail\u0259si kimi tan\u0131n\u0131b, \u018fm\u0259k v\u0259 \u018fhalinin Sosial M\u00fcdafi\u0259si valideynl\u0259rin\u0259 \u015f\u0259hid sosial g\u00fcz\u0259\u015ftl\u0259rd\u0259n yararlanan ail\u0259si kimi v\u0259siq\u0259 d\u0259 verib. Ancaq 2002-ci ild\u0259 ail\u0259nin \u015f\u0259hid ail\u0259si statusu l\u0259\u011fv edilib v\u0259 g\u00fcz\u0259\u015ftl\u0259rd\u0259n m\u0259hrum olunub. Ramil Musayev deyir, s\u0259b\u0259bi \u00f6zl\u0259rin\u0259 d\u0259 bildirilm\u0259yib.\n<\/p>\n<p>\n  <b><br \/>\n    \u201cKomandir dedi, posta \u00e7\u0131xanda erm\u0259ni h\u0259rb\u00e7il\u0259rinin h\u00fccumuna m\u0259ruz qal\u0131blar\u201d<br \/>\n  <\/b>\n<\/p>\n<p>\n  \u201cD\u0259fn olunanda komandir biz\u0259 demi\u015fdi ki, qarda\u015f\u0131m v\u0259 bir ne\u00e7\u0259 \u0259sg\u0259r posta qalxark\u0259n erm\u0259ni h\u0259rb\u00e7il\u0259rinin h\u00fccumuna m\u0259ruz qal\u0131b, iki \u0259sg\u0259rimiz girov g\u00f6t\u00fcr\u00fcl\u00fcb, qarda\u015f\u0131m\u0131n qorxudan dili tutulub, sonra da ke\u00e7inib. 5 ild\u0259n sonra \u015f\u0259hid ail\u0259l\u0259rin\u0259 pensiya k\u0259sil\u0259nd\u0259 s\u0259n\u0259dl\u0259ri toplay\u0131b m\u00fcraci\u0259t etdik, biz\u0259 bildirildi ki, Taleh \u015f\u0259hid say\u0131lm\u0131r, buna g\u00f6r\u0259 d\u0259 ail\u0259sin\u0259 pensiya d\u00fc\u015fm\u00fcr. Biz r\u0259smi qurumlara m\u00fcraci\u0259t etm\u0259y\u0259 ba\u015flayanda \u015f\u0259hid ail\u0259si kimi 5 il yararland\u0131\u011f\u0131m\u0131z g\u00fcz\u0259\u015ftl\u0259ri d\u0259 l\u0259\u011fv etdil\u0259r\u201d, &#8211; Ramil Musayev deyir.\n<\/p>\n<p>\n  Taleh Musayevin valideynl\u0259ri onun h\u00fcquqi varisi kimi bird\u0259f\u0259lik s\u0131\u011forta v\u0259 dig\u0259r g\u00fcz\u0259\u015ftl\u0259rl\u0259 t\u0259min olunmaq \u00fc\u00e7\u00fcn aidiyy\u0259ti qurumlara m\u00fcrci\u0259t edir. Ancaq m\u00fcraci\u0259tl\u0259ri n\u0259tic\u0259siz qal\u0131r.\n<\/p>\n<figure class=\"wp-block-image size-large\">\n  <img decoding=\"async\" src=\"https:\/\/www.meydan.tv\/az\/image_from_ios-1-jpg-103\/\" alt=\"image_from_ios (1).jpg\" class=\"wp-image-137976\"\/><figcaption>\n    \u018fm\u0259k v\u0259 \u018fhalinin Sosial M\u00fcdafi\u0259si valideynl\u0259rin\u0259 \u015f\u0259hid sosial g\u00fcz\u0259\u015ftl\u0259rd\u0259n yararlanan ail\u0259si kimi v\u0259siq\u0259 d\u0259 verib<br \/>\n  <\/figcaption><\/figure>\n<p>\n  <b><br \/>\n    \u201c\u0130ndi d\u0259 deyirl\u0259r ki, guya m\u0259d\u0259 xoras\u0131ndan \u00f6l\u00fcb\u201d<br \/>\n  <\/b>\n<\/p>\n<p>\n  Qarda\u015f\u0131 s\u00f6z\u00fcn\u0259 davam edir:\n<\/p>\n<p>\n  \u201c18 ildir ki, Talehin \u015f\u0259hidlik statusunu b\u0259rpa etdir\u0259 bilmirik. \u00d6zl\u0259ri onun d\u00f6y\u00fc\u015f tap\u015f\u0131r\u0131\u011f\u0131n\u0131 yerin\u0259 yetir\u0259rk\u0259n h\u0259lak oldu\u011funu yaz\u0131blar. \u00d6zl\u0259ri 23 il \u0259vv\u0259l c\u0259bh\u0259 x\u0259ttind\u0259n g\u0259tirib n\u0259\u015fini \u015e\u0259hidl\u0259r Xiyaban\u0131nda d\u0259fn edibl\u0259r. \u00d6zl\u0259ri ail\u0259y\u0259 \u015f\u0259hid ail\u0259su statusu veribl\u0259r. \u00d6zl\u0259ri 5 il ail\u0259y\u0259 \u015f\u0259hid ail\u0259si ki g\u00fcz\u0259\u015ftl\u0259r t\u0259tbiq edibl\u0259r. Bu, nec\u0259 olur b\u0259s?\u201d\n<\/p>\n<p>\n  <b><br \/>\n    \u201cX\u0259st\u0259 idis\u0259, h\u0259rbi hiss\u0259d\u0259 niy\u0259 saxlan\u0131l\u0131rd\u0131?\u201d<br \/>\n  <\/b>\n<\/p>\n<p>\n  2019-cu ilin oktyabr\u0131nda S\u0259f\u0259rb\u0259rlik v\u0259 H\u0259rbi Xidm\u0259t\u0259 \u00c7a\u011f\u0131r\u0131\u015f \u00fczr\u0259 D\u00f6vl\u0259t Xidm\u0259ti Musayevl\u0259r ail\u0259sinin m\u00fcraci\u0259tin\u0259 r\u0259smi cavab m\u0259ktubu g\u00f6nd\u0259rib. M\u0259ktubda qeyd olunub ki, Taleh Musayev m\u0259d\u0259 xoras\u0131 v\u0259 qar\u0131n bo\u015flu\u011funa maye y\u0131\u011f\u0131lmas\u0131 s\u0259b\u0259bind\u0259n h\u0259rbi hiss\u0259d\u0259 v\u0259fat edib. Bu s\u0259b\u0259bd\u0259n Taleh Musayev\u0259 \u201c\u015f\u0259hid\u201d, ail\u0259sin\u0259 \u201c\u015f\u0259hid ail\u0259si\u201d statusunun verilm\u0259si m\u00fcmk\u00fcn deyil. Musayevl\u0259r ail\u0259si bu cavabdan daha da m\u0259yus olublar:\n<\/p>\n<p>\n  \u201c\u018fvv\u0259la, qarda\u015f\u0131m h\u0259rbi xidm\u0259t\u0259 g\u00f6nd\u0259ril\u0259nd\u0259 h\u0259rbi komissiya t\u0259r\u0259find\u0259n h\u0259kim m\u00fcayin\u0259sind\u0259n ke\u00e7ib, sa\u011flam olmas\u0131 bar\u0259d\u0259 r\u0259y verilib v\u0259 h\u0259rbi xidm\u0259t\u0259 g\u00f6nd\u0259rilib. 3 ay\u0131n sa\u011flam \u0259sg\u0259ri nec\u0259 oldu ki, q\u0259fl\u0259t\u0259n m\u0259d\u0259 xoras\u0131na tutuldu, qarn\u0131na su y\u0131\u011f\u0131ld\u0131? Bu x\u0259st\u0259lik bir an\u0131n i\u00e7ind\u0259 yaranan x\u0259st\u0259lik deyil. \u0130kincisi, \u0259g\u0259r bel\u0259 bir x\u0259st\u0259liyi vard\u0131sa, 18 ya\u015fl\u0131 x\u0259st\u0259 \u0259sg\u0259ri c\u0259bh\u0259 x\u0259ttind\u0259 h\u0259rbi hiss\u0259d\u0259 niy\u0259 saxlam\u0131\u015fd\u0131lar, o v\u0259ziyy\u0259td\u0259 niy\u0259 posta \u00e7\u0131xar\u0131rd\u0131lar, niy\u0259 hospitala yerl\u0259\u015fdirm\u0259mi\u015fdil\u0259r? \u018fg\u0259r \u0259sg\u0259r m\u0259d\u0259 xoras\u0131ndan d\u00fcnyas\u0131n\u0131 d\u0259yi\u015fmi\u015fdis\u0259, niy\u0259 g\u0259tirib \u015e\u0259hidl\u0259r Xiyaban\u0131nda d\u0259fn etmi\u015fdil\u0259r? \u018fslind\u0259 r\u0259smi qurumun verdiyi bu cavab bizd\u0259 qarda\u015f\u0131m\u0131n \u00f6l\u00fcm\u00fc il\u0259 ba\u011fl\u0131 suallar\u0131 \u00e7oxald\u0131b, \u00e7oxlu m\u00fc\u0259mmalar ortaya \u00e7\u0131x\u0131b. Qarda\u015f\u0131m hans\u0131 s\u0259b\u0259bd\u0259n \u00f6l\u00fcb, yaxud \u00f6ld\u00fcr\u00fcl\u00fcb? Niy\u0259 h\u0259rbi hiss\u0259nin h\u0259kim \u015f\u0259had\u0259tnam\u0259sind\u0259 m\u0259d\u0259 xoras\u0131ndan, \u00f6l\u00fcm haqq\u0131nda \u015f\u0259had\u0259tnam\u0259d\u0259 d\u00f6y\u00fc\u015f tap\u015f\u0131r\u0131\u011f\u0131n\u0131 yerin\u0259 yetir\u0259rk\u0259n \u00f6ld\u00fcy\u00fc yaz\u0131l\u0131b?\u201d\n<\/p>\n<figure class=\"wp-block-image size-large\">\n  <img decoding=\"async\" src=\"https:\/\/www.meydan.tv\/az\/image_from_ios-4-jpg-117\/\" alt=\"image_from_ios (4).jpg\" class=\"wp-image-137985\"\/><figcaption>\n    \u00d6l\u00fcm haqq\u0131nda \u015f\u0259had\u0259tnam\u0259<br \/>\n  <\/figcaption><\/figure>\n<p>\n  <b><br \/>\n    \u201cNazilrik \u0259linin alt\u0131ndak\u0131 s\u0259n\u0259di bizd\u0259n ist\u0259yir\u201d<br \/>\n  <\/b>\n<\/p>\n<p>\n  Meydan TV m\u0259s\u0259l\u0259y\u0259 M\u00fcdafi\u0259 Nazirliyind\u0259n m\u00fcnasib\u0259t \u00f6yr\u0259n\u0259 bilm\u0259s\u0259 d\u0259, bu qurumun ail\u0259y\u0259 g\u00f6nd\u0259rdiyi m\u0259ktublara istinad edir. Bel\u0259 ki, M\u00fcdafi\u0259 Nazirliyin\u0259 etdikl\u0259ri m\u00fcraci\u0259t\u0259 cavab olaraq ail\u0259y\u0259 bildirilib ki, Nazirl\u0259r Kabinetinin m\u00fcvafiq q\u0259rar\u0131na \u0259sas\u0259n, d\u00f6y\u00fc\u015f tap\u015f\u0131r\u0131\u011f\u0131n\u0131n v\u0259 ya d\u00f6y\u00fc\u015f t\u0259minat\u0131n\u0131n yerin\u0259 yetirilm\u0259si zaman\u0131 h\u0259lak olmu\u015f, itkin d\u00fc\u015fm\u00fc\u015f, v\u0259 ya m\u0259hk\u0259m\u0259 q\u0259rar\u0131 il\u0259 itkin elan olunmu\u015f \u015f\u0259xsl\u0259r \u015f\u0259hid hesab olunur. Bu hallar \u00f6l\u00fcm haqq\u0131nda \u015f\u0259had\u0259tnam\u0259, m\u0259hk\u0259m\u0259 q\u0259tnam\u0259si, h\u0259rbi hiss\u0259nin aray\u0131\u015f\u0131 il\u0259 t\u0259sdiq olunur. M\u0259ktubda Musayevl\u0259r ail\u0259sind\u0259n xahi\u015f olunur ki, Taleh Musayevin \u00f6l\u00fcm \u015f\u0259raitini \u0259ks etdir\u0259n s\u0259n\u0259dl\u0259ri Nazirliy\u0259 t\u0259qdim etsinl\u0259r. Musayevl\u0259r ail\u0259si bu cavabdan da raz\u0131 deyil:\n<\/p>\n<p>\n  \u201cO s\u0259n\u0259dl\u0259r ail\u0259y\u0259 M\u00fcdafi\u0259 Nazirliyinin tabeliyind\u0259 olan h\u0259rbi hiss\u0259 verib. Y\u0259ni, s\u0259n\u0259dl\u0259r \u00f6z \u0259ll\u0259rinin alt\u0131ndad\u0131r v\u0259 t\u0259kc\u0259 \u00f6l\u00fcm haqq\u0131nda \u015f\u0259had\u0259tnam\u0259y\u0259 baxsalar, g\u00f6r\u0259rl\u0259r ki, vaxtil\u0259 \u0259sg\u0259rin \u00f6l\u00fcm haqq\u0131nda \u015f\u0259had\u0259tnam\u0259sin\u0259 \u00f6zl\u0259ri onun h\u0259rbi tap\u015f\u0131r\u0131\u011f\u0131n\u0131 yerin\u0259 yetir\u0259rk\u0259n h\u0259lak oldu\u011funu yaz\u0131blar. M\u00fcdafi\u0259 Nazirliyinin h\u0259r\u0259k\u0259ti ah\u0131l ya\u015f\u0131nda olan x\u0259st\u0259 valideynl\u0259ri incitm\u0259kd\u0259n ba\u015fqa bir \u015fey deyil\u201d.\n<\/p>\n<p>\n  Musayevl\u0259r ail\u0259si \u00f6lk\u0259 ba\u015f\u00e7\u0131s\u0131na da m\u00fcraci\u0259t edibl\u0259r. H\u00fcquq\u015f\u00fcnas Namiz\u0259d S\u0259f\u0259rovsa m\u0259s\u0259l\u0259nin h\u00fcquq m\u00fcst\u0259visin\u0259 \u00e7\u0131xar\u0131lmas\u0131n\u0131 t\u00f6vsiy\u0259 edir. O, Musayevl\u0259r ail\u0259sinin m\u0259hk\u0259m\u0259y\u0259 m\u00fcraci\u0259t etm\u0259li olduqlar\u0131n\u0131 bildirir.\n<\/p>\n<figure class=\"wp-block-image size-large\">\n  <img decoding=\"async\" src=\"https:\/\/www.meydan.tv\/az\/image_from_ios-2-jpg-120\/\" alt=\"image_from_ios (2).jpg\" class=\"wp-image-137979\"\/><figcaption>\n    S\u0259f\u0259rb\u0259rlik v\u0259 h\u0259rbi xidm\u0259t\u0259 \u00e7a\u011f\u0131r\u0131\u015f \u00fczr\u0259 d\u00f6vl\u0259t xidm\u0259tinin cavab\u0131<br \/>\n  <\/figcaption><\/figure>\n<figure class=\"wp-block-image size-large\">\n  <img decoding=\"async\" src=\"https:\/\/www.meydan.tv\/az\/image_from_ios-3-jpg-78\/\" alt=\"image_from_ios (3).jpg\" class=\"wp-image-137982\"\/><figcaption>\n    Musayevl\u0259r ail\u0259si bu cavabdan da raz\u0131 deyil<br \/>\n  <\/figcaption><\/figure>\n","protected":false},"excerpt":{"rendered":"<p>&#8220;\u018fslind\u0259 r\u0259smi qurumun verdiyi bu cavab bizd\u0259 qarda\u015f\u0131m\u0131n \u00f6l\u00fcm\u00fc il\u0259 ba\u011fl\u0131 suallar\u0131 \u00e7oxald\u0131b, \u00e7oxlu m\u00fc\u0259mmalar ortaya \u00e7\u0131x\u0131b&#8221;<\/p>\n","protected":false},"author":11,"featured_media":137973,"comment_status":"closed","ping_status":"open","sticky":false,"template":"","format":"standard","meta":{"_acf_changed":false,"_sitemap_exclude":false,"_sitemap_priority":"","_sitemap_frequency":"","footnotes":""},"categories":[60],"tags":[],"class_list":["post-199405","post","type-post","status-publish","format-standard","has-post-thumbnail","hentry","category-bolge","infinite-scroll-item","generate-columns","tablet-grid-50","mobile-grid-100","grid-parent","grid-33","no-featured-image-padding"],"acf":[],"yoast_head":"<!-- This site is optimized with the Yoast SEO plugin v27.5 - https:\/\/yoast.com\/product\/yoast-seo-wordpress\/ -->\n<title>\u201cM\u0259zar\u0131 \u015e\u0259hidl\u0259r Xiyaban\u0131nda, ancaq deyirl\u0259r, \u015f\u0259hid say\u0131lm\u0131r\u201d - MEYDAN.TV<\/title>\n<meta name=\"robots\" content=\"index, follow, max-snippet:-1, max-image-preview:large, max-video-preview:-1\" \/>\n<link rel=\"canonical\" href=\"https:\/\/www.meydan.tv\/az\/article\/mezari-sehidler-xiyabaninda-ancaq-deyirler-sehid-sayilmir\/\" \/>\n<meta property=\"og:locale\" content=\"az_AZ\" \/>\n<meta property=\"og:type\" content=\"article\" \/>\n<meta property=\"og:title\" content=\"\u201cM\u0259zar\u0131 \u015e\u0259hidl\u0259r Xiyaban\u0131nda, ancaq deyirl\u0259r, \u015f\u0259hid say\u0131lm\u0131r\u201d - MEYDAN.TV\" \/>\n<meta property=\"og:description\" content=\"&quot;\u018fslind\u0259 r\u0259smi qurumun verdiyi bu cavab bizd\u0259 qarda\u015f\u0131m\u0131n \u00f6l\u00fcm\u00fc il\u0259 ba\u011fl\u0131 suallar\u0131 \u00e7oxald\u0131b, \u00e7oxlu m\u00fc\u0259mmalar ortaya \u00e7\u0131x\u0131b&quot;\" \/>\n<meta property=\"og:url\" content=\"https:\/\/www.meydan.tv\/az\/article\/mezari-sehidler-xiyabaninda-ancaq-deyirler-sehid-sayilmir\/\" \/>\n<meta property=\"og:site_name\" content=\"MEYDAN.TV\" \/>\n<meta property=\"article:published_time\" content=\"2020-02-24T11:01:14+00:00\" \/>\n<meta property=\"og:image\" content=\"https:\/\/www.meydan.tv\/wp-content\/uploads\/image_from_ios_vxk6b1n.jpg\" \/>\n\t<meta property=\"og:image:width\" content=\"1280\" \/>\n\t<meta property=\"og:image:height\" content=\"720\" \/>\n\t<meta property=\"og:image:type\" content=\"image\/jpeg\" \/>\n<meta name=\"author\" content=\"user-manager\" \/>\n<meta name=\"twitter:card\" content=\"summary_large_image\" \/>\n<script type=\"application\/ld+json\" class=\"yoast-schema-graph\">{\"@context\":\"https:\\\/\\\/schema.org\",\"@graph\":[{\"@type\":\"Article\",\"@id\":\"https:\\\/\\\/www.meydan.tv\\\/az\\\/article\\\/mezari-sehidler-xiyabaninda-ancaq-deyirler-sehid-sayilmir\\\/#article\",\"isPartOf\":{\"@id\":\"https:\\\/\\\/www.meydan.tv\\\/az\\\/article\\\/mezari-sehidler-xiyabaninda-ancaq-deyirler-sehid-sayilmir\\\/\"},\"author\":{\"name\":\"user-manager\",\"@id\":\"https:\\\/\\\/www.meydan.tv\\\/az\\\/#\\\/schema\\\/person\\\/10d11eccf6da3662cf5fdab9806ea91a\"},\"headline\":\"\u201cM\u0259zar\u0131 \u015e\u0259hidl\u0259r Xiyaban\u0131nda, ancaq deyirl\u0259r, \u015f\u0259hid say\u0131lm\u0131r\u201d\",\"datePublished\":\"2020-02-24T11:01:14+00:00\",\"mainEntityOfPage\":{\"@id\":\"https:\\\/\\\/www.meydan.tv\\\/az\\\/article\\\/mezari-sehidler-xiyabaninda-ancaq-deyirler-sehid-sayilmir\\\/\"},\"wordCount\":1240,\"publisher\":{\"@id\":\"https:\\\/\\\/www.meydan.tv\\\/az\\\/#organization\"},\"image\":{\"@id\":\"https:\\\/\\\/www.meydan.tv\\\/az\\\/article\\\/mezari-sehidler-xiyabaninda-ancaq-deyirler-sehid-sayilmir\\\/#primaryimage\"},\"thumbnailUrl\":\"https:\\\/\\\/www.meydan.tv\\\/wp-content\\\/uploads\\\/image_from_ios_vxk6b1n.jpg\",\"articleSection\":[\"B\u00f6lg\u0259\"],\"inLanguage\":\"az\"},{\"@type\":\"WebPage\",\"@id\":\"https:\\\/\\\/www.meydan.tv\\\/az\\\/article\\\/mezari-sehidler-xiyabaninda-ancaq-deyirler-sehid-sayilmir\\\/\",\"url\":\"https:\\\/\\\/www.meydan.tv\\\/az\\\/article\\\/mezari-sehidler-xiyabaninda-ancaq-deyirler-sehid-sayilmir\\\/\",\"name\":\"\u201cM\u0259zar\u0131 \u015e\u0259hidl\u0259r Xiyaban\u0131nda, ancaq deyirl\u0259r, \u015f\u0259hid say\u0131lm\u0131r\u201d - MEYDAN.TV\",\"isPartOf\":{\"@id\":\"https:\\\/\\\/www.meydan.tv\\\/az\\\/#website\"},\"primaryImageOfPage\":{\"@id\":\"https:\\\/\\\/www.meydan.tv\\\/az\\\/article\\\/mezari-sehidler-xiyabaninda-ancaq-deyirler-sehid-sayilmir\\\/#primaryimage\"},\"image\":{\"@id\":\"https:\\\/\\\/www.meydan.tv\\\/az\\\/article\\\/mezari-sehidler-xiyabaninda-ancaq-deyirler-sehid-sayilmir\\\/#primaryimage\"},\"thumbnailUrl\":\"https:\\\/\\\/www.meydan.tv\\\/wp-content\\\/uploads\\\/image_from_ios_vxk6b1n.jpg\",\"datePublished\":\"2020-02-24T11:01:14+00:00\",\"breadcrumb\":{\"@id\":\"https:\\\/\\\/www.meydan.tv\\\/az\\\/article\\\/mezari-sehidler-xiyabaninda-ancaq-deyirler-sehid-sayilmir\\\/#breadcrumb\"},\"inLanguage\":\"az\",\"potentialAction\":[{\"@type\":\"ReadAction\",\"target\":[\"https:\\\/\\\/www.meydan.tv\\\/az\\\/article\\\/mezari-sehidler-xiyabaninda-ancaq-deyirler-sehid-sayilmir\\\/\"]}]},{\"@type\":\"ImageObject\",\"inLanguage\":\"az\",\"@id\":\"https:\\\/\\\/www.meydan.tv\\\/az\\\/article\\\/mezari-sehidler-xiyabaninda-ancaq-deyirler-sehid-sayilmir\\\/#primaryimage\",\"url\":\"https:\\\/\\\/www.meydan.tv\\\/wp-content\\\/uploads\\\/image_from_ios_vxk6b1n.jpg\",\"contentUrl\":\"https:\\\/\\\/www.meydan.tv\\\/wp-content\\\/uploads\\\/image_from_ios_vxk6b1n.jpg\",\"width\":1280,\"height\":720,\"caption\":\"Source: Specify Source\"},{\"@type\":\"BreadcrumbList\",\"@id\":\"https:\\\/\\\/www.meydan.tv\\\/az\\\/article\\\/mezari-sehidler-xiyabaninda-ancaq-deyirler-sehid-sayilmir\\\/#breadcrumb\",\"itemListElement\":[{\"@type\":\"ListItem\",\"position\":1,\"name\":\"Ana s\u0259hif\u0259\",\"item\":\"https:\\\/\\\/www.meydan.tv\\\/az\\\/\"},{\"@type\":\"ListItem\",\"position\":2,\"name\":\"B\u00f6lg\u0259\",\"item\":\"https:\\\/\\\/www.meydan.tv\\\/az\\\/section\\\/bolge\\\/\"},{\"@type\":\"ListItem\",\"position\":3,\"name\":\"\u201cM\u0259zar\u0131 \u015e\u0259hidl\u0259r Xiyaban\u0131nda, ancaq deyirl\u0259r, \u015f\u0259hid say\u0131lm\u0131r\u201d\"}]},{\"@type\":\"WebSite\",\"@id\":\"https:\\\/\\\/www.meydan.tv\\\/az\\\/#website\",\"url\":\"https:\\\/\\\/www.meydan.tv\\\/az\\\/\",\"name\":\"MEYDAN.TV\",\"description\":\"Meydan TV Az\u0259rbaycan\u0131n media m\u0259kan\u0131ndak\u0131 alternativ s\u0259sidir\",\"publisher\":{\"@id\":\"https:\\\/\\\/www.meydan.tv\\\/az\\\/#organization\"},\"potentialAction\":[{\"@type\":\"SearchAction\",\"target\":{\"@type\":\"EntryPoint\",\"urlTemplate\":\"https:\\\/\\\/www.meydan.tv\\\/az\\\/?s={search_term_string}\"},\"query-input\":{\"@type\":\"PropertyValueSpecification\",\"valueRequired\":true,\"valueName\":\"search_term_string\"}}],\"inLanguage\":\"az\"},{\"@type\":\"Organization\",\"@id\":\"https:\\\/\\\/www.meydan.tv\\\/az\\\/#organization\",\"name\":\"Meydan TV\",\"url\":\"https:\\\/\\\/www.meydan.tv\\\/az\\\/\",\"logo\":{\"@type\":\"ImageObject\",\"inLanguage\":\"az\",\"@id\":\"https:\\\/\\\/www.meydan.tv\\\/az\\\/#\\\/schema\\\/logo\\\/image\\\/\",\"url\":\"https:\\\/\\\/www.meydan.tv\\\/wp-content\\\/uploads\\\/2021\\\/07\\\/meydan-logo.svg\",\"contentUrl\":\"https:\\\/\\\/www.meydan.tv\\\/wp-content\\\/uploads\\\/2021\\\/07\\\/meydan-logo.svg\",\"width\":195,\"height\":46,\"caption\":\"Meydan TV\"},\"image\":{\"@id\":\"https:\\\/\\\/www.meydan.tv\\\/az\\\/#\\\/schema\\\/logo\\\/image\\\/\"}},{\"@type\":\"Person\",\"@id\":\"https:\\\/\\\/www.meydan.tv\\\/az\\\/#\\\/schema\\\/person\\\/10d11eccf6da3662cf5fdab9806ea91a\",\"name\":\"user-manager\"}]}<\/script>\n<!-- \/ Yoast SEO plugin. -->","yoast_head_json":{"title":"\u201cM\u0259zar\u0131 \u015e\u0259hidl\u0259r Xiyaban\u0131nda, ancaq deyirl\u0259r, \u015f\u0259hid say\u0131lm\u0131r\u201d - MEYDAN.TV","robots":{"index":"index","follow":"follow","max-snippet":"max-snippet:-1","max-image-preview":"max-image-preview:large","max-video-preview":"max-video-preview:-1"},"canonical":"https:\/\/www.meydan.tv\/az\/article\/mezari-sehidler-xiyabaninda-ancaq-deyirler-sehid-sayilmir\/","og_locale":"az_AZ","og_type":"article","og_title":"\u201cM\u0259zar\u0131 \u015e\u0259hidl\u0259r Xiyaban\u0131nda, ancaq deyirl\u0259r, \u015f\u0259hid say\u0131lm\u0131r\u201d - MEYDAN.TV","og_description":"\"\u018fslind\u0259 r\u0259smi qurumun verdiyi bu cavab bizd\u0259 qarda\u015f\u0131m\u0131n \u00f6l\u00fcm\u00fc il\u0259 ba\u011fl\u0131 suallar\u0131 \u00e7oxald\u0131b, \u00e7oxlu m\u00fc\u0259mmalar ortaya \u00e7\u0131x\u0131b\"","og_url":"https:\/\/www.meydan.tv\/az\/article\/mezari-sehidler-xiyabaninda-ancaq-deyirler-sehid-sayilmir\/","og_site_name":"MEYDAN.TV","article_published_time":"2020-02-24T11:01:14+00:00","og_image":[{"width":1280,"height":720,"url":"https:\/\/www.meydan.tv\/wp-content\/uploads\/image_from_ios_vxk6b1n.jpg","type":"image\/jpeg"}],"author":"user-manager","twitter_card":"summary_large_image","schema":{"@context":"https:\/\/schema.org","@graph":[{"@type":"Article","@id":"https:\/\/www.meydan.tv\/az\/article\/mezari-sehidler-xiyabaninda-ancaq-deyirler-sehid-sayilmir\/#article","isPartOf":{"@id":"https:\/\/www.meydan.tv\/az\/article\/mezari-sehidler-xiyabaninda-ancaq-deyirler-sehid-sayilmir\/"},"author":{"name":"user-manager","@id":"https:\/\/www.meydan.tv\/az\/#\/schema\/person\/10d11eccf6da3662cf5fdab9806ea91a"},"headline":"\u201cM\u0259zar\u0131 \u015e\u0259hidl\u0259r Xiyaban\u0131nda, ancaq deyirl\u0259r, \u015f\u0259hid say\u0131lm\u0131r\u201d","datePublished":"2020-02-24T11:01:14+00:00","mainEntityOfPage":{"@id":"https:\/\/www.meydan.tv\/az\/article\/mezari-sehidler-xiyabaninda-ancaq-deyirler-sehid-sayilmir\/"},"wordCount":1240,"publisher":{"@id":"https:\/\/www.meydan.tv\/az\/#organization"},"image":{"@id":"https:\/\/www.meydan.tv\/az\/article\/mezari-sehidler-xiyabaninda-ancaq-deyirler-sehid-sayilmir\/#primaryimage"},"thumbnailUrl":"https:\/\/www.meydan.tv\/wp-content\/uploads\/image_from_ios_vxk6b1n.jpg","articleSection":["B\u00f6lg\u0259"],"inLanguage":"az"},{"@type":"WebPage","@id":"https:\/\/www.meydan.tv\/az\/article\/mezari-sehidler-xiyabaninda-ancaq-deyirler-sehid-sayilmir\/","url":"https:\/\/www.meydan.tv\/az\/article\/mezari-sehidler-xiyabaninda-ancaq-deyirler-sehid-sayilmir\/","name":"\u201cM\u0259zar\u0131 \u015e\u0259hidl\u0259r Xiyaban\u0131nda, ancaq deyirl\u0259r, \u015f\u0259hid say\u0131lm\u0131r\u201d - MEYDAN.TV","isPartOf":{"@id":"https:\/\/www.meydan.tv\/az\/#website"},"primaryImageOfPage":{"@id":"https:\/\/www.meydan.tv\/az\/article\/mezari-sehidler-xiyabaninda-ancaq-deyirler-sehid-sayilmir\/#primaryimage"},"image":{"@id":"https:\/\/www.meydan.tv\/az\/article\/mezari-sehidler-xiyabaninda-ancaq-deyirler-sehid-sayilmir\/#primaryimage"},"thumbnailUrl":"https:\/\/www.meydan.tv\/wp-content\/uploads\/image_from_ios_vxk6b1n.jpg","datePublished":"2020-02-24T11:01:14+00:00","breadcrumb":{"@id":"https:\/\/www.meydan.tv\/az\/article\/mezari-sehidler-xiyabaninda-ancaq-deyirler-sehid-sayilmir\/#breadcrumb"},"inLanguage":"az","potentialAction":[{"@type":"ReadAction","target":["https:\/\/www.meydan.tv\/az\/article\/mezari-sehidler-xiyabaninda-ancaq-deyirler-sehid-sayilmir\/"]}]},{"@type":"ImageObject","inLanguage":"az","@id":"https:\/\/www.meydan.tv\/az\/article\/mezari-sehidler-xiyabaninda-ancaq-deyirler-sehid-sayilmir\/#primaryimage","url":"https:\/\/www.meydan.tv\/wp-content\/uploads\/image_from_ios_vxk6b1n.jpg","contentUrl":"https:\/\/www.meydan.tv\/wp-content\/uploads\/image_from_ios_vxk6b1n.jpg","width":1280,"height":720,"caption":"Source: Specify Source"},{"@type":"BreadcrumbList","@id":"https:\/\/www.meydan.tv\/az\/article\/mezari-sehidler-xiyabaninda-ancaq-deyirler-sehid-sayilmir\/#breadcrumb","itemListElement":[{"@type":"ListItem","position":1,"name":"Ana s\u0259hif\u0259","item":"https:\/\/www.meydan.tv\/az\/"},{"@type":"ListItem","position":2,"name":"B\u00f6lg\u0259","item":"https:\/\/www.meydan.tv\/az\/section\/bolge\/"},{"@type":"ListItem","position":3,"name":"\u201cM\u0259zar\u0131 \u015e\u0259hidl\u0259r Xiyaban\u0131nda, ancaq deyirl\u0259r, \u015f\u0259hid say\u0131lm\u0131r\u201d"}]},{"@type":"WebSite","@id":"https:\/\/www.meydan.tv\/az\/#website","url":"https:\/\/www.meydan.tv\/az\/","name":"MEYDAN.TV","description":"Meydan TV Az\u0259rbaycan\u0131n media m\u0259kan\u0131ndak\u0131 alternativ s\u0259sidir","publisher":{"@id":"https:\/\/www.meydan.tv\/az\/#organization"},"potentialAction":[{"@type":"SearchAction","target":{"@type":"EntryPoint","urlTemplate":"https:\/\/www.meydan.tv\/az\/?s={search_term_string}"},"query-input":{"@type":"PropertyValueSpecification","valueRequired":true,"valueName":"search_term_string"}}],"inLanguage":"az"},{"@type":"Organization","@id":"https:\/\/www.meydan.tv\/az\/#organization","name":"Meydan TV","url":"https:\/\/www.meydan.tv\/az\/","logo":{"@type":"ImageObject","inLanguage":"az","@id":"https:\/\/www.meydan.tv\/az\/#\/schema\/logo\/image\/","url":"https:\/\/www.meydan.tv\/wp-content\/uploads\/2021\/07\/meydan-logo.svg","contentUrl":"https:\/\/www.meydan.tv\/wp-content\/uploads\/2021\/07\/meydan-logo.svg","width":195,"height":46,"caption":"Meydan TV"},"image":{"@id":"https:\/\/www.meydan.tv\/az\/#\/schema\/logo\/image\/"}},{"@type":"Person","@id":"https:\/\/www.meydan.tv\/az\/#\/schema\/person\/10d11eccf6da3662cf5fdab9806ea91a","name":"user-manager"}]}},"_links":{"self":[{"href":"https:\/\/www.meydan.tv\/az\/wp-json\/wp\/v2\/posts\/199405","targetHints":{"allow":["GET"]}}],"collection":[{"href":"https:\/\/www.meydan.tv\/az\/wp-json\/wp\/v2\/posts"}],"about":[{"href":"https:\/\/www.meydan.tv\/az\/wp-json\/wp\/v2\/types\/post"}],"author":[{"embeddable":true,"href":"https:\/\/www.meydan.tv\/az\/wp-json\/wp\/v2\/users\/11"}],"replies":[{"embeddable":true,"href":"https:\/\/www.meydan.tv\/az\/wp-json\/wp\/v2\/comments?post=199405"}],"version-history":[{"count":0,"href":"https:\/\/www.meydan.tv\/az\/wp-json\/wp\/v2\/posts\/199405\/revisions"}],"wp:featuredmedia":[{"embeddable":true,"href":"https:\/\/www.meydan.tv\/az\/wp-json\/wp\/v2\/media\/137973"}],"wp:attachment":[{"href":"https:\/\/www.meydan.tv\/az\/wp-json\/wp\/v2\/media?parent=199405"}],"wp:term":[{"taxonomy":"category","embeddable":true,"href":"https:\/\/www.meydan.tv\/az\/wp-json\/wp\/v2\/categories?post=199405"},{"taxonomy":"post_tag","embeddable":true,"href":"https:\/\/www.meydan.tv\/az\/wp-json\/wp\/v2\/tags?post=199405"}],"curies":[{"name":"wp","href":"https:\/\/api.w.org\/{rel}","templated":true}]}}