{"id":199404,"date":"2020-02-24T11:25:34","date_gmt":"2020-02-24T11:25:34","guid":{"rendered":"https:\/\/www.meydan.tv\/article\/ozbekistanin-genc-tamasacilar-teatri-bakida-cixis-edib\/"},"modified":"2020-02-24T11:25:34","modified_gmt":"2020-02-24T11:25:34","slug":"ozbekistanin-genc-tamasacilar-teatri-bakida-cixis-edib","status":"publish","type":"post","link":"https:\/\/www.meydan.tv\/az\/article\/ozbekistanin-genc-tamasacilar-teatri-bakida-cixis-edib\/","title":{"rendered":"\u00d6zb\u0259kistan\u0131n G\u0259nc Tama\u015fa\u00e7\u0131lar Teatr\u0131 Bak\u0131da \u00e7\u0131x\u0131\u015f edib"},"content":{"rendered":"<p>\n  <i><br \/>\n    \u015eumbola u\u015faqlara \u201cT\u0259slim olma, m\u00fcbariz\u0259 apar\u201d ideyas\u0131n\u0131 \u0259yani olaraq g\u00f6st\u0259rir<br \/>\n  <\/i>\n<\/p>\n<p>\n  \u00d6zb\u0259kistan\u0131n G\u0259nc Tama\u015fa\u00e7\u0131lar Teatr\u0131 Bak\u0131ya qastrol s\u0259f\u0259ri edib.\n<\/p>\n<p>\n  Teatr kollekti Az\u0259rbaycan D\u00f6vl\u0259t G\u0259nc Tama\u015fa\u00e7\u0131lar Teatr\u0131n\u0131n s\u0259hn\u0259sind\u0259 iki g\u00fcn \u00e7\u0131x\u0131\u015f edib. \u00d6zb\u0259kistan\u0131n xalq \u015fairi Qafur Qulam\u0131n \u201cOzornik\u201d (\u201c\u015eumbola\u201d) tama\u015fas\u0131n\u0131 t\u0259qdim edibl\u0259r.\n<\/p>\n<p>\n  \u201c\u015eumbola\u201d \u0259s\u0259ri t\u0259rbiy\u0259vi \u0259h\u0259miyy\u0259t da\u015f\u0131y\u0131r. \u018fs\u0259rin q\u0259hr\u0259man\u0131, t\u0259bi\u0259tc\u0259 d\u0259c\u0259l olan v\u0259 ip\u0259-sapa yatmayan balaca o\u011flan h\u0259r d\u0259f\u0259 m\u00fcxt\u0259lif q\u0259rib\u0259 v\u0259 g\u00fclm\u0259li v\u0259ziyy\u0259tl\u0259r\u0259 d\u00fc\u015f\u00fcr v\u0259 bacar\u0131qla \u00e7\u0131x\u0131\u015f yolu tap\u0131r. \u00d6z\u00fcn\u0259m\u0259xsus dan\u0131\u015f\u0131q t\u0259rzi v\u0259 yumoristik aforizml\u0259ri olan \u015eumbola u\u015faqlara \u201cT\u0259slim olma, m\u00fcbariz\u0259 apar\u201d ideyas\u0131n\u0131 \u0259yani olaraq izah edir.\n<\/p>\n<p>\n  G\u0259l\u0259c\u0259kd\u0259 Az\u0259rbaycan D\u00f6vl\u0259t G\u0259nc Tama\u015fa\u00e7\u0131lar Teatr\u0131n\u0131n \u00d6zb\u0259kistana qastrolu planla\u015fd\u0131r\u0131l\u0131r.<\/p>\n","protected":false},"excerpt":{"rendered":"<p>G\u0259l\u0259c\u0259kd\u0259 Az\u0259rbaycan D\u00f6vl\u0259t G\u0259nc Tama\u015fa\u00e7\u0131lar Teatr\u0131n\u0131n \u00d6zb\u0259kistana qastrolu planla\u015fd\u0131r\u0131l\u0131r.<\/p>\n","protected":false},"author":11,"featured_media":138018,"comment_status":"closed","ping_status":"open","sticky":false,"template":"","format":"standard","meta":{"_acf_changed":false,"_sitemap_exclude":false,"_sitemap_priority":"","_sitemap_frequency":"","footnotes":""},"categories":[52],"tags":[],"class_list":["post-199404","post","type-post","status-publish","format-standard","has-post-thumbnail","hentry","category-medeniyyet","infinite-scroll-item","generate-columns","tablet-grid-50","mobile-grid-100","grid-parent","grid-33","no-featured-image-padding"],"acf":[],"yoast_head":"<!-- This site is optimized with the Yoast SEO plugin v28.3 - https:\/\/yoast.com\/product\/yoast-seo-wordpress\/ -->\n<title>\u00d6zb\u0259kistan\u0131n G\u0259nc Tama\u015fa\u00e7\u0131lar Teatr\u0131 Bak\u0131da \u00e7\u0131x\u0131\u015f edib - MEYDAN.TV<\/title>\n<meta name=\"robots\" content=\"index, follow, max-snippet:-1, max-image-preview:large, max-video-preview:-1\" \/>\n<link rel=\"canonical\" href=\"https:\/\/www.meydan.tv\/az\/article\/ozbekistanin-genc-tamasacilar-teatri-bakida-cixis-edib\/\" \/>\n<meta property=\"og:locale\" content=\"az_AZ\" \/>\n<meta property=\"og:type\" content=\"article\" \/>\n<meta property=\"og:title\" content=\"\u00d6zb\u0259kistan\u0131n G\u0259nc Tama\u015fa\u00e7\u0131lar Teatr\u0131 Bak\u0131da \u00e7\u0131x\u0131\u015f edib - MEYDAN.TV\" \/>\n<meta property=\"og:description\" content=\"G\u0259l\u0259c\u0259kd\u0259 Az\u0259rbaycan D\u00f6vl\u0259t G\u0259nc Tama\u015fa\u00e7\u0131lar Teatr\u0131n\u0131n \u00d6zb\u0259kistana qastrolu planla\u015fd\u0131r\u0131l\u0131r.\" \/>\n<meta property=\"og:url\" content=\"https:\/\/www.meydan.tv\/az\/article\/ozbekistanin-genc-tamasacilar-teatri-bakida-cixis-edib\/\" \/>\n<meta property=\"og:site_name\" content=\"MEYDAN.TV\" \/>\n<meta property=\"article:published_time\" content=\"2020-02-24T11:25:34+00:00\" \/>\n<meta property=\"og:image\" content=\"https:\/\/www.meydan.tv\/wp-content\/uploads\/zb__kistan__n_g__nc_tama__a____lar_teatr__.jpg\" \/>\n\t<meta property=\"og:image:width\" content=\"1000\" \/>\n\t<meta property=\"og:image:height\" content=\"541\" \/>\n\t<meta property=\"og:image:type\" content=\"image\/jpeg\" \/>\n<meta name=\"twitter:card\" content=\"summary_large_image\" \/>\n<!-- \/ Yoast SEO plugin. -->","yoast_head_json":{"title":"\u00d6zb\u0259kistan\u0131n G\u0259nc Tama\u015fa\u00e7\u0131lar Teatr\u0131 Bak\u0131da \u00e7\u0131x\u0131\u015f edib - MEYDAN.TV","robots":{"index":"index","follow":"follow","max-snippet":"max-snippet:-1","max-image-preview":"max-image-preview:large","max-video-preview":"max-video-preview:-1"},"canonical":"https:\/\/www.meydan.tv\/az\/article\/ozbekistanin-genc-tamasacilar-teatri-bakida-cixis-edib\/","og_locale":"az_AZ","og_type":"article","og_title":"\u00d6zb\u0259kistan\u0131n G\u0259nc Tama\u015fa\u00e7\u0131lar Teatr\u0131 Bak\u0131da \u00e7\u0131x\u0131\u015f edib - MEYDAN.TV","og_description":"G\u0259l\u0259c\u0259kd\u0259 Az\u0259rbaycan D\u00f6vl\u0259t G\u0259nc Tama\u015fa\u00e7\u0131lar Teatr\u0131n\u0131n \u00d6zb\u0259kistana qastrolu planla\u015fd\u0131r\u0131l\u0131r.","og_url":"https:\/\/www.meydan.tv\/az\/article\/ozbekistanin-genc-tamasacilar-teatri-bakida-cixis-edib\/","og_site_name":"MEYDAN.TV","article_published_time":"2020-02-24T11:25:34+00:00","og_image":[{"width":1000,"height":541,"url":"https:\/\/www.meydan.tv\/wp-content\/uploads\/zb__kistan__n_g__nc_tama__a____lar_teatr__.jpg","type":"image\/jpeg"}],"twitter_card":"summary_large_image","schema":{"@context":"https:\/\/schema.org","@graph":[{"@type":"Article","@id":"https:\/\/www.meydan.tv\/az\/article\/ozbekistanin-genc-tamasacilar-teatri-bakida-cixis-edib\/#article","isPartOf":{"@id":"https:\/\/www.meydan.tv\/az\/article\/ozbekistanin-genc-tamasacilar-teatri-bakida-cixis-edib\/"},"author":{"name":"user-manager","@id":"https:\/\/www.meydan.tv\/az\/#\/schema\/person\/10d11eccf6da3662cf5fdab9806ea91a"},"headline":"\u00d6zb\u0259kistan\u0131n G\u0259nc Tama\u015fa\u00e7\u0131lar Teatr\u0131 Bak\u0131da \u00e7\u0131x\u0131\u015f edib","datePublished":"2020-02-24T11:25:34+00:00","mainEntityOfPage":{"@id":"https:\/\/www.meydan.tv\/az\/article\/ozbekistanin-genc-tamasacilar-teatri-bakida-cixis-edib\/"},"wordCount":195,"publisher":{"@id":"https:\/\/www.meydan.tv\/az\/#organization"},"image":{"@id":"https:\/\/www.meydan.tv\/az\/article\/ozbekistanin-genc-tamasacilar-teatri-bakida-cixis-edib\/#primaryimage"},"thumbnailUrl":"https:\/\/www.meydan.tv\/wp-content\/uploads\/zb__kistan__n_g__nc_tama__a____lar_teatr__.jpg","articleSection":["M\u0259d\u0259niyy\u0259t"],"inLanguage":"az"},{"@type":"WebPage","@id":"https:\/\/www.meydan.tv\/az\/article\/ozbekistanin-genc-tamasacilar-teatri-bakida-cixis-edib\/","url":"https:\/\/www.meydan.tv\/az\/article\/ozbekistanin-genc-tamasacilar-teatri-bakida-cixis-edib\/","name":"\u00d6zb\u0259kistan\u0131n G\u0259nc Tama\u015fa\u00e7\u0131lar Teatr\u0131 Bak\u0131da \u00e7\u0131x\u0131\u015f edib - MEYDAN.TV","isPartOf":{"@id":"https:\/\/www.meydan.tv\/az\/#website"},"primaryImageOfPage":{"@id":"https:\/\/www.meydan.tv\/az\/article\/ozbekistanin-genc-tamasacilar-teatri-bakida-cixis-edib\/#primaryimage"},"image":{"@id":"https:\/\/www.meydan.tv\/az\/article\/ozbekistanin-genc-tamasacilar-teatri-bakida-cixis-edib\/#primaryimage"},"thumbnailUrl":"https:\/\/www.meydan.tv\/wp-content\/uploads\/zb__kistan__n_g__nc_tama__a____lar_teatr__.jpg","datePublished":"2020-02-24T11:25:34+00:00","breadcrumb":{"@id":"https:\/\/www.meydan.tv\/az\/article\/ozbekistanin-genc-tamasacilar-teatri-bakida-cixis-edib\/#breadcrumb"},"inLanguage":"az","potentialAction":[{"@type":"ReadAction","target":["https:\/\/www.meydan.tv\/az\/article\/ozbekistanin-genc-tamasacilar-teatri-bakida-cixis-edib\/"]}]},{"@type":"ImageObject","inLanguage":"az","@id":"https:\/\/www.meydan.tv\/az\/article\/ozbekistanin-genc-tamasacilar-teatri-bakida-cixis-edib\/#primaryimage","url":"https:\/\/www.meydan.tv\/wp-content\/uploads\/zb__kistan__n_g__nc_tama__a____lar_teatr__.jpg","contentUrl":"https:\/\/www.meydan.tv\/wp-content\/uploads\/zb__kistan__n_g__nc_tama__a____lar_teatr__.jpg","width":1000,"height":541,"caption":"Source: Specify Source"},{"@type":"BreadcrumbList","@id":"https:\/\/www.meydan.tv\/az\/article\/ozbekistanin-genc-tamasacilar-teatri-bakida-cixis-edib\/#breadcrumb","itemListElement":[{"@type":"ListItem","position":1,"name":"Ana s\u0259hif\u0259","item":"https:\/\/www.meydan.tv\/az\/"},{"@type":"ListItem","position":2,"name":"M\u0259d\u0259niyy\u0259t","item":"https:\/\/www.meydan.tv\/az\/section\/medeniyyet\/"},{"@type":"ListItem","position":3,"name":"\u00d6zb\u0259kistan\u0131n G\u0259nc Tama\u015fa\u00e7\u0131lar Teatr\u0131 Bak\u0131da \u00e7\u0131x\u0131\u015f edib"}]},{"@type":"WebSite","@id":"https:\/\/www.meydan.tv\/az\/#website","url":"https:\/\/www.meydan.tv\/az\/","name":"MEYDAN.TV","description":"Meydan TV Az\u0259rbaycan\u0131n media m\u0259kan\u0131ndak\u0131 alternativ s\u0259sidir","publisher":{"@id":"https:\/\/www.meydan.tv\/az\/#organization"},"potentialAction":[{"@type":"SearchAction","target":{"@type":"EntryPoint","urlTemplate":"https:\/\/www.meydan.tv\/az\/?s={search_term_string}"},"query-input":{"@type":"PropertyValueSpecification","valueRequired":true,"valueName":"search_term_string"}}],"inLanguage":"az"},{"@type":"Organization","@id":"https:\/\/www.meydan.tv\/az\/#organization","name":"Meydan TV","url":"https:\/\/www.meydan.tv\/az\/","logo":{"@type":"ImageObject","inLanguage":"az","@id":"https:\/\/www.meydan.tv\/az\/#\/schema\/logo\/image\/","url":"https:\/\/www.meydan.tv\/wp-content\/uploads\/2021\/07\/meydan-logo.svg","contentUrl":"https:\/\/www.meydan.tv\/wp-content\/uploads\/2021\/07\/meydan-logo.svg","width":195,"height":46,"caption":"Meydan TV"},"image":{"@id":"https:\/\/www.meydan.tv\/az\/#\/schema\/logo\/image\/"}},{"@type":"Person","@id":"https:\/\/www.meydan.tv\/az\/#\/schema\/person\/10d11eccf6da3662cf5fdab9806ea91a","name":"user-manager"}]}},"_links":{"self":[{"href":"https:\/\/www.meydan.tv\/az\/wp-json\/wp\/v2\/posts\/199404","targetHints":{"allow":["GET"]}}],"collection":[{"href":"https:\/\/www.meydan.tv\/az\/wp-json\/wp\/v2\/posts"}],"about":[{"href":"https:\/\/www.meydan.tv\/az\/wp-json\/wp\/v2\/types\/post"}],"author":[{"embeddable":true,"href":"https:\/\/www.meydan.tv\/az\/wp-json\/wp\/v2\/users\/11"}],"replies":[{"embeddable":true,"href":"https:\/\/www.meydan.tv\/az\/wp-json\/wp\/v2\/comments?post=199404"}],"version-history":[{"count":0,"href":"https:\/\/www.meydan.tv\/az\/wp-json\/wp\/v2\/posts\/199404\/revisions"}],"wp:featuredmedia":[{"embeddable":true,"href":"https:\/\/www.meydan.tv\/az\/wp-json\/wp\/v2\/media\/138018"}],"wp:attachment":[{"href":"https:\/\/www.meydan.tv\/az\/wp-json\/wp\/v2\/media?parent=199404"}],"wp:term":[{"taxonomy":"category","embeddable":true,"href":"https:\/\/www.meydan.tv\/az\/wp-json\/wp\/v2\/categories?post=199404"},{"taxonomy":"post_tag","embeddable":true,"href":"https:\/\/www.meydan.tv\/az\/wp-json\/wp\/v2\/tags?post=199404"}],"curies":[{"name":"wp","href":"https:\/\/api.w.org\/{rel}","templated":true}]}}