{"id":199392,"date":"2020-02-21T15:53:54","date_gmt":"2020-02-21T15:53:54","guid":{"rendered":"https:\/\/www.meydan.tv\/article\/muslum-maqomayevin-heyatindan-serial-cekilib\/"},"modified":"2020-02-21T15:53:54","modified_gmt":"2020-02-21T15:53:54","slug":"muslum-maqomayevin-heyatindan-serial-cekilib","status":"publish","type":"post","link":"https:\/\/www.meydan.tv\/az\/article\/muslum-maqomayevin-heyatindan-serial-cekilib\/","title":{"rendered":"M\u00fcsl\u00fcm Maqomayevin h\u0259yat\u0131ndan serial \u00e7\u0259kilib"},"content":{"rendered":"<p>\n  <i><br \/>\n    M\u00fc\u011f\u0259nninin obraz\u0131n\u0131 serbiyal\u0131 aktyor canand\u0131racaq<br \/>\n  <\/i>\n<\/p>\n<p>\n  B\u00f6y\u00fck kino internet servisi \u201c<br \/>\n  <a href=\"https:\/\/www.kinopoisk.ru\/media\/news\/4000662\/\"><br \/>\n    \u041a\u0438\u043d\u043e\u041f\u043e\u0438\u0441\u043a<br \/>\n  <\/a><br \/>\n  \u201d \u201c\u041c\u0430\u0433\u043e\u043c\u0430\u0435\u0432\u201d serial\u0131 il\u0259 ba\u011fl\u0131 m\u0259lumat t\u0259qdim edib.\n<\/p>\n<p>\n  M\u0259lumatda qeyd olunur ki, \u0259fsan\u0259vi M\u00fcsl\u00fcm Maqomayev obraz\u0131n\u0131 m\u00fc\u0259yy\u0259nl\u0259\u015fdirm\u0259k \u00fc\u00e7\u00fcn ke\u00e7mi\u015f SSR \u00f6lk\u0259l\u0259ri aras\u0131nda olan bir s\u0131ra istedadl\u0131 aktyorlar aras\u0131nda kastinq apar\u0131l\u0131b.\n<\/p>\n<p>\n  N\u0259hay\u0259t, se\u00e7im serbiyal\u0131 aktyor Milo\u015f Bikovi\u00e7 olub. Bu obraz\u0131n ona h\u0259val\u0259 edilm\u0259sini M\u00fcsl\u00fcm Maqomayevin h\u0259yat yolda\u015f\u0131 Tamara Sinyavskaya da d\u0259st\u0259kl\u0259yib.\n<\/p>\n<p>\n  Tamara Sinyavskaya \u00f6z\u00fc \u00e7\u0259kili\u015f hey\u0259tind\u0259 d\u00fcz\u0259li\u015fl\u0259r apar\u0131b, serialda ba\u015f ver\u0259n real hadis\u0259l\u0259rl\u0259 ba\u011fl\u0131 dol\u011fun d\u0259qiq m\u0259lumatlar\u0131n\u0131 verib.\n<\/p>\n<figure class=\"wp-block-image size-large\">\n  <img decoding=\"async\" src=\"https:\/\/www.meydan.tv\/az\/image_from_ios-3-jpg-77\/\" alt=\"image_from_ios (3).jpg\" class=\"wp-image-137961\"\/><figcaption>\n    serialdan kadr<br \/>\n  <\/figcaption><\/figure>\n<p>\n  Serialda M\u00fcsl\u00fcm Maqomayevin mahn\u0131lar\u0131 s\u0259sl\u0259ndiril\u0259c\u0259k. Tama\u015fa\u00e7\u0131lar h\u0259m\u00e7inin Tamara Sinyavskayan\u0131n ifas\u0131nda \u201cKarmen\u201d operas\u0131ndan \u201c\u041d\u0435\u0436\u043d\u043e\u0441\u0442\u044c\u201d mahn\u0131s\u0131n\u0131 dinl\u0259mi\u015f olacaqlar. O c\u00fcml\u0259d\u0259n M\u00fcsl\u00fcm Maqomayevl\u0259 Tamara Sinyavskayan\u0131n birg\u0259 dueti d\u0259 s\u0259sl\u0259ndiril\u0259c\u0259k.\n<\/p>\n<p>\n  \u201cT\u0259bii ki, h\u0259min s\u0259hn\u0259l\u0259rd\u0259 m\u0259n oxumuram\u201d, &#8211; Bikovi\u00e7 qeyd edib:\n<\/p>\n<p>\n  \u201cFilmd\u0259 M\u00fcsl\u00fcm Maqovayevin fonoqram\u0131 s\u0259sl\u0259ndiril\u0259c\u0259k. D\u00fc\u015f\u00fcn\u00fcr\u0259m ki, bu, \u00e7ox do\u011frudur. Maqomayev\u0259 layiq oxuyan aktyor v\u0259 ya m\u00fc\u011f\u0259nni tan\u0131m\u0131ram. \u00c7\u0259kili\u015fl\u0259r zaman\u0131 M\u00fcsl\u00fcm Maqomayevin yarad\u0131c\u0131l\u0131\u011f\u0131n\u0131 k\u0259\u015ff etdim. Onun b\u00fct\u00fcn ifalar\u0131 g\u00f6z\u0259ldir\u201d.\n<\/p>\n<p>\n  \u201c\u041c\u0430\u0433\u043e\u043c\u0430\u0435\u0432\u201d serial\u0131nda Tamara Sinyavskayan\u0131n obraz\u0131n\u0131 \u0130rina Antonenko canland\u0131r\u0131b.\n<\/p>\n<p>\n  \u201cM\u00fcsl\u00fcm\u201d serial\u0131 Rusiyan\u0131n Birinci kanal\u0131 v\u0259 \u201c\u041c\u0435\u0434\u0438\u0430\u0441\u043b\u043e\u0432\u043e\u201d studiyas\u0131 t\u0259r\u0259find\u0259n \u00e7\u0259kilib.\n<\/p>\n<figure class=\"wp-block-image size-large\">\n  <img decoding=\"async\" src=\"https:\/\/www.meydan.tv\/az\/image_from_ios-2-jpg-119\/\" alt=\"image_from_ios (2).jpg\" class=\"wp-image-137964\"\/><figcaption>\n    Serial\u0131n \u00e7\u0259kili\u015fi zaman\u0131<br \/>\n  <\/figcaption><\/figure>\n","protected":false},"excerpt":{"rendered":"<p>Bu obraz\u0131n ona h\u0259val\u0259 edilm\u0259sini M\u00fcsl\u00fcm Maqomayevin h\u0259yat yolda\u015f\u0131 Tamara Sinyavskaya da d\u0259st\u0259kl\u0259yib.<\/p>\n","protected":false},"author":11,"featured_media":137958,"comment_status":"closed","ping_status":"open","sticky":false,"template":"","format":"standard","meta":{"_acf_changed":false,"_sitemap_exclude":false,"_sitemap_priority":"","_sitemap_frequency":"","footnotes":""},"categories":[52],"tags":[],"class_list":["post-199392","post","type-post","status-publish","format-standard","has-post-thumbnail","hentry","category-medeniyyet","infinite-scroll-item","generate-columns","tablet-grid-50","mobile-grid-100","grid-parent","grid-33","no-featured-image-padding"],"acf":[],"yoast_head":"<!-- This site is optimized with the Yoast SEO plugin v27.4 - https:\/\/yoast.com\/product\/yoast-seo-wordpress\/ -->\n<title>M\u00fcsl\u00fcm Maqomayevin h\u0259yat\u0131ndan serial \u00e7\u0259kilib - MEYDAN.TV<\/title>\n<meta name=\"robots\" content=\"index, follow, max-snippet:-1, max-image-preview:large, max-video-preview:-1\" \/>\n<link rel=\"canonical\" href=\"https:\/\/www.meydan.tv\/az\/article\/muslum-maqomayevin-heyatindan-serial-cekilib\/\" \/>\n<meta property=\"og:locale\" content=\"az_AZ\" \/>\n<meta property=\"og:type\" content=\"article\" \/>\n<meta property=\"og:title\" content=\"M\u00fcsl\u00fcm Maqomayevin h\u0259yat\u0131ndan serial \u00e7\u0259kilib - MEYDAN.TV\" \/>\n<meta property=\"og:description\" content=\"Bu obraz\u0131n ona h\u0259val\u0259 edilm\u0259sini M\u00fcsl\u00fcm Maqomayevin h\u0259yat yolda\u015f\u0131 Tamara Sinyavskaya da d\u0259st\u0259kl\u0259yib.\" \/>\n<meta property=\"og:url\" content=\"https:\/\/www.meydan.tv\/az\/article\/muslum-maqomayevin-heyatindan-serial-cekilib\/\" \/>\n<meta property=\"og:site_name\" content=\"MEYDAN.TV\" \/>\n<meta property=\"article:published_time\" content=\"2020-02-21T15:53:54+00:00\" \/>\n<meta property=\"og:image\" content=\"https:\/\/www.meydan.tv\/wp-content\/uploads\/image_from_ios_vm1maoz.jpg\" \/>\n\t<meta property=\"og:image:width\" content=\"1200\" \/>\n\t<meta property=\"og:image:height\" content=\"786\" \/>\n\t<meta property=\"og:image:type\" content=\"image\/jpeg\" \/>\n<meta name=\"author\" content=\"user-manager\" \/>\n<meta name=\"twitter:card\" content=\"summary_large_image\" \/>\n<script type=\"application\/ld+json\" class=\"yoast-schema-graph\">{\"@context\":\"https:\\\/\\\/schema.org\",\"@graph\":[{\"@type\":\"Article\",\"@id\":\"https:\\\/\\\/www.meydan.tv\\\/az\\\/article\\\/muslum-maqomayevin-heyatindan-serial-cekilib\\\/#article\",\"isPartOf\":{\"@id\":\"https:\\\/\\\/www.meydan.tv\\\/az\\\/article\\\/muslum-maqomayevin-heyatindan-serial-cekilib\\\/\"},\"author\":{\"name\":\"user-manager\",\"@id\":\"https:\\\/\\\/www.meydan.tv\\\/az\\\/#\\\/schema\\\/person\\\/10d11eccf6da3662cf5fdab9806ea91a\"},\"headline\":\"M\u00fcsl\u00fcm Maqomayevin h\u0259yat\u0131ndan serial \u00e7\u0259kilib\",\"datePublished\":\"2020-02-21T15:53:54+00:00\",\"mainEntityOfPage\":{\"@id\":\"https:\\\/\\\/www.meydan.tv\\\/az\\\/article\\\/muslum-maqomayevin-heyatindan-serial-cekilib\\\/\"},\"wordCount\":341,\"publisher\":{\"@id\":\"https:\\\/\\\/www.meydan.tv\\\/az\\\/#organization\"},\"image\":{\"@id\":\"https:\\\/\\\/www.meydan.tv\\\/az\\\/article\\\/muslum-maqomayevin-heyatindan-serial-cekilib\\\/#primaryimage\"},\"thumbnailUrl\":\"https:\\\/\\\/www.meydan.tv\\\/wp-content\\\/uploads\\\/image_from_ios_vm1maoz.jpg\",\"articleSection\":[\"M\u0259d\u0259niyy\u0259t\"],\"inLanguage\":\"az\"},{\"@type\":\"WebPage\",\"@id\":\"https:\\\/\\\/www.meydan.tv\\\/az\\\/article\\\/muslum-maqomayevin-heyatindan-serial-cekilib\\\/\",\"url\":\"https:\\\/\\\/www.meydan.tv\\\/az\\\/article\\\/muslum-maqomayevin-heyatindan-serial-cekilib\\\/\",\"name\":\"M\u00fcsl\u00fcm Maqomayevin h\u0259yat\u0131ndan serial \u00e7\u0259kilib - MEYDAN.TV\",\"isPartOf\":{\"@id\":\"https:\\\/\\\/www.meydan.tv\\\/az\\\/#website\"},\"primaryImageOfPage\":{\"@id\":\"https:\\\/\\\/www.meydan.tv\\\/az\\\/article\\\/muslum-maqomayevin-heyatindan-serial-cekilib\\\/#primaryimage\"},\"image\":{\"@id\":\"https:\\\/\\\/www.meydan.tv\\\/az\\\/article\\\/muslum-maqomayevin-heyatindan-serial-cekilib\\\/#primaryimage\"},\"thumbnailUrl\":\"https:\\\/\\\/www.meydan.tv\\\/wp-content\\\/uploads\\\/image_from_ios_vm1maoz.jpg\",\"datePublished\":\"2020-02-21T15:53:54+00:00\",\"breadcrumb\":{\"@id\":\"https:\\\/\\\/www.meydan.tv\\\/az\\\/article\\\/muslum-maqomayevin-heyatindan-serial-cekilib\\\/#breadcrumb\"},\"inLanguage\":\"az\",\"potentialAction\":[{\"@type\":\"ReadAction\",\"target\":[\"https:\\\/\\\/www.meydan.tv\\\/az\\\/article\\\/muslum-maqomayevin-heyatindan-serial-cekilib\\\/\"]}]},{\"@type\":\"ImageObject\",\"inLanguage\":\"az\",\"@id\":\"https:\\\/\\\/www.meydan.tv\\\/az\\\/article\\\/muslum-maqomayevin-heyatindan-serial-cekilib\\\/#primaryimage\",\"url\":\"https:\\\/\\\/www.meydan.tv\\\/wp-content\\\/uploads\\\/image_from_ios_vm1maoz.jpg\",\"contentUrl\":\"https:\\\/\\\/www.meydan.tv\\\/wp-content\\\/uploads\\\/image_from_ios_vm1maoz.jpg\",\"width\":1200,\"height\":786,\"caption\":\"Source: Meydan TV\"},{\"@type\":\"BreadcrumbList\",\"@id\":\"https:\\\/\\\/www.meydan.tv\\\/az\\\/article\\\/muslum-maqomayevin-heyatindan-serial-cekilib\\\/#breadcrumb\",\"itemListElement\":[{\"@type\":\"ListItem\",\"position\":1,\"name\":\"Ana s\u0259hif\u0259\",\"item\":\"https:\\\/\\\/www.meydan.tv\\\/az\\\/\"},{\"@type\":\"ListItem\",\"position\":2,\"name\":\"M\u0259d\u0259niyy\u0259t\",\"item\":\"https:\\\/\\\/www.meydan.tv\\\/az\\\/section\\\/medeniyyet\\\/\"},{\"@type\":\"ListItem\",\"position\":3,\"name\":\"M\u00fcsl\u00fcm Maqomayevin h\u0259yat\u0131ndan serial \u00e7\u0259kilib\"}]},{\"@type\":\"WebSite\",\"@id\":\"https:\\\/\\\/www.meydan.tv\\\/az\\\/#website\",\"url\":\"https:\\\/\\\/www.meydan.tv\\\/az\\\/\",\"name\":\"MEYDAN.TV\",\"description\":\"Meydan TV Az\u0259rbaycan\u0131n media m\u0259kan\u0131ndak\u0131 alternativ s\u0259sidir\",\"publisher\":{\"@id\":\"https:\\\/\\\/www.meydan.tv\\\/az\\\/#organization\"},\"potentialAction\":[{\"@type\":\"SearchAction\",\"target\":{\"@type\":\"EntryPoint\",\"urlTemplate\":\"https:\\\/\\\/www.meydan.tv\\\/az\\\/?s={search_term_string}\"},\"query-input\":{\"@type\":\"PropertyValueSpecification\",\"valueRequired\":true,\"valueName\":\"search_term_string\"}}],\"inLanguage\":\"az\"},{\"@type\":\"Organization\",\"@id\":\"https:\\\/\\\/www.meydan.tv\\\/az\\\/#organization\",\"name\":\"Meydan TV\",\"url\":\"https:\\\/\\\/www.meydan.tv\\\/az\\\/\",\"logo\":{\"@type\":\"ImageObject\",\"inLanguage\":\"az\",\"@id\":\"https:\\\/\\\/www.meydan.tv\\\/az\\\/#\\\/schema\\\/logo\\\/image\\\/\",\"url\":\"https:\\\/\\\/www.meydan.tv\\\/wp-content\\\/uploads\\\/2021\\\/07\\\/meydan-logo.svg\",\"contentUrl\":\"https:\\\/\\\/www.meydan.tv\\\/wp-content\\\/uploads\\\/2021\\\/07\\\/meydan-logo.svg\",\"width\":195,\"height\":46,\"caption\":\"Meydan TV\"},\"image\":{\"@id\":\"https:\\\/\\\/www.meydan.tv\\\/az\\\/#\\\/schema\\\/logo\\\/image\\\/\"}},{\"@type\":\"Person\",\"@id\":\"https:\\\/\\\/www.meydan.tv\\\/az\\\/#\\\/schema\\\/person\\\/10d11eccf6da3662cf5fdab9806ea91a\",\"name\":\"user-manager\"}]}<\/script>\n<!-- \/ Yoast SEO plugin. -->","yoast_head_json":{"title":"M\u00fcsl\u00fcm Maqomayevin h\u0259yat\u0131ndan serial \u00e7\u0259kilib - MEYDAN.TV","robots":{"index":"index","follow":"follow","max-snippet":"max-snippet:-1","max-image-preview":"max-image-preview:large","max-video-preview":"max-video-preview:-1"},"canonical":"https:\/\/www.meydan.tv\/az\/article\/muslum-maqomayevin-heyatindan-serial-cekilib\/","og_locale":"az_AZ","og_type":"article","og_title":"M\u00fcsl\u00fcm Maqomayevin h\u0259yat\u0131ndan serial \u00e7\u0259kilib - MEYDAN.TV","og_description":"Bu obraz\u0131n ona h\u0259val\u0259 edilm\u0259sini M\u00fcsl\u00fcm Maqomayevin h\u0259yat yolda\u015f\u0131 Tamara Sinyavskaya da d\u0259st\u0259kl\u0259yib.","og_url":"https:\/\/www.meydan.tv\/az\/article\/muslum-maqomayevin-heyatindan-serial-cekilib\/","og_site_name":"MEYDAN.TV","article_published_time":"2020-02-21T15:53:54+00:00","og_image":[{"width":1200,"height":786,"url":"https:\/\/www.meydan.tv\/wp-content\/uploads\/image_from_ios_vm1maoz.jpg","type":"image\/jpeg"}],"author":"user-manager","twitter_card":"summary_large_image","schema":{"@context":"https:\/\/schema.org","@graph":[{"@type":"Article","@id":"https:\/\/www.meydan.tv\/az\/article\/muslum-maqomayevin-heyatindan-serial-cekilib\/#article","isPartOf":{"@id":"https:\/\/www.meydan.tv\/az\/article\/muslum-maqomayevin-heyatindan-serial-cekilib\/"},"author":{"name":"user-manager","@id":"https:\/\/www.meydan.tv\/az\/#\/schema\/person\/10d11eccf6da3662cf5fdab9806ea91a"},"headline":"M\u00fcsl\u00fcm Maqomayevin h\u0259yat\u0131ndan serial \u00e7\u0259kilib","datePublished":"2020-02-21T15:53:54+00:00","mainEntityOfPage":{"@id":"https:\/\/www.meydan.tv\/az\/article\/muslum-maqomayevin-heyatindan-serial-cekilib\/"},"wordCount":341,"publisher":{"@id":"https:\/\/www.meydan.tv\/az\/#organization"},"image":{"@id":"https:\/\/www.meydan.tv\/az\/article\/muslum-maqomayevin-heyatindan-serial-cekilib\/#primaryimage"},"thumbnailUrl":"https:\/\/www.meydan.tv\/wp-content\/uploads\/image_from_ios_vm1maoz.jpg","articleSection":["M\u0259d\u0259niyy\u0259t"],"inLanguage":"az"},{"@type":"WebPage","@id":"https:\/\/www.meydan.tv\/az\/article\/muslum-maqomayevin-heyatindan-serial-cekilib\/","url":"https:\/\/www.meydan.tv\/az\/article\/muslum-maqomayevin-heyatindan-serial-cekilib\/","name":"M\u00fcsl\u00fcm Maqomayevin h\u0259yat\u0131ndan serial \u00e7\u0259kilib - MEYDAN.TV","isPartOf":{"@id":"https:\/\/www.meydan.tv\/az\/#website"},"primaryImageOfPage":{"@id":"https:\/\/www.meydan.tv\/az\/article\/muslum-maqomayevin-heyatindan-serial-cekilib\/#primaryimage"},"image":{"@id":"https:\/\/www.meydan.tv\/az\/article\/muslum-maqomayevin-heyatindan-serial-cekilib\/#primaryimage"},"thumbnailUrl":"https:\/\/www.meydan.tv\/wp-content\/uploads\/image_from_ios_vm1maoz.jpg","datePublished":"2020-02-21T15:53:54+00:00","breadcrumb":{"@id":"https:\/\/www.meydan.tv\/az\/article\/muslum-maqomayevin-heyatindan-serial-cekilib\/#breadcrumb"},"inLanguage":"az","potentialAction":[{"@type":"ReadAction","target":["https:\/\/www.meydan.tv\/az\/article\/muslum-maqomayevin-heyatindan-serial-cekilib\/"]}]},{"@type":"ImageObject","inLanguage":"az","@id":"https:\/\/www.meydan.tv\/az\/article\/muslum-maqomayevin-heyatindan-serial-cekilib\/#primaryimage","url":"https:\/\/www.meydan.tv\/wp-content\/uploads\/image_from_ios_vm1maoz.jpg","contentUrl":"https:\/\/www.meydan.tv\/wp-content\/uploads\/image_from_ios_vm1maoz.jpg","width":1200,"height":786,"caption":"Source: Meydan TV"},{"@type":"BreadcrumbList","@id":"https:\/\/www.meydan.tv\/az\/article\/muslum-maqomayevin-heyatindan-serial-cekilib\/#breadcrumb","itemListElement":[{"@type":"ListItem","position":1,"name":"Ana s\u0259hif\u0259","item":"https:\/\/www.meydan.tv\/az\/"},{"@type":"ListItem","position":2,"name":"M\u0259d\u0259niyy\u0259t","item":"https:\/\/www.meydan.tv\/az\/section\/medeniyyet\/"},{"@type":"ListItem","position":3,"name":"M\u00fcsl\u00fcm Maqomayevin h\u0259yat\u0131ndan serial \u00e7\u0259kilib"}]},{"@type":"WebSite","@id":"https:\/\/www.meydan.tv\/az\/#website","url":"https:\/\/www.meydan.tv\/az\/","name":"MEYDAN.TV","description":"Meydan TV Az\u0259rbaycan\u0131n media m\u0259kan\u0131ndak\u0131 alternativ s\u0259sidir","publisher":{"@id":"https:\/\/www.meydan.tv\/az\/#organization"},"potentialAction":[{"@type":"SearchAction","target":{"@type":"EntryPoint","urlTemplate":"https:\/\/www.meydan.tv\/az\/?s={search_term_string}"},"query-input":{"@type":"PropertyValueSpecification","valueRequired":true,"valueName":"search_term_string"}}],"inLanguage":"az"},{"@type":"Organization","@id":"https:\/\/www.meydan.tv\/az\/#organization","name":"Meydan TV","url":"https:\/\/www.meydan.tv\/az\/","logo":{"@type":"ImageObject","inLanguage":"az","@id":"https:\/\/www.meydan.tv\/az\/#\/schema\/logo\/image\/","url":"https:\/\/www.meydan.tv\/wp-content\/uploads\/2021\/07\/meydan-logo.svg","contentUrl":"https:\/\/www.meydan.tv\/wp-content\/uploads\/2021\/07\/meydan-logo.svg","width":195,"height":46,"caption":"Meydan TV"},"image":{"@id":"https:\/\/www.meydan.tv\/az\/#\/schema\/logo\/image\/"}},{"@type":"Person","@id":"https:\/\/www.meydan.tv\/az\/#\/schema\/person\/10d11eccf6da3662cf5fdab9806ea91a","name":"user-manager"}]}},"_links":{"self":[{"href":"https:\/\/www.meydan.tv\/az\/wp-json\/wp\/v2\/posts\/199392","targetHints":{"allow":["GET"]}}],"collection":[{"href":"https:\/\/www.meydan.tv\/az\/wp-json\/wp\/v2\/posts"}],"about":[{"href":"https:\/\/www.meydan.tv\/az\/wp-json\/wp\/v2\/types\/post"}],"author":[{"embeddable":true,"href":"https:\/\/www.meydan.tv\/az\/wp-json\/wp\/v2\/users\/11"}],"replies":[{"embeddable":true,"href":"https:\/\/www.meydan.tv\/az\/wp-json\/wp\/v2\/comments?post=199392"}],"version-history":[{"count":0,"href":"https:\/\/www.meydan.tv\/az\/wp-json\/wp\/v2\/posts\/199392\/revisions"}],"wp:featuredmedia":[{"embeddable":true,"href":"https:\/\/www.meydan.tv\/az\/wp-json\/wp\/v2\/media\/137958"}],"wp:attachment":[{"href":"https:\/\/www.meydan.tv\/az\/wp-json\/wp\/v2\/media?parent=199392"}],"wp:term":[{"taxonomy":"category","embeddable":true,"href":"https:\/\/www.meydan.tv\/az\/wp-json\/wp\/v2\/categories?post=199392"},{"taxonomy":"post_tag","embeddable":true,"href":"https:\/\/www.meydan.tv\/az\/wp-json\/wp\/v2\/tags?post=199392"}],"curies":[{"name":"wp","href":"https:\/\/api.w.org\/{rel}","templated":true}]}}