{"id":199391,"date":"2020-02-21T16:02:06","date_gmt":"2020-02-21T16:02:06","guid":{"rendered":"https:\/\/www.meydan.tv\/article\/samaxi-sakinleri-dongeleri-legv-etmekle-minlerle-insani-eziyyete-saliblar\/"},"modified":"2020-02-21T16:02:06","modified_gmt":"2020-02-21T16:02:06","slug":"samaxi-sakinleri-dongeleri-legv-etmekle-minlerle-insani-eziyyete-saliblar","status":"publish","type":"post","link":"https:\/\/www.meydan.tv\/az\/article\/samaxi-sakinleri-dongeleri-legv-etmekle-minlerle-insani-eziyyete-saliblar\/","title":{"rendered":"\u015eamax\u0131 sakinl\u0259ri: D\u00f6ng\u0259l\u0259ri l\u0259\u011fv etm\u0259kl\u0259 minl\u0259rl\u0259 insan\u0131 \u0259ziyy\u0259t\u0259 sal\u0131blar"},"content":{"rendered":"<p>\n  <i><br \/>\n    Sakinl\u0259r beton yol ayr\u0131clar\u0131ndan ya\u015fay\u0131\u015f yerl\u0259rin\u0259 olan d\u00f6ng\u0259l\u0259rin b\u0259rpa olunmas\u0131n\u0131 ist\u0259yir<br \/>\n  <\/i>\n<\/p>\n<p>\n  \u201cGetdik d\u0259rdimizi icra ba\u015f\u00e7\u0131s\u0131na dey\u0259k, q\u0259bul el\u0259di, qulaq asd\u0131, dedi, bu q\u0259rar\u0131 m\u0259n verm\u0259mi\u015f\u0259m, m\u0259n qar\u0131\u015fa bilm\u0259r\u0259m. Dedik, bir halda ki, bu i\u015fl\u0259ri yoluna qoymaq sizlik deyil, o zaman biz d\u0259 h\u00f6kum\u0259tin diqq\u0259tini \u00e7\u0259km\u0259k \u00fc\u00e7\u00fcn el\u0259 h\u0259min yola \u00e7\u0131x\u0131b etiraz ed\u0259rik. Ba\u015f\u00e7\u0131 q\u0259bul vaxt\u0131 orada olan polis r\u0259isini v\u0259 prokuroru biz\u0259 g\u00f6st\u0259rib dedi, h\u00fcn\u0259riniz var, bir add\u0131m at\u0131n, ham\u0131n\u0131z\u0131 tutub ats\u0131nlar i\u00e7\u0259ri. D\u0259rdimizi dem\u0259y\u0259 getdiyimiz icra ba\u015f\u00e7\u0131s\u0131 da bizi h\u0259bsl\u0259 h\u0259d\u0259l\u0259yir\u201d.\n<\/p>\n<p>\n  \u00d6t\u0259n ilin sonunda Bak\u0131-\u015eamax\u0131-Yevlax avtomobil yolunun bir hiss\u0259si 2 h\u0259r\u0259k\u0259t zola\u011f\u0131ndan 4 h\u0259r\u0259k\u0259t zola\u011f\u0131na geni\u015fl\u0259ndirilm\u0259kl\u0259 istifad\u0259y\u0259 verilib. Yolun 118-ci kilometrliyinin \u0259razisin\u0259 d\u00fc\u015f\u0259n ya\u015fay\u0131\u015f massivinin (\u015eamax\u0131n\u0131n giri\u015fin\u0259 yax\u0131n \u0259razi) sakinl\u0259ri 3 ayd\u0131r ki, \u0259ziyy\u0259t \u00e7\u0259kdikl\u0259rini deyirl\u0259r. Onlar Meydan TV-y\u0259 dan\u0131\u015f\u0131rlar ki, t\u0259mir zaman\u0131 yoldan ya\u015fay\u0131\u015f \u0259razil\u0259rin\u0259 olan d\u00f6ng\u0259l\u0259ri l\u0259\u011fv ed\u0259r\u0259k, yerl\u0259rini d\u0259yi\u015fibl\u0259r. N\u0259tic\u0259d\u0259 \u015eamax\u0131dan h\u0259min \u0259raziy\u0259 g\u0259l\u0259rk\u0259n \u0259vv\u0259ll\u0259r q\u0259t etdikl\u0259ri yoldan bir ne\u00e7\u0259 d\u0259f\u0259 uzun m\u0259saf\u0259 getm\u0259li olurlar.\n<\/p>\n<p>\n  <b><br \/>\n    \u201c\u018fhali h\u0259rt\u0259r\u0259fli z\u0259r\u0259r \u00e7\u0259kir\u201d<br \/>\n  <\/b>\n<\/p>\n<p>\n  \u201cMa\u015f\u0131nlar \u015eamax\u0131dan \u00e7\u0131x\u0131b, q\u0131sa yol q\u0259t edib bizim \u0259raziy\u0259 d\u00f6n\u00fcrd\u00fc. \u0130ndi o yolu d\u0259f\u0259l\u0259rl\u0259 uzad\u0131blar. M\u0259s\u0259l\u0259n, m\u0259n rayondan un al\u0131b g\u0259tirir\u0259m. Unun kis\u0259sin\u0259 25 manat verir\u0259m, \u00fcst\u00fcnd\u0259 8 manat da ma\u015f\u0131na \u00f6d\u0259yir\u0259m, bir kis\u0259 un 33 manata ba\u015fa g\u0259lir. Halbuki, \u0259vv\u0259ll\u0259r ma\u015f\u0131na 2 manat verirdim, un 27 manata ba\u015fa g\u0259lirdi. Ya\u015fay\u0131\u015f yerl\u0259rin\u0259 olan d\u00f6ng\u0259l\u0259rin m\u0259saf\u0259sini uzatd\u0131qlar\u0131ndan ma\u015f\u0131nlar da gedi\u015fhaqq\u0131n\u0131 bir ne\u00e7\u0259 d\u0259f\u0259 art\u0131r\u0131blar. Bir s\u00f6zl\u0259, \u0259hali h\u0259rt\u0259r\u0259fli z\u0259r\u0259r \u00e7\u0259kir\u201d, &#8211; sakinl\u0259rd\u0259n biri deyir.\n<\/p>\n<p>\n  Sakinl\u0259rin dem\u0259sin\u0259 g\u00f6r\u0259, yerli televiziyalar\u0131n m\u00fcxbirl\u0259ri onlar\u0131n \u015fikay\u0259tl\u0259ri \u0259sas\u0131nda bir ne\u00e7\u0259 d\u0259f\u0259 \u0259raziy\u0259 g\u0259l\u0259r\u0259k \u0259halini dan\u0131\u015f\u0131r\u0131blar, \u00e7\u0259kili\u015fl\u0259r apar\u0131blar, ancaq bu \u00e7\u0259kili\u015fl\u0259rin he\u00e7 biri i\u015f\u0131qland\u0131r\u0131lmay\u0131b.\n<\/p>\n<p>\n  <b><br \/>\n    \u201cBa\u015f\u00e7\u0131dan k\u00f6m\u0259k ist\u0259dik, o is\u0259 bizi h\u0259d\u0259l\u0259di\u201d<br \/>\n  <\/b>\n<\/p>\n<p>\n  \u201cG\u0259lirl\u0259r, adamlar topla\u015f\u0131r, dan\u0131\u015fd\u0131r\u0131rlar, \u00e7\u0259kirl\u0259r, gedirl\u0259r, sonra da deyirl\u0259r ki, bizlik deyil, qorxuruq. Ba\u015f\u00e7\u0131 da \u0259halini dinl\u0259mir. Y\u0131\u011f\u0131\u015f\u0131b gedirik, k\u00f6m\u0259k ist\u0259yirik, bizi sa\u011f\u0131nda, solunda oturtdu\u011fu polis r\u0259isiyl\u0259, prokurorla h\u0259d\u0259l\u0259yir. Biz deyirik, k\u00f6m\u0259k edin, minl\u0259rl\u0259 insan \u0259ziyy\u0259t \u00e7\u0259kir, deyir, s\u0259sini \u00e7\u0131xardana 30 sutka h\u0259bs verdir\u0259r\u0259m. Prezident\u0259 yazm\u0131\u015f\u0131q, ondan da x\u0259b\u0259r yoxdur. B\u0259s bu xalq d\u0259rdini kim\u0259 desin? Ax\u0131 s\u00f6hb\u0259t 5-10 n\u0259f\u0259rin yox, minl\u0259rl\u0259 insan\u0131n \u0259ziyy\u0259t \u00e7\u0259km\u0259sind\u0259n gedir. ASAN Xidm\u0259t\u0259, x\u0259st\u0259xanaya, Olimpiya Komleksin\u0259, yanacaqdoldurma m\u0259nt\u0259q\u0259sin\u0259 getm\u0259k ist\u0259y\u0259nl\u0259r d\u0259 d\u00f6ng\u0259l\u0259rin ba\u011flanmas\u0131 \u00fcz\u00fcnd\u0259n \u0259ziyy\u0259t \u00e7\u0259kir\u201d, &#8211; ad\u0131n\u0131 a\u00e7\u0131qlamaqdan \u00e7\u0259kin\u0259n ba\u015fqa bir sakin deyir.\n<\/p>\n<p>\n  <b><br \/>\n    Ke\u00e7id d\u0259 yoxdur<br \/>\n  <\/b>\n<\/p>\n<p>\n  Ba\u015fqa bir problem is\u0259 magistral yolda ke\u00e7idl\u0259rin olmamas\u0131ndand\u0131r. Sakinl\u0259r yolun qar\u015f\u0131 t\u0259r\u0259fin\u0259 ke\u00e7m\u0259k \u00fc\u00e7\u00fcn beton yol ayr\u0131c\u0131n\u0131n \u00fcz\u0259rind\u0259n tullan\u0131b, o ba\u015f \u2013 bu ba\u015fa s\u00fcr\u0259tl\u0259 \u015f\u00fct\u00fcy\u0259n avtomobill\u0259rin aras\u0131ndan ke\u00e7ib getm\u0259li olur:\n<\/p>\n<p>\n  \u201cQad\u0131n, u\u015faq, qoca, cavan \u2013 ham\u0131 o boyda magistral yolu beton ayr\u0131clar\u0131n \u00fcst\u00fcnd\u0259n hoppan\u0131b ke\u00e7ib gedir. Bu yolun h\u0259r iki t\u0259r\u0259find\u0259 \u0259hali ya\u015fay\u0131rsa, dem\u0259li, bu iki t\u0259r\u0259fin \u0259laq\u0259si \u00fc\u00e7\u00fcn ke\u00e7id d\u0259 qoyulmal\u0131d\u0131r. \u0130nsanlar\u0131n h\u0259yat\u0131n\u0131 g\u00f6z g\u00f6r\u0259-g\u00f6r\u0259 t\u0259hl\u00fck\u0259y\u0259 at\u0131blar\u201d.\n<\/p>\n<p>\n  \u015eamax\u0131 Rayon \u0130cra Hakimiyy\u0259tind\u0259n Meydan TV-y\u0259 bildirilib ki, icra ba\u015f\u00e7\u0131s\u0131 bu m\u0259s\u0259l\u0259 il\u0259 ba\u011fl\u0131 qeyd olunan \u0259razid\u0259n bir ne\u00e7\u0259 sakini q\u0259bul edib, dinl\u0259yib. Sakinl\u0259r\u0259 naraz\u0131l\u0131qlar\u0131 il\u0259 \u0259laq\u0259dar aidiyy\u0259ti \u00fczr\u0259 qurumlara m\u0259ktubla m\u00fcraci\u0259t olunaca\u011f\u0131, \u015fikay\u0259tl\u0259rin ara\u015fd\u0131r\u0131laca\u011f\u0131 deyilib.\n<\/p>\n<p>\n  <b><br \/>\n    Yeri g\u0259lmi\u015fk\u0259n&#8230;<br \/>\n  <\/b>\n<\/p>\n<p>\n  Bak\u0131-\u015eamax\u0131-Yevlax yolunun yenid\u0259n qurulmas\u0131na g\u00f6r\u0259 d\u00f6vl\u0259t b\u00fcdc\u0259sind\u0259n bir ne\u00e7\u0259 d\u0259f\u0259 v\u0259sait ayr\u0131l\u0131b. Bak\u0131-\u015eamax\u0131 avtomobil yolunun iki zolaqdan d\u00f6rd zola\u011fa geni\u015fl\u0259ndirilm\u0259si \u00fczr\u0259 \u00fc\u00e7\u00fcnc\u00fc magistral yol layih\u0259sinin (Third Highway Project) icras\u0131 is\u0259 D\u00fcnya Bank\u0131ndan (DB) al\u0131nan kreditl\u0259r hesab\u0131na ger\u00e7\u0259kl\u0259\u015fdirilir. DB-nin m\u0259lumat\u0131na g\u00f6r\u0259, 2019-cu ilin sonuna q\u0259d\u0259r bu layih\u0259y\u0259 307 milyon dollar (\u0259lav\u0259 maliyy\u0259l\u0259\u015fdirm\u0259 d\u0259 daxil olmaqla, bank qar\u015f\u0131s\u0131ndak\u0131 \u00fcmumi \u00f6hd\u0259likl\u0259rin t\u0259xmin\u0259n 82%-i) m\u0259bl\u0259\u011find\u0259 kredit ayr\u0131l\u0131b. \u0130\u015fl\u0259r \u00f6t\u0259n ilin sonunad\u0259k yekunla\u015fmal\u0131yd\u0131. Az\u0259rbaycan h\u00f6kum\u0259ti qalan kredit v\u0259saitind\u0259n istifad\u0259 etm\u0259k v\u0259 tikinti i\u015fl\u0259rini ba\u015fa \u00e7atd\u0131rmaq \u00fc\u00e7\u00fcn layih\u0259nin bir illik uzad\u0131lmas\u0131n\u0131 ist\u0259yib.\n<\/p>\n<p>\n  \u201c\u0130lkin olaraq layih\u0259 alt\u0131 ay m\u00fcdd\u0259tin\u0259 (30 iyun 2020-ci il) uzad\u0131l\u0131b, bu m\u00fcdd\u0259t \u0259rzind\u0259 q\u0259na\u0259t edilmi\u015f v\u0259saitl\u0259rd\u0259n istifad\u0259 etm\u0259k q\u0259rar\u0131 verils\u0259, layih\u0259nin daha da uzad\u0131lmas\u0131 m\u0259s\u0259l\u0259sin\u0259 bax\u0131la bil\u0259r. Amma t\u0259cr\u00fcb\u0259y\u0259 g\u00f6r\u0259, q\u0259na\u0259t olunan v\u0259sait m\u00fcvafiq q\u0259rar q\u0259bul olunarsa, bu layih\u0259 bitdikd\u0259n sonra layih\u0259nin \u00fcmumi m\u0259qs\u0259dl\u0259rin\u0259 cavab ver\u0259n i\u015f\u0259 y\u00f6n\u0259ldil\u0259, el\u0259c\u0259 d\u0259 l\u0259\u011fv oluna bil\u0259r. Konkret q\u0259rar DB v\u0259 h\u00f6kum\u0259t aras\u0131ndak\u0131 m\u00fczakir\u0259l\u0259rin n\u0259tic\u0259l\u0259rind\u0259n as\u0131l\u0131 olaraq veril\u0259c\u0259k\u201d, \u2013 \u201cReport\u201dun m\u0259lumat\u0131na g\u00f6r\u0259 bankdan bel\u0259 deyilib.<\/p>\n","protected":false},"excerpt":{"rendered":"<p>\u201cQad\u0131n, u\u015faq, qoca, cavan \u2013 ham\u0131 o boyda magistral yolu beton  ayr\u0131clar\u0131n \u00fcst\u00fcnd\u0259n hoppan\u0131b ke\u00e7ib gedir&#8221;.<\/p>\n","protected":false},"author":11,"featured_media":137967,"comment_status":"closed","ping_status":"open","sticky":false,"template":"","format":"standard","meta":{"_acf_changed":false,"_sitemap_exclude":false,"_sitemap_priority":"","_sitemap_frequency":"","footnotes":""},"categories":[60],"tags":[],"class_list":["post-199391","post","type-post","status-publish","format-standard","has-post-thumbnail","hentry","category-bolge","infinite-scroll-item","generate-columns","tablet-grid-50","mobile-grid-100","grid-parent","grid-33","no-featured-image-padding"],"acf":[],"yoast_head":"<!-- This site is optimized with the Yoast SEO plugin v27.5 - https:\/\/yoast.com\/product\/yoast-seo-wordpress\/ -->\n<title>\u015eamax\u0131 sakinl\u0259ri: D\u00f6ng\u0259l\u0259ri l\u0259\u011fv etm\u0259kl\u0259 minl\u0259rl\u0259 insan\u0131 \u0259ziyy\u0259t\u0259 sal\u0131blar - MEYDAN.TV<\/title>\n<meta name=\"robots\" content=\"index, follow, max-snippet:-1, max-image-preview:large, max-video-preview:-1\" \/>\n<link rel=\"canonical\" href=\"https:\/\/www.meydan.tv\/az\/article\/samaxi-sakinleri-dongeleri-legv-etmekle-minlerle-insani-eziyyete-saliblar\/\" \/>\n<meta property=\"og:locale\" content=\"az_AZ\" \/>\n<meta property=\"og:type\" content=\"article\" \/>\n<meta property=\"og:title\" content=\"\u015eamax\u0131 sakinl\u0259ri: D\u00f6ng\u0259l\u0259ri l\u0259\u011fv etm\u0259kl\u0259 minl\u0259rl\u0259 insan\u0131 \u0259ziyy\u0259t\u0259 sal\u0131blar - MEYDAN.TV\" \/>\n<meta property=\"og:description\" content=\"\u201cQad\u0131n, u\u015faq, qoca, cavan \u2013 ham\u0131 o boyda magistral yolu beton ayr\u0131clar\u0131n \u00fcst\u00fcnd\u0259n hoppan\u0131b ke\u00e7ib gedir&quot;.\" \/>\n<meta property=\"og:url\" content=\"https:\/\/www.meydan.tv\/az\/article\/samaxi-sakinleri-dongeleri-legv-etmekle-minlerle-insani-eziyyete-saliblar\/\" \/>\n<meta property=\"og:site_name\" content=\"MEYDAN.TV\" \/>\n<meta property=\"article:published_time\" content=\"2020-02-21T16:02:06+00:00\" \/>\n<meta property=\"og:image\" content=\"https:\/\/www.meydan.tv\/wp-content\/uploads\/image_from_ios_4_ideae9t.jpg\" \/>\n\t<meta property=\"og:image:width\" content=\"1280\" \/>\n\t<meta property=\"og:image:height\" content=\"960\" \/>\n\t<meta property=\"og:image:type\" content=\"image\/jpeg\" \/>\n<meta name=\"author\" content=\"user-manager\" \/>\n<meta name=\"twitter:card\" content=\"summary_large_image\" \/>\n<script type=\"application\/ld+json\" class=\"yoast-schema-graph\">{\"@context\":\"https:\\\/\\\/schema.org\",\"@graph\":[{\"@type\":\"Article\",\"@id\":\"https:\\\/\\\/www.meydan.tv\\\/az\\\/article\\\/samaxi-sakinleri-dongeleri-legv-etmekle-minlerle-insani-eziyyete-saliblar\\\/#article\",\"isPartOf\":{\"@id\":\"https:\\\/\\\/www.meydan.tv\\\/az\\\/article\\\/samaxi-sakinleri-dongeleri-legv-etmekle-minlerle-insani-eziyyete-saliblar\\\/\"},\"author\":{\"name\":\"user-manager\",\"@id\":\"https:\\\/\\\/www.meydan.tv\\\/az\\\/#\\\/schema\\\/person\\\/10d11eccf6da3662cf5fdab9806ea91a\"},\"headline\":\"\u015eamax\u0131 sakinl\u0259ri: D\u00f6ng\u0259l\u0259ri l\u0259\u011fv etm\u0259kl\u0259 minl\u0259rl\u0259 insan\u0131 \u0259ziyy\u0259t\u0259 sal\u0131blar\",\"datePublished\":\"2020-02-21T16:02:06+00:00\",\"mainEntityOfPage\":{\"@id\":\"https:\\\/\\\/www.meydan.tv\\\/az\\\/article\\\/samaxi-sakinleri-dongeleri-legv-etmekle-minlerle-insani-eziyyete-saliblar\\\/\"},\"wordCount\":1089,\"publisher\":{\"@id\":\"https:\\\/\\\/www.meydan.tv\\\/az\\\/#organization\"},\"image\":{\"@id\":\"https:\\\/\\\/www.meydan.tv\\\/az\\\/article\\\/samaxi-sakinleri-dongeleri-legv-etmekle-minlerle-insani-eziyyete-saliblar\\\/#primaryimage\"},\"thumbnailUrl\":\"https:\\\/\\\/www.meydan.tv\\\/wp-content\\\/uploads\\\/image_from_ios_4_ideae9t.jpg\",\"articleSection\":[\"B\u00f6lg\u0259\"],\"inLanguage\":\"az\"},{\"@type\":\"WebPage\",\"@id\":\"https:\\\/\\\/www.meydan.tv\\\/az\\\/article\\\/samaxi-sakinleri-dongeleri-legv-etmekle-minlerle-insani-eziyyete-saliblar\\\/\",\"url\":\"https:\\\/\\\/www.meydan.tv\\\/az\\\/article\\\/samaxi-sakinleri-dongeleri-legv-etmekle-minlerle-insani-eziyyete-saliblar\\\/\",\"name\":\"\u015eamax\u0131 sakinl\u0259ri: D\u00f6ng\u0259l\u0259ri l\u0259\u011fv etm\u0259kl\u0259 minl\u0259rl\u0259 insan\u0131 \u0259ziyy\u0259t\u0259 sal\u0131blar - MEYDAN.TV\",\"isPartOf\":{\"@id\":\"https:\\\/\\\/www.meydan.tv\\\/az\\\/#website\"},\"primaryImageOfPage\":{\"@id\":\"https:\\\/\\\/www.meydan.tv\\\/az\\\/article\\\/samaxi-sakinleri-dongeleri-legv-etmekle-minlerle-insani-eziyyete-saliblar\\\/#primaryimage\"},\"image\":{\"@id\":\"https:\\\/\\\/www.meydan.tv\\\/az\\\/article\\\/samaxi-sakinleri-dongeleri-legv-etmekle-minlerle-insani-eziyyete-saliblar\\\/#primaryimage\"},\"thumbnailUrl\":\"https:\\\/\\\/www.meydan.tv\\\/wp-content\\\/uploads\\\/image_from_ios_4_ideae9t.jpg\",\"datePublished\":\"2020-02-21T16:02:06+00:00\",\"breadcrumb\":{\"@id\":\"https:\\\/\\\/www.meydan.tv\\\/az\\\/article\\\/samaxi-sakinleri-dongeleri-legv-etmekle-minlerle-insani-eziyyete-saliblar\\\/#breadcrumb\"},\"inLanguage\":\"az\",\"potentialAction\":[{\"@type\":\"ReadAction\",\"target\":[\"https:\\\/\\\/www.meydan.tv\\\/az\\\/article\\\/samaxi-sakinleri-dongeleri-legv-etmekle-minlerle-insani-eziyyete-saliblar\\\/\"]}]},{\"@type\":\"ImageObject\",\"inLanguage\":\"az\",\"@id\":\"https:\\\/\\\/www.meydan.tv\\\/az\\\/article\\\/samaxi-sakinleri-dongeleri-legv-etmekle-minlerle-insani-eziyyete-saliblar\\\/#primaryimage\",\"url\":\"https:\\\/\\\/www.meydan.tv\\\/wp-content\\\/uploads\\\/image_from_ios_4_ideae9t.jpg\",\"contentUrl\":\"https:\\\/\\\/www.meydan.tv\\\/wp-content\\\/uploads\\\/image_from_ios_4_ideae9t.jpg\",\"width\":1280,\"height\":960,\"caption\":\"Source: Specify Source\"},{\"@type\":\"BreadcrumbList\",\"@id\":\"https:\\\/\\\/www.meydan.tv\\\/az\\\/article\\\/samaxi-sakinleri-dongeleri-legv-etmekle-minlerle-insani-eziyyete-saliblar\\\/#breadcrumb\",\"itemListElement\":[{\"@type\":\"ListItem\",\"position\":1,\"name\":\"Ana s\u0259hif\u0259\",\"item\":\"https:\\\/\\\/www.meydan.tv\\\/az\\\/\"},{\"@type\":\"ListItem\",\"position\":2,\"name\":\"B\u00f6lg\u0259\",\"item\":\"https:\\\/\\\/www.meydan.tv\\\/az\\\/section\\\/bolge\\\/\"},{\"@type\":\"ListItem\",\"position\":3,\"name\":\"\u015eamax\u0131 sakinl\u0259ri: D\u00f6ng\u0259l\u0259ri l\u0259\u011fv etm\u0259kl\u0259 minl\u0259rl\u0259 insan\u0131 \u0259ziyy\u0259t\u0259 sal\u0131blar\"}]},{\"@type\":\"WebSite\",\"@id\":\"https:\\\/\\\/www.meydan.tv\\\/az\\\/#website\",\"url\":\"https:\\\/\\\/www.meydan.tv\\\/az\\\/\",\"name\":\"MEYDAN.TV\",\"description\":\"Meydan TV Az\u0259rbaycan\u0131n media m\u0259kan\u0131ndak\u0131 alternativ s\u0259sidir\",\"publisher\":{\"@id\":\"https:\\\/\\\/www.meydan.tv\\\/az\\\/#organization\"},\"potentialAction\":[{\"@type\":\"SearchAction\",\"target\":{\"@type\":\"EntryPoint\",\"urlTemplate\":\"https:\\\/\\\/www.meydan.tv\\\/az\\\/?s={search_term_string}\"},\"query-input\":{\"@type\":\"PropertyValueSpecification\",\"valueRequired\":true,\"valueName\":\"search_term_string\"}}],\"inLanguage\":\"az\"},{\"@type\":\"Organization\",\"@id\":\"https:\\\/\\\/www.meydan.tv\\\/az\\\/#organization\",\"name\":\"Meydan TV\",\"url\":\"https:\\\/\\\/www.meydan.tv\\\/az\\\/\",\"logo\":{\"@type\":\"ImageObject\",\"inLanguage\":\"az\",\"@id\":\"https:\\\/\\\/www.meydan.tv\\\/az\\\/#\\\/schema\\\/logo\\\/image\\\/\",\"url\":\"https:\\\/\\\/www.meydan.tv\\\/wp-content\\\/uploads\\\/2021\\\/07\\\/meydan-logo.svg\",\"contentUrl\":\"https:\\\/\\\/www.meydan.tv\\\/wp-content\\\/uploads\\\/2021\\\/07\\\/meydan-logo.svg\",\"width\":195,\"height\":46,\"caption\":\"Meydan TV\"},\"image\":{\"@id\":\"https:\\\/\\\/www.meydan.tv\\\/az\\\/#\\\/schema\\\/logo\\\/image\\\/\"}},{\"@type\":\"Person\",\"@id\":\"https:\\\/\\\/www.meydan.tv\\\/az\\\/#\\\/schema\\\/person\\\/10d11eccf6da3662cf5fdab9806ea91a\",\"name\":\"user-manager\"}]}<\/script>\n<!-- \/ Yoast SEO plugin. -->","yoast_head_json":{"title":"\u015eamax\u0131 sakinl\u0259ri: D\u00f6ng\u0259l\u0259ri l\u0259\u011fv etm\u0259kl\u0259 minl\u0259rl\u0259 insan\u0131 \u0259ziyy\u0259t\u0259 sal\u0131blar - MEYDAN.TV","robots":{"index":"index","follow":"follow","max-snippet":"max-snippet:-1","max-image-preview":"max-image-preview:large","max-video-preview":"max-video-preview:-1"},"canonical":"https:\/\/www.meydan.tv\/az\/article\/samaxi-sakinleri-dongeleri-legv-etmekle-minlerle-insani-eziyyete-saliblar\/","og_locale":"az_AZ","og_type":"article","og_title":"\u015eamax\u0131 sakinl\u0259ri: D\u00f6ng\u0259l\u0259ri l\u0259\u011fv etm\u0259kl\u0259 minl\u0259rl\u0259 insan\u0131 \u0259ziyy\u0259t\u0259 sal\u0131blar - MEYDAN.TV","og_description":"\u201cQad\u0131n, u\u015faq, qoca, cavan \u2013 ham\u0131 o boyda magistral yolu beton ayr\u0131clar\u0131n \u00fcst\u00fcnd\u0259n hoppan\u0131b ke\u00e7ib gedir\".","og_url":"https:\/\/www.meydan.tv\/az\/article\/samaxi-sakinleri-dongeleri-legv-etmekle-minlerle-insani-eziyyete-saliblar\/","og_site_name":"MEYDAN.TV","article_published_time":"2020-02-21T16:02:06+00:00","og_image":[{"width":1280,"height":960,"url":"https:\/\/www.meydan.tv\/wp-content\/uploads\/image_from_ios_4_ideae9t.jpg","type":"image\/jpeg"}],"author":"user-manager","twitter_card":"summary_large_image","schema":{"@context":"https:\/\/schema.org","@graph":[{"@type":"Article","@id":"https:\/\/www.meydan.tv\/az\/article\/samaxi-sakinleri-dongeleri-legv-etmekle-minlerle-insani-eziyyete-saliblar\/#article","isPartOf":{"@id":"https:\/\/www.meydan.tv\/az\/article\/samaxi-sakinleri-dongeleri-legv-etmekle-minlerle-insani-eziyyete-saliblar\/"},"author":{"name":"user-manager","@id":"https:\/\/www.meydan.tv\/az\/#\/schema\/person\/10d11eccf6da3662cf5fdab9806ea91a"},"headline":"\u015eamax\u0131 sakinl\u0259ri: D\u00f6ng\u0259l\u0259ri l\u0259\u011fv etm\u0259kl\u0259 minl\u0259rl\u0259 insan\u0131 \u0259ziyy\u0259t\u0259 sal\u0131blar","datePublished":"2020-02-21T16:02:06+00:00","mainEntityOfPage":{"@id":"https:\/\/www.meydan.tv\/az\/article\/samaxi-sakinleri-dongeleri-legv-etmekle-minlerle-insani-eziyyete-saliblar\/"},"wordCount":1089,"publisher":{"@id":"https:\/\/www.meydan.tv\/az\/#organization"},"image":{"@id":"https:\/\/www.meydan.tv\/az\/article\/samaxi-sakinleri-dongeleri-legv-etmekle-minlerle-insani-eziyyete-saliblar\/#primaryimage"},"thumbnailUrl":"https:\/\/www.meydan.tv\/wp-content\/uploads\/image_from_ios_4_ideae9t.jpg","articleSection":["B\u00f6lg\u0259"],"inLanguage":"az"},{"@type":"WebPage","@id":"https:\/\/www.meydan.tv\/az\/article\/samaxi-sakinleri-dongeleri-legv-etmekle-minlerle-insani-eziyyete-saliblar\/","url":"https:\/\/www.meydan.tv\/az\/article\/samaxi-sakinleri-dongeleri-legv-etmekle-minlerle-insani-eziyyete-saliblar\/","name":"\u015eamax\u0131 sakinl\u0259ri: D\u00f6ng\u0259l\u0259ri l\u0259\u011fv etm\u0259kl\u0259 minl\u0259rl\u0259 insan\u0131 \u0259ziyy\u0259t\u0259 sal\u0131blar - MEYDAN.TV","isPartOf":{"@id":"https:\/\/www.meydan.tv\/az\/#website"},"primaryImageOfPage":{"@id":"https:\/\/www.meydan.tv\/az\/article\/samaxi-sakinleri-dongeleri-legv-etmekle-minlerle-insani-eziyyete-saliblar\/#primaryimage"},"image":{"@id":"https:\/\/www.meydan.tv\/az\/article\/samaxi-sakinleri-dongeleri-legv-etmekle-minlerle-insani-eziyyete-saliblar\/#primaryimage"},"thumbnailUrl":"https:\/\/www.meydan.tv\/wp-content\/uploads\/image_from_ios_4_ideae9t.jpg","datePublished":"2020-02-21T16:02:06+00:00","breadcrumb":{"@id":"https:\/\/www.meydan.tv\/az\/article\/samaxi-sakinleri-dongeleri-legv-etmekle-minlerle-insani-eziyyete-saliblar\/#breadcrumb"},"inLanguage":"az","potentialAction":[{"@type":"ReadAction","target":["https:\/\/www.meydan.tv\/az\/article\/samaxi-sakinleri-dongeleri-legv-etmekle-minlerle-insani-eziyyete-saliblar\/"]}]},{"@type":"ImageObject","inLanguage":"az","@id":"https:\/\/www.meydan.tv\/az\/article\/samaxi-sakinleri-dongeleri-legv-etmekle-minlerle-insani-eziyyete-saliblar\/#primaryimage","url":"https:\/\/www.meydan.tv\/wp-content\/uploads\/image_from_ios_4_ideae9t.jpg","contentUrl":"https:\/\/www.meydan.tv\/wp-content\/uploads\/image_from_ios_4_ideae9t.jpg","width":1280,"height":960,"caption":"Source: Specify Source"},{"@type":"BreadcrumbList","@id":"https:\/\/www.meydan.tv\/az\/article\/samaxi-sakinleri-dongeleri-legv-etmekle-minlerle-insani-eziyyete-saliblar\/#breadcrumb","itemListElement":[{"@type":"ListItem","position":1,"name":"Ana s\u0259hif\u0259","item":"https:\/\/www.meydan.tv\/az\/"},{"@type":"ListItem","position":2,"name":"B\u00f6lg\u0259","item":"https:\/\/www.meydan.tv\/az\/section\/bolge\/"},{"@type":"ListItem","position":3,"name":"\u015eamax\u0131 sakinl\u0259ri: D\u00f6ng\u0259l\u0259ri l\u0259\u011fv etm\u0259kl\u0259 minl\u0259rl\u0259 insan\u0131 \u0259ziyy\u0259t\u0259 sal\u0131blar"}]},{"@type":"WebSite","@id":"https:\/\/www.meydan.tv\/az\/#website","url":"https:\/\/www.meydan.tv\/az\/","name":"MEYDAN.TV","description":"Meydan TV Az\u0259rbaycan\u0131n media m\u0259kan\u0131ndak\u0131 alternativ s\u0259sidir","publisher":{"@id":"https:\/\/www.meydan.tv\/az\/#organization"},"potentialAction":[{"@type":"SearchAction","target":{"@type":"EntryPoint","urlTemplate":"https:\/\/www.meydan.tv\/az\/?s={search_term_string}"},"query-input":{"@type":"PropertyValueSpecification","valueRequired":true,"valueName":"search_term_string"}}],"inLanguage":"az"},{"@type":"Organization","@id":"https:\/\/www.meydan.tv\/az\/#organization","name":"Meydan TV","url":"https:\/\/www.meydan.tv\/az\/","logo":{"@type":"ImageObject","inLanguage":"az","@id":"https:\/\/www.meydan.tv\/az\/#\/schema\/logo\/image\/","url":"https:\/\/www.meydan.tv\/wp-content\/uploads\/2021\/07\/meydan-logo.svg","contentUrl":"https:\/\/www.meydan.tv\/wp-content\/uploads\/2021\/07\/meydan-logo.svg","width":195,"height":46,"caption":"Meydan TV"},"image":{"@id":"https:\/\/www.meydan.tv\/az\/#\/schema\/logo\/image\/"}},{"@type":"Person","@id":"https:\/\/www.meydan.tv\/az\/#\/schema\/person\/10d11eccf6da3662cf5fdab9806ea91a","name":"user-manager"}]}},"_links":{"self":[{"href":"https:\/\/www.meydan.tv\/az\/wp-json\/wp\/v2\/posts\/199391","targetHints":{"allow":["GET"]}}],"collection":[{"href":"https:\/\/www.meydan.tv\/az\/wp-json\/wp\/v2\/posts"}],"about":[{"href":"https:\/\/www.meydan.tv\/az\/wp-json\/wp\/v2\/types\/post"}],"author":[{"embeddable":true,"href":"https:\/\/www.meydan.tv\/az\/wp-json\/wp\/v2\/users\/11"}],"replies":[{"embeddable":true,"href":"https:\/\/www.meydan.tv\/az\/wp-json\/wp\/v2\/comments?post=199391"}],"version-history":[{"count":0,"href":"https:\/\/www.meydan.tv\/az\/wp-json\/wp\/v2\/posts\/199391\/revisions"}],"wp:featuredmedia":[{"embeddable":true,"href":"https:\/\/www.meydan.tv\/az\/wp-json\/wp\/v2\/media\/137967"}],"wp:attachment":[{"href":"https:\/\/www.meydan.tv\/az\/wp-json\/wp\/v2\/media?parent=199391"}],"wp:term":[{"taxonomy":"category","embeddable":true,"href":"https:\/\/www.meydan.tv\/az\/wp-json\/wp\/v2\/categories?post=199391"},{"taxonomy":"post_tag","embeddable":true,"href":"https:\/\/www.meydan.tv\/az\/wp-json\/wp\/v2\/tags?post=199391"}],"curies":[{"name":"wp","href":"https:\/\/api.w.org\/{rel}","templated":true}]}}