{"id":199386,"date":"2020-02-21T14:39:59","date_gmt":"2020-02-21T14:39:59","guid":{"rendered":"https:\/\/www.meydan.tv\/article\/zerdabda-kend-sakinleri-magistral-yolu-baglayiblar\/"},"modified":"2020-02-21T14:39:59","modified_gmt":"2020-02-21T14:39:59","slug":"zerdabda-kend-sakinleri-magistral-yolu-baglayiblar","status":"publish","type":"post","link":"https:\/\/www.meydan.tv\/az\/article\/zerdabda-kend-sakinleri-magistral-yolu-baglayiblar\/","title":{"rendered":"Z\u0259rdabda k\u0259nd sakinl\u0259ri magistral yolu ba\u011flay\u0131blar (yenil\u0259nib)"},"content":{"rendered":"<figure class=\"wp-block-embed is-type-video is-provider-youtube wp-block-embed-youtube wp-embed-aspect-16-9 wp-has-aspect-ratio\">\n<div class=\"wp-block-embed__wrapper\">\n    <iframe\ttitle=\"Z\u0259rdab rayonu \u00c7all\u0131 k\u0259ndind\u0259 etiraz aksiyas\u0131 ke\u00e7irilib\" width=\"1200\" height=\"675\" data-src=\"https:\/\/www.youtube.com\/embed\/watch?v=mloHLjwZP6w\"\tframeborder=\"0\"\tallow=\"accelerometer; autoplay; clipboard-write; encrypted-media; gyroscope; picture-in-picture\" allowfullscreen src=\"data:image\/svg+xml;base64,PHN2ZyB3aWR0aD0iMSIgaGVpZ2h0PSIxIiB4bWxucz0iaHR0cDovL3d3dy53My5vcmcvMjAwMC9zdmciPjwvc3ZnPg==\" class=\"lazyload\" data-load-mode=\"1\"><\/iframe>\n  <\/div><figcaption>\n    Z\u0259rdab rayonu \u00c7all\u0131 k\u0259ndind\u0259 etiraz aksiyas\u0131 ke\u00e7irilib<br \/>\n  <\/figcaption><\/figure>\n<p>\n  ***\n<\/p>\n<p>\n  <b><br \/>\n    17.58.<br \/>\n  <\/b><br \/>\n  <i><br \/>\n    K\u0259nd sakini Nizami H\u0259\u015fimov Meydan TV-y\u0259 bildirib ki, k\u0259nd sakinl\u0259ri rayona do\u011fru y\u00fcr\u00fc\u015f ed\u0259rk\u0259n onlar\u0131 icra ba\u015f\u00e7\u0131s\u0131 M\u0259rdan Camalzad\u0259 qar\u015f\u0131lay\u0131b. Nizami H\u0259\u015fimov icra ba\u015f\u00e7\u0131s\u0131n\u0131n haz\u0131rda k\u0259ndd\u0259 oldu\u011funu v\u0259 yax\u0131n saatlarda sakinl\u0259rl\u0259 g\u00f6r\u00fc\u015f\u0259c\u0259yini deyib:<br \/>\n  <\/i>\n<\/p>\n<p>\n  <i><br \/>\n    &quot;Bizim \u0259sas t\u0259l\u0259bimiz b\u0259l\u0259diyy\u0259nin l\u0259\u011fvi v\u0259 yeni se\u00e7kil\u0259rin ke\u00e7irilm\u0259sidir, \u00e7\u00fcnki \u00f6r\u00fc\u015f yerl\u0259rinin sat\u0131lmas\u0131nda b\u0259l\u0259diyy\u0259nin d\u0259 m\u0259suliyy\u0259ti var&quot;.<br \/>\n  <\/i>\n<\/p>\n<p>\n  <i><br \/>\n    O, saxlan\u0131lanlar\u0131n s\u0259rb\u0259st burax\u0131ld\u0131\u011f\u0131n\u0131 qeyd edib.<br \/>\n  <\/i>\n<\/p>\n<p>\n  ***\n<\/p>\n<p>\n  <i><br \/>\n    Sakinl\u0259r \u00f6r\u00fc\u015f sah\u0259l\u0259rinin \u0259ll\u0259rind\u0259n al\u0131nmas\u0131na etiraz edirl\u0259r<br \/>\n  <\/i>\n<\/p>\n<p>\n  Z\u0259rdab rayonunun \u00c7all\u0131 k\u0259ndind\u0259 \u00f6r\u00fc\u015f sah\u0259l\u0259ri \u0259ll\u0259rind\u0259n al\u0131nan k\u0259nd sakinl\u0259ri fevral\u0131n 20-d\u0259 etiraz aksiyas\u0131 ke\u00e7ir\u0259r\u0259k, magistral yolu ba\u011flay\u0131blar.\n<\/p>\n<p>\n  Bu bar\u0259d\u0259 Meydan TV-y\u0259 yerli sakinl\u0259rd\u0259n Dilq\u0259m Nem\u0259tov m\u0259lumat verib.\n<\/p>\n<p>\n  Dilq\u0259m Nem\u0259tov deyib ki, k\u0259nd camaat\u0131n\u0131n 500 hektar otlaq sah\u0259si var v\u0259 vaxtil\u0259 \u0259haliy\u0259 pay torpaq veril\u0259nd\u0259, h\u0259r\u0259 30 hektar g\u00f6t\u00fcrd\u00fc ki, otlaq sah\u0259si kimi istifad\u0259 etsin. H\u0259min sah\u0259ni icra hakimiyy\u0259ti v\u0259 b\u0259l\u0259diyy\u0259 sat\u0131b:\n<\/p>\n<p>\n  \u201c\u018frazi ke\u00e7mi\u015f icra ba\u015f\u00e7\u0131s\u0131 L\u00fctf\u0259li Babayevin fermas\u0131na v\u0259 ba\u015fqa adamlara sat\u0131l\u0131b. El\u0259 30 hektarda yer\u00fcst\u00fc bal\u0131q g\u00f6l\u00fc yarad\u0131l\u0131b. 3500 n\u0259f\u0259r \u0259halisi olan k\u0259ndd\u0259 750 t\u0259s\u0259rr\u00fcfat var. \u0130ndi sual yaran\u0131r. 750 t\u0259s\u0259rr\u00fcfat\u0131 olan insan mal\u0131n\u0131 harda otars\u0131n? Bunu ed\u0259nl\u0259r prezidentin g\u00f6st\u0259ri\u015fl\u0259rini pozurlar. \u00c7\u00fcnki yer\u00fcst\u00fc bal\u0131q g\u00f6l\u00fc torpaqlar\u0131 \u015foranla\u015fd\u0131r\u0131r. S\u0259h\u0259r rayonun b\u00fct\u00fcn polisl\u0259ri k\u0259nd\u0259 g\u0259ldi, sakinl\u0259rl\u0259 qar\u015f\u0131durma oldu. Aksiya zaman\u0131 bir n\u0259f\u0259r d\u00f6y\u00fcl\u0259r\u0259k x\u0259st\u0259xanaya apar\u0131ld\u0131. Sakinl\u0259rd\u0259n Cavid \u015eamilov, \u018flvida Mustafayev v\u0259 S\u0259id Mustafayev saxlan\u0131l\u0131b. Nem\u0259t \u018fliyev v\u0259 C\u0259f\u0259r \u018fhm\u0259dov is\u0259 d\u00f6y\u00fcl\u00fcb\u201d.\n<\/p>\n<p>\n  Z\u0259rdab Rayon \u0130cra Hakimiyy\u0259tinin V\u00fcsal adl\u0131 (soyad\u0131n\u0131 dem\u0259di)adl\u0131 n\u00f6vb\u0259t\u00e7isi bu bar\u0259d\u0259 a\u00e7\u0131qlama verm\u0259k ist\u0259m\u0259di. O, \u0130cra Hakimiyy\u0259tinin m\u00fcvafiq \u015f\u00f6b\u0259 m\u00fcdirl\u0259ri Rahim Nuriyev v\u0259 Namiz R\u00fcst\u0259movla \u0259laq\u0259 saxlama\u011f\u0131m\u0131z\u0131 m\u0259sl\u0259h\u0259t g\u00f6rd\u00fc.\n<\/p>\n<p>\n  Ancaq adlar\u0131 \u00e7\u0259kil\u0259n \u015f\u0259xsl\u0259rl\u0259 \u0259laq\u0259 saxlamaq c\u0259hdimiz ba\u015f tutmad\u0131.<\/p>\n","protected":false},"excerpt":{"rendered":"<p>Dilq\u0259m Nem\u0259tov deyib ki, k\u0259nd camaat\u0131n\u0131n 500 hektar otlaq sah\u0259si var v\u0259 vaxtil\u0259 \u0259haliy\u0259 pay torpaq veril\u0259nd\u0259, h\u0259r\u0259 30 hektar g\u00f6t\u00fcrd\u00fc ki, otlaq sah\u0259si kimi istifad\u0259 etsin<\/p>\n","protected":false},"author":11,"featured_media":137919,"comment_status":"closed","ping_status":"open","sticky":false,"template":"","format":"standard","meta":{"_acf_changed":false,"_sitemap_exclude":false,"_sitemap_priority":"","_sitemap_frequency":"","footnotes":""},"categories":[60],"tags":[],"class_list":["post-199386","post","type-post","status-publish","format-standard","has-post-thumbnail","hentry","category-bolge","infinite-scroll-item","generate-columns","tablet-grid-50","mobile-grid-100","grid-parent","grid-33","no-featured-image-padding"],"acf":[],"yoast_head":"<!-- This site is optimized with the Yoast SEO plugin v27.5 - https:\/\/yoast.com\/product\/yoast-seo-wordpress\/ -->\n<title>Z\u0259rdabda k\u0259nd sakinl\u0259ri magistral yolu ba\u011flay\u0131blar (yenil\u0259nib) - MEYDAN.TV<\/title>\n<meta name=\"robots\" content=\"index, follow, max-snippet:-1, max-image-preview:large, max-video-preview:-1\" \/>\n<link rel=\"canonical\" href=\"https:\/\/www.meydan.tv\/az\/article\/zerdabda-kend-sakinleri-magistral-yolu-baglayiblar\/\" \/>\n<meta property=\"og:locale\" content=\"az_AZ\" \/>\n<meta property=\"og:type\" content=\"article\" \/>\n<meta property=\"og:title\" content=\"Z\u0259rdabda k\u0259nd sakinl\u0259ri magistral yolu ba\u011flay\u0131blar (yenil\u0259nib) - MEYDAN.TV\" \/>\n<meta property=\"og:description\" content=\"Dilq\u0259m Nem\u0259tov deyib ki, k\u0259nd camaat\u0131n\u0131n 500 hektar otlaq sah\u0259si var v\u0259 vaxtil\u0259 \u0259haliy\u0259 pay torpaq veril\u0259nd\u0259, h\u0259r\u0259 30 hektar g\u00f6t\u00fcrd\u00fc ki, otlaq sah\u0259si kimi istifad\u0259 etsin\" \/>\n<meta property=\"og:url\" content=\"https:\/\/www.meydan.tv\/az\/article\/zerdabda-kend-sakinleri-magistral-yolu-baglayiblar\/\" \/>\n<meta property=\"og:site_name\" content=\"MEYDAN.TV\" \/>\n<meta property=\"article:published_time\" content=\"2020-02-21T14:39:59+00:00\" \/>\n<meta property=\"og:image\" content=\"https:\/\/www.meydan.tv\/wp-content\/uploads\/signal-attachment-2020-02-20-130305_004.jpeg\" \/>\n\t<meta property=\"og:image:width\" content=\"1280\" \/>\n\t<meta property=\"og:image:height\" content=\"960\" \/>\n\t<meta property=\"og:image:type\" content=\"image\/jpeg\" \/>\n<meta name=\"author\" content=\"user-manager\" \/>\n<meta name=\"twitter:card\" content=\"summary_large_image\" \/>\n<script type=\"application\/ld+json\" class=\"yoast-schema-graph\">{\"@context\":\"https:\\\/\\\/schema.org\",\"@graph\":[{\"@type\":\"Article\",\"@id\":\"https:\\\/\\\/www.meydan.tv\\\/az\\\/article\\\/zerdabda-kend-sakinleri-magistral-yolu-baglayiblar\\\/#article\",\"isPartOf\":{\"@id\":\"https:\\\/\\\/www.meydan.tv\\\/az\\\/article\\\/zerdabda-kend-sakinleri-magistral-yolu-baglayiblar\\\/\"},\"author\":{\"name\":\"user-manager\",\"@id\":\"https:\\\/\\\/www.meydan.tv\\\/az\\\/#\\\/schema\\\/person\\\/10d11eccf6da3662cf5fdab9806ea91a\"},\"headline\":\"Z\u0259rdabda k\u0259nd sakinl\u0259ri magistral yolu ba\u011flay\u0131blar (yenil\u0259nib)\",\"datePublished\":\"2020-02-21T14:39:59+00:00\",\"mainEntityOfPage\":{\"@id\":\"https:\\\/\\\/www.meydan.tv\\\/az\\\/article\\\/zerdabda-kend-sakinleri-magistral-yolu-baglayiblar\\\/\"},\"wordCount\":451,\"publisher\":{\"@id\":\"https:\\\/\\\/www.meydan.tv\\\/az\\\/#organization\"},\"image\":{\"@id\":\"https:\\\/\\\/www.meydan.tv\\\/az\\\/article\\\/zerdabda-kend-sakinleri-magistral-yolu-baglayiblar\\\/#primaryimage\"},\"thumbnailUrl\":\"https:\\\/\\\/www.meydan.tv\\\/wp-content\\\/uploads\\\/signal-attachment-2020-02-20-130305_004.jpeg\",\"articleSection\":[\"B\u00f6lg\u0259\"],\"inLanguage\":\"az\"},{\"@type\":\"WebPage\",\"@id\":\"https:\\\/\\\/www.meydan.tv\\\/az\\\/article\\\/zerdabda-kend-sakinleri-magistral-yolu-baglayiblar\\\/\",\"url\":\"https:\\\/\\\/www.meydan.tv\\\/az\\\/article\\\/zerdabda-kend-sakinleri-magistral-yolu-baglayiblar\\\/\",\"name\":\"Z\u0259rdabda k\u0259nd sakinl\u0259ri magistral yolu ba\u011flay\u0131blar (yenil\u0259nib) - MEYDAN.TV\",\"isPartOf\":{\"@id\":\"https:\\\/\\\/www.meydan.tv\\\/az\\\/#website\"},\"primaryImageOfPage\":{\"@id\":\"https:\\\/\\\/www.meydan.tv\\\/az\\\/article\\\/zerdabda-kend-sakinleri-magistral-yolu-baglayiblar\\\/#primaryimage\"},\"image\":{\"@id\":\"https:\\\/\\\/www.meydan.tv\\\/az\\\/article\\\/zerdabda-kend-sakinleri-magistral-yolu-baglayiblar\\\/#primaryimage\"},\"thumbnailUrl\":\"https:\\\/\\\/www.meydan.tv\\\/wp-content\\\/uploads\\\/signal-attachment-2020-02-20-130305_004.jpeg\",\"datePublished\":\"2020-02-21T14:39:59+00:00\",\"breadcrumb\":{\"@id\":\"https:\\\/\\\/www.meydan.tv\\\/az\\\/article\\\/zerdabda-kend-sakinleri-magistral-yolu-baglayiblar\\\/#breadcrumb\"},\"inLanguage\":\"az\",\"potentialAction\":[{\"@type\":\"ReadAction\",\"target\":[\"https:\\\/\\\/www.meydan.tv\\\/az\\\/article\\\/zerdabda-kend-sakinleri-magistral-yolu-baglayiblar\\\/\"]}]},{\"@type\":\"ImageObject\",\"inLanguage\":\"az\",\"@id\":\"https:\\\/\\\/www.meydan.tv\\\/az\\\/article\\\/zerdabda-kend-sakinleri-magistral-yolu-baglayiblar\\\/#primaryimage\",\"url\":\"https:\\\/\\\/www.meydan.tv\\\/wp-content\\\/uploads\\\/signal-attachment-2020-02-20-130305_004.jpeg\",\"contentUrl\":\"https:\\\/\\\/www.meydan.tv\\\/wp-content\\\/uploads\\\/signal-attachment-2020-02-20-130305_004.jpeg\",\"width\":1280,\"height\":960,\"caption\":\"Source: Specify Source\"},{\"@type\":\"BreadcrumbList\",\"@id\":\"https:\\\/\\\/www.meydan.tv\\\/az\\\/article\\\/zerdabda-kend-sakinleri-magistral-yolu-baglayiblar\\\/#breadcrumb\",\"itemListElement\":[{\"@type\":\"ListItem\",\"position\":1,\"name\":\"Ana s\u0259hif\u0259\",\"item\":\"https:\\\/\\\/www.meydan.tv\\\/az\\\/\"},{\"@type\":\"ListItem\",\"position\":2,\"name\":\"B\u00f6lg\u0259\",\"item\":\"https:\\\/\\\/www.meydan.tv\\\/az\\\/section\\\/bolge\\\/\"},{\"@type\":\"ListItem\",\"position\":3,\"name\":\"Z\u0259rdabda k\u0259nd sakinl\u0259ri magistral yolu ba\u011flay\u0131blar (yenil\u0259nib)\"}]},{\"@type\":\"WebSite\",\"@id\":\"https:\\\/\\\/www.meydan.tv\\\/az\\\/#website\",\"url\":\"https:\\\/\\\/www.meydan.tv\\\/az\\\/\",\"name\":\"MEYDAN.TV\",\"description\":\"Meydan TV Az\u0259rbaycan\u0131n media m\u0259kan\u0131ndak\u0131 alternativ s\u0259sidir\",\"publisher\":{\"@id\":\"https:\\\/\\\/www.meydan.tv\\\/az\\\/#organization\"},\"potentialAction\":[{\"@type\":\"SearchAction\",\"target\":{\"@type\":\"EntryPoint\",\"urlTemplate\":\"https:\\\/\\\/www.meydan.tv\\\/az\\\/?s={search_term_string}\"},\"query-input\":{\"@type\":\"PropertyValueSpecification\",\"valueRequired\":true,\"valueName\":\"search_term_string\"}}],\"inLanguage\":\"az\"},{\"@type\":\"Organization\",\"@id\":\"https:\\\/\\\/www.meydan.tv\\\/az\\\/#organization\",\"name\":\"Meydan TV\",\"url\":\"https:\\\/\\\/www.meydan.tv\\\/az\\\/\",\"logo\":{\"@type\":\"ImageObject\",\"inLanguage\":\"az\",\"@id\":\"https:\\\/\\\/www.meydan.tv\\\/az\\\/#\\\/schema\\\/logo\\\/image\\\/\",\"url\":\"https:\\\/\\\/www.meydan.tv\\\/wp-content\\\/uploads\\\/2021\\\/07\\\/meydan-logo.svg\",\"contentUrl\":\"https:\\\/\\\/www.meydan.tv\\\/wp-content\\\/uploads\\\/2021\\\/07\\\/meydan-logo.svg\",\"width\":195,\"height\":46,\"caption\":\"Meydan TV\"},\"image\":{\"@id\":\"https:\\\/\\\/www.meydan.tv\\\/az\\\/#\\\/schema\\\/logo\\\/image\\\/\"}},{\"@type\":\"Person\",\"@id\":\"https:\\\/\\\/www.meydan.tv\\\/az\\\/#\\\/schema\\\/person\\\/10d11eccf6da3662cf5fdab9806ea91a\",\"name\":\"user-manager\"}]}<\/script>\n<!-- \/ Yoast SEO plugin. -->","yoast_head_json":{"title":"Z\u0259rdabda k\u0259nd sakinl\u0259ri magistral yolu ba\u011flay\u0131blar (yenil\u0259nib) - MEYDAN.TV","robots":{"index":"index","follow":"follow","max-snippet":"max-snippet:-1","max-image-preview":"max-image-preview:large","max-video-preview":"max-video-preview:-1"},"canonical":"https:\/\/www.meydan.tv\/az\/article\/zerdabda-kend-sakinleri-magistral-yolu-baglayiblar\/","og_locale":"az_AZ","og_type":"article","og_title":"Z\u0259rdabda k\u0259nd sakinl\u0259ri magistral yolu ba\u011flay\u0131blar (yenil\u0259nib) - MEYDAN.TV","og_description":"Dilq\u0259m Nem\u0259tov deyib ki, k\u0259nd camaat\u0131n\u0131n 500 hektar otlaq sah\u0259si var v\u0259 vaxtil\u0259 \u0259haliy\u0259 pay torpaq veril\u0259nd\u0259, h\u0259r\u0259 30 hektar g\u00f6t\u00fcrd\u00fc ki, otlaq sah\u0259si kimi istifad\u0259 etsin","og_url":"https:\/\/www.meydan.tv\/az\/article\/zerdabda-kend-sakinleri-magistral-yolu-baglayiblar\/","og_site_name":"MEYDAN.TV","article_published_time":"2020-02-21T14:39:59+00:00","og_image":[{"width":1280,"height":960,"url":"https:\/\/www.meydan.tv\/wp-content\/uploads\/signal-attachment-2020-02-20-130305_004.jpeg","type":"image\/jpeg"}],"author":"user-manager","twitter_card":"summary_large_image","schema":{"@context":"https:\/\/schema.org","@graph":[{"@type":"Article","@id":"https:\/\/www.meydan.tv\/az\/article\/zerdabda-kend-sakinleri-magistral-yolu-baglayiblar\/#article","isPartOf":{"@id":"https:\/\/www.meydan.tv\/az\/article\/zerdabda-kend-sakinleri-magistral-yolu-baglayiblar\/"},"author":{"name":"user-manager","@id":"https:\/\/www.meydan.tv\/az\/#\/schema\/person\/10d11eccf6da3662cf5fdab9806ea91a"},"headline":"Z\u0259rdabda k\u0259nd sakinl\u0259ri magistral yolu ba\u011flay\u0131blar (yenil\u0259nib)","datePublished":"2020-02-21T14:39:59+00:00","mainEntityOfPage":{"@id":"https:\/\/www.meydan.tv\/az\/article\/zerdabda-kend-sakinleri-magistral-yolu-baglayiblar\/"},"wordCount":451,"publisher":{"@id":"https:\/\/www.meydan.tv\/az\/#organization"},"image":{"@id":"https:\/\/www.meydan.tv\/az\/article\/zerdabda-kend-sakinleri-magistral-yolu-baglayiblar\/#primaryimage"},"thumbnailUrl":"https:\/\/www.meydan.tv\/wp-content\/uploads\/signal-attachment-2020-02-20-130305_004.jpeg","articleSection":["B\u00f6lg\u0259"],"inLanguage":"az"},{"@type":"WebPage","@id":"https:\/\/www.meydan.tv\/az\/article\/zerdabda-kend-sakinleri-magistral-yolu-baglayiblar\/","url":"https:\/\/www.meydan.tv\/az\/article\/zerdabda-kend-sakinleri-magistral-yolu-baglayiblar\/","name":"Z\u0259rdabda k\u0259nd sakinl\u0259ri magistral yolu ba\u011flay\u0131blar (yenil\u0259nib) - MEYDAN.TV","isPartOf":{"@id":"https:\/\/www.meydan.tv\/az\/#website"},"primaryImageOfPage":{"@id":"https:\/\/www.meydan.tv\/az\/article\/zerdabda-kend-sakinleri-magistral-yolu-baglayiblar\/#primaryimage"},"image":{"@id":"https:\/\/www.meydan.tv\/az\/article\/zerdabda-kend-sakinleri-magistral-yolu-baglayiblar\/#primaryimage"},"thumbnailUrl":"https:\/\/www.meydan.tv\/wp-content\/uploads\/signal-attachment-2020-02-20-130305_004.jpeg","datePublished":"2020-02-21T14:39:59+00:00","breadcrumb":{"@id":"https:\/\/www.meydan.tv\/az\/article\/zerdabda-kend-sakinleri-magistral-yolu-baglayiblar\/#breadcrumb"},"inLanguage":"az","potentialAction":[{"@type":"ReadAction","target":["https:\/\/www.meydan.tv\/az\/article\/zerdabda-kend-sakinleri-magistral-yolu-baglayiblar\/"]}]},{"@type":"ImageObject","inLanguage":"az","@id":"https:\/\/www.meydan.tv\/az\/article\/zerdabda-kend-sakinleri-magistral-yolu-baglayiblar\/#primaryimage","url":"https:\/\/www.meydan.tv\/wp-content\/uploads\/signal-attachment-2020-02-20-130305_004.jpeg","contentUrl":"https:\/\/www.meydan.tv\/wp-content\/uploads\/signal-attachment-2020-02-20-130305_004.jpeg","width":1280,"height":960,"caption":"Source: Specify Source"},{"@type":"BreadcrumbList","@id":"https:\/\/www.meydan.tv\/az\/article\/zerdabda-kend-sakinleri-magistral-yolu-baglayiblar\/#breadcrumb","itemListElement":[{"@type":"ListItem","position":1,"name":"Ana s\u0259hif\u0259","item":"https:\/\/www.meydan.tv\/az\/"},{"@type":"ListItem","position":2,"name":"B\u00f6lg\u0259","item":"https:\/\/www.meydan.tv\/az\/section\/bolge\/"},{"@type":"ListItem","position":3,"name":"Z\u0259rdabda k\u0259nd sakinl\u0259ri magistral yolu ba\u011flay\u0131blar (yenil\u0259nib)"}]},{"@type":"WebSite","@id":"https:\/\/www.meydan.tv\/az\/#website","url":"https:\/\/www.meydan.tv\/az\/","name":"MEYDAN.TV","description":"Meydan TV Az\u0259rbaycan\u0131n media m\u0259kan\u0131ndak\u0131 alternativ s\u0259sidir","publisher":{"@id":"https:\/\/www.meydan.tv\/az\/#organization"},"potentialAction":[{"@type":"SearchAction","target":{"@type":"EntryPoint","urlTemplate":"https:\/\/www.meydan.tv\/az\/?s={search_term_string}"},"query-input":{"@type":"PropertyValueSpecification","valueRequired":true,"valueName":"search_term_string"}}],"inLanguage":"az"},{"@type":"Organization","@id":"https:\/\/www.meydan.tv\/az\/#organization","name":"Meydan TV","url":"https:\/\/www.meydan.tv\/az\/","logo":{"@type":"ImageObject","inLanguage":"az","@id":"https:\/\/www.meydan.tv\/az\/#\/schema\/logo\/image\/","url":"https:\/\/www.meydan.tv\/wp-content\/uploads\/2021\/07\/meydan-logo.svg","contentUrl":"https:\/\/www.meydan.tv\/wp-content\/uploads\/2021\/07\/meydan-logo.svg","width":195,"height":46,"caption":"Meydan TV"},"image":{"@id":"https:\/\/www.meydan.tv\/az\/#\/schema\/logo\/image\/"}},{"@type":"Person","@id":"https:\/\/www.meydan.tv\/az\/#\/schema\/person\/10d11eccf6da3662cf5fdab9806ea91a","name":"user-manager"}]}},"_links":{"self":[{"href":"https:\/\/www.meydan.tv\/az\/wp-json\/wp\/v2\/posts\/199386","targetHints":{"allow":["GET"]}}],"collection":[{"href":"https:\/\/www.meydan.tv\/az\/wp-json\/wp\/v2\/posts"}],"about":[{"href":"https:\/\/www.meydan.tv\/az\/wp-json\/wp\/v2\/types\/post"}],"author":[{"embeddable":true,"href":"https:\/\/www.meydan.tv\/az\/wp-json\/wp\/v2\/users\/11"}],"replies":[{"embeddable":true,"href":"https:\/\/www.meydan.tv\/az\/wp-json\/wp\/v2\/comments?post=199386"}],"version-history":[{"count":0,"href":"https:\/\/www.meydan.tv\/az\/wp-json\/wp\/v2\/posts\/199386\/revisions"}],"wp:featuredmedia":[{"embeddable":true,"href":"https:\/\/www.meydan.tv\/az\/wp-json\/wp\/v2\/media\/137919"}],"wp:attachment":[{"href":"https:\/\/www.meydan.tv\/az\/wp-json\/wp\/v2\/media?parent=199386"}],"wp:term":[{"taxonomy":"category","embeddable":true,"href":"https:\/\/www.meydan.tv\/az\/wp-json\/wp\/v2\/categories?post=199386"},{"taxonomy":"post_tag","embeddable":true,"href":"https:\/\/www.meydan.tv\/az\/wp-json\/wp\/v2\/tags?post=199386"}],"curies":[{"name":"wp","href":"https:\/\/api.w.org\/{rel}","templated":true}]}}