{"id":199360,"date":"2020-02-20T11:18:51","date_gmt":"2020-02-20T11:18:51","guid":{"rendered":"https:\/\/www.meydan.tv\/article\/atasi-xesteliyini-bilen-kimi-usaqdan-imtina-etdi\/"},"modified":"2020-02-20T11:18:51","modified_gmt":"2020-02-20T11:18:51","slug":"atasi-xesteliyini-bilen-kimi-usaqdan-imtina-etdi","status":"publish","type":"post","link":"https:\/\/www.meydan.tv\/az\/article\/atasi-xesteliyini-bilen-kimi-usaqdan-imtina-etdi\/","title":{"rendered":"\u201cAtas\u0131 x\u0259st\u0259liyini bil\u0259n kimi u\u015faqdan imtina etdi\u201d"},"content":{"rendered":"<p>\n  <i><br \/>\n    G\u0259nc\u0259 sakini: \u201cH\u0259kim dedi ki, bunun m\u00fcalic\u0259si var, amma g\u00fcc\u00fcm\u00fcz \u00e7atm\u0131r\u201d<br \/>\n  <\/i>\n<\/p>\n<p>\n  G\u0259nc\u0259d\u0259, K\u0259p\u0259z rayonunun M\u0259hs\u0259ti q\u0259s\u0259b\u0259sind\u0259 Ayxan Quliyevin ya\u015fad\u0131\u011f\u0131 evi \u00e7ox \u00e7\u0259tinlikl\u0259 tap\u0131r\u0131q. Serebral iflicd\u0259n \u0259ziyy\u0259t \u00e7\u0259k\u0259n 10 ya\u015fl\u0131 u\u015faq anas\u0131, n\u0259n\u0259si v\u0259 babas\u0131 il\u0259 toz-torpa\u011f\u0131n i\u00e7ind\u0259 itib-batan k\u00fc\u00e7\u0259l\u0259rin birind\u0259 ya\u015fay\u0131r.\n<\/p>\n<p>\n  <b><br \/>\n    \u201cAtas\u0131 dedi ki, neynirs\u0259n onu, apar ver u\u015faq evin\u0259\u201d<br \/>\n  <\/b>\n<\/p>\n<p>\n  Ayxan\u0131n anas\u0131 M\u0259tan\u0259t M\u0259mm\u0259dova deyir ki, o\u011flunun x\u0259st\u0259liyi do\u011fulandan bir m\u00fcdd\u0259t sonra \u00fcz\u0259 \u00e7\u0131x\u0131b. U\u015faq yerim\u0259y\u0259nd\u0259 h\u0259r \u015feyi anlay\u0131blar. El\u0259 o \u0259r\u0259f\u0259l\u0259rd\u0259 Ayxan\u0131n valideynl\u0259ri ayr\u0131lmaq q\u0259rar\u0131 veribmi\u015f. M\u0259tan\u0259t M\u0259mm\u0259dovan\u0131n dediyin\u0259 g\u00f6r\u0259, ata x\u0259st\u0259liyi bil\u0259n kimi u\u015faqdan imtina edib:\n<\/p>\n<p>\n  \u201cM\u0259n\u0259 dedi ki, neynirs\u0259n onu, apar ver u\u015faq evin\u0259. Bu ill\u0259r \u0259rzind\u0259 bir d\u0259f\u0259 d\u0259 yan\u0131na g\u0259lm\u0259yib. He\u00e7 aliment d\u0259 vermirdi, t\u0259z\u0259 alma\u011fa ba\u015flam\u0131\u015f\u0131q\u201d.\n<\/p>\n<p>\n  Ail\u0259 Ayxan\u0131n m\u00fcalic\u0259si \u00fc\u00e7\u00fcn \u00e7ox \u00e7al\u0131\u015f\u0131b. D\u0259f\u0259l\u0259rl\u0259 Bak\u0131 U\u015faq B\u0259rpa M\u0259rk\u0259zin\u0259, Ming\u0259\u00e7evir\u0259 apar\u0131blar, G\u0259nc\u0259d\u0259 d\u0259rdin\u0259 \u00e7ar\u0259 tapma\u011fa \u00e7al\u0131\u015f\u0131blar. N\u0259n\u0259 M\u00fc\u015fk\u00fcnaz M\u0259mm\u0259dova deyir ki, maddi imkanlar\u0131 pis oldu\u011fundan, vaxt\u0131nda ciddi m\u00fcalic\u0259 kursu ke\u00e7ilm\u0259yib, amma indi d\u0259 gec deyil. Biz\u0259 diqq\u0259tl\u0259 qulaq asan Ayxan\u0131n babas\u0131 \u018fb\u00fclf\u0259z M\u0259mm\u0259dov dill\u0259nir: \u201cMing\u0259\u00e7evird\u0259 h\u0259kim dedi ki, bunun Bak\u0131da m\u00fcalic\u0259si var, y\u00fcz faiz g\u0259z\u0259 bil\u0259r. Sad\u0259c\u0259, g\u00fcc\u00fcm\u00fcz \u00e7atm\u0131r\u201d.\n<\/p>\n<p>\n  Ail\u0259 m\u00fcalic\u0259 \u00fc\u00e7\u00fcn bank hesab\u0131 a\u00e7\u0131b, pul toplanaca\u011f\u0131na \u00fcmid edirl\u0259r. T\u0259xmin\u0259n 10 min manat laz\u0131md\u0131r. \u0130ndi ail\u0259 he\u00e7 bir add\u0131m ata bilmir. M\u00fc\u015fk\u00fcnaz M\u0259mm\u0259dova deyir ki, Ayxana 150 manat m\u00fcavin\u0259t verilir, h\u0259min pulu da tamamil\u0259 u\u015fa\u011f\u0131n m\u00fcalic\u0259sin\u0259 x\u0259rcl\u0259yirl\u0259r. H\u0259l\u0259lik imkan bir ne\u00e7\u0259 d\u0259rman alma\u011fa \u00e7at\u0131r.\n<\/p>\n<p>\n  <b><br \/>\n    \u201cEl\u0259 g\u00fcn olub ki, 2 manata i\u015fl\u0259mi\u015f\u0259m\u201d<br \/>\n  <\/b>\n<\/p>\n<p>\n  Ayxan\u0131n yax\u0131nlar\u0131 \u00e7\u0259tin \u015f\u0259rtl\u0259r alt\u0131nda ya\u015fay\u0131r, amma bunu dil\u0259 g\u0259tirm\u0259m\u0259y\u0259 \u00e7al\u0131\u015f\u0131rlar. Bu haqda xeyli sual verm\u0259li oluruq. U\u015fa\u011f\u0131n babas\u0131 deyir ki, buralarda i\u015f tapmaq m\u00fcmk\u00fcn deyil. \u018fb\u00fclf\u0259z M\u0259mm\u0259dov daha \u00e7ox g\u00fcn\u0259muzd f\u0259hl\u0259 i\u015fi tapma\u011fa \u00e7al\u0131\u015f\u0131r. Amma h\u0259r g\u00fcn i\u015f olmur. B\u0259z\u0259n bir g\u00fcn i\u015f tapandan sonra xeyli g\u00f6zl\u0259m\u0259k laz\u0131m g\u0259lir. G\u00fcn \u0259rzind\u0259 a\u011f\u0131r i\u015f m\u00fcqabilind\u0259 5-10 manat qazan\u0131r: \u201cEl\u0259 g\u00fcn olub ki, 2 manata i\u015fl\u0259mi\u015f\u0259m\u201d.\n<\/p>\n<figure class=\"wp-block-image size-large\">\n  <img decoding=\"async\" src=\"https:\/\/www.meydan.tv\/az\/image_from_ios-jpg-144\/\" alt=\"image_from_ios.jpg\" class=\"wp-image-137892\"\/><figcaption>\n    Ayxan Quliyevin ya\u015fad\u0131\u011f\u0131 ev<br \/>\n  <\/figcaption><\/figure>\n<p>\n  U\u015fa\u011f\u0131n babas\u0131 s\u0259hh\u0259tind\u0259ki probleml\u0259r\u0259 g\u00f6r\u0259 ona da \u0259lillik d\u0259r\u0259c\u0259si d\u00fc\u015fd\u00fcy\u00fcn\u00fc, amma he\u00e7 c\u00fcr pensiya ala bilm\u0259diyini deyir. \u00dcmumiyy\u0259tl\u0259, ev\u0259 onun h\u0259rd\u0259n qazand\u0131\u011f\u0131 5-10 manatdan, bir d\u0259 n\u0259v\u0259sinin m\u00fcavin\u0259tind\u0259n ba\u015fqa pul g\u0259lmir. M\u0259tan\u0259t M\u0259mm\u0259dova deyir ki, sosial yard\u0131m \u00fc\u00e7\u00fcn m\u00fcraci\u0259t edibl\u0259r, amma Ayxana veril\u0259n pula g\u00f6r\u0259 r\u0259dd cavab\u0131 al\u0131blar. Bu m\u0259qamda atas\u0131 \u0259lav\u0259 edir ki, G\u0259nc\u0259d\u0259 tan\u0131d\u0131\u011f\u0131 xeyli pullu adama sosial yard\u0131m verilir.\n<\/p>\n<p>\n  D\u00f6vl\u0259t Sosial M\u00fcdafi\u0259 Fondunun G\u0259nc\u0259 \u015e\u0259h\u0259r \u015e\u00f6b\u0259sind\u0259n is\u0259 Meydan TV-y\u0259 bildirilib ki, sosial m\u00fcavin\u0259tl\u0259r \u00fc\u00e7\u00fcn elektron \u015f\u0259kild\u0259 m\u00fcraci\u0259t olunur v\u0259 m\u0259lumatlara baxaraq q\u0259rar verilir.\n<\/p>\n<p>\n  M\u00fc\u015fk\u00fcnaz M\u0259mm\u0259dova \u015f\u0259h\u0259rd\u0259 bir ne\u00e7\u0259 g\u0259ncin pul toplayaraq imkans\u0131z ail\u0259l\u0259r\u0259 yard\u0131m\u0131ndan dan\u0131\u015f\u0131r, onlara xeyli dua edir: \u201c150 manat biri vermi\u015fdi, 100 manat ba\u015fqas\u0131\u201d.\n<\/p>\n<p>\n  M\u0259tan\u0259t M\u0259mm\u0259dova Heyd\u0259r \u018fliyev Fondunun r\u0259hb\u0259ri, vitse-prezident Mehriban \u018fliyevaya m\u0259ktub yazmalar\u0131n\u0131 yada sal\u0131r. Cavab g\u0259lm\u0259yib. D\u00fc\u015f\u00fcn\u00fcrl\u0259r ki, m\u0259ktub he\u00e7 vitse-prezident\u0259 \u00e7atmay\u0131b.\n<\/p>\n<p>\n  \u201cG\u00f6r\u0259s\u0259n Zaurun, Xo\u015fq\u0259d\u0259min verili\u015fin\u0259 \u00e7\u0131xmaq olar?\u201d, &#8211; bu yerd\u0259 \u018fb\u00fclf\u0259z M\u0259mm\u0259dov soru\u015fur.\n<\/p>\n<figure class=\"wp-block-image size-large\">\n  <img decoding=\"async\" src=\"https:\/\/www.meydan.tv\/az\/image_from_ios-1-jpg-101\/\" alt=\"image_from_ios (1).jpg\" class=\"wp-image-137898\"\/><figcaption>\n    \u018fb\u00fclf\u0259z M\u0259mm\u0259dov<br \/>\n  <\/figcaption><\/figure>\n<p>\n  <b><br \/>\n    \u201cNe\u00e7\u0259 d\u0259f\u0259 y\u0131x\u0131lm\u0131\u015fam\u201d<br \/>\n  <\/b>\n<\/p>\n<p>\n  Ayxan n\u0259 g\u0259z\u0259 bilir, n\u0259 d\u0259 dan\u0131\u015f\u0131r. G\u00fcn\u00fc oturmaqla, uzanmaqla ke\u00e7ir. B\u00f6y\u00fcd\u00fckc\u0259 \u00e7\u0259kisi d\u0259 art\u0131r. N\u0259n\u0259si deyir ki, daha u\u015fa\u011fa g\u00fcc\u00fc \u00e7atm\u0131r:\n<\/p>\n<p>\n  \u201cNe\u00e7\u0259 d\u0259f\u0259 saxlaya bilm\u0259yib y\u0131x\u0131lm\u0131\u015fam\u201d.\n<\/p>\n<p>\n  Ayxan he\u00e7 vaxt m\u0259kt\u0259b\u0259 getm\u0259yib. Babas\u0131 gileyl\u0259nir ki, g\u0259lib evd\u0259 d\u0259rs ke\u00e7m\u0259lidil\u0259r, amma u\u015fa\u011f\u0131n x\u0259st\u0259liyini b\u0259han\u0259 edirl\u0259r.\n<\/p>\n<p>\n  M\u00fc\u015fk\u00fcnaz xan\u0131m dan\u0131\u015f\u0131r ki, n\u0259v\u0259sini evd\u0259 ham\u0131n\u0131n g\u0259zm\u0259si, amma onun bunu bacarmamas\u0131 hirsl\u0259ndirir. Ayxan biziml\u0259 dan\u0131\u015fmaq ist\u0259yir. N\u0259s\u0259 dem\u0259y\u0259 \u00e7al\u0131\u015f\u0131r, amma anla\u015f\u0131lm\u0131r. N\u0259n\u0259si ayd\u0131nla\u015fd\u0131r\u0131r ki, hirsl\u0259nm\u0259yi haqq\u0131nda dan\u0131\u015f\u0131lanlar xo\u015funa g\u0259lmir.\n<\/p>\n<p>\n  Evd\u0259 s\u00f6hb\u0259t etdiyimiz adamlar\u0131n fotolar\u0131n\u0131 \u00e7\u0259kirik. Xahi\u015f edirl\u0259r ki, yaz\u0131da u\u015fa\u011f\u0131n anas\u0131n\u0131n \u015f\u0259kli olmas\u0131n, ail\u0259si da\u011f\u0131lan qad\u0131nlar\u0131n internetd\u0259 fotolar\u0131n\u0131n yay\u0131lmas\u0131 q\u0259s\u0259b\u0259d\u0259 yax\u015f\u0131 qar\u015f\u0131lanm\u0131r. Raz\u0131la\u015f\u0131r\u0131q. Ayxan yen\u0259 n\u0259s\u0259 dem\u0259y\u0259 \u00e7al\u0131\u015f\u0131r. G\u00fcl\u00fcms\u00fcn\u00fcr. Biziml\u0259 s\u00f6hb\u0259t xo\u015funa g\u0259lib. N\u0259n\u0259si deyir ki, Ayxan\u0131n t\u0259b\u0259ss\u00fcm\u00fc onu xo\u015fb\u0259xt edir, birc\u0259 sa\u011falsayd\u0131&#8230;<\/p>\n","protected":false},"excerpt":{"rendered":"<p>M\u00fc\u015fk\u00fcnaz M\u0259mm\u0259dova \u015f\u0259h\u0259rd\u0259 bir ne\u00e7\u0259 g\u0259ncin pul toplayaraq imkans\u0131z ail\u0259l\u0259r\u0259 yard\u0131m\u0131ndan dan\u0131\u015f\u0131r, onlara xeyli dua edir<\/p>\n","protected":false},"author":11,"featured_media":137895,"comment_status":"closed","ping_status":"open","sticky":false,"template":"","format":"standard","meta":{"_acf_changed":false,"_sitemap_exclude":false,"_sitemap_priority":"","_sitemap_frequency":"","footnotes":""},"categories":[60],"tags":[],"class_list":["post-199360","post","type-post","status-publish","format-standard","has-post-thumbnail","hentry","category-bolge","infinite-scroll-item","generate-columns","tablet-grid-50","mobile-grid-100","grid-parent","grid-33","no-featured-image-padding"],"acf":[],"yoast_head":"<!-- This site is optimized with the Yoast SEO plugin v27.5 - https:\/\/yoast.com\/product\/yoast-seo-wordpress\/ -->\n<title>\u201cAtas\u0131 x\u0259st\u0259liyini bil\u0259n kimi u\u015faqdan imtina etdi\u201d - MEYDAN.TV<\/title>\n<meta name=\"robots\" content=\"index, follow, max-snippet:-1, max-image-preview:large, max-video-preview:-1\" \/>\n<link rel=\"canonical\" href=\"https:\/\/www.meydan.tv\/az\/article\/atasi-xesteliyini-bilen-kimi-usaqdan-imtina-etdi\/\" \/>\n<meta property=\"og:locale\" content=\"az_AZ\" \/>\n<meta property=\"og:type\" content=\"article\" \/>\n<meta property=\"og:title\" content=\"\u201cAtas\u0131 x\u0259st\u0259liyini bil\u0259n kimi u\u015faqdan imtina etdi\u201d - MEYDAN.TV\" \/>\n<meta property=\"og:description\" content=\"M\u00fc\u015fk\u00fcnaz M\u0259mm\u0259dova \u015f\u0259h\u0259rd\u0259 bir ne\u00e7\u0259 g\u0259ncin pul toplayaraq imkans\u0131z ail\u0259l\u0259r\u0259 yard\u0131m\u0131ndan dan\u0131\u015f\u0131r, onlara xeyli dua edir\" \/>\n<meta property=\"og:url\" content=\"https:\/\/www.meydan.tv\/az\/article\/atasi-xesteliyini-bilen-kimi-usaqdan-imtina-etdi\/\" \/>\n<meta property=\"og:site_name\" content=\"MEYDAN.TV\" \/>\n<meta property=\"article:published_time\" content=\"2020-02-20T11:18:51+00:00\" \/>\n<meta property=\"og:image\" content=\"https:\/\/www.meydan.tv\/wp-content\/uploads\/20200220_111207.jpg\" \/>\n\t<meta property=\"og:image:width\" content=\"726\" \/>\n\t<meta property=\"og:image:height\" content=\"570\" \/>\n\t<meta property=\"og:image:type\" content=\"image\/jpeg\" \/>\n<meta name=\"author\" content=\"user-manager\" \/>\n<meta name=\"twitter:card\" content=\"summary_large_image\" \/>\n<script type=\"application\/ld+json\" class=\"yoast-schema-graph\">{\"@context\":\"https:\\\/\\\/schema.org\",\"@graph\":[{\"@type\":\"Article\",\"@id\":\"https:\\\/\\\/www.meydan.tv\\\/az\\\/article\\\/atasi-xesteliyini-bilen-kimi-usaqdan-imtina-etdi\\\/#article\",\"isPartOf\":{\"@id\":\"https:\\\/\\\/www.meydan.tv\\\/az\\\/article\\\/atasi-xesteliyini-bilen-kimi-usaqdan-imtina-etdi\\\/\"},\"author\":{\"name\":\"user-manager\",\"@id\":\"https:\\\/\\\/www.meydan.tv\\\/az\\\/#\\\/schema\\\/person\\\/10d11eccf6da3662cf5fdab9806ea91a\"},\"headline\":\"\u201cAtas\u0131 x\u0259st\u0259liyini bil\u0259n kimi u\u015faqdan imtina etdi\u201d\",\"datePublished\":\"2020-02-20T11:18:51+00:00\",\"mainEntityOfPage\":{\"@id\":\"https:\\\/\\\/www.meydan.tv\\\/az\\\/article\\\/atasi-xesteliyini-bilen-kimi-usaqdan-imtina-etdi\\\/\"},\"wordCount\":985,\"publisher\":{\"@id\":\"https:\\\/\\\/www.meydan.tv\\\/az\\\/#organization\"},\"image\":{\"@id\":\"https:\\\/\\\/www.meydan.tv\\\/az\\\/article\\\/atasi-xesteliyini-bilen-kimi-usaqdan-imtina-etdi\\\/#primaryimage\"},\"thumbnailUrl\":\"https:\\\/\\\/www.meydan.tv\\\/wp-content\\\/uploads\\\/20200220_111207.jpg\",\"articleSection\":[\"B\u00f6lg\u0259\"],\"inLanguage\":\"az\"},{\"@type\":\"WebPage\",\"@id\":\"https:\\\/\\\/www.meydan.tv\\\/az\\\/article\\\/atasi-xesteliyini-bilen-kimi-usaqdan-imtina-etdi\\\/\",\"url\":\"https:\\\/\\\/www.meydan.tv\\\/az\\\/article\\\/atasi-xesteliyini-bilen-kimi-usaqdan-imtina-etdi\\\/\",\"name\":\"\u201cAtas\u0131 x\u0259st\u0259liyini bil\u0259n kimi u\u015faqdan imtina etdi\u201d - MEYDAN.TV\",\"isPartOf\":{\"@id\":\"https:\\\/\\\/www.meydan.tv\\\/az\\\/#website\"},\"primaryImageOfPage\":{\"@id\":\"https:\\\/\\\/www.meydan.tv\\\/az\\\/article\\\/atasi-xesteliyini-bilen-kimi-usaqdan-imtina-etdi\\\/#primaryimage\"},\"image\":{\"@id\":\"https:\\\/\\\/www.meydan.tv\\\/az\\\/article\\\/atasi-xesteliyini-bilen-kimi-usaqdan-imtina-etdi\\\/#primaryimage\"},\"thumbnailUrl\":\"https:\\\/\\\/www.meydan.tv\\\/wp-content\\\/uploads\\\/20200220_111207.jpg\",\"datePublished\":\"2020-02-20T11:18:51+00:00\",\"breadcrumb\":{\"@id\":\"https:\\\/\\\/www.meydan.tv\\\/az\\\/article\\\/atasi-xesteliyini-bilen-kimi-usaqdan-imtina-etdi\\\/#breadcrumb\"},\"inLanguage\":\"az\",\"potentialAction\":[{\"@type\":\"ReadAction\",\"target\":[\"https:\\\/\\\/www.meydan.tv\\\/az\\\/article\\\/atasi-xesteliyini-bilen-kimi-usaqdan-imtina-etdi\\\/\"]}]},{\"@type\":\"ImageObject\",\"inLanguage\":\"az\",\"@id\":\"https:\\\/\\\/www.meydan.tv\\\/az\\\/article\\\/atasi-xesteliyini-bilen-kimi-usaqdan-imtina-etdi\\\/#primaryimage\",\"url\":\"https:\\\/\\\/www.meydan.tv\\\/wp-content\\\/uploads\\\/20200220_111207.jpg\",\"contentUrl\":\"https:\\\/\\\/www.meydan.tv\\\/wp-content\\\/uploads\\\/20200220_111207.jpg\",\"width\":726,\"height\":570,\"caption\":\"Source: Specify Source\"},{\"@type\":\"BreadcrumbList\",\"@id\":\"https:\\\/\\\/www.meydan.tv\\\/az\\\/article\\\/atasi-xesteliyini-bilen-kimi-usaqdan-imtina-etdi\\\/#breadcrumb\",\"itemListElement\":[{\"@type\":\"ListItem\",\"position\":1,\"name\":\"Ana s\u0259hif\u0259\",\"item\":\"https:\\\/\\\/www.meydan.tv\\\/az\\\/\"},{\"@type\":\"ListItem\",\"position\":2,\"name\":\"B\u00f6lg\u0259\",\"item\":\"https:\\\/\\\/www.meydan.tv\\\/az\\\/section\\\/bolge\\\/\"},{\"@type\":\"ListItem\",\"position\":3,\"name\":\"\u201cAtas\u0131 x\u0259st\u0259liyini bil\u0259n kimi u\u015faqdan imtina etdi\u201d\"}]},{\"@type\":\"WebSite\",\"@id\":\"https:\\\/\\\/www.meydan.tv\\\/az\\\/#website\",\"url\":\"https:\\\/\\\/www.meydan.tv\\\/az\\\/\",\"name\":\"MEYDAN.TV\",\"description\":\"Meydan TV Az\u0259rbaycan\u0131n media m\u0259kan\u0131ndak\u0131 alternativ s\u0259sidir\",\"publisher\":{\"@id\":\"https:\\\/\\\/www.meydan.tv\\\/az\\\/#organization\"},\"potentialAction\":[{\"@type\":\"SearchAction\",\"target\":{\"@type\":\"EntryPoint\",\"urlTemplate\":\"https:\\\/\\\/www.meydan.tv\\\/az\\\/?s={search_term_string}\"},\"query-input\":{\"@type\":\"PropertyValueSpecification\",\"valueRequired\":true,\"valueName\":\"search_term_string\"}}],\"inLanguage\":\"az\"},{\"@type\":\"Organization\",\"@id\":\"https:\\\/\\\/www.meydan.tv\\\/az\\\/#organization\",\"name\":\"Meydan TV\",\"url\":\"https:\\\/\\\/www.meydan.tv\\\/az\\\/\",\"logo\":{\"@type\":\"ImageObject\",\"inLanguage\":\"az\",\"@id\":\"https:\\\/\\\/www.meydan.tv\\\/az\\\/#\\\/schema\\\/logo\\\/image\\\/\",\"url\":\"https:\\\/\\\/www.meydan.tv\\\/wp-content\\\/uploads\\\/2021\\\/07\\\/meydan-logo.svg\",\"contentUrl\":\"https:\\\/\\\/www.meydan.tv\\\/wp-content\\\/uploads\\\/2021\\\/07\\\/meydan-logo.svg\",\"width\":195,\"height\":46,\"caption\":\"Meydan TV\"},\"image\":{\"@id\":\"https:\\\/\\\/www.meydan.tv\\\/az\\\/#\\\/schema\\\/logo\\\/image\\\/\"}},{\"@type\":\"Person\",\"@id\":\"https:\\\/\\\/www.meydan.tv\\\/az\\\/#\\\/schema\\\/person\\\/10d11eccf6da3662cf5fdab9806ea91a\",\"name\":\"user-manager\"}]}<\/script>\n<!-- \/ Yoast SEO plugin. -->","yoast_head_json":{"title":"\u201cAtas\u0131 x\u0259st\u0259liyini bil\u0259n kimi u\u015faqdan imtina etdi\u201d - MEYDAN.TV","robots":{"index":"index","follow":"follow","max-snippet":"max-snippet:-1","max-image-preview":"max-image-preview:large","max-video-preview":"max-video-preview:-1"},"canonical":"https:\/\/www.meydan.tv\/az\/article\/atasi-xesteliyini-bilen-kimi-usaqdan-imtina-etdi\/","og_locale":"az_AZ","og_type":"article","og_title":"\u201cAtas\u0131 x\u0259st\u0259liyini bil\u0259n kimi u\u015faqdan imtina etdi\u201d - MEYDAN.TV","og_description":"M\u00fc\u015fk\u00fcnaz M\u0259mm\u0259dova \u015f\u0259h\u0259rd\u0259 bir ne\u00e7\u0259 g\u0259ncin pul toplayaraq imkans\u0131z ail\u0259l\u0259r\u0259 yard\u0131m\u0131ndan dan\u0131\u015f\u0131r, onlara xeyli dua edir","og_url":"https:\/\/www.meydan.tv\/az\/article\/atasi-xesteliyini-bilen-kimi-usaqdan-imtina-etdi\/","og_site_name":"MEYDAN.TV","article_published_time":"2020-02-20T11:18:51+00:00","og_image":[{"width":726,"height":570,"url":"https:\/\/www.meydan.tv\/wp-content\/uploads\/20200220_111207.jpg","type":"image\/jpeg"}],"author":"user-manager","twitter_card":"summary_large_image","schema":{"@context":"https:\/\/schema.org","@graph":[{"@type":"Article","@id":"https:\/\/www.meydan.tv\/az\/article\/atasi-xesteliyini-bilen-kimi-usaqdan-imtina-etdi\/#article","isPartOf":{"@id":"https:\/\/www.meydan.tv\/az\/article\/atasi-xesteliyini-bilen-kimi-usaqdan-imtina-etdi\/"},"author":{"name":"user-manager","@id":"https:\/\/www.meydan.tv\/az\/#\/schema\/person\/10d11eccf6da3662cf5fdab9806ea91a"},"headline":"\u201cAtas\u0131 x\u0259st\u0259liyini bil\u0259n kimi u\u015faqdan imtina etdi\u201d","datePublished":"2020-02-20T11:18:51+00:00","mainEntityOfPage":{"@id":"https:\/\/www.meydan.tv\/az\/article\/atasi-xesteliyini-bilen-kimi-usaqdan-imtina-etdi\/"},"wordCount":985,"publisher":{"@id":"https:\/\/www.meydan.tv\/az\/#organization"},"image":{"@id":"https:\/\/www.meydan.tv\/az\/article\/atasi-xesteliyini-bilen-kimi-usaqdan-imtina-etdi\/#primaryimage"},"thumbnailUrl":"https:\/\/www.meydan.tv\/wp-content\/uploads\/20200220_111207.jpg","articleSection":["B\u00f6lg\u0259"],"inLanguage":"az"},{"@type":"WebPage","@id":"https:\/\/www.meydan.tv\/az\/article\/atasi-xesteliyini-bilen-kimi-usaqdan-imtina-etdi\/","url":"https:\/\/www.meydan.tv\/az\/article\/atasi-xesteliyini-bilen-kimi-usaqdan-imtina-etdi\/","name":"\u201cAtas\u0131 x\u0259st\u0259liyini bil\u0259n kimi u\u015faqdan imtina etdi\u201d - MEYDAN.TV","isPartOf":{"@id":"https:\/\/www.meydan.tv\/az\/#website"},"primaryImageOfPage":{"@id":"https:\/\/www.meydan.tv\/az\/article\/atasi-xesteliyini-bilen-kimi-usaqdan-imtina-etdi\/#primaryimage"},"image":{"@id":"https:\/\/www.meydan.tv\/az\/article\/atasi-xesteliyini-bilen-kimi-usaqdan-imtina-etdi\/#primaryimage"},"thumbnailUrl":"https:\/\/www.meydan.tv\/wp-content\/uploads\/20200220_111207.jpg","datePublished":"2020-02-20T11:18:51+00:00","breadcrumb":{"@id":"https:\/\/www.meydan.tv\/az\/article\/atasi-xesteliyini-bilen-kimi-usaqdan-imtina-etdi\/#breadcrumb"},"inLanguage":"az","potentialAction":[{"@type":"ReadAction","target":["https:\/\/www.meydan.tv\/az\/article\/atasi-xesteliyini-bilen-kimi-usaqdan-imtina-etdi\/"]}]},{"@type":"ImageObject","inLanguage":"az","@id":"https:\/\/www.meydan.tv\/az\/article\/atasi-xesteliyini-bilen-kimi-usaqdan-imtina-etdi\/#primaryimage","url":"https:\/\/www.meydan.tv\/wp-content\/uploads\/20200220_111207.jpg","contentUrl":"https:\/\/www.meydan.tv\/wp-content\/uploads\/20200220_111207.jpg","width":726,"height":570,"caption":"Source: Specify Source"},{"@type":"BreadcrumbList","@id":"https:\/\/www.meydan.tv\/az\/article\/atasi-xesteliyini-bilen-kimi-usaqdan-imtina-etdi\/#breadcrumb","itemListElement":[{"@type":"ListItem","position":1,"name":"Ana s\u0259hif\u0259","item":"https:\/\/www.meydan.tv\/az\/"},{"@type":"ListItem","position":2,"name":"B\u00f6lg\u0259","item":"https:\/\/www.meydan.tv\/az\/section\/bolge\/"},{"@type":"ListItem","position":3,"name":"\u201cAtas\u0131 x\u0259st\u0259liyini bil\u0259n kimi u\u015faqdan imtina etdi\u201d"}]},{"@type":"WebSite","@id":"https:\/\/www.meydan.tv\/az\/#website","url":"https:\/\/www.meydan.tv\/az\/","name":"MEYDAN.TV","description":"Meydan TV Az\u0259rbaycan\u0131n media m\u0259kan\u0131ndak\u0131 alternativ s\u0259sidir","publisher":{"@id":"https:\/\/www.meydan.tv\/az\/#organization"},"potentialAction":[{"@type":"SearchAction","target":{"@type":"EntryPoint","urlTemplate":"https:\/\/www.meydan.tv\/az\/?s={search_term_string}"},"query-input":{"@type":"PropertyValueSpecification","valueRequired":true,"valueName":"search_term_string"}}],"inLanguage":"az"},{"@type":"Organization","@id":"https:\/\/www.meydan.tv\/az\/#organization","name":"Meydan TV","url":"https:\/\/www.meydan.tv\/az\/","logo":{"@type":"ImageObject","inLanguage":"az","@id":"https:\/\/www.meydan.tv\/az\/#\/schema\/logo\/image\/","url":"https:\/\/www.meydan.tv\/wp-content\/uploads\/2021\/07\/meydan-logo.svg","contentUrl":"https:\/\/www.meydan.tv\/wp-content\/uploads\/2021\/07\/meydan-logo.svg","width":195,"height":46,"caption":"Meydan TV"},"image":{"@id":"https:\/\/www.meydan.tv\/az\/#\/schema\/logo\/image\/"}},{"@type":"Person","@id":"https:\/\/www.meydan.tv\/az\/#\/schema\/person\/10d11eccf6da3662cf5fdab9806ea91a","name":"user-manager"}]}},"_links":{"self":[{"href":"https:\/\/www.meydan.tv\/az\/wp-json\/wp\/v2\/posts\/199360","targetHints":{"allow":["GET"]}}],"collection":[{"href":"https:\/\/www.meydan.tv\/az\/wp-json\/wp\/v2\/posts"}],"about":[{"href":"https:\/\/www.meydan.tv\/az\/wp-json\/wp\/v2\/types\/post"}],"author":[{"embeddable":true,"href":"https:\/\/www.meydan.tv\/az\/wp-json\/wp\/v2\/users\/11"}],"replies":[{"embeddable":true,"href":"https:\/\/www.meydan.tv\/az\/wp-json\/wp\/v2\/comments?post=199360"}],"version-history":[{"count":0,"href":"https:\/\/www.meydan.tv\/az\/wp-json\/wp\/v2\/posts\/199360\/revisions"}],"wp:featuredmedia":[{"embeddable":true,"href":"https:\/\/www.meydan.tv\/az\/wp-json\/wp\/v2\/media\/137895"}],"wp:attachment":[{"href":"https:\/\/www.meydan.tv\/az\/wp-json\/wp\/v2\/media?parent=199360"}],"wp:term":[{"taxonomy":"category","embeddable":true,"href":"https:\/\/www.meydan.tv\/az\/wp-json\/wp\/v2\/categories?post=199360"},{"taxonomy":"post_tag","embeddable":true,"href":"https:\/\/www.meydan.tv\/az\/wp-json\/wp\/v2\/tags?post=199360"}],"curies":[{"name":"wp","href":"https:\/\/api.w.org\/{rel}","templated":true}]}}