{"id":199348,"date":"2020-02-19T12:53:59","date_gmt":"2020-02-19T12:53:59","guid":{"rendered":"https:\/\/www.meydan.tv\/article\/ucar-sakini-adima-sosial-yardim-yazib-menimseyibler\/"},"modified":"2020-02-19T12:53:59","modified_gmt":"2020-02-19T12:53:59","slug":"ucar-sakini-adima-sosial-yardim-yazib-menimseyibler","status":"publish","type":"post","link":"https:\/\/www.meydan.tv\/az\/article\/ucar-sakini-adima-sosial-yardim-yazib-menimseyibler\/","title":{"rendered":"Ucar sakini: Ad\u0131ma sosial yard\u0131m yaz\u0131b, m\u0259nims\u0259yibl\u0259r"},"content":{"rendered":"<p>\n  <i><br \/>\n    \u201cKas\u0131b ola, ac\u0131ndan \u00f6l\u0259 d\u0259 bil\u0259r\u0259m, amma insanlar\u0131n haqq\u0131n\u0131n yeyilm\u0259sin\u0259 g\u00f6z yuma bilm\u0259r\u0259m\u201d<br \/>\n  <\/i>\n<\/p>\n<p>\n  Ucar\u0131n M\u0259likball\u0131 k\u0259ndinin sakini, 2-ci qrup \u0259lilliyi olan Teymur H\u0259s\u0259nov deyir ki, 1 il \u0259rzind\u0259 x\u0259b\u0259ri olmadan onun ad\u0131na \u00fcnvanl\u0131 sosial yard\u0131m yaz\u0131b, m\u0259nims\u0259yibl\u0259r. Bundan t\u0259z\u0259likc\u0259 x\u0259b\u0259r tutub. Aidiyyat\u0131 qurumlara m\u00fcraci\u0259t edib, ancaq i\u015fin\u0259 baxan yoxdur.\n<\/p>\n<p>\n  Teymur H\u0259s\u0259nov deyir ki, hadis\u0259 2012-2013-c\u00fc ill\u0259rd\u0259 olub. D\u00fcz bir il h\u0259r ay ad\u0131na 157 manat yaz\u0131l\u0131b v\u0259 m\u0259nims\u0259nilib. Bunu kiml\u0259rin etdiyini h\u0259l\u0259lik bilmir. Aidiyyat\u0131 qurumlardan g\u0259l\u0259n cavablarda is\u0259 \u201ch\u0259l\u0259 ara\u015fd\u0131r\u0131r\u0131q, sizi m\u0259lumatland\u0131raca\u011f\u0131q\u201d, &#8211; deyilir.\n<\/p>\n<p>\n  Teymur H\u0259s\u0259nov deyir ki, bu ara\u015fd\u0131rmalar\u0131n \u00fcst\u00fcnd\u0259n 3 ay ke\u00e7ib. H\u0259l\u0259 d\u0259 n\u0259s\u0259 tapa bilm\u0259yibl\u0259r.\n<\/p>\n<p>\n  \u201cBir d\u0259f\u0259 televizorda dedil\u0259r ki, 20 il \u0259vv\u0259l olan cinay\u0259t fakt\u0131n\u0131n \u00fcst\u00fc a\u00e7\u0131l\u0131b. Buna qadir olan orqanlar nec\u0259 olur ki, bir ne\u00e7\u0259 il bundan \u00f6nc\u0259 olan i\u015fi ara\u015fd\u0131r\u0131b, tapa bilmirl\u0259r. \u00d6z\u00fc d\u0259 asand\u0131r. H\u0259min il bu i\u015f\u0259 r\u0259hb\u0259rliyi kim edib, \u00e7a\u011f\u0131r\u0131rsan, soru\u015fursan, v\u0259ss\u0259lam. S\u0131ravi i\u015f\u00e7i bunu \u00f6zba\u015f\u0131na, t\u0259k ed\u0259 bilm\u0259zdi\u201d.\n<\/p>\n<p>\n  D\u00f6vl\u0259t Sosial M\u00fcdafi\u0259 Fondunun Ucar rayon \u015f\u00f6b\u0259sind\u0259n Meydan TV-y\u0259 bel\u0259 bir hadis\u0259nin oldu\u011funu t\u0259sdiql\u0259yibl\u0259r. Ancaq \u0259lav\u0259 m\u0259lumat ver\u0259 bilm\u0259y\u0259c\u0259kl\u0259rini deyibl\u0259r:\n<\/p>\n<p>\n  \u201cHadis\u0259 bar\u0259d\u0259 m\u0259lumat\u0131m\u0131z var. V\u0259t\u0259nda\u015f dan\u0131\u015f\u0131b, \u015fikay\u0259t edib, bilmi\u015fik. \u0130dar\u0259d\u0259 h\u0259min adama h\u0259r \u015fey izah olunub, laz\u0131mi m\u0259lumat verilib. Biz ba\u015fqas\u0131na \u0259lav\u0259 m\u0259lumat ver\u0259 bilm\u0259rik\u201d.\n<\/p>\n<p>\n  Teymur H\u0259s\u0259nov is\u0259 deyir ki, ona he\u00e7 bir qaneedici m\u0259lumat verilm\u0259yib. Sad\u0259c\u0259 \u201cara\u015fd\u0131r\u0131lacaq\u201d, &#8211; deyilib. Sonra da bir n\u00f6mr\u0259d\u0259n z\u0259ng g\u0259lib. Kimliyini bilm\u0259diyi adam ona bir il \u0259rzind\u0259 ad\u0131na yaz\u0131lan pulu qaytarma\u011f\u0131, \u015fikay\u0259tini geri g\u00f6t\u00fcrm\u0259yi t\u0259klif edib. Ancaq Teymur H\u0259s\u0259nov onunla raz\u0131la\u015fmay\u0131b. Deyir, o yaln\u0131z h\u0259min pulu d\u00f6vl\u0259td\u0259n ala bil\u0259r:\n<\/p>\n<p>\n  \u201cM\u0259n ist\u0259mir\u0259m ortaya \u00e7\u0131xan hadis\u0259nin \u00fcst\u00fcn\u00fc \u00f6rts\u00fcnl\u0259r. \u0130st\u0259yir\u0259m, d\u00f6vl\u0259t ara\u015fd\u0131rs\u0131n, pulu m\u0259nims\u0259y\u0259ni taps\u0131n v\u0259 c\u0259zas\u0131n\u0131 versin. Sonra \u0259g\u0259r o pul m\u0259n\u0259 d\u00fc\u015f\u00fcrs\u0259, qaytars\u0131nlar. D\u00fc\u015fm\u00fcrs\u0259, d\u00f6vl\u0259tin balans\u0131na ke\u00e7sin. M\u0259n i\u015fin qapad\u0131lmas\u0131na raz\u0131 deyil\u0259m. B\u0259lk\u0259 d\u0259 m\u0259nd\u0259n ba\u015fqa da n\u0259 q\u0259d\u0259r adam\u0131n ad\u0131na pul yaz\u0131b, \u00f6zl\u0259rin\u0259 g\u00f6t\u00fcr\u00fcbl\u0259r. \u0130ndi d\u0259 ham\u0131s\u0131n\u0131n \u00fcst\u00fcn\u00fcn a\u00e7\u0131lmas\u0131ndan qorxurlar. M\u0259n kas\u0131b ola bil\u0259r\u0259m, ac\u0131ndan \u00f6l\u0259 d\u0259 bil\u0259r\u0259m, amma insanlar\u0131n haqq\u0131n\u0131n yeyilm\u0259sin\u0259 g\u00f6z yuma bilm\u0259r\u0259m. \u0130st\u0259yir\u0259m i\u015f\u0259 h\u00fcquqi qiym\u0259t verilsin\u201d.\n<\/p>\n<p>\n  Teymur H\u0259s\u0259nov deyir ki, \u018fm\u0259k v\u0259 \u0259halinin sosial m\u00fcdafi\u0259si nazirinin m\u00fcavini bir m\u00fcdd\u0259t \u0259vv\u0259l rayonlar\u0131na g\u0259lib, v\u0259t\u0259nda\u015flarla g\u00f6r\u00fc\u015f\u00fcb. O da Anar K\u0259rimovun q\u0259buluna gir\u0259 bilib. Problemini deyib. Nazir m\u00fcavini d\u0259 \u201cnarahat olma, problemini ara\u015fd\u0131raca\u011f\u0131q\u201d, &#8211; deyib.\n<\/p>\n<p>\n  Sonra Nazirl\u0259r Kabinetin\u0259 yazd\u0131\u011f\u0131 m\u0259ktuba cavab al\u0131b. Orada da qeyd edilib ki, i\u015f ara\u015fd\u0131r\u0131lmas\u0131 \u00fc\u00e7\u00fcn \u018fm\u0259k v\u0259 \u018fhalinin Sosial M\u00fcdafi\u0259si Nazirliyin\u0259 g\u00f6nd\u0259rilib. Ondan sonra v\u0259t\u0259nda\u015fa he\u00e7 bir cavab g\u0259lm\u0259yib.\n<\/p>\n<p>\n  Teymur H\u0259s\u0259nov deyir ki, onun kas\u0131bl\u0131\u011f\u0131ndan faydalan\u0131b, i\u015fi ba\u011flamaq ist\u0259kl\u0259ri n\u0259tic\u0259 verm\u0259y\u0259c\u0259k. \u00c7\u00fcnki o, pulu almaqdan \u00e7ox bu i\u015fi onun ba\u015f\u0131na g\u0259tir\u0259nl\u0259rin c\u0259zaland\u0131r\u0131lmas\u0131n\u0131 ist\u0259yir:\n<\/p>\n<p>\n  \u201cM\u0259nim ail\u0259m 5 n\u0259f\u0259rd\u0259n ibar\u0259tdir. \u00d6z\u00fcmd\u0259 \u00fcr\u0259k q\u00fcsuru var. Bird\u0259n tutanda, g\u00fcnl\u0259rl\u0259 b\u00f6yr\u00fc \u00fcst\u0259 qal\u0131ram. Q\u0131z\u0131m is\u0259 ruhi x\u0259st\u0259dir, anas\u0131n\u0131n \u00fcmidin\u0259 ya\u015fay\u0131r. O\u011flum i\u015f tapa bilmir. Ki\u00e7ik o\u011flum da m\u0259kt\u0259blidir. Yolda\u015f\u0131m\u0131n is\u0259 g\u00fcn\u00fc q\u0131z\u0131m\u0131za baxmaqla ke\u00e7ir. B\u0259li, m\u0259n kas\u0131bam, b\u0259li, m\u0259nim u\u015faqlar\u0131ma M\u0259likball\u0131 k\u0259ndi fitr\u0259 verir, n\u0259zir deyir. Hans\u0131sa d\u00f6vl\u0259t m\u0259muru bel\u0259 insanlar\u0131n pulunu m\u0259nims\u0259yib. \u0130st\u0259yir\u0259m, bunu da bil\u0259siniz\u201d.\n<\/p>\n<p>\n  Teymur H\u0259s\u0259nov onun ad\u0131na pul yaz\u0131lmas\u0131n\u0131 \u00f6yr\u0259nm\u0259sind\u0259n dan\u0131\u015f\u0131r. Deyir, 2012-ci ild\u0259 ail\u0259si il\u0259 birg\u0259 yem\u0259y\u0259 \u00e7\u00f6r\u0259k tapm\u0131rm\u0131\u015flar. O zaman bir \u00fcmid D\u00f6vl\u0259t Sosial M\u00fcdafi\u0259 Fondunun Ucar Rayon \u015e\u00f6b\u0259sin\u0259 gedib. Ail\u0259 v\u0259ziyy\u0259ti bar\u0259d\u0259 dan\u0131\u015f\u0131b:\n<\/p>\n<p>\n  \u201cM\u0259nd\u0259n bir ne\u00e7\u0259 s\u0259n\u0259d ist\u0259dil\u0259r. Ham\u0131s\u0131n\u0131 toplay\u0131b apard\u0131m. Onu da deyim ki, bu s\u0259n\u0259dl\u0259rin toplanmas\u0131na da 100 manata q\u0259d\u0259r x\u0259rcim \u00e7\u0131xd\u0131. N\u0259 is\u0259 apard\u0131m verdim, bir ne\u00e7\u0259 g\u00fcnd\u0259n sonra z\u0259ng edib dedil\u0259r ki, b\u0259s s\u0259n\u0259 yard\u0131m d\u00fc\u015fm\u00fcr. M\u0259n d\u0259 ba\u015f\u0131n\u0131 buraxd\u0131m. \u00d6t\u0259n il yaman pis x\u0259st\u0259l\u0259ndim. T\u0259miz yata\u011fa d\u00fc\u015fd\u00fcm. G\u00f6rd\u00fcm ki, ail\u0259min v\u0259ziyy\u0259ti pisdir. \u00d6z\u00fcm\u00fc toplayan kimi bir d\u0259 \u00fcz tutdum D\u00f6vl\u0259t Sosial M\u00fcdafi\u0259 Fondunun Ucar Rayon \u015e\u00f6b\u0259sin\u0259. Dedim, qarda\u015f, bax\u0131n, g\u00f6r\u00fcn n\u0259 v\u0259ziyy\u0259td\u0259dir m\u0259nim ail\u0259m. \u018fvv\u0259l d\u0259 bir d\u0259f\u0259 m\u00fcraci\u0259t etdim, dedil\u0259r, \u201cs\u0259n\u0259 yard\u0131m d\u00fc\u015fm\u00fcr\u201d. Bu yard\u0131m b\u0259s kim\u0259 d\u00fc\u015f\u00fcr? Bunu deyin, i\u015fimizi bil\u0259k. Bu zaman i\u015f\u00e7i komp\u00fcterd\u0259 ad\u0131m\u0131 vurub, yoxlad\u0131. \u018fvv\u0259lki maraci\u0259tim\u0259 baxmaq ist\u0259yirdi. Dedi ki, day\u0131, niy\u0259 d\u00fc\u015fm\u0259yib? \u201cAx\u0131 siz 2012-ci ilin yanvar\u0131ndan 2013-c\u00fc ilin yanvar\u0131nad\u0259k h\u0259r ay 157 manat \u00fcnvanl\u0131 sosial yard\u0131m alm\u0131s\u0131n\u0131z. Bunu niy\u0259 demirsiniz?\u201d And-aman etdim ki, x\u0259b\u0259rim yoxdur. G\u00f6rd\u00fcm i\u015f\u00e7i d\u0259 pis oldu, pe\u015fman oldu bu m\u0259lumat\u0131 m\u0259n\u0259 verm\u0259yin\u0259. Bax\u0131n, bel\u0259 t\u0259sad\u00fcf n\u0259tic\u0259sind\u0259 ad\u0131ma pul yaz\u0131l\u0131b, m\u0259nims\u0259nildiyini \u00f6yr\u0259nmi\u015f oldum. H\u0259min g\u00fcnd\u0259n d\u0259 \u015fikay\u0259t edir\u0259m. Aidiyyat\u0131 qurumlara yaz\u0131ram, pozuram. Ancaq bir n\u0259tic\u0259si yoxdur\u201d.\n<\/p>\n<p>\n  Teymur H\u0259s\u0259nov deyir ki, bunun ad\u0131 Allahs\u0131zl\u0131qdan ba\u015fqa bir \u015fey deyil. 5 n\u0259f\u0259r ac\u0131ndan \u00f6l\u0259n v\u0259t\u0259nda\u015f\u0131n pay\u0131n\u0131 nec\u0259 yem\u0259k olar?\n<\/p>\n<p>\n  \u201c\u00d6z\u00fc d\u0259 h\u0259min v\u0259t\u0259nda\u015flar\u0131n n\u0259inki yem\u0259y\u0259 \u00e7\u00f6r\u0259yi, he\u00e7 yatma\u011fa yata\u011f\u0131 da yoxdur. Kim ist\u0259yir, buyurub g\u0259lsin. M\u0259nim \u015f\u0259raitim\u0259 baxs\u0131n. G\u00f6rs\u00fcn ki, evimizd\u0259 yatma\u011fa yataq bel\u0259 yoxdur. Ham\u0131m\u0131z yerd\u0259 yat\u0131r\u0131q. Qaz yazmas\u0131n dey\u0259, odun yand\u0131r\u0131r\u0131q. M\u0259n x\u0259st\u0259 adam b\u00fct\u00fcn g\u00fcn\u00fc k\u00fc\u00e7\u0259l\u0259rd\u0259n \u00e7\u00f6r-\u00e7\u00f6p y\u0131\u011f\u0131ram. Ay\u0131bd\u0131r, vallah, ay\u0131bd\u0131r, utan\u0131n, yer\u0259 girin\u201d.\n<\/p>\n<p>\n  Teymur H\u0259s\u0259nov deyir ki, el\u0259 2012-ci ild\u0259 olan m\u00fcraci\u0259tin\u0259 g\u00f6r\u00fcn\u00fcr, m\u00fcsb\u0259t cavab g\u0259lib. Savads\u0131z, m\u0259lumats\u0131z biri oldu\u011fundan ondan gizl\u0259dib, \u00f6zl\u0259ri al\u0131blar:\n<\/p>\n<p>\n  \u201c1884 manat pul edir. M\u0259n bununla \u0259m\u0259lli-ba\u015fl\u0131 dolanard\u0131m. \u0130st\u0259yir\u0259m ara\u015fd\u0131rs\u0131nlar. B\u0259lk\u0259 d\u0259 m\u0259nim i\u015fim t\u0259k deyil. Daha n\u0259 q\u0259d\u0259r d\u0259 adam\u0131n ad\u0131na pul yaz\u0131b, m\u0259nims\u0259yibl\u0259r. Ancaq t\u0259\u0259ss\u00fcf ki, bank, D\u00f6vl\u0259t Sosial M\u00fcdafi\u0259 Fondunun Ucar Rayon \u015e\u00f6b\u0259si, polis, nazirlik -ham\u0131s\u0131 birl\u0259\u015fib bir cinay\u0259tkar\u0131 tapa bilmirl\u0259r\u201d.\n<\/p>\n<p>\n  Teymur H\u0259s\u0259nov Ba\u015f Prokurorlu\u011fa, Korrupsiyaya Qar\u015f\u0131 M\u00fcbariz\u0259 \u0130dar\u0259sin\u0259 d\u0259 m\u00fcraci\u0259t edib. H\u0259l\u0259lik, cavab ala bilm\u0259yib.\n<\/p>\n<p>\n  \u201cG\u00fclm\u0259li g\u00f6r\u00fcns\u0259 d\u0259, yen\u0259 \u00fcnvanl\u0131 sosial yard\u0131ma m\u00fcraci\u0259t etmi\u015f\u0259m. Bu d\u0259f\u0259 d\u0259 dal\u0131na ke\u00e7m\u0259s\u0259l\u0259r, al\u0131nacaq, alaca\u011fam. Dig\u0259r i\u015fin is\u0259 ba\u015f\u0131n\u0131 buraxan deyil\u0259m. Ax\u0131racan ged\u0259c\u0259y\u0259m. M\u0259n qoymaram o pulu yey\u0259nl\u0259r rahat n\u0259f\u0259s als\u0131nlar. Ham\u0131s\u0131 c\u0259zan\u0131z\u0131 \u00e7\u0259k\u0259c\u0259k. Prezidentin q\u0259buluna getm\u0259k d\u0259 olsa, sonacan ged\u0259c\u0259y\u0259m. Qoymaram bu i\u015f burda qala\u201d.\n<\/p>\n<p>\n  \u018fm\u0259k v\u0259 \u018fhalinin Sosial M\u00fcdafi\u0259si Nazirliyinin \u201cqaynar x\u0259tti\u201dnd\u0259n is\u0259 deyilib ki, v\u0259t\u0259nda\u015f\u0131n \u015fikay\u0259ti onlara y\u00f6nl\u0259ndirilibs\u0259, ara\u015fd\u0131r\u0131l\u0131b, bir cavab veril\u0259c\u0259k:\n<\/p>\n<p>\n  \u201cG\u00f6r\u00fcn\u00fcr, ill\u0259r \u0259vv\u0259l olan m\u0259s\u0259l\u0259 oldu\u011fu \u00fc\u00e7\u00fcn bir az \u00e7\u0259kib. Ancaq nazirliy\u0259 y\u00f6nl\u0259ndirilibs\u0259, m\u00fctl\u0259q h\u0259llini tapacaq\u201d.\n<\/p>\n<figure class=\"wp-block-image size-large\">\n  <img decoding=\"async\" src=\"https:\/\/www.meydan.tv\/az\/image_from_ios-4-jpg-115\/\" alt=\"image_from_ios (4).jpg\" class=\"wp-image-137865\"\/><figcaption>\n    Teymur H\u0259s\u0259novun Nazirl\u0259r Kabinetind\u0259n ald\u0131\u011f\u0131 cavab m\u0259ktubu<br \/>\n  <\/figcaption><\/figure>\n","protected":false},"excerpt":{"rendered":"<p>Teymur H\u0259s\u0259nov deyir ki, onun kas\u0131bl\u0131\u011f\u0131ndan faydalan\u0131b, i\u015fi ba\u011flamaq ist\u0259kl\u0259ri n\u0259tic\u0259 verm\u0259y\u0259c\u0259k.<\/p>\n","protected":false},"author":11,"featured_media":137859,"comment_status":"closed","ping_status":"open","sticky":false,"template":"","format":"standard","meta":{"_acf_changed":false,"_sitemap_exclude":false,"_sitemap_priority":"","_sitemap_frequency":"","footnotes":""},"categories":[60],"tags":[],"class_list":["post-199348","post","type-post","status-publish","format-standard","has-post-thumbnail","hentry","category-bolge","infinite-scroll-item","generate-columns","tablet-grid-50","mobile-grid-100","grid-parent","grid-33","no-featured-image-padding"],"acf":[],"yoast_head":"<!-- This site is optimized with the Yoast SEO plugin v27.5 - https:\/\/yoast.com\/product\/yoast-seo-wordpress\/ -->\n<title>Ucar sakini: Ad\u0131ma sosial yard\u0131m yaz\u0131b, m\u0259nims\u0259yibl\u0259r - MEYDAN.TV<\/title>\n<meta name=\"robots\" content=\"index, follow, max-snippet:-1, max-image-preview:large, max-video-preview:-1\" \/>\n<link rel=\"canonical\" href=\"https:\/\/www.meydan.tv\/az\/article\/ucar-sakini-adima-sosial-yardim-yazib-menimseyibler\/\" \/>\n<meta property=\"og:locale\" content=\"az_AZ\" \/>\n<meta property=\"og:type\" content=\"article\" \/>\n<meta property=\"og:title\" content=\"Ucar sakini: Ad\u0131ma sosial yard\u0131m yaz\u0131b, m\u0259nims\u0259yibl\u0259r - MEYDAN.TV\" \/>\n<meta property=\"og:description\" content=\"Teymur H\u0259s\u0259nov deyir ki, onun kas\u0131bl\u0131\u011f\u0131ndan faydalan\u0131b, i\u015fi ba\u011flamaq ist\u0259kl\u0259ri n\u0259tic\u0259 verm\u0259y\u0259c\u0259k.\" \/>\n<meta property=\"og:url\" content=\"https:\/\/www.meydan.tv\/az\/article\/ucar-sakini-adima-sosial-yardim-yazib-menimseyibler\/\" \/>\n<meta property=\"og:site_name\" content=\"MEYDAN.TV\" \/>\n<meta property=\"article:published_time\" content=\"2020-02-19T12:53:59+00:00\" \/>\n<meta property=\"og:image\" content=\"https:\/\/www.meydan.tv\/wp-content\/uploads\/image_from_ios_3_1ut9ifn-scaled.jpg\" \/>\n\t<meta property=\"og:image:width\" content=\"2560\" \/>\n\t<meta property=\"og:image:height\" content=\"1920\" \/>\n\t<meta property=\"og:image:type\" content=\"image\/jpeg\" \/>\n<meta name=\"author\" content=\"user-manager\" \/>\n<meta name=\"twitter:card\" content=\"summary_large_image\" \/>\n<script type=\"application\/ld+json\" class=\"yoast-schema-graph\">{\"@context\":\"https:\\\/\\\/schema.org\",\"@graph\":[{\"@type\":\"Article\",\"@id\":\"https:\\\/\\\/www.meydan.tv\\\/az\\\/article\\\/ucar-sakini-adima-sosial-yardim-yazib-menimseyibler\\\/#article\",\"isPartOf\":{\"@id\":\"https:\\\/\\\/www.meydan.tv\\\/az\\\/article\\\/ucar-sakini-adima-sosial-yardim-yazib-menimseyibler\\\/\"},\"author\":{\"name\":\"user-manager\",\"@id\":\"https:\\\/\\\/www.meydan.tv\\\/az\\\/#\\\/schema\\\/person\\\/10d11eccf6da3662cf5fdab9806ea91a\"},\"headline\":\"Ucar sakini: Ad\u0131ma sosial yard\u0131m yaz\u0131b, m\u0259nims\u0259yibl\u0259r\",\"datePublished\":\"2020-02-19T12:53:59+00:00\",\"mainEntityOfPage\":{\"@id\":\"https:\\\/\\\/www.meydan.tv\\\/az\\\/article\\\/ucar-sakini-adima-sosial-yardim-yazib-menimseyibler\\\/\"},\"wordCount\":1578,\"publisher\":{\"@id\":\"https:\\\/\\\/www.meydan.tv\\\/az\\\/#organization\"},\"image\":{\"@id\":\"https:\\\/\\\/www.meydan.tv\\\/az\\\/article\\\/ucar-sakini-adima-sosial-yardim-yazib-menimseyibler\\\/#primaryimage\"},\"thumbnailUrl\":\"https:\\\/\\\/www.meydan.tv\\\/wp-content\\\/uploads\\\/image_from_ios_3_1ut9ifn-scaled.jpg\",\"articleSection\":[\"B\u00f6lg\u0259\"],\"inLanguage\":\"az\"},{\"@type\":\"WebPage\",\"@id\":\"https:\\\/\\\/www.meydan.tv\\\/az\\\/article\\\/ucar-sakini-adima-sosial-yardim-yazib-menimseyibler\\\/\",\"url\":\"https:\\\/\\\/www.meydan.tv\\\/az\\\/article\\\/ucar-sakini-adima-sosial-yardim-yazib-menimseyibler\\\/\",\"name\":\"Ucar sakini: Ad\u0131ma sosial yard\u0131m yaz\u0131b, m\u0259nims\u0259yibl\u0259r - MEYDAN.TV\",\"isPartOf\":{\"@id\":\"https:\\\/\\\/www.meydan.tv\\\/az\\\/#website\"},\"primaryImageOfPage\":{\"@id\":\"https:\\\/\\\/www.meydan.tv\\\/az\\\/article\\\/ucar-sakini-adima-sosial-yardim-yazib-menimseyibler\\\/#primaryimage\"},\"image\":{\"@id\":\"https:\\\/\\\/www.meydan.tv\\\/az\\\/article\\\/ucar-sakini-adima-sosial-yardim-yazib-menimseyibler\\\/#primaryimage\"},\"thumbnailUrl\":\"https:\\\/\\\/www.meydan.tv\\\/wp-content\\\/uploads\\\/image_from_ios_3_1ut9ifn-scaled.jpg\",\"datePublished\":\"2020-02-19T12:53:59+00:00\",\"breadcrumb\":{\"@id\":\"https:\\\/\\\/www.meydan.tv\\\/az\\\/article\\\/ucar-sakini-adima-sosial-yardim-yazib-menimseyibler\\\/#breadcrumb\"},\"inLanguage\":\"az\",\"potentialAction\":[{\"@type\":\"ReadAction\",\"target\":[\"https:\\\/\\\/www.meydan.tv\\\/az\\\/article\\\/ucar-sakini-adima-sosial-yardim-yazib-menimseyibler\\\/\"]}]},{\"@type\":\"ImageObject\",\"inLanguage\":\"az\",\"@id\":\"https:\\\/\\\/www.meydan.tv\\\/az\\\/article\\\/ucar-sakini-adima-sosial-yardim-yazib-menimseyibler\\\/#primaryimage\",\"url\":\"https:\\\/\\\/www.meydan.tv\\\/wp-content\\\/uploads\\\/image_from_ios_3_1ut9ifn-scaled.jpg\",\"contentUrl\":\"https:\\\/\\\/www.meydan.tv\\\/wp-content\\\/uploads\\\/image_from_ios_3_1ut9ifn-scaled.jpg\",\"width\":2560,\"height\":1920,\"caption\":\"Source: Specify Source\"},{\"@type\":\"BreadcrumbList\",\"@id\":\"https:\\\/\\\/www.meydan.tv\\\/az\\\/article\\\/ucar-sakini-adima-sosial-yardim-yazib-menimseyibler\\\/#breadcrumb\",\"itemListElement\":[{\"@type\":\"ListItem\",\"position\":1,\"name\":\"Ana s\u0259hif\u0259\",\"item\":\"https:\\\/\\\/www.meydan.tv\\\/az\\\/\"},{\"@type\":\"ListItem\",\"position\":2,\"name\":\"B\u00f6lg\u0259\",\"item\":\"https:\\\/\\\/www.meydan.tv\\\/az\\\/section\\\/bolge\\\/\"},{\"@type\":\"ListItem\",\"position\":3,\"name\":\"Ucar sakini: Ad\u0131ma sosial yard\u0131m yaz\u0131b, m\u0259nims\u0259yibl\u0259r\"}]},{\"@type\":\"WebSite\",\"@id\":\"https:\\\/\\\/www.meydan.tv\\\/az\\\/#website\",\"url\":\"https:\\\/\\\/www.meydan.tv\\\/az\\\/\",\"name\":\"MEYDAN.TV\",\"description\":\"Meydan TV Az\u0259rbaycan\u0131n media m\u0259kan\u0131ndak\u0131 alternativ s\u0259sidir\",\"publisher\":{\"@id\":\"https:\\\/\\\/www.meydan.tv\\\/az\\\/#organization\"},\"potentialAction\":[{\"@type\":\"SearchAction\",\"target\":{\"@type\":\"EntryPoint\",\"urlTemplate\":\"https:\\\/\\\/www.meydan.tv\\\/az\\\/?s={search_term_string}\"},\"query-input\":{\"@type\":\"PropertyValueSpecification\",\"valueRequired\":true,\"valueName\":\"search_term_string\"}}],\"inLanguage\":\"az\"},{\"@type\":\"Organization\",\"@id\":\"https:\\\/\\\/www.meydan.tv\\\/az\\\/#organization\",\"name\":\"Meydan TV\",\"url\":\"https:\\\/\\\/www.meydan.tv\\\/az\\\/\",\"logo\":{\"@type\":\"ImageObject\",\"inLanguage\":\"az\",\"@id\":\"https:\\\/\\\/www.meydan.tv\\\/az\\\/#\\\/schema\\\/logo\\\/image\\\/\",\"url\":\"https:\\\/\\\/www.meydan.tv\\\/wp-content\\\/uploads\\\/2021\\\/07\\\/meydan-logo.svg\",\"contentUrl\":\"https:\\\/\\\/www.meydan.tv\\\/wp-content\\\/uploads\\\/2021\\\/07\\\/meydan-logo.svg\",\"width\":195,\"height\":46,\"caption\":\"Meydan TV\"},\"image\":{\"@id\":\"https:\\\/\\\/www.meydan.tv\\\/az\\\/#\\\/schema\\\/logo\\\/image\\\/\"}},{\"@type\":\"Person\",\"@id\":\"https:\\\/\\\/www.meydan.tv\\\/az\\\/#\\\/schema\\\/person\\\/10d11eccf6da3662cf5fdab9806ea91a\",\"name\":\"user-manager\"}]}<\/script>\n<!-- \/ Yoast SEO plugin. -->","yoast_head_json":{"title":"Ucar sakini: Ad\u0131ma sosial yard\u0131m yaz\u0131b, m\u0259nims\u0259yibl\u0259r - MEYDAN.TV","robots":{"index":"index","follow":"follow","max-snippet":"max-snippet:-1","max-image-preview":"max-image-preview:large","max-video-preview":"max-video-preview:-1"},"canonical":"https:\/\/www.meydan.tv\/az\/article\/ucar-sakini-adima-sosial-yardim-yazib-menimseyibler\/","og_locale":"az_AZ","og_type":"article","og_title":"Ucar sakini: Ad\u0131ma sosial yard\u0131m yaz\u0131b, m\u0259nims\u0259yibl\u0259r - MEYDAN.TV","og_description":"Teymur H\u0259s\u0259nov deyir ki, onun kas\u0131bl\u0131\u011f\u0131ndan faydalan\u0131b, i\u015fi ba\u011flamaq ist\u0259kl\u0259ri n\u0259tic\u0259 verm\u0259y\u0259c\u0259k.","og_url":"https:\/\/www.meydan.tv\/az\/article\/ucar-sakini-adima-sosial-yardim-yazib-menimseyibler\/","og_site_name":"MEYDAN.TV","article_published_time":"2020-02-19T12:53:59+00:00","og_image":[{"width":2560,"height":1920,"url":"https:\/\/www.meydan.tv\/wp-content\/uploads\/image_from_ios_3_1ut9ifn-scaled.jpg","type":"image\/jpeg"}],"author":"user-manager","twitter_card":"summary_large_image","schema":{"@context":"https:\/\/schema.org","@graph":[{"@type":"Article","@id":"https:\/\/www.meydan.tv\/az\/article\/ucar-sakini-adima-sosial-yardim-yazib-menimseyibler\/#article","isPartOf":{"@id":"https:\/\/www.meydan.tv\/az\/article\/ucar-sakini-adima-sosial-yardim-yazib-menimseyibler\/"},"author":{"name":"user-manager","@id":"https:\/\/www.meydan.tv\/az\/#\/schema\/person\/10d11eccf6da3662cf5fdab9806ea91a"},"headline":"Ucar sakini: Ad\u0131ma sosial yard\u0131m yaz\u0131b, m\u0259nims\u0259yibl\u0259r","datePublished":"2020-02-19T12:53:59+00:00","mainEntityOfPage":{"@id":"https:\/\/www.meydan.tv\/az\/article\/ucar-sakini-adima-sosial-yardim-yazib-menimseyibler\/"},"wordCount":1578,"publisher":{"@id":"https:\/\/www.meydan.tv\/az\/#organization"},"image":{"@id":"https:\/\/www.meydan.tv\/az\/article\/ucar-sakini-adima-sosial-yardim-yazib-menimseyibler\/#primaryimage"},"thumbnailUrl":"https:\/\/www.meydan.tv\/wp-content\/uploads\/image_from_ios_3_1ut9ifn-scaled.jpg","articleSection":["B\u00f6lg\u0259"],"inLanguage":"az"},{"@type":"WebPage","@id":"https:\/\/www.meydan.tv\/az\/article\/ucar-sakini-adima-sosial-yardim-yazib-menimseyibler\/","url":"https:\/\/www.meydan.tv\/az\/article\/ucar-sakini-adima-sosial-yardim-yazib-menimseyibler\/","name":"Ucar sakini: Ad\u0131ma sosial yard\u0131m yaz\u0131b, m\u0259nims\u0259yibl\u0259r - MEYDAN.TV","isPartOf":{"@id":"https:\/\/www.meydan.tv\/az\/#website"},"primaryImageOfPage":{"@id":"https:\/\/www.meydan.tv\/az\/article\/ucar-sakini-adima-sosial-yardim-yazib-menimseyibler\/#primaryimage"},"image":{"@id":"https:\/\/www.meydan.tv\/az\/article\/ucar-sakini-adima-sosial-yardim-yazib-menimseyibler\/#primaryimage"},"thumbnailUrl":"https:\/\/www.meydan.tv\/wp-content\/uploads\/image_from_ios_3_1ut9ifn-scaled.jpg","datePublished":"2020-02-19T12:53:59+00:00","breadcrumb":{"@id":"https:\/\/www.meydan.tv\/az\/article\/ucar-sakini-adima-sosial-yardim-yazib-menimseyibler\/#breadcrumb"},"inLanguage":"az","potentialAction":[{"@type":"ReadAction","target":["https:\/\/www.meydan.tv\/az\/article\/ucar-sakini-adima-sosial-yardim-yazib-menimseyibler\/"]}]},{"@type":"ImageObject","inLanguage":"az","@id":"https:\/\/www.meydan.tv\/az\/article\/ucar-sakini-adima-sosial-yardim-yazib-menimseyibler\/#primaryimage","url":"https:\/\/www.meydan.tv\/wp-content\/uploads\/image_from_ios_3_1ut9ifn-scaled.jpg","contentUrl":"https:\/\/www.meydan.tv\/wp-content\/uploads\/image_from_ios_3_1ut9ifn-scaled.jpg","width":2560,"height":1920,"caption":"Source: Specify Source"},{"@type":"BreadcrumbList","@id":"https:\/\/www.meydan.tv\/az\/article\/ucar-sakini-adima-sosial-yardim-yazib-menimseyibler\/#breadcrumb","itemListElement":[{"@type":"ListItem","position":1,"name":"Ana s\u0259hif\u0259","item":"https:\/\/www.meydan.tv\/az\/"},{"@type":"ListItem","position":2,"name":"B\u00f6lg\u0259","item":"https:\/\/www.meydan.tv\/az\/section\/bolge\/"},{"@type":"ListItem","position":3,"name":"Ucar sakini: Ad\u0131ma sosial yard\u0131m yaz\u0131b, m\u0259nims\u0259yibl\u0259r"}]},{"@type":"WebSite","@id":"https:\/\/www.meydan.tv\/az\/#website","url":"https:\/\/www.meydan.tv\/az\/","name":"MEYDAN.TV","description":"Meydan TV Az\u0259rbaycan\u0131n media m\u0259kan\u0131ndak\u0131 alternativ s\u0259sidir","publisher":{"@id":"https:\/\/www.meydan.tv\/az\/#organization"},"potentialAction":[{"@type":"SearchAction","target":{"@type":"EntryPoint","urlTemplate":"https:\/\/www.meydan.tv\/az\/?s={search_term_string}"},"query-input":{"@type":"PropertyValueSpecification","valueRequired":true,"valueName":"search_term_string"}}],"inLanguage":"az"},{"@type":"Organization","@id":"https:\/\/www.meydan.tv\/az\/#organization","name":"Meydan TV","url":"https:\/\/www.meydan.tv\/az\/","logo":{"@type":"ImageObject","inLanguage":"az","@id":"https:\/\/www.meydan.tv\/az\/#\/schema\/logo\/image\/","url":"https:\/\/www.meydan.tv\/wp-content\/uploads\/2021\/07\/meydan-logo.svg","contentUrl":"https:\/\/www.meydan.tv\/wp-content\/uploads\/2021\/07\/meydan-logo.svg","width":195,"height":46,"caption":"Meydan TV"},"image":{"@id":"https:\/\/www.meydan.tv\/az\/#\/schema\/logo\/image\/"}},{"@type":"Person","@id":"https:\/\/www.meydan.tv\/az\/#\/schema\/person\/10d11eccf6da3662cf5fdab9806ea91a","name":"user-manager"}]}},"_links":{"self":[{"href":"https:\/\/www.meydan.tv\/az\/wp-json\/wp\/v2\/posts\/199348","targetHints":{"allow":["GET"]}}],"collection":[{"href":"https:\/\/www.meydan.tv\/az\/wp-json\/wp\/v2\/posts"}],"about":[{"href":"https:\/\/www.meydan.tv\/az\/wp-json\/wp\/v2\/types\/post"}],"author":[{"embeddable":true,"href":"https:\/\/www.meydan.tv\/az\/wp-json\/wp\/v2\/users\/11"}],"replies":[{"embeddable":true,"href":"https:\/\/www.meydan.tv\/az\/wp-json\/wp\/v2\/comments?post=199348"}],"version-history":[{"count":0,"href":"https:\/\/www.meydan.tv\/az\/wp-json\/wp\/v2\/posts\/199348\/revisions"}],"wp:featuredmedia":[{"embeddable":true,"href":"https:\/\/www.meydan.tv\/az\/wp-json\/wp\/v2\/media\/137859"}],"wp:attachment":[{"href":"https:\/\/www.meydan.tv\/az\/wp-json\/wp\/v2\/media?parent=199348"}],"wp:term":[{"taxonomy":"category","embeddable":true,"href":"https:\/\/www.meydan.tv\/az\/wp-json\/wp\/v2\/categories?post=199348"},{"taxonomy":"post_tag","embeddable":true,"href":"https:\/\/www.meydan.tv\/az\/wp-json\/wp\/v2\/tags?post=199348"}],"curies":[{"name":"wp","href":"https:\/\/api.w.org\/{rel}","templated":true}]}}