{"id":199339,"date":"2020-02-18T20:23:49","date_gmt":"2020-02-18T20:23:49","guid":{"rendered":"https:\/\/www.meydan.tv\/article\/lecedinliler-derdimizi-demeye-memur-tapmiriq\/"},"modified":"2020-02-18T20:23:49","modified_gmt":"2020-02-18T20:23:49","slug":"lecedinliler-derdimizi-demeye-memur-tapmiriq","status":"publish","type":"post","link":"https:\/\/www.meydan.tv\/az\/article\/lecedinliler-derdimizi-demeye-memur-tapmiriq\/","title":{"rendered":"L\u0259c\u0259dilil\u0259r: D\u0259rdimizi dem\u0259y\u0259 m\u0259mur tapm\u0131r\u0131q"},"content":{"rendered":"<p>\n  <i><br \/>\n    K\u0259ndlil\u0259rin su, qaz, yol, m\u0259kt\u0259b problemi<br \/>\n  <\/i>\n<\/p>\n<p>\n  \u201cBu yax\u0131nlarda x\u0259b\u0259r tutduq ki, rayonun icra ba\u015f\u00e7\u0131s\u0131 qon\u015fu k\u0259nd\u0259 g\u0259lib, qa\u00e7\u0131b getdik ki, biz d\u0259 d\u0259rdimizi dey\u0259k. Dedi, gedin, uza\u011f\u0131 bir h\u0259ft\u0259y\u0259 sizin d\u0259 k\u0259nd\u0259 g\u0259l\u0259c\u0259m, s\u00f6z\u00fcn\u00fcz\u00fc dey\u0259rsiz. Ancaq g\u0259lm\u0259di\u201d.\n<\/p>\n<p>\n  \u015eabran\u0131n L\u0259c\u0259di k\u0259ndinin sakinl\u0259ri Meydan TV-y\u0259 sosial probleml\u0259rd\u0259n dan\u0131\u015f\u0131rlar. K\u0259ndlil\u0259rin dem\u0259sin\u0259 g\u00f6r\u0259, \u0259sas probleml\u0259ri qaz, su, yol v\u0259 m\u0259kt\u0259bl\u0259 ba\u011fl\u0131d\u0131r.\n<\/p>\n<p>\n  <b><br \/>\n    \u201c\u00dc\u00e7 k\u0259nd q\u0131\u015fboyu me\u015f\u0259ni q\u0131r\u0131r\u201d<br \/>\n  <\/b>\n<\/p>\n<p>\n  \u201cL\u0259c\u0259di rayon m\u0259rk\u0259zind\u0259n t\u0259qrib\u0259n 15 kilometr aral\u0131da yerl\u0259\u015fir. Ancaq m\u0259rk\u0259zd\u0259ki m\u0259murlar burada ya\u015fayan insanlar\u0131 sanki tamamil\u0259 d\u0259ft\u0259rd\u0259n silibl\u0259r\u201d, &#8211; bunu k\u0259nd sakini N\u0259zak\u0259t \u018fmrullayeva deyir.\n<\/p>\n<p>\n  L\u0259c\u0259di da\u011f k\u0259ndidir. Me\u015f\u0259l\u0259rin \u0259hat\u0259sind\u0259 yerl\u0259\u015fir. K\u0259ndlil\u0259rin s\u00f6zl\u0259rin\u0259 g\u00f6r\u0259, h\u0259m bu, h\u0259m d\u0259 \u0259traf\u0131ndak\u0131 bir ne\u00e7\u0259 k\u0259ndin istilik m\u0259nb\u0259yi h\u0259min me\u015f\u0259l\u0259rdir. \u018fhali me\u015f\u0259l\u0259rd\u0259n a\u011fac k\u0259sib, evl\u0259rini odunla isidirl\u0259r. Ancaq onlar bunun \u00e7\u0131x\u0131\u015f yolu olmad\u0131\u011f\u0131n\u0131 deyirl\u0259r:\n<\/p>\n<p>\n  \u201cBurda \u00fc\u00e7 k\u0259nd me\u015f\u0259d\u0259n odun da\u015f\u0131y\u0131r. H\u0259r k\u0259ndd\u0259 az\u0131 30-40 ev var. N\u0259 vaxta q\u0259d\u0259r me\u015f\u0259l\u0259ri q\u0131raca\u011f\u0131q, h\u00f6kum\u0259t bir yolunu tap\u0131b k\u0259ndl\u0259rd\u0259 istilik m\u0259s\u0259l\u0259sini h\u0259ll etm\u0259lidir. Bir ne\u00e7\u0259 k\u0259nd q\u0131\u015fboyu me\u015f\u0259nin odunu il\u0259 isinir. Yayda da yem\u0259k, \u00e7ay haz\u0131rlamaqda, hamam q\u0131zd\u0131rmaqda odundan istifad\u0259 edirik. Me\u015f\u0259d\u0259 k\u0259sm\u0259y\u0259 a\u011fac qalmay\u0131b\u201d.\n<\/p>\n<p>\n  <b><br \/>\n    \u201cK\u0259ndin su bulaqlar\u0131 quruyub, susuz qalm\u0131\u015f\u0131q\u201d<br \/>\n  <\/b>\n<\/p>\n<p>\n  Sakinl\u0259r deyir, daglardan ax\u0131b g\u0259l\u0259n bulaqlar da \u00e7oxdan quruyub. Bu \u00fczd\u0259n d\u0259 susuzluq h\u00f6km s\u00fcr\u00fcr, \u0259hali suyu uzaq k\u0259ndl\u0259rd\u0259n da\u015f\u0131y\u0131r. N\u0259zak\u0259t \u018fmrullayeva s\u00f6z\u00fcn\u0259 davam edir:\n<\/p>\n<p>\n  \u201cK\u0259ndd\u0259 iki bulaq vard\u0131, ikisi d\u0259 qurudu. Ya\u015fl\u0131 adamam, t\u0259k ya\u015fay\u0131ram, su da\u015f\u0131yan\u0131m yoxdur. Q\u0131\u015f\u0131n soyu\u011funda s\u0259h\u0259r su barda\u011f\u0131n\u0131 g\u00f6t\u00fcr\u00fcb evd\u0259n \u00e7\u0131x\u0131ram, aya\u011f\u0131m\u0131 \u00e7\u0259k\u0259-\u00e7\u0259k\u0259 bir ne\u00e7\u0259 k\u0259ndi vurub ke\u00e7ir\u0259m, bir d\u0259 ax\u015fama yax\u0131n bir bardaq su il\u0259 qay\u0131d\u0131b ev\u0259 \u00e7at\u0131ram. Susuzluqdan \u00e7im\u0259 bilmir\u0259m\u201d.\n<\/p>\n<p>\n  Bu k\u0259ndd\u0259 \u0259halinin \u0259sas m\u0259\u011fuliyy\u0259ti heyvandarl\u0131qd\u0131r. Ancaq susuzluq bu t\u0259s\u0259rr\u00fcfat\u0131n inki\u015faf\u0131na da m\u0259nfi t\u0259sirini g\u00f6st\u0259rir.\n<\/p>\n<p>\n  <b><br \/>\n    \u201cM\u0259kt\u0259blil\u0259r t\u0259hsil alma\u011fa ba\u015fqa k\u0259nd\u0259l\u0259r\u0259 gedirl\u0259r\u201d<br \/>\n  <\/b>\n<\/p>\n<p>\n  K\u0259nd sakinl\u0259rinin bir arzusu da m\u0259kt\u0259bl\u0259 ba\u011fl\u0131d\u0131r. L\u0259c\u0259did\u0259ki u\u015faqlar qon\u015fuluqdak\u0131 Q\u0259l\u0259g\u0259h k\u0259nd m\u0259kt\u0259bin\u0259 gedirl\u0259r, o m\u0259kt\u0259b d\u0259 9 illikdir. 9-cu sinifi bitir\u0259nd\u0259n sonra 10-11-ci sinifl\u0259ri oxumaq \u00fc\u00e7\u00fcn daha uzaq m\u0259saf\u0259d\u0259ki ba\u015fqa m\u0259kt\u0259bl\u0259r\u0259 \u00fcz tuturlar.\n<\/p>\n<p>\n  L\u0259c\u0259dini az qala \u0259trafdan t\u0259crid ed\u0259n s\u0259b\u0259bl\u0259rd\u0259n biri d\u0259 yol problemidir. Sakinl\u0259rin dem\u0259sin\u0259 g\u00f6r\u0259, L\u0259c\u0259did\u0259n Xa\u00e7maz, Quba, Qusara olan yolu G\u0259ndabdan ke\u00e7ir. L\u0259c\u0259di il\u0259 G\u0259ndab\u0131n aras\u0131 8 kilometrlik yoldur. Ancaq yolun b\u0259rbad olmas\u0131 \u00fcz\u00fcnd\u0259n l\u0259c\u0259dilil\u0259r h\u0259min rayonlara get-g\u0259l ed\u0259 bilmirl\u0259r.\n<\/p>\n<p>\n  <b><br \/>\n    \u201cK\u0259nd yollar\u0131 b\u0259rbadd\u0131r\u201d<br \/>\n  <\/b>\n<\/p>\n<p>\n  \u201cHalbuki, l\u0259c\u0259dilil\u0259rin qohum-\u0259qrabalar\u0131 h\u0259min rayonlarda ya\u015fay\u0131r, \u00fcst\u0259lik, heyvanlar\u0131m\u0131z\u0131 h\u0259min rayonlar\u0131n bazarlar\u0131na \u00e7\u0131xar\u0131r\u0131q. \u00dcmumiyy\u0259tl\u0259, bu k\u0259ndin sakinl\u0259rinin \u0259sas i\u015f-g\u00fcc\u00fc h\u0259min rayonlardad\u0131r. Ancaq 8 kilometr G\u0259ndab yolunu gedib-g\u0259lm\u0259k olmur dey\u0259, adamlar o istiqam\u0259t\u0259 getm\u0259kd\u0259 \u00e7\u0259tinlik \u00e7\u0259kir\u201d, &#8211; sakinl\u0259r deyir.\n<\/p>\n<p>\n  Dig\u0259r yolsa Q\u0259l\u0259gah k\u0259ndind\u0259n ke\u00e7ir. Bu yol \u0259sas yola &#8211; \u015eabran-Pir\u0259b\u0259dil yoluna yax\u0131nd\u0131r. Lakin o yola \u00e7atmaq \u00fc\u00e7\u00fcn q\u0259t etm\u0259li olduqlar\u0131 aradak\u0131 4 kilometrlik yol b\u0259rbad v\u0259ziyy\u0259td\u0259dir.\n<\/p>\n<p>\n  \u015eabran Rayon \u0130cra Hakimiyy\u0259tind\u0259n bildirilib ki, k\u0259nd sakinl\u0259rinin quruma \u00fcnvanlad\u0131qlar\u0131 m\u0259ktublar yerind\u0259c\u0259 ara\u015fd\u0131r\u0131l\u0131r v\u0259 probleml\u0259rin h\u0259lli \u00fc\u00e7\u00fcn aidiyy\u0259ti orqanlara g\u00f6nd\u0259rilir:\n<\/p>\n<p>\n  \u201c\u00d6t\u0259n ay icra ba\u015f\u00e7\u0131s\u0131 Kilvar, R\u0259himli v\u0259 daha bir ne\u00e7\u0259 k\u0259ndd\u0259 olub, v\u0259t\u0259nda\u015flar\u0131 dinl\u0259yib, probleml\u0259rinin h\u0259lli il\u0259 ba\u011fl\u0131 aidiyy\u0259ti qurumlar\u0131n n\u00fcmay\u0259nd\u0259l\u0259rin\u0259 tap\u015f\u0131r\u0131qlar verib. \u0130cra hakimiyy\u0259ti k\u0259ndl\u0259rin sosial v\u0259ziyy\u0259tinin yax\u015f\u0131la\u015fd\u0131r\u0131lmas\u0131 il\u0259 ba\u011fl\u0131 \u0259lind\u0259n g\u0259l\u0259ni edir\u201d.<\/p>\n","protected":false},"excerpt":{"rendered":"<p>\u201cK\u0259ndd\u0259 iki bulaq vard\u0131, ikisi d\u0259 qurudu&#8221;.<\/p>\n","protected":false},"author":11,"featured_media":137741,"comment_status":"closed","ping_status":"open","sticky":false,"template":"","format":"standard","meta":{"_acf_changed":false,"_sitemap_exclude":false,"_sitemap_priority":"","_sitemap_frequency":"","footnotes":""},"categories":[60],"tags":[],"class_list":["post-199339","post","type-post","status-publish","format-standard","has-post-thumbnail","hentry","category-bolge","infinite-scroll-item","generate-columns","tablet-grid-50","mobile-grid-100","grid-parent","grid-33","no-featured-image-padding"],"acf":[],"yoast_head":"<!-- This site is optimized with the Yoast SEO plugin v27.5 - https:\/\/yoast.com\/product\/yoast-seo-wordpress\/ -->\n<title>L\u0259c\u0259dilil\u0259r: D\u0259rdimizi dem\u0259y\u0259 m\u0259mur tapm\u0131r\u0131q - MEYDAN.TV<\/title>\n<meta name=\"robots\" content=\"index, follow, max-snippet:-1, max-image-preview:large, max-video-preview:-1\" \/>\n<link rel=\"canonical\" href=\"https:\/\/www.meydan.tv\/az\/article\/lecedinliler-derdimizi-demeye-memur-tapmiriq\/\" \/>\n<meta property=\"og:locale\" content=\"az_AZ\" \/>\n<meta property=\"og:type\" content=\"article\" \/>\n<meta property=\"og:title\" content=\"L\u0259c\u0259dilil\u0259r: D\u0259rdimizi dem\u0259y\u0259 m\u0259mur tapm\u0131r\u0131q - MEYDAN.TV\" \/>\n<meta property=\"og:description\" content=\"\u201cK\u0259ndd\u0259 iki bulaq vard\u0131, ikisi d\u0259 qurudu&quot;.\" \/>\n<meta property=\"og:url\" content=\"https:\/\/www.meydan.tv\/az\/article\/lecedinliler-derdimizi-demeye-memur-tapmiriq\/\" \/>\n<meta property=\"og:site_name\" content=\"MEYDAN.TV\" \/>\n<meta property=\"article:published_time\" content=\"2020-02-18T20:23:49+00:00\" \/>\n<meta property=\"og:image\" content=\"https:\/\/www.meydan.tv\/wp-content\/uploads\/image_from_ios_6_baqfoad.jpg\" \/>\n\t<meta property=\"og:image:width\" content=\"1200\" \/>\n\t<meta property=\"og:image:height\" content=\"900\" \/>\n\t<meta property=\"og:image:type\" content=\"image\/jpeg\" \/>\n<meta name=\"author\" content=\"user-manager\" \/>\n<meta name=\"twitter:card\" content=\"summary_large_image\" \/>\n<script type=\"application\/ld+json\" class=\"yoast-schema-graph\">{\"@context\":\"https:\\\/\\\/schema.org\",\"@graph\":[{\"@type\":\"Article\",\"@id\":\"https:\\\/\\\/www.meydan.tv\\\/az\\\/article\\\/lecedinliler-derdimizi-demeye-memur-tapmiriq\\\/#article\",\"isPartOf\":{\"@id\":\"https:\\\/\\\/www.meydan.tv\\\/az\\\/article\\\/lecedinliler-derdimizi-demeye-memur-tapmiriq\\\/\"},\"author\":{\"name\":\"user-manager\",\"@id\":\"https:\\\/\\\/www.meydan.tv\\\/az\\\/#\\\/schema\\\/person\\\/10d11eccf6da3662cf5fdab9806ea91a\"},\"headline\":\"L\u0259c\u0259dilil\u0259r: D\u0259rdimizi dem\u0259y\u0259 m\u0259mur tapm\u0131r\u0131q\",\"datePublished\":\"2020-02-18T20:23:49+00:00\",\"mainEntityOfPage\":{\"@id\":\"https:\\\/\\\/www.meydan.tv\\\/az\\\/article\\\/lecedinliler-derdimizi-demeye-memur-tapmiriq\\\/\"},\"wordCount\":831,\"publisher\":{\"@id\":\"https:\\\/\\\/www.meydan.tv\\\/az\\\/#organization\"},\"image\":{\"@id\":\"https:\\\/\\\/www.meydan.tv\\\/az\\\/article\\\/lecedinliler-derdimizi-demeye-memur-tapmiriq\\\/#primaryimage\"},\"thumbnailUrl\":\"https:\\\/\\\/www.meydan.tv\\\/wp-content\\\/uploads\\\/image_from_ios_6_baqfoad.jpg\",\"articleSection\":[\"B\u00f6lg\u0259\"],\"inLanguage\":\"az\"},{\"@type\":\"WebPage\",\"@id\":\"https:\\\/\\\/www.meydan.tv\\\/az\\\/article\\\/lecedinliler-derdimizi-demeye-memur-tapmiriq\\\/\",\"url\":\"https:\\\/\\\/www.meydan.tv\\\/az\\\/article\\\/lecedinliler-derdimizi-demeye-memur-tapmiriq\\\/\",\"name\":\"L\u0259c\u0259dilil\u0259r: D\u0259rdimizi dem\u0259y\u0259 m\u0259mur tapm\u0131r\u0131q - MEYDAN.TV\",\"isPartOf\":{\"@id\":\"https:\\\/\\\/www.meydan.tv\\\/az\\\/#website\"},\"primaryImageOfPage\":{\"@id\":\"https:\\\/\\\/www.meydan.tv\\\/az\\\/article\\\/lecedinliler-derdimizi-demeye-memur-tapmiriq\\\/#primaryimage\"},\"image\":{\"@id\":\"https:\\\/\\\/www.meydan.tv\\\/az\\\/article\\\/lecedinliler-derdimizi-demeye-memur-tapmiriq\\\/#primaryimage\"},\"thumbnailUrl\":\"https:\\\/\\\/www.meydan.tv\\\/wp-content\\\/uploads\\\/image_from_ios_6_baqfoad.jpg\",\"datePublished\":\"2020-02-18T20:23:49+00:00\",\"breadcrumb\":{\"@id\":\"https:\\\/\\\/www.meydan.tv\\\/az\\\/article\\\/lecedinliler-derdimizi-demeye-memur-tapmiriq\\\/#breadcrumb\"},\"inLanguage\":\"az\",\"potentialAction\":[{\"@type\":\"ReadAction\",\"target\":[\"https:\\\/\\\/www.meydan.tv\\\/az\\\/article\\\/lecedinliler-derdimizi-demeye-memur-tapmiriq\\\/\"]}]},{\"@type\":\"ImageObject\",\"inLanguage\":\"az\",\"@id\":\"https:\\\/\\\/www.meydan.tv\\\/az\\\/article\\\/lecedinliler-derdimizi-demeye-memur-tapmiriq\\\/#primaryimage\",\"url\":\"https:\\\/\\\/www.meydan.tv\\\/wp-content\\\/uploads\\\/image_from_ios_6_baqfoad.jpg\",\"contentUrl\":\"https:\\\/\\\/www.meydan.tv\\\/wp-content\\\/uploads\\\/image_from_ios_6_baqfoad.jpg\",\"width\":1200,\"height\":900,\"caption\":\"Source: Specify Source\"},{\"@type\":\"BreadcrumbList\",\"@id\":\"https:\\\/\\\/www.meydan.tv\\\/az\\\/article\\\/lecedinliler-derdimizi-demeye-memur-tapmiriq\\\/#breadcrumb\",\"itemListElement\":[{\"@type\":\"ListItem\",\"position\":1,\"name\":\"Ana s\u0259hif\u0259\",\"item\":\"https:\\\/\\\/www.meydan.tv\\\/az\\\/\"},{\"@type\":\"ListItem\",\"position\":2,\"name\":\"B\u00f6lg\u0259\",\"item\":\"https:\\\/\\\/www.meydan.tv\\\/az\\\/section\\\/bolge\\\/\"},{\"@type\":\"ListItem\",\"position\":3,\"name\":\"L\u0259c\u0259dilil\u0259r: D\u0259rdimizi dem\u0259y\u0259 m\u0259mur tapm\u0131r\u0131q\"}]},{\"@type\":\"WebSite\",\"@id\":\"https:\\\/\\\/www.meydan.tv\\\/az\\\/#website\",\"url\":\"https:\\\/\\\/www.meydan.tv\\\/az\\\/\",\"name\":\"MEYDAN.TV\",\"description\":\"Meydan TV Az\u0259rbaycan\u0131n media m\u0259kan\u0131ndak\u0131 alternativ s\u0259sidir\",\"publisher\":{\"@id\":\"https:\\\/\\\/www.meydan.tv\\\/az\\\/#organization\"},\"potentialAction\":[{\"@type\":\"SearchAction\",\"target\":{\"@type\":\"EntryPoint\",\"urlTemplate\":\"https:\\\/\\\/www.meydan.tv\\\/az\\\/?s={search_term_string}\"},\"query-input\":{\"@type\":\"PropertyValueSpecification\",\"valueRequired\":true,\"valueName\":\"search_term_string\"}}],\"inLanguage\":\"az\"},{\"@type\":\"Organization\",\"@id\":\"https:\\\/\\\/www.meydan.tv\\\/az\\\/#organization\",\"name\":\"Meydan TV\",\"url\":\"https:\\\/\\\/www.meydan.tv\\\/az\\\/\",\"logo\":{\"@type\":\"ImageObject\",\"inLanguage\":\"az\",\"@id\":\"https:\\\/\\\/www.meydan.tv\\\/az\\\/#\\\/schema\\\/logo\\\/image\\\/\",\"url\":\"https:\\\/\\\/www.meydan.tv\\\/wp-content\\\/uploads\\\/2021\\\/07\\\/meydan-logo.svg\",\"contentUrl\":\"https:\\\/\\\/www.meydan.tv\\\/wp-content\\\/uploads\\\/2021\\\/07\\\/meydan-logo.svg\",\"width\":195,\"height\":46,\"caption\":\"Meydan TV\"},\"image\":{\"@id\":\"https:\\\/\\\/www.meydan.tv\\\/az\\\/#\\\/schema\\\/logo\\\/image\\\/\"}},{\"@type\":\"Person\",\"@id\":\"https:\\\/\\\/www.meydan.tv\\\/az\\\/#\\\/schema\\\/person\\\/10d11eccf6da3662cf5fdab9806ea91a\",\"name\":\"user-manager\"}]}<\/script>\n<!-- \/ Yoast SEO plugin. -->","yoast_head_json":{"title":"L\u0259c\u0259dilil\u0259r: D\u0259rdimizi dem\u0259y\u0259 m\u0259mur tapm\u0131r\u0131q - MEYDAN.TV","robots":{"index":"index","follow":"follow","max-snippet":"max-snippet:-1","max-image-preview":"max-image-preview:large","max-video-preview":"max-video-preview:-1"},"canonical":"https:\/\/www.meydan.tv\/az\/article\/lecedinliler-derdimizi-demeye-memur-tapmiriq\/","og_locale":"az_AZ","og_type":"article","og_title":"L\u0259c\u0259dilil\u0259r: D\u0259rdimizi dem\u0259y\u0259 m\u0259mur tapm\u0131r\u0131q - MEYDAN.TV","og_description":"\u201cK\u0259ndd\u0259 iki bulaq vard\u0131, ikisi d\u0259 qurudu\".","og_url":"https:\/\/www.meydan.tv\/az\/article\/lecedinliler-derdimizi-demeye-memur-tapmiriq\/","og_site_name":"MEYDAN.TV","article_published_time":"2020-02-18T20:23:49+00:00","og_image":[{"width":1200,"height":900,"url":"https:\/\/www.meydan.tv\/wp-content\/uploads\/image_from_ios_6_baqfoad.jpg","type":"image\/jpeg"}],"author":"user-manager","twitter_card":"summary_large_image","schema":{"@context":"https:\/\/schema.org","@graph":[{"@type":"Article","@id":"https:\/\/www.meydan.tv\/az\/article\/lecedinliler-derdimizi-demeye-memur-tapmiriq\/#article","isPartOf":{"@id":"https:\/\/www.meydan.tv\/az\/article\/lecedinliler-derdimizi-demeye-memur-tapmiriq\/"},"author":{"name":"user-manager","@id":"https:\/\/www.meydan.tv\/az\/#\/schema\/person\/10d11eccf6da3662cf5fdab9806ea91a"},"headline":"L\u0259c\u0259dilil\u0259r: D\u0259rdimizi dem\u0259y\u0259 m\u0259mur tapm\u0131r\u0131q","datePublished":"2020-02-18T20:23:49+00:00","mainEntityOfPage":{"@id":"https:\/\/www.meydan.tv\/az\/article\/lecedinliler-derdimizi-demeye-memur-tapmiriq\/"},"wordCount":831,"publisher":{"@id":"https:\/\/www.meydan.tv\/az\/#organization"},"image":{"@id":"https:\/\/www.meydan.tv\/az\/article\/lecedinliler-derdimizi-demeye-memur-tapmiriq\/#primaryimage"},"thumbnailUrl":"https:\/\/www.meydan.tv\/wp-content\/uploads\/image_from_ios_6_baqfoad.jpg","articleSection":["B\u00f6lg\u0259"],"inLanguage":"az"},{"@type":"WebPage","@id":"https:\/\/www.meydan.tv\/az\/article\/lecedinliler-derdimizi-demeye-memur-tapmiriq\/","url":"https:\/\/www.meydan.tv\/az\/article\/lecedinliler-derdimizi-demeye-memur-tapmiriq\/","name":"L\u0259c\u0259dilil\u0259r: D\u0259rdimizi dem\u0259y\u0259 m\u0259mur tapm\u0131r\u0131q - MEYDAN.TV","isPartOf":{"@id":"https:\/\/www.meydan.tv\/az\/#website"},"primaryImageOfPage":{"@id":"https:\/\/www.meydan.tv\/az\/article\/lecedinliler-derdimizi-demeye-memur-tapmiriq\/#primaryimage"},"image":{"@id":"https:\/\/www.meydan.tv\/az\/article\/lecedinliler-derdimizi-demeye-memur-tapmiriq\/#primaryimage"},"thumbnailUrl":"https:\/\/www.meydan.tv\/wp-content\/uploads\/image_from_ios_6_baqfoad.jpg","datePublished":"2020-02-18T20:23:49+00:00","breadcrumb":{"@id":"https:\/\/www.meydan.tv\/az\/article\/lecedinliler-derdimizi-demeye-memur-tapmiriq\/#breadcrumb"},"inLanguage":"az","potentialAction":[{"@type":"ReadAction","target":["https:\/\/www.meydan.tv\/az\/article\/lecedinliler-derdimizi-demeye-memur-tapmiriq\/"]}]},{"@type":"ImageObject","inLanguage":"az","@id":"https:\/\/www.meydan.tv\/az\/article\/lecedinliler-derdimizi-demeye-memur-tapmiriq\/#primaryimage","url":"https:\/\/www.meydan.tv\/wp-content\/uploads\/image_from_ios_6_baqfoad.jpg","contentUrl":"https:\/\/www.meydan.tv\/wp-content\/uploads\/image_from_ios_6_baqfoad.jpg","width":1200,"height":900,"caption":"Source: Specify Source"},{"@type":"BreadcrumbList","@id":"https:\/\/www.meydan.tv\/az\/article\/lecedinliler-derdimizi-demeye-memur-tapmiriq\/#breadcrumb","itemListElement":[{"@type":"ListItem","position":1,"name":"Ana s\u0259hif\u0259","item":"https:\/\/www.meydan.tv\/az\/"},{"@type":"ListItem","position":2,"name":"B\u00f6lg\u0259","item":"https:\/\/www.meydan.tv\/az\/section\/bolge\/"},{"@type":"ListItem","position":3,"name":"L\u0259c\u0259dilil\u0259r: D\u0259rdimizi dem\u0259y\u0259 m\u0259mur tapm\u0131r\u0131q"}]},{"@type":"WebSite","@id":"https:\/\/www.meydan.tv\/az\/#website","url":"https:\/\/www.meydan.tv\/az\/","name":"MEYDAN.TV","description":"Meydan TV Az\u0259rbaycan\u0131n media m\u0259kan\u0131ndak\u0131 alternativ s\u0259sidir","publisher":{"@id":"https:\/\/www.meydan.tv\/az\/#organization"},"potentialAction":[{"@type":"SearchAction","target":{"@type":"EntryPoint","urlTemplate":"https:\/\/www.meydan.tv\/az\/?s={search_term_string}"},"query-input":{"@type":"PropertyValueSpecification","valueRequired":true,"valueName":"search_term_string"}}],"inLanguage":"az"},{"@type":"Organization","@id":"https:\/\/www.meydan.tv\/az\/#organization","name":"Meydan TV","url":"https:\/\/www.meydan.tv\/az\/","logo":{"@type":"ImageObject","inLanguage":"az","@id":"https:\/\/www.meydan.tv\/az\/#\/schema\/logo\/image\/","url":"https:\/\/www.meydan.tv\/wp-content\/uploads\/2021\/07\/meydan-logo.svg","contentUrl":"https:\/\/www.meydan.tv\/wp-content\/uploads\/2021\/07\/meydan-logo.svg","width":195,"height":46,"caption":"Meydan TV"},"image":{"@id":"https:\/\/www.meydan.tv\/az\/#\/schema\/logo\/image\/"}},{"@type":"Person","@id":"https:\/\/www.meydan.tv\/az\/#\/schema\/person\/10d11eccf6da3662cf5fdab9806ea91a","name":"user-manager"}]}},"_links":{"self":[{"href":"https:\/\/www.meydan.tv\/az\/wp-json\/wp\/v2\/posts\/199339","targetHints":{"allow":["GET"]}}],"collection":[{"href":"https:\/\/www.meydan.tv\/az\/wp-json\/wp\/v2\/posts"}],"about":[{"href":"https:\/\/www.meydan.tv\/az\/wp-json\/wp\/v2\/types\/post"}],"author":[{"embeddable":true,"href":"https:\/\/www.meydan.tv\/az\/wp-json\/wp\/v2\/users\/11"}],"replies":[{"embeddable":true,"href":"https:\/\/www.meydan.tv\/az\/wp-json\/wp\/v2\/comments?post=199339"}],"version-history":[{"count":0,"href":"https:\/\/www.meydan.tv\/az\/wp-json\/wp\/v2\/posts\/199339\/revisions"}],"wp:featuredmedia":[{"embeddable":true,"href":"https:\/\/www.meydan.tv\/az\/wp-json\/wp\/v2\/media\/137741"}],"wp:attachment":[{"href":"https:\/\/www.meydan.tv\/az\/wp-json\/wp\/v2\/media?parent=199339"}],"wp:term":[{"taxonomy":"category","embeddable":true,"href":"https:\/\/www.meydan.tv\/az\/wp-json\/wp\/v2\/categories?post=199339"},{"taxonomy":"post_tag","embeddable":true,"href":"https:\/\/www.meydan.tv\/az\/wp-json\/wp\/v2\/tags?post=199339"}],"curies":[{"name":"wp","href":"https:\/\/api.w.org\/{rel}","templated":true}]}}