{"id":199317,"date":"2020-02-18T10:24:02","date_gmt":"2020-02-18T10:24:02","guid":{"rendered":"https:\/\/www.meydan.tv\/article\/azerbaycan-filmleri-sarm-el-seyx-film-festivalinda-numayis-olunacaq\/"},"modified":"2020-02-18T10:24:02","modified_gmt":"2020-02-18T10:24:02","slug":"azerbaycan-filmleri-sarm-el-seyx-film-festivalinda-numayis-olunacaq","status":"publish","type":"post","link":"https:\/\/www.meydan.tv\/az\/article\/azerbaycan-filmleri-sarm-el-seyx-film-festivalinda-numayis-olunacaq\/","title":{"rendered":"Az\u0259rbaycan filml\u0259ri \u015earm \u0259l-\u015eeyx Film Festival\u0131nda n\u00fcmayi\u015f olunacaq"},"content":{"rendered":"<p>\n  <i><br \/>\n    Bu d\u0259f\u0259 festivala 2 film gedir<br \/>\n  <\/i>\n<\/p>\n<p>\n  Az\u0259rbaycan filml\u0259ri d\u00f6rd\u00fcnc\u00fc d\u0259f\u0259dir Misird\u0259 ke\u00e7iril\u0259c\u0259k \u015earm \u0259l-\u015eeyx Film Festival\u0131nda n\u00fcmayi\u015f olunacaq.\n<\/p>\n<p>\n  \u0130yunun 20-d\u0259n 26-d\u0259k davam ed\u0259c\u0259k festivalda \u201cNabat\u201d (rejissor El\u00e7in Musao\u011flu) v\u0259 \u201cS\u0259s\u201d (rejissor Zamin M\u0259mm\u0259dov) g\u00f6st\u0259ril\u0259c\u0259k.\n<\/p>\n<p>\n  \u00d6t\u0259nilki festivalda Az\u0259rbaycan \u201cAd g\u00fcn\u00fc\u201d (rejissor Hilal Baydarov) filmi il\u0259 t\u0259msil olunmu\u015fdu.\n<\/p>\n<figure class=\"wp-block-image size-large\">\n  <img decoding=\"async\" src=\"https:\/\/www.meydan.tv\/az\/image_from_ios-3-jpg-72\/\" alt=\"image_from_ios (3).jpg\" class=\"wp-image-137733\"\/><figcaption>\n    Filmd\u0259n kadr<br \/>\n  <\/figcaption><\/figure>\n","protected":false},"excerpt":{"rendered":"<p>\u0130yunun 20-d\u0259n 26-d\u0259k davam ed\u0259c\u0259k festivalda \u201cNabat\u201d (rejissor El\u00e7in Musao\u011flu) v\u0259 \u201cS\u0259s\u201d (rejissor Zamin M\u0259mm\u0259dov) g\u00f6st\u0259ril\u0259c\u0259k.<\/p>\n","protected":false},"author":11,"featured_media":137730,"comment_status":"closed","ping_status":"open","sticky":false,"template":"","format":"standard","meta":{"_acf_changed":false,"_sitemap_exclude":false,"_sitemap_priority":"","_sitemap_frequency":"","footnotes":""},"categories":[52],"tags":[],"class_list":["post-199317","post","type-post","status-publish","format-standard","has-post-thumbnail","hentry","category-medeniyyet","infinite-scroll-item","generate-columns","tablet-grid-50","mobile-grid-100","grid-parent","grid-33","no-featured-image-padding"],"acf":[],"yoast_head":"<!-- This site is optimized with the Yoast SEO plugin v28.3 - https:\/\/yoast.com\/product\/yoast-seo-wordpress\/ -->\n<title>Az\u0259rbaycan filml\u0259ri \u015earm \u0259l-\u015eeyx Film Festival\u0131nda n\u00fcmayi\u015f olunacaq - MEYDAN.TV<\/title>\n<meta name=\"robots\" content=\"index, follow, max-snippet:-1, max-image-preview:large, max-video-preview:-1\" \/>\n<link rel=\"canonical\" href=\"https:\/\/www.meydan.tv\/az\/article\/azerbaycan-filmleri-sarm-el-seyx-film-festivalinda-numayis-olunacaq\/\" \/>\n<meta property=\"og:locale\" content=\"az_AZ\" \/>\n<meta property=\"og:type\" content=\"article\" \/>\n<meta property=\"og:title\" content=\"Az\u0259rbaycan filml\u0259ri \u015earm \u0259l-\u015eeyx Film Festival\u0131nda n\u00fcmayi\u015f olunacaq - MEYDAN.TV\" \/>\n<meta property=\"og:description\" content=\"\u0130yunun 20-d\u0259n 26-d\u0259k davam ed\u0259c\u0259k festivalda \u201cNabat\u201d (rejissor El\u00e7in Musao\u011flu) v\u0259 \u201cS\u0259s\u201d (rejissor Zamin M\u0259mm\u0259dov) g\u00f6st\u0259ril\u0259c\u0259k.\" \/>\n<meta property=\"og:url\" content=\"https:\/\/www.meydan.tv\/az\/article\/azerbaycan-filmleri-sarm-el-seyx-film-festivalinda-numayis-olunacaq\/\" \/>\n<meta property=\"og:site_name\" content=\"MEYDAN.TV\" \/>\n<meta property=\"article:published_time\" content=\"2020-02-18T10:24:02+00:00\" \/>\n<meta property=\"og:image\" content=\"https:\/\/www.meydan.tv\/wp-content\/uploads\/image_from_ios_2_tqmljz3.jpg\" \/>\n\t<meta property=\"og:image:width\" content=\"1000\" \/>\n\t<meta property=\"og:image:height\" content=\"625\" \/>\n\t<meta property=\"og:image:type\" content=\"image\/jpeg\" \/>\n<meta name=\"twitter:card\" content=\"summary_large_image\" \/>\n<!-- \/ Yoast SEO plugin. -->","yoast_head_json":{"title":"Az\u0259rbaycan filml\u0259ri \u015earm \u0259l-\u015eeyx Film Festival\u0131nda n\u00fcmayi\u015f olunacaq - MEYDAN.TV","robots":{"index":"index","follow":"follow","max-snippet":"max-snippet:-1","max-image-preview":"max-image-preview:large","max-video-preview":"max-video-preview:-1"},"canonical":"https:\/\/www.meydan.tv\/az\/article\/azerbaycan-filmleri-sarm-el-seyx-film-festivalinda-numayis-olunacaq\/","og_locale":"az_AZ","og_type":"article","og_title":"Az\u0259rbaycan filml\u0259ri \u015earm \u0259l-\u015eeyx Film Festival\u0131nda n\u00fcmayi\u015f olunacaq - MEYDAN.TV","og_description":"\u0130yunun 20-d\u0259n 26-d\u0259k davam ed\u0259c\u0259k festivalda \u201cNabat\u201d (rejissor El\u00e7in Musao\u011flu) v\u0259 \u201cS\u0259s\u201d (rejissor Zamin M\u0259mm\u0259dov) g\u00f6st\u0259ril\u0259c\u0259k.","og_url":"https:\/\/www.meydan.tv\/az\/article\/azerbaycan-filmleri-sarm-el-seyx-film-festivalinda-numayis-olunacaq\/","og_site_name":"MEYDAN.TV","article_published_time":"2020-02-18T10:24:02+00:00","og_image":[{"width":1000,"height":625,"url":"https:\/\/www.meydan.tv\/wp-content\/uploads\/image_from_ios_2_tqmljz3.jpg","type":"image\/jpeg"}],"twitter_card":"summary_large_image","schema":{"@context":"https:\/\/schema.org","@graph":[{"@type":"Article","@id":"https:\/\/www.meydan.tv\/az\/article\/azerbaycan-filmleri-sarm-el-seyx-film-festivalinda-numayis-olunacaq\/#article","isPartOf":{"@id":"https:\/\/www.meydan.tv\/az\/article\/azerbaycan-filmleri-sarm-el-seyx-film-festivalinda-numayis-olunacaq\/"},"author":{"name":"user-manager","@id":"https:\/\/www.meydan.tv\/az\/#\/schema\/person\/10d11eccf6da3662cf5fdab9806ea91a"},"headline":"Az\u0259rbaycan filml\u0259ri \u015earm \u0259l-\u015eeyx Film Festival\u0131nda n\u00fcmayi\u015f olunacaq","datePublished":"2020-02-18T10:24:02+00:00","mainEntityOfPage":{"@id":"https:\/\/www.meydan.tv\/az\/article\/azerbaycan-filmleri-sarm-el-seyx-film-festivalinda-numayis-olunacaq\/"},"wordCount":92,"publisher":{"@id":"https:\/\/www.meydan.tv\/az\/#organization"},"image":{"@id":"https:\/\/www.meydan.tv\/az\/article\/azerbaycan-filmleri-sarm-el-seyx-film-festivalinda-numayis-olunacaq\/#primaryimage"},"thumbnailUrl":"https:\/\/www.meydan.tv\/wp-content\/uploads\/image_from_ios_2_tqmljz3.jpg","articleSection":["M\u0259d\u0259niyy\u0259t"],"inLanguage":"az"},{"@type":"WebPage","@id":"https:\/\/www.meydan.tv\/az\/article\/azerbaycan-filmleri-sarm-el-seyx-film-festivalinda-numayis-olunacaq\/","url":"https:\/\/www.meydan.tv\/az\/article\/azerbaycan-filmleri-sarm-el-seyx-film-festivalinda-numayis-olunacaq\/","name":"Az\u0259rbaycan filml\u0259ri \u015earm \u0259l-\u015eeyx Film Festival\u0131nda n\u00fcmayi\u015f olunacaq - MEYDAN.TV","isPartOf":{"@id":"https:\/\/www.meydan.tv\/az\/#website"},"primaryImageOfPage":{"@id":"https:\/\/www.meydan.tv\/az\/article\/azerbaycan-filmleri-sarm-el-seyx-film-festivalinda-numayis-olunacaq\/#primaryimage"},"image":{"@id":"https:\/\/www.meydan.tv\/az\/article\/azerbaycan-filmleri-sarm-el-seyx-film-festivalinda-numayis-olunacaq\/#primaryimage"},"thumbnailUrl":"https:\/\/www.meydan.tv\/wp-content\/uploads\/image_from_ios_2_tqmljz3.jpg","datePublished":"2020-02-18T10:24:02+00:00","breadcrumb":{"@id":"https:\/\/www.meydan.tv\/az\/article\/azerbaycan-filmleri-sarm-el-seyx-film-festivalinda-numayis-olunacaq\/#breadcrumb"},"inLanguage":"az","potentialAction":[{"@type":"ReadAction","target":["https:\/\/www.meydan.tv\/az\/article\/azerbaycan-filmleri-sarm-el-seyx-film-festivalinda-numayis-olunacaq\/"]}]},{"@type":"ImageObject","inLanguage":"az","@id":"https:\/\/www.meydan.tv\/az\/article\/azerbaycan-filmleri-sarm-el-seyx-film-festivalinda-numayis-olunacaq\/#primaryimage","url":"https:\/\/www.meydan.tv\/wp-content\/uploads\/image_from_ios_2_tqmljz3.jpg","contentUrl":"https:\/\/www.meydan.tv\/wp-content\/uploads\/image_from_ios_2_tqmljz3.jpg","width":1000,"height":625,"caption":"Source: Specify Source"},{"@type":"BreadcrumbList","@id":"https:\/\/www.meydan.tv\/az\/article\/azerbaycan-filmleri-sarm-el-seyx-film-festivalinda-numayis-olunacaq\/#breadcrumb","itemListElement":[{"@type":"ListItem","position":1,"name":"Ana s\u0259hif\u0259","item":"https:\/\/www.meydan.tv\/az\/"},{"@type":"ListItem","position":2,"name":"M\u0259d\u0259niyy\u0259t","item":"https:\/\/www.meydan.tv\/az\/section\/medeniyyet\/"},{"@type":"ListItem","position":3,"name":"Az\u0259rbaycan filml\u0259ri \u015earm \u0259l-\u015eeyx Film Festival\u0131nda n\u00fcmayi\u015f olunacaq"}]},{"@type":"WebSite","@id":"https:\/\/www.meydan.tv\/az\/#website","url":"https:\/\/www.meydan.tv\/az\/","name":"MEYDAN.TV","description":"Meydan TV Az\u0259rbaycan\u0131n media m\u0259kan\u0131ndak\u0131 alternativ s\u0259sidir","publisher":{"@id":"https:\/\/www.meydan.tv\/az\/#organization"},"potentialAction":[{"@type":"SearchAction","target":{"@type":"EntryPoint","urlTemplate":"https:\/\/www.meydan.tv\/az\/?s={search_term_string}"},"query-input":{"@type":"PropertyValueSpecification","valueRequired":true,"valueName":"search_term_string"}}],"inLanguage":"az"},{"@type":"Organization","@id":"https:\/\/www.meydan.tv\/az\/#organization","name":"Meydan TV","url":"https:\/\/www.meydan.tv\/az\/","logo":{"@type":"ImageObject","inLanguage":"az","@id":"https:\/\/www.meydan.tv\/az\/#\/schema\/logo\/image\/","url":"https:\/\/www.meydan.tv\/wp-content\/uploads\/2021\/07\/meydan-logo.svg","contentUrl":"https:\/\/www.meydan.tv\/wp-content\/uploads\/2021\/07\/meydan-logo.svg","width":195,"height":46,"caption":"Meydan TV"},"image":{"@id":"https:\/\/www.meydan.tv\/az\/#\/schema\/logo\/image\/"}},{"@type":"Person","@id":"https:\/\/www.meydan.tv\/az\/#\/schema\/person\/10d11eccf6da3662cf5fdab9806ea91a","name":"user-manager"}]}},"_links":{"self":[{"href":"https:\/\/www.meydan.tv\/az\/wp-json\/wp\/v2\/posts\/199317","targetHints":{"allow":["GET"]}}],"collection":[{"href":"https:\/\/www.meydan.tv\/az\/wp-json\/wp\/v2\/posts"}],"about":[{"href":"https:\/\/www.meydan.tv\/az\/wp-json\/wp\/v2\/types\/post"}],"author":[{"embeddable":true,"href":"https:\/\/www.meydan.tv\/az\/wp-json\/wp\/v2\/users\/11"}],"replies":[{"embeddable":true,"href":"https:\/\/www.meydan.tv\/az\/wp-json\/wp\/v2\/comments?post=199317"}],"version-history":[{"count":0,"href":"https:\/\/www.meydan.tv\/az\/wp-json\/wp\/v2\/posts\/199317\/revisions"}],"wp:featuredmedia":[{"embeddable":true,"href":"https:\/\/www.meydan.tv\/az\/wp-json\/wp\/v2\/media\/137730"}],"wp:attachment":[{"href":"https:\/\/www.meydan.tv\/az\/wp-json\/wp\/v2\/media?parent=199317"}],"wp:term":[{"taxonomy":"category","embeddable":true,"href":"https:\/\/www.meydan.tv\/az\/wp-json\/wp\/v2\/categories?post=199317"},{"taxonomy":"post_tag","embeddable":true,"href":"https:\/\/www.meydan.tv\/az\/wp-json\/wp\/v2\/tags?post=199317"}],"curies":[{"name":"wp","href":"https:\/\/api.w.org\/{rel}","templated":true}]}}