{"id":199307,"date":"2020-02-17T14:20:46","date_gmt":"2020-02-17T14:20:46","guid":{"rendered":"https:\/\/www.meydan.tv\/article\/deputat-secilen-idmancinin-bacisi-oglu-meni-razborkaya-cagirib\/"},"modified":"2020-02-17T14:20:46","modified_gmt":"2020-02-17T14:20:46","slug":"deputat-secilen-idmancinin-bacisi-oglu-meni-razborkaya-cagirib","status":"publish","type":"post","link":"https:\/\/www.meydan.tv\/az\/article\/deputat-secilen-idmancinin-bacisi-oglu-meni-razborkaya-cagirib\/","title":{"rendered":"\u201cDeputat se\u00e7il\u0259n idman\u00e7\u0131n\u0131n bac\u0131s\u0131 o\u011flu m\u0259ni \u201crazborkaya\u201d \u00e7a\u011f\u0131r\u0131b\u201d"},"content":{"rendered":"<p>\n  <i><br \/>\n    \u015e\u0259ki sakininin iddias\u0131na g\u00f6r\u0259, YAP \u00fczv\u00fc ona z\u0259ng vuraraq \u201ctop-t\u00fcf\u0259ngini, dostunu-tan\u0131\u015f\u0131n\u0131 y\u0131\u011f g\u0259l, s\u00f6hb\u0259t ed\u0259k\u201d deyib<br \/>\n  <\/i>\n<\/p>\n<p>\n  \u201cDeputatl\u0131\u011fa namiz\u0259d olmu\u015f v\u0259 \u015e\u0259kid\u0259n deputat se\u00e7ildiyi deyil\u0259n Avropa \u00e7empionu V\u00fcqar \u0130sk\u0259nd\u0259rovun bac\u0131s\u0131 o\u011flu Orxan C\u0259f\u0259rov m\u0259n\u0259 z\u0259ng vuraraq bu ax\u015fam \u201crazborkaya\u201d d\u0259v\u0259t edib. Dedi ki, m\u0259n \u00f6z d\u0259st\u0259ml\u0259 g\u0259l\u0259c\u0259m, s\u0259n d\u0259 kimi ist\u0259s\u0259n \u00f6z\u00fcnl\u0259 g\u00f6t\u00fcr\u0259 bil\u0259rs\u0259n, evinin yerini de, g\u0259lim s\u0259ni ordan g\u00f6t\u00fcr\u00fcm, ged\u0259k s\u00f6hb\u0259t ed\u0259k\u201d.\n<\/p>\n<p>\n  \u015e\u0259ki sakini \u015eakir Salaml\u0131 Meydan Tv-y\u0259 dan\u0131\u015f\u0131r ki, fevral\u0131n 9-da 113 sayl\u0131 DSK-n\u0131n 24 sayl\u0131 s\u0259sverm\u0259 m\u0259nt\u0259q\u0259sind\u0259 m\u00fc\u015fahid\u0259\u00e7ilik ed\u0259n yax\u0131n dostunun h\u0259min m\u0259nt\u0259q\u0259d\u0259 t\u0259zyiql\u0259r\u0259 m\u0259ruz qald\u0131\u011f\u0131n\u0131 e\u015fid\u0259n kimi h\u0259min m\u0259nt\u0259q\u0259y\u0259 gedib. Orada deputatl\u0131\u011fa namiz\u0259dl\u0259rd\u0259n biri olan V\u00fcqar \u0130sk\u0259nd\u0259rovun yax\u0131n qohumu onu h\u0259d\u0259l\u0259yib.\n<\/p>\n<p>\n  <b><br \/>\n    \u201cDedi, topun-t\u00fcf\u0259ngin, n\u0259yin varsa, y\u0131\u011f, g\u0259l, g\u00f6r\u00fc\u015f\u0259k\u201d<br \/>\n  <\/b>\n<\/p>\n<p>\n  \u201cH\u0259min m\u0259nt\u0259q\u0259 \u015e\u0259kid\u0259ki 4 sayl\u0131 musiqi m\u0259kt\u0259bind\u0259 yerl\u0259\u015firdi. Dostum z\u0259ng vurub dedi ki, Orxan adl\u0131 \u015f\u0259xs onu \u0259vv\u0259lc\u0259 21 sayl\u0131 m\u0259nt\u0259q\u0259d\u0259n qovub, o haz\u0131rda 24 sayl\u0131 m\u0259nt\u0259q\u0259d\u0259dir, Orxan indi d\u0259 h\u0259min m\u0259nt\u0259q\u0259y\u0259 g\u0259lib, onu h\u0259d\u0259l\u0259yir ki, \u00f6z xo\u015fuyla \u00e7\u00f6l\u0259 \u00e7\u0131xmasa, qula\u011f\u0131ndan tutub k\u00fc\u00e7\u0259d\u0259 yerl\u0259 s\u00fcr\u00fctl\u0259y\u0259c\u0259k. Narahat olduq v\u0259 dostlar\u0131mla birlikd\u0259 m\u0259nt\u0259q\u0259y\u0259 getdik, ancaq i\u00e7\u0259ri girm\u0259dik. M\u0259kt\u0259bin qar\u015f\u0131s\u0131nda topla\u015faraq n\u0259 ba\u015f verdiyini m\u00fczakir\u0259 edirdik ki, sonradan ad\u0131n\u0131 bildiyim Orxan adl\u0131 \u015f\u0259xs biz\u0259 yax\u0131nla\u015fd\u0131, n\u0259y\u0259 g\u00f6r\u0259 topla\u015fd\u0131\u011f\u0131m\u0131z\u0131 soru\u015fdu. Dedi ki, siz kimsiniz ki, burda ba\u015f ver\u0259nl\u0259r\u0259 qar\u0131\u015f\u0131rs\u0131z? Dedik, biz h\u0259l\u0259 he\u00e7 n\u0259y\u0259 qar\u0131\u015fmam\u0131\u015f\u0131q, sad\u0259c\u0259, topla\u015f\u0131b dostumuzun v\u0259ziyy\u0259ti il\u0259 ba\u011fl\u0131 bir-birimizl\u0259 s\u00f6hb\u0259tl\u0259\u015firik. \u00dcst\u00fcm\u0259 q\u0131\u015fq\u0131rd\u0131 ki \u201ca\u011f\u0131ll\u0131 ol, \u0259\u0259\u0259\u201d. Bir-birimizl\u0259 6-7 metr aral\u0131 m\u0259saf\u0259d\u0259n s\u00f6z m\u00fcbahis\u0259si etdik v\u0259 da\u011f\u0131l\u0131\u015fd\u0131q\u201d, &#8211; \u015eakir Salaml\u0131 deyir.\n<\/p>\n<figure class=\"wp-block-image size-large\">\n  <img decoding=\"async\" src=\"https:\/\/www.meydan.tv\/az\/image_from_ios-2-jpg-113\/\" alt=\"image_from_ios (2).jpg\" class=\"wp-image-137677\"\/><figcaption>\n    \u015eakir Salaml\u0131<br \/>\n  <\/figcaption><\/figure>\n<p>\n  Onun s\u00f6zl\u0259rin\u0259 g\u00f6r\u0259, m\u0259s\u0259l\u0259 bununla bitm\u0259yib. Fevral\u0131n 13-d\u0259 Orxan adl\u0131 \u015f\u0259xs onu yen\u0259 narahat edib:\n<\/p>\n<p>\n  &quot;D\u00fcn\u0259n ax\u015fam saat 10 idi, tan\u0131mad\u0131\u011f\u0131m n\u00f6mr\u0259d\u0259n z\u0259ng g\u0259ldi, dedi, h\u0259min Orxanam, g\u0259l, g\u00f6r\u00fc\u015f\u0259k. Dedim, m\u0259\u015f\u011fulam, g\u00f6r\u00fc\u015fm\u0259k imkan\u0131m yoxdur. Dedi, onda sabah ax\u015fam dostun-tan\u0131\u015f\u0131n, topun, t\u00fcf\u0259ngin, n\u0259yin varsa, y\u0131\u011f g\u0259l, m\u0259n d\u0259 g\u0259l\u0259c\u0259m, s\u00f6hb\u0259t ed\u0259k. M\u0259n art\u0131q bu bar\u0259d\u0259 Daxili \u0130\u015fl\u0259r Nazirliyinin 102 xidm\u0259tin\u0259 z\u0259ng vuraraq bildirdim ki, bel\u0259 bir adam d\u0259st\u0259sini ba\u015f\u0131na y\u0131\u011f\u0131b, m\u0259ni \u201crazborkaya\u201d \u00e7a\u011f\u0131r\u0131r. Daxili i\u015fl\u0259r nazirinin m\u00fcqaini Oruc Zalova onlayn m\u00fcraci\u0259t d\u0259 etmi\u015f\u0259m. H\u0259l\u0259 ki, n\u0259 102-y\u0259, n\u0259 d\u0259 nazir m\u00fcavinin\u0259 etdiyim m\u00fcraci\u0259tl\u0259r\u0259 reaksiya var\u201d.\n<\/p>\n<p>\n  <b><br \/>\n    \u201cDedi, m\u0259nt\u0259q\u0259d\u0259n \u00e7\u0131x, yoxsa qula\u011f\u0131ndan tutub asfaltda s\u00fcr\u00fcy\u0259r\u0259m s\u0259ni\u201d<br \/>\n  <\/b>\n<\/p>\n<p>\n  113 sayl\u0131 DSK-n\u0131n s\u0259sverm\u0259 m\u0259nt\u0259q\u0259l\u0259rind\u0259 m\u00fcst\u0259qil m\u00fc\u015fahid\u0259\u00e7i kimi i\u015ftirak ed\u0259n Cavid \u018fliyev d\u0259 ba\u015f ver\u0259nl\u0259rl\u0259 ba\u011fl\u0131 dan\u0131\u015f\u0131b. Bildirib ki, Orxan C\u0259f\u0259rov \u0259vv\u0259lc\u0259 ona 21 sayl\u0131 s\u0259sverm\u0259 m\u0259nt\u0259q\u0259sind\u0259 t\u0259zyiq g\u00f6st\u0259rib:\n<\/p>\n<p>\n  \u201cH\u0259min m\u0259nt\u0259q\u0259nin s\u0259dri s\u0259s-k\u00fcy sald\u0131 ki, guya m\u0259n orda s\u0259s ver\u0259n qad\u0131nlar\u0131 \u00e7\u0259kir\u0259m. Halbuki, \u00e7\u0259kili\u015f aparm\u0131rd\u0131m. Bildirdim ki, h\u0259l\u0259 \u00e7\u0259kili\u015f aparm\u0131ram, ancaq aparmal\u0131 olsam da, buna qanun yol verir v\u0259 he\u00e7 kim buna g\u00f6r\u0259 m\u0259ni m\u0259nt\u0259q\u0259d\u0259n uzaqla\u015fd\u0131ra bilm\u0259z. Bunlar m\u0259niml\u0259 ba\u011fl\u0131 akt t\u0259rtib etdil\u0259r. Bu vaxt Orxan C\u0259f\u0259rov da m\u0259nt\u0259q\u0259y\u0259 g\u0259lib \u00e7\u0131xd\u0131, m\u0259nt\u0259q\u0259 s\u0259dri ona m\u0259nd\u0259n \u015fikay\u0259tl\u0259ndi, o da soru\u015fsdu \u201cs\u0259n kims\u0259n\u201d, dedim, m\u00fcst\u0259qil m\u00fc\u015fahid\u0259\u00e7iy\u0259m. Dedi, m\u0259n d\u0259 YAP-\u0131n m\u00fc\u015fahid\u0259\u00e7isiy\u0259m, m\u0259nt\u0259q\u0259nin s\u0259dri il\u0259 \u0259lbir olub m\u0259ni m\u0259nt\u0259q\u0259d\u0259n qovdu. Ordan \u00e7\u0131x\u0131b 24 sayl\u0131 s\u0259sverm\u0259 m\u0259nt\u0259q\u0259sin\u0259 g\u0259ldim, be\u015f d\u0259qiq\u0259 ke\u00e7m\u0259di ki, Orxan da ora g\u0259ldi, m\u0259nt\u0259q\u0259 s\u0259drin\u0259 bildirdi ki, m\u0259n bunu o biri m\u0259nt\u0259q\u0259d\u0259n qovmu\u015fam, bunu bura niy\u0259 buraxm\u0131s\u0131z? M\u0259n\u0259 is\u0259 dedi ki, bu d\u0259qiq\u0259 buran\u0131 t\u0259rk el\u0259m\u0259s\u0259n, qula\u011f\u0131ndan tutub k\u00fc\u00e7\u0259d\u0259 asfalt\u0131n \u00fcst\u00fcnd\u0259 s\u00fcr\u00fcy\u0259c\u0259m s\u0259ni, biab\u0131r olacaqsan. M\u0259n d\u0259 m\u0259nt\u0259q\u0259d\u0259n \u00e7\u0131x\u0131b dostlar\u0131ma z\u0259ng vurdum, onlara bildirdim ki, bel\u0259 bir adam m\u0259nt\u0259q\u0259-m\u0259nt\u0259q\u0259 arxamca d\u00fc\u015f\u00fcb, hara gedir\u0259ms\u0259, g\u0259lib m\u0259ni h\u0259d\u0259l\u0259yib ordan qovur. Dostlar\u0131mla onun aras\u0131nda ba\u015f ver\u0259nl\u0259ri is\u0259 art\u0131q \u015eakir Salaml\u0131 siz\u0259 dan\u0131\u015f\u0131b\u201d.\n<\/p>\n<figure class=\"wp-block-image size-large\">\n  <img decoding=\"async\" src=\"https:\/\/www.meydan.tv\/az\/image_from_ios-3-jpg-71\/\" alt=\"image_from_ios (3).jpg\" class=\"wp-image-137682\"\/><figcaption>\n    Cavid \u018fliyev<br \/>\n  <\/figcaption><\/figure>\n<p>\n  Meydan TV m\u00fcxbiri m\u0259s\u0259l\u0259y\u0259 ayd\u0131nl\u0131q g\u0259tirm\u0259k \u00fc\u00e7\u00fcn Orxan C\u0259f\u0259rovla \u0259laq\u0259 saxlay\u0131b. Orxan C\u0259f\u0259rov bildirib ki, m\u0259s\u0259l\u0259ni polis ara\u015fd\u0131r\u0131r: \u201cHaz\u0131rda polis ara\u015fd\u0131r\u0131r, d\u0259f\u0259l\u0259rl\u0259 getmi\u015f\u0259m, izahat vermi\u015f\u0259m. M\u0259n he\u00e7 kimi t\u0259hdid etm\u0259mi\u015f\u0259m. Polis var, sonra da y\u0259qin ki, i\u015f m\u0259hk\u0259m\u0259y\u0259 ged\u0259c\u0259k\u201d.<\/p>\n","protected":false},"excerpt":{"rendered":"<p>&#8220;Dostum z\u0259ng vurub dedi ki, Orxan adl\u0131 \u015f\u0259xs onu \u0259vv\u0259lc\u0259 21 sayl\u0131 m\u0259nt\u0259q\u0259d\u0259n qovub, o haz\u0131rda 24 sayl\u0131 m\u0259nt\u0259q\u0259d\u0259dir, Orxan indi d\u0259 h\u0259min m\u0259nt\u0259q\u0259y\u0259 g\u0259lib, onu h\u0259d\u0259l\u0259yir ki, \u00f6z xo\u015fuyla \u00e7\u00f6l\u0259 \u00e7\u0131xmasa, qula\u011f\u0131ndan tutub k\u00fc\u00e7\u0259d\u0259 yerl\u0259 s\u00fcr\u00fctl\u0259y\u0259c\u0259k&#8221;.<\/p>\n","protected":false},"author":11,"featured_media":137688,"comment_status":"closed","ping_status":"open","sticky":false,"template":"","format":"standard","meta":{"_acf_changed":false,"_sitemap_exclude":false,"_sitemap_priority":"","_sitemap_frequency":"","footnotes":""},"categories":[60],"tags":[],"class_list":["post-199307","post","type-post","status-publish","format-standard","has-post-thumbnail","hentry","category-bolge","infinite-scroll-item","generate-columns","tablet-grid-50","mobile-grid-100","grid-parent","grid-33","no-featured-image-padding"],"acf":[],"yoast_head":"<!-- This site is optimized with the Yoast SEO plugin v27.5 - https:\/\/yoast.com\/product\/yoast-seo-wordpress\/ -->\n<title>\u201cDeputat se\u00e7il\u0259n idman\u00e7\u0131n\u0131n bac\u0131s\u0131 o\u011flu m\u0259ni \u201crazborkaya\u201d \u00e7a\u011f\u0131r\u0131b\u201d - MEYDAN.TV<\/title>\n<meta name=\"robots\" content=\"index, follow, max-snippet:-1, max-image-preview:large, max-video-preview:-1\" \/>\n<link rel=\"canonical\" href=\"https:\/\/www.meydan.tv\/az\/article\/deputat-secilen-idmancinin-bacisi-oglu-meni-razborkaya-cagirib\/\" \/>\n<meta property=\"og:locale\" content=\"az_AZ\" \/>\n<meta property=\"og:type\" content=\"article\" \/>\n<meta property=\"og:title\" content=\"\u201cDeputat se\u00e7il\u0259n idman\u00e7\u0131n\u0131n bac\u0131s\u0131 o\u011flu m\u0259ni \u201crazborkaya\u201d \u00e7a\u011f\u0131r\u0131b\u201d - MEYDAN.TV\" \/>\n<meta property=\"og:description\" content=\"&quot;Dostum z\u0259ng vurub dedi ki, Orxan adl\u0131 \u015f\u0259xs onu \u0259vv\u0259lc\u0259 21 sayl\u0131 m\u0259nt\u0259q\u0259d\u0259n qovub, o haz\u0131rda 24 sayl\u0131 m\u0259nt\u0259q\u0259d\u0259dir, Orxan indi d\u0259 h\u0259min m\u0259nt\u0259q\u0259y\u0259 g\u0259lib, onu h\u0259d\u0259l\u0259yir ki, \u00f6z xo\u015fuyla \u00e7\u00f6l\u0259 \u00e7\u0131xmasa, qula\u011f\u0131ndan tutub k\u00fc\u00e7\u0259d\u0259 yerl\u0259 s\u00fcr\u00fctl\u0259y\u0259c\u0259k&quot;.\" \/>\n<meta property=\"og:url\" content=\"https:\/\/www.meydan.tv\/az\/article\/deputat-secilen-idmancinin-bacisi-oglu-meni-razborkaya-cagirib\/\" \/>\n<meta property=\"og:site_name\" content=\"MEYDAN.TV\" \/>\n<meta property=\"article:published_time\" content=\"2020-02-17T14:20:46+00:00\" \/>\n<meta property=\"og:image\" content=\"https:\/\/www.meydan.tv\/wp-content\/uploads\/vuqar_11.jpg\" \/>\n\t<meta property=\"og:image:width\" content=\"816\" \/>\n\t<meta property=\"og:image:height\" content=\"480\" \/>\n\t<meta property=\"og:image:type\" content=\"image\/jpeg\" \/>\n<meta name=\"author\" content=\"user-manager\" \/>\n<meta name=\"twitter:card\" content=\"summary_large_image\" \/>\n<script type=\"application\/ld+json\" class=\"yoast-schema-graph\">{\"@context\":\"https:\\\/\\\/schema.org\",\"@graph\":[{\"@type\":\"Article\",\"@id\":\"https:\\\/\\\/www.meydan.tv\\\/az\\\/article\\\/deputat-secilen-idmancinin-bacisi-oglu-meni-razborkaya-cagirib\\\/#article\",\"isPartOf\":{\"@id\":\"https:\\\/\\\/www.meydan.tv\\\/az\\\/article\\\/deputat-secilen-idmancinin-bacisi-oglu-meni-razborkaya-cagirib\\\/\"},\"author\":{\"name\":\"user-manager\",\"@id\":\"https:\\\/\\\/www.meydan.tv\\\/az\\\/#\\\/schema\\\/person\\\/10d11eccf6da3662cf5fdab9806ea91a\"},\"headline\":\"\u201cDeputat se\u00e7il\u0259n idman\u00e7\u0131n\u0131n bac\u0131s\u0131 o\u011flu m\u0259ni \u201crazborkaya\u201d \u00e7a\u011f\u0131r\u0131b\u201d\",\"datePublished\":\"2020-02-17T14:20:46+00:00\",\"mainEntityOfPage\":{\"@id\":\"https:\\\/\\\/www.meydan.tv\\\/az\\\/article\\\/deputat-secilen-idmancinin-bacisi-oglu-meni-razborkaya-cagirib\\\/\"},\"wordCount\":1012,\"publisher\":{\"@id\":\"https:\\\/\\\/www.meydan.tv\\\/az\\\/#organization\"},\"image\":{\"@id\":\"https:\\\/\\\/www.meydan.tv\\\/az\\\/article\\\/deputat-secilen-idmancinin-bacisi-oglu-meni-razborkaya-cagirib\\\/#primaryimage\"},\"thumbnailUrl\":\"https:\\\/\\\/www.meydan.tv\\\/wp-content\\\/uploads\\\/vuqar_11.jpg\",\"articleSection\":[\"B\u00f6lg\u0259\"],\"inLanguage\":\"az\"},{\"@type\":\"WebPage\",\"@id\":\"https:\\\/\\\/www.meydan.tv\\\/az\\\/article\\\/deputat-secilen-idmancinin-bacisi-oglu-meni-razborkaya-cagirib\\\/\",\"url\":\"https:\\\/\\\/www.meydan.tv\\\/az\\\/article\\\/deputat-secilen-idmancinin-bacisi-oglu-meni-razborkaya-cagirib\\\/\",\"name\":\"\u201cDeputat se\u00e7il\u0259n idman\u00e7\u0131n\u0131n bac\u0131s\u0131 o\u011flu m\u0259ni \u201crazborkaya\u201d \u00e7a\u011f\u0131r\u0131b\u201d - MEYDAN.TV\",\"isPartOf\":{\"@id\":\"https:\\\/\\\/www.meydan.tv\\\/az\\\/#website\"},\"primaryImageOfPage\":{\"@id\":\"https:\\\/\\\/www.meydan.tv\\\/az\\\/article\\\/deputat-secilen-idmancinin-bacisi-oglu-meni-razborkaya-cagirib\\\/#primaryimage\"},\"image\":{\"@id\":\"https:\\\/\\\/www.meydan.tv\\\/az\\\/article\\\/deputat-secilen-idmancinin-bacisi-oglu-meni-razborkaya-cagirib\\\/#primaryimage\"},\"thumbnailUrl\":\"https:\\\/\\\/www.meydan.tv\\\/wp-content\\\/uploads\\\/vuqar_11.jpg\",\"datePublished\":\"2020-02-17T14:20:46+00:00\",\"breadcrumb\":{\"@id\":\"https:\\\/\\\/www.meydan.tv\\\/az\\\/article\\\/deputat-secilen-idmancinin-bacisi-oglu-meni-razborkaya-cagirib\\\/#breadcrumb\"},\"inLanguage\":\"az\",\"potentialAction\":[{\"@type\":\"ReadAction\",\"target\":[\"https:\\\/\\\/www.meydan.tv\\\/az\\\/article\\\/deputat-secilen-idmancinin-bacisi-oglu-meni-razborkaya-cagirib\\\/\"]}]},{\"@type\":\"ImageObject\",\"inLanguage\":\"az\",\"@id\":\"https:\\\/\\\/www.meydan.tv\\\/az\\\/article\\\/deputat-secilen-idmancinin-bacisi-oglu-meni-razborkaya-cagirib\\\/#primaryimage\",\"url\":\"https:\\\/\\\/www.meydan.tv\\\/wp-content\\\/uploads\\\/vuqar_11.jpg\",\"contentUrl\":\"https:\\\/\\\/www.meydan.tv\\\/wp-content\\\/uploads\\\/vuqar_11.jpg\",\"width\":816,\"height\":480,\"caption\":\"Source: Foto: arxiv\"},{\"@type\":\"BreadcrumbList\",\"@id\":\"https:\\\/\\\/www.meydan.tv\\\/az\\\/article\\\/deputat-secilen-idmancinin-bacisi-oglu-meni-razborkaya-cagirib\\\/#breadcrumb\",\"itemListElement\":[{\"@type\":\"ListItem\",\"position\":1,\"name\":\"Ana s\u0259hif\u0259\",\"item\":\"https:\\\/\\\/www.meydan.tv\\\/az\\\/\"},{\"@type\":\"ListItem\",\"position\":2,\"name\":\"B\u00f6lg\u0259\",\"item\":\"https:\\\/\\\/www.meydan.tv\\\/az\\\/section\\\/bolge\\\/\"},{\"@type\":\"ListItem\",\"position\":3,\"name\":\"\u201cDeputat se\u00e7il\u0259n idman\u00e7\u0131n\u0131n bac\u0131s\u0131 o\u011flu m\u0259ni \u201crazborkaya\u201d \u00e7a\u011f\u0131r\u0131b\u201d\"}]},{\"@type\":\"WebSite\",\"@id\":\"https:\\\/\\\/www.meydan.tv\\\/az\\\/#website\",\"url\":\"https:\\\/\\\/www.meydan.tv\\\/az\\\/\",\"name\":\"MEYDAN.TV\",\"description\":\"Meydan TV Az\u0259rbaycan\u0131n media m\u0259kan\u0131ndak\u0131 alternativ s\u0259sidir\",\"publisher\":{\"@id\":\"https:\\\/\\\/www.meydan.tv\\\/az\\\/#organization\"},\"potentialAction\":[{\"@type\":\"SearchAction\",\"target\":{\"@type\":\"EntryPoint\",\"urlTemplate\":\"https:\\\/\\\/www.meydan.tv\\\/az\\\/?s={search_term_string}\"},\"query-input\":{\"@type\":\"PropertyValueSpecification\",\"valueRequired\":true,\"valueName\":\"search_term_string\"}}],\"inLanguage\":\"az\"},{\"@type\":\"Organization\",\"@id\":\"https:\\\/\\\/www.meydan.tv\\\/az\\\/#organization\",\"name\":\"Meydan TV\",\"url\":\"https:\\\/\\\/www.meydan.tv\\\/az\\\/\",\"logo\":{\"@type\":\"ImageObject\",\"inLanguage\":\"az\",\"@id\":\"https:\\\/\\\/www.meydan.tv\\\/az\\\/#\\\/schema\\\/logo\\\/image\\\/\",\"url\":\"https:\\\/\\\/www.meydan.tv\\\/wp-content\\\/uploads\\\/2021\\\/07\\\/meydan-logo.svg\",\"contentUrl\":\"https:\\\/\\\/www.meydan.tv\\\/wp-content\\\/uploads\\\/2021\\\/07\\\/meydan-logo.svg\",\"width\":195,\"height\":46,\"caption\":\"Meydan TV\"},\"image\":{\"@id\":\"https:\\\/\\\/www.meydan.tv\\\/az\\\/#\\\/schema\\\/logo\\\/image\\\/\"}},{\"@type\":\"Person\",\"@id\":\"https:\\\/\\\/www.meydan.tv\\\/az\\\/#\\\/schema\\\/person\\\/10d11eccf6da3662cf5fdab9806ea91a\",\"name\":\"user-manager\"}]}<\/script>\n<!-- \/ Yoast SEO plugin. -->","yoast_head_json":{"title":"\u201cDeputat se\u00e7il\u0259n idman\u00e7\u0131n\u0131n bac\u0131s\u0131 o\u011flu m\u0259ni \u201crazborkaya\u201d \u00e7a\u011f\u0131r\u0131b\u201d - MEYDAN.TV","robots":{"index":"index","follow":"follow","max-snippet":"max-snippet:-1","max-image-preview":"max-image-preview:large","max-video-preview":"max-video-preview:-1"},"canonical":"https:\/\/www.meydan.tv\/az\/article\/deputat-secilen-idmancinin-bacisi-oglu-meni-razborkaya-cagirib\/","og_locale":"az_AZ","og_type":"article","og_title":"\u201cDeputat se\u00e7il\u0259n idman\u00e7\u0131n\u0131n bac\u0131s\u0131 o\u011flu m\u0259ni \u201crazborkaya\u201d \u00e7a\u011f\u0131r\u0131b\u201d - MEYDAN.TV","og_description":"\"Dostum z\u0259ng vurub dedi ki, Orxan adl\u0131 \u015f\u0259xs onu \u0259vv\u0259lc\u0259 21 sayl\u0131 m\u0259nt\u0259q\u0259d\u0259n qovub, o haz\u0131rda 24 sayl\u0131 m\u0259nt\u0259q\u0259d\u0259dir, Orxan indi d\u0259 h\u0259min m\u0259nt\u0259q\u0259y\u0259 g\u0259lib, onu h\u0259d\u0259l\u0259yir ki, \u00f6z xo\u015fuyla \u00e7\u00f6l\u0259 \u00e7\u0131xmasa, qula\u011f\u0131ndan tutub k\u00fc\u00e7\u0259d\u0259 yerl\u0259 s\u00fcr\u00fctl\u0259y\u0259c\u0259k\".","og_url":"https:\/\/www.meydan.tv\/az\/article\/deputat-secilen-idmancinin-bacisi-oglu-meni-razborkaya-cagirib\/","og_site_name":"MEYDAN.TV","article_published_time":"2020-02-17T14:20:46+00:00","og_image":[{"width":816,"height":480,"url":"https:\/\/www.meydan.tv\/wp-content\/uploads\/vuqar_11.jpg","type":"image\/jpeg"}],"author":"user-manager","twitter_card":"summary_large_image","schema":{"@context":"https:\/\/schema.org","@graph":[{"@type":"Article","@id":"https:\/\/www.meydan.tv\/az\/article\/deputat-secilen-idmancinin-bacisi-oglu-meni-razborkaya-cagirib\/#article","isPartOf":{"@id":"https:\/\/www.meydan.tv\/az\/article\/deputat-secilen-idmancinin-bacisi-oglu-meni-razborkaya-cagirib\/"},"author":{"name":"user-manager","@id":"https:\/\/www.meydan.tv\/az\/#\/schema\/person\/10d11eccf6da3662cf5fdab9806ea91a"},"headline":"\u201cDeputat se\u00e7il\u0259n idman\u00e7\u0131n\u0131n bac\u0131s\u0131 o\u011flu m\u0259ni \u201crazborkaya\u201d \u00e7a\u011f\u0131r\u0131b\u201d","datePublished":"2020-02-17T14:20:46+00:00","mainEntityOfPage":{"@id":"https:\/\/www.meydan.tv\/az\/article\/deputat-secilen-idmancinin-bacisi-oglu-meni-razborkaya-cagirib\/"},"wordCount":1012,"publisher":{"@id":"https:\/\/www.meydan.tv\/az\/#organization"},"image":{"@id":"https:\/\/www.meydan.tv\/az\/article\/deputat-secilen-idmancinin-bacisi-oglu-meni-razborkaya-cagirib\/#primaryimage"},"thumbnailUrl":"https:\/\/www.meydan.tv\/wp-content\/uploads\/vuqar_11.jpg","articleSection":["B\u00f6lg\u0259"],"inLanguage":"az"},{"@type":"WebPage","@id":"https:\/\/www.meydan.tv\/az\/article\/deputat-secilen-idmancinin-bacisi-oglu-meni-razborkaya-cagirib\/","url":"https:\/\/www.meydan.tv\/az\/article\/deputat-secilen-idmancinin-bacisi-oglu-meni-razborkaya-cagirib\/","name":"\u201cDeputat se\u00e7il\u0259n idman\u00e7\u0131n\u0131n bac\u0131s\u0131 o\u011flu m\u0259ni \u201crazborkaya\u201d \u00e7a\u011f\u0131r\u0131b\u201d - MEYDAN.TV","isPartOf":{"@id":"https:\/\/www.meydan.tv\/az\/#website"},"primaryImageOfPage":{"@id":"https:\/\/www.meydan.tv\/az\/article\/deputat-secilen-idmancinin-bacisi-oglu-meni-razborkaya-cagirib\/#primaryimage"},"image":{"@id":"https:\/\/www.meydan.tv\/az\/article\/deputat-secilen-idmancinin-bacisi-oglu-meni-razborkaya-cagirib\/#primaryimage"},"thumbnailUrl":"https:\/\/www.meydan.tv\/wp-content\/uploads\/vuqar_11.jpg","datePublished":"2020-02-17T14:20:46+00:00","breadcrumb":{"@id":"https:\/\/www.meydan.tv\/az\/article\/deputat-secilen-idmancinin-bacisi-oglu-meni-razborkaya-cagirib\/#breadcrumb"},"inLanguage":"az","potentialAction":[{"@type":"ReadAction","target":["https:\/\/www.meydan.tv\/az\/article\/deputat-secilen-idmancinin-bacisi-oglu-meni-razborkaya-cagirib\/"]}]},{"@type":"ImageObject","inLanguage":"az","@id":"https:\/\/www.meydan.tv\/az\/article\/deputat-secilen-idmancinin-bacisi-oglu-meni-razborkaya-cagirib\/#primaryimage","url":"https:\/\/www.meydan.tv\/wp-content\/uploads\/vuqar_11.jpg","contentUrl":"https:\/\/www.meydan.tv\/wp-content\/uploads\/vuqar_11.jpg","width":816,"height":480,"caption":"Source: Foto: arxiv"},{"@type":"BreadcrumbList","@id":"https:\/\/www.meydan.tv\/az\/article\/deputat-secilen-idmancinin-bacisi-oglu-meni-razborkaya-cagirib\/#breadcrumb","itemListElement":[{"@type":"ListItem","position":1,"name":"Ana s\u0259hif\u0259","item":"https:\/\/www.meydan.tv\/az\/"},{"@type":"ListItem","position":2,"name":"B\u00f6lg\u0259","item":"https:\/\/www.meydan.tv\/az\/section\/bolge\/"},{"@type":"ListItem","position":3,"name":"\u201cDeputat se\u00e7il\u0259n idman\u00e7\u0131n\u0131n bac\u0131s\u0131 o\u011flu m\u0259ni \u201crazborkaya\u201d \u00e7a\u011f\u0131r\u0131b\u201d"}]},{"@type":"WebSite","@id":"https:\/\/www.meydan.tv\/az\/#website","url":"https:\/\/www.meydan.tv\/az\/","name":"MEYDAN.TV","description":"Meydan TV Az\u0259rbaycan\u0131n media m\u0259kan\u0131ndak\u0131 alternativ s\u0259sidir","publisher":{"@id":"https:\/\/www.meydan.tv\/az\/#organization"},"potentialAction":[{"@type":"SearchAction","target":{"@type":"EntryPoint","urlTemplate":"https:\/\/www.meydan.tv\/az\/?s={search_term_string}"},"query-input":{"@type":"PropertyValueSpecification","valueRequired":true,"valueName":"search_term_string"}}],"inLanguage":"az"},{"@type":"Organization","@id":"https:\/\/www.meydan.tv\/az\/#organization","name":"Meydan TV","url":"https:\/\/www.meydan.tv\/az\/","logo":{"@type":"ImageObject","inLanguage":"az","@id":"https:\/\/www.meydan.tv\/az\/#\/schema\/logo\/image\/","url":"https:\/\/www.meydan.tv\/wp-content\/uploads\/2021\/07\/meydan-logo.svg","contentUrl":"https:\/\/www.meydan.tv\/wp-content\/uploads\/2021\/07\/meydan-logo.svg","width":195,"height":46,"caption":"Meydan TV"},"image":{"@id":"https:\/\/www.meydan.tv\/az\/#\/schema\/logo\/image\/"}},{"@type":"Person","@id":"https:\/\/www.meydan.tv\/az\/#\/schema\/person\/10d11eccf6da3662cf5fdab9806ea91a","name":"user-manager"}]}},"_links":{"self":[{"href":"https:\/\/www.meydan.tv\/az\/wp-json\/wp\/v2\/posts\/199307","targetHints":{"allow":["GET"]}}],"collection":[{"href":"https:\/\/www.meydan.tv\/az\/wp-json\/wp\/v2\/posts"}],"about":[{"href":"https:\/\/www.meydan.tv\/az\/wp-json\/wp\/v2\/types\/post"}],"author":[{"embeddable":true,"href":"https:\/\/www.meydan.tv\/az\/wp-json\/wp\/v2\/users\/11"}],"replies":[{"embeddable":true,"href":"https:\/\/www.meydan.tv\/az\/wp-json\/wp\/v2\/comments?post=199307"}],"version-history":[{"count":0,"href":"https:\/\/www.meydan.tv\/az\/wp-json\/wp\/v2\/posts\/199307\/revisions"}],"wp:featuredmedia":[{"embeddable":true,"href":"https:\/\/www.meydan.tv\/az\/wp-json\/wp\/v2\/media\/137688"}],"wp:attachment":[{"href":"https:\/\/www.meydan.tv\/az\/wp-json\/wp\/v2\/media?parent=199307"}],"wp:term":[{"taxonomy":"category","embeddable":true,"href":"https:\/\/www.meydan.tv\/az\/wp-json\/wp\/v2\/categories?post=199307"},{"taxonomy":"post_tag","embeddable":true,"href":"https:\/\/www.meydan.tv\/az\/wp-json\/wp\/v2\/tags?post=199307"}],"curies":[{"name":"wp","href":"https:\/\/api.w.org\/{rel}","templated":true}]}}