{"id":199286,"date":"2020-02-16T10:57:33","date_gmt":"2020-02-16T10:57:33","guid":{"rendered":"https:\/\/www.meydan.tv\/article\/pineci-dukaninda-yasayan-vetendas\/"},"modified":"2020-02-16T10:57:33","modified_gmt":"2020-02-16T10:57:33","slug":"pineci-dukaninda-yasayan-vetendas","status":"publish","type":"post","link":"https:\/\/www.meydan.tv\/az\/article\/pineci-dukaninda-yasayan-vetendas\/","title":{"rendered":"Pin\u0259\u00e7i d\u00fckan\u0131nda ya\u015fayan v\u0259t\u0259nda\u015f"},"content":{"rendered":"<p>\n  <i><br \/>\n    \u201cDeputata dedim ki, g\u0259l bir gec\u0259 burada qal, g\u00f6r\u00fcm bacar\u0131rsanm\u0131&#8230;\u201d<br \/>\n  <\/i>\n<\/p>\n<p>\n  Ming\u0259\u00e7evir avtova\u011fzal\u0131ndan \u015f\u0259h\u0259rin m\u0259rk\u0259zin\u0259 uzanan yolun k\u0259nar\u0131ndak\u0131 ayaqqab\u0131 t\u0259miri d\u00fckan\u0131nda gec\u0259l\u0259r d\u0259 i\u015f\u0131q yan\u0131r. Ev-e\u015fiyi olmayan Ramil Musayev burada h\u0259m i\u015fl\u0259yir, h\u0259m d\u0259 ya\u015fay\u0131r.\n<\/p>\n<p>\n  <b><br \/>\n    \u201cNe\u00e7\u0259 g\u00fcnd\u00fcr acam&#8230;\u201d<br \/>\n  <\/b>\n<\/p>\n<p>\n  Ramil\u0259 el\u0259 g\u0259lir ki, biz onun burada ya\u015famas\u0131na inanm\u0131r\u0131q. S\u00fcbut etm\u0259y\u0259 \u00e7al\u0131\u015f\u0131r. Harada yatd\u0131\u011f\u0131n\u0131 g\u00f6st\u0259rir. H\u0259tta deyir ki, onun \u015f\u0259klini d\u0259 \u00e7\u0259k\u0259 bil\u0259rik. \u018fyl\u0259\u015fdiyi taxtan\u0131n \u00fcz\u0259rin\u0259 uzan\u0131r, \u00fcst\u00fcn\u0259 k\u00f6hn\u0259 \u0259dyal\u0131 \u00e7\u0259kir, ba\u015f\u0131na da nimda\u015f g\u00f6d\u0259k\u00e7\u0259ni ke\u00e7irir. Deyir ki, ba\u015f\u0131n\u0131 \u00f6rtm\u0259s\u0259, soyuq d\u0259yir, m\u00f6hk\u0259m x\u0259st\u0259l\u0259nir.\n<\/p>\n<p>\n  \u201cGec\u0259l\u0259r \u00e7ox soyuq olur. Bir t\u0259qa\u00fcd\u00e7\u00fc ki\u015fi var, \u015faxtalar olanda m\u0259ni evin\u0259 apar\u0131r ki, burada donub \u00f6lm\u0259yim. Sonra he\u00e7 kim\u0259 \u0259ziyy\u0259t verm\u0259m\u0259k \u00fc\u00e7\u00fcn yenid\u0259n qay\u0131d\u0131b g\u0259lir\u0259m bura. H\u0259r s\u0259h\u0259r \u0259l-\u00fcz\u00fcm\u00fc \u201c\u015e\u0259hidl\u0259r bula\u011f\u0131\u201dnda buz kimi su il\u0259 yuyuram. Ayaqyolu \u00fc\u00e7\u00fcn yolun o \u00fcz\u00fcnd\u0259ki yataqxanan\u0131n ikinci m\u0259rt\u0259b\u0259sin\u0259 gedir\u0259m. O ki\u015fi evin\u0259 aparanda du\u015fa da girir\u0259m. Yem\u0259k d\u0259 ki, n\u0259 tapsam&#8230; \u00c7\u00f6r\u0259yi nisy\u0259 al\u0131b yeyir\u0259m. Bax, ne\u00e7\u0259 g\u00fcnd\u00fcr acam\u201d, &#8211; Ramilin ac-susuz olmas\u0131n\u0131 qurumu\u015f dodaqlar\u0131ndan da bilm\u0259k olur.\n<\/p>\n<p>\n  Bir az sonra Ramil\u0259 b\u0259zi m\u0259s\u0259l\u0259l\u0259rd\u0259 \u0259l tutan Adil F\u0259himi biz\u0259 yax\u0131nla\u015f\u0131r. T\u0259qa\u00fcd\u00e7\u00fc deyir ki, \u00f6z\u00fc d\u0259 ba\u015fqas\u0131n\u0131n verdiyi yerd\u0259 m\u00fcv\u0259qq\u0259ti ya\u015fay\u0131r, amma dostuna bigan\u0259 qala bilmir: \u201cO da m\u0259nim balamd\u0131. Yem\u0259k bi\u015firir\u0259m, onu da \u00e7a\u011f\u0131r\u0131ram. \u00dcr\u0259yim a\u011fr\u0131y\u0131r. \u00c7ox soyuq g\u00fcnl\u0259rd\u0259 getm\u0259k ist\u0259m\u0259y\u0259nd\u0259 m\u0259cbur apar\u0131ram\u201d.\n<\/p>\n<figure class=\"wp-block-image size-large\">\n  <img decoding=\"async\" src=\"https:\/\/www.meydan.tv\/az\/image_from_ios-jpg-139\/\" alt=\"image_from_ios.jpg\" class=\"wp-image-137532\"\/><figcaption>\n    &#8220;H\u0259r s\u0259h\u0259r \u0259l-\u00fcz\u00fcm\u00fc \u201c\u015e\u0259hidl\u0259r bula\u011f\u0131\u201dnda buz kimi su il\u0259 yuyuram&#8221;.<br \/>\n  <\/figcaption><\/figure>\n<p>\n  <b><br \/>\n    \u201c\u0130cra hakimiyy\u0259tind\u0259 h\u0259d\u0259-qorxu g\u0259ldil\u0259r ki, \u015fikay\u0259tini geri g\u00f6t\u00fcr\u201d<br \/>\n  <\/b>\n<\/p>\n<p>\n  Ramil Musayev 7 ild\u0259n \u00e7oxdur pin\u0259\u00e7i d\u00fckan\u0131nda h\u0259yat s\u00fcr\u00fcr. Dediyin\u0259 g\u00f6r\u0259, ail\u0259li olub, h\u0259tta \u00f6vlad\u0131 da var. Amma ayr\u0131l\u0131qdan sonra m\u0259hk\u0259m\u0259 birlikd\u0259 ya\u015fad\u0131qlar\u0131 ata evind\u0259ki ota\u011f\u0131 qad\u0131na ya\u015fay\u0131\u015f h\u00fcququ predmeti olaraq verib. Ke\u00e7mi\u015f h\u0259yat yolda\u015f\u0131 da qap\u0131n\u0131 ba\u011flayaraq, q\u0131z\u0131 il\u0259 birlikd\u0259 Yevlax\u0131n Tanr\u0131qulular k\u0259ndin\u0259 \u00fcz tutub. Bundan sonra Ramil i\u015fl\u0259diyi iki-\u00fc\u00e7 kvadratmetrlik yer\u0259 s\u0131\u011f\u0131nmal\u0131 olub. Ata evind\u0259 d\u0259 onun yolunu g\u00f6zl\u0259y\u0259n yoxdur&#8230;\n<\/p>\n<p>\n  \u201cMing\u0259\u00e7evirin deputat\u0131 Ayd\u0131n Mirz\u0259zad\u0259 yataqxanaya g\u0259lmi\u015fdi. Tutub saxlad\u0131m. Dedim ki, s\u0259nd\u0259n he\u00e7 n\u0259 ist\u0259mir\u0259m, amma g\u0259l bir gec\u0259 burada qal, g\u00f6r\u00fcm bacar\u0131rsanm\u0131? \u0130lham \u018fliyev\u0259, Mehriban \u018fliyevaya, Elmira S\u00fcleymanovaya m\u0259ktublar yazm\u0131\u015fam. Dem\u0259k olar, b\u00fct\u00fcn cavablarda yaz\u0131l\u0131r ki, m\u0259n\u0259 ev d\u00fc\u015f\u00fcr. Amma icra hakimiyy\u0259tind\u0259 h\u0259d\u0259-qorxu g\u0259ldil\u0259r ki, \u015fikay\u0259tini geri g\u00f6t\u00fcr\u201d, &#8211; evsiz pin\u0259\u00e7i bel\u0259 xat\u0131rlay\u0131r.\n<\/p>\n<p>\n  <b><br \/>\n    \u201cBu g\u00fcn c\u0259mi 1 manat qazanm\u0131\u015fam\u201d<br \/>\n  <\/b>\n<\/p>\n<p>\n  Ramil \u0259ll\u0259rinin qabar\u0131n\u0131 g\u00f6st\u0259rir. H\u0259r g\u00fcn i\u015fl\u0259yir, amma q\u0259pik-quru\u015f qazan\u0131r: \u201cBu g\u00fcn c\u0259mi 1 manat qazanm\u0131\u015fam. G\u00fcn\u0259 onsuz da uza\u011f\u0131 3-4 manat olur\u201d.\n<\/p>\n<p>\n  Ramil cibind\u0259n \u015f\u0259xsiyy\u0259t v\u0259siq\u0259sini \u00e7\u0131xar\u0131r. Ad g\u00fcn\u00fc oldu\u011funu g\u00f6st\u0259rm\u0259k ist\u0259yir. 40 ya\u015f\u0131 tamam olur. H\u0259diyy\u0259? Yox, bu g\u00fcn Ramil\u0259 h\u0259diyy\u0259 ver\u0259n olmayacaq. Deyir ki, ona he\u00e7 vaxt ad g\u00fcn\u00fcnd\u0259 h\u0259diyy\u0259 verm\u0259yibl\u0259r&#8230;\n<\/p>\n<figure class=\"wp-block-image size-large\">\n  <img decoding=\"async\" src=\"https:\/\/www.meydan.tv\/az\/image_from_ios-3-jpg-70\/\" alt=\"image_from_ios (3).jpg\" class=\"wp-image-137541\"\/><figcaption>\n    &#8220;Dedim ki, s\u0259nd\u0259n he\u00e7 n\u0259 ist\u0259mir\u0259m, amma g\u0259l bir gec\u0259 burada qal, g\u00f6r\u00fcm bacar\u0131rsanm\u0131?&#8221;<br \/>\n  <\/figcaption><\/figure>\n<p>\n  Onun indi yegan\u0259 ist\u0259yi ya\u015fay\u0131\u015f yerinin olmas\u0131d\u0131r. Lap yataqxanada ya\u015fama\u011fa da raz\u0131d\u0131r. Dediyin\u0259 g\u00f6r\u0259, 2-3 min manat r\u00fc\u015fv\u0259t vers\u0259, problemi h\u0259ll ed\u0259rl\u0259r.\n<\/p>\n<p>\n  Adil ki\u015fi biz\u0259 diqq\u0259tl\u0259 qulaq as\u0131r. G\u00f6zl\u0259yir ki, s\u00f6hb\u0259timiz bitsin, Ramili g\u00f6t\u00fcr\u00fcb evin\u0259 apars\u0131n. Onun, he\u00e7 olmasa, bu g\u00fcn isti yem\u0259y\u0259 haqq\u0131 \u00e7at\u0131r&#8230;\n<\/p>\n<p>\n  Ramil dan\u0131\u015f\u0131r ki, yayda i\u015f olmur, \u00e7\u00fcnki ham\u0131 ba\u015fmaq geyinir. Pin\u0259\u00e7i isti aylarda qarp\u0131z satma\u011fa m\u0259cbur olur, yoxsa ac\u0131ndan \u00f6l\u0259r&#8230;\n<\/p>\n<p>\n  Ming\u0259\u00e7evir \u015e\u0259h\u0259r \u0130cra Hakimiyy\u0259tind\u0259n Ramin Musayevin dedikl\u0259ri t\u0259kzib olunub. Qurumdan \u015f\u0259h\u0259r sakininin probleml\u0259rinin h\u0259lli \u00fc\u00e7\u00fcn hans\u0131 add\u0131mlar at\u0131laca\u011f\u0131na da ayd\u0131nl\u0131q g\u0259tirilm\u0259yib.\n<\/p>\n<figure class=\"wp-block-image size-large\">\n  <img decoding=\"async\" src=\"https:\/\/www.meydan.tv\/az\/image_from_ios-1-jpg-100\/\" alt=\"image_from_ios (1).jpg\" class=\"wp-image-137538\"\/><figcaption>\n    &#8220;Amma icra hakimiyy\u0259tind\u0259 h\u0259d\u0259-qorxu g\u0259ldil\u0259r ki, \u015fikay\u0259tini geri g\u00f6t\u00fcr\u201d, &#8211; evsiz pin\u0259\u00e7i bel\u0259 xat\u0131rlay\u0131r.<br \/>\n  <\/figcaption><\/figure>\n","protected":false},"excerpt":{"rendered":"<p>\u201cMing\u0259\u00e7evirin deputat\u0131 Ayd\u0131n Mirz\u0259zad\u0259 yataqxanaya g\u0259lmi\u015fdi&#8221;.<\/p>\n","protected":false},"author":11,"featured_media":137544,"comment_status":"closed","ping_status":"open","sticky":false,"template":"","format":"standard","meta":{"_acf_changed":false,"_sitemap_exclude":false,"_sitemap_priority":"","_sitemap_frequency":"","footnotes":""},"categories":[60],"tags":[],"class_list":["post-199286","post","type-post","status-publish","format-standard","has-post-thumbnail","hentry","category-bolge","infinite-scroll-item","generate-columns","tablet-grid-50","mobile-grid-100","grid-parent","grid-33","no-featured-image-padding"],"acf":[],"yoast_head":"<!-- This site is optimized with the Yoast SEO plugin v27.5 - https:\/\/yoast.com\/product\/yoast-seo-wordpress\/ -->\n<title>Pin\u0259\u00e7i d\u00fckan\u0131nda ya\u015fayan v\u0259t\u0259nda\u015f - MEYDAN.TV<\/title>\n<meta name=\"robots\" content=\"index, follow, max-snippet:-1, max-image-preview:large, max-video-preview:-1\" \/>\n<link rel=\"canonical\" href=\"https:\/\/www.meydan.tv\/az\/article\/pineci-dukaninda-yasayan-vetendas\/\" \/>\n<meta property=\"og:locale\" content=\"az_AZ\" \/>\n<meta property=\"og:type\" content=\"article\" \/>\n<meta property=\"og:title\" content=\"Pin\u0259\u00e7i d\u00fckan\u0131nda ya\u015fayan v\u0259t\u0259nda\u015f - MEYDAN.TV\" \/>\n<meta property=\"og:description\" content=\"\u201cMing\u0259\u00e7evirin deputat\u0131 Ayd\u0131n Mirz\u0259zad\u0259 yataqxanaya g\u0259lmi\u015fdi&quot;.\" \/>\n<meta property=\"og:url\" content=\"https:\/\/www.meydan.tv\/az\/article\/pineci-dukaninda-yasayan-vetendas\/\" \/>\n<meta property=\"og:site_name\" content=\"MEYDAN.TV\" \/>\n<meta property=\"article:published_time\" content=\"2020-02-16T10:57:33+00:00\" \/>\n<meta property=\"og:image\" content=\"https:\/\/www.meydan.tv\/wp-content\/uploads\/image_from_ios_2_3ahqqad.jpg\" \/>\n\t<meta property=\"og:image:width\" content=\"1024\" \/>\n\t<meta property=\"og:image:height\" content=\"764\" \/>\n\t<meta property=\"og:image:type\" content=\"image\/jpeg\" \/>\n<meta name=\"author\" content=\"user-manager\" \/>\n<meta name=\"twitter:card\" content=\"summary_large_image\" \/>\n<script type=\"application\/ld+json\" class=\"yoast-schema-graph\">{\"@context\":\"https:\\\/\\\/schema.org\",\"@graph\":[{\"@type\":\"Article\",\"@id\":\"https:\\\/\\\/www.meydan.tv\\\/az\\\/article\\\/pineci-dukaninda-yasayan-vetendas\\\/#article\",\"isPartOf\":{\"@id\":\"https:\\\/\\\/www.meydan.tv\\\/az\\\/article\\\/pineci-dukaninda-yasayan-vetendas\\\/\"},\"author\":{\"name\":\"user-manager\",\"@id\":\"https:\\\/\\\/www.meydan.tv\\\/az\\\/#\\\/schema\\\/person\\\/10d11eccf6da3662cf5fdab9806ea91a\"},\"headline\":\"Pin\u0259\u00e7i d\u00fckan\u0131nda ya\u015fayan v\u0259t\u0259nda\u015f\",\"datePublished\":\"2020-02-16T10:57:33+00:00\",\"mainEntityOfPage\":{\"@id\":\"https:\\\/\\\/www.meydan.tv\\\/az\\\/article\\\/pineci-dukaninda-yasayan-vetendas\\\/\"},\"wordCount\":844,\"publisher\":{\"@id\":\"https:\\\/\\\/www.meydan.tv\\\/az\\\/#organization\"},\"image\":{\"@id\":\"https:\\\/\\\/www.meydan.tv\\\/az\\\/article\\\/pineci-dukaninda-yasayan-vetendas\\\/#primaryimage\"},\"thumbnailUrl\":\"https:\\\/\\\/www.meydan.tv\\\/wp-content\\\/uploads\\\/image_from_ios_2_3ahqqad.jpg\",\"articleSection\":[\"B\u00f6lg\u0259\"],\"inLanguage\":\"az\"},{\"@type\":\"WebPage\",\"@id\":\"https:\\\/\\\/www.meydan.tv\\\/az\\\/article\\\/pineci-dukaninda-yasayan-vetendas\\\/\",\"url\":\"https:\\\/\\\/www.meydan.tv\\\/az\\\/article\\\/pineci-dukaninda-yasayan-vetendas\\\/\",\"name\":\"Pin\u0259\u00e7i d\u00fckan\u0131nda ya\u015fayan v\u0259t\u0259nda\u015f - MEYDAN.TV\",\"isPartOf\":{\"@id\":\"https:\\\/\\\/www.meydan.tv\\\/az\\\/#website\"},\"primaryImageOfPage\":{\"@id\":\"https:\\\/\\\/www.meydan.tv\\\/az\\\/article\\\/pineci-dukaninda-yasayan-vetendas\\\/#primaryimage\"},\"image\":{\"@id\":\"https:\\\/\\\/www.meydan.tv\\\/az\\\/article\\\/pineci-dukaninda-yasayan-vetendas\\\/#primaryimage\"},\"thumbnailUrl\":\"https:\\\/\\\/www.meydan.tv\\\/wp-content\\\/uploads\\\/image_from_ios_2_3ahqqad.jpg\",\"datePublished\":\"2020-02-16T10:57:33+00:00\",\"breadcrumb\":{\"@id\":\"https:\\\/\\\/www.meydan.tv\\\/az\\\/article\\\/pineci-dukaninda-yasayan-vetendas\\\/#breadcrumb\"},\"inLanguage\":\"az\",\"potentialAction\":[{\"@type\":\"ReadAction\",\"target\":[\"https:\\\/\\\/www.meydan.tv\\\/az\\\/article\\\/pineci-dukaninda-yasayan-vetendas\\\/\"]}]},{\"@type\":\"ImageObject\",\"inLanguage\":\"az\",\"@id\":\"https:\\\/\\\/www.meydan.tv\\\/az\\\/article\\\/pineci-dukaninda-yasayan-vetendas\\\/#primaryimage\",\"url\":\"https:\\\/\\\/www.meydan.tv\\\/wp-content\\\/uploads\\\/image_from_ios_2_3ahqqad.jpg\",\"contentUrl\":\"https:\\\/\\\/www.meydan.tv\\\/wp-content\\\/uploads\\\/image_from_ios_2_3ahqqad.jpg\",\"width\":1024,\"height\":764,\"caption\":\"Source: Specify Source\"},{\"@type\":\"BreadcrumbList\",\"@id\":\"https:\\\/\\\/www.meydan.tv\\\/az\\\/article\\\/pineci-dukaninda-yasayan-vetendas\\\/#breadcrumb\",\"itemListElement\":[{\"@type\":\"ListItem\",\"position\":1,\"name\":\"Ana s\u0259hif\u0259\",\"item\":\"https:\\\/\\\/www.meydan.tv\\\/az\\\/\"},{\"@type\":\"ListItem\",\"position\":2,\"name\":\"B\u00f6lg\u0259\",\"item\":\"https:\\\/\\\/www.meydan.tv\\\/az\\\/section\\\/bolge\\\/\"},{\"@type\":\"ListItem\",\"position\":3,\"name\":\"Pin\u0259\u00e7i d\u00fckan\u0131nda ya\u015fayan v\u0259t\u0259nda\u015f\"}]},{\"@type\":\"WebSite\",\"@id\":\"https:\\\/\\\/www.meydan.tv\\\/az\\\/#website\",\"url\":\"https:\\\/\\\/www.meydan.tv\\\/az\\\/\",\"name\":\"MEYDAN.TV\",\"description\":\"Meydan TV Az\u0259rbaycan\u0131n media m\u0259kan\u0131ndak\u0131 alternativ s\u0259sidir\",\"publisher\":{\"@id\":\"https:\\\/\\\/www.meydan.tv\\\/az\\\/#organization\"},\"potentialAction\":[{\"@type\":\"SearchAction\",\"target\":{\"@type\":\"EntryPoint\",\"urlTemplate\":\"https:\\\/\\\/www.meydan.tv\\\/az\\\/?s={search_term_string}\"},\"query-input\":{\"@type\":\"PropertyValueSpecification\",\"valueRequired\":true,\"valueName\":\"search_term_string\"}}],\"inLanguage\":\"az\"},{\"@type\":\"Organization\",\"@id\":\"https:\\\/\\\/www.meydan.tv\\\/az\\\/#organization\",\"name\":\"Meydan TV\",\"url\":\"https:\\\/\\\/www.meydan.tv\\\/az\\\/\",\"logo\":{\"@type\":\"ImageObject\",\"inLanguage\":\"az\",\"@id\":\"https:\\\/\\\/www.meydan.tv\\\/az\\\/#\\\/schema\\\/logo\\\/image\\\/\",\"url\":\"https:\\\/\\\/www.meydan.tv\\\/wp-content\\\/uploads\\\/2021\\\/07\\\/meydan-logo.svg\",\"contentUrl\":\"https:\\\/\\\/www.meydan.tv\\\/wp-content\\\/uploads\\\/2021\\\/07\\\/meydan-logo.svg\",\"width\":195,\"height\":46,\"caption\":\"Meydan TV\"},\"image\":{\"@id\":\"https:\\\/\\\/www.meydan.tv\\\/az\\\/#\\\/schema\\\/logo\\\/image\\\/\"}},{\"@type\":\"Person\",\"@id\":\"https:\\\/\\\/www.meydan.tv\\\/az\\\/#\\\/schema\\\/person\\\/10d11eccf6da3662cf5fdab9806ea91a\",\"name\":\"user-manager\"}]}<\/script>\n<!-- \/ Yoast SEO plugin. -->","yoast_head_json":{"title":"Pin\u0259\u00e7i d\u00fckan\u0131nda ya\u015fayan v\u0259t\u0259nda\u015f - MEYDAN.TV","robots":{"index":"index","follow":"follow","max-snippet":"max-snippet:-1","max-image-preview":"max-image-preview:large","max-video-preview":"max-video-preview:-1"},"canonical":"https:\/\/www.meydan.tv\/az\/article\/pineci-dukaninda-yasayan-vetendas\/","og_locale":"az_AZ","og_type":"article","og_title":"Pin\u0259\u00e7i d\u00fckan\u0131nda ya\u015fayan v\u0259t\u0259nda\u015f - MEYDAN.TV","og_description":"\u201cMing\u0259\u00e7evirin deputat\u0131 Ayd\u0131n Mirz\u0259zad\u0259 yataqxanaya g\u0259lmi\u015fdi\".","og_url":"https:\/\/www.meydan.tv\/az\/article\/pineci-dukaninda-yasayan-vetendas\/","og_site_name":"MEYDAN.TV","article_published_time":"2020-02-16T10:57:33+00:00","og_image":[{"width":1024,"height":764,"url":"https:\/\/www.meydan.tv\/wp-content\/uploads\/image_from_ios_2_3ahqqad.jpg","type":"image\/jpeg"}],"author":"user-manager","twitter_card":"summary_large_image","schema":{"@context":"https:\/\/schema.org","@graph":[{"@type":"Article","@id":"https:\/\/www.meydan.tv\/az\/article\/pineci-dukaninda-yasayan-vetendas\/#article","isPartOf":{"@id":"https:\/\/www.meydan.tv\/az\/article\/pineci-dukaninda-yasayan-vetendas\/"},"author":{"name":"user-manager","@id":"https:\/\/www.meydan.tv\/az\/#\/schema\/person\/10d11eccf6da3662cf5fdab9806ea91a"},"headline":"Pin\u0259\u00e7i d\u00fckan\u0131nda ya\u015fayan v\u0259t\u0259nda\u015f","datePublished":"2020-02-16T10:57:33+00:00","mainEntityOfPage":{"@id":"https:\/\/www.meydan.tv\/az\/article\/pineci-dukaninda-yasayan-vetendas\/"},"wordCount":844,"publisher":{"@id":"https:\/\/www.meydan.tv\/az\/#organization"},"image":{"@id":"https:\/\/www.meydan.tv\/az\/article\/pineci-dukaninda-yasayan-vetendas\/#primaryimage"},"thumbnailUrl":"https:\/\/www.meydan.tv\/wp-content\/uploads\/image_from_ios_2_3ahqqad.jpg","articleSection":["B\u00f6lg\u0259"],"inLanguage":"az"},{"@type":"WebPage","@id":"https:\/\/www.meydan.tv\/az\/article\/pineci-dukaninda-yasayan-vetendas\/","url":"https:\/\/www.meydan.tv\/az\/article\/pineci-dukaninda-yasayan-vetendas\/","name":"Pin\u0259\u00e7i d\u00fckan\u0131nda ya\u015fayan v\u0259t\u0259nda\u015f - MEYDAN.TV","isPartOf":{"@id":"https:\/\/www.meydan.tv\/az\/#website"},"primaryImageOfPage":{"@id":"https:\/\/www.meydan.tv\/az\/article\/pineci-dukaninda-yasayan-vetendas\/#primaryimage"},"image":{"@id":"https:\/\/www.meydan.tv\/az\/article\/pineci-dukaninda-yasayan-vetendas\/#primaryimage"},"thumbnailUrl":"https:\/\/www.meydan.tv\/wp-content\/uploads\/image_from_ios_2_3ahqqad.jpg","datePublished":"2020-02-16T10:57:33+00:00","breadcrumb":{"@id":"https:\/\/www.meydan.tv\/az\/article\/pineci-dukaninda-yasayan-vetendas\/#breadcrumb"},"inLanguage":"az","potentialAction":[{"@type":"ReadAction","target":["https:\/\/www.meydan.tv\/az\/article\/pineci-dukaninda-yasayan-vetendas\/"]}]},{"@type":"ImageObject","inLanguage":"az","@id":"https:\/\/www.meydan.tv\/az\/article\/pineci-dukaninda-yasayan-vetendas\/#primaryimage","url":"https:\/\/www.meydan.tv\/wp-content\/uploads\/image_from_ios_2_3ahqqad.jpg","contentUrl":"https:\/\/www.meydan.tv\/wp-content\/uploads\/image_from_ios_2_3ahqqad.jpg","width":1024,"height":764,"caption":"Source: Specify Source"},{"@type":"BreadcrumbList","@id":"https:\/\/www.meydan.tv\/az\/article\/pineci-dukaninda-yasayan-vetendas\/#breadcrumb","itemListElement":[{"@type":"ListItem","position":1,"name":"Ana s\u0259hif\u0259","item":"https:\/\/www.meydan.tv\/az\/"},{"@type":"ListItem","position":2,"name":"B\u00f6lg\u0259","item":"https:\/\/www.meydan.tv\/az\/section\/bolge\/"},{"@type":"ListItem","position":3,"name":"Pin\u0259\u00e7i d\u00fckan\u0131nda ya\u015fayan v\u0259t\u0259nda\u015f"}]},{"@type":"WebSite","@id":"https:\/\/www.meydan.tv\/az\/#website","url":"https:\/\/www.meydan.tv\/az\/","name":"MEYDAN.TV","description":"Meydan TV Az\u0259rbaycan\u0131n media m\u0259kan\u0131ndak\u0131 alternativ s\u0259sidir","publisher":{"@id":"https:\/\/www.meydan.tv\/az\/#organization"},"potentialAction":[{"@type":"SearchAction","target":{"@type":"EntryPoint","urlTemplate":"https:\/\/www.meydan.tv\/az\/?s={search_term_string}"},"query-input":{"@type":"PropertyValueSpecification","valueRequired":true,"valueName":"search_term_string"}}],"inLanguage":"az"},{"@type":"Organization","@id":"https:\/\/www.meydan.tv\/az\/#organization","name":"Meydan TV","url":"https:\/\/www.meydan.tv\/az\/","logo":{"@type":"ImageObject","inLanguage":"az","@id":"https:\/\/www.meydan.tv\/az\/#\/schema\/logo\/image\/","url":"https:\/\/www.meydan.tv\/wp-content\/uploads\/2021\/07\/meydan-logo.svg","contentUrl":"https:\/\/www.meydan.tv\/wp-content\/uploads\/2021\/07\/meydan-logo.svg","width":195,"height":46,"caption":"Meydan TV"},"image":{"@id":"https:\/\/www.meydan.tv\/az\/#\/schema\/logo\/image\/"}},{"@type":"Person","@id":"https:\/\/www.meydan.tv\/az\/#\/schema\/person\/10d11eccf6da3662cf5fdab9806ea91a","name":"user-manager"}]}},"_links":{"self":[{"href":"https:\/\/www.meydan.tv\/az\/wp-json\/wp\/v2\/posts\/199286","targetHints":{"allow":["GET"]}}],"collection":[{"href":"https:\/\/www.meydan.tv\/az\/wp-json\/wp\/v2\/posts"}],"about":[{"href":"https:\/\/www.meydan.tv\/az\/wp-json\/wp\/v2\/types\/post"}],"author":[{"embeddable":true,"href":"https:\/\/www.meydan.tv\/az\/wp-json\/wp\/v2\/users\/11"}],"replies":[{"embeddable":true,"href":"https:\/\/www.meydan.tv\/az\/wp-json\/wp\/v2\/comments?post=199286"}],"version-history":[{"count":0,"href":"https:\/\/www.meydan.tv\/az\/wp-json\/wp\/v2\/posts\/199286\/revisions"}],"wp:featuredmedia":[{"embeddable":true,"href":"https:\/\/www.meydan.tv\/az\/wp-json\/wp\/v2\/media\/137544"}],"wp:attachment":[{"href":"https:\/\/www.meydan.tv\/az\/wp-json\/wp\/v2\/media?parent=199286"}],"wp:term":[{"taxonomy":"category","embeddable":true,"href":"https:\/\/www.meydan.tv\/az\/wp-json\/wp\/v2\/categories?post=199286"},{"taxonomy":"post_tag","embeddable":true,"href":"https:\/\/www.meydan.tv\/az\/wp-json\/wp\/v2\/tags?post=199286"}],"curies":[{"name":"wp","href":"https:\/\/api.w.org\/{rel}","templated":true}]}}