{"id":199264,"date":"2020-02-14T13:45:06","date_gmt":"2020-02-14T13:45:06","guid":{"rendered":"https:\/\/www.meydan.tv\/article\/iki-gozum-de-gormur-bu-veziyyetde-niye-kredit-goturmeliyem\/"},"modified":"2020-02-14T13:45:06","modified_gmt":"2020-02-14T13:45:06","slug":"iki-gozum-de-gormur-bu-veziyyetde-niye-kredit-goturmeliyem","status":"publish","type":"post","link":"https:\/\/www.meydan.tv\/az\/article\/iki-gozum-de-gormur-bu-veziyyetde-niye-kredit-goturmeliyem\/","title":{"rendered":"\u201c\u0130ki g\u00f6z\u00fcm d\u0259 g\u00f6rm\u00fcr, bu v\u0259ziyy\u0259td\u0259 niy\u0259 kredit g\u00f6t\u00fcrm\u0259liy\u0259m?\u201d"},"content":{"rendered":"<p>\n  <i><br \/>\n    G\u00f6y\u00e7ay sakini evinin t\u0259hl\u00fck\u0259li v\u0259ziyy\u0259td\u0259 oldu\u011funu deyir<br \/>\n  <\/i>\n<\/p>\n<p>\n  G\u00f6y\u00e7ay \u015f\u0259h\u0259r sakini, M\u0259h\u0259mm\u0259d\u0259min R\u0259sulzad\u0259 k\u00fc\u00e7\u0259si, ev 44 \u00fcnvan\u0131nda ya\u015fayan, 1963-c\u00fc il t\u0259v\u0259ll\u00fcdl\u00fc birinci qrup g\u00f6zd\u0259n \u0259lil F\u00fczuli M\u0259mm\u0259dov \u015fikay\u0259t\u00e7idir.\n<\/p>\n<p>\n  Dediyin\u0259 g\u00f6r\u0259, art\u0131q bir ne\u00e7\u0259 ildir, davaml\u0131 olaraq, rayon icra hakimiyy\u0259tin\u0259, o c\u00fcml\u0259d\u0259n, Prezident\u0259 v\u0259 Birinci vitse-prezident\u0259 m\u0259ktub \u00fcnvanlay\u0131r ki, haz\u0131rda q\u0259zal\u0131 v\u0259ziyy\u0259td\u0259 olan evin\u0259 \u0259ncam \u00e7\u0259kilsin. S\u00f6yl\u0259yir ki, icra hakimiyy\u0259ti n\u00fcmay\u0259nd\u0259l\u0259ri evin\u0259 d\u0259f\u0259l\u0259rl\u0259 bax\u0131\u015f ke\u00e7irs\u0259l\u0259r d\u0259, m\u0259nzil problemini h\u0259ll etm\u0259yibl\u0259r:\n<\/p>\n<p>\n  \u201c\u0130cra hakimiyy\u0259tind\u0259 yalandan v\u0259dl\u0259r verirl\u0259r. \u0130\u015f o h\u0259dd\u0259 \u00e7at\u0131b ki, kredit g\u00f6t\u00fcr\u00fcb, ev tikm\u0259k q\u0259rar\u0131na g\u0259ldik. \u00c7\u00fcnki icraya \u00fcmid yoxdur. Lakin \u0259lil oldu\u011fum \u00fc\u00e7\u00fcn pul verm\u0259dil\u0259r. Dedil\u0259r ki, sabah-birig\u00fcn pulu \u00f6d\u0259y\u0259 bilm\u0259s\u0259niz, m\u0259hk\u0259m\u0259y\u0259 m\u00fcraci\u0259t ets\u0259k, i\u015fi sizin xeyriniz\u0259 h\u0259ll ed\u0259c\u0259kl\u0259r. \u0130ki g\u00f6z\u00fcm d\u0259 g\u00f6rm\u00fcr, bu v\u0259ziyy\u0259td\u0259 niy\u0259 kredit g\u00f6t\u00fcrm\u0259liy\u0259m? Niy\u0259 h\u00f6kum\u0259tim m\u0259n\u0259 sahib \u00e7\u0131xm\u0131r? D\u0259f\u0259l\u0259rl\u0259 rayon icra hakimiyy\u0259tin\u0259 m\u00fcraci\u0259t etmi\u015f\u0259m. Amma \u015fikay\u0259tim\u0259 m\u0259h\u0259l qoyan yoxdur\u201d.\n<\/p>\n<p>\n  Ya\u015fad\u0131qlar\u0131 ikiotaql\u0131 k\u00fcrs\u00fcl\u00fc evin a\u015fa\u011f\u0131 hiss\u0259si tamamil\u0259 yarars\u0131z v\u0259ziyy\u0259td\u0259dir. \u015eikay\u0259t\u00e7i deyir ki, oran\u0131 art\u0131q otaq yox, zirz\u0259mi kimi istifad\u0259 edirl\u0259r:\n<\/p>\n<p>\n  \u201cEv atam t\u0259r\u0259find\u0259n, t\u0259xmin\u0259n 1955-ci ild\u0259 \u00e7iy k\u0259rpicd\u0259n tikilib, art\u0131q ya\u015fay\u0131\u015f \u00fc\u00e7\u00fcn yarars\u0131z hala g\u0259lib. Adam\u0131n ev dem\u0259y\u0259 dili g\u0259lmir, t\u00f6vl\u0259 buradan yax\u015f\u0131d\u0131r. H\u0259r iki ota\u011f\u0131n divarlar\u0131, d\u00f6\u015f\u0259m\u0259si v\u0259 tavan\u0131 b\u0259rbad v\u0259ziyy\u0259td\u0259dir. H\u0259yat yolda\u015f\u0131mla o\u011flum ya\u011f\u0131\u015f ya\u011fanda, evin i\u00e7\u0259risind\u0259 vedr\u0259 d\u0259yi\u015fm\u0259kd\u0259n bezirl\u0259r. Yeriy\u0259nd\u0259 d\u00f6\u015f\u0259m\u0259 y\u0131r\u011falan\u0131r. Divara yax\u0131n getmirik ki, bu d\u0259qiq\u0259 \u00fcz\u0259rimiz\u0259 u\u00e7acaq.\n<\/p>\n<p>\n  \u0130crada is\u0259 deyirl\u0259r ki, prezident v\u0259t\u0259nda\u015flar\u0131n evl\u0259rinin tikilm\u0259sin\u0259 g\u00f6r\u0259 pul ay\u0131rm\u0131r. M\u0259n Prezident\u0259 m\u0259ktub yaz\u0131ram, onlara y\u00f6nl\u0259ndirilir ki, maraqlan\u0131b v\u0259t\u0259nda\u015fa k\u00f6m\u0259k edin. \u018fg\u0259r onlar dey\u0259n kimidirs\u0259, qoy, m\u0259ktubuma r\u0259dd cavab\u0131 yuxar\u0131dan g\u0259lsin. B\u0259s yax\u015f\u0131, niy\u0259 evim\u0259 bax\u0131\u015f ke\u00e7irm\u0259y\u0259 g\u0259lirl\u0259r? Dem\u0259li, m\u0259nim problemimi yuxar\u0131ya bildirm\u0259kd\u0259n \u00f6t\u0259ri g\u0259lirl\u0259r. \u018fg\u0259r el\u0259 bir m\u0259qam yoxdursa, niy\u0259 evim\u0259 bax\u0131rlar, el\u0259 birba\u015fa cavab\u0131 Prezident\u0259 yazs\u0131nlar d\u0259.\n<\/p>\n<p>\n  Be\u015f-alt\u0131 d\u0259f\u0259 \u015fikay\u0259t etmi\u015f\u0259m, amma maraqlanan yoxdur. V\u0259t\u0259nda\u015f\u0131 saym\u0131rlar, probleml\u0259rini g\u00f6rm\u00fcrl\u0259r. H\u0259yat yolda\u015f\u0131m deyir ki, otaqlara girm\u0259y\u0259 qorxuram. Cavan o\u011flum h\u0259min otaqda yat\u0131r. Bir g\u00fcn divar u\u00e7ub \u00f6dlad\u0131m\u0131n \u00fcst\u00fcn\u0259 d\u00fc\u015fs\u0259, kim cavabdeh olacaq?\u201d\n<\/p>\n<p>\n  F\u00fczuli M\u0259mm\u0259dov evinin q\u0259zal\u0131 v\u0259ziyy\u0259td\u0259 olmas\u0131 il\u0259 ba\u011fl\u0131 G\u00f6y\u00e7ay Rayon \u0130cra Hakimiyy\u0259tin\u0259 ilk d\u0259f\u0259 2018-ci il iyulun 5-d\u0259 m\u00fcraci\u0259t edib. Dediyin\u0259 g\u00f6r\u0259, icra n\u00fcmay\u0259nd\u0259l\u0259ri t\u0259r\u0259find\u0259n ev\u0259 bax\u0131\u015f ke\u00e7irilib, yarars\u0131z olmas\u0131 il\u0259 ba\u011fl\u0131 akt t\u0259rtib edilib:\n<\/p>\n<p>\n  \u201cN\u00f6vb\u0259ti d\u0259f\u0259 2019-ci il iyulun 18-d\u0259 t\u0259krar icraya getdim. Yen\u0259 baxd\u0131lar, dedil\u0259r ki, ev \u00e7ox ac\u0131nacaql\u0131 v\u0259ziyy\u0259td\u0259dir. T\u0259mir \u00fc\u00e7\u00fcn \u00e7ox pul laz\u0131md\u0131r, buna da bizim g\u00fcc\u00fcm\u00fcz \u00e7atm\u0131r. M\u0259niml\u0259 eyni vaxtda bir qad\u0131n da evinin t\u0259mir-b\u0259rpas\u0131 il\u0259 ba\u011fl\u0131 icra hakimiyy\u0259tin\u0259 m\u00fcraci\u0259t etmi\u015fdi. Onun s\u00f6zl\u0259rind\u0259n bel\u0259 ba\u015fa d\u00fc\u015fd\u00fcm ki, icra hakimiyy\u0259ti t\u0259r\u0259find\u0259n h\u0259min qad\u0131n\u0131n evi iki-\u00fc\u00e7 il \u00f6nc\u0259 t\u0259mir edilib. Qad\u0131n t\u0259krar yen\u0259 g\u0259lmi\u015fdi ki, evimi yenid\u0259n t\u0259mir edin. Ona dedil\u0259r ki, s\u0259nin evini yax\u0131n vaxtlarda t\u0259mir etmi\u015fik. Qad\u0131n naraz\u0131l\u0131q etdi, ba\u015flad\u0131 a\u011flama\u011fa. Bundan sonra icradak\u0131lar ona dedil\u0259r ki, yax\u015f\u0131, a\u011flama, get, g\u0259lib evin\u0259 bir \u0259ncam \u00e7\u0259k\u0259c\u0259yik. M\u0259n ba\u015fa d\u00fc\u015fm\u00fcr\u0259m, a\u011flamayana \u0259pp\u0259k yoxdur? G\u0259r\u0259k m\u0259n d\u0259 a\u011flayam ki, g\u0259lib, m\u0259nim d\u0259 evim\u0259 bir \u0259ncam \u00e7\u0259ksinl\u0259r? M\u0259ni \u0259libo\u015f geri qaytard\u0131lar, \u015fikay\u0259timi h\u0259ll etm\u0259k ist\u0259m\u0259dil\u0259r. Qulaqlar\u0131mla e\u015fitdim, h\u0259min qad\u0131nla bel\u0259 bir s\u00f6hb\u0259t oldu. Amma indi oradak\u0131lar bu hadis\u0259ni boyunlar\u0131na al\u0131b-almayacaqlar\u0131n\u0131 dey\u0259 bilm\u0259r\u0259m\u201d.\n<\/p>\n<figure class=\"wp-block-image size-large\">\n  <img decoding=\"async\" src=\"https:\/\/www.meydan.tv\/az\/86335380_2522794441374267_5905929479129137152_n__1_-jpg\/\" alt=\"86335380_2522794441374267_5905929479129137152_n__1_.jpg\" class=\"wp-image-137484\"\/><figcaption>\n    &#8220;Bir g\u00fcn divar u\u00e7ub \u00f6dlad\u0131m\u0131n \u00fcst\u00fcn\u0259 d\u00fc\u015fs\u0259, kim cavabdeh olacaq?\u201d<br \/>\n  <\/figcaption><\/figure>\n<p>\n  \u015eikay\u0259t\u00e7i s\u00f6yl\u0259yir ki, rayon icra hakimiyy\u0259tinin n\u00fcmay\u0259nd\u0259l\u0259ri d\u0259f\u0259l\u0259rl\u0259 evin yarars\u0131z olmas\u0131n\u0131 etiraf edibl\u0259r. Lakin k\u00f6m\u0259klik g\u00f6st\u0259rm\u0259k m\u0259s\u0259l\u0259sind\u0259 k\u0259nara \u00e7\u0259kilirl\u0259r:\n<\/p>\n<p>\n  \u201c\u00dc\u00e7 n\u0259f\u0259r idil\u0259r, qap\u0131n\u0131n a\u011fz\u0131ndaca dayan\u0131b, otaqlara baxd\u0131lar, i\u00e7\u0259ri girm\u0259y\u0259 qorxdular. \u0130cra Hakimiyy\u0259tinin memar\u0131 Kamil Qas\u0131mov evin i\u00e7in\u0259 girm\u0259di ki, u\u00e7acaq. Dedil\u0259r ki, sizi \u0259lill\u0259r \u00fc\u00e7\u00fcn n\u0259z\u0259rd\u0259 tutulan ev n\u00f6vb\u0259sin\u0259 g\u00f6t\u00fcr\u00fcr\u00fck, raz\u0131la\u015fmad\u0131m. Camaat ill\u0259rdir ev n\u00f6vb\u0259si g\u00f6zl\u0259yir, gec olar. Haz\u0131rda m\u0259n v\u0259 ail\u0259m t\u0259hl\u00fck\u0259 qar\u015f\u0131s\u0131nday\u0131q. Bir ne\u00e7\u0259 d\u0259f\u0259 ev\u0259 bax\u0131\u015f ke\u00e7irs\u0259l\u0259r d\u0259, yax\u0131n durub, bir k\u00f6m\u0259klik g\u00f6st\u0259rm\u0259dil\u0259r. Haz\u0131rda evd\u0259, iki n\u0259f\u0259r d\u0259 r\u0259hm\u0259tlik qarda\u015f\u0131m\u0131n \u00f6vladlar\u0131 olmaqla alt\u0131 n\u0259f\u0259r ya\u015fay\u0131r\u0131q. Hamam-tualet, h\u0259tta k\u00fc\u00e7\u0259 qap\u0131s\u0131 bel\u0259 yoxdur. Qon\u015fuluqda ya\u015fayan qarda\u015f\u0131m\u0131n hamam-tualetind\u0259n istifad\u0259 edirik. \u0130nan\u0131n ki, adam x\u0259cal\u0259t \u00e7\u0259kir. Bug\u00fcn-sabah onun \u00f6vladlar\u0131 ail\u0259 quracaq. Bel\u0259 olmaz ax\u0131, n\u0259s\u0259 bir \u0259ncam \u00e7\u0259km\u0259k lazmd\u0131r. G\u00f6zl\u0259rim g\u00f6rm\u0259m\u0259kl\u0259 yana\u015f\u0131, h\u0259m y\u00fcks\u0259k t\u0259zyiqim var, h\u0259m d\u0259 \u015f\u0259k\u0259r x\u0259st\u0259liyind\u0259n \u0259ziyy\u0259t \u00e7\u0259kir\u0259m. \u0130ld\u0259 iki d\u0259f\u0259 m\u00fcalic\u0259 g\u00f6t\u00fcrm\u0259liy\u0259m, amma he\u00e7 biri olunmur. Maddi imkan\u0131m yoxdur. \u018flacs\u0131zl\u0131qdan he\u00e7 n\u0259 ed\u0259 bilmir\u0259m. \u018flilliy\u0259 g\u00f6r\u0259 350 manat t\u0259qa\u00fcd al\u0131ram. Bununla ba\u011fl\u0131 he\u00e7 yer\u0259 m\u00fcraci\u0259t etmir\u0259m. \u00c7\u00fcnki etdiyim m\u00fcraci\u0259tl\u0259rin ham\u0131s\u0131 cavabs\u0131z qal\u0131r. O\u011flum Nurlan i\u015fsiz idi, d\u0259f\u0259l\u0259rl\u0259 rayonun M\u0259\u015f\u011fulluq M\u0259rk\u0259zin\u0259 getmi\u015fdi, i\u015f vermirdil\u0259r. Meydan TV-y\u0259 i\u015fsizlikl\u0259 ba\u011fl\u0131 m\u00fcraci\u0259t ed\u0259nd\u0259n sonra ona M\u0259\u015f\u011fulluq \u0130dar\u0259si t\u0259r\u0259find\u0259n G\u00f6y\u00e7ay Abadla\u015fd\u0131rma v\u0259 T\u0259mir \u0130dar\u0259sind\u0259 i\u015f verildi, haz\u0131rda 241 manat \u0259m\u0259khaqq\u0131 al\u0131r.\n<\/p>\n<p>\n  Ev\u0259 g\u0259linc\u0259, komissiya t\u0259\u015fkil olunsun, g\u0259lib baxs\u0131nlar, ona m\u00fcvafiq d\u0259 q\u0259rar verib evi ya\u015fanacaq hala g\u0259tirsinl\u0259r\u201d.\n<\/p>\n<p>\n  G\u00f6y\u00e7ay Rayon \u0130cra Hakimiyy\u0259ti ba\u015f\u00e7\u0131s\u0131n\u0131n \u015f\u0259h\u0259r inzibati \u0259razi dair\u0259si \u00fczr\u0259 n\u00fcmay\u0259nd\u0259si R\u0259\u015fad \u015e\u00fck\u00fcrov Meydan TV \u0259m\u0259kda\u015f\u0131 il\u0259 s\u00f6hb\u0259tind\u0259 bildirib ki, \u0130H-n\u0259 v\u0259sait ayr\u0131lmad\u0131\u011f\u0131 \u00fc\u00e7\u00fcn qurum v\u0259t\u0259nda\u015flar\u0131n f\u0259rdi evinin tikintisi, yaxud t\u0259mirini h\u0259yata ke\u00e7irmir:\n<\/p>\n<p>\n  \u201cH\u0259r h\u0259ft\u0259 \u00e7\u0259r\u015f\u0259nb\u0259 ax\u015fam\u0131 rayon icra hakimiyy\u0259ti ba\u015f\u00e7\u0131s\u0131n\u0131n v\u0259t\u0259nda\u015flarla q\u0259bul g\u00fcn\u00fcd\u00fcr. Qar\u015f\u0131dan g\u0259l\u0259n h\u0259ft\u0259 \u00fc\u00e7\u00fcn 38 n\u0259f\u0259r q\u0259bula yaz\u0131l\u0131b. Onlar\u0131n t\u0259xmin\u0259n iyirmi n\u0259f\u0259ri m\u0259nzill\u0259 t\u0259min edilm\u0259si v\u0259 ya evl\u0259rinin t\u0259mir olunmas\u0131 il\u0259 \u0259laq\u0259dar m\u00fcraci\u0259t edib.\n<\/p>\n<p>\n  Bildirim ki, rayon icra hakimiyy\u0259tin\u0259, h\u0259m\u00e7inin \u015f\u0259h\u0259r v\u0259 k\u0259nd icra n\u00fcmay\u0259nd\u0259l\u0259rin\u0259 v\u0259t\u0259nda\u015flar\u0131n m\u0259nzill\u0259 t\u0259min olunmas\u0131, f\u0259rdi ya\u015fay\u0131\u015f evl\u0259rinin t\u0259mir edilm\u0259si il\u0259 \u0259laq\u0259dar he\u00e7 bir v\u0259sait ayr\u0131lm\u0131r.\n<\/p>\n<p>\n  Yaln\u0131z G\u00f6y\u00e7ay Rayon M\u0259nzil \u0130stismar \u0130dar\u0259sinin balans\u0131nda olan binalae\u0131n fasad hiss\u0259si, dam \u00f6rt\u00fcy\u00fc v\u0259 buna m\u00fcnasib bloklar\u0131nda t\u0259mir i\u015fl\u0259rinin apar\u0131lmas\u0131 \u00fc\u00e7\u00fcn i\u015fl\u0259r g\u00f6r\u00fcl\u00fcr.\n<\/p>\n<p>\n  G\u00f6y\u00e7ay \u015f\u0259h\u0259rind\u0259 38 min \u0259hali, 8590 ev, \u00fcnvan var. T\u0259s\u0259vv\u00fcr edin, h\u0259min evl\u0259rin 590 mini m\u0259nzil \u00fc\u00e7\u00fcn m\u00fcraci\u0259t ets\u0259, n\u0259 olar. T\u0259bii ki, kimins\u0259 evi yan\u0131bsa, v\u0259t\u0259nda\u015f k\u00fc\u00e7\u0259d\u0259 qal\u0131bsa, icra hakimiyy\u0259ti, rayonda f\u0259aliyy\u0259t g\u00f6st\u0259r\u0259n idar\u0259 v\u0259 m\u00fc\u0259ssis\u0259l\u0259r s\u0259f\u0259rb\u0259r olur, h\u0259min adam evl\u0259 t\u0259min olunur. B\u00f6y\u00fck sahibkarlara m\u00fcraci\u0259t edirik, onlar\u0131n k\u00f6m\u0259kliyi il\u0259 evi yanan \u00e7\u00f6ld\u0259 qalan insanlara yard\u0131m edirik.\n<\/p>\n<p>\n  Onu da deyim ki, haz\u0131rda rayonumuzda Heyd\u0259r \u018fliyev Fondunun x\u0259tti il\u0259 iki k\u00f6hn\u0259 ba\u011f\u00e7a s\u00f6k\u00fcl\u0259r\u0259k, yerind\u0259 yenisi tikilir. Ba\u011f\u00e7alardan birinin korpusu s\u00f6k\u00fcl\u00fcb. H\u0259min s\u00f6k\u00fcnt\u00fcd\u0259n \u00e7\u0131xan istifad\u0259y\u0259 yararl\u0131 tikinti materiallar\u0131n\u0131 biz\u0259 m\u00fcraci\u0259t ed\u0259n v\u0259t\u0259nda\u015flara vermi\u015fik.\n<\/p>\n<p>\n  F\u00fczuli M\u0259mm\u0259dov memarl\u0131q \u015f\u00f6b\u0259sind\u0259 olubsa, g\u00fcman ki, ona da bu t\u0259klif edilib. S\u00f6k\u00fcnt\u00fcd\u0259 yararl\u0131 qap\u0131, p\u0259nc\u0259r\u0259 v\u0259 taxta, ehtiyac\u0131 olan v\u0259t\u0259nda\u015flara verilir. Bu formada \u00e7oxsayl\u0131 insanlara k\u00f6m\u0259klik edirik. Bunlar ham\u0131s\u0131 s\u0259n\u0259dl\u0259\u015fdirilib, akt formas\u0131nda \u0259ks olunur. Bu yolda\u015fa da eyni k\u00f6m\u0259yi n\u0259z\u0259rd\u0259 tuta bil\u0259rik. Amma onlar bununla raz\u0131la\u015facaqm\u0131 onu dey\u0259 bilmr\u0259m. H\u0259r halda, v\u0259t\u0259nda\u015f yeni h\u0259ft\u0259nin \u00e7\u0259r\u015f\u0259nb\u0259 ax\u015fam\u0131 icra hakimiyy\u0259tin\u0259 yax\u0131nla\u015fs\u0131n, m\u0259s\u0259l\u0259ni \u00f6z\u00fc il\u0259 m\u00fczakir\u0259 ed\u0259k. V\u0259t\u0259nda\u015f\u0131m\u0131za bu v\u0259 dig\u0259r formada yard\u0131m g\u00f6st\u0259rm\u0259y\u0259 \u00e7al\u0131\u015faca\u011f\u0131q\u201d.\n<\/p>\n<figure class=\"wp-block-image size-large\">\n  <img decoding=\"async\" src=\"https:\/\/www.meydan.tv\/az\/84299581_2522794698040908_4173495390257020928_n-jpg\/\" alt=\"84299581_2522794698040908_4173495390257020928_n.jpg\" class=\"wp-image-137487\"\/><figcaption>\n    &#8220;Haz\u0131rda evd\u0259, iki n\u0259f\u0259r d\u0259 r\u0259hm\u0259tlik qarda\u015f\u0131m\u0131n \u00f6vladlar\u0131 olmaqla alt\u0131 n\u0259f\u0259r ya\u015fay\u0131r\u0131q&#8221;<br \/>\n  <\/figcaption><\/figure>\n","protected":false},"excerpt":{"rendered":"<p>&#8220;Yeriy\u0259nd\u0259 d\u00f6\u015f\u0259m\u0259 y\u0131r\u011falan\u0131r&#8221;<\/p>\n","protected":false},"author":11,"featured_media":137496,"comment_status":"closed","ping_status":"open","sticky":false,"template":"","format":"standard","meta":{"_acf_changed":false,"_sitemap_exclude":false,"_sitemap_priority":"","_sitemap_frequency":"","footnotes":""},"categories":[60],"tags":[],"class_list":["post-199264","post","type-post","status-publish","format-standard","has-post-thumbnail","hentry","category-bolge","infinite-scroll-item","generate-columns","tablet-grid-50","mobile-grid-100","grid-parent","grid-33","no-featured-image-padding"],"acf":[],"yoast_head":"<!-- This site is optimized with the Yoast SEO plugin v27.5 - https:\/\/yoast.com\/product\/yoast-seo-wordpress\/ -->\n<title>\u201c\u0130ki g\u00f6z\u00fcm d\u0259 g\u00f6rm\u00fcr, bu v\u0259ziyy\u0259td\u0259 niy\u0259 kredit g\u00f6t\u00fcrm\u0259liy\u0259m?\u201d - MEYDAN.TV<\/title>\n<meta name=\"robots\" content=\"index, follow, max-snippet:-1, max-image-preview:large, max-video-preview:-1\" \/>\n<link rel=\"canonical\" href=\"https:\/\/www.meydan.tv\/az\/article\/iki-gozum-de-gormur-bu-veziyyetde-niye-kredit-goturmeliyem\/\" \/>\n<meta property=\"og:locale\" content=\"az_AZ\" \/>\n<meta property=\"og:type\" content=\"article\" \/>\n<meta property=\"og:title\" content=\"\u201c\u0130ki g\u00f6z\u00fcm d\u0259 g\u00f6rm\u00fcr, bu v\u0259ziyy\u0259td\u0259 niy\u0259 kredit g\u00f6t\u00fcrm\u0259liy\u0259m?\u201d - MEYDAN.TV\" \/>\n<meta property=\"og:description\" content=\"&quot;Yeriy\u0259nd\u0259 d\u00f6\u015f\u0259m\u0259 y\u0131r\u011falan\u0131r&quot;\" \/>\n<meta property=\"og:url\" content=\"https:\/\/www.meydan.tv\/az\/article\/iki-gozum-de-gormur-bu-veziyyetde-niye-kredit-goturmeliyem\/\" \/>\n<meta property=\"og:site_name\" content=\"MEYDAN.TV\" \/>\n<meta property=\"article:published_time\" content=\"2020-02-14T13:45:06+00:00\" \/>\n<meta property=\"og:image\" content=\"https:\/\/www.meydan.tv\/wp-content\/uploads\/untitled9__1__gcbz4oo.png\" \/>\n\t<meta property=\"og:image:width\" content=\"1000\" \/>\n\t<meta property=\"og:image:height\" content=\"555\" \/>\n\t<meta property=\"og:image:type\" content=\"image\/png\" \/>\n<meta name=\"author\" content=\"user-manager\" \/>\n<meta name=\"twitter:card\" content=\"summary_large_image\" \/>\n<script type=\"application\/ld+json\" class=\"yoast-schema-graph\">{\"@context\":\"https:\\\/\\\/schema.org\",\"@graph\":[{\"@type\":\"Article\",\"@id\":\"https:\\\/\\\/www.meydan.tv\\\/az\\\/article\\\/iki-gozum-de-gormur-bu-veziyyetde-niye-kredit-goturmeliyem\\\/#article\",\"isPartOf\":{\"@id\":\"https:\\\/\\\/www.meydan.tv\\\/az\\\/article\\\/iki-gozum-de-gormur-bu-veziyyetde-niye-kredit-goturmeliyem\\\/\"},\"author\":{\"name\":\"user-manager\",\"@id\":\"https:\\\/\\\/www.meydan.tv\\\/az\\\/#\\\/schema\\\/person\\\/10d11eccf6da3662cf5fdab9806ea91a\"},\"headline\":\"\u201c\u0130ki g\u00f6z\u00fcm d\u0259 g\u00f6rm\u00fcr, bu v\u0259ziyy\u0259td\u0259 niy\u0259 kredit g\u00f6t\u00fcrm\u0259liy\u0259m?\u201d\",\"datePublished\":\"2020-02-14T13:45:06+00:00\",\"mainEntityOfPage\":{\"@id\":\"https:\\\/\\\/www.meydan.tv\\\/az\\\/article\\\/iki-gozum-de-gormur-bu-veziyyetde-niye-kredit-goturmeliyem\\\/\"},\"wordCount\":1798,\"publisher\":{\"@id\":\"https:\\\/\\\/www.meydan.tv\\\/az\\\/#organization\"},\"image\":{\"@id\":\"https:\\\/\\\/www.meydan.tv\\\/az\\\/article\\\/iki-gozum-de-gormur-bu-veziyyetde-niye-kredit-goturmeliyem\\\/#primaryimage\"},\"thumbnailUrl\":\"https:\\\/\\\/www.meydan.tv\\\/wp-content\\\/uploads\\\/untitled9__1__gcbz4oo.png\",\"articleSection\":[\"B\u00f6lg\u0259\"],\"inLanguage\":\"az\"},{\"@type\":\"WebPage\",\"@id\":\"https:\\\/\\\/www.meydan.tv\\\/az\\\/article\\\/iki-gozum-de-gormur-bu-veziyyetde-niye-kredit-goturmeliyem\\\/\",\"url\":\"https:\\\/\\\/www.meydan.tv\\\/az\\\/article\\\/iki-gozum-de-gormur-bu-veziyyetde-niye-kredit-goturmeliyem\\\/\",\"name\":\"\u201c\u0130ki g\u00f6z\u00fcm d\u0259 g\u00f6rm\u00fcr, bu v\u0259ziyy\u0259td\u0259 niy\u0259 kredit g\u00f6t\u00fcrm\u0259liy\u0259m?\u201d - MEYDAN.TV\",\"isPartOf\":{\"@id\":\"https:\\\/\\\/www.meydan.tv\\\/az\\\/#website\"},\"primaryImageOfPage\":{\"@id\":\"https:\\\/\\\/www.meydan.tv\\\/az\\\/article\\\/iki-gozum-de-gormur-bu-veziyyetde-niye-kredit-goturmeliyem\\\/#primaryimage\"},\"image\":{\"@id\":\"https:\\\/\\\/www.meydan.tv\\\/az\\\/article\\\/iki-gozum-de-gormur-bu-veziyyetde-niye-kredit-goturmeliyem\\\/#primaryimage\"},\"thumbnailUrl\":\"https:\\\/\\\/www.meydan.tv\\\/wp-content\\\/uploads\\\/untitled9__1__gcbz4oo.png\",\"datePublished\":\"2020-02-14T13:45:06+00:00\",\"breadcrumb\":{\"@id\":\"https:\\\/\\\/www.meydan.tv\\\/az\\\/article\\\/iki-gozum-de-gormur-bu-veziyyetde-niye-kredit-goturmeliyem\\\/#breadcrumb\"},\"inLanguage\":\"az\",\"potentialAction\":[{\"@type\":\"ReadAction\",\"target\":[\"https:\\\/\\\/www.meydan.tv\\\/az\\\/article\\\/iki-gozum-de-gormur-bu-veziyyetde-niye-kredit-goturmeliyem\\\/\"]}]},{\"@type\":\"ImageObject\",\"inLanguage\":\"az\",\"@id\":\"https:\\\/\\\/www.meydan.tv\\\/az\\\/article\\\/iki-gozum-de-gormur-bu-veziyyetde-niye-kredit-goturmeliyem\\\/#primaryimage\",\"url\":\"https:\\\/\\\/www.meydan.tv\\\/wp-content\\\/uploads\\\/untitled9__1__gcbz4oo.png\",\"contentUrl\":\"https:\\\/\\\/www.meydan.tv\\\/wp-content\\\/uploads\\\/untitled9__1__gcbz4oo.png\",\"width\":1000,\"height\":555,\"caption\":\"Source: Meydan TV\"},{\"@type\":\"BreadcrumbList\",\"@id\":\"https:\\\/\\\/www.meydan.tv\\\/az\\\/article\\\/iki-gozum-de-gormur-bu-veziyyetde-niye-kredit-goturmeliyem\\\/#breadcrumb\",\"itemListElement\":[{\"@type\":\"ListItem\",\"position\":1,\"name\":\"Ana s\u0259hif\u0259\",\"item\":\"https:\\\/\\\/www.meydan.tv\\\/az\\\/\"},{\"@type\":\"ListItem\",\"position\":2,\"name\":\"B\u00f6lg\u0259\",\"item\":\"https:\\\/\\\/www.meydan.tv\\\/az\\\/section\\\/bolge\\\/\"},{\"@type\":\"ListItem\",\"position\":3,\"name\":\"\u201c\u0130ki g\u00f6z\u00fcm d\u0259 g\u00f6rm\u00fcr, bu v\u0259ziyy\u0259td\u0259 niy\u0259 kredit g\u00f6t\u00fcrm\u0259liy\u0259m?\u201d\"}]},{\"@type\":\"WebSite\",\"@id\":\"https:\\\/\\\/www.meydan.tv\\\/az\\\/#website\",\"url\":\"https:\\\/\\\/www.meydan.tv\\\/az\\\/\",\"name\":\"MEYDAN.TV\",\"description\":\"Meydan TV Az\u0259rbaycan\u0131n media m\u0259kan\u0131ndak\u0131 alternativ s\u0259sidir\",\"publisher\":{\"@id\":\"https:\\\/\\\/www.meydan.tv\\\/az\\\/#organization\"},\"potentialAction\":[{\"@type\":\"SearchAction\",\"target\":{\"@type\":\"EntryPoint\",\"urlTemplate\":\"https:\\\/\\\/www.meydan.tv\\\/az\\\/?s={search_term_string}\"},\"query-input\":{\"@type\":\"PropertyValueSpecification\",\"valueRequired\":true,\"valueName\":\"search_term_string\"}}],\"inLanguage\":\"az\"},{\"@type\":\"Organization\",\"@id\":\"https:\\\/\\\/www.meydan.tv\\\/az\\\/#organization\",\"name\":\"Meydan TV\",\"url\":\"https:\\\/\\\/www.meydan.tv\\\/az\\\/\",\"logo\":{\"@type\":\"ImageObject\",\"inLanguage\":\"az\",\"@id\":\"https:\\\/\\\/www.meydan.tv\\\/az\\\/#\\\/schema\\\/logo\\\/image\\\/\",\"url\":\"https:\\\/\\\/www.meydan.tv\\\/wp-content\\\/uploads\\\/2021\\\/07\\\/meydan-logo.svg\",\"contentUrl\":\"https:\\\/\\\/www.meydan.tv\\\/wp-content\\\/uploads\\\/2021\\\/07\\\/meydan-logo.svg\",\"width\":195,\"height\":46,\"caption\":\"Meydan TV\"},\"image\":{\"@id\":\"https:\\\/\\\/www.meydan.tv\\\/az\\\/#\\\/schema\\\/logo\\\/image\\\/\"}},{\"@type\":\"Person\",\"@id\":\"https:\\\/\\\/www.meydan.tv\\\/az\\\/#\\\/schema\\\/person\\\/10d11eccf6da3662cf5fdab9806ea91a\",\"name\":\"user-manager\"}]}<\/script>\n<!-- \/ Yoast SEO plugin. -->","yoast_head_json":{"title":"\u201c\u0130ki g\u00f6z\u00fcm d\u0259 g\u00f6rm\u00fcr, bu v\u0259ziyy\u0259td\u0259 niy\u0259 kredit g\u00f6t\u00fcrm\u0259liy\u0259m?\u201d - MEYDAN.TV","robots":{"index":"index","follow":"follow","max-snippet":"max-snippet:-1","max-image-preview":"max-image-preview:large","max-video-preview":"max-video-preview:-1"},"canonical":"https:\/\/www.meydan.tv\/az\/article\/iki-gozum-de-gormur-bu-veziyyetde-niye-kredit-goturmeliyem\/","og_locale":"az_AZ","og_type":"article","og_title":"\u201c\u0130ki g\u00f6z\u00fcm d\u0259 g\u00f6rm\u00fcr, bu v\u0259ziyy\u0259td\u0259 niy\u0259 kredit g\u00f6t\u00fcrm\u0259liy\u0259m?\u201d - MEYDAN.TV","og_description":"\"Yeriy\u0259nd\u0259 d\u00f6\u015f\u0259m\u0259 y\u0131r\u011falan\u0131r\"","og_url":"https:\/\/www.meydan.tv\/az\/article\/iki-gozum-de-gormur-bu-veziyyetde-niye-kredit-goturmeliyem\/","og_site_name":"MEYDAN.TV","article_published_time":"2020-02-14T13:45:06+00:00","og_image":[{"width":1000,"height":555,"url":"https:\/\/www.meydan.tv\/wp-content\/uploads\/untitled9__1__gcbz4oo.png","type":"image\/png"}],"author":"user-manager","twitter_card":"summary_large_image","schema":{"@context":"https:\/\/schema.org","@graph":[{"@type":"Article","@id":"https:\/\/www.meydan.tv\/az\/article\/iki-gozum-de-gormur-bu-veziyyetde-niye-kredit-goturmeliyem\/#article","isPartOf":{"@id":"https:\/\/www.meydan.tv\/az\/article\/iki-gozum-de-gormur-bu-veziyyetde-niye-kredit-goturmeliyem\/"},"author":{"name":"user-manager","@id":"https:\/\/www.meydan.tv\/az\/#\/schema\/person\/10d11eccf6da3662cf5fdab9806ea91a"},"headline":"\u201c\u0130ki g\u00f6z\u00fcm d\u0259 g\u00f6rm\u00fcr, bu v\u0259ziyy\u0259td\u0259 niy\u0259 kredit g\u00f6t\u00fcrm\u0259liy\u0259m?\u201d","datePublished":"2020-02-14T13:45:06+00:00","mainEntityOfPage":{"@id":"https:\/\/www.meydan.tv\/az\/article\/iki-gozum-de-gormur-bu-veziyyetde-niye-kredit-goturmeliyem\/"},"wordCount":1798,"publisher":{"@id":"https:\/\/www.meydan.tv\/az\/#organization"},"image":{"@id":"https:\/\/www.meydan.tv\/az\/article\/iki-gozum-de-gormur-bu-veziyyetde-niye-kredit-goturmeliyem\/#primaryimage"},"thumbnailUrl":"https:\/\/www.meydan.tv\/wp-content\/uploads\/untitled9__1__gcbz4oo.png","articleSection":["B\u00f6lg\u0259"],"inLanguage":"az"},{"@type":"WebPage","@id":"https:\/\/www.meydan.tv\/az\/article\/iki-gozum-de-gormur-bu-veziyyetde-niye-kredit-goturmeliyem\/","url":"https:\/\/www.meydan.tv\/az\/article\/iki-gozum-de-gormur-bu-veziyyetde-niye-kredit-goturmeliyem\/","name":"\u201c\u0130ki g\u00f6z\u00fcm d\u0259 g\u00f6rm\u00fcr, bu v\u0259ziyy\u0259td\u0259 niy\u0259 kredit g\u00f6t\u00fcrm\u0259liy\u0259m?\u201d - MEYDAN.TV","isPartOf":{"@id":"https:\/\/www.meydan.tv\/az\/#website"},"primaryImageOfPage":{"@id":"https:\/\/www.meydan.tv\/az\/article\/iki-gozum-de-gormur-bu-veziyyetde-niye-kredit-goturmeliyem\/#primaryimage"},"image":{"@id":"https:\/\/www.meydan.tv\/az\/article\/iki-gozum-de-gormur-bu-veziyyetde-niye-kredit-goturmeliyem\/#primaryimage"},"thumbnailUrl":"https:\/\/www.meydan.tv\/wp-content\/uploads\/untitled9__1__gcbz4oo.png","datePublished":"2020-02-14T13:45:06+00:00","breadcrumb":{"@id":"https:\/\/www.meydan.tv\/az\/article\/iki-gozum-de-gormur-bu-veziyyetde-niye-kredit-goturmeliyem\/#breadcrumb"},"inLanguage":"az","potentialAction":[{"@type":"ReadAction","target":["https:\/\/www.meydan.tv\/az\/article\/iki-gozum-de-gormur-bu-veziyyetde-niye-kredit-goturmeliyem\/"]}]},{"@type":"ImageObject","inLanguage":"az","@id":"https:\/\/www.meydan.tv\/az\/article\/iki-gozum-de-gormur-bu-veziyyetde-niye-kredit-goturmeliyem\/#primaryimage","url":"https:\/\/www.meydan.tv\/wp-content\/uploads\/untitled9__1__gcbz4oo.png","contentUrl":"https:\/\/www.meydan.tv\/wp-content\/uploads\/untitled9__1__gcbz4oo.png","width":1000,"height":555,"caption":"Source: Meydan TV"},{"@type":"BreadcrumbList","@id":"https:\/\/www.meydan.tv\/az\/article\/iki-gozum-de-gormur-bu-veziyyetde-niye-kredit-goturmeliyem\/#breadcrumb","itemListElement":[{"@type":"ListItem","position":1,"name":"Ana s\u0259hif\u0259","item":"https:\/\/www.meydan.tv\/az\/"},{"@type":"ListItem","position":2,"name":"B\u00f6lg\u0259","item":"https:\/\/www.meydan.tv\/az\/section\/bolge\/"},{"@type":"ListItem","position":3,"name":"\u201c\u0130ki g\u00f6z\u00fcm d\u0259 g\u00f6rm\u00fcr, bu v\u0259ziyy\u0259td\u0259 niy\u0259 kredit g\u00f6t\u00fcrm\u0259liy\u0259m?\u201d"}]},{"@type":"WebSite","@id":"https:\/\/www.meydan.tv\/az\/#website","url":"https:\/\/www.meydan.tv\/az\/","name":"MEYDAN.TV","description":"Meydan TV Az\u0259rbaycan\u0131n media m\u0259kan\u0131ndak\u0131 alternativ s\u0259sidir","publisher":{"@id":"https:\/\/www.meydan.tv\/az\/#organization"},"potentialAction":[{"@type":"SearchAction","target":{"@type":"EntryPoint","urlTemplate":"https:\/\/www.meydan.tv\/az\/?s={search_term_string}"},"query-input":{"@type":"PropertyValueSpecification","valueRequired":true,"valueName":"search_term_string"}}],"inLanguage":"az"},{"@type":"Organization","@id":"https:\/\/www.meydan.tv\/az\/#organization","name":"Meydan TV","url":"https:\/\/www.meydan.tv\/az\/","logo":{"@type":"ImageObject","inLanguage":"az","@id":"https:\/\/www.meydan.tv\/az\/#\/schema\/logo\/image\/","url":"https:\/\/www.meydan.tv\/wp-content\/uploads\/2021\/07\/meydan-logo.svg","contentUrl":"https:\/\/www.meydan.tv\/wp-content\/uploads\/2021\/07\/meydan-logo.svg","width":195,"height":46,"caption":"Meydan TV"},"image":{"@id":"https:\/\/www.meydan.tv\/az\/#\/schema\/logo\/image\/"}},{"@type":"Person","@id":"https:\/\/www.meydan.tv\/az\/#\/schema\/person\/10d11eccf6da3662cf5fdab9806ea91a","name":"user-manager"}]}},"_links":{"self":[{"href":"https:\/\/www.meydan.tv\/az\/wp-json\/wp\/v2\/posts\/199264","targetHints":{"allow":["GET"]}}],"collection":[{"href":"https:\/\/www.meydan.tv\/az\/wp-json\/wp\/v2\/posts"}],"about":[{"href":"https:\/\/www.meydan.tv\/az\/wp-json\/wp\/v2\/types\/post"}],"author":[{"embeddable":true,"href":"https:\/\/www.meydan.tv\/az\/wp-json\/wp\/v2\/users\/11"}],"replies":[{"embeddable":true,"href":"https:\/\/www.meydan.tv\/az\/wp-json\/wp\/v2\/comments?post=199264"}],"version-history":[{"count":0,"href":"https:\/\/www.meydan.tv\/az\/wp-json\/wp\/v2\/posts\/199264\/revisions"}],"wp:featuredmedia":[{"embeddable":true,"href":"https:\/\/www.meydan.tv\/az\/wp-json\/wp\/v2\/media\/137496"}],"wp:attachment":[{"href":"https:\/\/www.meydan.tv\/az\/wp-json\/wp\/v2\/media?parent=199264"}],"wp:term":[{"taxonomy":"category","embeddable":true,"href":"https:\/\/www.meydan.tv\/az\/wp-json\/wp\/v2\/categories?post=199264"},{"taxonomy":"post_tag","embeddable":true,"href":"https:\/\/www.meydan.tv\/az\/wp-json\/wp\/v2\/tags?post=199264"}],"curies":[{"name":"wp","href":"https:\/\/api.w.org\/{rel}","templated":true}]}}