{"id":199257,"date":"2020-02-13T15:38:40","date_gmt":"2020-02-13T15:38:40","guid":{"rendered":"https:\/\/www.meydan.tv\/article\/9-kucenin-hamisina-deputat-semed-seyidovun-babasi-ehmed-seyidovun-adi-verilib\/"},"modified":"2020-02-13T15:38:40","modified_gmt":"2020-02-13T15:38:40","slug":"9-kucenin-hamisina-deputat-semed-seyidovun-babasi-ehmed-seyidovun-adi-verilib","status":"publish","type":"post","link":"https:\/\/www.meydan.tv\/az\/article\/9-kucenin-hamisina-deputat-semed-seyidovun-babasi-ehmed-seyidovun-adi-verilib\/","title":{"rendered":"\u201c9 k\u00fc\u00e7\u0259nin ham\u0131s\u0131na deputat S\u0259m\u0259d Seyidovun babas\u0131 \u018fhm\u0259d Seyidovun ad\u0131 verilib\u201d"},"content":{"rendered":"<p>\n  <i><br \/>\n    Qazax rayon sakinl\u0259ri sosial probleml\u0259rd\u0259n \u015fikay\u0259t\u00e7idir<br \/>\n  <\/i>\n<\/p>\n<p>\n  \u201cVaxtil\u0259 \u00f6z maddi hesab\u0131m\u0131za d\u00fcz\u0259ltdiyimiz i\u015f\u0131q dir\u0259kl\u0259rini g\u0259lib k\u00fc\u00e7\u0259l\u0259rd\u0259n y\u0131\u011f\u0131b apar\u0131blar. Aparanda dedil\u0259r, tezlikl\u0259 m\u00fcasir, standartlara cavab ver\u0259n dir\u0259kl\u0259r g\u0259tirib qura\u015fd\u0131racaqlar. O ged\u0259n gedibl\u0259r\u201d.\n<\/p>\n<p>\n  Qazax \u015f\u0259h\u0259ri, \u018fhm\u0259d Seyidov k\u00fc\u00e7\u0259sinin sakinl\u0259ri Meydan TV-y\u0259 dan\u0131\u015f\u0131rlar ki, 1 ild\u0259n \u00e7oxdur rayonun i\u015f\u0131q idar\u0259sinin i\u015f\u00e7il\u0259ri m\u0259h\u0259ll\u0259l\u0259rd\u0259ki elektrik dir\u0259kl\u0259rini v\u0259 al\u00fcminium elektrik m\u0259ftill\u0259rini s\u00f6k\u00fcb apar\u0131blar. Sakinl\u0259r\u0259 tezlikl\u0259 h\u0259min avadanl\u0131qlar\u0131n yenil\u0259ri il\u0259 \u0259v\u0259z olunaca\u011f\u0131 deyils\u0259 d\u0259, indiy\u0259d\u0259k qura\u015fd\u0131rmay\u0131blar. N\u0259tic\u0259d\u0259 sakinl\u0259r \u00f6zl\u0259ri m\u0259s\u0259l\u0259y\u0259 \u201c\u0259ncam\u201d \u00e7\u0259km\u0259li olublar. K\u0259nar m\u0259h\u0259ll\u0259l\u0259rd\u0259n kustar yollarla naqill\u0259r uzatmaqla i\u015f\u0131q problemini \u201ch\u0259ll\u201d etm\u0259y\u0259 \u00e7al\u0131\u015f\u0131blar.\n<\/p>\n<p>\n  <b><br \/>\n    \u201cHam\u0131 neft lampas\u0131ndan istifad\u0259 edir\u201d<br \/>\n  <\/b>\n<\/p>\n<p>\n  Sakin Mirc\u0259f\u0259r H\u00fcseynzad\u0259 dan\u0131\u015f\u0131r:\n<\/p>\n<p>\n  \u201cKim nec\u0259 bacard\u0131, h\u0259r\u0259 bir t\u0259r\u0259fd\u0259n kabel \u00e7\u0259kib g\u0259tirib. Bu is\u0259 \u00e7ox t\u0259hl\u00fck\u0259lidir. \u00dcst\u0259lik, bu da elektrikl\u0259 t\u0259minat\u0131m\u0131za k\u00f6m\u0259k olmur. G\u00fcnl\u0259rl\u0259, h\u0259ft\u0259l\u0259rl\u0259 i\u015f\u0131qs\u0131z qal\u0131r\u0131q, ham\u0131 evind\u0259 neft lampas\u0131ndan istifad\u0259 edir. Biz hans\u0131 d\u00f6vrd\u0259 ya\u015fay\u0131r\u0131q ki, neft lampas\u0131n\u0131n \u00fcmidin\u0259 qalaq?\u201d\n<\/p>\n<p>\n  Sakinl\u0259r bildirirl\u0259r ki, yerli i\u015f\u0131q idar\u0259sinin i\u015f\u00e7il\u0259ri vaxtil\u0259 onlar\u0131n al\u0131b qura\u015fd\u0131rd\u0131qlar\u0131 d\u0259mir dir\u0259kl\u0259ri sat\u0131blar. Mirc\u0259f\u0259r H\u00fcseynzad\u0259 s\u00f6z\u00fcn\u0259 davam edir:\n<\/p>\n<p>\n  \u201cD\u0259mir dir\u0259kl\u0259ri d\u0259, al\u00fcminium naqill\u0259ri d\u0259 apar\u0131b \u201cmetallom\u201da sat\u0131blar. Bizi aldatd\u0131lar ki, bunlar\u0131 aparaq, t\u0259z\u0259l\u0259rini g\u0259tir\u0259c\u0259yik. Biz d\u0259 inand\u0131q. 1 ild\u0259n \u00e7ox vaxt ke\u00e7ib, h\u0259l\u0259 d\u0259 g\u0259lib bizim k\u00fc\u00e7\u0259y\u0259 \u00e7ata bilmirl\u0259r. H\u0259r d\u0259f\u0259 deyirl\u0259r ki, g\u00f6zl\u0259yin, dir\u0259kl\u0259ri yap\u0131\u015fd\u0131ra-yap\u0131\u015fd\u0131ra g\u0259lirik. Bils\u0259ydik bu i\u015f ill\u0259rl\u0259 uzanacaq, dir\u0259kl\u0259ri s\u00f6k\u00fcb aparmalar\u0131na imkan verm\u0259zdik\u201d.\n<\/p>\n<figure class=\"wp-block-image size-large\">\n  <img decoding=\"async\" src=\"https:\/\/www.meydan.tv\/az\/image_from_ios-4-jpg-109\/\" alt=\"image_from_ios (4).jpg\" class=\"wp-image-137439\"\/><figcaption>\n    &#8220;D\u0259mir dir\u0259kl\u0259ri d\u0259, al\u00fcminium naqill\u0259ri d\u0259 apar\u0131b \u201cmetallom\u201da sat\u0131blar&#8221;<br \/>\n  <\/figcaption><\/figure>\n<p>\n  <b><br \/>\n    \u201cQon\u015fu k\u00fc\u00e7\u0259l\u0259rd\u0259 qura\u015fd\u0131rd\u0131qlar\u0131 t\u0259z\u0259 dir\u0259kl\u0259r paslan\u0131b\u201d<br \/>\n  <\/b>\n<\/p>\n<p>\n  Sakinl\u0259r deyir, bir ne\u00e7\u0259 k\u00fc\u00e7\u0259d\u0259 qura\u015fd\u0131r\u0131lm\u0131\u015f d\u0259mir dir\u0259kl\u0259r o q\u0259d\u0259r keyfiyy\u0259tsizdir ki, art\u0131q paslanaraq \u0259yilib.\n<\/p>\n<p>\n  Sakinl\u0259rin d\u0259rdi t\u0259kc\u0259 elektrikl\u0259 bitmir. \u018frazid\u0259 yol, n\u0259qliyyat, \u00fcnvan problemi d\u0259 var. Sakinl\u0259r deyir, ill\u0259rdir ki, m\u0259h\u0259ll\u0259l\u0259raras\u0131 yollar\u0131n asfaltlanmas\u0131na g\u00f6r\u0259 aidiyy\u0259ti qurumlara m\u00fcraci\u0259t ets\u0259l\u0259r ki, n\u0259tic\u0259siz qal\u0131b. N\u0259qliyyat\u0131n yar\u0131tmaz f\u0259ailliyy\u0259ti is\u0259 sakinl\u0259rin problemini daha da art\u0131r\u0131r:\n<\/p>\n<p>\n  \u201cAvtobuslar vaxt\u0131nda i\u015fl\u0259mir, saatlarla g\u00f6zl\u0259m\u0259li oluruq. S\u00fcr\u00fcc\u00fcl\u0259r bir-iki d\u00f6vriyy\u0259d\u0259n sonra gedib \u00e7ayxanalarda otururlar, ya ev\u0259 yatma\u011fa gedirl\u0259r, kefl\u0259ri ist\u0259y\u0259nd\u0259 yen\u0259 x\u0259tt\u0259 qay\u0131d\u0131rlar. Adamlar k\u00fc\u00e7\u0259l\u0259rd\u0259 qal\u0131r. Bu m\u0259h\u0259ll\u0259l\u0259rin u\u015faqlar\u0131 \u0259sas\u0259n Mehdi H\u00fcseyn ad\u0131na m\u0259kt\u0259b-liseyd\u0259 t\u0259hsil al\u0131rlar. H\u0259r g\u00fcn o m\u0259kt\u0259b\u0259 piyada gedib-g\u0259lm\u0259li olurlar\u201d.\n<\/p>\n<p>\n  Sakinl\u0259r iddia edir ki, \u0259razid\u0259ki 9 ayr\u0131-ayr\u0131 k\u00fc\u00e7\u0259l\u0259rin eyni ad\u0131 da\u015f\u0131mas\u0131 \u0259hali aras\u0131nda \u00e7a\u015fq\u0131nl\u0131q yarad\u0131r:\n<\/p>\n<p>\n  \u201c9 k\u00fc\u00e7\u0259nin ham\u0131s\u0131na deputat S\u0259m\u0259d Seyidovun babas\u0131 \u018fhm\u0259d Seyidovun ad\u0131 verilib. T\u0259cili yard\u0131m g\u0259l\u0259nd\u0259 x\u0259st\u0259nin \u00fcnvan\u0131n\u0131 tapmaq \u00fc\u00e7\u00fcn g\u0259r\u0259k bu 9 k\u00fc\u00e7\u0259ni g\u0259zib dola\u015fs\u0131n. Qaz, i\u015f\u0131q, su idar\u0259sinin i\u015f\u00e7il\u0259ri, yaxud k\u0259nardan birinin evin\u0259 g\u0259l\u0259n qonaq eyni adl\u0131 9 k\u00fc\u00e7\u0259nin aras\u0131nda g\u0259ldiyi evi axtarmal\u0131 olur. \u0130st\u0259yimiz odur ki, \u0259razimizd\u0259 yenid\u0259n \u00fcnvanla\u015fma i\u015fl\u0259ri apar\u0131ls\u0131n, k\u00fc\u00e7\u0259l\u0259r\u0259 ayr\u0131-ary\u0131 adlar verilsin ki, insanlar aras\u0131nda \u00e7a\u015fq\u0131nl\u0131q yaranmas\u0131n\u201d.\n<\/p>\n<figure class=\"wp-block-image size-large\">\n  <img decoding=\"async\" src=\"https:\/\/www.meydan.tv\/az\/image_from_ios-6-jpg-70\/\" alt=\"image_from_ios (6).jpg\" class=\"wp-image-137445\"\/><figcaption>\n    Sakinl\u0259r deyir, bir ne\u00e7\u0259 k\u00fc\u00e7\u0259d\u0259 qura\u015fd\u0131r\u0131lm\u0131\u015f d\u0259mir dir\u0259kl\u0259r o q\u0259d\u0259r keyfiyy\u0259tsizdir ki, art\u0131q paslanaraq \u0259yilib.<br \/>\n  <\/figcaption><\/figure>\n<p>\n  <b><br \/>\n    \u201cO k\u00fc\u00e7\u0259d\u0259 b\u00fct\u00fcn probleml\u0259r m\u0259rh\u0259l\u0259-m\u0259rh\u0259l\u0259 h\u0259ll olunur\u201d<br \/>\n  <\/b>\n<\/p>\n<p>\n  Bir d\u0259 \u015fikay\u0259t kanalizasiya sistemi v\u0259 arteziandand\u0131r. Sakinl\u0259rin dem\u0259sin\u0259 g\u00f6r\u0259, xeyli m\u00fcdd\u0259tdir ki, \u0259razid\u0259 kanalizasiya x\u0259ttinin \u00e7\u0259kili\u015fin\u0259 ba\u015flan\u0131l\u0131b. Ancaq onlara bildirilib ki, kanalizasiya x\u0259tti \u0259n tezi 5 il\u0259 istifad\u0259y\u0259 veril\u0259c\u0259k. Arteziana g\u0259linc\u0259,\n<\/p>\n<p>\n  Qazax Rayon \u0130cra Hakimiyy\u0259tind\u0259n Meydan TV-y\u0259 bildirilib ki, \u018fhm\u0259d Seyidov k\u00fc\u00e7\u0259sind\u0259 qazla\u015fma i\u015fl\u0259ri \u00e7oxdan ba\u015fa \u00e7at\u0131b v\u0259 h\u0259min k\u00fc\u00e7\u0259d\u0259 ya\u015fayan \u0259hali mavi yanacaqdan gen-bol istifad\u0259 edir. Su probleminin \u00f6hd\u0259sdind\u0259n \u0259razid\u0259ki artezian g\u0259lir. \u0130\u015f\u0131qland\u0131rma sistemi yenil\u0259nir, kanalizasiya qurulur. N\u0259qliyyatla ba\u011fl\u0131 problemi b\u0259l\u0259diyy\u0259y\u0259 dem\u0259k laz\u0131md\u0131r, m\u0259h\u0259ll\u0259l\u0259raras\u0131 yollar\u0131n t\u0259miri il\u0259 d\u0259 b\u0259l\u0259diyy\u0259 m\u0259\u015f\u011ful olmal\u0131d\u0131r:\n<\/p>\n<p>\n  \u201cBu adamlar daha n\u0259 ist\u0259yir? B\u00f6y\u00fck bir k\u00fc\u00e7\u0259dir, probleml\u0259ri d\u0259 m\u0259rh\u0259l\u0259-m\u0259rh\u0259l\u0259 h\u0259ll olunur. \u00dcnvanla\u015fma m\u0259s\u0259l\u0259si \u00fc\u00e7\u00fcn aidiyy\u0259ti qurum var, m\u00fcraci\u0259t etsinl\u0259r. T\u0259z\u0259 dir\u0259k durdu\u011fu yerd\u0259 \u0259yilm\u0259yib ki, onu \u0259y\u0259n d\u0259 insand\u0131r. Paslan\u0131b, yen\u0259 d\u0259 aidiyy\u0259ti qurum var, n\u00fcmay\u0259nd\u0259l\u0259rini d\u0259v\u0259t etsinl\u0259r, desinl\u0259r, 1 il \u0259vv\u0259l qoyu\u011fun dir\u0259k paslan\u0131b\u201d.\n<\/p>\n<p>\n  Qazax Elektrik \u015e\u0259b\u0259k\u0259sind\u0259n bildirilib ki, \u018fhm\u0259d Seyidov k\u00fc\u00e7\u0259sind\u0259ki elektrik dayaqlar\u0131 v\u0259 naqill\u0259r yenil\u0259nir. T\u0259mir i\u015fl\u0259ri ged\u0259n k\u00fc\u00e7\u0259l\u0259rd\u0259 ya\u015fayan \u0259halinin i\u015f\u0131qs\u0131z qalmamas\u0131 \u00fc\u00e7\u00fcn b\u00fct\u00fcn t\u0259dbirl\u0259r g\u00f6r\u00fcl\u00fcb. Yenil\u0259nm\u0259 i\u015fl\u0259ri tezlikl\u0259 ba\u015fa \u00e7atd\u0131r\u0131lacaq. \u015e\u0259b\u0259k\u0259d\u0259n k\u00f6hn\u0259 dayaqlar\u0131n sat\u0131lmas\u0131 il\u0259 ba\u011fl\u0131 deyil\u0259nl\u0259r d\u0259 t\u0259kzib olunub. Bildirilib ki, k\u00fc\u00e7\u0259l\u0259rd\u0259ki dayaqlar Sovetd\u0259n qalma, \u00e7\u00fcr\u00fcm\u00fc\u015f taxta \u015falbanlardan ibar\u0259t olub.\n<\/p>\n<figure class=\"wp-block-image size-large\">\n  <img decoding=\"async\" src=\"https:\/\/www.meydan.tv\/az\/image_from_ios-5-jpg-83\/\" alt=\"image_from_ios (5).jpg\" class=\"wp-image-137442\"\/><figcaption>\n    &#8220;Bu adamlar daha n\u0259 ist\u0259yir?&#8221;<br \/>\n  <\/figcaption><\/figure>\n","protected":false},"excerpt":{"rendered":"<p>&#8221;Biz hans\u0131 d\u00f6vrd\u0259 ya\u015fay\u0131r\u0131q ki, neft lampas\u0131n\u0131n \u00fcmidin\u0259 qalaq?\u201d<\/p>\n","protected":false},"author":11,"featured_media":137433,"comment_status":"closed","ping_status":"open","sticky":false,"template":"","format":"standard","meta":{"_acf_changed":false,"_sitemap_exclude":false,"_sitemap_priority":"","_sitemap_frequency":"","footnotes":""},"categories":[60],"tags":[],"class_list":["post-199257","post","type-post","status-publish","format-standard","has-post-thumbnail","hentry","category-bolge","infinite-scroll-item","generate-columns","tablet-grid-50","mobile-grid-100","grid-parent","grid-33","no-featured-image-padding"],"acf":[],"yoast_head":"<!-- This site is optimized with the Yoast SEO plugin v27.5 - https:\/\/yoast.com\/product\/yoast-seo-wordpress\/ -->\n<title>\u201c9 k\u00fc\u00e7\u0259nin ham\u0131s\u0131na deputat S\u0259m\u0259d Seyidovun babas\u0131 \u018fhm\u0259d Seyidovun ad\u0131 verilib\u201d - MEYDAN.TV<\/title>\n<meta name=\"robots\" content=\"index, follow, max-snippet:-1, max-image-preview:large, max-video-preview:-1\" \/>\n<link rel=\"canonical\" href=\"https:\/\/www.meydan.tv\/az\/article\/9-kucenin-hamisina-deputat-semed-seyidovun-babasi-ehmed-seyidovun-adi-verilib\/\" \/>\n<meta property=\"og:locale\" content=\"az_AZ\" \/>\n<meta property=\"og:type\" content=\"article\" \/>\n<meta property=\"og:title\" content=\"\u201c9 k\u00fc\u00e7\u0259nin ham\u0131s\u0131na deputat S\u0259m\u0259d Seyidovun babas\u0131 \u018fhm\u0259d Seyidovun ad\u0131 verilib\u201d - MEYDAN.TV\" \/>\n<meta property=\"og:description\" content=\"&#039;&#039;Biz hans\u0131 d\u00f6vrd\u0259 ya\u015fay\u0131r\u0131q ki, neft lampas\u0131n\u0131n \u00fcmidin\u0259 qalaq?\u201d\" \/>\n<meta property=\"og:url\" content=\"https:\/\/www.meydan.tv\/az\/article\/9-kucenin-hamisina-deputat-semed-seyidovun-babasi-ehmed-seyidovun-adi-verilib\/\" \/>\n<meta property=\"og:site_name\" content=\"MEYDAN.TV\" \/>\n<meta property=\"article:published_time\" content=\"2020-02-13T15:38:40+00:00\" \/>\n<meta property=\"og:image\" content=\"https:\/\/www.meydan.tv\/wp-content\/uploads\/image_from_ios_3_kunqb3s.jpg\" \/>\n\t<meta property=\"og:image:width\" content=\"1280\" \/>\n\t<meta property=\"og:image:height\" content=\"590\" \/>\n\t<meta property=\"og:image:type\" content=\"image\/jpeg\" \/>\n<meta name=\"author\" content=\"user-manager\" \/>\n<meta name=\"twitter:card\" content=\"summary_large_image\" \/>\n<script type=\"application\/ld+json\" class=\"yoast-schema-graph\">{\"@context\":\"https:\\\/\\\/schema.org\",\"@graph\":[{\"@type\":\"Article\",\"@id\":\"https:\\\/\\\/www.meydan.tv\\\/az\\\/article\\\/9-kucenin-hamisina-deputat-semed-seyidovun-babasi-ehmed-seyidovun-adi-verilib\\\/#article\",\"isPartOf\":{\"@id\":\"https:\\\/\\\/www.meydan.tv\\\/az\\\/article\\\/9-kucenin-hamisina-deputat-semed-seyidovun-babasi-ehmed-seyidovun-adi-verilib\\\/\"},\"author\":{\"name\":\"user-manager\",\"@id\":\"https:\\\/\\\/www.meydan.tv\\\/az\\\/#\\\/schema\\\/person\\\/10d11eccf6da3662cf5fdab9806ea91a\"},\"headline\":\"\u201c9 k\u00fc\u00e7\u0259nin ham\u0131s\u0131na deputat S\u0259m\u0259d Seyidovun babas\u0131 \u018fhm\u0259d Seyidovun ad\u0131 verilib\u201d\",\"datePublished\":\"2020-02-13T15:38:40+00:00\",\"mainEntityOfPage\":{\"@id\":\"https:\\\/\\\/www.meydan.tv\\\/az\\\/article\\\/9-kucenin-hamisina-deputat-semed-seyidovun-babasi-ehmed-seyidovun-adi-verilib\\\/\"},\"wordCount\":1098,\"publisher\":{\"@id\":\"https:\\\/\\\/www.meydan.tv\\\/az\\\/#organization\"},\"image\":{\"@id\":\"https:\\\/\\\/www.meydan.tv\\\/az\\\/article\\\/9-kucenin-hamisina-deputat-semed-seyidovun-babasi-ehmed-seyidovun-adi-verilib\\\/#primaryimage\"},\"thumbnailUrl\":\"https:\\\/\\\/www.meydan.tv\\\/wp-content\\\/uploads\\\/image_from_ios_3_kunqb3s.jpg\",\"articleSection\":[\"B\u00f6lg\u0259\"],\"inLanguage\":\"az\"},{\"@type\":\"WebPage\",\"@id\":\"https:\\\/\\\/www.meydan.tv\\\/az\\\/article\\\/9-kucenin-hamisina-deputat-semed-seyidovun-babasi-ehmed-seyidovun-adi-verilib\\\/\",\"url\":\"https:\\\/\\\/www.meydan.tv\\\/az\\\/article\\\/9-kucenin-hamisina-deputat-semed-seyidovun-babasi-ehmed-seyidovun-adi-verilib\\\/\",\"name\":\"\u201c9 k\u00fc\u00e7\u0259nin ham\u0131s\u0131na deputat S\u0259m\u0259d Seyidovun babas\u0131 \u018fhm\u0259d Seyidovun ad\u0131 verilib\u201d - MEYDAN.TV\",\"isPartOf\":{\"@id\":\"https:\\\/\\\/www.meydan.tv\\\/az\\\/#website\"},\"primaryImageOfPage\":{\"@id\":\"https:\\\/\\\/www.meydan.tv\\\/az\\\/article\\\/9-kucenin-hamisina-deputat-semed-seyidovun-babasi-ehmed-seyidovun-adi-verilib\\\/#primaryimage\"},\"image\":{\"@id\":\"https:\\\/\\\/www.meydan.tv\\\/az\\\/article\\\/9-kucenin-hamisina-deputat-semed-seyidovun-babasi-ehmed-seyidovun-adi-verilib\\\/#primaryimage\"},\"thumbnailUrl\":\"https:\\\/\\\/www.meydan.tv\\\/wp-content\\\/uploads\\\/image_from_ios_3_kunqb3s.jpg\",\"datePublished\":\"2020-02-13T15:38:40+00:00\",\"breadcrumb\":{\"@id\":\"https:\\\/\\\/www.meydan.tv\\\/az\\\/article\\\/9-kucenin-hamisina-deputat-semed-seyidovun-babasi-ehmed-seyidovun-adi-verilib\\\/#breadcrumb\"},\"inLanguage\":\"az\",\"potentialAction\":[{\"@type\":\"ReadAction\",\"target\":[\"https:\\\/\\\/www.meydan.tv\\\/az\\\/article\\\/9-kucenin-hamisina-deputat-semed-seyidovun-babasi-ehmed-seyidovun-adi-verilib\\\/\"]}]},{\"@type\":\"ImageObject\",\"inLanguage\":\"az\",\"@id\":\"https:\\\/\\\/www.meydan.tv\\\/az\\\/article\\\/9-kucenin-hamisina-deputat-semed-seyidovun-babasi-ehmed-seyidovun-adi-verilib\\\/#primaryimage\",\"url\":\"https:\\\/\\\/www.meydan.tv\\\/wp-content\\\/uploads\\\/image_from_ios_3_kunqb3s.jpg\",\"contentUrl\":\"https:\\\/\\\/www.meydan.tv\\\/wp-content\\\/uploads\\\/image_from_ios_3_kunqb3s.jpg\",\"width\":1280,\"height\":590,\"caption\":\"Source: Specify Source\"},{\"@type\":\"BreadcrumbList\",\"@id\":\"https:\\\/\\\/www.meydan.tv\\\/az\\\/article\\\/9-kucenin-hamisina-deputat-semed-seyidovun-babasi-ehmed-seyidovun-adi-verilib\\\/#breadcrumb\",\"itemListElement\":[{\"@type\":\"ListItem\",\"position\":1,\"name\":\"Ana s\u0259hif\u0259\",\"item\":\"https:\\\/\\\/www.meydan.tv\\\/az\\\/\"},{\"@type\":\"ListItem\",\"position\":2,\"name\":\"B\u00f6lg\u0259\",\"item\":\"https:\\\/\\\/www.meydan.tv\\\/az\\\/section\\\/bolge\\\/\"},{\"@type\":\"ListItem\",\"position\":3,\"name\":\"\u201c9 k\u00fc\u00e7\u0259nin ham\u0131s\u0131na deputat S\u0259m\u0259d Seyidovun babas\u0131 \u018fhm\u0259d Seyidovun ad\u0131 verilib\u201d\"}]},{\"@type\":\"WebSite\",\"@id\":\"https:\\\/\\\/www.meydan.tv\\\/az\\\/#website\",\"url\":\"https:\\\/\\\/www.meydan.tv\\\/az\\\/\",\"name\":\"MEYDAN.TV\",\"description\":\"Meydan TV Az\u0259rbaycan\u0131n media m\u0259kan\u0131ndak\u0131 alternativ s\u0259sidir\",\"publisher\":{\"@id\":\"https:\\\/\\\/www.meydan.tv\\\/az\\\/#organization\"},\"potentialAction\":[{\"@type\":\"SearchAction\",\"target\":{\"@type\":\"EntryPoint\",\"urlTemplate\":\"https:\\\/\\\/www.meydan.tv\\\/az\\\/?s={search_term_string}\"},\"query-input\":{\"@type\":\"PropertyValueSpecification\",\"valueRequired\":true,\"valueName\":\"search_term_string\"}}],\"inLanguage\":\"az\"},{\"@type\":\"Organization\",\"@id\":\"https:\\\/\\\/www.meydan.tv\\\/az\\\/#organization\",\"name\":\"Meydan TV\",\"url\":\"https:\\\/\\\/www.meydan.tv\\\/az\\\/\",\"logo\":{\"@type\":\"ImageObject\",\"inLanguage\":\"az\",\"@id\":\"https:\\\/\\\/www.meydan.tv\\\/az\\\/#\\\/schema\\\/logo\\\/image\\\/\",\"url\":\"https:\\\/\\\/www.meydan.tv\\\/wp-content\\\/uploads\\\/2021\\\/07\\\/meydan-logo.svg\",\"contentUrl\":\"https:\\\/\\\/www.meydan.tv\\\/wp-content\\\/uploads\\\/2021\\\/07\\\/meydan-logo.svg\",\"width\":195,\"height\":46,\"caption\":\"Meydan TV\"},\"image\":{\"@id\":\"https:\\\/\\\/www.meydan.tv\\\/az\\\/#\\\/schema\\\/logo\\\/image\\\/\"}},{\"@type\":\"Person\",\"@id\":\"https:\\\/\\\/www.meydan.tv\\\/az\\\/#\\\/schema\\\/person\\\/10d11eccf6da3662cf5fdab9806ea91a\",\"name\":\"user-manager\"}]}<\/script>\n<!-- \/ Yoast SEO plugin. -->","yoast_head_json":{"title":"\u201c9 k\u00fc\u00e7\u0259nin ham\u0131s\u0131na deputat S\u0259m\u0259d Seyidovun babas\u0131 \u018fhm\u0259d Seyidovun ad\u0131 verilib\u201d - MEYDAN.TV","robots":{"index":"index","follow":"follow","max-snippet":"max-snippet:-1","max-image-preview":"max-image-preview:large","max-video-preview":"max-video-preview:-1"},"canonical":"https:\/\/www.meydan.tv\/az\/article\/9-kucenin-hamisina-deputat-semed-seyidovun-babasi-ehmed-seyidovun-adi-verilib\/","og_locale":"az_AZ","og_type":"article","og_title":"\u201c9 k\u00fc\u00e7\u0259nin ham\u0131s\u0131na deputat S\u0259m\u0259d Seyidovun babas\u0131 \u018fhm\u0259d Seyidovun ad\u0131 verilib\u201d - MEYDAN.TV","og_description":"''Biz hans\u0131 d\u00f6vrd\u0259 ya\u015fay\u0131r\u0131q ki, neft lampas\u0131n\u0131n \u00fcmidin\u0259 qalaq?\u201d","og_url":"https:\/\/www.meydan.tv\/az\/article\/9-kucenin-hamisina-deputat-semed-seyidovun-babasi-ehmed-seyidovun-adi-verilib\/","og_site_name":"MEYDAN.TV","article_published_time":"2020-02-13T15:38:40+00:00","og_image":[{"width":1280,"height":590,"url":"https:\/\/www.meydan.tv\/wp-content\/uploads\/image_from_ios_3_kunqb3s.jpg","type":"image\/jpeg"}],"author":"user-manager","twitter_card":"summary_large_image","schema":{"@context":"https:\/\/schema.org","@graph":[{"@type":"Article","@id":"https:\/\/www.meydan.tv\/az\/article\/9-kucenin-hamisina-deputat-semed-seyidovun-babasi-ehmed-seyidovun-adi-verilib\/#article","isPartOf":{"@id":"https:\/\/www.meydan.tv\/az\/article\/9-kucenin-hamisina-deputat-semed-seyidovun-babasi-ehmed-seyidovun-adi-verilib\/"},"author":{"name":"user-manager","@id":"https:\/\/www.meydan.tv\/az\/#\/schema\/person\/10d11eccf6da3662cf5fdab9806ea91a"},"headline":"\u201c9 k\u00fc\u00e7\u0259nin ham\u0131s\u0131na deputat S\u0259m\u0259d Seyidovun babas\u0131 \u018fhm\u0259d Seyidovun ad\u0131 verilib\u201d","datePublished":"2020-02-13T15:38:40+00:00","mainEntityOfPage":{"@id":"https:\/\/www.meydan.tv\/az\/article\/9-kucenin-hamisina-deputat-semed-seyidovun-babasi-ehmed-seyidovun-adi-verilib\/"},"wordCount":1098,"publisher":{"@id":"https:\/\/www.meydan.tv\/az\/#organization"},"image":{"@id":"https:\/\/www.meydan.tv\/az\/article\/9-kucenin-hamisina-deputat-semed-seyidovun-babasi-ehmed-seyidovun-adi-verilib\/#primaryimage"},"thumbnailUrl":"https:\/\/www.meydan.tv\/wp-content\/uploads\/image_from_ios_3_kunqb3s.jpg","articleSection":["B\u00f6lg\u0259"],"inLanguage":"az"},{"@type":"WebPage","@id":"https:\/\/www.meydan.tv\/az\/article\/9-kucenin-hamisina-deputat-semed-seyidovun-babasi-ehmed-seyidovun-adi-verilib\/","url":"https:\/\/www.meydan.tv\/az\/article\/9-kucenin-hamisina-deputat-semed-seyidovun-babasi-ehmed-seyidovun-adi-verilib\/","name":"\u201c9 k\u00fc\u00e7\u0259nin ham\u0131s\u0131na deputat S\u0259m\u0259d Seyidovun babas\u0131 \u018fhm\u0259d Seyidovun ad\u0131 verilib\u201d - MEYDAN.TV","isPartOf":{"@id":"https:\/\/www.meydan.tv\/az\/#website"},"primaryImageOfPage":{"@id":"https:\/\/www.meydan.tv\/az\/article\/9-kucenin-hamisina-deputat-semed-seyidovun-babasi-ehmed-seyidovun-adi-verilib\/#primaryimage"},"image":{"@id":"https:\/\/www.meydan.tv\/az\/article\/9-kucenin-hamisina-deputat-semed-seyidovun-babasi-ehmed-seyidovun-adi-verilib\/#primaryimage"},"thumbnailUrl":"https:\/\/www.meydan.tv\/wp-content\/uploads\/image_from_ios_3_kunqb3s.jpg","datePublished":"2020-02-13T15:38:40+00:00","breadcrumb":{"@id":"https:\/\/www.meydan.tv\/az\/article\/9-kucenin-hamisina-deputat-semed-seyidovun-babasi-ehmed-seyidovun-adi-verilib\/#breadcrumb"},"inLanguage":"az","potentialAction":[{"@type":"ReadAction","target":["https:\/\/www.meydan.tv\/az\/article\/9-kucenin-hamisina-deputat-semed-seyidovun-babasi-ehmed-seyidovun-adi-verilib\/"]}]},{"@type":"ImageObject","inLanguage":"az","@id":"https:\/\/www.meydan.tv\/az\/article\/9-kucenin-hamisina-deputat-semed-seyidovun-babasi-ehmed-seyidovun-adi-verilib\/#primaryimage","url":"https:\/\/www.meydan.tv\/wp-content\/uploads\/image_from_ios_3_kunqb3s.jpg","contentUrl":"https:\/\/www.meydan.tv\/wp-content\/uploads\/image_from_ios_3_kunqb3s.jpg","width":1280,"height":590,"caption":"Source: Specify Source"},{"@type":"BreadcrumbList","@id":"https:\/\/www.meydan.tv\/az\/article\/9-kucenin-hamisina-deputat-semed-seyidovun-babasi-ehmed-seyidovun-adi-verilib\/#breadcrumb","itemListElement":[{"@type":"ListItem","position":1,"name":"Ana s\u0259hif\u0259","item":"https:\/\/www.meydan.tv\/az\/"},{"@type":"ListItem","position":2,"name":"B\u00f6lg\u0259","item":"https:\/\/www.meydan.tv\/az\/section\/bolge\/"},{"@type":"ListItem","position":3,"name":"\u201c9 k\u00fc\u00e7\u0259nin ham\u0131s\u0131na deputat S\u0259m\u0259d Seyidovun babas\u0131 \u018fhm\u0259d Seyidovun ad\u0131 verilib\u201d"}]},{"@type":"WebSite","@id":"https:\/\/www.meydan.tv\/az\/#website","url":"https:\/\/www.meydan.tv\/az\/","name":"MEYDAN.TV","description":"Meydan TV Az\u0259rbaycan\u0131n media m\u0259kan\u0131ndak\u0131 alternativ s\u0259sidir","publisher":{"@id":"https:\/\/www.meydan.tv\/az\/#organization"},"potentialAction":[{"@type":"SearchAction","target":{"@type":"EntryPoint","urlTemplate":"https:\/\/www.meydan.tv\/az\/?s={search_term_string}"},"query-input":{"@type":"PropertyValueSpecification","valueRequired":true,"valueName":"search_term_string"}}],"inLanguage":"az"},{"@type":"Organization","@id":"https:\/\/www.meydan.tv\/az\/#organization","name":"Meydan TV","url":"https:\/\/www.meydan.tv\/az\/","logo":{"@type":"ImageObject","inLanguage":"az","@id":"https:\/\/www.meydan.tv\/az\/#\/schema\/logo\/image\/","url":"https:\/\/www.meydan.tv\/wp-content\/uploads\/2021\/07\/meydan-logo.svg","contentUrl":"https:\/\/www.meydan.tv\/wp-content\/uploads\/2021\/07\/meydan-logo.svg","width":195,"height":46,"caption":"Meydan TV"},"image":{"@id":"https:\/\/www.meydan.tv\/az\/#\/schema\/logo\/image\/"}},{"@type":"Person","@id":"https:\/\/www.meydan.tv\/az\/#\/schema\/person\/10d11eccf6da3662cf5fdab9806ea91a","name":"user-manager"}]}},"_links":{"self":[{"href":"https:\/\/www.meydan.tv\/az\/wp-json\/wp\/v2\/posts\/199257","targetHints":{"allow":["GET"]}}],"collection":[{"href":"https:\/\/www.meydan.tv\/az\/wp-json\/wp\/v2\/posts"}],"about":[{"href":"https:\/\/www.meydan.tv\/az\/wp-json\/wp\/v2\/types\/post"}],"author":[{"embeddable":true,"href":"https:\/\/www.meydan.tv\/az\/wp-json\/wp\/v2\/users\/11"}],"replies":[{"embeddable":true,"href":"https:\/\/www.meydan.tv\/az\/wp-json\/wp\/v2\/comments?post=199257"}],"version-history":[{"count":0,"href":"https:\/\/www.meydan.tv\/az\/wp-json\/wp\/v2\/posts\/199257\/revisions"}],"wp:featuredmedia":[{"embeddable":true,"href":"https:\/\/www.meydan.tv\/az\/wp-json\/wp\/v2\/media\/137433"}],"wp:attachment":[{"href":"https:\/\/www.meydan.tv\/az\/wp-json\/wp\/v2\/media?parent=199257"}],"wp:term":[{"taxonomy":"category","embeddable":true,"href":"https:\/\/www.meydan.tv\/az\/wp-json\/wp\/v2\/categories?post=199257"},{"taxonomy":"post_tag","embeddable":true,"href":"https:\/\/www.meydan.tv\/az\/wp-json\/wp\/v2\/tags?post=199257"}],"curies":[{"name":"wp","href":"https:\/\/api.w.org\/{rel}","templated":true}]}}