{"id":199209,"date":"2020-02-11T13:19:14","date_gmt":"2020-02-11T13:19:14","guid":{"rendered":"https:\/\/www.meydan.tv\/article\/bas-hekim-seckiye-gore-tohmet-alib\/"},"modified":"2020-02-11T13:19:14","modified_gmt":"2020-02-11T13:19:14","slug":"bas-hekim-seckiye-gore-tohmet-alib","status":"publish","type":"post","link":"https:\/\/www.meydan.tv\/az\/article\/bas-hekim-seckiye-gore-tohmet-alib\/","title":{"rendered":"Ba\u015f h\u0259kim se\u00e7kiy\u0259 g\u00f6r\u0259 t\u00f6hm\u0259t al\u0131b"},"content":{"rendered":"<p>\n  <i><br \/>\n    K\u00fcrd\u0259mird\u0259 adamlar t\u0259cili tibbi yard\u0131m ma\u015f\u0131nlar\u0131 il\u0259 m\u0259nt\u0259q\u0259l\u0259r\u0259 da\u015f\u0131n\u0131b<br \/>\n  <\/i>\n<\/p>\n<p>\n  K\u00fcrd\u0259mir Rayon T\u0259cili Tibbi Yard\u0131m Stansiyas\u0131n\u0131n ba\u015f h\u0259kimi Eynulla Novruzov se\u00e7kid\u0259 etdiyi qanunsuzlu\u011fa g\u00f6r\u0259 c\u0259zaland\u0131r\u0131l\u0131b. O, i\u015f\u00e7il\u0259ri t\u0259cili tibbi yard\u0131m ma\u015f\u0131n\u0131 il\u0259 s\u0259sverm\u0259y\u0259 g\u00f6nd\u0259rmi\u015fdi.\n<\/p>\n<p>\n  Bunun video-g\u00f6r\u00fcnt\u00fcl\u0259ri d\u0259 var.\n<\/p>\n<p>\n  <a href=\"https:\/\/report.az\/sehiyye\/seckiye-gore-bas-hekime-siddetli-tohmet-verildi\/\"><br \/>\n    Tibbi \u018frazi B\u00f6lm\u0259l\u0259rini \u0130dar\u0259etm\u0259 Birliyi<br \/>\n  <\/a><br \/>\n  nd\u0259n (T\u018fB\u0130B) ba\u015f h\u0259kim\u0259 \u015fidd\u0259tli t\u00f6hm\u0259t verildiyi il\u0259 ba\u011fl\u0131 a\u00e7\u0131qlama yay\u0131b.\n<\/p>\n<p>\n  H\u0259min a\u00e7\u0131qlamada bildirilir ki, quruma d\u0259v\u0259t olunan ba\u015f h\u0259kim izahat\u0131nda hava \u015f\u0259raitinin soyuq oldu\u011funa g\u00f6r\u0259, i\u015f\u00e7il\u0259rin se\u00e7kiy\u0259 getm\u0259l\u0259ri \u00fc\u00e7\u00fcn ma\u015f\u0131n ayr\u0131lmas\u0131n\u0131 xahi\u015f etdikl\u0259rini deyib:\n<\/p>\n<p>\n  &quot;\u0130st\u0259nil\u0259n halda, bu, qanun pozuntusudur. T\u0259cili yard\u0131m ma\u015f\u0131nlar\u0131ndan yaln\u0131z n\u0259z\u0259rd\u0259 tutulmu\u015f halda istifad\u0259 edil\u0259 bil\u0259r\u201d, &#8211; T\u018fB\u0130B-in m\u0259lumat\u0131nda bildirilir.\n<\/p>\n<p>\n  Fevral\u0131n 9-da Az\u0259rbaycanda n\u00f6vb\u0259d\u0259nk\u0259nar parlament se\u00e7kil\u0259ri ke\u00e7irilib. H\u0259min g\u00fcn sosial \u015f\u0259b\u0259k\u0259l\u0259rd\u0259 K\u00fcrd\u0259mird\u0259 t\u0259cili yard\u0131m atomobill\u0259rinin \u0259razid\u0259ki 57 sayl\u0131 se\u00e7ki dair\u0259sin\u0259 aid olan se\u00e7ki m\u0259nt\u0259q\u0259l\u0259rin\u0259 se\u00e7ici da\u015f\u0131d\u0131\u011f\u0131 iddias\u0131 il\u0259 ba\u011fl\u0131 video- g\u00f6r\u00fcnt\u00fcl\u0259r yay\u0131lm\u0131\u015fd\u0131. H\u0259min b\u00f6lg\u0259d\u0259n olan deputatl\u0131\u011fa namiz\u0259dl\u0259r bildirmi\u015fdil\u0259r ki, b\u0259zi \u015f\u0259xsl\u0259r t\u0259cili yard\u0131m ma\u015f\u0131n\u0131 il\u0259 bir ne\u00e7\u0259 m\u0259nt\u0259q\u0259l\u0259r\u0259 apar\u0131laraq s\u0259s veribl\u0259r.\n<\/p>\n<p>\n  2019-cu il dekabr\u0131n 5-d\u0259 prezident \u0130lham \u018fliyev Milli M\u0259clisin burax\u0131lmas\u0131 v\u0259 n\u00f6vb\u0259d\u0259nk\u0259nar se\u00e7kil\u0259rin 2020-ci il fevral\u0131n 9-na t\u0259yin edilm\u0259si bar\u0259d\u0259 s\u0259r\u0259ncam vermi\u015fdi. Parlamentin burax\u0131lmas\u0131 t\u0259\u015f\u0259bb\u00fcs\u00fc hakim YAP-a aiddir. Dekabr\u0131n 2-d\u0259 Milli M\u0259clis bununla ba\u011fl\u0131 \u00f6lk\u0259 r\u0259hb\u0259rliyin\u0259 m\u00fcraci\u0259t etmi\u015fdi. Onlar bunu prezident \u0130lham \u018fliyevin islahatlar\u0131na d\u0259st\u0259k verm\u0259k m\u0259qs\u0259dil\u0259 izah etmi\u015fdil\u0259r.\n<\/p>\n<p>\n  B\u0259zi m\u00fcxalif\u0259t q\u00fcvv\u0259l\u0259ri is\u0259 vur\u011fulay\u0131b ki, se\u00e7kil\u0259rin t\u0259qrib\u0259n 8 ay \u0259vv\u0259l\u0259 \u00e7\u0259kilm\u0259si hakimiyy\u0259tin opponentl\u0259rin\u0259 bu proses\u0259 laz\u0131m\u0131 \u015f\u0259kild\u0259 haz\u0131rla\u015fma\u011fa imkan tan\u0131mamaq ist\u0259yind\u0259n ir\u0259li g\u0259lib.\n<\/p>\n<p>\n  Az\u0259rbaycanda parlament se\u00e7kil\u0259ri \u0259slind\u0259 bu ilin noyabr\u0131nda ke\u00e7irilm\u0259li idi.<\/p>\n","protected":false},"excerpt":{"rendered":"<p>&#8220;T\u0259cili yard\u0131m ma\u015f\u0131nlar\u0131ndan yaln\u0131z n\u0259z\u0259rd\u0259 tutulmu\u015f halda istifad\u0259 edil\u0259 bil\u0259r\u201d<\/p>\n","protected":false},"author":11,"featured_media":137262,"comment_status":"closed","ping_status":"open","sticky":false,"template":"","format":"standard","meta":{"_acf_changed":false,"_sitemap_exclude":false,"_sitemap_priority":"","_sitemap_frequency":"","footnotes":""},"categories":[60],"tags":[],"class_list":["post-199209","post","type-post","status-publish","format-standard","has-post-thumbnail","hentry","category-bolge","infinite-scroll-item","generate-columns","tablet-grid-50","mobile-grid-100","grid-parent","grid-33","no-featured-image-padding"],"acf":[],"yoast_head":"<!-- This site is optimized with the Yoast SEO plugin v27.5 - https:\/\/yoast.com\/product\/yoast-seo-wordpress\/ -->\n<title>Ba\u015f h\u0259kim se\u00e7kiy\u0259 g\u00f6r\u0259 t\u00f6hm\u0259t al\u0131b - MEYDAN.TV<\/title>\n<meta name=\"robots\" content=\"index, follow, max-snippet:-1, max-image-preview:large, max-video-preview:-1\" \/>\n<link rel=\"canonical\" href=\"https:\/\/www.meydan.tv\/az\/article\/bas-hekim-seckiye-gore-tohmet-alib\/\" \/>\n<meta property=\"og:locale\" content=\"az_AZ\" \/>\n<meta property=\"og:type\" content=\"article\" \/>\n<meta property=\"og:title\" content=\"Ba\u015f h\u0259kim se\u00e7kiy\u0259 g\u00f6r\u0259 t\u00f6hm\u0259t al\u0131b - MEYDAN.TV\" \/>\n<meta property=\"og:description\" content=\"&quot;T\u0259cili yard\u0131m ma\u015f\u0131nlar\u0131ndan yaln\u0131z n\u0259z\u0259rd\u0259 tutulmu\u015f halda istifad\u0259 edil\u0259 bil\u0259r\u201d\" \/>\n<meta property=\"og:url\" content=\"https:\/\/www.meydan.tv\/az\/article\/bas-hekim-seckiye-gore-tohmet-alib\/\" \/>\n<meta property=\"og:site_name\" content=\"MEYDAN.TV\" \/>\n<meta property=\"article:published_time\" content=\"2020-02-11T13:19:14+00:00\" \/>\n<meta property=\"og:image\" content=\"https:\/\/www.meydan.tv\/wp-content\/uploads\/unnamed_1_0heelr3.jpg\" \/>\n\t<meta property=\"og:image:width\" content=\"821\" \/>\n\t<meta property=\"og:image:height\" content=\"480\" \/>\n\t<meta property=\"og:image:type\" content=\"image\/jpeg\" \/>\n<meta name=\"author\" content=\"user-manager\" \/>\n<meta name=\"twitter:card\" content=\"summary_large_image\" \/>\n<script type=\"application\/ld+json\" class=\"yoast-schema-graph\">{\"@context\":\"https:\\\/\\\/schema.org\",\"@graph\":[{\"@type\":\"Article\",\"@id\":\"https:\\\/\\\/www.meydan.tv\\\/az\\\/article\\\/bas-hekim-seckiye-gore-tohmet-alib\\\/#article\",\"isPartOf\":{\"@id\":\"https:\\\/\\\/www.meydan.tv\\\/az\\\/article\\\/bas-hekim-seckiye-gore-tohmet-alib\\\/\"},\"author\":{\"name\":\"user-manager\",\"@id\":\"https:\\\/\\\/www.meydan.tv\\\/az\\\/#\\\/schema\\\/person\\\/10d11eccf6da3662cf5fdab9806ea91a\"},\"headline\":\"Ba\u015f h\u0259kim se\u00e7kiy\u0259 g\u00f6r\u0259 t\u00f6hm\u0259t al\u0131b\",\"datePublished\":\"2020-02-11T13:19:14+00:00\",\"mainEntityOfPage\":{\"@id\":\"https:\\\/\\\/www.meydan.tv\\\/az\\\/article\\\/bas-hekim-seckiye-gore-tohmet-alib\\\/\"},\"wordCount\":447,\"publisher\":{\"@id\":\"https:\\\/\\\/www.meydan.tv\\\/az\\\/#organization\"},\"image\":{\"@id\":\"https:\\\/\\\/www.meydan.tv\\\/az\\\/article\\\/bas-hekim-seckiye-gore-tohmet-alib\\\/#primaryimage\"},\"thumbnailUrl\":\"https:\\\/\\\/www.meydan.tv\\\/wp-content\\\/uploads\\\/unnamed_1_0heelr3.jpg\",\"articleSection\":[\"B\u00f6lg\u0259\"],\"inLanguage\":\"az\"},{\"@type\":\"WebPage\",\"@id\":\"https:\\\/\\\/www.meydan.tv\\\/az\\\/article\\\/bas-hekim-seckiye-gore-tohmet-alib\\\/\",\"url\":\"https:\\\/\\\/www.meydan.tv\\\/az\\\/article\\\/bas-hekim-seckiye-gore-tohmet-alib\\\/\",\"name\":\"Ba\u015f h\u0259kim se\u00e7kiy\u0259 g\u00f6r\u0259 t\u00f6hm\u0259t al\u0131b - MEYDAN.TV\",\"isPartOf\":{\"@id\":\"https:\\\/\\\/www.meydan.tv\\\/az\\\/#website\"},\"primaryImageOfPage\":{\"@id\":\"https:\\\/\\\/www.meydan.tv\\\/az\\\/article\\\/bas-hekim-seckiye-gore-tohmet-alib\\\/#primaryimage\"},\"image\":{\"@id\":\"https:\\\/\\\/www.meydan.tv\\\/az\\\/article\\\/bas-hekim-seckiye-gore-tohmet-alib\\\/#primaryimage\"},\"thumbnailUrl\":\"https:\\\/\\\/www.meydan.tv\\\/wp-content\\\/uploads\\\/unnamed_1_0heelr3.jpg\",\"datePublished\":\"2020-02-11T13:19:14+00:00\",\"breadcrumb\":{\"@id\":\"https:\\\/\\\/www.meydan.tv\\\/az\\\/article\\\/bas-hekim-seckiye-gore-tohmet-alib\\\/#breadcrumb\"},\"inLanguage\":\"az\",\"potentialAction\":[{\"@type\":\"ReadAction\",\"target\":[\"https:\\\/\\\/www.meydan.tv\\\/az\\\/article\\\/bas-hekim-seckiye-gore-tohmet-alib\\\/\"]}]},{\"@type\":\"ImageObject\",\"inLanguage\":\"az\",\"@id\":\"https:\\\/\\\/www.meydan.tv\\\/az\\\/article\\\/bas-hekim-seckiye-gore-tohmet-alib\\\/#primaryimage\",\"url\":\"https:\\\/\\\/www.meydan.tv\\\/wp-content\\\/uploads\\\/unnamed_1_0heelr3.jpg\",\"contentUrl\":\"https:\\\/\\\/www.meydan.tv\\\/wp-content\\\/uploads\\\/unnamed_1_0heelr3.jpg\",\"width\":821,\"height\":480,\"caption\":\"Source: Foto: arxiv\"},{\"@type\":\"BreadcrumbList\",\"@id\":\"https:\\\/\\\/www.meydan.tv\\\/az\\\/article\\\/bas-hekim-seckiye-gore-tohmet-alib\\\/#breadcrumb\",\"itemListElement\":[{\"@type\":\"ListItem\",\"position\":1,\"name\":\"Ana s\u0259hif\u0259\",\"item\":\"https:\\\/\\\/www.meydan.tv\\\/az\\\/\"},{\"@type\":\"ListItem\",\"position\":2,\"name\":\"B\u00f6lg\u0259\",\"item\":\"https:\\\/\\\/www.meydan.tv\\\/az\\\/section\\\/bolge\\\/\"},{\"@type\":\"ListItem\",\"position\":3,\"name\":\"Ba\u015f h\u0259kim se\u00e7kiy\u0259 g\u00f6r\u0259 t\u00f6hm\u0259t al\u0131b\"}]},{\"@type\":\"WebSite\",\"@id\":\"https:\\\/\\\/www.meydan.tv\\\/az\\\/#website\",\"url\":\"https:\\\/\\\/www.meydan.tv\\\/az\\\/\",\"name\":\"MEYDAN.TV\",\"description\":\"Meydan TV Az\u0259rbaycan\u0131n media m\u0259kan\u0131ndak\u0131 alternativ s\u0259sidir\",\"publisher\":{\"@id\":\"https:\\\/\\\/www.meydan.tv\\\/az\\\/#organization\"},\"potentialAction\":[{\"@type\":\"SearchAction\",\"target\":{\"@type\":\"EntryPoint\",\"urlTemplate\":\"https:\\\/\\\/www.meydan.tv\\\/az\\\/?s={search_term_string}\"},\"query-input\":{\"@type\":\"PropertyValueSpecification\",\"valueRequired\":true,\"valueName\":\"search_term_string\"}}],\"inLanguage\":\"az\"},{\"@type\":\"Organization\",\"@id\":\"https:\\\/\\\/www.meydan.tv\\\/az\\\/#organization\",\"name\":\"Meydan TV\",\"url\":\"https:\\\/\\\/www.meydan.tv\\\/az\\\/\",\"logo\":{\"@type\":\"ImageObject\",\"inLanguage\":\"az\",\"@id\":\"https:\\\/\\\/www.meydan.tv\\\/az\\\/#\\\/schema\\\/logo\\\/image\\\/\",\"url\":\"https:\\\/\\\/www.meydan.tv\\\/wp-content\\\/uploads\\\/2021\\\/07\\\/meydan-logo.svg\",\"contentUrl\":\"https:\\\/\\\/www.meydan.tv\\\/wp-content\\\/uploads\\\/2021\\\/07\\\/meydan-logo.svg\",\"width\":195,\"height\":46,\"caption\":\"Meydan TV\"},\"image\":{\"@id\":\"https:\\\/\\\/www.meydan.tv\\\/az\\\/#\\\/schema\\\/logo\\\/image\\\/\"}},{\"@type\":\"Person\",\"@id\":\"https:\\\/\\\/www.meydan.tv\\\/az\\\/#\\\/schema\\\/person\\\/10d11eccf6da3662cf5fdab9806ea91a\",\"name\":\"user-manager\"}]}<\/script>\n<!-- \/ Yoast SEO plugin. -->","yoast_head_json":{"title":"Ba\u015f h\u0259kim se\u00e7kiy\u0259 g\u00f6r\u0259 t\u00f6hm\u0259t al\u0131b - MEYDAN.TV","robots":{"index":"index","follow":"follow","max-snippet":"max-snippet:-1","max-image-preview":"max-image-preview:large","max-video-preview":"max-video-preview:-1"},"canonical":"https:\/\/www.meydan.tv\/az\/article\/bas-hekim-seckiye-gore-tohmet-alib\/","og_locale":"az_AZ","og_type":"article","og_title":"Ba\u015f h\u0259kim se\u00e7kiy\u0259 g\u00f6r\u0259 t\u00f6hm\u0259t al\u0131b - MEYDAN.TV","og_description":"\"T\u0259cili yard\u0131m ma\u015f\u0131nlar\u0131ndan yaln\u0131z n\u0259z\u0259rd\u0259 tutulmu\u015f halda istifad\u0259 edil\u0259 bil\u0259r\u201d","og_url":"https:\/\/www.meydan.tv\/az\/article\/bas-hekim-seckiye-gore-tohmet-alib\/","og_site_name":"MEYDAN.TV","article_published_time":"2020-02-11T13:19:14+00:00","og_image":[{"width":821,"height":480,"url":"https:\/\/www.meydan.tv\/wp-content\/uploads\/unnamed_1_0heelr3.jpg","type":"image\/jpeg"}],"author":"user-manager","twitter_card":"summary_large_image","schema":{"@context":"https:\/\/schema.org","@graph":[{"@type":"Article","@id":"https:\/\/www.meydan.tv\/az\/article\/bas-hekim-seckiye-gore-tohmet-alib\/#article","isPartOf":{"@id":"https:\/\/www.meydan.tv\/az\/article\/bas-hekim-seckiye-gore-tohmet-alib\/"},"author":{"name":"user-manager","@id":"https:\/\/www.meydan.tv\/az\/#\/schema\/person\/10d11eccf6da3662cf5fdab9806ea91a"},"headline":"Ba\u015f h\u0259kim se\u00e7kiy\u0259 g\u00f6r\u0259 t\u00f6hm\u0259t al\u0131b","datePublished":"2020-02-11T13:19:14+00:00","mainEntityOfPage":{"@id":"https:\/\/www.meydan.tv\/az\/article\/bas-hekim-seckiye-gore-tohmet-alib\/"},"wordCount":447,"publisher":{"@id":"https:\/\/www.meydan.tv\/az\/#organization"},"image":{"@id":"https:\/\/www.meydan.tv\/az\/article\/bas-hekim-seckiye-gore-tohmet-alib\/#primaryimage"},"thumbnailUrl":"https:\/\/www.meydan.tv\/wp-content\/uploads\/unnamed_1_0heelr3.jpg","articleSection":["B\u00f6lg\u0259"],"inLanguage":"az"},{"@type":"WebPage","@id":"https:\/\/www.meydan.tv\/az\/article\/bas-hekim-seckiye-gore-tohmet-alib\/","url":"https:\/\/www.meydan.tv\/az\/article\/bas-hekim-seckiye-gore-tohmet-alib\/","name":"Ba\u015f h\u0259kim se\u00e7kiy\u0259 g\u00f6r\u0259 t\u00f6hm\u0259t al\u0131b - MEYDAN.TV","isPartOf":{"@id":"https:\/\/www.meydan.tv\/az\/#website"},"primaryImageOfPage":{"@id":"https:\/\/www.meydan.tv\/az\/article\/bas-hekim-seckiye-gore-tohmet-alib\/#primaryimage"},"image":{"@id":"https:\/\/www.meydan.tv\/az\/article\/bas-hekim-seckiye-gore-tohmet-alib\/#primaryimage"},"thumbnailUrl":"https:\/\/www.meydan.tv\/wp-content\/uploads\/unnamed_1_0heelr3.jpg","datePublished":"2020-02-11T13:19:14+00:00","breadcrumb":{"@id":"https:\/\/www.meydan.tv\/az\/article\/bas-hekim-seckiye-gore-tohmet-alib\/#breadcrumb"},"inLanguage":"az","potentialAction":[{"@type":"ReadAction","target":["https:\/\/www.meydan.tv\/az\/article\/bas-hekim-seckiye-gore-tohmet-alib\/"]}]},{"@type":"ImageObject","inLanguage":"az","@id":"https:\/\/www.meydan.tv\/az\/article\/bas-hekim-seckiye-gore-tohmet-alib\/#primaryimage","url":"https:\/\/www.meydan.tv\/wp-content\/uploads\/unnamed_1_0heelr3.jpg","contentUrl":"https:\/\/www.meydan.tv\/wp-content\/uploads\/unnamed_1_0heelr3.jpg","width":821,"height":480,"caption":"Source: Foto: arxiv"},{"@type":"BreadcrumbList","@id":"https:\/\/www.meydan.tv\/az\/article\/bas-hekim-seckiye-gore-tohmet-alib\/#breadcrumb","itemListElement":[{"@type":"ListItem","position":1,"name":"Ana s\u0259hif\u0259","item":"https:\/\/www.meydan.tv\/az\/"},{"@type":"ListItem","position":2,"name":"B\u00f6lg\u0259","item":"https:\/\/www.meydan.tv\/az\/section\/bolge\/"},{"@type":"ListItem","position":3,"name":"Ba\u015f h\u0259kim se\u00e7kiy\u0259 g\u00f6r\u0259 t\u00f6hm\u0259t al\u0131b"}]},{"@type":"WebSite","@id":"https:\/\/www.meydan.tv\/az\/#website","url":"https:\/\/www.meydan.tv\/az\/","name":"MEYDAN.TV","description":"Meydan TV Az\u0259rbaycan\u0131n media m\u0259kan\u0131ndak\u0131 alternativ s\u0259sidir","publisher":{"@id":"https:\/\/www.meydan.tv\/az\/#organization"},"potentialAction":[{"@type":"SearchAction","target":{"@type":"EntryPoint","urlTemplate":"https:\/\/www.meydan.tv\/az\/?s={search_term_string}"},"query-input":{"@type":"PropertyValueSpecification","valueRequired":true,"valueName":"search_term_string"}}],"inLanguage":"az"},{"@type":"Organization","@id":"https:\/\/www.meydan.tv\/az\/#organization","name":"Meydan TV","url":"https:\/\/www.meydan.tv\/az\/","logo":{"@type":"ImageObject","inLanguage":"az","@id":"https:\/\/www.meydan.tv\/az\/#\/schema\/logo\/image\/","url":"https:\/\/www.meydan.tv\/wp-content\/uploads\/2021\/07\/meydan-logo.svg","contentUrl":"https:\/\/www.meydan.tv\/wp-content\/uploads\/2021\/07\/meydan-logo.svg","width":195,"height":46,"caption":"Meydan TV"},"image":{"@id":"https:\/\/www.meydan.tv\/az\/#\/schema\/logo\/image\/"}},{"@type":"Person","@id":"https:\/\/www.meydan.tv\/az\/#\/schema\/person\/10d11eccf6da3662cf5fdab9806ea91a","name":"user-manager"}]}},"_links":{"self":[{"href":"https:\/\/www.meydan.tv\/az\/wp-json\/wp\/v2\/posts\/199209","targetHints":{"allow":["GET"]}}],"collection":[{"href":"https:\/\/www.meydan.tv\/az\/wp-json\/wp\/v2\/posts"}],"about":[{"href":"https:\/\/www.meydan.tv\/az\/wp-json\/wp\/v2\/types\/post"}],"author":[{"embeddable":true,"href":"https:\/\/www.meydan.tv\/az\/wp-json\/wp\/v2\/users\/11"}],"replies":[{"embeddable":true,"href":"https:\/\/www.meydan.tv\/az\/wp-json\/wp\/v2\/comments?post=199209"}],"version-history":[{"count":0,"href":"https:\/\/www.meydan.tv\/az\/wp-json\/wp\/v2\/posts\/199209\/revisions"}],"wp:featuredmedia":[{"embeddable":true,"href":"https:\/\/www.meydan.tv\/az\/wp-json\/wp\/v2\/media\/137262"}],"wp:attachment":[{"href":"https:\/\/www.meydan.tv\/az\/wp-json\/wp\/v2\/media?parent=199209"}],"wp:term":[{"taxonomy":"category","embeddable":true,"href":"https:\/\/www.meydan.tv\/az\/wp-json\/wp\/v2\/categories?post=199209"},{"taxonomy":"post_tag","embeddable":true,"href":"https:\/\/www.meydan.tv\/az\/wp-json\/wp\/v2\/tags?post=199209"}],"curies":[{"name":"wp","href":"https:\/\/api.w.org\/{rel}","templated":true}]}}