{"id":199208,"date":"2020-02-11T13:10:02","date_gmt":"2020-02-11T13:10:02","guid":{"rendered":"https:\/\/www.meydan.tv\/article\/ucar-sakini-polis-reisinin-muavini-menden-el-cekmir\/"},"modified":"2020-02-11T13:10:02","modified_gmt":"2020-02-11T13:10:02","slug":"ucar-sakini-polis-reisinin-muavini-menden-el-cekmir","status":"publish","type":"post","link":"https:\/\/www.meydan.tv\/az\/article\/ucar-sakini-polis-reisinin-muavini-menden-el-cekmir\/","title":{"rendered":"Ucar sakini : Polis r\u0259isinin m\u00fcavini m\u0259nd\u0259n \u0259l \u00e7\u0259kmir"},"content":{"rendered":"<p>\n  <i><br \/>\n    \u201cBu adam m\u0259nim atam\u0131 s\u00f6yd\u00fcr\u00fcb, ill\u0259rdir ba\u015f\u0131ma oyun a\u00e7\u0131r\u201d<br \/>\n  <\/i>\n<\/p>\n<p>\n  \u201cUcar\u0131n polis r\u0259isinin m\u00fcavini can\u0131m\u0131 bo\u011faz\u0131ma y\u0131\u011f\u0131b. Budur 6 ildir yaxamdan \u0259l \u00e7\u0259kmir. Gah yolda saxlad\u0131r, gah haqq\u0131mda \u015fikay\u0259t verib incidir, gah da ma\u015f\u0131n\u0131m\u0131 c\u0259rim\u0259 meydan\u00e7as\u0131na sald\u0131r\u0131r, sonra da vermir\u201d.\n<\/p>\n<p>\n  Ucar sakini Rasim Kamilov bel\u0259 deyir. O, Ucar\u0131n Polis \u015e\u00f6b\u0259sinin r\u0259is m\u00fcavini S\u0259buhi \u0130smay\u0131lovdan \u015fikay\u0259t\u00e7idir. Deyir, 2014-c\u00fc ild\u0259 aralar\u0131nda t\u0259sad\u00fcf\u0259n yaranan konfliktin n\u0259tic\u0259si bu g\u00fcn\u0259d\u0259k davam edir.\n<\/p>\n<p>\n  \u201cKi\u00e7ik bir ma\u011fazam var idi. Ma\u015f\u0131n ehtiyat hiss\u0259l\u0259ri sat\u0131rd\u0131m. Kredit g\u00f6t\u00fcr\u00fcb, mal vururdum. Sonra yava\u015f-yava\u015f \u00f6d\u0259yirdim. El\u0259 kredit g\u00f6t\u00fcrd\u00fcy\u00fcm g\u00fcnl\u0259rd\u0259n biri idi. Yolda polis r\u0259isinin m\u00fcavini S\u0259buhi \u0130smay\u0131lov m\u0259ni saxlad\u0131. Dedi, \u201cs\u0259n ma\u015f\u0131n\u0131 d\u00fczg\u00fcn s\u00fcrm\u00fcrs\u0259n\u201d. Baxmayaraq ki, bu adam he\u00e7 yol polisi d\u0259 deyil. Bel\u0259 iradla ma\u015f\u0131n saxlaya bilm\u0259z. Dedim, s\u00fcr\u00fcc\u00fcl\u00fck v\u0259siq\u0259mi 1971-ci ild\u0259 alm\u0131\u015fam. Oxumu\u015fam, h\u0259r \u015feyi bilir\u0259m. Dedi ki, m\u0259ni tan\u0131y\u0131rsan kim\u0259m? O vaxt h\u0259l\u0259 yeni g\u0259lmi\u015fdi. Ad\u0131n\u0131 e\u015fitmi\u015fdim sad\u0259c\u0259. H\u0259min g\u00fcnd\u0259n h\u0259yat\u0131mdan \u00e7\u0131xm\u0131r\u201d, &#8211; Rasim Kamilov ba\u015f\u0131na g\u0259l\u0259nl\u0259ri dan\u0131\u015f\u0131r.\n<\/p>\n<p>\n  O \u0259lav\u0259 edir ki, rayonun yol polisi var. \u018fg\u0259r n\u0259s\u0259 s\u0259hv edibs\u0259, o saxlas\u0131n v\u0259 c\u0259rim\u0259l\u0259sin. S\u0259buhi \u0130smay\u0131lovun onu saxlama\u011fa haqq\u0131 yoxdur:\n<\/p>\n<p>\n  \u201cO ilk g\u00fcn m\u0259ni saxlayandan sonra m\u0259n S\u0259buhi \u0130smay\u0131lovla ba\u011fl\u0131 Daxili \u0130\u015fl\u0259r Nazirliyin\u0259, Prezident\u0259 teleqram vurdum. \u015eikay\u0259timi, haqs\u0131zl\u0131\u011fa u\u011frad\u0131\u011f\u0131m\u0131 bildirdim. H\u0259min g\u00fcnd\u0259n etibar\u0259n bu adam m\u0259niml\u0259 d\u00fc\u015fm\u0259n oldu\u201d.\n<\/p>\n<p>\n  Rasim Kamilov deyir ki, bu hadis\u0259d\u0259n sonra ma\u011fazas\u0131nda o\u011furluq olub, ara\u015fd\u0131r\u0131lmay\u0131b, evind\u0259 yan\u011f\u0131n olub, h\u0259min yan\u011f\u0131nla ba\u011fl\u0131 akt ala bilm\u0259yib. Bir s\u00f6zl\u0259, rayonda he\u00e7 kim onu e\u015fitmir:\n<\/p>\n<p>\n  \u201c\u015eikay\u0259timd\u0259n sonra Daxili \u0130\u015fl\u0259r Nazirliyinin T\u0259dqiqat M\u0259rk\u0259zind\u0259n m\u0259ktub g\u0259ldi m\u0259n\u0259. Guya m\u0259n ma\u015f\u0131n idar\u0259 ed\u0259 bilmir\u0259m. G\u00f6z\u00fcm g\u00f6rm\u00fcr, komissiyadan ke\u00e7m\u0259liy\u0259m. Sonra bir n\u0259f\u0259r polis g\u00f6nd\u0259rdil\u0259r i\u015f yerim\u0259. M\u0259ni g\u00f6z komissiyas\u0131ndan ke\u00e7m\u0259k \u00fc\u00e7\u00fcn aparma\u011fa g\u0259ldiyini s\u00f6yl\u0259di. Dedim, bu, q\u0259r\u0259zlidir. Daxili \u0130\u015fl\u0259r Nazirliyinin T\u0259hqiqat \u0130dar\u0259si hardan bilir ki, Ucarda Rasim Kamilov var v\u0259 onun g\u00f6z\u00fc g\u00f6rm\u00fcr v\u0259 yaxud da g\u00f6r\u00fcr? Dedim, ged\u0259rik, amma get sabah s\u0259h\u0259r 10-11 aras\u0131 g\u0259l ged\u0259k. Durub getdim Ucar Rayon M\u0259hk\u0259m\u0259sin\u0259\u201d.\n<\/p>\n<p>\n  Rasim Kamilov deyir ki, bundan sonra hakimin q\u0259buluna girib v\u0259 h\u0259r \u015feyi oldu\u011fu kimi dan\u0131\u015f\u0131b:\n<\/p>\n<p>\n  \u201cHakim m\u0259n\u0259 dedi ki, narahat olma, get. \u201cBu i\u015fl\u0259r\u0259 m\u0259n bax\u0131ram, q\u0259rar\u0131 m\u0259n verir\u0259m. S\u0259n\u0259 bu m\u0259ktubu g\u00f6nd\u0259r\u0259nl\u0259r\u0259 den\u0259n g\u0259lsinl\u0259r yan\u0131ma\u201d. Getdim polis\u0259, dedim ki, hakim sizi \u00e7a\u011f\u0131r\u0131r. S\u0259h\u0259ri g\u00fcn\u00fc daha polis g\u0259lm\u0259di. Yoxlama m\u0259s\u0259l\u0259si d\u0259 burada bitdi\u201d.\n<\/p>\n<p>\n  Rasim Kamilov deyir ki, yoxlama il\u0259 ba\u011fl\u0131 s\u00f6hb\u0259t burada ba\u011flan\u0131b. Ancaq \u00fcmumi problem davam edib. 2017-ci ilin fevral\u0131nda evind\u0259 yan\u011f\u0131n olub:\n<\/p>\n<p>\n  \u201cBurada m\u0259nim \u00fc\u00e7\u00fcn b\u0259zi \u015f\u00fcbh\u0259li m\u0259qamlar var idi. \u015eikay\u0259t etdim, baxmad\u0131lar. Yan\u011f\u0131ns\u00f6nd\u00fcrm\u0259 m\u0259nt\u0259q\u0259sind\u0259n evimin yanma\u011f\u0131 il\u0259 ba\u011fl\u0131 aray\u0131\u015f ist\u0259dim. N\u0259 q\u0259d\u0259r etdim, h\u0259min aray\u0131\u015f\u0131 ala bilm\u0259dim. Bunu m\u0259n\u0259 ona g\u00f6r\u0259 verm\u0259dil\u0259r ki, \u0259limd\u0259 evimin yanmas\u0131 il\u0259 ba\u011fl\u0131 fakt olmas\u0131n\u0131 ist\u0259mirdil\u0259r\u201d.\n<\/p>\n<figure class=\"wp-block-image size-large\">\n  <img decoding=\"async\" src=\"https:\/\/www.meydan.tv\/az\/image_from_ios__1_-jpg-8\/\" alt=\"image_from_ios__1_.jpg\" class=\"wp-image-137256\"\/><figcaption>\n    &#8220;\u015eikay\u0259t etdim, baxmad\u0131lar&#8221;.<br \/>\n  <\/figcaption><\/figure>\n<p>\n  Rasim Kamilov deyir ki, problemi bununla da bitm\u0259yib. Bir ne\u00e7\u0259 d\u0259f\u0259 tan\u0131mad\u0131\u011f\u0131 insanlar t\u0259r\u0259find\u0259n s\u00f6y\u00fcl\u00fcb:\n<\/p>\n<p>\n  \u201cM\u0259n\u0259 z\u0259ng edib, atam\u0131, atam\u0131n q\u0259brini s\u00f6yd\u00fcr\u00fcbl\u0259r. H\u0259min adam\u0131 m\u0259nim i\u015f yerim\u0259 g\u00f6nd\u0259ribl\u0259r ki, m\u0259n ona n\u0259s\u0259 edim, tutub basalar i\u00e7\u0259riy\u0259. M\u0259n he\u00e7 n\u0259 etm\u0259mi\u015f\u0259m. Ma\u015f\u0131n\u0131m da 1 il\u0259 yax\u0131nd\u0131r, polis idar\u0259sind\u0259dir. \u00d6t\u0259n ilin fevral\u0131ndan b\u0259ri. O\u011flumu m\u0259kt\u0259b\u0259 apar\u0131rd\u0131m. Polis yolumu k\u0259sib ma\u015f\u0131n\u0131m\u0131 \u0259limd\u0259n ald\u0131. Dedil\u0259r, qo\u015fa x\u0259tti tapdalam\u0131san. Ne\u00e7\u0259 ayd\u0131r ma\u015f\u0131n\u0131m\u0131 geri ala bilmir\u0259m\u201d.\n<\/p>\n<p>\n  Rasim Kamilov deyir ki, bundan sonra t\u0259z\u0259d\u0259n kredit g\u00f6t\u00fcr\u00fcb \u00f6z\u00fcn\u0259 ba\u015fqa ma\u015f\u0131n al\u0131b. O ma\u015f\u0131ndan is\u0259 \u0259lini \u00fcz\u00fcb:\n<\/p>\n<p>\n  \u201cM\u0259nim \u00f6vlad\u0131m var. Niy\u0259 onun taleyi bu c\u00fcr insanlar\u0131n \u0259lind\u0259 olmal\u0131d\u0131r? Odur ki, m\u0259n ist\u0259yir\u0259m bu adam haqq\u0131nda bir t\u0259dbir g\u00f6r\u00fcls\u00fcn. M\u0259nim 5 ildir ba\u015f\u0131ma a\u00e7mad\u0131\u011f\u0131 oyun qalmay\u0131b\u201d.\n<\/p>\n<p>\n  Rasim Kamilov Prezident \u0130lham \u018fliyev\u0259 m\u00fcraci\u0259t edir:\n<\/p>\n<p>\n  \u201cSizin atan\u0131z siz\u0259, m\u0259nim atam da m\u0259n\u0259 \u0259zizdir. H\u0259r ikisi d\u00fcnyas\u0131n\u0131 d\u0259yi\u015fib. \u0130nsan\u0131n d\u00fcnyas\u0131n\u0131 d\u0259yi\u015fmi\u015f atas\u0131na s\u00f6ym\u0259zl\u0259r. Bunu ed\u0259nl\u0259r is\u0259 \u0259n a\u011f\u0131r formada c\u0259zaland\u0131r\u0131lmal\u0131d\u0131rlar. Bu adam m\u0259nim atam\u0131 s\u00f6yd\u00fcr\u00fcb, ill\u0259rdir ba\u015f\u0131ma oyun a\u00e7\u0131r. Onunla ba\u011fl\u0131 t\u0259dbir g\u00f6rm\u0259yinizi sizd\u0259n xahi\u015f edir\u0259m. Yalvar\u0131ram, o adam\u0131 bizim rayondan uzaqla\u015fd\u0131rs\u0131n\u201d.\n<\/p>\n<p>\n  Ucar Rayon Polis \u0130dar\u0259sinin Yol Polis \u015e\u00f6b\u0259sind\u0259n bildiribl\u0259r ki, b\u0259li, aylar \u00f6nc\u0259 x\u0259ta t\u00f6r\u0259tdiyi \u00fc\u00e7\u00fcn Rasim Kamilovun ma\u015f\u0131n\u0131 c\u0259rim\u0259 meydan\u00e7as\u0131na apar\u0131l\u0131b. Ancaq bundan sonra onunla d\u0259f\u0259l\u0259rl\u0259 \u0259laq\u0259 saxlan\u0131b. Ma\u015f\u0131n\u0131n\u0131 g\u0259lib g\u00f6t\u00fcrs\u00fcn deyilib:\n<\/p>\n<p>\n  \u201cG\u0259lm\u0259yib. G\u00f6r\u00fcn\u00fcr, g\u00f6t\u00fcrm\u0259k ist\u0259mir, maraqlanm\u0131r, g\u0259lmir. Bunu niy\u0259 edir dey\u0259 bilm\u0259r\u0259m. Amma bununla ba\u011fl\u0131 ona d\u0259f\u0259l\u0259rl\u0259 m\u00fcraci\u0259t olunub\u201d.\n<\/p>\n<p>\n  Ucar Rayon Polis \u0130dar\u0259sind\u0259n bu bar\u0259d\u0259 m\u0259lumat ver\u0259 bilm\u0259y\u0259c\u0259kl\u0259rini s\u00f6yl\u0259yibl\u0259r:\n<\/p>\n<p>\n  \u201cM\u0259n sad\u0259c\u0259 n\u00f6vb\u0259t\u00e7iy\u0259m, bel\u0259 m\u00f6vzulara m\u00fcnasib\u0259t bildirm\u0259k s\u0259lahiyy\u0259tim yoxdur. Ancaq n\u00f6mr\u0259sini ver\u0259 bil\u0259r\u0259m, S\u0259buhi m\u00fc\u0259llimin \u00f6z\u00fc il\u0259 \u0259laq\u0259 saxlay\u0131b, soru\u015fa bil\u0259rsiniz\u201d.\n<\/p>\n<p>\n  \u0130dar\u0259d\u0259n veril\u0259n n\u00f6mr\u0259 is\u0259 i\u015fl\u0259k deyil.<\/p>\n","protected":false},"excerpt":{"rendered":"<p>Rasim Kamilov deyir ki, bundan sonra t\u0259z\u0259d\u0259n kredit g\u00f6t\u00fcr\u00fcb \u00f6z\u00fcn\u0259 ba\u015fqa ma\u015f\u0131n al\u0131b<\/p>\n","protected":false},"author":11,"featured_media":137253,"comment_status":"closed","ping_status":"open","sticky":false,"template":"","format":"standard","meta":{"_acf_changed":false,"_sitemap_exclude":false,"_sitemap_priority":"","_sitemap_frequency":"","footnotes":""},"categories":[60],"tags":[],"class_list":["post-199208","post","type-post","status-publish","format-standard","has-post-thumbnail","hentry","category-bolge","infinite-scroll-item","generate-columns","tablet-grid-50","mobile-grid-100","grid-parent","grid-33","no-featured-image-padding"],"acf":[],"yoast_head":"<!-- This site is optimized with the Yoast SEO plugin v27.5 - https:\/\/yoast.com\/product\/yoast-seo-wordpress\/ -->\n<title>Ucar sakini : Polis r\u0259isinin m\u00fcavini m\u0259nd\u0259n \u0259l \u00e7\u0259kmir - MEYDAN.TV<\/title>\n<meta name=\"robots\" content=\"index, follow, max-snippet:-1, max-image-preview:large, max-video-preview:-1\" \/>\n<link rel=\"canonical\" href=\"https:\/\/www.meydan.tv\/az\/article\/ucar-sakini-polis-reisinin-muavini-menden-el-cekmir\/\" \/>\n<meta property=\"og:locale\" content=\"az_AZ\" \/>\n<meta property=\"og:type\" content=\"article\" \/>\n<meta property=\"og:title\" content=\"Ucar sakini : Polis r\u0259isinin m\u00fcavini m\u0259nd\u0259n \u0259l \u00e7\u0259kmir - MEYDAN.TV\" \/>\n<meta property=\"og:description\" content=\"Rasim Kamilov deyir ki, bundan sonra t\u0259z\u0259d\u0259n kredit g\u00f6t\u00fcr\u00fcb \u00f6z\u00fcn\u0259 ba\u015fqa ma\u015f\u0131n al\u0131b\" \/>\n<meta property=\"og:url\" content=\"https:\/\/www.meydan.tv\/az\/article\/ucar-sakini-polis-reisinin-muavini-menden-el-cekmir\/\" \/>\n<meta property=\"og:site_name\" content=\"MEYDAN.TV\" \/>\n<meta property=\"article:published_time\" content=\"2020-02-11T13:10:02+00:00\" \/>\n<meta property=\"og:image\" content=\"https:\/\/www.meydan.tv\/wp-content\/uploads\/image_from_ios_3_t3ssemv-scaled.jpg\" \/>\n\t<meta property=\"og:image:width\" content=\"2560\" \/>\n\t<meta property=\"og:image:height\" content=\"1920\" \/>\n\t<meta property=\"og:image:type\" content=\"image\/jpeg\" \/>\n<meta name=\"author\" content=\"user-manager\" \/>\n<meta name=\"twitter:card\" content=\"summary_large_image\" \/>\n<script type=\"application\/ld+json\" class=\"yoast-schema-graph\">{\"@context\":\"https:\\\/\\\/schema.org\",\"@graph\":[{\"@type\":\"Article\",\"@id\":\"https:\\\/\\\/www.meydan.tv\\\/az\\\/article\\\/ucar-sakini-polis-reisinin-muavini-menden-el-cekmir\\\/#article\",\"isPartOf\":{\"@id\":\"https:\\\/\\\/www.meydan.tv\\\/az\\\/article\\\/ucar-sakini-polis-reisinin-muavini-menden-el-cekmir\\\/\"},\"author\":{\"name\":\"user-manager\",\"@id\":\"https:\\\/\\\/www.meydan.tv\\\/az\\\/#\\\/schema\\\/person\\\/10d11eccf6da3662cf5fdab9806ea91a\"},\"headline\":\"Ucar sakini : Polis r\u0259isinin m\u00fcavini m\u0259nd\u0259n \u0259l \u00e7\u0259kmir\",\"datePublished\":\"2020-02-11T13:10:02+00:00\",\"mainEntityOfPage\":{\"@id\":\"https:\\\/\\\/www.meydan.tv\\\/az\\\/article\\\/ucar-sakini-polis-reisinin-muavini-menden-el-cekmir\\\/\"},\"wordCount\":1160,\"publisher\":{\"@id\":\"https:\\\/\\\/www.meydan.tv\\\/az\\\/#organization\"},\"image\":{\"@id\":\"https:\\\/\\\/www.meydan.tv\\\/az\\\/article\\\/ucar-sakini-polis-reisinin-muavini-menden-el-cekmir\\\/#primaryimage\"},\"thumbnailUrl\":\"https:\\\/\\\/www.meydan.tv\\\/wp-content\\\/uploads\\\/image_from_ios_3_t3ssemv-scaled.jpg\",\"articleSection\":[\"B\u00f6lg\u0259\"],\"inLanguage\":\"az\"},{\"@type\":\"WebPage\",\"@id\":\"https:\\\/\\\/www.meydan.tv\\\/az\\\/article\\\/ucar-sakini-polis-reisinin-muavini-menden-el-cekmir\\\/\",\"url\":\"https:\\\/\\\/www.meydan.tv\\\/az\\\/article\\\/ucar-sakini-polis-reisinin-muavini-menden-el-cekmir\\\/\",\"name\":\"Ucar sakini : Polis r\u0259isinin m\u00fcavini m\u0259nd\u0259n \u0259l \u00e7\u0259kmir - MEYDAN.TV\",\"isPartOf\":{\"@id\":\"https:\\\/\\\/www.meydan.tv\\\/az\\\/#website\"},\"primaryImageOfPage\":{\"@id\":\"https:\\\/\\\/www.meydan.tv\\\/az\\\/article\\\/ucar-sakini-polis-reisinin-muavini-menden-el-cekmir\\\/#primaryimage\"},\"image\":{\"@id\":\"https:\\\/\\\/www.meydan.tv\\\/az\\\/article\\\/ucar-sakini-polis-reisinin-muavini-menden-el-cekmir\\\/#primaryimage\"},\"thumbnailUrl\":\"https:\\\/\\\/www.meydan.tv\\\/wp-content\\\/uploads\\\/image_from_ios_3_t3ssemv-scaled.jpg\",\"datePublished\":\"2020-02-11T13:10:02+00:00\",\"breadcrumb\":{\"@id\":\"https:\\\/\\\/www.meydan.tv\\\/az\\\/article\\\/ucar-sakini-polis-reisinin-muavini-menden-el-cekmir\\\/#breadcrumb\"},\"inLanguage\":\"az\",\"potentialAction\":[{\"@type\":\"ReadAction\",\"target\":[\"https:\\\/\\\/www.meydan.tv\\\/az\\\/article\\\/ucar-sakini-polis-reisinin-muavini-menden-el-cekmir\\\/\"]}]},{\"@type\":\"ImageObject\",\"inLanguage\":\"az\",\"@id\":\"https:\\\/\\\/www.meydan.tv\\\/az\\\/article\\\/ucar-sakini-polis-reisinin-muavini-menden-el-cekmir\\\/#primaryimage\",\"url\":\"https:\\\/\\\/www.meydan.tv\\\/wp-content\\\/uploads\\\/image_from_ios_3_t3ssemv-scaled.jpg\",\"contentUrl\":\"https:\\\/\\\/www.meydan.tv\\\/wp-content\\\/uploads\\\/image_from_ios_3_t3ssemv-scaled.jpg\",\"width\":2560,\"height\":1920,\"caption\":\"Source: Specify Source\"},{\"@type\":\"BreadcrumbList\",\"@id\":\"https:\\\/\\\/www.meydan.tv\\\/az\\\/article\\\/ucar-sakini-polis-reisinin-muavini-menden-el-cekmir\\\/#breadcrumb\",\"itemListElement\":[{\"@type\":\"ListItem\",\"position\":1,\"name\":\"Ana s\u0259hif\u0259\",\"item\":\"https:\\\/\\\/www.meydan.tv\\\/az\\\/\"},{\"@type\":\"ListItem\",\"position\":2,\"name\":\"B\u00f6lg\u0259\",\"item\":\"https:\\\/\\\/www.meydan.tv\\\/az\\\/section\\\/bolge\\\/\"},{\"@type\":\"ListItem\",\"position\":3,\"name\":\"Ucar sakini : Polis r\u0259isinin m\u00fcavini m\u0259nd\u0259n \u0259l \u00e7\u0259kmir\"}]},{\"@type\":\"WebSite\",\"@id\":\"https:\\\/\\\/www.meydan.tv\\\/az\\\/#website\",\"url\":\"https:\\\/\\\/www.meydan.tv\\\/az\\\/\",\"name\":\"MEYDAN.TV\",\"description\":\"Meydan TV Az\u0259rbaycan\u0131n media m\u0259kan\u0131ndak\u0131 alternativ s\u0259sidir\",\"publisher\":{\"@id\":\"https:\\\/\\\/www.meydan.tv\\\/az\\\/#organization\"},\"potentialAction\":[{\"@type\":\"SearchAction\",\"target\":{\"@type\":\"EntryPoint\",\"urlTemplate\":\"https:\\\/\\\/www.meydan.tv\\\/az\\\/?s={search_term_string}\"},\"query-input\":{\"@type\":\"PropertyValueSpecification\",\"valueRequired\":true,\"valueName\":\"search_term_string\"}}],\"inLanguage\":\"az\"},{\"@type\":\"Organization\",\"@id\":\"https:\\\/\\\/www.meydan.tv\\\/az\\\/#organization\",\"name\":\"Meydan TV\",\"url\":\"https:\\\/\\\/www.meydan.tv\\\/az\\\/\",\"logo\":{\"@type\":\"ImageObject\",\"inLanguage\":\"az\",\"@id\":\"https:\\\/\\\/www.meydan.tv\\\/az\\\/#\\\/schema\\\/logo\\\/image\\\/\",\"url\":\"https:\\\/\\\/www.meydan.tv\\\/wp-content\\\/uploads\\\/2021\\\/07\\\/meydan-logo.svg\",\"contentUrl\":\"https:\\\/\\\/www.meydan.tv\\\/wp-content\\\/uploads\\\/2021\\\/07\\\/meydan-logo.svg\",\"width\":195,\"height\":46,\"caption\":\"Meydan TV\"},\"image\":{\"@id\":\"https:\\\/\\\/www.meydan.tv\\\/az\\\/#\\\/schema\\\/logo\\\/image\\\/\"}},{\"@type\":\"Person\",\"@id\":\"https:\\\/\\\/www.meydan.tv\\\/az\\\/#\\\/schema\\\/person\\\/10d11eccf6da3662cf5fdab9806ea91a\",\"name\":\"user-manager\"}]}<\/script>\n<!-- \/ Yoast SEO plugin. -->","yoast_head_json":{"title":"Ucar sakini : Polis r\u0259isinin m\u00fcavini m\u0259nd\u0259n \u0259l \u00e7\u0259kmir - MEYDAN.TV","robots":{"index":"index","follow":"follow","max-snippet":"max-snippet:-1","max-image-preview":"max-image-preview:large","max-video-preview":"max-video-preview:-1"},"canonical":"https:\/\/www.meydan.tv\/az\/article\/ucar-sakini-polis-reisinin-muavini-menden-el-cekmir\/","og_locale":"az_AZ","og_type":"article","og_title":"Ucar sakini : Polis r\u0259isinin m\u00fcavini m\u0259nd\u0259n \u0259l \u00e7\u0259kmir - MEYDAN.TV","og_description":"Rasim Kamilov deyir ki, bundan sonra t\u0259z\u0259d\u0259n kredit g\u00f6t\u00fcr\u00fcb \u00f6z\u00fcn\u0259 ba\u015fqa ma\u015f\u0131n al\u0131b","og_url":"https:\/\/www.meydan.tv\/az\/article\/ucar-sakini-polis-reisinin-muavini-menden-el-cekmir\/","og_site_name":"MEYDAN.TV","article_published_time":"2020-02-11T13:10:02+00:00","og_image":[{"width":2560,"height":1920,"url":"https:\/\/www.meydan.tv\/wp-content\/uploads\/image_from_ios_3_t3ssemv-scaled.jpg","type":"image\/jpeg"}],"author":"user-manager","twitter_card":"summary_large_image","schema":{"@context":"https:\/\/schema.org","@graph":[{"@type":"Article","@id":"https:\/\/www.meydan.tv\/az\/article\/ucar-sakini-polis-reisinin-muavini-menden-el-cekmir\/#article","isPartOf":{"@id":"https:\/\/www.meydan.tv\/az\/article\/ucar-sakini-polis-reisinin-muavini-menden-el-cekmir\/"},"author":{"name":"user-manager","@id":"https:\/\/www.meydan.tv\/az\/#\/schema\/person\/10d11eccf6da3662cf5fdab9806ea91a"},"headline":"Ucar sakini : Polis r\u0259isinin m\u00fcavini m\u0259nd\u0259n \u0259l \u00e7\u0259kmir","datePublished":"2020-02-11T13:10:02+00:00","mainEntityOfPage":{"@id":"https:\/\/www.meydan.tv\/az\/article\/ucar-sakini-polis-reisinin-muavini-menden-el-cekmir\/"},"wordCount":1160,"publisher":{"@id":"https:\/\/www.meydan.tv\/az\/#organization"},"image":{"@id":"https:\/\/www.meydan.tv\/az\/article\/ucar-sakini-polis-reisinin-muavini-menden-el-cekmir\/#primaryimage"},"thumbnailUrl":"https:\/\/www.meydan.tv\/wp-content\/uploads\/image_from_ios_3_t3ssemv-scaled.jpg","articleSection":["B\u00f6lg\u0259"],"inLanguage":"az"},{"@type":"WebPage","@id":"https:\/\/www.meydan.tv\/az\/article\/ucar-sakini-polis-reisinin-muavini-menden-el-cekmir\/","url":"https:\/\/www.meydan.tv\/az\/article\/ucar-sakini-polis-reisinin-muavini-menden-el-cekmir\/","name":"Ucar sakini : Polis r\u0259isinin m\u00fcavini m\u0259nd\u0259n \u0259l \u00e7\u0259kmir - MEYDAN.TV","isPartOf":{"@id":"https:\/\/www.meydan.tv\/az\/#website"},"primaryImageOfPage":{"@id":"https:\/\/www.meydan.tv\/az\/article\/ucar-sakini-polis-reisinin-muavini-menden-el-cekmir\/#primaryimage"},"image":{"@id":"https:\/\/www.meydan.tv\/az\/article\/ucar-sakini-polis-reisinin-muavini-menden-el-cekmir\/#primaryimage"},"thumbnailUrl":"https:\/\/www.meydan.tv\/wp-content\/uploads\/image_from_ios_3_t3ssemv-scaled.jpg","datePublished":"2020-02-11T13:10:02+00:00","breadcrumb":{"@id":"https:\/\/www.meydan.tv\/az\/article\/ucar-sakini-polis-reisinin-muavini-menden-el-cekmir\/#breadcrumb"},"inLanguage":"az","potentialAction":[{"@type":"ReadAction","target":["https:\/\/www.meydan.tv\/az\/article\/ucar-sakini-polis-reisinin-muavini-menden-el-cekmir\/"]}]},{"@type":"ImageObject","inLanguage":"az","@id":"https:\/\/www.meydan.tv\/az\/article\/ucar-sakini-polis-reisinin-muavini-menden-el-cekmir\/#primaryimage","url":"https:\/\/www.meydan.tv\/wp-content\/uploads\/image_from_ios_3_t3ssemv-scaled.jpg","contentUrl":"https:\/\/www.meydan.tv\/wp-content\/uploads\/image_from_ios_3_t3ssemv-scaled.jpg","width":2560,"height":1920,"caption":"Source: Specify Source"},{"@type":"BreadcrumbList","@id":"https:\/\/www.meydan.tv\/az\/article\/ucar-sakini-polis-reisinin-muavini-menden-el-cekmir\/#breadcrumb","itemListElement":[{"@type":"ListItem","position":1,"name":"Ana s\u0259hif\u0259","item":"https:\/\/www.meydan.tv\/az\/"},{"@type":"ListItem","position":2,"name":"B\u00f6lg\u0259","item":"https:\/\/www.meydan.tv\/az\/section\/bolge\/"},{"@type":"ListItem","position":3,"name":"Ucar sakini : Polis r\u0259isinin m\u00fcavini m\u0259nd\u0259n \u0259l \u00e7\u0259kmir"}]},{"@type":"WebSite","@id":"https:\/\/www.meydan.tv\/az\/#website","url":"https:\/\/www.meydan.tv\/az\/","name":"MEYDAN.TV","description":"Meydan TV Az\u0259rbaycan\u0131n media m\u0259kan\u0131ndak\u0131 alternativ s\u0259sidir","publisher":{"@id":"https:\/\/www.meydan.tv\/az\/#organization"},"potentialAction":[{"@type":"SearchAction","target":{"@type":"EntryPoint","urlTemplate":"https:\/\/www.meydan.tv\/az\/?s={search_term_string}"},"query-input":{"@type":"PropertyValueSpecification","valueRequired":true,"valueName":"search_term_string"}}],"inLanguage":"az"},{"@type":"Organization","@id":"https:\/\/www.meydan.tv\/az\/#organization","name":"Meydan TV","url":"https:\/\/www.meydan.tv\/az\/","logo":{"@type":"ImageObject","inLanguage":"az","@id":"https:\/\/www.meydan.tv\/az\/#\/schema\/logo\/image\/","url":"https:\/\/www.meydan.tv\/wp-content\/uploads\/2021\/07\/meydan-logo.svg","contentUrl":"https:\/\/www.meydan.tv\/wp-content\/uploads\/2021\/07\/meydan-logo.svg","width":195,"height":46,"caption":"Meydan TV"},"image":{"@id":"https:\/\/www.meydan.tv\/az\/#\/schema\/logo\/image\/"}},{"@type":"Person","@id":"https:\/\/www.meydan.tv\/az\/#\/schema\/person\/10d11eccf6da3662cf5fdab9806ea91a","name":"user-manager"}]}},"_links":{"self":[{"href":"https:\/\/www.meydan.tv\/az\/wp-json\/wp\/v2\/posts\/199208","targetHints":{"allow":["GET"]}}],"collection":[{"href":"https:\/\/www.meydan.tv\/az\/wp-json\/wp\/v2\/posts"}],"about":[{"href":"https:\/\/www.meydan.tv\/az\/wp-json\/wp\/v2\/types\/post"}],"author":[{"embeddable":true,"href":"https:\/\/www.meydan.tv\/az\/wp-json\/wp\/v2\/users\/11"}],"replies":[{"embeddable":true,"href":"https:\/\/www.meydan.tv\/az\/wp-json\/wp\/v2\/comments?post=199208"}],"version-history":[{"count":0,"href":"https:\/\/www.meydan.tv\/az\/wp-json\/wp\/v2\/posts\/199208\/revisions"}],"wp:featuredmedia":[{"embeddable":true,"href":"https:\/\/www.meydan.tv\/az\/wp-json\/wp\/v2\/media\/137253"}],"wp:attachment":[{"href":"https:\/\/www.meydan.tv\/az\/wp-json\/wp\/v2\/media?parent=199208"}],"wp:term":[{"taxonomy":"category","embeddable":true,"href":"https:\/\/www.meydan.tv\/az\/wp-json\/wp\/v2\/categories?post=199208"},{"taxonomy":"post_tag","embeddable":true,"href":"https:\/\/www.meydan.tv\/az\/wp-json\/wp\/v2\/tags?post=199208"}],"curies":[{"name":"wp","href":"https:\/\/api.w.org\/{rel}","templated":true}]}}