{"id":199196,"date":"2020-02-10T16:20:11","date_gmt":"2020-02-10T16:20:11","guid":{"rendered":"https:\/\/www.meydan.tv\/article\/abs-sefirliyi-atet-reyini-bolusur\/"},"modified":"2020-02-10T16:20:11","modified_gmt":"2020-02-10T16:20:11","slug":"abs-sefirliyi-atet-reyini-bolusur","status":"publish","type":"post","link":"https:\/\/www.meydan.tv\/az\/article\/abs-sefirliyi-atet-reyini-bolusur\/","title":{"rendered":"AB\u015e s\u0259firliyi AT\u018fT-in r\u0259yini b\u00f6l\u00fc\u015f\u00fcr"},"content":{"rendered":"<p>\n  <i><br \/>\n    \u201cBu se\u00e7kil\u0259r m\u0259tbuat v\u0259 s\u0259rb\u0259st topla\u015fmaq azadl\u0131qlar\u0131n\u0131n m\u0259hdudla\u015fd\u0131r\u0131lmas\u0131 il\u0259 \u0259lam\u0259tdar oldu\u201d<br \/>\n  <\/i>\n<\/p>\n<p>\n  Amerikan\u0131n Az\u0259rbaycandak\u0131 S\u0259firliyi 9 fevral parlament se\u00e7kil\u0259ri haqq\u0131nda b\u0259yanat yay\u0131b. S\u0259n\u0259dd\u0259 deyilir ki, Amerika Birl\u0259\u015fmi\u015f \u015etatlar\u0131 AT\u018fT DT\u0130HB-nin monitorinq missiyas\u0131n\u0131n 9 fevral se\u00e7kil\u0259rinin h\u0259qiqi r\u0259qab\u0259tin qar\u015f\u0131s\u0131n\u0131 alan m\u0259hdudla\u015fd\u0131r\u0131c\u0131 qanunverici v\u0259 siyasi m\u00fchitd\u0259 ke\u00e7diyin\u0259 dair m\u00fc\u015fahid\u0259 v\u0259 narahatl\u0131qlar\u0131n\u0131 b\u00f6l\u00fc\u015f\u00fcr.\n<\/p>\n<p>\n  \u201cBu se\u00e7kil\u0259r m\u0259tbuat v\u0259 s\u0259rb\u0259st topla\u015fmaq azadl\u0131qlar\u0131n\u0131n m\u0259hdudla\u015fd\u0131r\u0131lmas\u0131 il\u0259 \u0259lam\u0259tdar oldu. Se\u00e7ki g\u00fcn\u00fc DT\u0130HB-nin m\u00fc\u015fahid\u0259 etdiyi ciddi prosedur pozuntular\u0131, o c\u00fcml\u0259d\u0259n s\u0259s qutular\u0131n\u0131n toplu b\u00fclletenl\u0259rl\u0259 doldurulmas\u0131, qrup \u015f\u0259klind\u0259 s\u0259sverm\u0259, tutu\u015fdurma prosedurlar\u0131na m\u0259h\u0259l qoyulmamas\u0131 v\u0259 s\u0259sl\u0259rin say\u0131lmas\u0131 zaman\u0131 \u015f\u0259ffafl\u0131\u011f\u0131n m\u0259hdudla\u015fd\u0131r\u0131lmas\u0131 bizi m\u0259yus etdi\u201d, &#8211; b\u0259yanatda deyilir.\n<\/p>\n<p>\n  S\u0259n\u0259d m\u00fc\u0259llifl\u0259ri hesab edir ki, Az\u0259rbaycan se\u00e7ki prosesind\u0259ki pozuntular\u0131 tez bir zamanda ara\u015fd\u0131raca\u011f\u0131na s\u00f6z verib:\n<\/p>\n<p>\n  \u201cDT\u0130HB-nin hesabat\u0131ndan m\u0259lum olur ki, \u00e7ox sayda qayda pozuntular\u0131 ba\u015f verib. Bunlar\u0131 ara\u015fd\u0131rmaq v\u0259 AT\u018fT DT\u0130HB-nin ke\u00e7mi\u015f v\u0259 g\u0259l\u0259c\u0259k t\u00f6vsiy\u0259l\u0259rini h\u0259yata ke\u00e7irm\u0259k Az\u0259rbaycan \u00fc\u00e7\u00fcn AT\u018fT-in \u00fczv olk\u0259si kimi olaraq \u00f6z \u00fcz\u0259rin\u0259 g\u00f6t\u00fcrd\u00fcy\u00fc, daha da vacibi is\u0259, Az\u0259rbaycan xalq\u0131 qar\u015f\u0131s\u0131nda g\u00f6t\u00fcrd\u00fcy\u00fc \u00f6hd\u0259likl\u0259ri yerin\u0259 yetirm\u0259si m\u0259qs\u0259dil\u0259 vacib olacaqd\u0131r.\n<\/p>\n<p>\n  Biz g\u00fccl\u00fc, sabit, demokratik v\u0259 firavan g\u0259l\u0259c\u0259yi t\u0259min etm\u0259k \u00fc\u00e7\u00fcn g\u00f6st\u0259rdikl\u0259ri s\u0259yl\u0259rd\u0259 Az\u0259rbaycan h\u00f6kum\u0259ti v\u0259 insanlar\u0131yla i\u015fl\u0259m\u0259y\u0259 sadiq qal\u0131r\u0131q\u201d.<\/p>\n","protected":false},"excerpt":{"rendered":"<p>\u201cBu se\u00e7kil\u0259r m\u0259tbuat v\u0259 s\u0259rb\u0259st topla\u015fmaq azadl\u0131qlar\u0131n\u0131n m\u0259hdudla\u015fd\u0131r\u0131lmas\u0131 il\u0259 \u0259lam\u0259tdar oldu\u201d<\/p>\n","protected":false},"author":11,"featured_media":131900,"comment_status":"closed","ping_status":"open","sticky":false,"template":"","format":"standard","meta":{"_acf_changed":false,"_sitemap_exclude":false,"_sitemap_priority":"","_sitemap_frequency":"","footnotes":""},"categories":[56],"tags":[],"class_list":["post-199196","post","type-post","status-publish","format-standard","has-post-thumbnail","hentry","category-xeberler","infinite-scroll-item","generate-columns","tablet-grid-50","mobile-grid-100","grid-parent","grid-33","no-featured-image-padding"],"acf":[],"yoast_head":"<!-- This site is optimized with the Yoast SEO plugin v28.4 - https:\/\/yoast.com\/product\/yoast-seo-wordpress\/ -->\n<title>AB\u015e s\u0259firliyi AT\u018fT-in r\u0259yini b\u00f6l\u00fc\u015f\u00fcr - MEYDAN.TV<\/title>\n<meta name=\"robots\" content=\"index, follow, max-snippet:-1, max-image-preview:large, max-video-preview:-1\" \/>\n<link rel=\"canonical\" href=\"https:\/\/www.meydan.tv\/az\/article\/abs-sefirliyi-atet-reyini-bolusur\/\" \/>\n<meta property=\"og:locale\" content=\"az_AZ\" \/>\n<meta property=\"og:type\" content=\"article\" \/>\n<meta property=\"og:title\" content=\"AB\u015e s\u0259firliyi AT\u018fT-in r\u0259yini b\u00f6l\u00fc\u015f\u00fcr - MEYDAN.TV\" \/>\n<meta property=\"og:description\" content=\"\u201cBu se\u00e7kil\u0259r m\u0259tbuat v\u0259 s\u0259rb\u0259st topla\u015fmaq azadl\u0131qlar\u0131n\u0131n m\u0259hdudla\u015fd\u0131r\u0131lmas\u0131 il\u0259 \u0259lam\u0259tdar oldu\u201d\" \/>\n<meta property=\"og:url\" content=\"https:\/\/www.meydan.tv\/az\/article\/abs-sefirliyi-atet-reyini-bolusur\/\" \/>\n<meta property=\"og:site_name\" content=\"MEYDAN.TV\" \/>\n<meta property=\"article:published_time\" content=\"2020-02-10T16:20:11+00:00\" \/>\n<meta property=\"og:image\" content=\"https:\/\/www.meydan.tv\/wp-content\/uploads\/8f41ff4b-73eb-4bf4-9dba-2bb38c5fb4eb_w1200_r1_s.jpg\" \/>\n\t<meta property=\"og:image:width\" content=\"1200\" \/>\n\t<meta property=\"og:image:height\" content=\"675\" \/>\n\t<meta property=\"og:image:type\" content=\"image\/jpeg\" \/>\n<meta name=\"twitter:card\" content=\"summary_large_image\" \/>\n<!-- \/ Yoast SEO plugin. -->","yoast_head_json":{"title":"AB\u015e s\u0259firliyi AT\u018fT-in r\u0259yini b\u00f6l\u00fc\u015f\u00fcr - MEYDAN.TV","robots":{"index":"index","follow":"follow","max-snippet":"max-snippet:-1","max-image-preview":"max-image-preview:large","max-video-preview":"max-video-preview:-1"},"canonical":"https:\/\/www.meydan.tv\/az\/article\/abs-sefirliyi-atet-reyini-bolusur\/","og_locale":"az_AZ","og_type":"article","og_title":"AB\u015e s\u0259firliyi AT\u018fT-in r\u0259yini b\u00f6l\u00fc\u015f\u00fcr - MEYDAN.TV","og_description":"\u201cBu se\u00e7kil\u0259r m\u0259tbuat v\u0259 s\u0259rb\u0259st topla\u015fmaq azadl\u0131qlar\u0131n\u0131n m\u0259hdudla\u015fd\u0131r\u0131lmas\u0131 il\u0259 \u0259lam\u0259tdar oldu\u201d","og_url":"https:\/\/www.meydan.tv\/az\/article\/abs-sefirliyi-atet-reyini-bolusur\/","og_site_name":"MEYDAN.TV","article_published_time":"2020-02-10T16:20:11+00:00","og_image":[{"width":1200,"height":675,"url":"https:\/\/www.meydan.tv\/wp-content\/uploads\/8f41ff4b-73eb-4bf4-9dba-2bb38c5fb4eb_w1200_r1_s.jpg","type":"image\/jpeg"}],"twitter_card":"summary_large_image","schema":{"@context":"https:\/\/schema.org","@graph":[{"@type":"Article","@id":"https:\/\/www.meydan.tv\/az\/article\/abs-sefirliyi-atet-reyini-bolusur\/#article","isPartOf":{"@id":"https:\/\/www.meydan.tv\/az\/article\/abs-sefirliyi-atet-reyini-bolusur\/"},"author":{"name":"user-manager","@id":"https:\/\/www.meydan.tv\/az\/#\/schema\/person\/10d11eccf6da3662cf5fdab9806ea91a"},"headline":"AB\u015e s\u0259firliyi AT\u018fT-in r\u0259yini b\u00f6l\u00fc\u015f\u00fcr","datePublished":"2020-02-10T16:20:11+00:00","mainEntityOfPage":{"@id":"https:\/\/www.meydan.tv\/az\/article\/abs-sefirliyi-atet-reyini-bolusur\/"},"wordCount":337,"publisher":{"@id":"https:\/\/www.meydan.tv\/az\/#organization"},"image":{"@id":"https:\/\/www.meydan.tv\/az\/article\/abs-sefirliyi-atet-reyini-bolusur\/#primaryimage"},"thumbnailUrl":"https:\/\/www.meydan.tv\/wp-content\/uploads\/8f41ff4b-73eb-4bf4-9dba-2bb38c5fb4eb_w1200_r1_s.jpg","articleSection":["X\u0259b\u0259rl\u0259r"],"inLanguage":"az"},{"@type":"WebPage","@id":"https:\/\/www.meydan.tv\/az\/article\/abs-sefirliyi-atet-reyini-bolusur\/","url":"https:\/\/www.meydan.tv\/az\/article\/abs-sefirliyi-atet-reyini-bolusur\/","name":"AB\u015e s\u0259firliyi AT\u018fT-in r\u0259yini b\u00f6l\u00fc\u015f\u00fcr - MEYDAN.TV","isPartOf":{"@id":"https:\/\/www.meydan.tv\/az\/#website"},"primaryImageOfPage":{"@id":"https:\/\/www.meydan.tv\/az\/article\/abs-sefirliyi-atet-reyini-bolusur\/#primaryimage"},"image":{"@id":"https:\/\/www.meydan.tv\/az\/article\/abs-sefirliyi-atet-reyini-bolusur\/#primaryimage"},"thumbnailUrl":"https:\/\/www.meydan.tv\/wp-content\/uploads\/8f41ff4b-73eb-4bf4-9dba-2bb38c5fb4eb_w1200_r1_s.jpg","datePublished":"2020-02-10T16:20:11+00:00","breadcrumb":{"@id":"https:\/\/www.meydan.tv\/az\/article\/abs-sefirliyi-atet-reyini-bolusur\/#breadcrumb"},"inLanguage":"az","potentialAction":[{"@type":"ReadAction","target":["https:\/\/www.meydan.tv\/az\/article\/abs-sefirliyi-atet-reyini-bolusur\/"]}]},{"@type":"ImageObject","inLanguage":"az","@id":"https:\/\/www.meydan.tv\/az\/article\/abs-sefirliyi-atet-reyini-bolusur\/#primaryimage","url":"https:\/\/www.meydan.tv\/wp-content\/uploads\/8f41ff4b-73eb-4bf4-9dba-2bb38c5fb4eb_w1200_r1_s.jpg","contentUrl":"https:\/\/www.meydan.tv\/wp-content\/uploads\/8f41ff4b-73eb-4bf4-9dba-2bb38c5fb4eb_w1200_r1_s.jpg","width":1200,"height":675,"caption":"Foto: Meydan TV"},{"@type":"BreadcrumbList","@id":"https:\/\/www.meydan.tv\/az\/article\/abs-sefirliyi-atet-reyini-bolusur\/#breadcrumb","itemListElement":[{"@type":"ListItem","position":1,"name":"Ana s\u0259hif\u0259","item":"https:\/\/www.meydan.tv\/az\/"},{"@type":"ListItem","position":2,"name":"X\u0259b\u0259rl\u0259r","item":"https:\/\/www.meydan.tv\/az\/section\/xeberler\/"},{"@type":"ListItem","position":3,"name":"AB\u015e s\u0259firliyi AT\u018fT-in r\u0259yini b\u00f6l\u00fc\u015f\u00fcr"}]},{"@type":"WebSite","@id":"https:\/\/www.meydan.tv\/az\/#website","url":"https:\/\/www.meydan.tv\/az\/","name":"MEYDAN.TV","description":"Meydan TV Az\u0259rbaycan\u0131n media m\u0259kan\u0131ndak\u0131 alternativ s\u0259sidir","publisher":{"@id":"https:\/\/www.meydan.tv\/az\/#organization"},"potentialAction":[{"@type":"SearchAction","target":{"@type":"EntryPoint","urlTemplate":"https:\/\/www.meydan.tv\/az\/?s={search_term_string}"},"query-input":{"@type":"PropertyValueSpecification","valueRequired":true,"valueName":"search_term_string"}}],"inLanguage":"az"},{"@type":"Organization","@id":"https:\/\/www.meydan.tv\/az\/#organization","name":"Meydan TV","url":"https:\/\/www.meydan.tv\/az\/","logo":{"@type":"ImageObject","inLanguage":"az","@id":"https:\/\/www.meydan.tv\/az\/#\/schema\/logo\/image\/","url":"https:\/\/www.meydan.tv\/wp-content\/uploads\/2021\/07\/meydan-logo.svg","contentUrl":"https:\/\/www.meydan.tv\/wp-content\/uploads\/2021\/07\/meydan-logo.svg","width":195,"height":46,"caption":"Meydan TV"},"image":{"@id":"https:\/\/www.meydan.tv\/az\/#\/schema\/logo\/image\/"}},{"@type":"Person","@id":"https:\/\/www.meydan.tv\/az\/#\/schema\/person\/10d11eccf6da3662cf5fdab9806ea91a","name":"user-manager"}]}},"_links":{"self":[{"href":"https:\/\/www.meydan.tv\/az\/wp-json\/wp\/v2\/posts\/199196","targetHints":{"allow":["GET"]}}],"collection":[{"href":"https:\/\/www.meydan.tv\/az\/wp-json\/wp\/v2\/posts"}],"about":[{"href":"https:\/\/www.meydan.tv\/az\/wp-json\/wp\/v2\/types\/post"}],"author":[{"embeddable":true,"href":"https:\/\/www.meydan.tv\/az\/wp-json\/wp\/v2\/users\/11"}],"replies":[{"embeddable":true,"href":"https:\/\/www.meydan.tv\/az\/wp-json\/wp\/v2\/comments?post=199196"}],"version-history":[{"count":0,"href":"https:\/\/www.meydan.tv\/az\/wp-json\/wp\/v2\/posts\/199196\/revisions"}],"wp:featuredmedia":[{"embeddable":true,"href":"https:\/\/www.meydan.tv\/az\/wp-json\/wp\/v2\/media\/131900"}],"wp:attachment":[{"href":"https:\/\/www.meydan.tv\/az\/wp-json\/wp\/v2\/media?parent=199196"}],"wp:term":[{"taxonomy":"category","embeddable":true,"href":"https:\/\/www.meydan.tv\/az\/wp-json\/wp\/v2\/categories?post=199196"},{"taxonomy":"post_tag","embeddable":true,"href":"https:\/\/www.meydan.tv\/az\/wp-json\/wp\/v2\/tags?post=199196"}],"curies":[{"name":"wp","href":"https:\/\/api.w.org\/{rel}","templated":true}]}}