{"id":199187,"date":"2020-02-10T11:02:36","date_gmt":"2020-02-10T11:02:36","guid":{"rendered":"https:\/\/www.meydan.tv\/article\/zelzeleden-zerercekenler-yalniz-icra-numayendesi-ile-qohumlarinin-evini-temir-etdiler\/"},"modified":"2020-02-10T11:02:36","modified_gmt":"2020-02-10T11:02:36","slug":"zelzeleden-zerercekenler-yalniz-icra-numayendesi-ile-qohumlarinin-evini-temir-etdiler","status":"publish","type":"post","link":"https:\/\/www.meydan.tv\/az\/article\/zelzeleden-zerercekenler-yalniz-icra-numayendesi-ile-qohumlarinin-evini-temir-etdiler\/","title":{"rendered":"Z\u0259lz\u0259l\u0259d\u0259n z\u0259r\u0259r\u00e7\u0259k\u0259nl\u0259r: Yaln\u0131z icra n\u00fcmay\u0259nd\u0259si il\u0259 qohumlar\u0131n\u0131n evini t\u0259mir etdil\u0259r"},"content":{"rendered":"<p>\n  <i><br \/>\n    Kalva k\u0259nd sakinl\u0259ri Prezident\u0259 m\u00fcraci\u0259t etdi<br \/>\n  <\/i>\n<\/p>\n<p>\n  A\u011fsunun Kalva k\u0259ndind\u0259 sakinl\u0259rin problemi var. Onlar 2018-ci ild\u0259 ba\u015f vermi\u015f z\u0259lz\u0259l\u0259nin evl\u0259rin\u0259 ciddi ziyan vurdu\u011funu s\u00f6yl\u0259yirl\u0259r.\n<\/p>\n<p>\n  Meydan TV-y\u0259 dan\u0131\u015fan sakinl\u0259r q\u0259zal\u0131 durumda olan evl\u0259rind\u0259 ya\u015fama\u011f\u0131n \u00e7\u0259tinliyind\u0259n gileyl\u0259nibl\u0259r.\n<\/p>\n<p>\n  \u201c\u00d6mr\u00fcm\u00fcz boyu bu k\u0259ndd\u0259 ya\u015fam\u0131\u015f\u0131q. Ba\u015fqa bir yer\u0259 k\u00f6\u00e7m\u0259k niyy\u0259timiz yoxdur. Evl\u0259rimiz d\u0259 ki, bildiyiniz k\u0259nd evl\u0259ridir. H\u0259mi\u015f\u0259 deyirdik ki, bir z\u0259lz\u0259l\u0259y\u0259 bax\u0131r. Z\u0259lz\u0259l\u0259 olsa, ba\u015f\u0131m\u0131za u\u00e7acaq. El\u0259 d\u0259 oldu. 2018-ci ild\u0259 k\u0259ndimizd\u0259 g\u00fccl\u00fc z\u0259lz\u0259l\u0259 ba\u015f verdi. Evimiz q\u0259zal\u0131 v\u0259ziyy\u0259t\u0259 d\u00fc\u015fd\u00fc\u201d \u2013 deyir, sakinl\u0259rd\u0259n G\u00fcls\u0259n\u0259m Hac\u0131yeva.\n<\/p>\n<p>\n  Onun evi 1946-c\u0131 ild\u0259 tikilib. Sementsiz, torpaq v\u0259 taxtadan istifad\u0259 edilib tikintisind\u0259. Sonradan da ba\u015fqa ev tikm\u0259y\u0259 v\u0259 yaxud evl\u0259rini t\u0259mir etm\u0259y\u0259 imkanlar\u0131 olmay\u0131b. G\u00fcls\u0259n\u0259m Hac\u0131yeva deyir ki, ail\u0259l\u0259ri azt\u0259minatl\u0131d\u0131r. Ev almaq, tikm\u0259k, t\u0259mir etm\u0259k kimi imkanlar\u0131 yoxdur:\n<\/p>\n<p>\n  \u201cBax\u0131n, divarlar\u0131nda iri \u00e7atlar \u0259m\u0259l\u0259 g\u0259lib. D\u00f6\u015f\u0259m\u0259 tamamil\u0259 s\u0131radan \u00e7\u0131x\u0131b, iki yer\u0259 b\u00f6l\u00fcn\u00fcb. B\u00fcn\u00f6vr\u0259sinin da\u015flar\u0131 is\u0259 u\u00e7ub, binan\u0131n alt\u0131na t\u00f6k\u00fcl\u00fcb. Bir s\u00f6zl\u0259, evimiz yarars\u0131z, ya\u015fanmaz durumdad\u0131r\u201d.\n<\/p>\n<p>\n  G\u00fcls\u0259n\u0259m Hac\u0131yeva deyir ki, d\u0259f\u0259l\u0259rl\u0259 probleml\u0259ri il\u0259 ba\u011fl\u0131 aidiyyat\u0131 qurumlara m\u00fcraci\u0259t edibl\u0259r. Maraqlanan, g\u0259lib baxan olmay\u0131b. Onlara k\u00f6m\u0259k etm\u0259yibl\u0259r.\n<\/p>\n<p>\n  Z\u0259lz\u0259l\u0259d\u0259 evi q\u0259zal\u0131 duruma d\u00fc\u015fm\u00fc\u015f daha bir k\u0259nd sakini is\u0259 As\u0259f Hac\u0131yevdir. Deyir, evinin zirz\u0259misind\u0259 evi ayaqda tutan b\u00fcn\u00f6vr\u0259 da\u015flar\u0131 u\u00e7ub. Evinin i\u00e7ind\u0259 g\u0259z\u0259nd\u0259 d\u00f6\u015f\u0259m\u0259 t\u0259rp\u0259nir, divarlar \u00e7atlay\u0131b.\n<\/p>\n<p>\n  \u201cEl\u0259 bilin ki, ev havada qal\u0131b, bunun ba\u015fqa bir ad\u0131 yoxdur. Divarlar\u0131n d\u00f6rd bir yan\u0131 \u00e7atlay\u0131b. Ya\u015fanmaz durumdad\u0131r. Q\u0131\u015fd\u0131r, evi q\u0131zd\u0131rmaq da olmur. H\u0259r yeri \u00e7atd\u0131r, soyuq hava girir. D\u0259rd bir-iki deyil ki&#8230;\u201d.\n<\/p>\n<figure class=\"wp-block-image size-large\">\n  <img decoding=\"async\" src=\"https:\/\/www.meydan.tv\/az\/image_from_ios-5-jpg-82\/\" alt=\"image_from_ios (5).jpg\" class=\"wp-image-137184\"\/><figcaption>\n    As\u0259f Hac\u0131yevin evinin zirz\u0259misi, da\u015flar u\u00e7ub<br \/>\n  <\/figcaption><\/figure>\n<p>\n  As\u0259f Hac\u0131yev deyir ki, yenid\u0259n z\u0259lz\u0259l\u0259 olsa, evl\u0259ri ba\u015flar\u0131na u\u00e7acaq:\n<\/p>\n<p>\n  \u201cH\u0259tta g\u00fccl\u00fc z\u0259lz\u0259l\u0259y\u0259 d\u0259 ehtiyac yoxdur. El\u0259 y\u00fcng\u00fclvari bir t\u0259kan b\u0259s ed\u0259c\u0259k evin darmada\u011f\u0131n olmas\u0131na. D\u00f6vl\u0259t z\u0259lz\u0259l\u0259d\u0259, da\u015fq\u0131nda, seld\u0259, bir s\u00f6zl\u0259, t\u0259bii f\u0259lak\u0259td\u0259 z\u0259r\u0259r g\u00f6rm\u00fc\u015f evl\u0259r\u0259 daim k\u00f6m\u0259k edir. Bir bizim k\u0259nd\u0259 baxan yoxdur dey\u0259s\u0259n\u201d.\n<\/p>\n<p>\n  \u015eikay\u0259t\u00e7il\u0259rd\u0259n G\u00fclur\u0259 A\u011faliyevan\u0131n da evi q\u0259zal\u0131 duruma d\u00fc\u015f\u00fcb. Deyir, evinin divarlar\u0131, p\u0259nc\u0259r\u0259 v\u0259 giri\u015f qap\u0131s\u0131 istiqam\u0259tind\u0259 \u00e7atlar \u0259m\u0259l\u0259 g\u0259lib. D\u00f6\u015f\u0259m\u0259 s\u0131n\u0131b, s\u00f6k\u00fcl\u00fcb:\n<\/p>\n<p>\n  \u201cAya\u011f\u0131m\u0131z\u0131 bas\u0131r\u0131q i\u00e7in\u0259 girir. B\u00fcn\u00f6vr\u0259si z\u0259d\u0259l\u0259nib. Evl\u0259rimiz q\u0259zal\u0131d\u0131r. Ba\u015fqa ad\u0131 yoxdur. \u0130nan\u0131n, u\u015faqlarla birlikd\u0259 qorxa-qorxa ya\u015fay\u0131r\u0131q. D\u0259f\u0259l\u0259rl\u0259 k\u0259nd v\u0259 rayon r\u0259hb\u0259rliyin\u0259 problemimizl\u0259 ba\u011fl\u0131 m\u00fcraci\u0259tl\u0259r etmi\u015fik. Art\u0131q bir ild\u0259n \u00e7ox vaxt ke\u00e7ib. G\u0259lib maraqlanan olmay\u0131b. Bir s\u00f6z bilirl\u0259r: \u201csiyah\u0131da ad\u0131n\u0131z var. T\u0259mir olunacaq. Lakin he\u00e7 kim g\u0259lmir, maraqlanm\u0131r\u201d.\n<\/p>\n<p>\n  Sakinl\u0259r deyirl\u0259r ki, onlar\u0131n evl\u0259ri il\u0259 maraqlanan yoxdur. Ancaq Kalva k\u0259ndinin icra n\u00fcmay\u0259nd\u0259si Cavid Q\u0259dirov v\u0259 onun m\u00fcavini V\u00fcqar \u018ff\u0259ndiyev icra hakimiyy\u0259ti il\u0259 \u0259lbir olub, \u00f6zl\u0259rin\u0259 yax\u0131n k\u0259nd sakinl\u0259rinin q\u0259zal\u0131 olmayan evl\u0259rini t\u0259mir etdiribl\u0259r.\n<\/p>\n<p>\n  \u201cYerli m\u0259murlar yaln\u0131z \u00f6zl\u0259rin\u0259 v\u0259 qohum-\u0259qr\u0259balar\u0131na aid evl\u0259ri t\u0259mir etdiribl\u0259r. Hesab edirik ki, yerli d\u00f6vl\u0259t m\u0259murlar\u0131n\u0131n bu h\u0259r\u0259k\u0259ti iqtisadi \u0259xlaqs\u0131zl\u0131\u011f\u0131n son h\u0259ddidir. Q\u0259zal\u0131 v\u0259ziyy\u0259t\u0259 d\u00fc\u015f\u0259n kas\u0131b sakinl\u0259rin evl\u0259rinin b\u0259rpas\u0131 \u00fc\u00e7\u00fcn d\u00f6vl\u0259timiz t\u0259r\u0259find\u0259n ayr\u0131lan k\u00fclli miqdarda v\u0259sait k\u0259nd icra n\u00fcmay\u0259nd\u0259si Cavid Q\u0259dirov v\u0259 onun qohum-\u0259qr\u0259balar\u0131na s\u0259rf edilib\u201d.\n<\/p>\n<p>\n  G\u00fclur\u0259 A\u011faliyeva deyir ki, n\u0259tic\u0259d\u0259 yerli m\u0259murlar\u0131n \u00f6zba\u015fnal\u0131\u011f\u0131 sad\u0259 insanlar\u0131 d\u00f6vl\u0259td\u0259n naraz\u0131 sal\u0131b:\n<\/p>\n<p>\n  \u201cBiz d\u0259 q\u0259rara g\u0259lmi\u015fik, evi q\u0259zal\u0131 olan sakinl\u0259r Prezident\u0259 m\u00fcraci\u0259t ed\u0259k. El\u0259 media vasit\u0259sil\u0259 Prezident \u0130lham \u018fliyev\u0259 dem\u0259k ist\u0259yirik ki, biz\u0259 k\u00f6m\u0259k etsin. C\u0259nab Prezident, biz\u0259 k\u00f6m\u0259k edin. Ya\u015famaq \u00fc\u00e7\u00fcn yarars\u0131z olan evl\u0259rimiz\u0259 F\u00f6vq\u0259lad\u0259 Hallar Nazirliyinin komissiyas\u0131 bax\u0131\u015f ke\u00e7irib, onlar\u0131n t\u0259mir edilm\u0259sin\u0259 v\u0259sait ayr\u0131lmas\u0131 \u00fc\u00e7\u00fcn g\u00f6st\u0259ri\u015f verin\u201d.\n<\/p>\n<figure class=\"wp-block-image size-large\">\n  <img decoding=\"async\" src=\"https:\/\/www.meydan.tv\/az\/image_from_ios_10_qchk7dc\/\" alt=\"image_from_ios_10_qchk7dc\" class=\"wp-image-137202\"\/><figcaption>\n    \u201cBax\u0131n, divarlar\u0131nda iri \u00e7atlar \u0259m\u0259l\u0259 g\u0259lib&#8221;.<br \/>\n  <\/figcaption><\/figure>\n<p>\n  A\u011fsu Rayon \u0130cra Hakimiyy\u0259tinin \u00fcmumi \u015f\u00f6b\u0259sind\u0259n bildirilib ki, b\u0259li, h\u0259min k\u0259ndd\u0259 z\u0259lz\u0259l\u0259d\u0259n sonra q\u0259zal\u0131 duruma d\u00fc\u015f\u0259n evl\u0259r olub. Onlar\u0131n t\u0259miri \u00fc\u00e7\u00fcn \u0259ll\u0259rind\u0259n g\u0259l\u0259ni edibl\u0259r:\n<\/p>\n<p>\n  \u201cM\u0259nim e\u015fitdiyim\u0259 g\u00f6r\u0259 bir ne\u00e7\u0259si h\u0259tta t\u0259mir d\u0259 edilib. \u018fvv\u0259l\u0259 \u0259n pis v\u0259ziyy\u0259td\u0259 olan evl\u0259ri sal\u0131blar. Qism\u0259n q\u0259zal\u0131 evl\u0259r sona saxlan\u0131b. Y\u0259qin dediyiniz \u015f\u0259xsl\u0259rin evi tamamil\u0259 ya\u015fanmaz v\u0259ziyy\u0259td\u0259 olmay\u0131b. Ancaq q\u0259zal\u0131 ev siyah\u0131s\u0131na daxil edilibs\u0259, m\u00fctl\u0259q t\u0259dbir g\u00f6r\u00fcl\u0259c\u0259k. Narahat olmas\u0131nlar\u201d.\n<\/p>\n<p>\n  \u0130cra n\u00fcmay\u0259nd\u0259sinin ona yax\u0131n adamlara ev t\u0259mir etm\u0259sin\u0259 g\u0259linc\u0259, Cavid Q\u0259dirov deyir ki, yalan m\u0259lumatd\u0131r, \u0259sass\u0131zd\u0131r:\n<\/p>\n<p>\n  \u201cEv\u0259 m\u0259n yox, FHN i\u015f\u00e7il\u0259ri bax\u0131\u015f ke\u00e7irib. Q\u0259zal\u0131 olub- olmamas\u0131 il\u0259 ba\u011fl\u0131 r\u0259yi d\u0259 m\u0259n yox, onlar verib. H\u0259tta komissiya il\u0259 birlikd\u0259 evl\u0259r\u0259 o vaxtk\u0131, m\u0259rhum b\u0259l\u0259diyy\u0259 s\u0259drimiz Namiq Hac\u0131yev d\u0259 gedirdi. Namiq Hac\u0131yev \u015fikay\u0259t ed\u0259nl\u0259rd\u0259n ikisinin qohumudur. Qoyard\u0131m\u0131 ki, onlardan kim\u0259s\u0259 qar\u015f\u0131 haqs\u0131zl\u0131q olsun?\u201d\n<\/p>\n<p>\n  Cavid Q\u0259dirov deyir ki, z\u0259lz\u0259l\u0259d\u0259n sonra Kalva k\u0259ndind\u0259 d\u00fcz 121 ev q\u0259zal\u0131 duruma d\u00fc\u015f\u00fcb:\n<\/p>\n<p>\n  \u201cHam\u0131s\u0131n\u0131n da siyah\u0131s\u0131 F\u00f6vq\u0259lad\u0259 Hallar Nazirliyind\u0259 var v\u0259 s\u0131ra il\u0259 t\u0259mir, b\u0259rpa i\u015fl\u0259ri apar\u0131l\u0131r. He\u00e7 kim o siyah\u0131dan n\u0259s\u0259 \u00e7\u0131xara bilm\u0259z. M\u0259n h\u00f6kum\u0259tin v\u0259t\u0259nda\u015flar \u00fc\u00e7\u00fcn ay\u0131rd\u0131\u011f\u0131 pulu onlar\u0131n \u0259lind\u0259n ala bil\u0259r\u0259mmi? M\u0259n kim\u0259m ki?\u201d\n<\/p>\n<p>\n  Cavid Q\u0259dirov \u0259lav\u0259 edir ki, komissiya evl\u0259r\u0259 bax\u0131\u015f ke\u00e7ir\u0259n zaman \u015fikay\u0259t\u00e7il\u0259rd\u0259n G\u00fclur\u0259 A\u011faliyeva evd\u0259 olmay\u0131b:\n<\/p>\n<p>\n  \u201cO, Bak\u0131da ya\u015fay\u0131r, qap\u0131s\u0131 ba\u011fl\u0131 idi. Evd\u0259 olmayan birinin evin\u0259 bax\u0131\u015f ke\u00e7irm\u0259k olmazd\u0131. G\u00fcls\u0259n\u0259m Hac\u0131yevan\u0131n is\u0259 evin\u0259 bax\u0131\u015f ke\u00e7irilib. \u018fg\u0259r siyah\u0131ya d\u00fc\u015f\u00fcbs\u0259, k\u00f6m\u0259k edil\u0259c\u0259k. M\u0259nim bu prosesin qar\u015f\u0131s\u0131n\u0131 k\u0259s\u0259c\u0259k v\u0259 yaxud ba\u015fqa birinin evini t\u0259mir siyah\u0131s\u0131na salacaq s\u0259lahiyy\u0259tim yoxdur. Bu i\u015fl\u0259ri yarad\u0131lan komissiya edir. M\u0259n bel\u0259 bir k\u00f6m\u0259k ed\u0259 bil\u0259r\u0259m. Haz\u0131rda komissiya hava \u015f\u0259raiti il\u0259 ba\u011fl\u0131 i\u015fini dayand\u0131r\u0131b. Evl\u0259r\u0259 yenid\u0259n bax\u0131\u015f ke\u00e7iril\u0259rs\u0259, xahi\u015f ed\u0259r\u0259m, onlar\u0131n evl\u0259rin\u0259 bir d\u0259 baxarlar\u201d.\n<\/p>\n<figure class=\"wp-block-image size-large\">\n  <img decoding=\"async\" src=\"https:\/\/www.meydan.tv\/az\/image_from_ios-6-jpg-69\/\" alt=\"image_from_ios (6).jpg\" class=\"wp-image-137190\"\/><figcaption>\n    Cavid Q\u0259dirov deyir ki, z\u0259lz\u0259l\u0259d\u0259n sonra Kalva k\u0259ndind\u0259 d\u00fcz 121 ev q\u0259zal\u0131 duruma d\u00fc\u015f\u00fcb<br \/>\n  <\/figcaption><\/figure>\n<figure class=\"wp-block-image size-large\">\n  <img decoding=\"async\" src=\"https:\/\/www.meydan.tv\/az\/image_from_ios-9-jpg-27\/\" alt=\"image_from_ios (9).jpg\" class=\"wp-image-137199\"\/><figcaption>\n    &#8220;Divarlar\u0131n d\u00f6rd bir yan\u0131 \u00e7atlay\u0131b&#8221;<br \/>\n  <\/figcaption><\/figure>\n","protected":false},"excerpt":{"rendered":"<p>&#8220;Sementsiz, torpaq v\u0259 taxtadan istifad\u0259 edilib tikintisind\u0259&#8221;<\/p>\n","protected":false},"author":11,"featured_media":137187,"comment_status":"closed","ping_status":"open","sticky":false,"template":"","format":"standard","meta":{"_acf_changed":false,"_sitemap_exclude":false,"_sitemap_priority":"","_sitemap_frequency":"","footnotes":""},"categories":[60],"tags":[],"class_list":["post-199187","post","type-post","status-publish","format-standard","has-post-thumbnail","hentry","category-bolge","infinite-scroll-item","generate-columns","tablet-grid-50","mobile-grid-100","grid-parent","grid-33","no-featured-image-padding"],"acf":[],"yoast_head":"<!-- This site is optimized with the Yoast SEO plugin v27.5 - https:\/\/yoast.com\/product\/yoast-seo-wordpress\/ -->\n<title>Z\u0259lz\u0259l\u0259d\u0259n z\u0259r\u0259r\u00e7\u0259k\u0259nl\u0259r: Yaln\u0131z icra n\u00fcmay\u0259nd\u0259si il\u0259 qohumlar\u0131n\u0131n evini t\u0259mir etdil\u0259r - MEYDAN.TV<\/title>\n<meta name=\"robots\" content=\"index, follow, max-snippet:-1, max-image-preview:large, max-video-preview:-1\" \/>\n<link rel=\"canonical\" href=\"https:\/\/www.meydan.tv\/az\/article\/zelzeleden-zerercekenler-yalniz-icra-numayendesi-ile-qohumlarinin-evini-temir-etdiler\/\" \/>\n<meta property=\"og:locale\" content=\"az_AZ\" \/>\n<meta property=\"og:type\" content=\"article\" \/>\n<meta property=\"og:title\" content=\"Z\u0259lz\u0259l\u0259d\u0259n z\u0259r\u0259r\u00e7\u0259k\u0259nl\u0259r: Yaln\u0131z icra n\u00fcmay\u0259nd\u0259si il\u0259 qohumlar\u0131n\u0131n evini t\u0259mir etdil\u0259r - MEYDAN.TV\" \/>\n<meta property=\"og:description\" content=\"&quot;Sementsiz, torpaq v\u0259 taxtadan istifad\u0259 edilib tikintisind\u0259&quot;\" \/>\n<meta property=\"og:url\" content=\"https:\/\/www.meydan.tv\/az\/article\/zelzeleden-zerercekenler-yalniz-icra-numayendesi-ile-qohumlarinin-evini-temir-etdiler\/\" \/>\n<meta property=\"og:site_name\" content=\"MEYDAN.TV\" \/>\n<meta property=\"article:published_time\" content=\"2020-02-10T11:02:36+00:00\" \/>\n<meta property=\"og:image\" content=\"https:\/\/www.meydan.tv\/wp-content\/uploads\/image_from_ios_7_8ur3wwa.jpg\" \/>\n\t<meta property=\"og:image:width\" content=\"1280\" \/>\n\t<meta property=\"og:image:height\" content=\"720\" \/>\n\t<meta property=\"og:image:type\" content=\"image\/jpeg\" \/>\n<meta name=\"author\" content=\"user-manager\" \/>\n<meta name=\"twitter:card\" content=\"summary_large_image\" \/>\n<script type=\"application\/ld+json\" class=\"yoast-schema-graph\">{\"@context\":\"https:\\\/\\\/schema.org\",\"@graph\":[{\"@type\":\"Article\",\"@id\":\"https:\\\/\\\/www.meydan.tv\\\/az\\\/article\\\/zelzeleden-zerercekenler-yalniz-icra-numayendesi-ile-qohumlarinin-evini-temir-etdiler\\\/#article\",\"isPartOf\":{\"@id\":\"https:\\\/\\\/www.meydan.tv\\\/az\\\/article\\\/zelzeleden-zerercekenler-yalniz-icra-numayendesi-ile-qohumlarinin-evini-temir-etdiler\\\/\"},\"author\":{\"name\":\"user-manager\",\"@id\":\"https:\\\/\\\/www.meydan.tv\\\/az\\\/#\\\/schema\\\/person\\\/10d11eccf6da3662cf5fdab9806ea91a\"},\"headline\":\"Z\u0259lz\u0259l\u0259d\u0259n z\u0259r\u0259r\u00e7\u0259k\u0259nl\u0259r: Yaln\u0131z icra n\u00fcmay\u0259nd\u0259si il\u0259 qohumlar\u0131n\u0131n evini t\u0259mir etdil\u0259r\",\"datePublished\":\"2020-02-10T11:02:36+00:00\",\"mainEntityOfPage\":{\"@id\":\"https:\\\/\\\/www.meydan.tv\\\/az\\\/article\\\/zelzeleden-zerercekenler-yalniz-icra-numayendesi-ile-qohumlarinin-evini-temir-etdiler\\\/\"},\"wordCount\":1370,\"publisher\":{\"@id\":\"https:\\\/\\\/www.meydan.tv\\\/az\\\/#organization\"},\"image\":{\"@id\":\"https:\\\/\\\/www.meydan.tv\\\/az\\\/article\\\/zelzeleden-zerercekenler-yalniz-icra-numayendesi-ile-qohumlarinin-evini-temir-etdiler\\\/#primaryimage\"},\"thumbnailUrl\":\"https:\\\/\\\/www.meydan.tv\\\/wp-content\\\/uploads\\\/image_from_ios_7_8ur3wwa.jpg\",\"articleSection\":[\"B\u00f6lg\u0259\"],\"inLanguage\":\"az\"},{\"@type\":\"WebPage\",\"@id\":\"https:\\\/\\\/www.meydan.tv\\\/az\\\/article\\\/zelzeleden-zerercekenler-yalniz-icra-numayendesi-ile-qohumlarinin-evini-temir-etdiler\\\/\",\"url\":\"https:\\\/\\\/www.meydan.tv\\\/az\\\/article\\\/zelzeleden-zerercekenler-yalniz-icra-numayendesi-ile-qohumlarinin-evini-temir-etdiler\\\/\",\"name\":\"Z\u0259lz\u0259l\u0259d\u0259n z\u0259r\u0259r\u00e7\u0259k\u0259nl\u0259r: Yaln\u0131z icra n\u00fcmay\u0259nd\u0259si il\u0259 qohumlar\u0131n\u0131n evini t\u0259mir etdil\u0259r - MEYDAN.TV\",\"isPartOf\":{\"@id\":\"https:\\\/\\\/www.meydan.tv\\\/az\\\/#website\"},\"primaryImageOfPage\":{\"@id\":\"https:\\\/\\\/www.meydan.tv\\\/az\\\/article\\\/zelzeleden-zerercekenler-yalniz-icra-numayendesi-ile-qohumlarinin-evini-temir-etdiler\\\/#primaryimage\"},\"image\":{\"@id\":\"https:\\\/\\\/www.meydan.tv\\\/az\\\/article\\\/zelzeleden-zerercekenler-yalniz-icra-numayendesi-ile-qohumlarinin-evini-temir-etdiler\\\/#primaryimage\"},\"thumbnailUrl\":\"https:\\\/\\\/www.meydan.tv\\\/wp-content\\\/uploads\\\/image_from_ios_7_8ur3wwa.jpg\",\"datePublished\":\"2020-02-10T11:02:36+00:00\",\"breadcrumb\":{\"@id\":\"https:\\\/\\\/www.meydan.tv\\\/az\\\/article\\\/zelzeleden-zerercekenler-yalniz-icra-numayendesi-ile-qohumlarinin-evini-temir-etdiler\\\/#breadcrumb\"},\"inLanguage\":\"az\",\"potentialAction\":[{\"@type\":\"ReadAction\",\"target\":[\"https:\\\/\\\/www.meydan.tv\\\/az\\\/article\\\/zelzeleden-zerercekenler-yalniz-icra-numayendesi-ile-qohumlarinin-evini-temir-etdiler\\\/\"]}]},{\"@type\":\"ImageObject\",\"inLanguage\":\"az\",\"@id\":\"https:\\\/\\\/www.meydan.tv\\\/az\\\/article\\\/zelzeleden-zerercekenler-yalniz-icra-numayendesi-ile-qohumlarinin-evini-temir-etdiler\\\/#primaryimage\",\"url\":\"https:\\\/\\\/www.meydan.tv\\\/wp-content\\\/uploads\\\/image_from_ios_7_8ur3wwa.jpg\",\"contentUrl\":\"https:\\\/\\\/www.meydan.tv\\\/wp-content\\\/uploads\\\/image_from_ios_7_8ur3wwa.jpg\",\"width\":1280,\"height\":720,\"caption\":\"Source: Specify Source\"},{\"@type\":\"BreadcrumbList\",\"@id\":\"https:\\\/\\\/www.meydan.tv\\\/az\\\/article\\\/zelzeleden-zerercekenler-yalniz-icra-numayendesi-ile-qohumlarinin-evini-temir-etdiler\\\/#breadcrumb\",\"itemListElement\":[{\"@type\":\"ListItem\",\"position\":1,\"name\":\"Ana s\u0259hif\u0259\",\"item\":\"https:\\\/\\\/www.meydan.tv\\\/az\\\/\"},{\"@type\":\"ListItem\",\"position\":2,\"name\":\"B\u00f6lg\u0259\",\"item\":\"https:\\\/\\\/www.meydan.tv\\\/az\\\/section\\\/bolge\\\/\"},{\"@type\":\"ListItem\",\"position\":3,\"name\":\"Z\u0259lz\u0259l\u0259d\u0259n z\u0259r\u0259r\u00e7\u0259k\u0259nl\u0259r: Yaln\u0131z icra n\u00fcmay\u0259nd\u0259si il\u0259 qohumlar\u0131n\u0131n evini t\u0259mir etdil\u0259r\"}]},{\"@type\":\"WebSite\",\"@id\":\"https:\\\/\\\/www.meydan.tv\\\/az\\\/#website\",\"url\":\"https:\\\/\\\/www.meydan.tv\\\/az\\\/\",\"name\":\"MEYDAN.TV\",\"description\":\"Meydan TV Az\u0259rbaycan\u0131n media m\u0259kan\u0131ndak\u0131 alternativ s\u0259sidir\",\"publisher\":{\"@id\":\"https:\\\/\\\/www.meydan.tv\\\/az\\\/#organization\"},\"potentialAction\":[{\"@type\":\"SearchAction\",\"target\":{\"@type\":\"EntryPoint\",\"urlTemplate\":\"https:\\\/\\\/www.meydan.tv\\\/az\\\/?s={search_term_string}\"},\"query-input\":{\"@type\":\"PropertyValueSpecification\",\"valueRequired\":true,\"valueName\":\"search_term_string\"}}],\"inLanguage\":\"az\"},{\"@type\":\"Organization\",\"@id\":\"https:\\\/\\\/www.meydan.tv\\\/az\\\/#organization\",\"name\":\"Meydan TV\",\"url\":\"https:\\\/\\\/www.meydan.tv\\\/az\\\/\",\"logo\":{\"@type\":\"ImageObject\",\"inLanguage\":\"az\",\"@id\":\"https:\\\/\\\/www.meydan.tv\\\/az\\\/#\\\/schema\\\/logo\\\/image\\\/\",\"url\":\"https:\\\/\\\/www.meydan.tv\\\/wp-content\\\/uploads\\\/2021\\\/07\\\/meydan-logo.svg\",\"contentUrl\":\"https:\\\/\\\/www.meydan.tv\\\/wp-content\\\/uploads\\\/2021\\\/07\\\/meydan-logo.svg\",\"width\":195,\"height\":46,\"caption\":\"Meydan TV\"},\"image\":{\"@id\":\"https:\\\/\\\/www.meydan.tv\\\/az\\\/#\\\/schema\\\/logo\\\/image\\\/\"}},{\"@type\":\"Person\",\"@id\":\"https:\\\/\\\/www.meydan.tv\\\/az\\\/#\\\/schema\\\/person\\\/10d11eccf6da3662cf5fdab9806ea91a\",\"name\":\"user-manager\"}]}<\/script>\n<!-- \/ Yoast SEO plugin. -->","yoast_head_json":{"title":"Z\u0259lz\u0259l\u0259d\u0259n z\u0259r\u0259r\u00e7\u0259k\u0259nl\u0259r: Yaln\u0131z icra n\u00fcmay\u0259nd\u0259si il\u0259 qohumlar\u0131n\u0131n evini t\u0259mir etdil\u0259r - MEYDAN.TV","robots":{"index":"index","follow":"follow","max-snippet":"max-snippet:-1","max-image-preview":"max-image-preview:large","max-video-preview":"max-video-preview:-1"},"canonical":"https:\/\/www.meydan.tv\/az\/article\/zelzeleden-zerercekenler-yalniz-icra-numayendesi-ile-qohumlarinin-evini-temir-etdiler\/","og_locale":"az_AZ","og_type":"article","og_title":"Z\u0259lz\u0259l\u0259d\u0259n z\u0259r\u0259r\u00e7\u0259k\u0259nl\u0259r: Yaln\u0131z icra n\u00fcmay\u0259nd\u0259si il\u0259 qohumlar\u0131n\u0131n evini t\u0259mir etdil\u0259r - MEYDAN.TV","og_description":"\"Sementsiz, torpaq v\u0259 taxtadan istifad\u0259 edilib tikintisind\u0259\"","og_url":"https:\/\/www.meydan.tv\/az\/article\/zelzeleden-zerercekenler-yalniz-icra-numayendesi-ile-qohumlarinin-evini-temir-etdiler\/","og_site_name":"MEYDAN.TV","article_published_time":"2020-02-10T11:02:36+00:00","og_image":[{"width":1280,"height":720,"url":"https:\/\/www.meydan.tv\/wp-content\/uploads\/image_from_ios_7_8ur3wwa.jpg","type":"image\/jpeg"}],"author":"user-manager","twitter_card":"summary_large_image","schema":{"@context":"https:\/\/schema.org","@graph":[{"@type":"Article","@id":"https:\/\/www.meydan.tv\/az\/article\/zelzeleden-zerercekenler-yalniz-icra-numayendesi-ile-qohumlarinin-evini-temir-etdiler\/#article","isPartOf":{"@id":"https:\/\/www.meydan.tv\/az\/article\/zelzeleden-zerercekenler-yalniz-icra-numayendesi-ile-qohumlarinin-evini-temir-etdiler\/"},"author":{"name":"user-manager","@id":"https:\/\/www.meydan.tv\/az\/#\/schema\/person\/10d11eccf6da3662cf5fdab9806ea91a"},"headline":"Z\u0259lz\u0259l\u0259d\u0259n z\u0259r\u0259r\u00e7\u0259k\u0259nl\u0259r: Yaln\u0131z icra n\u00fcmay\u0259nd\u0259si il\u0259 qohumlar\u0131n\u0131n evini t\u0259mir etdil\u0259r","datePublished":"2020-02-10T11:02:36+00:00","mainEntityOfPage":{"@id":"https:\/\/www.meydan.tv\/az\/article\/zelzeleden-zerercekenler-yalniz-icra-numayendesi-ile-qohumlarinin-evini-temir-etdiler\/"},"wordCount":1370,"publisher":{"@id":"https:\/\/www.meydan.tv\/az\/#organization"},"image":{"@id":"https:\/\/www.meydan.tv\/az\/article\/zelzeleden-zerercekenler-yalniz-icra-numayendesi-ile-qohumlarinin-evini-temir-etdiler\/#primaryimage"},"thumbnailUrl":"https:\/\/www.meydan.tv\/wp-content\/uploads\/image_from_ios_7_8ur3wwa.jpg","articleSection":["B\u00f6lg\u0259"],"inLanguage":"az"},{"@type":"WebPage","@id":"https:\/\/www.meydan.tv\/az\/article\/zelzeleden-zerercekenler-yalniz-icra-numayendesi-ile-qohumlarinin-evini-temir-etdiler\/","url":"https:\/\/www.meydan.tv\/az\/article\/zelzeleden-zerercekenler-yalniz-icra-numayendesi-ile-qohumlarinin-evini-temir-etdiler\/","name":"Z\u0259lz\u0259l\u0259d\u0259n z\u0259r\u0259r\u00e7\u0259k\u0259nl\u0259r: Yaln\u0131z icra n\u00fcmay\u0259nd\u0259si il\u0259 qohumlar\u0131n\u0131n evini t\u0259mir etdil\u0259r - MEYDAN.TV","isPartOf":{"@id":"https:\/\/www.meydan.tv\/az\/#website"},"primaryImageOfPage":{"@id":"https:\/\/www.meydan.tv\/az\/article\/zelzeleden-zerercekenler-yalniz-icra-numayendesi-ile-qohumlarinin-evini-temir-etdiler\/#primaryimage"},"image":{"@id":"https:\/\/www.meydan.tv\/az\/article\/zelzeleden-zerercekenler-yalniz-icra-numayendesi-ile-qohumlarinin-evini-temir-etdiler\/#primaryimage"},"thumbnailUrl":"https:\/\/www.meydan.tv\/wp-content\/uploads\/image_from_ios_7_8ur3wwa.jpg","datePublished":"2020-02-10T11:02:36+00:00","breadcrumb":{"@id":"https:\/\/www.meydan.tv\/az\/article\/zelzeleden-zerercekenler-yalniz-icra-numayendesi-ile-qohumlarinin-evini-temir-etdiler\/#breadcrumb"},"inLanguage":"az","potentialAction":[{"@type":"ReadAction","target":["https:\/\/www.meydan.tv\/az\/article\/zelzeleden-zerercekenler-yalniz-icra-numayendesi-ile-qohumlarinin-evini-temir-etdiler\/"]}]},{"@type":"ImageObject","inLanguage":"az","@id":"https:\/\/www.meydan.tv\/az\/article\/zelzeleden-zerercekenler-yalniz-icra-numayendesi-ile-qohumlarinin-evini-temir-etdiler\/#primaryimage","url":"https:\/\/www.meydan.tv\/wp-content\/uploads\/image_from_ios_7_8ur3wwa.jpg","contentUrl":"https:\/\/www.meydan.tv\/wp-content\/uploads\/image_from_ios_7_8ur3wwa.jpg","width":1280,"height":720,"caption":"Source: Specify Source"},{"@type":"BreadcrumbList","@id":"https:\/\/www.meydan.tv\/az\/article\/zelzeleden-zerercekenler-yalniz-icra-numayendesi-ile-qohumlarinin-evini-temir-etdiler\/#breadcrumb","itemListElement":[{"@type":"ListItem","position":1,"name":"Ana s\u0259hif\u0259","item":"https:\/\/www.meydan.tv\/az\/"},{"@type":"ListItem","position":2,"name":"B\u00f6lg\u0259","item":"https:\/\/www.meydan.tv\/az\/section\/bolge\/"},{"@type":"ListItem","position":3,"name":"Z\u0259lz\u0259l\u0259d\u0259n z\u0259r\u0259r\u00e7\u0259k\u0259nl\u0259r: Yaln\u0131z icra n\u00fcmay\u0259nd\u0259si il\u0259 qohumlar\u0131n\u0131n evini t\u0259mir etdil\u0259r"}]},{"@type":"WebSite","@id":"https:\/\/www.meydan.tv\/az\/#website","url":"https:\/\/www.meydan.tv\/az\/","name":"MEYDAN.TV","description":"Meydan TV Az\u0259rbaycan\u0131n media m\u0259kan\u0131ndak\u0131 alternativ s\u0259sidir","publisher":{"@id":"https:\/\/www.meydan.tv\/az\/#organization"},"potentialAction":[{"@type":"SearchAction","target":{"@type":"EntryPoint","urlTemplate":"https:\/\/www.meydan.tv\/az\/?s={search_term_string}"},"query-input":{"@type":"PropertyValueSpecification","valueRequired":true,"valueName":"search_term_string"}}],"inLanguage":"az"},{"@type":"Organization","@id":"https:\/\/www.meydan.tv\/az\/#organization","name":"Meydan TV","url":"https:\/\/www.meydan.tv\/az\/","logo":{"@type":"ImageObject","inLanguage":"az","@id":"https:\/\/www.meydan.tv\/az\/#\/schema\/logo\/image\/","url":"https:\/\/www.meydan.tv\/wp-content\/uploads\/2021\/07\/meydan-logo.svg","contentUrl":"https:\/\/www.meydan.tv\/wp-content\/uploads\/2021\/07\/meydan-logo.svg","width":195,"height":46,"caption":"Meydan TV"},"image":{"@id":"https:\/\/www.meydan.tv\/az\/#\/schema\/logo\/image\/"}},{"@type":"Person","@id":"https:\/\/www.meydan.tv\/az\/#\/schema\/person\/10d11eccf6da3662cf5fdab9806ea91a","name":"user-manager"}]}},"_links":{"self":[{"href":"https:\/\/www.meydan.tv\/az\/wp-json\/wp\/v2\/posts\/199187","targetHints":{"allow":["GET"]}}],"collection":[{"href":"https:\/\/www.meydan.tv\/az\/wp-json\/wp\/v2\/posts"}],"about":[{"href":"https:\/\/www.meydan.tv\/az\/wp-json\/wp\/v2\/types\/post"}],"author":[{"embeddable":true,"href":"https:\/\/www.meydan.tv\/az\/wp-json\/wp\/v2\/users\/11"}],"replies":[{"embeddable":true,"href":"https:\/\/www.meydan.tv\/az\/wp-json\/wp\/v2\/comments?post=199187"}],"version-history":[{"count":0,"href":"https:\/\/www.meydan.tv\/az\/wp-json\/wp\/v2\/posts\/199187\/revisions"}],"wp:featuredmedia":[{"embeddable":true,"href":"https:\/\/www.meydan.tv\/az\/wp-json\/wp\/v2\/media\/137187"}],"wp:attachment":[{"href":"https:\/\/www.meydan.tv\/az\/wp-json\/wp\/v2\/media?parent=199187"}],"wp:term":[{"taxonomy":"category","embeddable":true,"href":"https:\/\/www.meydan.tv\/az\/wp-json\/wp\/v2\/categories?post=199187"},{"taxonomy":"post_tag","embeddable":true,"href":"https:\/\/www.meydan.tv\/az\/wp-json\/wp\/v2\/tags?post=199187"}],"curies":[{"name":"wp","href":"https:\/\/api.w.org\/{rel}","templated":true}]}}