{"id":199184,"date":"2020-02-10T10:11:37","date_gmt":"2020-02-10T10:11:37","guid":{"rendered":"https:\/\/www.meydan.tv\/article\/gence-sakini-resulzadenin-heykeli-olan-parkda-agaclar-kesilir\/"},"modified":"2020-02-10T10:11:37","modified_gmt":"2020-02-10T10:11:37","slug":"gence-sakini-resulzadenin-heykeli-olan-parkda-agaclar-kesilir","status":"publish","type":"post","link":"https:\/\/www.meydan.tv\/az\/article\/gence-sakini-resulzadenin-heykeli-olan-parkda-agaclar-kesilir\/","title":{"rendered":"G\u0259nc\u0259 sakini: R\u0259sulzad\u0259nin heyk\u0259li olan parkda a\u011faclar k\u0259silir"},"content":{"rendered":"<p>\n  <i><br \/>\n    \u0130cra hakimiyy\u0259ti: \u201cEkologiya \u015f\u00f6b\u0259si bir ne\u00e7\u0259 quru a\u011fac k\u0259sib\u201d<br \/>\n  <\/i>\n<\/p>\n<p>\n  \u201c\u0130ri texnikalar g\u0259tirib, park\u0131n i\u00e7ind\u0259 az\u0131 10 a\u011fac\u0131 k\u0259sib getdil\u0259r. Mane olma\u011fa \u00e7al\u0131\u015fsaq da, \u0259limizd\u0259n he\u00e7 n\u0259 g\u0259lm\u0259di\u201d.\n<\/p>\n<p>\n  G\u0259nc\u0259d\u0259 \u201cd\u0259miryolu park\u0131\u201d kimi tan\u0131nan, d\u0259miryolu yax\u0131nl\u0131\u011f\u0131nda yerl\u0259\u015f\u0259n parkda a\u011faclar k\u0259silib. Bu bar\u0259d\u0259 Meydan TV-y\u0259 h\u0259min \u0259razid\u0259 ya\u015fayanlar dan\u0131\u015f\u0131b. Sakinl\u0259rin iddias\u0131na g\u00f6r\u0259, yerli ekologiya \u015f\u00f6b\u0259si parkda t\u0259xmin\u0259n 10 a\u011fac k\u0259sib. Onlar k\u0259simin qar\u015f\u0131s\u0131n\u0131 almaq ist\u0259s\u0259l\u0259r d\u0259, bacarmay\u0131blar.\n<\/p>\n<p>\n  <b><br \/>\n    \u201c\u018fvv\u0259ll\u0259r bax\u0131ml\u0131 park idi, indis\u0259&#8230;\u201d<br \/>\n  <\/b>\n<\/p>\n<p>\n  Park\u0131n yax\u0131nl\u0131\u011f\u0131nda ya\u015fayan v\u0259 \u0259razid\u0259n istirah\u0259t \u00fc\u00e7\u00fcn istifad\u0259 ed\u0259n sakin Kamil Qas\u0131mov deyir, eyni parkda \u0259vv\u0259ll\u0259r d\u0259 d\u0259f\u0259l\u0259rl\u0259 a\u011fac k\u0259simi ba\u015f verib:\n<\/p>\n<p>\n  \u201cBu park \u0259vv\u0259ll\u0259r \u00e7ox bax\u0131ml\u0131 idi. \u0130nsanlar burada istirah\u0259t edirdi, \u0259razid\u0259 M\u0259mm\u0259d\u0259min R\u0259sulzad\u0259nin heyk\u0259li d\u0259 var. Ancaq ne\u00e7\u0259 ildir ki, vaxta\u015f\u0131r\u0131 a\u011faclar\u0131 5-5, 10-10 k\u0259sirl\u0259r, yerin\u0259 a\u011fac \u0259kmirl\u0259r. M\u0259s\u0259l\u0259n, bu d\u0259f\u0259 k\u0259sdikl\u0259ri d\u0259 h\u0259mi\u015f\u0259ya\u015f\u0131l a\u011faclar idi. M\u0259qs\u0259dl\u0259ri n\u0259dir, bilmirik. Sad\u0259c\u0259, qorxdu\u011fumuz odur ki, sabah biri ortaya \u00e7\u0131x\u0131b burada obyekt tikm\u0259y\u0259 ba\u015flasa, nec\u0259 ki, a\u011fac k\u0259siminin qar\u015f\u0131s\u0131nda aciz qalm\u0131\u015f\u0131q, obyekt tikintisinin d\u0259 qar\u015f\u0131s\u0131n\u0131 ala bilm\u0259rik. \u0130st\u0259diyimiz odur ki, \u0259vv\u0259ll\u0259r oldu\u011fu kimi, parkda skamyalar, u\u015faqlar \u00fc\u00e7\u00fcn oyun meydan\u00e7alar\u0131 qura\u015fd\u0131r\u0131ls\u0131n, \u0259hali istifad\u0259 etsin. B\u00fct\u00fcn bunlar \u0259halinin haqq\u0131d\u0131r, \u00e7\u00fcnki \u0259trafda n\u0259 varsa, h\u0259r \u015fey bizd\u0259n toplanan vergil\u0259r hesab\u0131nad\u0131r\u201d.\n<\/p>\n<figure class=\"wp-block-image size-large\">\n  <img decoding=\"async\" src=\"https:\/\/www.meydan.tv\/az\/image_from_ios-5-jpg-81\/\" alt=\"image_from_ios (5).jpg\" class=\"wp-image-137169\"\/><figcaption>\n    &#8220;M\u0259qs\u0259dl\u0259ri n\u0259dir, bilmirik&#8221;<br \/>\n  <\/figcaption><\/figure>\n<p>\n  <b><br \/>\n    \u201cBu \u201c\u0259n\u0259n\u0259\u201d ill\u0259rdir ki, G\u0259nc\u0259d\u0259 davam edir\u201d<br \/>\n  <\/b>\n<\/p>\n<p>\n  G\u0259nc\u0259 sakini Samir V\u0259liyev deyir, ill\u0259rdir ki, bu a\u011fac k\u0259simi \u201c\u0259n\u0259n\u0259si\u201d \u015f\u0259h\u0259rin h\u0259r yerind\u0259 davam edir:\n<\/p>\n<p>\n  \u201cGah Ya\u015f\u0131lla\u015fd\u0131rma \u0130dar\u0259si hans\u0131sa k\u00fc\u00e7\u0259d\u0259 a\u011faclara \u201cdivan tutur\u201d, gah Ekologiya \u015e\u00f6b\u0259si&#8230; A\u011faclar\u0131 5-5, 10-10 k\u0259sirl\u0259r, k\u00fctl\u0259vi k\u0259smirl\u0259r ki, diqq\u0259ti \u00e7\u0259km\u0259sin, bir d\u0259 bax\u0131rsan ki, 2-3 il \u0259rzind\u0259 park\u0131n bir hiss\u0259si bombo\u015f qal\u0131b, yerind\u0259 obyekt tikilir. \u0130ndi d\u0259 m\u0259qs\u0259dl\u0259 n\u0259dir, d\u0259qiq bilmirik, birc\u0259 onu bilirik ki, sa\u011flam a\u011fac\u0131 k\u0259sm\u0259k m\u0259qs\u0259dsiz olmur\u201d.\n<\/p>\n<p>\n  Samir V\u0259liyev deyir, a\u011faclar\u0131 k\u0259sm\u0259kd\u0259ns\u0259, parkda s\u0259liq\u0259-s\u0259hman yarad\u0131lsa, daha faydal\u0131 olar\n<\/p>\n<p>\n  <b><br \/>\n    \u201cPark\u0131 zibilliy\u0259 d\u00f6nd\u0259rib, gedibl\u0259r\u201d<br \/>\n  <\/b>\n<\/p>\n<p>\n  \u201cA\u011faclar\u0131 k\u0259sibl\u0259r, bu, bir t\u0259r\u0259f\u0259, \u00fcst\u0259lik, park\u0131 da b\u0259rbad v\u0259ziyy\u0259t\u0259 sal\u0131blar. Siz\u0259 fotolar g\u00f6nd\u0259rmi\u015fik, park\u0131n durmuna bax\u0131n&#8230; Ne\u00e7\u0259 g\u00fcnd\u00fcr ki, a\u011faclar k\u0259silib, park\u0131 zibilliy\u0259 d\u00f6nd\u0259rib gedibl\u0259r, he\u00e7 t\u00f6kd\u00fckl\u0259rini d\u0259 t\u0259mizl\u0259m\u0259yibl\u0259r. Ne\u00e7\u0259 g\u00fcnd\u00fcr ki, adamlar park\u0131n i\u00e7ind\u0259n ke\u00e7\u0259 bilmir. T\u0259l\u0259b edirik ki, o park abadla\u015fd\u0131r\u0131ls\u0131n, orda M\u0259mm\u0259d\u0259min R\u0259suzad\u0259nin heyk\u0259li var. Park\u0131n zibillik i\u00e7\u0259risind\u0259 saxlanmas\u0131 onun ruhuna da h\u00f6rm\u0259tsizlikdir\u201d, &#8211; Samir V\u0259liyev deyir.\n<\/p>\n<figure class=\"wp-block-image size-large\">\n  <img decoding=\"async\" src=\"https:\/\/www.meydan.tv\/az\/image_from_ios-7-jpg-45\/\" alt=\"image_from_ios (7).jpg\" class=\"wp-image-137178\"\/><figcaption>\n    &#8220;Vaxta\u015f\u0131r\u0131 a\u011faclar\u0131 5-5, 10-10 k\u0259sirl\u0259r, yerin\u0259 a\u011fac \u0259kmirl\u0259r&#8221;.<br \/>\n  <\/figcaption><\/figure>\n<p>\n  Sakinl\u0259r deyir, a\u011faclar quru oldu\u011funa g\u00f6r\u0259 k\u0259sils\u0259ydi, yeruin\u0259 yenil\u0259ri \u0259kil\u0259rdi, ancaq \u0259kilmib.\n<\/p>\n<p>\n  <b><br \/>\n    R\u0259smi qurum: \u201cK\u0259silmi\u015f a\u011faclar\u0131n yerin\u0259 yenil\u0259ri \u0259kil\u0259c\u0259k\u201d<br \/>\n  <\/b>\n<\/p>\n<p>\n  Meydan TV m\u00fcxbiri G\u0259nc\u0259nin Ekologiya \u015e\u00f6b\u0259si il\u0259 \u0259laq\u0259 saxlaya bilm\u0259s\u0259 d\u0259, m\u0259s\u0259l\u0259y\u0259 G\u0259nc\u0259 \u015e\u0259h\u0259r \u0130cra Hakimiyy\u0259tind\u0259n m\u00fcnasib\u0259t \u00f6yr\u0259n\u0259 bilib. Qurumdan bildirilib ki, fevral\u0131n 2-d\u0259 10 sayl\u0131 G\u0259nc\u0259 \u018frazi Ekologiya v\u0259 T\u0259bii S\u0259rv\u0259tl\u0259r \u015e\u00f6b\u0259si t\u0259r\u0259find\u0259n budama i\u015fl\u0259ri apar\u0131lark\u0259n Z\u00fclf\u00fc Hac\u0131yev 69 \u00fcnvan\u0131 yax\u0131nl\u0131\u011f\u0131ndak\u0131 parkda qurumu\u015f t\u0259xmin\u0259n 5 a\u011fac aktla\u015fd\u0131r\u0131l\u0131b v\u0259 k\u0259silib. G\u0259nc\u0259 sakini olan Kamil Qas\u0131mov a\u011fac k\u0259simi il\u0259 ba\u011fl\u0131 m\u00fcvafiq qurumlara \u015fikay\u0259t edib. Fevral\u0131n 7-d\u0259 yerli Ekologiya \u015e\u00f6b\u0259sinin \u0259m\u0259kda\u015flar\u0131 h\u0259min v\u0259t\u0259nda\u015fla birlikd\u0259 a\u011faclar\u0131n k\u0259sildiyi \u0259razid\u0259 olublar. V\u0259t\u0259nda\u015fa a\u011faclar\u0131n k\u0259silm\u0259 s\u0259b\u0259bl\u0259ri izah edilib v\u0259 aktla tan\u0131\u015f olub. Ona k\u0259silmi\u015f a\u011faclar\u0131n yerin\u0259 yeni a\u011faclar\u0131n \u0259kil\u0259c\u0259yi il\u0259 ba\u011fl\u0131 m\u0259lumat verilib.\n<\/p>\n<figure class=\"wp-block-image size-large\">\n  <img decoding=\"async\" src=\"https:\/\/www.meydan.tv\/az\/image_from_ios-3-jpg-67\/\" alt=\"image_from_ios (3).jpg\" class=\"wp-image-137163\"\/><figcaption>\n    &#8220;\u0130st\u0259diyimiz odur ki, \u0259vv\u0259ll\u0259r oldu\u011fu kimi, parkda skamyalar, u\u015faqlar \u00fc\u00e7\u00fcn oyun meydan\u00e7alar\u0131 qura\u015fd\u0131r\u0131ls\u0131n, \u0259hali istifad\u0259 etsin&#8221;.<br \/>\n  <\/figcaption><\/figure>\n","protected":false},"excerpt":{"rendered":"<p>&#8220;Sad\u0259c\u0259, qorxdu\u011fumuz odur ki, sabah biri ortaya \u00e7\u0131x\u0131b burada obyekt tikm\u0259y\u0259 ba\u015flasa, nec\u0259 ki, a\u011fac k\u0259siminin qar\u015f\u0131s\u0131nda aciz qalm\u0131\u015f\u0131q, obyekt tikintisinin d\u0259 qar\u015f\u0131s\u0131n\u0131 ala bilm\u0259rik&#8221;<\/p>\n","protected":false},"author":11,"featured_media":137175,"comment_status":"closed","ping_status":"open","sticky":false,"template":"","format":"standard","meta":{"_acf_changed":false,"_sitemap_exclude":false,"_sitemap_priority":"","_sitemap_frequency":"","footnotes":""},"categories":[60],"tags":[],"class_list":["post-199184","post","type-post","status-publish","format-standard","has-post-thumbnail","hentry","category-bolge","infinite-scroll-item","generate-columns","tablet-grid-50","mobile-grid-100","grid-parent","grid-33","no-featured-image-padding"],"acf":[],"yoast_head":"<!-- This site is optimized with the Yoast SEO plugin v27.5 - https:\/\/yoast.com\/product\/yoast-seo-wordpress\/ -->\n<title>G\u0259nc\u0259 sakini: R\u0259sulzad\u0259nin heyk\u0259li olan parkda a\u011faclar k\u0259silir - MEYDAN.TV<\/title>\n<meta name=\"robots\" content=\"index, follow, max-snippet:-1, max-image-preview:large, max-video-preview:-1\" \/>\n<link rel=\"canonical\" href=\"https:\/\/www.meydan.tv\/az\/article\/gence-sakini-resulzadenin-heykeli-olan-parkda-agaclar-kesilir\/\" \/>\n<meta property=\"og:locale\" content=\"az_AZ\" \/>\n<meta property=\"og:type\" content=\"article\" \/>\n<meta property=\"og:title\" content=\"G\u0259nc\u0259 sakini: R\u0259sulzad\u0259nin heyk\u0259li olan parkda a\u011faclar k\u0259silir - MEYDAN.TV\" \/>\n<meta property=\"og:description\" content=\"&quot;Sad\u0259c\u0259, qorxdu\u011fumuz odur ki, sabah biri ortaya \u00e7\u0131x\u0131b burada obyekt tikm\u0259y\u0259 ba\u015flasa, nec\u0259 ki, a\u011fac k\u0259siminin qar\u015f\u0131s\u0131nda aciz qalm\u0131\u015f\u0131q, obyekt tikintisinin d\u0259 qar\u015f\u0131s\u0131n\u0131 ala bilm\u0259rik&quot;\" \/>\n<meta property=\"og:url\" content=\"https:\/\/www.meydan.tv\/az\/article\/gence-sakini-resulzadenin-heykeli-olan-parkda-agaclar-kesilir\/\" \/>\n<meta property=\"og:site_name\" content=\"MEYDAN.TV\" \/>\n<meta property=\"article:published_time\" content=\"2020-02-10T10:11:37+00:00\" \/>\n<meta property=\"og:image\" content=\"https:\/\/www.meydan.tv\/wp-content\/uploads\/image_from_ios_8_swzct8g.jpg\" \/>\n\t<meta property=\"og:image:width\" content=\"1280\" \/>\n\t<meta property=\"og:image:height\" content=\"960\" \/>\n\t<meta property=\"og:image:type\" content=\"image\/jpeg\" \/>\n<meta name=\"author\" content=\"user-manager\" \/>\n<meta name=\"twitter:card\" content=\"summary_large_image\" \/>\n<script type=\"application\/ld+json\" class=\"yoast-schema-graph\">{\"@context\":\"https:\\\/\\\/schema.org\",\"@graph\":[{\"@type\":\"Article\",\"@id\":\"https:\\\/\\\/www.meydan.tv\\\/az\\\/article\\\/gence-sakini-resulzadenin-heykeli-olan-parkda-agaclar-kesilir\\\/#article\",\"isPartOf\":{\"@id\":\"https:\\\/\\\/www.meydan.tv\\\/az\\\/article\\\/gence-sakini-resulzadenin-heykeli-olan-parkda-agaclar-kesilir\\\/\"},\"author\":{\"name\":\"user-manager\",\"@id\":\"https:\\\/\\\/www.meydan.tv\\\/az\\\/#\\\/schema\\\/person\\\/10d11eccf6da3662cf5fdab9806ea91a\"},\"headline\":\"G\u0259nc\u0259 sakini: R\u0259sulzad\u0259nin heyk\u0259li olan parkda a\u011faclar k\u0259silir\",\"datePublished\":\"2020-02-10T10:11:37+00:00\",\"mainEntityOfPage\":{\"@id\":\"https:\\\/\\\/www.meydan.tv\\\/az\\\/article\\\/gence-sakini-resulzadenin-heykeli-olan-parkda-agaclar-kesilir\\\/\"},\"wordCount\":829,\"publisher\":{\"@id\":\"https:\\\/\\\/www.meydan.tv\\\/az\\\/#organization\"},\"image\":{\"@id\":\"https:\\\/\\\/www.meydan.tv\\\/az\\\/article\\\/gence-sakini-resulzadenin-heykeli-olan-parkda-agaclar-kesilir\\\/#primaryimage\"},\"thumbnailUrl\":\"https:\\\/\\\/www.meydan.tv\\\/wp-content\\\/uploads\\\/image_from_ios_8_swzct8g.jpg\",\"articleSection\":[\"B\u00f6lg\u0259\"],\"inLanguage\":\"az\"},{\"@type\":\"WebPage\",\"@id\":\"https:\\\/\\\/www.meydan.tv\\\/az\\\/article\\\/gence-sakini-resulzadenin-heykeli-olan-parkda-agaclar-kesilir\\\/\",\"url\":\"https:\\\/\\\/www.meydan.tv\\\/az\\\/article\\\/gence-sakini-resulzadenin-heykeli-olan-parkda-agaclar-kesilir\\\/\",\"name\":\"G\u0259nc\u0259 sakini: R\u0259sulzad\u0259nin heyk\u0259li olan parkda a\u011faclar k\u0259silir - MEYDAN.TV\",\"isPartOf\":{\"@id\":\"https:\\\/\\\/www.meydan.tv\\\/az\\\/#website\"},\"primaryImageOfPage\":{\"@id\":\"https:\\\/\\\/www.meydan.tv\\\/az\\\/article\\\/gence-sakini-resulzadenin-heykeli-olan-parkda-agaclar-kesilir\\\/#primaryimage\"},\"image\":{\"@id\":\"https:\\\/\\\/www.meydan.tv\\\/az\\\/article\\\/gence-sakini-resulzadenin-heykeli-olan-parkda-agaclar-kesilir\\\/#primaryimage\"},\"thumbnailUrl\":\"https:\\\/\\\/www.meydan.tv\\\/wp-content\\\/uploads\\\/image_from_ios_8_swzct8g.jpg\",\"datePublished\":\"2020-02-10T10:11:37+00:00\",\"breadcrumb\":{\"@id\":\"https:\\\/\\\/www.meydan.tv\\\/az\\\/article\\\/gence-sakini-resulzadenin-heykeli-olan-parkda-agaclar-kesilir\\\/#breadcrumb\"},\"inLanguage\":\"az\",\"potentialAction\":[{\"@type\":\"ReadAction\",\"target\":[\"https:\\\/\\\/www.meydan.tv\\\/az\\\/article\\\/gence-sakini-resulzadenin-heykeli-olan-parkda-agaclar-kesilir\\\/\"]}]},{\"@type\":\"ImageObject\",\"inLanguage\":\"az\",\"@id\":\"https:\\\/\\\/www.meydan.tv\\\/az\\\/article\\\/gence-sakini-resulzadenin-heykeli-olan-parkda-agaclar-kesilir\\\/#primaryimage\",\"url\":\"https:\\\/\\\/www.meydan.tv\\\/wp-content\\\/uploads\\\/image_from_ios_8_swzct8g.jpg\",\"contentUrl\":\"https:\\\/\\\/www.meydan.tv\\\/wp-content\\\/uploads\\\/image_from_ios_8_swzct8g.jpg\",\"width\":1280,\"height\":960,\"caption\":\"Source: Specify Source\"},{\"@type\":\"BreadcrumbList\",\"@id\":\"https:\\\/\\\/www.meydan.tv\\\/az\\\/article\\\/gence-sakini-resulzadenin-heykeli-olan-parkda-agaclar-kesilir\\\/#breadcrumb\",\"itemListElement\":[{\"@type\":\"ListItem\",\"position\":1,\"name\":\"Ana s\u0259hif\u0259\",\"item\":\"https:\\\/\\\/www.meydan.tv\\\/az\\\/\"},{\"@type\":\"ListItem\",\"position\":2,\"name\":\"B\u00f6lg\u0259\",\"item\":\"https:\\\/\\\/www.meydan.tv\\\/az\\\/section\\\/bolge\\\/\"},{\"@type\":\"ListItem\",\"position\":3,\"name\":\"G\u0259nc\u0259 sakini: R\u0259sulzad\u0259nin heyk\u0259li olan parkda a\u011faclar k\u0259silir\"}]},{\"@type\":\"WebSite\",\"@id\":\"https:\\\/\\\/www.meydan.tv\\\/az\\\/#website\",\"url\":\"https:\\\/\\\/www.meydan.tv\\\/az\\\/\",\"name\":\"MEYDAN.TV\",\"description\":\"Meydan TV Az\u0259rbaycan\u0131n media m\u0259kan\u0131ndak\u0131 alternativ s\u0259sidir\",\"publisher\":{\"@id\":\"https:\\\/\\\/www.meydan.tv\\\/az\\\/#organization\"},\"potentialAction\":[{\"@type\":\"SearchAction\",\"target\":{\"@type\":\"EntryPoint\",\"urlTemplate\":\"https:\\\/\\\/www.meydan.tv\\\/az\\\/?s={search_term_string}\"},\"query-input\":{\"@type\":\"PropertyValueSpecification\",\"valueRequired\":true,\"valueName\":\"search_term_string\"}}],\"inLanguage\":\"az\"},{\"@type\":\"Organization\",\"@id\":\"https:\\\/\\\/www.meydan.tv\\\/az\\\/#organization\",\"name\":\"Meydan TV\",\"url\":\"https:\\\/\\\/www.meydan.tv\\\/az\\\/\",\"logo\":{\"@type\":\"ImageObject\",\"inLanguage\":\"az\",\"@id\":\"https:\\\/\\\/www.meydan.tv\\\/az\\\/#\\\/schema\\\/logo\\\/image\\\/\",\"url\":\"https:\\\/\\\/www.meydan.tv\\\/wp-content\\\/uploads\\\/2021\\\/07\\\/meydan-logo.svg\",\"contentUrl\":\"https:\\\/\\\/www.meydan.tv\\\/wp-content\\\/uploads\\\/2021\\\/07\\\/meydan-logo.svg\",\"width\":195,\"height\":46,\"caption\":\"Meydan TV\"},\"image\":{\"@id\":\"https:\\\/\\\/www.meydan.tv\\\/az\\\/#\\\/schema\\\/logo\\\/image\\\/\"}},{\"@type\":\"Person\",\"@id\":\"https:\\\/\\\/www.meydan.tv\\\/az\\\/#\\\/schema\\\/person\\\/10d11eccf6da3662cf5fdab9806ea91a\",\"name\":\"user-manager\"}]}<\/script>\n<!-- \/ Yoast SEO plugin. -->","yoast_head_json":{"title":"G\u0259nc\u0259 sakini: R\u0259sulzad\u0259nin heyk\u0259li olan parkda a\u011faclar k\u0259silir - MEYDAN.TV","robots":{"index":"index","follow":"follow","max-snippet":"max-snippet:-1","max-image-preview":"max-image-preview:large","max-video-preview":"max-video-preview:-1"},"canonical":"https:\/\/www.meydan.tv\/az\/article\/gence-sakini-resulzadenin-heykeli-olan-parkda-agaclar-kesilir\/","og_locale":"az_AZ","og_type":"article","og_title":"G\u0259nc\u0259 sakini: R\u0259sulzad\u0259nin heyk\u0259li olan parkda a\u011faclar k\u0259silir - MEYDAN.TV","og_description":"\"Sad\u0259c\u0259, qorxdu\u011fumuz odur ki, sabah biri ortaya \u00e7\u0131x\u0131b burada obyekt tikm\u0259y\u0259 ba\u015flasa, nec\u0259 ki, a\u011fac k\u0259siminin qar\u015f\u0131s\u0131nda aciz qalm\u0131\u015f\u0131q, obyekt tikintisinin d\u0259 qar\u015f\u0131s\u0131n\u0131 ala bilm\u0259rik\"","og_url":"https:\/\/www.meydan.tv\/az\/article\/gence-sakini-resulzadenin-heykeli-olan-parkda-agaclar-kesilir\/","og_site_name":"MEYDAN.TV","article_published_time":"2020-02-10T10:11:37+00:00","og_image":[{"width":1280,"height":960,"url":"https:\/\/www.meydan.tv\/wp-content\/uploads\/image_from_ios_8_swzct8g.jpg","type":"image\/jpeg"}],"author":"user-manager","twitter_card":"summary_large_image","schema":{"@context":"https:\/\/schema.org","@graph":[{"@type":"Article","@id":"https:\/\/www.meydan.tv\/az\/article\/gence-sakini-resulzadenin-heykeli-olan-parkda-agaclar-kesilir\/#article","isPartOf":{"@id":"https:\/\/www.meydan.tv\/az\/article\/gence-sakini-resulzadenin-heykeli-olan-parkda-agaclar-kesilir\/"},"author":{"name":"user-manager","@id":"https:\/\/www.meydan.tv\/az\/#\/schema\/person\/10d11eccf6da3662cf5fdab9806ea91a"},"headline":"G\u0259nc\u0259 sakini: R\u0259sulzad\u0259nin heyk\u0259li olan parkda a\u011faclar k\u0259silir","datePublished":"2020-02-10T10:11:37+00:00","mainEntityOfPage":{"@id":"https:\/\/www.meydan.tv\/az\/article\/gence-sakini-resulzadenin-heykeli-olan-parkda-agaclar-kesilir\/"},"wordCount":829,"publisher":{"@id":"https:\/\/www.meydan.tv\/az\/#organization"},"image":{"@id":"https:\/\/www.meydan.tv\/az\/article\/gence-sakini-resulzadenin-heykeli-olan-parkda-agaclar-kesilir\/#primaryimage"},"thumbnailUrl":"https:\/\/www.meydan.tv\/wp-content\/uploads\/image_from_ios_8_swzct8g.jpg","articleSection":["B\u00f6lg\u0259"],"inLanguage":"az"},{"@type":"WebPage","@id":"https:\/\/www.meydan.tv\/az\/article\/gence-sakini-resulzadenin-heykeli-olan-parkda-agaclar-kesilir\/","url":"https:\/\/www.meydan.tv\/az\/article\/gence-sakini-resulzadenin-heykeli-olan-parkda-agaclar-kesilir\/","name":"G\u0259nc\u0259 sakini: R\u0259sulzad\u0259nin heyk\u0259li olan parkda a\u011faclar k\u0259silir - MEYDAN.TV","isPartOf":{"@id":"https:\/\/www.meydan.tv\/az\/#website"},"primaryImageOfPage":{"@id":"https:\/\/www.meydan.tv\/az\/article\/gence-sakini-resulzadenin-heykeli-olan-parkda-agaclar-kesilir\/#primaryimage"},"image":{"@id":"https:\/\/www.meydan.tv\/az\/article\/gence-sakini-resulzadenin-heykeli-olan-parkda-agaclar-kesilir\/#primaryimage"},"thumbnailUrl":"https:\/\/www.meydan.tv\/wp-content\/uploads\/image_from_ios_8_swzct8g.jpg","datePublished":"2020-02-10T10:11:37+00:00","breadcrumb":{"@id":"https:\/\/www.meydan.tv\/az\/article\/gence-sakini-resulzadenin-heykeli-olan-parkda-agaclar-kesilir\/#breadcrumb"},"inLanguage":"az","potentialAction":[{"@type":"ReadAction","target":["https:\/\/www.meydan.tv\/az\/article\/gence-sakini-resulzadenin-heykeli-olan-parkda-agaclar-kesilir\/"]}]},{"@type":"ImageObject","inLanguage":"az","@id":"https:\/\/www.meydan.tv\/az\/article\/gence-sakini-resulzadenin-heykeli-olan-parkda-agaclar-kesilir\/#primaryimage","url":"https:\/\/www.meydan.tv\/wp-content\/uploads\/image_from_ios_8_swzct8g.jpg","contentUrl":"https:\/\/www.meydan.tv\/wp-content\/uploads\/image_from_ios_8_swzct8g.jpg","width":1280,"height":960,"caption":"Source: Specify Source"},{"@type":"BreadcrumbList","@id":"https:\/\/www.meydan.tv\/az\/article\/gence-sakini-resulzadenin-heykeli-olan-parkda-agaclar-kesilir\/#breadcrumb","itemListElement":[{"@type":"ListItem","position":1,"name":"Ana s\u0259hif\u0259","item":"https:\/\/www.meydan.tv\/az\/"},{"@type":"ListItem","position":2,"name":"B\u00f6lg\u0259","item":"https:\/\/www.meydan.tv\/az\/section\/bolge\/"},{"@type":"ListItem","position":3,"name":"G\u0259nc\u0259 sakini: R\u0259sulzad\u0259nin heyk\u0259li olan parkda a\u011faclar k\u0259silir"}]},{"@type":"WebSite","@id":"https:\/\/www.meydan.tv\/az\/#website","url":"https:\/\/www.meydan.tv\/az\/","name":"MEYDAN.TV","description":"Meydan TV Az\u0259rbaycan\u0131n media m\u0259kan\u0131ndak\u0131 alternativ s\u0259sidir","publisher":{"@id":"https:\/\/www.meydan.tv\/az\/#organization"},"potentialAction":[{"@type":"SearchAction","target":{"@type":"EntryPoint","urlTemplate":"https:\/\/www.meydan.tv\/az\/?s={search_term_string}"},"query-input":{"@type":"PropertyValueSpecification","valueRequired":true,"valueName":"search_term_string"}}],"inLanguage":"az"},{"@type":"Organization","@id":"https:\/\/www.meydan.tv\/az\/#organization","name":"Meydan TV","url":"https:\/\/www.meydan.tv\/az\/","logo":{"@type":"ImageObject","inLanguage":"az","@id":"https:\/\/www.meydan.tv\/az\/#\/schema\/logo\/image\/","url":"https:\/\/www.meydan.tv\/wp-content\/uploads\/2021\/07\/meydan-logo.svg","contentUrl":"https:\/\/www.meydan.tv\/wp-content\/uploads\/2021\/07\/meydan-logo.svg","width":195,"height":46,"caption":"Meydan TV"},"image":{"@id":"https:\/\/www.meydan.tv\/az\/#\/schema\/logo\/image\/"}},{"@type":"Person","@id":"https:\/\/www.meydan.tv\/az\/#\/schema\/person\/10d11eccf6da3662cf5fdab9806ea91a","name":"user-manager"}]}},"_links":{"self":[{"href":"https:\/\/www.meydan.tv\/az\/wp-json\/wp\/v2\/posts\/199184","targetHints":{"allow":["GET"]}}],"collection":[{"href":"https:\/\/www.meydan.tv\/az\/wp-json\/wp\/v2\/posts"}],"about":[{"href":"https:\/\/www.meydan.tv\/az\/wp-json\/wp\/v2\/types\/post"}],"author":[{"embeddable":true,"href":"https:\/\/www.meydan.tv\/az\/wp-json\/wp\/v2\/users\/11"}],"replies":[{"embeddable":true,"href":"https:\/\/www.meydan.tv\/az\/wp-json\/wp\/v2\/comments?post=199184"}],"version-history":[{"count":0,"href":"https:\/\/www.meydan.tv\/az\/wp-json\/wp\/v2\/posts\/199184\/revisions"}],"wp:featuredmedia":[{"embeddable":true,"href":"https:\/\/www.meydan.tv\/az\/wp-json\/wp\/v2\/media\/137175"}],"wp:attachment":[{"href":"https:\/\/www.meydan.tv\/az\/wp-json\/wp\/v2\/media?parent=199184"}],"wp:term":[{"taxonomy":"category","embeddable":true,"href":"https:\/\/www.meydan.tv\/az\/wp-json\/wp\/v2\/categories?post=199184"},{"taxonomy":"post_tag","embeddable":true,"href":"https:\/\/www.meydan.tv\/az\/wp-json\/wp\/v2\/tags?post=199184"}],"curies":[{"name":"wp","href":"https:\/\/api.w.org\/{rel}","templated":true}]}}