{"id":199154,"date":"2020-02-07T19:43:37","date_gmt":"2020-02-07T19:43:37","guid":{"rendered":"https:\/\/www.meydan.tv\/article\/pakistanda-pedofiliyaya-qarsi-yeni-qetname-qebul-olundu\/"},"modified":"2020-02-07T19:43:37","modified_gmt":"2020-02-07T19:43:37","slug":"pakistanda-pedofiliyaya-qarsi-yeni-qetname-qebul-olundu","status":"publish","type":"post","link":"https:\/\/www.meydan.tv\/az\/article\/pakistanda-pedofiliyaya-qarsi-yeni-qetname-qebul-olundu\/","title":{"rendered":"Pakistanda pedofiliyaya qar\u015f\u0131 yeni q\u0259tnam\u0259 q\u0259bul olundu"},"content":{"rendered":"<p>\n  <i><br \/>\n    U\u015faqlar\u0131 cinsi istismar ed\u0259nl\u0259r k\u00fctl\u0259vi as\u0131lmal\u0131d\u0131r<br \/>\n  <\/i>\n<\/p>\n<p>\n  Pakistan\u0131n parlamentinin a\u015fa\u011f\u0131 palatas\u0131 u\u015faqlar\u0131n cinsi istismar\u0131 v\u0259 \u00f6ld\u00fcr\u00fclm\u0259sind\u0259 ittiham olunan insanlar\u0131n k\u00fctl\u0259vi \u015f\u0259kild\u0259 as\u0131lmas\u0131n\u0131 t\u0259l\u0259b ed\u0259n q\u0259tnam\u0259 q\u0259bul edib. RFE\/RLx\u0259b\u0259r verir ki, parlamentin bu q\u0259rar\u0131 m\u00fcxalif\u0259t v\u0259 insan haqlar\u0131 aktivistl\u0259ri t\u0259r\u0259find\u0259n pisl\u0259nib.\n<\/p>\n<p>\n  \u201cU\u015faqlara qar\u015f\u0131 cinay\u0259t t\u00f6r\u0259d\u0259nl\u0259r m\u0259rh\u0259m\u0259t\u0259 layiq deyil. Onlar \u015f\u0259h\u0259r m\u0259rk\u0259zind\u0259 as\u0131lmal\u0131d\u0131r\u201d,- Parlament \u0130\u015fl\u0259ri \u00fczr\u0259 nazir \u018fli M\u0259h\u0259mm\u0259d Xan fevral\u0131n 7-d\u0259 parlament\u0259 q\u0259tnam\u0259ni t\u0259qdim etdikd\u0259n sonra deyib.\n<\/p>\n<p>\n  Deputatlar\u0131n yar\u0131dan \u00e7oxu q\u0259tnam\u0259nin lehin\u0259 s\u0259s verib. Q\u0259tnam\u0259 x\u00fcsusil\u0259 Pakistan\u0131n r\u0259hb\u0259r T\u0259hrik\u0259 \u0130nsaaf Partiyas\u0131 t\u0259r\u0259find\u0259n d\u0259st\u0259kl\u0259nib.\n<\/p>\n<p>\n  Pakistan Xalq Partiyas\u0131 (PPP) q\u0259tnam\u0259d\u0259 deyil\u0259nl\u0259r\u0259 qar\u015f\u0131 \u00e7\u0131x\u0131b v\u0259 deyib ki, c\u0259zalar\u0131n s\u0259rtl\u0259\u015fdirilm\u0259sini art\u0131rmaq u\u015faqlar\u0131n cinsi istismar\u0131n\u0131 azaltmayacaq.\n<\/p>\n<p>\n  Son ill\u0259rd\u0259 Pakistanda u\u015faqlara qar\u015f\u0131 cinsi cinay\u0259tl\u0259rd\u0259 s\u0131\u00e7ray\u0131\u015f qeyd\u0259 al\u0131n\u0131b. Bu, k\u00fc\u00e7\u0259 etirazlar\u0131na v\u0259 milli q\u0131na\u011fa s\u0259b\u0259b olsa da, bununla ba\u011fl\u0131 m\u0259hkumluq hallar\u0131 nadir olub.\n<\/p>\n<p>\n  Elm v\u0259 texnologiya naziri, parlamentin \u00fczv\u00fc olan Favad \u00c7odri (Fawad Chaudhry) q\u0259tnam\u0259ni \u201cq\u0259ddar sivilizasiya t\u0259cr\u00fcb\u0259l\u0259rin\u0259 uy\u011fun ba\u015fqa n\u00f6v t\u0259hl\u00fck\u0259li akt\u201d olaraq xarakteriz\u0259 edib.\n<\/p>\n<p>\n  \u201cAmnesty \u0130nternational\u201d \u00f6l\u00fcm c\u0259zas\u0131n\u0131n cinsi istismar v\u0259 u\u015faqlar\u0131n \u00f6ld\u00fcr\u00fclm\u0259sin\u0259 cavab olmad\u0131\u011f\u0131n\u0131 deyib v\u0259 ictimai as\u0131lmalar\u0131 \u201ch\u00fcquqlara h\u00f6rm\u0259t ed\u0259n c\u0259miyy\u0259td\u0259 yeri olmayan\u201d d\u00fc\u015f\u00fcn\u00fclm\u0259mi\u015f q\u0259ddarl\u0131q akt\u0131 adland\u0131r\u0131b.\n<\/p>\n<p>\n  2014-c\u00fc ilin dekabr\u0131nda Pe\u015favar \u015f\u0259h\u0259rind\u0259 bir m\u0259kt\u0259bd\u0259 islam\u00e7\u0131lar t\u0259r\u0259find\u0259n 150-d\u0259n \u00e7ox insan\u0131n \u00f6ld\u00fcr\u00fclm\u0259sind\u0259n sonra Pakistan edam c\u0259zas\u0131na yeddi illik qeyri-r\u0259smi moratoriumu qald\u0131r\u0131b. \u00d6ld\u00fcr\u00fcl\u0259nl\u0259rin \u0259ks\u0259riyy\u0259tinin u\u015faq oldu\u011fu bildirilir.\n<\/p>\n<p>\n  Edamlar \u201c\u0259dal\u0259ti t\u0259min etmir\u201d dey\u0259n \u201cAmnesty \u0130nternational\u201d t\u0259\u015fkilat\u0131n\u0131n C\u0259nubi Asiya \u00fczr\u0259 direktor m\u00fcavini \u00d6m\u0259r Varayich deyib:\n<\/p>\n<p>\n  \u201cOnlar qisas aktlar\u0131d\u0131r v\u0259 onlar\u0131n t\u0259sirli vasit\u0259 kimi xidm\u0259t etm\u0259sin\u0259 dair he\u00e7 bir d\u0259lil yoxdur\u201d.\n<\/p>\n<p>\n  \u201cCinsi istismara qar\u015f\u0131 qanunlar t\u0259tbiq edilm\u0259li v\u0259 u\u015faqlara qar\u015f\u0131 zorak\u0131l\u0131q ed\u0259nl\u0259r \u00f6l\u00fcm c\u0259zas\u0131na m\u00fcraci\u0259t etm\u0259d\u0259n \u0259dal\u0259tli m\u0259hk\u0259m\u0259 qar\u015f\u0131s\u0131na \u00e7\u0131xar\u0131lmal\u0131d\u0131r\u201d, o deyib.\n<\/p>\n<p>\n  Pakistan 2016-c\u0131 ild\u0259 yetkinlik ya\u015f\u0131na \u00e7atmayanlar\u0131n cinsi istismar\u0131na v\u0259 u\u015faq pornoqrafiyas\u0131na qar\u015f\u0131 qanun t\u0259qdim edib.\n<\/p>\n<p>\n  Bu add\u0131m 2015-ci ild\u0259 P\u0259ncab \u0259yal\u0259tind\u0259 bir k\u0259ndd\u0259n olan u\u015faqlar\u0131n y\u00fczl\u0259rl\u0259 pornoqrafik videolar\u0131n\u0131n yay\u0131lmas\u0131yla ortaya \u00e7\u0131xan pedofiliya qalmaqal\u0131ndan sonra at\u0131l\u0131b. H\u0259bsl\u0259r h\u0259yata ke\u00e7irils\u0259 d\u0259, o zaman sad\u0259c\u0259 t\u0259cav\u00fcz hallar\u0131 qanunla c\u0259zaland\u0131r\u0131ld\u0131\u011f\u0131 ciddi add\u0131mlar at\u0131lmam\u0131\u015fd\u0131.\n<\/p>\n<p>\n  Qeyri-h\u00f6kum\u0259t t\u0259\u015fkilat\u0131 Sahilin verdiyi m\u0259lumata g\u00f6r\u0259, 2018-ci il \u0259rzind\u0259 3,832 u\u015fa\u011fa qar\u015f\u0131 zorak\u0131l\u0131q hadis\u0259si qeyd\u0259 al\u0131n\u0131b.<\/p>\n","protected":false},"excerpt":{"rendered":"<p>\u201cOnlar qisas aktlar\u0131d\u0131r v\u0259 onlar\u0131n t\u0259sirli vasit\u0259 kimi xidm\u0259t etm\u0259sin\u0259 dair he\u00e7 bir d\u0259lil yoxdur\u201d.<\/p>\n","protected":false},"author":11,"featured_media":137073,"comment_status":"closed","ping_status":"open","sticky":false,"template":"","format":"standard","meta":{"_acf_changed":false,"_sitemap_exclude":false,"_sitemap_priority":"","_sitemap_frequency":"","footnotes":""},"categories":[64],"tags":[],"class_list":["post-199154","post","type-post","status-publish","format-standard","has-post-thumbnail","hentry","category-dunya","infinite-scroll-item","generate-columns","tablet-grid-50","mobile-grid-100","grid-parent","grid-33","no-featured-image-padding"],"acf":[],"yoast_head":"<!-- This site is optimized with the Yoast SEO plugin v27.5 - https:\/\/yoast.com\/product\/yoast-seo-wordpress\/ -->\n<title>Pakistanda pedofiliyaya qar\u015f\u0131 yeni q\u0259tnam\u0259 q\u0259bul olundu - MEYDAN.TV<\/title>\n<meta name=\"robots\" content=\"index, follow, max-snippet:-1, max-image-preview:large, max-video-preview:-1\" \/>\n<link rel=\"canonical\" href=\"https:\/\/www.meydan.tv\/az\/article\/pakistanda-pedofiliyaya-qarsi-yeni-qetname-qebul-olundu\/\" \/>\n<meta property=\"og:locale\" content=\"az_AZ\" \/>\n<meta property=\"og:type\" content=\"article\" \/>\n<meta property=\"og:title\" content=\"Pakistanda pedofiliyaya qar\u015f\u0131 yeni q\u0259tnam\u0259 q\u0259bul olundu - MEYDAN.TV\" \/>\n<meta property=\"og:description\" content=\"\u201cOnlar qisas aktlar\u0131d\u0131r v\u0259 onlar\u0131n t\u0259sirli vasit\u0259 kimi xidm\u0259t etm\u0259sin\u0259 dair he\u00e7 bir d\u0259lil yoxdur\u201d.\" \/>\n<meta property=\"og:url\" content=\"https:\/\/www.meydan.tv\/az\/article\/pakistanda-pedofiliyaya-qarsi-yeni-qetname-qebul-olundu\/\" \/>\n<meta property=\"og:site_name\" content=\"MEYDAN.TV\" \/>\n<meta property=\"article:published_time\" content=\"2020-02-07T19:43:37+00:00\" \/>\n<meta property=\"og:image\" content=\"https:\/\/www.meydan.tv\/wp-content\/uploads\/parliament_1-859x577-1.jpg\" \/>\n\t<meta property=\"og:image:width\" content=\"859\" \/>\n\t<meta property=\"og:image:height\" content=\"577\" \/>\n\t<meta property=\"og:image:type\" content=\"image\/jpeg\" \/>\n<meta name=\"author\" content=\"user-manager\" \/>\n<meta name=\"twitter:card\" content=\"summary_large_image\" \/>\n<script type=\"application\/ld+json\" class=\"yoast-schema-graph\">{\"@context\":\"https:\\\/\\\/schema.org\",\"@graph\":[{\"@type\":\"Article\",\"@id\":\"https:\\\/\\\/www.meydan.tv\\\/az\\\/article\\\/pakistanda-pedofiliyaya-qarsi-yeni-qetname-qebul-olundu\\\/#article\",\"isPartOf\":{\"@id\":\"https:\\\/\\\/www.meydan.tv\\\/az\\\/article\\\/pakistanda-pedofiliyaya-qarsi-yeni-qetname-qebul-olundu\\\/\"},\"author\":{\"name\":\"user-manager\",\"@id\":\"https:\\\/\\\/www.meydan.tv\\\/az\\\/#\\\/schema\\\/person\\\/10d11eccf6da3662cf5fdab9806ea91a\"},\"headline\":\"Pakistanda pedofiliyaya qar\u015f\u0131 yeni q\u0259tnam\u0259 q\u0259bul olundu\",\"datePublished\":\"2020-02-07T19:43:37+00:00\",\"mainEntityOfPage\":{\"@id\":\"https:\\\/\\\/www.meydan.tv\\\/az\\\/article\\\/pakistanda-pedofiliyaya-qarsi-yeni-qetname-qebul-olundu\\\/\"},\"wordCount\":580,\"publisher\":{\"@id\":\"https:\\\/\\\/www.meydan.tv\\\/az\\\/#organization\"},\"image\":{\"@id\":\"https:\\\/\\\/www.meydan.tv\\\/az\\\/article\\\/pakistanda-pedofiliyaya-qarsi-yeni-qetname-qebul-olundu\\\/#primaryimage\"},\"thumbnailUrl\":\"https:\\\/\\\/www.meydan.tv\\\/wp-content\\\/uploads\\\/parliament_1-859x577-1.jpg\",\"articleSection\":[\"D\u00fcnya\"],\"inLanguage\":\"az\"},{\"@type\":\"WebPage\",\"@id\":\"https:\\\/\\\/www.meydan.tv\\\/az\\\/article\\\/pakistanda-pedofiliyaya-qarsi-yeni-qetname-qebul-olundu\\\/\",\"url\":\"https:\\\/\\\/www.meydan.tv\\\/az\\\/article\\\/pakistanda-pedofiliyaya-qarsi-yeni-qetname-qebul-olundu\\\/\",\"name\":\"Pakistanda pedofiliyaya qar\u015f\u0131 yeni q\u0259tnam\u0259 q\u0259bul olundu - MEYDAN.TV\",\"isPartOf\":{\"@id\":\"https:\\\/\\\/www.meydan.tv\\\/az\\\/#website\"},\"primaryImageOfPage\":{\"@id\":\"https:\\\/\\\/www.meydan.tv\\\/az\\\/article\\\/pakistanda-pedofiliyaya-qarsi-yeni-qetname-qebul-olundu\\\/#primaryimage\"},\"image\":{\"@id\":\"https:\\\/\\\/www.meydan.tv\\\/az\\\/article\\\/pakistanda-pedofiliyaya-qarsi-yeni-qetname-qebul-olundu\\\/#primaryimage\"},\"thumbnailUrl\":\"https:\\\/\\\/www.meydan.tv\\\/wp-content\\\/uploads\\\/parliament_1-859x577-1.jpg\",\"datePublished\":\"2020-02-07T19:43:37+00:00\",\"breadcrumb\":{\"@id\":\"https:\\\/\\\/www.meydan.tv\\\/az\\\/article\\\/pakistanda-pedofiliyaya-qarsi-yeni-qetname-qebul-olundu\\\/#breadcrumb\"},\"inLanguage\":\"az\",\"potentialAction\":[{\"@type\":\"ReadAction\",\"target\":[\"https:\\\/\\\/www.meydan.tv\\\/az\\\/article\\\/pakistanda-pedofiliyaya-qarsi-yeni-qetname-qebul-olundu\\\/\"]}]},{\"@type\":\"ImageObject\",\"inLanguage\":\"az\",\"@id\":\"https:\\\/\\\/www.meydan.tv\\\/az\\\/article\\\/pakistanda-pedofiliyaya-qarsi-yeni-qetname-qebul-olundu\\\/#primaryimage\",\"url\":\"https:\\\/\\\/www.meydan.tv\\\/wp-content\\\/uploads\\\/parliament_1-859x577-1.jpg\",\"contentUrl\":\"https:\\\/\\\/www.meydan.tv\\\/wp-content\\\/uploads\\\/parliament_1-859x577-1.jpg\",\"width\":859,\"height\":577,\"caption\":\"Source: Foto: google.ru\"},{\"@type\":\"BreadcrumbList\",\"@id\":\"https:\\\/\\\/www.meydan.tv\\\/az\\\/article\\\/pakistanda-pedofiliyaya-qarsi-yeni-qetname-qebul-olundu\\\/#breadcrumb\",\"itemListElement\":[{\"@type\":\"ListItem\",\"position\":1,\"name\":\"Ana s\u0259hif\u0259\",\"item\":\"https:\\\/\\\/www.meydan.tv\\\/az\\\/\"},{\"@type\":\"ListItem\",\"position\":2,\"name\":\"D\u00fcnya\",\"item\":\"https:\\\/\\\/www.meydan.tv\\\/az\\\/section\\\/dunya\\\/\"},{\"@type\":\"ListItem\",\"position\":3,\"name\":\"Pakistanda pedofiliyaya qar\u015f\u0131 yeni q\u0259tnam\u0259 q\u0259bul olundu\"}]},{\"@type\":\"WebSite\",\"@id\":\"https:\\\/\\\/www.meydan.tv\\\/az\\\/#website\",\"url\":\"https:\\\/\\\/www.meydan.tv\\\/az\\\/\",\"name\":\"MEYDAN.TV\",\"description\":\"Meydan TV Az\u0259rbaycan\u0131n media m\u0259kan\u0131ndak\u0131 alternativ s\u0259sidir\",\"publisher\":{\"@id\":\"https:\\\/\\\/www.meydan.tv\\\/az\\\/#organization\"},\"potentialAction\":[{\"@type\":\"SearchAction\",\"target\":{\"@type\":\"EntryPoint\",\"urlTemplate\":\"https:\\\/\\\/www.meydan.tv\\\/az\\\/?s={search_term_string}\"},\"query-input\":{\"@type\":\"PropertyValueSpecification\",\"valueRequired\":true,\"valueName\":\"search_term_string\"}}],\"inLanguage\":\"az\"},{\"@type\":\"Organization\",\"@id\":\"https:\\\/\\\/www.meydan.tv\\\/az\\\/#organization\",\"name\":\"Meydan TV\",\"url\":\"https:\\\/\\\/www.meydan.tv\\\/az\\\/\",\"logo\":{\"@type\":\"ImageObject\",\"inLanguage\":\"az\",\"@id\":\"https:\\\/\\\/www.meydan.tv\\\/az\\\/#\\\/schema\\\/logo\\\/image\\\/\",\"url\":\"https:\\\/\\\/www.meydan.tv\\\/wp-content\\\/uploads\\\/2021\\\/07\\\/meydan-logo.svg\",\"contentUrl\":\"https:\\\/\\\/www.meydan.tv\\\/wp-content\\\/uploads\\\/2021\\\/07\\\/meydan-logo.svg\",\"width\":195,\"height\":46,\"caption\":\"Meydan TV\"},\"image\":{\"@id\":\"https:\\\/\\\/www.meydan.tv\\\/az\\\/#\\\/schema\\\/logo\\\/image\\\/\"}},{\"@type\":\"Person\",\"@id\":\"https:\\\/\\\/www.meydan.tv\\\/az\\\/#\\\/schema\\\/person\\\/10d11eccf6da3662cf5fdab9806ea91a\",\"name\":\"user-manager\"}]}<\/script>\n<!-- \/ Yoast SEO plugin. -->","yoast_head_json":{"title":"Pakistanda pedofiliyaya qar\u015f\u0131 yeni q\u0259tnam\u0259 q\u0259bul olundu - MEYDAN.TV","robots":{"index":"index","follow":"follow","max-snippet":"max-snippet:-1","max-image-preview":"max-image-preview:large","max-video-preview":"max-video-preview:-1"},"canonical":"https:\/\/www.meydan.tv\/az\/article\/pakistanda-pedofiliyaya-qarsi-yeni-qetname-qebul-olundu\/","og_locale":"az_AZ","og_type":"article","og_title":"Pakistanda pedofiliyaya qar\u015f\u0131 yeni q\u0259tnam\u0259 q\u0259bul olundu - MEYDAN.TV","og_description":"\u201cOnlar qisas aktlar\u0131d\u0131r v\u0259 onlar\u0131n t\u0259sirli vasit\u0259 kimi xidm\u0259t etm\u0259sin\u0259 dair he\u00e7 bir d\u0259lil yoxdur\u201d.","og_url":"https:\/\/www.meydan.tv\/az\/article\/pakistanda-pedofiliyaya-qarsi-yeni-qetname-qebul-olundu\/","og_site_name":"MEYDAN.TV","article_published_time":"2020-02-07T19:43:37+00:00","og_image":[{"width":859,"height":577,"url":"https:\/\/www.meydan.tv\/wp-content\/uploads\/parliament_1-859x577-1.jpg","type":"image\/jpeg"}],"author":"user-manager","twitter_card":"summary_large_image","schema":{"@context":"https:\/\/schema.org","@graph":[{"@type":"Article","@id":"https:\/\/www.meydan.tv\/az\/article\/pakistanda-pedofiliyaya-qarsi-yeni-qetname-qebul-olundu\/#article","isPartOf":{"@id":"https:\/\/www.meydan.tv\/az\/article\/pakistanda-pedofiliyaya-qarsi-yeni-qetname-qebul-olundu\/"},"author":{"name":"user-manager","@id":"https:\/\/www.meydan.tv\/az\/#\/schema\/person\/10d11eccf6da3662cf5fdab9806ea91a"},"headline":"Pakistanda pedofiliyaya qar\u015f\u0131 yeni q\u0259tnam\u0259 q\u0259bul olundu","datePublished":"2020-02-07T19:43:37+00:00","mainEntityOfPage":{"@id":"https:\/\/www.meydan.tv\/az\/article\/pakistanda-pedofiliyaya-qarsi-yeni-qetname-qebul-olundu\/"},"wordCount":580,"publisher":{"@id":"https:\/\/www.meydan.tv\/az\/#organization"},"image":{"@id":"https:\/\/www.meydan.tv\/az\/article\/pakistanda-pedofiliyaya-qarsi-yeni-qetname-qebul-olundu\/#primaryimage"},"thumbnailUrl":"https:\/\/www.meydan.tv\/wp-content\/uploads\/parliament_1-859x577-1.jpg","articleSection":["D\u00fcnya"],"inLanguage":"az"},{"@type":"WebPage","@id":"https:\/\/www.meydan.tv\/az\/article\/pakistanda-pedofiliyaya-qarsi-yeni-qetname-qebul-olundu\/","url":"https:\/\/www.meydan.tv\/az\/article\/pakistanda-pedofiliyaya-qarsi-yeni-qetname-qebul-olundu\/","name":"Pakistanda pedofiliyaya qar\u015f\u0131 yeni q\u0259tnam\u0259 q\u0259bul olundu - MEYDAN.TV","isPartOf":{"@id":"https:\/\/www.meydan.tv\/az\/#website"},"primaryImageOfPage":{"@id":"https:\/\/www.meydan.tv\/az\/article\/pakistanda-pedofiliyaya-qarsi-yeni-qetname-qebul-olundu\/#primaryimage"},"image":{"@id":"https:\/\/www.meydan.tv\/az\/article\/pakistanda-pedofiliyaya-qarsi-yeni-qetname-qebul-olundu\/#primaryimage"},"thumbnailUrl":"https:\/\/www.meydan.tv\/wp-content\/uploads\/parliament_1-859x577-1.jpg","datePublished":"2020-02-07T19:43:37+00:00","breadcrumb":{"@id":"https:\/\/www.meydan.tv\/az\/article\/pakistanda-pedofiliyaya-qarsi-yeni-qetname-qebul-olundu\/#breadcrumb"},"inLanguage":"az","potentialAction":[{"@type":"ReadAction","target":["https:\/\/www.meydan.tv\/az\/article\/pakistanda-pedofiliyaya-qarsi-yeni-qetname-qebul-olundu\/"]}]},{"@type":"ImageObject","inLanguage":"az","@id":"https:\/\/www.meydan.tv\/az\/article\/pakistanda-pedofiliyaya-qarsi-yeni-qetname-qebul-olundu\/#primaryimage","url":"https:\/\/www.meydan.tv\/wp-content\/uploads\/parliament_1-859x577-1.jpg","contentUrl":"https:\/\/www.meydan.tv\/wp-content\/uploads\/parliament_1-859x577-1.jpg","width":859,"height":577,"caption":"Source: Foto: google.ru"},{"@type":"BreadcrumbList","@id":"https:\/\/www.meydan.tv\/az\/article\/pakistanda-pedofiliyaya-qarsi-yeni-qetname-qebul-olundu\/#breadcrumb","itemListElement":[{"@type":"ListItem","position":1,"name":"Ana s\u0259hif\u0259","item":"https:\/\/www.meydan.tv\/az\/"},{"@type":"ListItem","position":2,"name":"D\u00fcnya","item":"https:\/\/www.meydan.tv\/az\/section\/dunya\/"},{"@type":"ListItem","position":3,"name":"Pakistanda pedofiliyaya qar\u015f\u0131 yeni q\u0259tnam\u0259 q\u0259bul olundu"}]},{"@type":"WebSite","@id":"https:\/\/www.meydan.tv\/az\/#website","url":"https:\/\/www.meydan.tv\/az\/","name":"MEYDAN.TV","description":"Meydan TV Az\u0259rbaycan\u0131n media m\u0259kan\u0131ndak\u0131 alternativ s\u0259sidir","publisher":{"@id":"https:\/\/www.meydan.tv\/az\/#organization"},"potentialAction":[{"@type":"SearchAction","target":{"@type":"EntryPoint","urlTemplate":"https:\/\/www.meydan.tv\/az\/?s={search_term_string}"},"query-input":{"@type":"PropertyValueSpecification","valueRequired":true,"valueName":"search_term_string"}}],"inLanguage":"az"},{"@type":"Organization","@id":"https:\/\/www.meydan.tv\/az\/#organization","name":"Meydan TV","url":"https:\/\/www.meydan.tv\/az\/","logo":{"@type":"ImageObject","inLanguage":"az","@id":"https:\/\/www.meydan.tv\/az\/#\/schema\/logo\/image\/","url":"https:\/\/www.meydan.tv\/wp-content\/uploads\/2021\/07\/meydan-logo.svg","contentUrl":"https:\/\/www.meydan.tv\/wp-content\/uploads\/2021\/07\/meydan-logo.svg","width":195,"height":46,"caption":"Meydan TV"},"image":{"@id":"https:\/\/www.meydan.tv\/az\/#\/schema\/logo\/image\/"}},{"@type":"Person","@id":"https:\/\/www.meydan.tv\/az\/#\/schema\/person\/10d11eccf6da3662cf5fdab9806ea91a","name":"user-manager"}]}},"_links":{"self":[{"href":"https:\/\/www.meydan.tv\/az\/wp-json\/wp\/v2\/posts\/199154","targetHints":{"allow":["GET"]}}],"collection":[{"href":"https:\/\/www.meydan.tv\/az\/wp-json\/wp\/v2\/posts"}],"about":[{"href":"https:\/\/www.meydan.tv\/az\/wp-json\/wp\/v2\/types\/post"}],"author":[{"embeddable":true,"href":"https:\/\/www.meydan.tv\/az\/wp-json\/wp\/v2\/users\/11"}],"replies":[{"embeddable":true,"href":"https:\/\/www.meydan.tv\/az\/wp-json\/wp\/v2\/comments?post=199154"}],"version-history":[{"count":0,"href":"https:\/\/www.meydan.tv\/az\/wp-json\/wp\/v2\/posts\/199154\/revisions"}],"wp:featuredmedia":[{"embeddable":true,"href":"https:\/\/www.meydan.tv\/az\/wp-json\/wp\/v2\/media\/137073"}],"wp:attachment":[{"href":"https:\/\/www.meydan.tv\/az\/wp-json\/wp\/v2\/media?parent=199154"}],"wp:term":[{"taxonomy":"category","embeddable":true,"href":"https:\/\/www.meydan.tv\/az\/wp-json\/wp\/v2\/categories?post=199154"},{"taxonomy":"post_tag","embeddable":true,"href":"https:\/\/www.meydan.tv\/az\/wp-json\/wp\/v2\/tags?post=199154"}],"curies":[{"name":"wp","href":"https:\/\/api.w.org\/{rel}","templated":true}]}}