{"id":199153,"date":"2020-02-07T19:38:55","date_gmt":"2020-02-07T19:38:55","guid":{"rendered":"https:\/\/www.meydan.tv\/article\/tramp-el-qaidanin-yemen-lideri-abs-emeliyyatinda-oldurulub\/"},"modified":"2020-02-07T19:38:55","modified_gmt":"2020-02-07T19:38:55","slug":"tramp-el-qaidanin-yemen-lideri-abs-emeliyyatinda-oldurulub","status":"publish","type":"post","link":"https:\/\/www.meydan.tv\/az\/article\/tramp-el-qaidanin-yemen-lideri-abs-emeliyyatinda-oldurulub\/","title":{"rendered":"Tramp: \u018fl-Qaidan\u0131n Y\u0259m\u0259n lideri AB\u015e \u0259m\u0259liyyat\u0131nda \u00f6ld\u00fcr\u00fcl\u00fcb"},"content":{"rendered":"<p>\n  <i><br \/>\n    \u201cBiz\u0259 z\u0259r\u0259r verm\u0259k ist\u0259y\u0259n terror\u00e7ular\u0131 aradan qald\u0131rmaqla Amerika xalq\u0131n\u0131 qoruma\u011fa davam ed\u0259c\u0259yik\u201d<br \/>\n  <\/i>\n<\/p>\n<p>\n  \u018fl-Qaidan\u0131n \u018fr\u0259b Yar\u0131madas\u0131ndak\u0131 (AQAP) lideri Qassim \u0259l-Rimi Y\u0259m\u0259nd\u0259 ke\u00e7irilmi\u015f \u0259m\u0259liyyat zaman\u0131 \u00f6ld\u00fcr\u00fcl\u00fcb, &#8211; AB\u015e Prezidenti Donald Tramp c\u00fcm\u0259 ax\u015fam\u0131 b\u0259yan edib.\n<\/p>\n<p>\n  \u201cAl Jazeera\u201d x\u0259b\u0259r verir ki, \u0259l-Rimi ke\u00e7\u0259n il Floridada yerl\u0259\u015f\u0259n AB\u015e d\u0259niz hava bazas\u0131na edilmi\u015f \u00f6l\u00fcmc\u00fcl h\u00fccuma g\u00f6r\u0259 m\u0259suliyy\u0259ti \u00f6z \u00fcz\u0259rin\u0259 al\u0131b. H\u00fccum zaman\u0131 S\u0259udiyy\u0259 aviasiya kursant\u0131 \u00fc\u00e7 AB\u015e d\u0259niz\u00e7isini \u00f6ld\u00fcrm\u00fc\u015fd\u00fc. \u018fl-Rimi h\u00fccum\u00e7u Mohammed Alshamranini \u201cc\u0259sar\u0259tli c\u0259ngav\u0259r\u201d v\u0259 \u201cq\u0259hr\u0259man\u201d adland\u0131rm\u0131\u015fd\u0131. Alshamrani d\u0259rs ota\u011f\u0131n\u0131n i\u00e7ind\u0259 at\u0259\u015f a\u00e7araq s\u0259kkiz n\u0259f\u0259rin d\u0259 yaralanmas\u0131na s\u0259b\u0259b olmu\u015fdu. O, otaqda olan dig\u0259r h\u0259rb\u00e7inin at\u0259\u015f a\u00e7mas\u0131yla \u00f6ld\u00fcr\u00fcl\u00fcb.\n<\/p>\n<p>\n  H\u00fccum xarici t\u0259l\u0259b\u0259l\u0259rin AB\u015e h\u0259rbi t\u0259lim proqramlar\u0131na c\u0259lb edilm\u0259sin\u0259 ictimai diqq\u0259ti art\u0131rm\u0131\u015f, kursantlar\u0131n se\u00e7ilm\u0259si zaman\u0131 m\u00f6vcud olan \u00e7at\u0131\u015fmazl\u0131qlar\u0131 \u00fcz\u0259 \u00e7\u0131xarm\u0131\u015fd\u0131. Yanvar ay\u0131nda AB\u015e 21 s\u0259udi h\u0259rbi kursant\u0131 \u201canti-Amerika duy\u011fular\u0131na\u201d sahib olmalar\u0131 iddias\u0131yla \u00f6z \u00f6lk\u0259l\u0259rin\u0259 g\u00f6nd\u0259rib.\n<\/p>\n<p>\n  AQAP uzun m\u00fcdd\u0259t AB\u015e-a h\u00fccum etm\u0259kd\u0259 \u0259l-Qaidan\u0131n \u0259n t\u0259hl\u00fck\u0259li t\u0259r\u0259fda\u015f\u0131 hesab olunur. Tramp deyib ki, \u0259l-Riminin \u00f6l\u00fcm\u00fc n\u0259tic\u0259sind\u0259 AB\u015e v\u0259 onun m\u00fctt\u0259fiql\u0259ri art\u0131q t\u0259hl\u00fck\u0259sizdir.\n<\/p>\n<p>\n  \u201cBiz\u0259 z\u0259r\u0259r verm\u0259k ist\u0259y\u0259n terror\u00e7ular\u0131 aradan qald\u0131rmaqla Amerika xalq\u0131n\u0131 qoruma\u011fa davam ed\u0259c\u0259yik\u201d,- Tramp c\u00fcm\u0259 ax\u015fam\u0131 g\u00fcn\u00fc deyib.\n<\/p>\n<p>\n  Tramp \u0259l-Riminin \u00f6ld\u00fcr\u00fcld\u00fcy\u00fcn\u00fc t\u0259sdiql\u0259s\u0259 d\u0259, o, AB\u015e \u0259m\u0259liyyat\u0131n\u0131n n\u0259 vaxt apar\u0131ld\u0131\u011f\u0131 v\u0259 ya bunun nec\u0259 h\u0259yata ke\u00e7irildiyi il\u0259 ba\u011fl\u0131 h\u0259r hans\u0131 bir detal payla\u015fmay\u0131b. \u018fl-Qaida onun \u00f6l\u00fcm\u00fcn\u00fc t\u0259sdiql\u0259m\u0259yib.\n<\/p>\n<figure class=\"wp-block-image size-large\">\n  <img decoding=\"async\" src=\"https:\/\/www.meydan.tv\/az\/584b438f-4c8b-4d3e-8c68-0a49f17874a9_16x9_788x442-jpg\/\" alt=\"584b438f-4c8b-4d3e-8c68-0a49f17874a9_16x9_788x442.jpg\" class=\"wp-image-137067\"\/><figcaption>\n    Qassim \u0259l-Rimi<br \/>\n  <\/figcaption><\/figure>\n<p>\n  \u201cAl Jazeera\u201d-nin m\u00fcxbiri \u018fndi Qala\u00e7er (Andy Gallacher) Va\u015finqton DC-d\u0259n x\u0259b\u0259r ver\u0259r\u0259k deyib ki, 41 ya\u015fl\u0131 \u0259l-Riminin \u00f6l\u00fcm\u00fcn\u0259 s\u0259b\u0259b olan h\u00fccum \u00f6t\u0259n ay ba\u015f verib.\n<\/p>\n<p>\n  \u201cCIA v\u0259 Amerika k\u0259\u015ffiyyat\u00e7\u0131lar\u0131 \u0259vv\u0259lki h\u00fccumlardan sonra ehtiyatli olma\u011fa \u00e7al\u0131\u015f\u0131blar\u201d,- o deyib.\n<\/p>\n<p>\n  \u201c\u018fl-Rimi AB\u015e hakimiyy\u0259ti \u00fc\u00e7\u00fcn \u0259h\u0259miyy\u0259tli h\u0259d\u0259fdir. O, 11 sentyabr kimi h\u00fccumlar haqda \u0259vv\u0259lc\u0259d\u0259n x\u0259b\u0259rdar olan azsayl\u0131 liderl\u0259rd\u0259n biridir\u201d,- Qala\u00e7er deyib.\n<\/p>\n<p>\n  \u201cAB\u015e s\u0259firini devirm\u0259y\u0259 c\u0259hd etdiyi \u00fc\u00e7\u00fcn be\u015f il h\u0259bs yatan \u0259l-Rimi Y\u0259m\u0259n\u0259 qay\u0131tmadan \u00f6nc\u0259 \u018ffqan\u0131standak\u0131 d\u00fc\u015f\u0259rg\u0259l\u0259rd\u0259 t\u0259lim g\u00f6r\u00fcb. 2006-c\u0131 ild\u0259 h\u0259bsd\u0259n \u00e7\u0131xan \u0259l-Rimi AB\u015e s\u0259firliyin\u0259 edil\u0259n h\u00fccumun arxas\u0131nda olub\u201d.\n<\/p>\n<p>\n  Yanvar\u0131n sonlar\u0131nda AB\u015e-\u0131n pilotsuz jet h\u00fccumunda Y\u0259m\u0259nin \u015f\u0259rqind\u0259 yerl\u0259\u015f\u0259n \u0259l-Qaida d\u00f6y\u00fc\u015f\u00e7\u00fcl\u0259rinin binas\u0131 da\u011f\u0131d\u0131l\u0131b.\n<\/p>\n<p>\n  Bununla yana\u015f\u0131 1 fevralda Tramp \u0259l-Rimin \u00f6ld\u00fcr\u00fcld\u00fcy\u00fcn\u00fc t\u0259sdiql\u0259y\u0259n bir ne\u00e7\u0259 tvit v\u0259 x\u0259b\u0259ri yenid\u0259n \u00f6z hesab\u0131nda payla\u015f\u0131b.<\/p>\n","protected":false},"excerpt":{"rendered":"<p>&#8220;CIA v\u0259 Amerika k\u0259\u015ffiyyat\u00e7\u0131lar\u0131 \u0259vv\u0259lki h\u00fccumlardan sonra ehtiyatli olma\u011fa \u00e7al\u0131\u015f\u0131blar\u201d,- o deyib.<\/p>\n","protected":false},"author":11,"featured_media":96452,"comment_status":"closed","ping_status":"open","sticky":false,"template":"","format":"standard","meta":{"_acf_changed":false,"_sitemap_exclude":false,"_sitemap_priority":"","_sitemap_frequency":"","footnotes":""},"categories":[64],"tags":[],"class_list":["post-199153","post","type-post","status-publish","format-standard","has-post-thumbnail","hentry","category-dunya","infinite-scroll-item","generate-columns","tablet-grid-50","mobile-grid-100","grid-parent","grid-33","no-featured-image-padding"],"acf":[],"yoast_head":"<!-- This site is optimized with the Yoast SEO plugin v27.5 - https:\/\/yoast.com\/product\/yoast-seo-wordpress\/ -->\n<title>Tramp: \u018fl-Qaidan\u0131n Y\u0259m\u0259n lideri AB\u015e \u0259m\u0259liyyat\u0131nda \u00f6ld\u00fcr\u00fcl\u00fcb - MEYDAN.TV<\/title>\n<meta name=\"robots\" content=\"index, follow, max-snippet:-1, max-image-preview:large, max-video-preview:-1\" \/>\n<link rel=\"canonical\" href=\"https:\/\/www.meydan.tv\/az\/article\/tramp-el-qaidanin-yemen-lideri-abs-emeliyyatinda-oldurulub\/\" \/>\n<meta property=\"og:locale\" content=\"az_AZ\" \/>\n<meta property=\"og:type\" content=\"article\" \/>\n<meta property=\"og:title\" content=\"Tramp: \u018fl-Qaidan\u0131n Y\u0259m\u0259n lideri AB\u015e \u0259m\u0259liyyat\u0131nda \u00f6ld\u00fcr\u00fcl\u00fcb - MEYDAN.TV\" \/>\n<meta property=\"og:description\" content=\"&quot;CIA v\u0259 Amerika k\u0259\u015ffiyyat\u00e7\u0131lar\u0131 \u0259vv\u0259lki h\u00fccumlardan sonra ehtiyatli olma\u011fa \u00e7al\u0131\u015f\u0131blar\u201d,- o deyib.\" \/>\n<meta property=\"og:url\" content=\"https:\/\/www.meydan.tv\/az\/article\/tramp-el-qaidanin-yemen-lideri-abs-emeliyyatinda-oldurulub\/\" \/>\n<meta property=\"og:site_name\" content=\"MEYDAN.TV\" \/>\n<meta property=\"article:published_time\" content=\"2020-02-07T19:38:55+00:00\" \/>\n<meta property=\"og:image\" content=\"https:\/\/www.meydan.tv\/wp-content\/uploads\/38062-1.jpg\" \/>\n\t<meta property=\"og:image:width\" content=\"1280\" \/>\n\t<meta property=\"og:image:height\" content=\"879\" \/>\n\t<meta property=\"og:image:type\" content=\"image\/jpeg\" \/>\n<meta name=\"author\" content=\"user-manager\" \/>\n<meta name=\"twitter:card\" content=\"summary_large_image\" \/>\n<script type=\"application\/ld+json\" class=\"yoast-schema-graph\">{\"@context\":\"https:\\\/\\\/schema.org\",\"@graph\":[{\"@type\":\"Article\",\"@id\":\"https:\\\/\\\/www.meydan.tv\\\/az\\\/article\\\/tramp-el-qaidanin-yemen-lideri-abs-emeliyyatinda-oldurulub\\\/#article\",\"isPartOf\":{\"@id\":\"https:\\\/\\\/www.meydan.tv\\\/az\\\/article\\\/tramp-el-qaidanin-yemen-lideri-abs-emeliyyatinda-oldurulub\\\/\"},\"author\":{\"name\":\"user-manager\",\"@id\":\"https:\\\/\\\/www.meydan.tv\\\/az\\\/#\\\/schema\\\/person\\\/10d11eccf6da3662cf5fdab9806ea91a\"},\"headline\":\"Tramp: \u018fl-Qaidan\u0131n Y\u0259m\u0259n lideri AB\u015e \u0259m\u0259liyyat\u0131nda \u00f6ld\u00fcr\u00fcl\u00fcb\",\"datePublished\":\"2020-02-07T19:38:55+00:00\",\"mainEntityOfPage\":{\"@id\":\"https:\\\/\\\/www.meydan.tv\\\/az\\\/article\\\/tramp-el-qaidanin-yemen-lideri-abs-emeliyyatinda-oldurulub\\\/\"},\"wordCount\":569,\"publisher\":{\"@id\":\"https:\\\/\\\/www.meydan.tv\\\/az\\\/#organization\"},\"image\":{\"@id\":\"https:\\\/\\\/www.meydan.tv\\\/az\\\/article\\\/tramp-el-qaidanin-yemen-lideri-abs-emeliyyatinda-oldurulub\\\/#primaryimage\"},\"thumbnailUrl\":\"https:\\\/\\\/www.meydan.tv\\\/wp-content\\\/uploads\\\/38062-1.jpg\",\"articleSection\":[\"D\u00fcnya\"],\"inLanguage\":\"az\"},{\"@type\":\"WebPage\",\"@id\":\"https:\\\/\\\/www.meydan.tv\\\/az\\\/article\\\/tramp-el-qaidanin-yemen-lideri-abs-emeliyyatinda-oldurulub\\\/\",\"url\":\"https:\\\/\\\/www.meydan.tv\\\/az\\\/article\\\/tramp-el-qaidanin-yemen-lideri-abs-emeliyyatinda-oldurulub\\\/\",\"name\":\"Tramp: \u018fl-Qaidan\u0131n Y\u0259m\u0259n lideri AB\u015e \u0259m\u0259liyyat\u0131nda \u00f6ld\u00fcr\u00fcl\u00fcb - MEYDAN.TV\",\"isPartOf\":{\"@id\":\"https:\\\/\\\/www.meydan.tv\\\/az\\\/#website\"},\"primaryImageOfPage\":{\"@id\":\"https:\\\/\\\/www.meydan.tv\\\/az\\\/article\\\/tramp-el-qaidanin-yemen-lideri-abs-emeliyyatinda-oldurulub\\\/#primaryimage\"},\"image\":{\"@id\":\"https:\\\/\\\/www.meydan.tv\\\/az\\\/article\\\/tramp-el-qaidanin-yemen-lideri-abs-emeliyyatinda-oldurulub\\\/#primaryimage\"},\"thumbnailUrl\":\"https:\\\/\\\/www.meydan.tv\\\/wp-content\\\/uploads\\\/38062-1.jpg\",\"datePublished\":\"2020-02-07T19:38:55+00:00\",\"breadcrumb\":{\"@id\":\"https:\\\/\\\/www.meydan.tv\\\/az\\\/article\\\/tramp-el-qaidanin-yemen-lideri-abs-emeliyyatinda-oldurulub\\\/#breadcrumb\"},\"inLanguage\":\"az\",\"potentialAction\":[{\"@type\":\"ReadAction\",\"target\":[\"https:\\\/\\\/www.meydan.tv\\\/az\\\/article\\\/tramp-el-qaidanin-yemen-lideri-abs-emeliyyatinda-oldurulub\\\/\"]}]},{\"@type\":\"ImageObject\",\"inLanguage\":\"az\",\"@id\":\"https:\\\/\\\/www.meydan.tv\\\/az\\\/article\\\/tramp-el-qaidanin-yemen-lideri-abs-emeliyyatinda-oldurulub\\\/#primaryimage\",\"url\":\"https:\\\/\\\/www.meydan.tv\\\/wp-content\\\/uploads\\\/38062-1.jpg\",\"contentUrl\":\"https:\\\/\\\/www.meydan.tv\\\/wp-content\\\/uploads\\\/38062-1.jpg\",\"width\":1280,\"height\":879,\"caption\":\"Source:\"},{\"@type\":\"BreadcrumbList\",\"@id\":\"https:\\\/\\\/www.meydan.tv\\\/az\\\/article\\\/tramp-el-qaidanin-yemen-lideri-abs-emeliyyatinda-oldurulub\\\/#breadcrumb\",\"itemListElement\":[{\"@type\":\"ListItem\",\"position\":1,\"name\":\"Ana s\u0259hif\u0259\",\"item\":\"https:\\\/\\\/www.meydan.tv\\\/az\\\/\"},{\"@type\":\"ListItem\",\"position\":2,\"name\":\"D\u00fcnya\",\"item\":\"https:\\\/\\\/www.meydan.tv\\\/az\\\/section\\\/dunya\\\/\"},{\"@type\":\"ListItem\",\"position\":3,\"name\":\"Tramp: \u018fl-Qaidan\u0131n Y\u0259m\u0259n lideri AB\u015e \u0259m\u0259liyyat\u0131nda \u00f6ld\u00fcr\u00fcl\u00fcb\"}]},{\"@type\":\"WebSite\",\"@id\":\"https:\\\/\\\/www.meydan.tv\\\/az\\\/#website\",\"url\":\"https:\\\/\\\/www.meydan.tv\\\/az\\\/\",\"name\":\"MEYDAN.TV\",\"description\":\"Meydan TV Az\u0259rbaycan\u0131n media m\u0259kan\u0131ndak\u0131 alternativ s\u0259sidir\",\"publisher\":{\"@id\":\"https:\\\/\\\/www.meydan.tv\\\/az\\\/#organization\"},\"potentialAction\":[{\"@type\":\"SearchAction\",\"target\":{\"@type\":\"EntryPoint\",\"urlTemplate\":\"https:\\\/\\\/www.meydan.tv\\\/az\\\/?s={search_term_string}\"},\"query-input\":{\"@type\":\"PropertyValueSpecification\",\"valueRequired\":true,\"valueName\":\"search_term_string\"}}],\"inLanguage\":\"az\"},{\"@type\":\"Organization\",\"@id\":\"https:\\\/\\\/www.meydan.tv\\\/az\\\/#organization\",\"name\":\"Meydan TV\",\"url\":\"https:\\\/\\\/www.meydan.tv\\\/az\\\/\",\"logo\":{\"@type\":\"ImageObject\",\"inLanguage\":\"az\",\"@id\":\"https:\\\/\\\/www.meydan.tv\\\/az\\\/#\\\/schema\\\/logo\\\/image\\\/\",\"url\":\"https:\\\/\\\/www.meydan.tv\\\/wp-content\\\/uploads\\\/2021\\\/07\\\/meydan-logo.svg\",\"contentUrl\":\"https:\\\/\\\/www.meydan.tv\\\/wp-content\\\/uploads\\\/2021\\\/07\\\/meydan-logo.svg\",\"width\":195,\"height\":46,\"caption\":\"Meydan TV\"},\"image\":{\"@id\":\"https:\\\/\\\/www.meydan.tv\\\/az\\\/#\\\/schema\\\/logo\\\/image\\\/\"}},{\"@type\":\"Person\",\"@id\":\"https:\\\/\\\/www.meydan.tv\\\/az\\\/#\\\/schema\\\/person\\\/10d11eccf6da3662cf5fdab9806ea91a\",\"name\":\"user-manager\"}]}<\/script>\n<!-- \/ Yoast SEO plugin. -->","yoast_head_json":{"title":"Tramp: \u018fl-Qaidan\u0131n Y\u0259m\u0259n lideri AB\u015e \u0259m\u0259liyyat\u0131nda \u00f6ld\u00fcr\u00fcl\u00fcb - MEYDAN.TV","robots":{"index":"index","follow":"follow","max-snippet":"max-snippet:-1","max-image-preview":"max-image-preview:large","max-video-preview":"max-video-preview:-1"},"canonical":"https:\/\/www.meydan.tv\/az\/article\/tramp-el-qaidanin-yemen-lideri-abs-emeliyyatinda-oldurulub\/","og_locale":"az_AZ","og_type":"article","og_title":"Tramp: \u018fl-Qaidan\u0131n Y\u0259m\u0259n lideri AB\u015e \u0259m\u0259liyyat\u0131nda \u00f6ld\u00fcr\u00fcl\u00fcb - MEYDAN.TV","og_description":"\"CIA v\u0259 Amerika k\u0259\u015ffiyyat\u00e7\u0131lar\u0131 \u0259vv\u0259lki h\u00fccumlardan sonra ehtiyatli olma\u011fa \u00e7al\u0131\u015f\u0131blar\u201d,- o deyib.","og_url":"https:\/\/www.meydan.tv\/az\/article\/tramp-el-qaidanin-yemen-lideri-abs-emeliyyatinda-oldurulub\/","og_site_name":"MEYDAN.TV","article_published_time":"2020-02-07T19:38:55+00:00","og_image":[{"width":1280,"height":879,"url":"https:\/\/www.meydan.tv\/wp-content\/uploads\/38062-1.jpg","type":"image\/jpeg"}],"author":"user-manager","twitter_card":"summary_large_image","schema":{"@context":"https:\/\/schema.org","@graph":[{"@type":"Article","@id":"https:\/\/www.meydan.tv\/az\/article\/tramp-el-qaidanin-yemen-lideri-abs-emeliyyatinda-oldurulub\/#article","isPartOf":{"@id":"https:\/\/www.meydan.tv\/az\/article\/tramp-el-qaidanin-yemen-lideri-abs-emeliyyatinda-oldurulub\/"},"author":{"name":"user-manager","@id":"https:\/\/www.meydan.tv\/az\/#\/schema\/person\/10d11eccf6da3662cf5fdab9806ea91a"},"headline":"Tramp: \u018fl-Qaidan\u0131n Y\u0259m\u0259n lideri AB\u015e \u0259m\u0259liyyat\u0131nda \u00f6ld\u00fcr\u00fcl\u00fcb","datePublished":"2020-02-07T19:38:55+00:00","mainEntityOfPage":{"@id":"https:\/\/www.meydan.tv\/az\/article\/tramp-el-qaidanin-yemen-lideri-abs-emeliyyatinda-oldurulub\/"},"wordCount":569,"publisher":{"@id":"https:\/\/www.meydan.tv\/az\/#organization"},"image":{"@id":"https:\/\/www.meydan.tv\/az\/article\/tramp-el-qaidanin-yemen-lideri-abs-emeliyyatinda-oldurulub\/#primaryimage"},"thumbnailUrl":"https:\/\/www.meydan.tv\/wp-content\/uploads\/38062-1.jpg","articleSection":["D\u00fcnya"],"inLanguage":"az"},{"@type":"WebPage","@id":"https:\/\/www.meydan.tv\/az\/article\/tramp-el-qaidanin-yemen-lideri-abs-emeliyyatinda-oldurulub\/","url":"https:\/\/www.meydan.tv\/az\/article\/tramp-el-qaidanin-yemen-lideri-abs-emeliyyatinda-oldurulub\/","name":"Tramp: \u018fl-Qaidan\u0131n Y\u0259m\u0259n lideri AB\u015e \u0259m\u0259liyyat\u0131nda \u00f6ld\u00fcr\u00fcl\u00fcb - MEYDAN.TV","isPartOf":{"@id":"https:\/\/www.meydan.tv\/az\/#website"},"primaryImageOfPage":{"@id":"https:\/\/www.meydan.tv\/az\/article\/tramp-el-qaidanin-yemen-lideri-abs-emeliyyatinda-oldurulub\/#primaryimage"},"image":{"@id":"https:\/\/www.meydan.tv\/az\/article\/tramp-el-qaidanin-yemen-lideri-abs-emeliyyatinda-oldurulub\/#primaryimage"},"thumbnailUrl":"https:\/\/www.meydan.tv\/wp-content\/uploads\/38062-1.jpg","datePublished":"2020-02-07T19:38:55+00:00","breadcrumb":{"@id":"https:\/\/www.meydan.tv\/az\/article\/tramp-el-qaidanin-yemen-lideri-abs-emeliyyatinda-oldurulub\/#breadcrumb"},"inLanguage":"az","potentialAction":[{"@type":"ReadAction","target":["https:\/\/www.meydan.tv\/az\/article\/tramp-el-qaidanin-yemen-lideri-abs-emeliyyatinda-oldurulub\/"]}]},{"@type":"ImageObject","inLanguage":"az","@id":"https:\/\/www.meydan.tv\/az\/article\/tramp-el-qaidanin-yemen-lideri-abs-emeliyyatinda-oldurulub\/#primaryimage","url":"https:\/\/www.meydan.tv\/wp-content\/uploads\/38062-1.jpg","contentUrl":"https:\/\/www.meydan.tv\/wp-content\/uploads\/38062-1.jpg","width":1280,"height":879,"caption":"Source:"},{"@type":"BreadcrumbList","@id":"https:\/\/www.meydan.tv\/az\/article\/tramp-el-qaidanin-yemen-lideri-abs-emeliyyatinda-oldurulub\/#breadcrumb","itemListElement":[{"@type":"ListItem","position":1,"name":"Ana s\u0259hif\u0259","item":"https:\/\/www.meydan.tv\/az\/"},{"@type":"ListItem","position":2,"name":"D\u00fcnya","item":"https:\/\/www.meydan.tv\/az\/section\/dunya\/"},{"@type":"ListItem","position":3,"name":"Tramp: \u018fl-Qaidan\u0131n Y\u0259m\u0259n lideri AB\u015e \u0259m\u0259liyyat\u0131nda \u00f6ld\u00fcr\u00fcl\u00fcb"}]},{"@type":"WebSite","@id":"https:\/\/www.meydan.tv\/az\/#website","url":"https:\/\/www.meydan.tv\/az\/","name":"MEYDAN.TV","description":"Meydan TV Az\u0259rbaycan\u0131n media m\u0259kan\u0131ndak\u0131 alternativ s\u0259sidir","publisher":{"@id":"https:\/\/www.meydan.tv\/az\/#organization"},"potentialAction":[{"@type":"SearchAction","target":{"@type":"EntryPoint","urlTemplate":"https:\/\/www.meydan.tv\/az\/?s={search_term_string}"},"query-input":{"@type":"PropertyValueSpecification","valueRequired":true,"valueName":"search_term_string"}}],"inLanguage":"az"},{"@type":"Organization","@id":"https:\/\/www.meydan.tv\/az\/#organization","name":"Meydan TV","url":"https:\/\/www.meydan.tv\/az\/","logo":{"@type":"ImageObject","inLanguage":"az","@id":"https:\/\/www.meydan.tv\/az\/#\/schema\/logo\/image\/","url":"https:\/\/www.meydan.tv\/wp-content\/uploads\/2021\/07\/meydan-logo.svg","contentUrl":"https:\/\/www.meydan.tv\/wp-content\/uploads\/2021\/07\/meydan-logo.svg","width":195,"height":46,"caption":"Meydan TV"},"image":{"@id":"https:\/\/www.meydan.tv\/az\/#\/schema\/logo\/image\/"}},{"@type":"Person","@id":"https:\/\/www.meydan.tv\/az\/#\/schema\/person\/10d11eccf6da3662cf5fdab9806ea91a","name":"user-manager"}]}},"_links":{"self":[{"href":"https:\/\/www.meydan.tv\/az\/wp-json\/wp\/v2\/posts\/199153","targetHints":{"allow":["GET"]}}],"collection":[{"href":"https:\/\/www.meydan.tv\/az\/wp-json\/wp\/v2\/posts"}],"about":[{"href":"https:\/\/www.meydan.tv\/az\/wp-json\/wp\/v2\/types\/post"}],"author":[{"embeddable":true,"href":"https:\/\/www.meydan.tv\/az\/wp-json\/wp\/v2\/users\/11"}],"replies":[{"embeddable":true,"href":"https:\/\/www.meydan.tv\/az\/wp-json\/wp\/v2\/comments?post=199153"}],"version-history":[{"count":0,"href":"https:\/\/www.meydan.tv\/az\/wp-json\/wp\/v2\/posts\/199153\/revisions"}],"wp:featuredmedia":[{"embeddable":true,"href":"https:\/\/www.meydan.tv\/az\/wp-json\/wp\/v2\/media\/96452"}],"wp:attachment":[{"href":"https:\/\/www.meydan.tv\/az\/wp-json\/wp\/v2\/media?parent=199153"}],"wp:term":[{"taxonomy":"category","embeddable":true,"href":"https:\/\/www.meydan.tv\/az\/wp-json\/wp\/v2\/categories?post=199153"},{"taxonomy":"post_tag","embeddable":true,"href":"https:\/\/www.meydan.tv\/az\/wp-json\/wp\/v2\/tags?post=199153"}],"curies":[{"name":"wp","href":"https:\/\/api.w.org\/{rel}","templated":true}]}}