{"id":199145,"date":"2020-02-07T13:21:05","date_gmt":"2020-02-07T13:21:05","guid":{"rendered":"https:\/\/www.meydan.tv\/article\/berde-sakini-oglunun-mualicesi-ucun-komek-isteyir\/"},"modified":"2020-02-07T13:21:05","modified_gmt":"2020-02-07T13:21:05","slug":"berde-sakini-oglunun-mualicesi-ucun-komek-isteyir","status":"publish","type":"post","link":"https:\/\/www.meydan.tv\/az\/article\/berde-sakini-oglunun-mualicesi-ucun-komek-isteyir\/","title":{"rendered":"B\u0259rd\u0259 sakini o\u011flunun m\u00fcalic\u0259si \u00fc\u00e7\u00fcn k\u00f6m\u0259k ist\u0259yir"},"content":{"rendered":"<p>\n  <i><br \/>\n    \u201cG\u00f6zl\u0259ri g\u00f6rs\u0259, s\u0259rb\u0259st yeriy\u0259 bil\u0259r\u201d<br \/>\n  <\/i>\n<\/p>\n<p>\n  \u201cO\u011flum d\u00fcnyaya g\u0259l\u0259nd\u0259n indiy\u0259d\u0259k doyunca sevincini ya\u015faya bilm\u0259mi\u015fik. U\u015faq yar\u0131m\u00e7\u0131q do\u011fulmu\u015fdu, \u00e7\u0259kisi 1200 qram idi. G\u0259nc\u0259d\u0259 x\u0259st\u0259xanada h\u0259kiml\u0259r k\u00fcv\u0259zd\u0259 saxlay\u0131rd\u0131. Ev\u0259 g\u0259tir\u0259nd\u0259n iki-\u00fc\u00e7 ay sonra u\u015fa\u011f\u0131n g\u00f6rm\u0259 qabiliyy\u0259tinin olmad\u0131\u011f\u0131n\u0131 hiss etdik, \u00e7ox qorxduq, t\u0259cili h\u0259kim\u0259 apard\u0131q\u201d.\n<\/p>\n<p>\n  Bu s\u00f6zl\u0259ri Meydan TV-y\u0259 B\u0259rd\u0259 rayon Hacall\u0131 k\u0259nd sakini Faiq Abdulr\u0259himov deyir. S\u00f6yl\u0259diyin\u0259 g\u00f6r\u0259, azya\u015fl\u0131 o\u011flu R\u0259sul g\u00f6rm\u0259 q\u00fcsurludur:\n<\/p>\n<p>\n  \u201c1982-ci il t\u0259v\u0259ll\u00fcdl\u00fcy\u0259m, 2010-cu ild\u0259 evl\u0259nmi\u015f\u0259m. \u0130lk \u00f6vlad\u0131m q\u0131zd\u0131r, 8 ya\u015f\u0131 var. S\u0259hh\u0259tind\u0259 he\u00e7 bir problem yoxdur, sa\u011flamd\u0131r. R\u0259sul 2018-ci ild\u0259 yar\u0131m\u00e7\u0131q do\u011fulub. U\u015faq iki-\u00fc\u00e7 ayl\u0131q idi, hiss etdik ki, sanki kordur, he\u00e7 n\u0259 g\u00f6rm\u00fcr. Oyuncaq g\u00f6st\u0259rirdik, baxm\u0131rd\u0131, g\u00f6zl\u0259ri \u00e7\u0259pl\u0259\u015firdi. T\u0259cili Bak\u0131ya g\u0259tirdik, \u00e7ox h\u0259kiml\u0259rd\u0259 olduq. Xeyli m\u00fcdd\u0259t m\u00fcalic\u0259 olundu. Az\u0259rbaycanda az qals\u0131n, b\u00fct\u00fcn tan\u0131nm\u0131\u015f g\u00f6z h\u0259kiml\u0259rin\u0259 g\u00f6st\u0259rdik, dedil\u0259r ki, t\u0259cili xaric\u0259 apar\u0131b, \u0259m\u0259liyyat etdirm\u0259k laz\u0131md\u0131r. Sonra dedil\u0259r ki, Tehranda \u0259m\u0259liyyat olunsa, g\u00f6zl\u0259ri a\u00e7\u0131lacaq. G\u00f6z\u00fcn birini Tehranda \u0259m\u0259liyyat etdirdik, u\u015faq t\u0259xmin\u0259n be\u015f ayl\u0131q idi. \u018fm\u0259liyyat olundu, oradak\u0131 h\u0259kiml\u0259r dedi ki, iki aydan sonra t\u0259krar m\u00fcayin\u0259y\u0259 g\u0259lin. N\u00f6vb\u0259ti d\u0259f\u0259 getdik, h\u0259kim bax\u0131b, dedi ki, biz ist\u0259diyimiz n\u0259tic\u0259ni ala bilm\u0259mi\u015fik. Y\u0259ni h\u0259min \u0259m\u0259liyyat\u0131n he\u00e7 bir n\u0259tic\u0259si olmad\u0131. Burada sonradan h\u0259kiml\u0259r dedi ki, g\u0259r\u0259k \u0259m\u0259liyyat olunmayayd\u0131. \u0130ndi h\u0259r h\u0259kim bir s\u00f6z deyir. \u00d6z\u00fcm\u00fcz d\u0259 \u00e7a\u015f-ba\u015f qalm\u0131\u015f\u0131q. H\u0259tta oftalmoloq-c\u0259rrah Tural Q\u0259lbinur dedi ki, m\u0259n \u0259l vura bilm\u0259r\u0259m, amma u\u015faq t\u0259cili \u0259m\u0259liyyat olunmal\u0131d\u0131r. Onun da t\u00f6vsiy\u0259sin\u0259 g\u00f6r\u0259 bunun \u00fc\u00e7\u00fcn Az\u0259rbaycandan k\u0259nara \u00fcz tutmaq laz\u0131md\u0131r. Bir h\u0259kim deyir ki, g\u0259r\u0259k \u0259l vurulmayayd\u0131. Ba\u015fqa bir h\u0259kim deyir ki, s\u0259hv diaqnoz qoyulub. Biri torlu qi\u015fan\u0131n qopmas\u0131 diqanozunu qoyur, ba\u015fqa biri damar t\u0131xanmas\u0131 deyir. H\u0259r\u0259 bir s\u00f6z deyir, qalm\u0131\u015f\u0131q bel\u0259\u201d.\n<\/p>\n<figure class=\"wp-block-image size-large\">\n  <img decoding=\"async\" src=\"https:\/\/www.meydan.tv\/az\/untitled_design__8_-png\/\" alt=\"untitled_design__8_.png\" class=\"wp-image-137043\"\/><figcaption>\n    azya\u015fl\u0131 o\u011flu R\u0259sul<br \/>\n  <\/figcaption><\/figure>\n<p>\n  Atan\u0131n s\u00f6zl\u0259rin\u0259 g\u00f6r\u0259, o\u011flunun \u0259m\u0259liyyat\u0131na ukraynal\u0131 bir h\u0259kim raz\u0131l\u0131q verib. Bunun \u00fc\u00e7\u00fcn is\u0259 b\u00f6y\u00fck m\u0259bl\u0259\u011fd\u0259 pul laz\u0131md\u0131r. \u018fg\u0259r \u0259m\u0259liyyat olunarsa, R\u0259sulun 50-60 faiz g\u00f6rm\u0259 ehtimal\u0131 var:\n<\/p>\n<p>\n  \u201cBizim k\u0259ndd\u0259 bir ki\u015finin q\u0131z n\u0259v\u0259si var. U\u015fa\u011f\u0131n bir g\u00f6z\u00fc g\u00f6r\u00fcrd\u00fc, dig\u0259rind\u0259 bo\u015fluq idi. A\u011fla-qaras\u0131n\u0131n yerind\u0259 balaca a\u011f \u0259t idi. Onun Odessada tan\u0131\u015f\u0131 var idi, bir h\u0259kim tapd\u0131lar. U\u015fa\u011f\u0131 m\u00fcayin\u0259 edib, deyib ki, d\u00fcz\u0259l\u0259n deyil. R\u0259sulun ka\u011f\u0131zlar\u0131n\u0131 ona g\u00f6nd\u0259rdik, raz\u0131l\u0131q verdi. K\u00f6k h\u00fcceyr\u0259 k\u00f6\u00e7\u00fcrm\u0259 \u0259m\u0259liyyat\u0131 \u00fc\u00e7\u00fcn otuz be\u015f min manat pul laz\u0131md\u0131r. Bizim el\u0259 bir imkan\u0131m\u0131z yoxdur. Ali t\u0259hsilim olsa da, ail\u0259nin t\u0259k \u00f6vlad\u0131yam. \u0130\u015fl\u0259mir\u0259m, k\u0259nd t\u0259s\u0259rr\u00fcfat\u0131 il\u0259 m\u0259\u015f\u011ful oluram. U\u015fa\u011f\u0131n g\u00f6zl\u0259ri bu v\u0259ziyy\u0259t\u0259 d\u00fc\u015f\u0259nd\u0259n sonra iki ildir ki, davaml\u0131 olaraq Prezident Adminstrasiyas\u0131na, Heyd\u0259r \u018fliyev Fonduna d\u0259f\u0259l\u0259rl\u0259 teleqram vurmu\u015fam, m\u0259ktub yazm\u0131\u015fam. Fonddan cavab g\u0259lib ki, bizim xaric\u0259 g\u00f6nd\u0259ri\u015fimiz yoxdur. Az\u0259rbaycanda n\u0259 des\u0259z ed\u0259rik, amma xaricd\u0259 x\u0259st\u0259l\u0259rin \u0259m\u0259liyyat\u0131, m\u00fcalic\u0259si bizlik deyil. Buradak\u0131 x\u0259st\u0259xanalar\u0131 t\u00f6vsiy\u0259 etdil\u0259r. \u0130\u015f buras\u0131ndad\u0131r ki, biz Fonda yazmazdan \u00f6nc\u0259, qorxumuzdan u\u015fa\u011f\u0131 \u00f6lk\u0259nin \u0259n yax\u015f\u0131 h\u0259kim v\u0259 x\u0259st\u0259xanalar\u0131na aparm\u0131\u015fd\u0131q. Burada \u00e7ar\u0259 olmad\u0131\u011f\u0131 \u00fc\u00e7\u00fcn, xaric\u0259 \u00fcz tutduq\u201d.\n<\/p>\n<p>\n  Faiq Abdulr\u0259himov s\u00f6yl\u0259yir ki, azya\u015fl\u0131da beyin iflicin\u0259 b\u0259nz\u0259r narahatl\u0131q varm\u0131\u015f. Fiziki h\u0259r\u0259k\u0259tl\u0259ri m\u0259hdud imi\u015f, h\u0259tta dil a\u00e7\u0131b dan\u0131\u015fm\u0131rm\u0131\u015f:\n<\/p>\n<p>\n  \u201cAvropada f\u0259aliyy\u0259t g\u00f6st\u0259r\u0259n h\u0259myerlimiz vard\u0131. Az\u0259rbaycana g\u0259lmi\u015fdi, onunla g\u00f6r\u00fc\u015fd\u00fck. U\u015fa\u011fa \u00e7ox yax\u015f\u0131 m\u00fcalic\u0259 yazd\u0131, d\u0259rmanlar\u0131 xaricd\u0259n g\u0259tirtdik. \u0130flici aradan qalx\u0131b, \u0259vv\u0259l yeriy\u0259 bilmirdi. Amma indi \u0259lind\u0259n tutursan, add\u0131m ata bilir. \u018fvv\u0259ll\u0259r he\u00e7 dan\u0131\u015fm\u0131rd\u0131, art\u0131q \u201cn\u0259n\u0259\u201d, \u201cbaba\u201d dey\u0259 bilir. Y\u0259ni yerim\u0259yinin qar\u015f\u0131s\u0131n\u0131 korlu\u011fu al\u0131r. G\u00f6zl\u0259ri g\u00f6rs\u0259, s\u0259rb\u0259st yeriy\u0259 bil\u0259r. H\u0259min d\u0259rman\u0131n bir qutusu biz\u0259 550 dollara ba\u015fa g\u0259lir. \u0130ki kurs m\u00fcalic\u0259 olunub. H\u0259l\u0259 iki kurs m\u00fcalic\u0259si qal\u0131b. \u0130mkanl\u0131 \u015f\u0259xsl\u0259rd\u0259n \u00f6vlad\u0131ma k\u00f6m\u0259k g\u00f6st\u0259rm\u0259kl\u0259rini xahi\u015f edir\u0259m. \u00c7\u00fcnki onun \u0259m\u0259liyyat\u0131 yaln\u0131z Az\u0259rbaycandan k\u0259narda m\u00fcmk\u00fcnd\u00fcr\u201d.\n<\/p>\n<figure class=\"wp-block-image size-large\">\n  <img decoding=\"async\" src=\"https:\/\/www.meydan.tv\/az\/image_from_ios-12-jpg-13\/\" alt=\"image_from_ios (12).jpg\" class=\"wp-image-137040\"\/><figcaption>\n    Tibbi r\u0259y<br \/>\n  <\/figcaption><\/figure>\n","protected":false},"excerpt":{"rendered":"<p>&#8220;\u018fg\u0259r \u0259m\u0259liyyat olunarsa, R\u0259sulun 50-60 faiz g\u00f6rm\u0259 ehtimal\u0131 var&#8221;<\/p>\n","protected":false},"author":11,"featured_media":137037,"comment_status":"closed","ping_status":"open","sticky":false,"template":"","format":"standard","meta":{"_acf_changed":false,"_sitemap_exclude":false,"_sitemap_priority":"","_sitemap_frequency":"","footnotes":""},"categories":[60],"tags":[],"class_list":["post-199145","post","type-post","status-publish","format-standard","has-post-thumbnail","hentry","category-bolge","infinite-scroll-item","generate-columns","tablet-grid-50","mobile-grid-100","grid-parent","grid-33","no-featured-image-padding"],"acf":[],"yoast_head":"<!-- This site is optimized with the Yoast SEO plugin v27.5 - https:\/\/yoast.com\/product\/yoast-seo-wordpress\/ -->\n<title>B\u0259rd\u0259 sakini o\u011flunun m\u00fcalic\u0259si \u00fc\u00e7\u00fcn k\u00f6m\u0259k ist\u0259yir - MEYDAN.TV<\/title>\n<meta name=\"robots\" content=\"index, follow, max-snippet:-1, max-image-preview:large, max-video-preview:-1\" \/>\n<link rel=\"canonical\" href=\"https:\/\/www.meydan.tv\/az\/article\/berde-sakini-oglunun-mualicesi-ucun-komek-isteyir\/\" \/>\n<meta property=\"og:locale\" content=\"az_AZ\" \/>\n<meta property=\"og:type\" content=\"article\" \/>\n<meta property=\"og:title\" content=\"B\u0259rd\u0259 sakini o\u011flunun m\u00fcalic\u0259si \u00fc\u00e7\u00fcn k\u00f6m\u0259k ist\u0259yir - MEYDAN.TV\" \/>\n<meta property=\"og:description\" content=\"&quot;\u018fg\u0259r \u0259m\u0259liyyat olunarsa, R\u0259sulun 50-60 faiz g\u00f6rm\u0259 ehtimal\u0131 var&quot;\" \/>\n<meta property=\"og:url\" content=\"https:\/\/www.meydan.tv\/az\/article\/berde-sakini-oglunun-mualicesi-ucun-komek-isteyir\/\" \/>\n<meta property=\"og:site_name\" content=\"MEYDAN.TV\" \/>\n<meta property=\"article:published_time\" content=\"2020-02-07T13:21:05+00:00\" \/>\n<meta property=\"og:image\" content=\"https:\/\/www.meydan.tv\/wp-content\/uploads\/untitled_design__7_.png\" \/>\n\t<meta property=\"og:image:width\" content=\"1200\" \/>\n\t<meta property=\"og:image:height\" content=\"700\" \/>\n\t<meta property=\"og:image:type\" content=\"image\/png\" \/>\n<meta name=\"author\" content=\"user-manager\" \/>\n<meta name=\"twitter:card\" content=\"summary_large_image\" \/>\n<script type=\"application\/ld+json\" class=\"yoast-schema-graph\">{\"@context\":\"https:\\\/\\\/schema.org\",\"@graph\":[{\"@type\":\"Article\",\"@id\":\"https:\\\/\\\/www.meydan.tv\\\/az\\\/article\\\/berde-sakini-oglunun-mualicesi-ucun-komek-isteyir\\\/#article\",\"isPartOf\":{\"@id\":\"https:\\\/\\\/www.meydan.tv\\\/az\\\/article\\\/berde-sakini-oglunun-mualicesi-ucun-komek-isteyir\\\/\"},\"author\":{\"name\":\"user-manager\",\"@id\":\"https:\\\/\\\/www.meydan.tv\\\/az\\\/#\\\/schema\\\/person\\\/10d11eccf6da3662cf5fdab9806ea91a\"},\"headline\":\"B\u0259rd\u0259 sakini o\u011flunun m\u00fcalic\u0259si \u00fc\u00e7\u00fcn k\u00f6m\u0259k ist\u0259yir\",\"datePublished\":\"2020-02-07T13:21:05+00:00\",\"mainEntityOfPage\":{\"@id\":\"https:\\\/\\\/www.meydan.tv\\\/az\\\/article\\\/berde-sakini-oglunun-mualicesi-ucun-komek-isteyir\\\/\"},\"wordCount\":911,\"publisher\":{\"@id\":\"https:\\\/\\\/www.meydan.tv\\\/az\\\/#organization\"},\"image\":{\"@id\":\"https:\\\/\\\/www.meydan.tv\\\/az\\\/article\\\/berde-sakini-oglunun-mualicesi-ucun-komek-isteyir\\\/#primaryimage\"},\"thumbnailUrl\":\"https:\\\/\\\/www.meydan.tv\\\/wp-content\\\/uploads\\\/untitled_design__7_.png\",\"articleSection\":[\"B\u00f6lg\u0259\"],\"inLanguage\":\"az\"},{\"@type\":\"WebPage\",\"@id\":\"https:\\\/\\\/www.meydan.tv\\\/az\\\/article\\\/berde-sakini-oglunun-mualicesi-ucun-komek-isteyir\\\/\",\"url\":\"https:\\\/\\\/www.meydan.tv\\\/az\\\/article\\\/berde-sakini-oglunun-mualicesi-ucun-komek-isteyir\\\/\",\"name\":\"B\u0259rd\u0259 sakini o\u011flunun m\u00fcalic\u0259si \u00fc\u00e7\u00fcn k\u00f6m\u0259k ist\u0259yir - MEYDAN.TV\",\"isPartOf\":{\"@id\":\"https:\\\/\\\/www.meydan.tv\\\/az\\\/#website\"},\"primaryImageOfPage\":{\"@id\":\"https:\\\/\\\/www.meydan.tv\\\/az\\\/article\\\/berde-sakini-oglunun-mualicesi-ucun-komek-isteyir\\\/#primaryimage\"},\"image\":{\"@id\":\"https:\\\/\\\/www.meydan.tv\\\/az\\\/article\\\/berde-sakini-oglunun-mualicesi-ucun-komek-isteyir\\\/#primaryimage\"},\"thumbnailUrl\":\"https:\\\/\\\/www.meydan.tv\\\/wp-content\\\/uploads\\\/untitled_design__7_.png\",\"datePublished\":\"2020-02-07T13:21:05+00:00\",\"breadcrumb\":{\"@id\":\"https:\\\/\\\/www.meydan.tv\\\/az\\\/article\\\/berde-sakini-oglunun-mualicesi-ucun-komek-isteyir\\\/#breadcrumb\"},\"inLanguage\":\"az\",\"potentialAction\":[{\"@type\":\"ReadAction\",\"target\":[\"https:\\\/\\\/www.meydan.tv\\\/az\\\/article\\\/berde-sakini-oglunun-mualicesi-ucun-komek-isteyir\\\/\"]}]},{\"@type\":\"ImageObject\",\"inLanguage\":\"az\",\"@id\":\"https:\\\/\\\/www.meydan.tv\\\/az\\\/article\\\/berde-sakini-oglunun-mualicesi-ucun-komek-isteyir\\\/#primaryimage\",\"url\":\"https:\\\/\\\/www.meydan.tv\\\/wp-content\\\/uploads\\\/untitled_design__7_.png\",\"contentUrl\":\"https:\\\/\\\/www.meydan.tv\\\/wp-content\\\/uploads\\\/untitled_design__7_.png\",\"width\":1200,\"height\":700,\"caption\":\"Source: Specify Source\"},{\"@type\":\"BreadcrumbList\",\"@id\":\"https:\\\/\\\/www.meydan.tv\\\/az\\\/article\\\/berde-sakini-oglunun-mualicesi-ucun-komek-isteyir\\\/#breadcrumb\",\"itemListElement\":[{\"@type\":\"ListItem\",\"position\":1,\"name\":\"Ana s\u0259hif\u0259\",\"item\":\"https:\\\/\\\/www.meydan.tv\\\/az\\\/\"},{\"@type\":\"ListItem\",\"position\":2,\"name\":\"B\u00f6lg\u0259\",\"item\":\"https:\\\/\\\/www.meydan.tv\\\/az\\\/section\\\/bolge\\\/\"},{\"@type\":\"ListItem\",\"position\":3,\"name\":\"B\u0259rd\u0259 sakini o\u011flunun m\u00fcalic\u0259si \u00fc\u00e7\u00fcn k\u00f6m\u0259k ist\u0259yir\"}]},{\"@type\":\"WebSite\",\"@id\":\"https:\\\/\\\/www.meydan.tv\\\/az\\\/#website\",\"url\":\"https:\\\/\\\/www.meydan.tv\\\/az\\\/\",\"name\":\"MEYDAN.TV\",\"description\":\"Meydan TV Az\u0259rbaycan\u0131n media m\u0259kan\u0131ndak\u0131 alternativ s\u0259sidir\",\"publisher\":{\"@id\":\"https:\\\/\\\/www.meydan.tv\\\/az\\\/#organization\"},\"potentialAction\":[{\"@type\":\"SearchAction\",\"target\":{\"@type\":\"EntryPoint\",\"urlTemplate\":\"https:\\\/\\\/www.meydan.tv\\\/az\\\/?s={search_term_string}\"},\"query-input\":{\"@type\":\"PropertyValueSpecification\",\"valueRequired\":true,\"valueName\":\"search_term_string\"}}],\"inLanguage\":\"az\"},{\"@type\":\"Organization\",\"@id\":\"https:\\\/\\\/www.meydan.tv\\\/az\\\/#organization\",\"name\":\"Meydan TV\",\"url\":\"https:\\\/\\\/www.meydan.tv\\\/az\\\/\",\"logo\":{\"@type\":\"ImageObject\",\"inLanguage\":\"az\",\"@id\":\"https:\\\/\\\/www.meydan.tv\\\/az\\\/#\\\/schema\\\/logo\\\/image\\\/\",\"url\":\"https:\\\/\\\/www.meydan.tv\\\/wp-content\\\/uploads\\\/2021\\\/07\\\/meydan-logo.svg\",\"contentUrl\":\"https:\\\/\\\/www.meydan.tv\\\/wp-content\\\/uploads\\\/2021\\\/07\\\/meydan-logo.svg\",\"width\":195,\"height\":46,\"caption\":\"Meydan TV\"},\"image\":{\"@id\":\"https:\\\/\\\/www.meydan.tv\\\/az\\\/#\\\/schema\\\/logo\\\/image\\\/\"}},{\"@type\":\"Person\",\"@id\":\"https:\\\/\\\/www.meydan.tv\\\/az\\\/#\\\/schema\\\/person\\\/10d11eccf6da3662cf5fdab9806ea91a\",\"name\":\"user-manager\"}]}<\/script>\n<!-- \/ Yoast SEO plugin. -->","yoast_head_json":{"title":"B\u0259rd\u0259 sakini o\u011flunun m\u00fcalic\u0259si \u00fc\u00e7\u00fcn k\u00f6m\u0259k ist\u0259yir - MEYDAN.TV","robots":{"index":"index","follow":"follow","max-snippet":"max-snippet:-1","max-image-preview":"max-image-preview:large","max-video-preview":"max-video-preview:-1"},"canonical":"https:\/\/www.meydan.tv\/az\/article\/berde-sakini-oglunun-mualicesi-ucun-komek-isteyir\/","og_locale":"az_AZ","og_type":"article","og_title":"B\u0259rd\u0259 sakini o\u011flunun m\u00fcalic\u0259si \u00fc\u00e7\u00fcn k\u00f6m\u0259k ist\u0259yir - MEYDAN.TV","og_description":"\"\u018fg\u0259r \u0259m\u0259liyyat olunarsa, R\u0259sulun 50-60 faiz g\u00f6rm\u0259 ehtimal\u0131 var\"","og_url":"https:\/\/www.meydan.tv\/az\/article\/berde-sakini-oglunun-mualicesi-ucun-komek-isteyir\/","og_site_name":"MEYDAN.TV","article_published_time":"2020-02-07T13:21:05+00:00","og_image":[{"width":1200,"height":700,"url":"https:\/\/www.meydan.tv\/wp-content\/uploads\/untitled_design__7_.png","type":"image\/png"}],"author":"user-manager","twitter_card":"summary_large_image","schema":{"@context":"https:\/\/schema.org","@graph":[{"@type":"Article","@id":"https:\/\/www.meydan.tv\/az\/article\/berde-sakini-oglunun-mualicesi-ucun-komek-isteyir\/#article","isPartOf":{"@id":"https:\/\/www.meydan.tv\/az\/article\/berde-sakini-oglunun-mualicesi-ucun-komek-isteyir\/"},"author":{"name":"user-manager","@id":"https:\/\/www.meydan.tv\/az\/#\/schema\/person\/10d11eccf6da3662cf5fdab9806ea91a"},"headline":"B\u0259rd\u0259 sakini o\u011flunun m\u00fcalic\u0259si \u00fc\u00e7\u00fcn k\u00f6m\u0259k ist\u0259yir","datePublished":"2020-02-07T13:21:05+00:00","mainEntityOfPage":{"@id":"https:\/\/www.meydan.tv\/az\/article\/berde-sakini-oglunun-mualicesi-ucun-komek-isteyir\/"},"wordCount":911,"publisher":{"@id":"https:\/\/www.meydan.tv\/az\/#organization"},"image":{"@id":"https:\/\/www.meydan.tv\/az\/article\/berde-sakini-oglunun-mualicesi-ucun-komek-isteyir\/#primaryimage"},"thumbnailUrl":"https:\/\/www.meydan.tv\/wp-content\/uploads\/untitled_design__7_.png","articleSection":["B\u00f6lg\u0259"],"inLanguage":"az"},{"@type":"WebPage","@id":"https:\/\/www.meydan.tv\/az\/article\/berde-sakini-oglunun-mualicesi-ucun-komek-isteyir\/","url":"https:\/\/www.meydan.tv\/az\/article\/berde-sakini-oglunun-mualicesi-ucun-komek-isteyir\/","name":"B\u0259rd\u0259 sakini o\u011flunun m\u00fcalic\u0259si \u00fc\u00e7\u00fcn k\u00f6m\u0259k ist\u0259yir - MEYDAN.TV","isPartOf":{"@id":"https:\/\/www.meydan.tv\/az\/#website"},"primaryImageOfPage":{"@id":"https:\/\/www.meydan.tv\/az\/article\/berde-sakini-oglunun-mualicesi-ucun-komek-isteyir\/#primaryimage"},"image":{"@id":"https:\/\/www.meydan.tv\/az\/article\/berde-sakini-oglunun-mualicesi-ucun-komek-isteyir\/#primaryimage"},"thumbnailUrl":"https:\/\/www.meydan.tv\/wp-content\/uploads\/untitled_design__7_.png","datePublished":"2020-02-07T13:21:05+00:00","breadcrumb":{"@id":"https:\/\/www.meydan.tv\/az\/article\/berde-sakini-oglunun-mualicesi-ucun-komek-isteyir\/#breadcrumb"},"inLanguage":"az","potentialAction":[{"@type":"ReadAction","target":["https:\/\/www.meydan.tv\/az\/article\/berde-sakini-oglunun-mualicesi-ucun-komek-isteyir\/"]}]},{"@type":"ImageObject","inLanguage":"az","@id":"https:\/\/www.meydan.tv\/az\/article\/berde-sakini-oglunun-mualicesi-ucun-komek-isteyir\/#primaryimage","url":"https:\/\/www.meydan.tv\/wp-content\/uploads\/untitled_design__7_.png","contentUrl":"https:\/\/www.meydan.tv\/wp-content\/uploads\/untitled_design__7_.png","width":1200,"height":700,"caption":"Source: Specify Source"},{"@type":"BreadcrumbList","@id":"https:\/\/www.meydan.tv\/az\/article\/berde-sakini-oglunun-mualicesi-ucun-komek-isteyir\/#breadcrumb","itemListElement":[{"@type":"ListItem","position":1,"name":"Ana s\u0259hif\u0259","item":"https:\/\/www.meydan.tv\/az\/"},{"@type":"ListItem","position":2,"name":"B\u00f6lg\u0259","item":"https:\/\/www.meydan.tv\/az\/section\/bolge\/"},{"@type":"ListItem","position":3,"name":"B\u0259rd\u0259 sakini o\u011flunun m\u00fcalic\u0259si \u00fc\u00e7\u00fcn k\u00f6m\u0259k ist\u0259yir"}]},{"@type":"WebSite","@id":"https:\/\/www.meydan.tv\/az\/#website","url":"https:\/\/www.meydan.tv\/az\/","name":"MEYDAN.TV","description":"Meydan TV Az\u0259rbaycan\u0131n media m\u0259kan\u0131ndak\u0131 alternativ s\u0259sidir","publisher":{"@id":"https:\/\/www.meydan.tv\/az\/#organization"},"potentialAction":[{"@type":"SearchAction","target":{"@type":"EntryPoint","urlTemplate":"https:\/\/www.meydan.tv\/az\/?s={search_term_string}"},"query-input":{"@type":"PropertyValueSpecification","valueRequired":true,"valueName":"search_term_string"}}],"inLanguage":"az"},{"@type":"Organization","@id":"https:\/\/www.meydan.tv\/az\/#organization","name":"Meydan TV","url":"https:\/\/www.meydan.tv\/az\/","logo":{"@type":"ImageObject","inLanguage":"az","@id":"https:\/\/www.meydan.tv\/az\/#\/schema\/logo\/image\/","url":"https:\/\/www.meydan.tv\/wp-content\/uploads\/2021\/07\/meydan-logo.svg","contentUrl":"https:\/\/www.meydan.tv\/wp-content\/uploads\/2021\/07\/meydan-logo.svg","width":195,"height":46,"caption":"Meydan TV"},"image":{"@id":"https:\/\/www.meydan.tv\/az\/#\/schema\/logo\/image\/"}},{"@type":"Person","@id":"https:\/\/www.meydan.tv\/az\/#\/schema\/person\/10d11eccf6da3662cf5fdab9806ea91a","name":"user-manager"}]}},"_links":{"self":[{"href":"https:\/\/www.meydan.tv\/az\/wp-json\/wp\/v2\/posts\/199145","targetHints":{"allow":["GET"]}}],"collection":[{"href":"https:\/\/www.meydan.tv\/az\/wp-json\/wp\/v2\/posts"}],"about":[{"href":"https:\/\/www.meydan.tv\/az\/wp-json\/wp\/v2\/types\/post"}],"author":[{"embeddable":true,"href":"https:\/\/www.meydan.tv\/az\/wp-json\/wp\/v2\/users\/11"}],"replies":[{"embeddable":true,"href":"https:\/\/www.meydan.tv\/az\/wp-json\/wp\/v2\/comments?post=199145"}],"version-history":[{"count":0,"href":"https:\/\/www.meydan.tv\/az\/wp-json\/wp\/v2\/posts\/199145\/revisions"}],"wp:featuredmedia":[{"embeddable":true,"href":"https:\/\/www.meydan.tv\/az\/wp-json\/wp\/v2\/media\/137037"}],"wp:attachment":[{"href":"https:\/\/www.meydan.tv\/az\/wp-json\/wp\/v2\/media?parent=199145"}],"wp:term":[{"taxonomy":"category","embeddable":true,"href":"https:\/\/www.meydan.tv\/az\/wp-json\/wp\/v2\/categories?post=199145"},{"taxonomy":"post_tag","embeddable":true,"href":"https:\/\/www.meydan.tv\/az\/wp-json\/wp\/v2\/tags?post=199145"}],"curies":[{"name":"wp","href":"https:\/\/api.w.org\/{rel}","templated":true}]}}