{"id":199138,"date":"2020-02-07T12:40:00","date_gmt":"2020-02-07T12:40:00","guid":{"rendered":"https:\/\/www.meydan.tv\/article\/arasdirmaci-jurnaliste-cecenistanda-hucum-edilib\/"},"modified":"2020-02-07T12:40:00","modified_gmt":"2020-02-07T12:40:00","slug":"arasdirmaci-jurnaliste-cecenistanda-hucum-edilib","status":"publish","type":"post","link":"https:\/\/www.meydan.tv\/az\/article\/arasdirmaci-jurnaliste-cecenistanda-hucum-edilib\/","title":{"rendered":"Ara\u015fd\u0131rma\u00e7\u0131 jurnalist\u0259 \u00c7e\u00e7enistanda h\u00fccum edilib"},"content":{"rendered":"<p>\n  <i><br \/>\n    Mila\u015fina polis\u0259 m\u00fcraci\u0259t etdiyini bildirib<br \/>\n  <\/i>\n<\/p>\n<p>\n  Rusiyan\u0131n tan\u0131nm\u0131\u015f ara\u015fd\u0131rma\u00e7\u0131 jurnalisti Yelena Mila\u015fina v\u0259 insan h\u00fcquqlar\u0131 \u00fczr\u0259 v\u0259kil Marina Dubrovina \u00c7e\u00e7enistanda h\u00fccuma m\u0259ruz qal\u0131b.\n<\/p>\n<p>\n  RFE\/RL x\u0259b\u0259r verir ki, fevral\u0131n 6-da Moskva m\u0259rk\u0259zli \u201cNovaya qazeta\u201dn\u0131n m\u00fcxbiri v\u0259 v\u0259kilin\u0259 m\u0259\u015fhur bir blogerin m\u0259hk\u0259m\u0259si \u00fc\u00e7\u00fcn \u00c7e\u00e7enistan\u0131n paytaxt\u0131 Qrozn\u0131dayk\u0259n nam\u0259lum \u015f\u0259xs t\u0259r\u0259find\u0259n h\u00fccum edilib.\n<\/p>\n<p>\n  Hadis\u0259d\u0259n sonra Mila\u015fina \u201cFacebook\u201d s\u0259hif\u0259sind\u0259 polis\u0259 etdiyi \u015fikay\u0259tinin bir sur\u0259tini payla\u015f\u0131b.\n<\/p>\n<p>\n  Qad\u0131nlar\u0131n da daxil oldu\u011fu qrup otelin giri\u015find\u0259 Mila\u015fina v\u0259 Dubrovinaya h\u00fccum ed\u0259r\u0259k onlar\u0131 yumruq v\u0259 t\u0259pikl\u0259 vurublar.\n<\/p>\n<p>\n  Q\u0259zet \u0259lav\u0259 edib ki, hadis\u0259 nam\u0259lum \u015f\u0259xsl\u0259r t\u0259r\u0259find\u0259n lent\u0259 al\u0131n\u0131b.\n<\/p>\n<p>\n  H\u0259r iki qad\u0131n yerli bloger \u0130slam Nuxanovun m\u0259hk\u0259m\u0259sind\u0259 i\u015ftirak etm\u0259k \u00fc\u00e7\u00fcn Qrozn\u0131ya gedib. Nuxanov \u00c7e\u00e7enistan\u0131n Kreml t\u0259r\u0259find\u0259n d\u0259st\u0259kl\u0259n\u0259n lideri Ramzan Kad\u0131rovun v\u0259 onun yax\u0131nlar\u0131n\u0131n ya\u015fad\u0131\u011f\u0131 iddia edil\u0259n x\u00fcsusi m\u0259h\u0259ll\u0259ni lent\u0259 ald\u0131\u011f\u0131 v\u0259 internetd\u0259 yerl\u0259\u015fdirdiyi \u00fc\u00e7\u00fcn ittiham edilir.\n<\/p>\n<p>\n  R\u0259smi olaraq Nuxanov qanunsuz silah saxlamaqda ittiham olunur.\n<\/p>\n<p>\n  Mila\u015fina \u00c7e\u00e7enistanda insan haqlar\u0131n\u0131n g\u0259rgin v\u0259ziyy\u0259tin\u0259 dair ara\u015fd\u0131rmalar\u0131yla m\u0259\u015fhurdur. Kad\u0131rov Mila\u015finan\u0131n ara\u015fd\u0131rmalar\u0131n\u0131 a\u00e7\u0131q \u015f\u0259kild\u0259 r\u0259dd edib.\n<\/p>\n<p>\n  \u0130ctimai f\u0259allar deyir ki, 2007-ci ild\u0259n bu yana \u00c7e\u00e7enistan\u0131 idar\u0259 ed\u0259n Kad\u0131rov repressiv t\u0259dbirl\u0259r\u0259 \u0259l ataraq regiondak\u0131 t\u0259hl\u00fck\u0259sizlik q\u00fcvv\u0259l\u0259ri \u00fc\u00e7\u00fcn c\u0259zas\u0131zl\u0131q m\u00fchiti yarad\u0131b. Onlar iddia edirl\u0259r ki, Kad\u0131rov \u00c7e\u00e7enistan hakimiyy\u0259ti t\u0259r\u0259find\u0259n m\u00fcxalifl\u0259rin susdurulmas\u0131nda v\u0259 qorxudulmas\u0131nda, onlar\u0131n o\u011furlanmas\u0131nda, i\u015fg\u0259nc\u0259l\u0259r\u0259 m\u0259ruz qalmas\u0131nda v\u0259 q\u0259tlind\u0259 birba\u015fa m\u0259suliyy\u0259t da\u015f\u0131y\u0131r.\n<\/p>\n<p>\n  Kremlin t\u0259nqid\u00e7il\u0259ri Putinin Kad\u0131rovun t\u00f6r\u0259tdiyi qanun pozuntular\u0131na g\u00f6z yumdu\u011funu s\u00f6yl\u0259yir. Putinin bu add\u0131m\u0131n\u0131n \u0259sas s\u0259b\u0259binin ke\u00e7mi\u015f komandir\u0259 indiy\u0259d\u0259k iki post-sovet m\u00fcharib\u0259y\u0259 ev sahibliyi etmi\u015f \u00c7e\u00e7enistanda separat q\u00fcvv\u0259l\u0259ri idar\u0259 etm\u0259kd\u0259 etibar etm\u0259sidir.<\/p>\n","protected":false},"excerpt":{"rendered":"<p>Q\u0259zet \u0259lav\u0259 edib ki, hadis\u0259 nam\u0259lum \u015f\u0259xsl\u0259r t\u0259r\u0259find\u0259n lent\u0259 al\u0131n\u0131b.<\/p>\n","protected":false},"author":11,"featured_media":137025,"comment_status":"closed","ping_status":"open","sticky":false,"template":"","format":"standard","meta":{"_acf_changed":false,"_sitemap_exclude":false,"_sitemap_priority":"","_sitemap_frequency":"","footnotes":""},"categories":[64],"tags":[],"class_list":["post-199138","post","type-post","status-publish","format-standard","has-post-thumbnail","hentry","category-dunya","infinite-scroll-item","generate-columns","tablet-grid-50","mobile-grid-100","grid-parent","grid-33","no-featured-image-padding"],"acf":[],"yoast_head":"<!-- This site is optimized with the Yoast SEO plugin v27.5 - https:\/\/yoast.com\/product\/yoast-seo-wordpress\/ -->\n<title>Ara\u015fd\u0131rma\u00e7\u0131 jurnalist\u0259 \u00c7e\u00e7enistanda h\u00fccum edilib - MEYDAN.TV<\/title>\n<meta name=\"robots\" content=\"index, follow, max-snippet:-1, max-image-preview:large, max-video-preview:-1\" \/>\n<link rel=\"canonical\" href=\"https:\/\/www.meydan.tv\/az\/article\/arasdirmaci-jurnaliste-cecenistanda-hucum-edilib\/\" \/>\n<meta property=\"og:locale\" content=\"az_AZ\" \/>\n<meta property=\"og:type\" content=\"article\" \/>\n<meta property=\"og:title\" content=\"Ara\u015fd\u0131rma\u00e7\u0131 jurnalist\u0259 \u00c7e\u00e7enistanda h\u00fccum edilib - MEYDAN.TV\" \/>\n<meta property=\"og:description\" content=\"Q\u0259zet \u0259lav\u0259 edib ki, hadis\u0259 nam\u0259lum \u015f\u0259xsl\u0259r t\u0259r\u0259find\u0259n lent\u0259 al\u0131n\u0131b.\" \/>\n<meta property=\"og:url\" content=\"https:\/\/www.meydan.tv\/az\/article\/arasdirmaci-jurnaliste-cecenistanda-hucum-edilib\/\" \/>\n<meta property=\"og:site_name\" content=\"MEYDAN.TV\" \/>\n<meta property=\"article:published_time\" content=\"2020-02-07T12:40:00+00:00\" \/>\n<meta property=\"og:image\" content=\"https:\/\/www.meydan.tv\/wp-content\/uploads\/15d377e6-c40b-4376-8923-d7f9eff50a94_mw1024_s_n-e1434196316190.jpg\" \/>\n\t<meta property=\"og:image:width\" content=\"1021\" \/>\n\t<meta property=\"og:image:height\" content=\"576\" \/>\n\t<meta property=\"og:image:type\" content=\"image\/jpeg\" \/>\n<meta name=\"author\" content=\"user-manager\" \/>\n<meta name=\"twitter:card\" content=\"summary_large_image\" \/>\n<script type=\"application\/ld+json\" class=\"yoast-schema-graph\">{\"@context\":\"https:\\\/\\\/schema.org\",\"@graph\":[{\"@type\":\"Article\",\"@id\":\"https:\\\/\\\/www.meydan.tv\\\/az\\\/article\\\/arasdirmaci-jurnaliste-cecenistanda-hucum-edilib\\\/#article\",\"isPartOf\":{\"@id\":\"https:\\\/\\\/www.meydan.tv\\\/az\\\/article\\\/arasdirmaci-jurnaliste-cecenistanda-hucum-edilib\\\/\"},\"author\":{\"name\":\"user-manager\",\"@id\":\"https:\\\/\\\/www.meydan.tv\\\/az\\\/#\\\/schema\\\/person\\\/10d11eccf6da3662cf5fdab9806ea91a\"},\"headline\":\"Ara\u015fd\u0131rma\u00e7\u0131 jurnalist\u0259 \u00c7e\u00e7enistanda h\u00fccum edilib\",\"datePublished\":\"2020-02-07T12:40:00+00:00\",\"mainEntityOfPage\":{\"@id\":\"https:\\\/\\\/www.meydan.tv\\\/az\\\/article\\\/arasdirmaci-jurnaliste-cecenistanda-hucum-edilib\\\/\"},\"wordCount\":413,\"publisher\":{\"@id\":\"https:\\\/\\\/www.meydan.tv\\\/az\\\/#organization\"},\"image\":{\"@id\":\"https:\\\/\\\/www.meydan.tv\\\/az\\\/article\\\/arasdirmaci-jurnaliste-cecenistanda-hucum-edilib\\\/#primaryimage\"},\"thumbnailUrl\":\"https:\\\/\\\/www.meydan.tv\\\/wp-content\\\/uploads\\\/15d377e6-c40b-4376-8923-d7f9eff50a94_mw1024_s_n-e1434196316190.jpg\",\"articleSection\":[\"D\u00fcnya\"],\"inLanguage\":\"az\"},{\"@type\":\"WebPage\",\"@id\":\"https:\\\/\\\/www.meydan.tv\\\/az\\\/article\\\/arasdirmaci-jurnaliste-cecenistanda-hucum-edilib\\\/\",\"url\":\"https:\\\/\\\/www.meydan.tv\\\/az\\\/article\\\/arasdirmaci-jurnaliste-cecenistanda-hucum-edilib\\\/\",\"name\":\"Ara\u015fd\u0131rma\u00e7\u0131 jurnalist\u0259 \u00c7e\u00e7enistanda h\u00fccum edilib - MEYDAN.TV\",\"isPartOf\":{\"@id\":\"https:\\\/\\\/www.meydan.tv\\\/az\\\/#website\"},\"primaryImageOfPage\":{\"@id\":\"https:\\\/\\\/www.meydan.tv\\\/az\\\/article\\\/arasdirmaci-jurnaliste-cecenistanda-hucum-edilib\\\/#primaryimage\"},\"image\":{\"@id\":\"https:\\\/\\\/www.meydan.tv\\\/az\\\/article\\\/arasdirmaci-jurnaliste-cecenistanda-hucum-edilib\\\/#primaryimage\"},\"thumbnailUrl\":\"https:\\\/\\\/www.meydan.tv\\\/wp-content\\\/uploads\\\/15d377e6-c40b-4376-8923-d7f9eff50a94_mw1024_s_n-e1434196316190.jpg\",\"datePublished\":\"2020-02-07T12:40:00+00:00\",\"breadcrumb\":{\"@id\":\"https:\\\/\\\/www.meydan.tv\\\/az\\\/article\\\/arasdirmaci-jurnaliste-cecenistanda-hucum-edilib\\\/#breadcrumb\"},\"inLanguage\":\"az\",\"potentialAction\":[{\"@type\":\"ReadAction\",\"target\":[\"https:\\\/\\\/www.meydan.tv\\\/az\\\/article\\\/arasdirmaci-jurnaliste-cecenistanda-hucum-edilib\\\/\"]}]},{\"@type\":\"ImageObject\",\"inLanguage\":\"az\",\"@id\":\"https:\\\/\\\/www.meydan.tv\\\/az\\\/article\\\/arasdirmaci-jurnaliste-cecenistanda-hucum-edilib\\\/#primaryimage\",\"url\":\"https:\\\/\\\/www.meydan.tv\\\/wp-content\\\/uploads\\\/15d377e6-c40b-4376-8923-d7f9eff50a94_mw1024_s_n-e1434196316190.jpg\",\"contentUrl\":\"https:\\\/\\\/www.meydan.tv\\\/wp-content\\\/uploads\\\/15d377e6-c40b-4376-8923-d7f9eff50a94_mw1024_s_n-e1434196316190.jpg\",\"width\":1021,\"height\":576,\"caption\":\"Source: Foto: google.ru\"},{\"@type\":\"BreadcrumbList\",\"@id\":\"https:\\\/\\\/www.meydan.tv\\\/az\\\/article\\\/arasdirmaci-jurnaliste-cecenistanda-hucum-edilib\\\/#breadcrumb\",\"itemListElement\":[{\"@type\":\"ListItem\",\"position\":1,\"name\":\"Ana s\u0259hif\u0259\",\"item\":\"https:\\\/\\\/www.meydan.tv\\\/az\\\/\"},{\"@type\":\"ListItem\",\"position\":2,\"name\":\"D\u00fcnya\",\"item\":\"https:\\\/\\\/www.meydan.tv\\\/az\\\/section\\\/dunya\\\/\"},{\"@type\":\"ListItem\",\"position\":3,\"name\":\"Ara\u015fd\u0131rma\u00e7\u0131 jurnalist\u0259 \u00c7e\u00e7enistanda h\u00fccum edilib\"}]},{\"@type\":\"WebSite\",\"@id\":\"https:\\\/\\\/www.meydan.tv\\\/az\\\/#website\",\"url\":\"https:\\\/\\\/www.meydan.tv\\\/az\\\/\",\"name\":\"MEYDAN.TV\",\"description\":\"Meydan TV Az\u0259rbaycan\u0131n media m\u0259kan\u0131ndak\u0131 alternativ s\u0259sidir\",\"publisher\":{\"@id\":\"https:\\\/\\\/www.meydan.tv\\\/az\\\/#organization\"},\"potentialAction\":[{\"@type\":\"SearchAction\",\"target\":{\"@type\":\"EntryPoint\",\"urlTemplate\":\"https:\\\/\\\/www.meydan.tv\\\/az\\\/?s={search_term_string}\"},\"query-input\":{\"@type\":\"PropertyValueSpecification\",\"valueRequired\":true,\"valueName\":\"search_term_string\"}}],\"inLanguage\":\"az\"},{\"@type\":\"Organization\",\"@id\":\"https:\\\/\\\/www.meydan.tv\\\/az\\\/#organization\",\"name\":\"Meydan TV\",\"url\":\"https:\\\/\\\/www.meydan.tv\\\/az\\\/\",\"logo\":{\"@type\":\"ImageObject\",\"inLanguage\":\"az\",\"@id\":\"https:\\\/\\\/www.meydan.tv\\\/az\\\/#\\\/schema\\\/logo\\\/image\\\/\",\"url\":\"https:\\\/\\\/www.meydan.tv\\\/wp-content\\\/uploads\\\/2021\\\/07\\\/meydan-logo.svg\",\"contentUrl\":\"https:\\\/\\\/www.meydan.tv\\\/wp-content\\\/uploads\\\/2021\\\/07\\\/meydan-logo.svg\",\"width\":195,\"height\":46,\"caption\":\"Meydan TV\"},\"image\":{\"@id\":\"https:\\\/\\\/www.meydan.tv\\\/az\\\/#\\\/schema\\\/logo\\\/image\\\/\"}},{\"@type\":\"Person\",\"@id\":\"https:\\\/\\\/www.meydan.tv\\\/az\\\/#\\\/schema\\\/person\\\/10d11eccf6da3662cf5fdab9806ea91a\",\"name\":\"user-manager\"}]}<\/script>\n<!-- \/ Yoast SEO plugin. -->","yoast_head_json":{"title":"Ara\u015fd\u0131rma\u00e7\u0131 jurnalist\u0259 \u00c7e\u00e7enistanda h\u00fccum edilib - MEYDAN.TV","robots":{"index":"index","follow":"follow","max-snippet":"max-snippet:-1","max-image-preview":"max-image-preview:large","max-video-preview":"max-video-preview:-1"},"canonical":"https:\/\/www.meydan.tv\/az\/article\/arasdirmaci-jurnaliste-cecenistanda-hucum-edilib\/","og_locale":"az_AZ","og_type":"article","og_title":"Ara\u015fd\u0131rma\u00e7\u0131 jurnalist\u0259 \u00c7e\u00e7enistanda h\u00fccum edilib - MEYDAN.TV","og_description":"Q\u0259zet \u0259lav\u0259 edib ki, hadis\u0259 nam\u0259lum \u015f\u0259xsl\u0259r t\u0259r\u0259find\u0259n lent\u0259 al\u0131n\u0131b.","og_url":"https:\/\/www.meydan.tv\/az\/article\/arasdirmaci-jurnaliste-cecenistanda-hucum-edilib\/","og_site_name":"MEYDAN.TV","article_published_time":"2020-02-07T12:40:00+00:00","og_image":[{"width":1021,"height":576,"url":"https:\/\/www.meydan.tv\/wp-content\/uploads\/15d377e6-c40b-4376-8923-d7f9eff50a94_mw1024_s_n-e1434196316190.jpg","type":"image\/jpeg"}],"author":"user-manager","twitter_card":"summary_large_image","schema":{"@context":"https:\/\/schema.org","@graph":[{"@type":"Article","@id":"https:\/\/www.meydan.tv\/az\/article\/arasdirmaci-jurnaliste-cecenistanda-hucum-edilib\/#article","isPartOf":{"@id":"https:\/\/www.meydan.tv\/az\/article\/arasdirmaci-jurnaliste-cecenistanda-hucum-edilib\/"},"author":{"name":"user-manager","@id":"https:\/\/www.meydan.tv\/az\/#\/schema\/person\/10d11eccf6da3662cf5fdab9806ea91a"},"headline":"Ara\u015fd\u0131rma\u00e7\u0131 jurnalist\u0259 \u00c7e\u00e7enistanda h\u00fccum edilib","datePublished":"2020-02-07T12:40:00+00:00","mainEntityOfPage":{"@id":"https:\/\/www.meydan.tv\/az\/article\/arasdirmaci-jurnaliste-cecenistanda-hucum-edilib\/"},"wordCount":413,"publisher":{"@id":"https:\/\/www.meydan.tv\/az\/#organization"},"image":{"@id":"https:\/\/www.meydan.tv\/az\/article\/arasdirmaci-jurnaliste-cecenistanda-hucum-edilib\/#primaryimage"},"thumbnailUrl":"https:\/\/www.meydan.tv\/wp-content\/uploads\/15d377e6-c40b-4376-8923-d7f9eff50a94_mw1024_s_n-e1434196316190.jpg","articleSection":["D\u00fcnya"],"inLanguage":"az"},{"@type":"WebPage","@id":"https:\/\/www.meydan.tv\/az\/article\/arasdirmaci-jurnaliste-cecenistanda-hucum-edilib\/","url":"https:\/\/www.meydan.tv\/az\/article\/arasdirmaci-jurnaliste-cecenistanda-hucum-edilib\/","name":"Ara\u015fd\u0131rma\u00e7\u0131 jurnalist\u0259 \u00c7e\u00e7enistanda h\u00fccum edilib - MEYDAN.TV","isPartOf":{"@id":"https:\/\/www.meydan.tv\/az\/#website"},"primaryImageOfPage":{"@id":"https:\/\/www.meydan.tv\/az\/article\/arasdirmaci-jurnaliste-cecenistanda-hucum-edilib\/#primaryimage"},"image":{"@id":"https:\/\/www.meydan.tv\/az\/article\/arasdirmaci-jurnaliste-cecenistanda-hucum-edilib\/#primaryimage"},"thumbnailUrl":"https:\/\/www.meydan.tv\/wp-content\/uploads\/15d377e6-c40b-4376-8923-d7f9eff50a94_mw1024_s_n-e1434196316190.jpg","datePublished":"2020-02-07T12:40:00+00:00","breadcrumb":{"@id":"https:\/\/www.meydan.tv\/az\/article\/arasdirmaci-jurnaliste-cecenistanda-hucum-edilib\/#breadcrumb"},"inLanguage":"az","potentialAction":[{"@type":"ReadAction","target":["https:\/\/www.meydan.tv\/az\/article\/arasdirmaci-jurnaliste-cecenistanda-hucum-edilib\/"]}]},{"@type":"ImageObject","inLanguage":"az","@id":"https:\/\/www.meydan.tv\/az\/article\/arasdirmaci-jurnaliste-cecenistanda-hucum-edilib\/#primaryimage","url":"https:\/\/www.meydan.tv\/wp-content\/uploads\/15d377e6-c40b-4376-8923-d7f9eff50a94_mw1024_s_n-e1434196316190.jpg","contentUrl":"https:\/\/www.meydan.tv\/wp-content\/uploads\/15d377e6-c40b-4376-8923-d7f9eff50a94_mw1024_s_n-e1434196316190.jpg","width":1021,"height":576,"caption":"Source: Foto: google.ru"},{"@type":"BreadcrumbList","@id":"https:\/\/www.meydan.tv\/az\/article\/arasdirmaci-jurnaliste-cecenistanda-hucum-edilib\/#breadcrumb","itemListElement":[{"@type":"ListItem","position":1,"name":"Ana s\u0259hif\u0259","item":"https:\/\/www.meydan.tv\/az\/"},{"@type":"ListItem","position":2,"name":"D\u00fcnya","item":"https:\/\/www.meydan.tv\/az\/section\/dunya\/"},{"@type":"ListItem","position":3,"name":"Ara\u015fd\u0131rma\u00e7\u0131 jurnalist\u0259 \u00c7e\u00e7enistanda h\u00fccum edilib"}]},{"@type":"WebSite","@id":"https:\/\/www.meydan.tv\/az\/#website","url":"https:\/\/www.meydan.tv\/az\/","name":"MEYDAN.TV","description":"Meydan TV Az\u0259rbaycan\u0131n media m\u0259kan\u0131ndak\u0131 alternativ s\u0259sidir","publisher":{"@id":"https:\/\/www.meydan.tv\/az\/#organization"},"potentialAction":[{"@type":"SearchAction","target":{"@type":"EntryPoint","urlTemplate":"https:\/\/www.meydan.tv\/az\/?s={search_term_string}"},"query-input":{"@type":"PropertyValueSpecification","valueRequired":true,"valueName":"search_term_string"}}],"inLanguage":"az"},{"@type":"Organization","@id":"https:\/\/www.meydan.tv\/az\/#organization","name":"Meydan TV","url":"https:\/\/www.meydan.tv\/az\/","logo":{"@type":"ImageObject","inLanguage":"az","@id":"https:\/\/www.meydan.tv\/az\/#\/schema\/logo\/image\/","url":"https:\/\/www.meydan.tv\/wp-content\/uploads\/2021\/07\/meydan-logo.svg","contentUrl":"https:\/\/www.meydan.tv\/wp-content\/uploads\/2021\/07\/meydan-logo.svg","width":195,"height":46,"caption":"Meydan TV"},"image":{"@id":"https:\/\/www.meydan.tv\/az\/#\/schema\/logo\/image\/"}},{"@type":"Person","@id":"https:\/\/www.meydan.tv\/az\/#\/schema\/person\/10d11eccf6da3662cf5fdab9806ea91a","name":"user-manager"}]}},"_links":{"self":[{"href":"https:\/\/www.meydan.tv\/az\/wp-json\/wp\/v2\/posts\/199138","targetHints":{"allow":["GET"]}}],"collection":[{"href":"https:\/\/www.meydan.tv\/az\/wp-json\/wp\/v2\/posts"}],"about":[{"href":"https:\/\/www.meydan.tv\/az\/wp-json\/wp\/v2\/types\/post"}],"author":[{"embeddable":true,"href":"https:\/\/www.meydan.tv\/az\/wp-json\/wp\/v2\/users\/11"}],"replies":[{"embeddable":true,"href":"https:\/\/www.meydan.tv\/az\/wp-json\/wp\/v2\/comments?post=199138"}],"version-history":[{"count":0,"href":"https:\/\/www.meydan.tv\/az\/wp-json\/wp\/v2\/posts\/199138\/revisions"}],"wp:featuredmedia":[{"embeddable":true,"href":"https:\/\/www.meydan.tv\/az\/wp-json\/wp\/v2\/media\/137025"}],"wp:attachment":[{"href":"https:\/\/www.meydan.tv\/az\/wp-json\/wp\/v2\/media?parent=199138"}],"wp:term":[{"taxonomy":"category","embeddable":true,"href":"https:\/\/www.meydan.tv\/az\/wp-json\/wp\/v2\/categories?post=199138"},{"taxonomy":"post_tag","embeddable":true,"href":"https:\/\/www.meydan.tv\/az\/wp-json\/wp\/v2\/tags?post=199138"}],"curies":[{"name":"wp","href":"https:\/\/api.w.org\/{rel}","templated":true}]}}