{"id":199134,"date":"2020-02-06T21:23:52","date_gmt":"2020-02-06T21:23:52","guid":{"rendered":"https:\/\/www.meydan.tv\/article\/brexitden-sonra-texminen-500-min-ai-vetendasi-ingilterede-yasayis-statusu-almalidir\/"},"modified":"2020-02-06T21:23:52","modified_gmt":"2020-02-06T21:23:52","slug":"brexitden-sonra-texminen-500-min-ai-vetendasi-ingilterede-yasayis-statusu-almalidir","status":"publish","type":"post","link":"https:\/\/www.meydan.tv\/az\/article\/brexitden-sonra-texminen-500-min-ai-vetendasi-ingilterede-yasayis-statusu-almalidir\/","title":{"rendered":"\u201cBrexit\u201dd\u0259n sonra t\u0259xmin\u0259n 500 min A\u0130 v\u0259t\u0259nda\u015f\u0131 \u0130ngilt\u0259r\u0259d\u0259 ya\u015fay\u0131\u015f statusu almal\u0131d\u0131r"},"content":{"rendered":"<p>\n  <i><br \/>\n    \u201cBu, Britaniya tarixind\u0259 h\u0259yata ke\u00e7irilmi\u015f \u0259n b\u00f6y\u00fck planlamad\u0131r\u201d<br \/>\n  <\/i>\n<\/p>\n<p>\n  \u0130ngilt\u0259r\u0259d\u0259 ya\u015fayan t\u0259xmin\u0259n 500,000 Avropa \u0130ttifaq\u0131 v\u0259t\u0259nda\u015f\u0131 \u201cBrexit\u201dd\u0259n sonra \u00f6lk\u0259d\u0259 qalmalar\u0131n\u0131 t\u0259min etm\u0259k \u00fc\u00e7\u00fcn laz\u0131m olan yeni immiqrasiya statusu \u00fc\u00e7\u00fcn h\u0259l\u0259 m\u00fcraci\u0259t etm\u0259yib, &#8211; \u201cReuters\u201d x\u0259b\u0259r verir.\n<\/p>\n<p>\n  H\u00f6kum\u0259t ke\u00e7\u0259n h\u0259ft\u0259 blokdan \u00e7\u0131xd\u0131qdan sonra Avropa \u0130ttifaq\u0131ndan olan miqrantlara veril\u0259n prioritetl\u0259ri sona \u00e7atd\u0131raraq Britaniyan\u0131n s\u0259rh\u0259d n\u0259zar\u0259tin\u0259 son ill\u0259rin \u0259n b\u00f6y\u00fck d\u0259yi\u015fikliyini t\u0259tbiq edib.\n<\/p>\n<p>\n  H\u00f6kum\u0259tin statistikas\u0131 g\u00f6st\u0259rir ki, Avropa \u0130ttifaq\u0131n\u0131n 3 milyon v\u0259t\u0259nda\u015f\u0131 v\u0259 onlar\u0131n ail\u0259 \u00fczvl\u0259ri Britaniyada qalmaq \u00fc\u00e7\u00fcn h\u00f6kum\u0259tin icaz\u0259 formas\u0131 olan &quot;m\u0259skunla\u015fm\u0131\u015f status&quot;undan \u00f6tr\u00fc m\u00fcraci\u0259t edib.\n<\/p>\n<p>\n  R\u0259q\u0259ml\u0259r \u00f6t\u0259n ilin mart ay\u0131nda i\u015f\u0259 sal\u0131nan sxem \u00fc\u00e7\u00fcn \u00e7ox sayda m\u00fcraci\u0259tin oldu\u011funu g\u00f6st\u0259rir. Eyni zamanda r\u0259q\u0259ml\u0259r b\u00fct\u00fcn Avropa \u0130ttifaq\u0131 v\u0259t\u0259nda\u015flar\u0131n\u0131n d\u00fczg\u00fcn m\u00fcraci\u0259t etm\u0259sini t\u0259min etm\u0259k \u00fc\u00e7\u00fcn h\u00f6kum\u0259tin qar\u015f\u0131s\u0131nda duran v\u0259zif\u0259l\u0259rin oldu\u011funu vur\u011fulay\u0131r.\n<\/p>\n<p>\n  Daxili i\u015fl\u0259r naziri Priti Patel prosedurdan m\u0259mnuniyy\u0259tini bildirib v\u0259 Avropa \u0130ttifaq\u0131 \u00fczvl\u0259rini d\u0259 Avropada ya\u015fayan Britaniya v\u0259t\u0259nda\u015flar\u0131na eyni statusu t\u0259min etm\u0259y\u0259 \u00e7a\u011f\u0131r\u0131b.\n<\/p>\n<p>\n  \u201cBu, Britaniya tarixind\u0259 h\u0259yata ke\u00e7irilmi\u015f \u0259n b\u00f6y\u00fck planlamad\u0131r\u201d,- Patel deyib:\n<\/p>\n<p>\n  \u201c\u0130ndi Avropa \u0130ttifaq\u0131 \u00f6lk\u0259l\u0259rinin d\u0259 ox\u015far planlaman\u0131 q\u0259bul etm\u0259sinin vaxt\u0131 \u00e7at\u0131b\u201d.\n<\/p>\n<p>\n  T\u0259xmin\u0259n 3,5 milyon Avropa v\u0259t\u0259nda\u015f\u0131 Birl\u0259\u015fmi\u015f Krall\u0131qda ya\u015fay\u0131r v\u0259 \u0259n az\u0131 ilin sonuna q\u0259d\u0259r m\u0259skunla\u015fma statusuna m\u00fcraci\u0259t etm\u0259lidir.\n<\/p>\n<p>\n  Lakin h\u00fcquq\u015f\u00fcnaslar deyirl\u0259r ki, \u00f6lk\u0259d\u0259 qanuni olan bir \u00e7ox Avropa \u0130ttifaq\u0131 v\u0259t\u0259nda\u015f\u0131 s\u0259hiyy\u0259 kimi h\u00fcquqlar\u0131n\u0131 itir\u0259 bil\u0259rl\u0259r.\n<\/p>\n<p>\n  \u0130ndiy\u0259 q\u0259d\u0259r i\u015fl\u0259nmi\u015f m\u00fcraci\u0259tl\u0259rin 58 faizin\u0259 daimi qalmaq h\u00fcququ verilib, 41 faizi is\u0259 m\u00fcv\u0259qq\u0259ti qalmaq statusu al\u0131b. Bu statusda olanlar be\u015f ild\u0259n sonra yenid\u0259n Britaniyada ya\u015fama statusuna m\u00fcraci\u0259t etm\u0259lidir.\n<\/p>\n<p>\n  Avropa Parlamenti ke\u00e7\u0259n ay Avropa \u0130ttifaq\u0131 v\u0259t\u0259nda\u015flar\u0131n\u0131n \u201cBrexit\u201dd\u0259n sonra m\u0259nzil v\u0259 i\u015f axtarark\u0259n ayr\u0131-se\u00e7kiliy\u0259 m\u0259ruz qalmas\u0131ndan narahatl\u0131\u011f\u0131n\u0131 ifad\u0259 edib.\n<\/p>\n<p>\n  Bu narahatl\u0131q T\u0259hl\u00fck\u0259sizlik naziri Brandon Lyuisin (Lewis) b\u0259yanat\u0131ndan sonra ortaya \u00e7\u0131x\u0131b. Nazir deyib ki, Avropa \u0130ttifaq\u0131 v\u0259t\u0259nda\u015flar\u0131 m\u0259skunla\u015fma statusuna m\u00fcraci\u0259td\u0259 u\u011fursuz olarsa, onlar \u00f6lk\u0259l\u0259rin\u0259 deportasiya edil\u0259 bil\u0259rl\u0259r.<\/p>\n","protected":false},"excerpt":{"rendered":"<p>Avropa Parlamenti ke\u00e7\u0259n ay Avropa \u0130ttifaq\u0131 v\u0259t\u0259nda\u015flar\u0131n\u0131n \u201cBrexit\u201dd\u0259n sonra m\u0259nzil v\u0259 i\u015f axtarark\u0259n ayr\u0131-se\u00e7kiliy\u0259 m\u0259ruz qalmas\u0131ndan narahatl\u0131\u011f\u0131n\u0131 ifad\u0259 edib<\/p>\n","protected":false},"author":11,"featured_media":136354,"comment_status":"closed","ping_status":"open","sticky":false,"template":"","format":"standard","meta":{"_acf_changed":false,"_sitemap_exclude":false,"_sitemap_priority":"","_sitemap_frequency":"","footnotes":""},"categories":[64],"tags":[],"class_list":["post-199134","post","type-post","status-publish","format-standard","has-post-thumbnail","hentry","category-dunya","infinite-scroll-item","generate-columns","tablet-grid-50","mobile-grid-100","grid-parent","grid-33","no-featured-image-padding"],"acf":[],"yoast_head":"<!-- This site is optimized with the Yoast SEO plugin v27.5 - https:\/\/yoast.com\/product\/yoast-seo-wordpress\/ -->\n<title>\u201cBrexit\u201dd\u0259n sonra t\u0259xmin\u0259n 500 min A\u0130 v\u0259t\u0259nda\u015f\u0131 \u0130ngilt\u0259r\u0259d\u0259 ya\u015fay\u0131\u015f statusu almal\u0131d\u0131r - MEYDAN.TV<\/title>\n<meta name=\"robots\" content=\"index, follow, max-snippet:-1, max-image-preview:large, max-video-preview:-1\" \/>\n<link rel=\"canonical\" href=\"https:\/\/www.meydan.tv\/az\/article\/brexitden-sonra-texminen-500-min-ai-vetendasi-ingilterede-yasayis-statusu-almalidir\/\" \/>\n<meta property=\"og:locale\" content=\"az_AZ\" \/>\n<meta property=\"og:type\" content=\"article\" \/>\n<meta property=\"og:title\" content=\"\u201cBrexit\u201dd\u0259n sonra t\u0259xmin\u0259n 500 min A\u0130 v\u0259t\u0259nda\u015f\u0131 \u0130ngilt\u0259r\u0259d\u0259 ya\u015fay\u0131\u015f statusu almal\u0131d\u0131r - MEYDAN.TV\" \/>\n<meta property=\"og:description\" content=\"Avropa Parlamenti ke\u00e7\u0259n ay Avropa \u0130ttifaq\u0131 v\u0259t\u0259nda\u015flar\u0131n\u0131n \u201cBrexit\u201dd\u0259n sonra m\u0259nzil v\u0259 i\u015f axtarark\u0259n ayr\u0131-se\u00e7kiliy\u0259 m\u0259ruz qalmas\u0131ndan narahatl\u0131\u011f\u0131n\u0131 ifad\u0259 edib\" \/>\n<meta property=\"og:url\" content=\"https:\/\/www.meydan.tv\/az\/article\/brexitden-sonra-texminen-500-min-ai-vetendasi-ingilterede-yasayis-statusu-almalidir\/\" \/>\n<meta property=\"og:site_name\" content=\"MEYDAN.TV\" \/>\n<meta property=\"article:published_time\" content=\"2020-02-06T21:23:52+00:00\" \/>\n<meta property=\"og:image\" content=\"https:\/\/www.meydan.tv\/wp-content\/uploads\/brexit.jpg\" \/>\n\t<meta property=\"og:image:width\" content=\"961\" \/>\n\t<meta property=\"og:image:height\" content=\"541\" \/>\n\t<meta property=\"og:image:type\" content=\"image\/jpeg\" \/>\n<meta name=\"author\" content=\"user-manager\" \/>\n<meta name=\"twitter:card\" content=\"summary_large_image\" \/>\n<script type=\"application\/ld+json\" class=\"yoast-schema-graph\">{\"@context\":\"https:\\\/\\\/schema.org\",\"@graph\":[{\"@type\":\"Article\",\"@id\":\"https:\\\/\\\/www.meydan.tv\\\/az\\\/article\\\/brexitden-sonra-texminen-500-min-ai-vetendasi-ingilterede-yasayis-statusu-almalidir\\\/#article\",\"isPartOf\":{\"@id\":\"https:\\\/\\\/www.meydan.tv\\\/az\\\/article\\\/brexitden-sonra-texminen-500-min-ai-vetendasi-ingilterede-yasayis-statusu-almalidir\\\/\"},\"author\":{\"name\":\"user-manager\",\"@id\":\"https:\\\/\\\/www.meydan.tv\\\/az\\\/#\\\/schema\\\/person\\\/10d11eccf6da3662cf5fdab9806ea91a\"},\"headline\":\"\u201cBrexit\u201dd\u0259n sonra t\u0259xmin\u0259n 500 min A\u0130 v\u0259t\u0259nda\u015f\u0131 \u0130ngilt\u0259r\u0259d\u0259 ya\u015fay\u0131\u015f statusu almal\u0131d\u0131r\",\"datePublished\":\"2020-02-06T21:23:52+00:00\",\"mainEntityOfPage\":{\"@id\":\"https:\\\/\\\/www.meydan.tv\\\/az\\\/article\\\/brexitden-sonra-texminen-500-min-ai-vetendasi-ingilterede-yasayis-statusu-almalidir\\\/\"},\"wordCount\":492,\"publisher\":{\"@id\":\"https:\\\/\\\/www.meydan.tv\\\/az\\\/#organization\"},\"image\":{\"@id\":\"https:\\\/\\\/www.meydan.tv\\\/az\\\/article\\\/brexitden-sonra-texminen-500-min-ai-vetendasi-ingilterede-yasayis-statusu-almalidir\\\/#primaryimage\"},\"thumbnailUrl\":\"https:\\\/\\\/www.meydan.tv\\\/wp-content\\\/uploads\\\/brexit.jpg\",\"articleSection\":[\"D\u00fcnya\"],\"inLanguage\":\"az\"},{\"@type\":\"WebPage\",\"@id\":\"https:\\\/\\\/www.meydan.tv\\\/az\\\/article\\\/brexitden-sonra-texminen-500-min-ai-vetendasi-ingilterede-yasayis-statusu-almalidir\\\/\",\"url\":\"https:\\\/\\\/www.meydan.tv\\\/az\\\/article\\\/brexitden-sonra-texminen-500-min-ai-vetendasi-ingilterede-yasayis-statusu-almalidir\\\/\",\"name\":\"\u201cBrexit\u201dd\u0259n sonra t\u0259xmin\u0259n 500 min A\u0130 v\u0259t\u0259nda\u015f\u0131 \u0130ngilt\u0259r\u0259d\u0259 ya\u015fay\u0131\u015f statusu almal\u0131d\u0131r - MEYDAN.TV\",\"isPartOf\":{\"@id\":\"https:\\\/\\\/www.meydan.tv\\\/az\\\/#website\"},\"primaryImageOfPage\":{\"@id\":\"https:\\\/\\\/www.meydan.tv\\\/az\\\/article\\\/brexitden-sonra-texminen-500-min-ai-vetendasi-ingilterede-yasayis-statusu-almalidir\\\/#primaryimage\"},\"image\":{\"@id\":\"https:\\\/\\\/www.meydan.tv\\\/az\\\/article\\\/brexitden-sonra-texminen-500-min-ai-vetendasi-ingilterede-yasayis-statusu-almalidir\\\/#primaryimage\"},\"thumbnailUrl\":\"https:\\\/\\\/www.meydan.tv\\\/wp-content\\\/uploads\\\/brexit.jpg\",\"datePublished\":\"2020-02-06T21:23:52+00:00\",\"breadcrumb\":{\"@id\":\"https:\\\/\\\/www.meydan.tv\\\/az\\\/article\\\/brexitden-sonra-texminen-500-min-ai-vetendasi-ingilterede-yasayis-statusu-almalidir\\\/#breadcrumb\"},\"inLanguage\":\"az\",\"potentialAction\":[{\"@type\":\"ReadAction\",\"target\":[\"https:\\\/\\\/www.meydan.tv\\\/az\\\/article\\\/brexitden-sonra-texminen-500-min-ai-vetendasi-ingilterede-yasayis-statusu-almalidir\\\/\"]}]},{\"@type\":\"ImageObject\",\"inLanguage\":\"az\",\"@id\":\"https:\\\/\\\/www.meydan.tv\\\/az\\\/article\\\/brexitden-sonra-texminen-500-min-ai-vetendasi-ingilterede-yasayis-statusu-almalidir\\\/#primaryimage\",\"url\":\"https:\\\/\\\/www.meydan.tv\\\/wp-content\\\/uploads\\\/brexit.jpg\",\"contentUrl\":\"https:\\\/\\\/www.meydan.tv\\\/wp-content\\\/uploads\\\/brexit.jpg\",\"width\":961,\"height\":541,\"caption\":\"Source: google.az\"},{\"@type\":\"BreadcrumbList\",\"@id\":\"https:\\\/\\\/www.meydan.tv\\\/az\\\/article\\\/brexitden-sonra-texminen-500-min-ai-vetendasi-ingilterede-yasayis-statusu-almalidir\\\/#breadcrumb\",\"itemListElement\":[{\"@type\":\"ListItem\",\"position\":1,\"name\":\"Ana s\u0259hif\u0259\",\"item\":\"https:\\\/\\\/www.meydan.tv\\\/az\\\/\"},{\"@type\":\"ListItem\",\"position\":2,\"name\":\"D\u00fcnya\",\"item\":\"https:\\\/\\\/www.meydan.tv\\\/az\\\/section\\\/dunya\\\/\"},{\"@type\":\"ListItem\",\"position\":3,\"name\":\"\u201cBrexit\u201dd\u0259n sonra t\u0259xmin\u0259n 500 min A\u0130 v\u0259t\u0259nda\u015f\u0131 \u0130ngilt\u0259r\u0259d\u0259 ya\u015fay\u0131\u015f statusu almal\u0131d\u0131r\"}]},{\"@type\":\"WebSite\",\"@id\":\"https:\\\/\\\/www.meydan.tv\\\/az\\\/#website\",\"url\":\"https:\\\/\\\/www.meydan.tv\\\/az\\\/\",\"name\":\"MEYDAN.TV\",\"description\":\"Meydan TV Az\u0259rbaycan\u0131n media m\u0259kan\u0131ndak\u0131 alternativ s\u0259sidir\",\"publisher\":{\"@id\":\"https:\\\/\\\/www.meydan.tv\\\/az\\\/#organization\"},\"potentialAction\":[{\"@type\":\"SearchAction\",\"target\":{\"@type\":\"EntryPoint\",\"urlTemplate\":\"https:\\\/\\\/www.meydan.tv\\\/az\\\/?s={search_term_string}\"},\"query-input\":{\"@type\":\"PropertyValueSpecification\",\"valueRequired\":true,\"valueName\":\"search_term_string\"}}],\"inLanguage\":\"az\"},{\"@type\":\"Organization\",\"@id\":\"https:\\\/\\\/www.meydan.tv\\\/az\\\/#organization\",\"name\":\"Meydan TV\",\"url\":\"https:\\\/\\\/www.meydan.tv\\\/az\\\/\",\"logo\":{\"@type\":\"ImageObject\",\"inLanguage\":\"az\",\"@id\":\"https:\\\/\\\/www.meydan.tv\\\/az\\\/#\\\/schema\\\/logo\\\/image\\\/\",\"url\":\"https:\\\/\\\/www.meydan.tv\\\/wp-content\\\/uploads\\\/2021\\\/07\\\/meydan-logo.svg\",\"contentUrl\":\"https:\\\/\\\/www.meydan.tv\\\/wp-content\\\/uploads\\\/2021\\\/07\\\/meydan-logo.svg\",\"width\":195,\"height\":46,\"caption\":\"Meydan TV\"},\"image\":{\"@id\":\"https:\\\/\\\/www.meydan.tv\\\/az\\\/#\\\/schema\\\/logo\\\/image\\\/\"}},{\"@type\":\"Person\",\"@id\":\"https:\\\/\\\/www.meydan.tv\\\/az\\\/#\\\/schema\\\/person\\\/10d11eccf6da3662cf5fdab9806ea91a\",\"name\":\"user-manager\"}]}<\/script>\n<!-- \/ Yoast SEO plugin. -->","yoast_head_json":{"title":"\u201cBrexit\u201dd\u0259n sonra t\u0259xmin\u0259n 500 min A\u0130 v\u0259t\u0259nda\u015f\u0131 \u0130ngilt\u0259r\u0259d\u0259 ya\u015fay\u0131\u015f statusu almal\u0131d\u0131r - MEYDAN.TV","robots":{"index":"index","follow":"follow","max-snippet":"max-snippet:-1","max-image-preview":"max-image-preview:large","max-video-preview":"max-video-preview:-1"},"canonical":"https:\/\/www.meydan.tv\/az\/article\/brexitden-sonra-texminen-500-min-ai-vetendasi-ingilterede-yasayis-statusu-almalidir\/","og_locale":"az_AZ","og_type":"article","og_title":"\u201cBrexit\u201dd\u0259n sonra t\u0259xmin\u0259n 500 min A\u0130 v\u0259t\u0259nda\u015f\u0131 \u0130ngilt\u0259r\u0259d\u0259 ya\u015fay\u0131\u015f statusu almal\u0131d\u0131r - MEYDAN.TV","og_description":"Avropa Parlamenti ke\u00e7\u0259n ay Avropa \u0130ttifaq\u0131 v\u0259t\u0259nda\u015flar\u0131n\u0131n \u201cBrexit\u201dd\u0259n sonra m\u0259nzil v\u0259 i\u015f axtarark\u0259n ayr\u0131-se\u00e7kiliy\u0259 m\u0259ruz qalmas\u0131ndan narahatl\u0131\u011f\u0131n\u0131 ifad\u0259 edib","og_url":"https:\/\/www.meydan.tv\/az\/article\/brexitden-sonra-texminen-500-min-ai-vetendasi-ingilterede-yasayis-statusu-almalidir\/","og_site_name":"MEYDAN.TV","article_published_time":"2020-02-06T21:23:52+00:00","og_image":[{"width":961,"height":541,"url":"https:\/\/www.meydan.tv\/wp-content\/uploads\/brexit.jpg","type":"image\/jpeg"}],"author":"user-manager","twitter_card":"summary_large_image","schema":{"@context":"https:\/\/schema.org","@graph":[{"@type":"Article","@id":"https:\/\/www.meydan.tv\/az\/article\/brexitden-sonra-texminen-500-min-ai-vetendasi-ingilterede-yasayis-statusu-almalidir\/#article","isPartOf":{"@id":"https:\/\/www.meydan.tv\/az\/article\/brexitden-sonra-texminen-500-min-ai-vetendasi-ingilterede-yasayis-statusu-almalidir\/"},"author":{"name":"user-manager","@id":"https:\/\/www.meydan.tv\/az\/#\/schema\/person\/10d11eccf6da3662cf5fdab9806ea91a"},"headline":"\u201cBrexit\u201dd\u0259n sonra t\u0259xmin\u0259n 500 min A\u0130 v\u0259t\u0259nda\u015f\u0131 \u0130ngilt\u0259r\u0259d\u0259 ya\u015fay\u0131\u015f statusu almal\u0131d\u0131r","datePublished":"2020-02-06T21:23:52+00:00","mainEntityOfPage":{"@id":"https:\/\/www.meydan.tv\/az\/article\/brexitden-sonra-texminen-500-min-ai-vetendasi-ingilterede-yasayis-statusu-almalidir\/"},"wordCount":492,"publisher":{"@id":"https:\/\/www.meydan.tv\/az\/#organization"},"image":{"@id":"https:\/\/www.meydan.tv\/az\/article\/brexitden-sonra-texminen-500-min-ai-vetendasi-ingilterede-yasayis-statusu-almalidir\/#primaryimage"},"thumbnailUrl":"https:\/\/www.meydan.tv\/wp-content\/uploads\/brexit.jpg","articleSection":["D\u00fcnya"],"inLanguage":"az"},{"@type":"WebPage","@id":"https:\/\/www.meydan.tv\/az\/article\/brexitden-sonra-texminen-500-min-ai-vetendasi-ingilterede-yasayis-statusu-almalidir\/","url":"https:\/\/www.meydan.tv\/az\/article\/brexitden-sonra-texminen-500-min-ai-vetendasi-ingilterede-yasayis-statusu-almalidir\/","name":"\u201cBrexit\u201dd\u0259n sonra t\u0259xmin\u0259n 500 min A\u0130 v\u0259t\u0259nda\u015f\u0131 \u0130ngilt\u0259r\u0259d\u0259 ya\u015fay\u0131\u015f statusu almal\u0131d\u0131r - MEYDAN.TV","isPartOf":{"@id":"https:\/\/www.meydan.tv\/az\/#website"},"primaryImageOfPage":{"@id":"https:\/\/www.meydan.tv\/az\/article\/brexitden-sonra-texminen-500-min-ai-vetendasi-ingilterede-yasayis-statusu-almalidir\/#primaryimage"},"image":{"@id":"https:\/\/www.meydan.tv\/az\/article\/brexitden-sonra-texminen-500-min-ai-vetendasi-ingilterede-yasayis-statusu-almalidir\/#primaryimage"},"thumbnailUrl":"https:\/\/www.meydan.tv\/wp-content\/uploads\/brexit.jpg","datePublished":"2020-02-06T21:23:52+00:00","breadcrumb":{"@id":"https:\/\/www.meydan.tv\/az\/article\/brexitden-sonra-texminen-500-min-ai-vetendasi-ingilterede-yasayis-statusu-almalidir\/#breadcrumb"},"inLanguage":"az","potentialAction":[{"@type":"ReadAction","target":["https:\/\/www.meydan.tv\/az\/article\/brexitden-sonra-texminen-500-min-ai-vetendasi-ingilterede-yasayis-statusu-almalidir\/"]}]},{"@type":"ImageObject","inLanguage":"az","@id":"https:\/\/www.meydan.tv\/az\/article\/brexitden-sonra-texminen-500-min-ai-vetendasi-ingilterede-yasayis-statusu-almalidir\/#primaryimage","url":"https:\/\/www.meydan.tv\/wp-content\/uploads\/brexit.jpg","contentUrl":"https:\/\/www.meydan.tv\/wp-content\/uploads\/brexit.jpg","width":961,"height":541,"caption":"Source: google.az"},{"@type":"BreadcrumbList","@id":"https:\/\/www.meydan.tv\/az\/article\/brexitden-sonra-texminen-500-min-ai-vetendasi-ingilterede-yasayis-statusu-almalidir\/#breadcrumb","itemListElement":[{"@type":"ListItem","position":1,"name":"Ana s\u0259hif\u0259","item":"https:\/\/www.meydan.tv\/az\/"},{"@type":"ListItem","position":2,"name":"D\u00fcnya","item":"https:\/\/www.meydan.tv\/az\/section\/dunya\/"},{"@type":"ListItem","position":3,"name":"\u201cBrexit\u201dd\u0259n sonra t\u0259xmin\u0259n 500 min A\u0130 v\u0259t\u0259nda\u015f\u0131 \u0130ngilt\u0259r\u0259d\u0259 ya\u015fay\u0131\u015f statusu almal\u0131d\u0131r"}]},{"@type":"WebSite","@id":"https:\/\/www.meydan.tv\/az\/#website","url":"https:\/\/www.meydan.tv\/az\/","name":"MEYDAN.TV","description":"Meydan TV Az\u0259rbaycan\u0131n media m\u0259kan\u0131ndak\u0131 alternativ s\u0259sidir","publisher":{"@id":"https:\/\/www.meydan.tv\/az\/#organization"},"potentialAction":[{"@type":"SearchAction","target":{"@type":"EntryPoint","urlTemplate":"https:\/\/www.meydan.tv\/az\/?s={search_term_string}"},"query-input":{"@type":"PropertyValueSpecification","valueRequired":true,"valueName":"search_term_string"}}],"inLanguage":"az"},{"@type":"Organization","@id":"https:\/\/www.meydan.tv\/az\/#organization","name":"Meydan TV","url":"https:\/\/www.meydan.tv\/az\/","logo":{"@type":"ImageObject","inLanguage":"az","@id":"https:\/\/www.meydan.tv\/az\/#\/schema\/logo\/image\/","url":"https:\/\/www.meydan.tv\/wp-content\/uploads\/2021\/07\/meydan-logo.svg","contentUrl":"https:\/\/www.meydan.tv\/wp-content\/uploads\/2021\/07\/meydan-logo.svg","width":195,"height":46,"caption":"Meydan TV"},"image":{"@id":"https:\/\/www.meydan.tv\/az\/#\/schema\/logo\/image\/"}},{"@type":"Person","@id":"https:\/\/www.meydan.tv\/az\/#\/schema\/person\/10d11eccf6da3662cf5fdab9806ea91a","name":"user-manager"}]}},"_links":{"self":[{"href":"https:\/\/www.meydan.tv\/az\/wp-json\/wp\/v2\/posts\/199134","targetHints":{"allow":["GET"]}}],"collection":[{"href":"https:\/\/www.meydan.tv\/az\/wp-json\/wp\/v2\/posts"}],"about":[{"href":"https:\/\/www.meydan.tv\/az\/wp-json\/wp\/v2\/types\/post"}],"author":[{"embeddable":true,"href":"https:\/\/www.meydan.tv\/az\/wp-json\/wp\/v2\/users\/11"}],"replies":[{"embeddable":true,"href":"https:\/\/www.meydan.tv\/az\/wp-json\/wp\/v2\/comments?post=199134"}],"version-history":[{"count":0,"href":"https:\/\/www.meydan.tv\/az\/wp-json\/wp\/v2\/posts\/199134\/revisions"}],"wp:featuredmedia":[{"embeddable":true,"href":"https:\/\/www.meydan.tv\/az\/wp-json\/wp\/v2\/media\/136354"}],"wp:attachment":[{"href":"https:\/\/www.meydan.tv\/az\/wp-json\/wp\/v2\/media?parent=199134"}],"wp:term":[{"taxonomy":"category","embeddable":true,"href":"https:\/\/www.meydan.tv\/az\/wp-json\/wp\/v2\/categories?post=199134"},{"taxonomy":"post_tag","embeddable":true,"href":"https:\/\/www.meydan.tv\/az\/wp-json\/wp\/v2\/tags?post=199134"}],"curies":[{"name":"wp","href":"https:\/\/api.w.org\/{rel}","templated":true}]}}