{"id":199131,"date":"2020-02-06T18:08:15","date_gmt":"2020-02-06T18:08:15","guid":{"rendered":"https:\/\/www.meydan.tv\/article\/suriya-turkiyenin-herbi-irelileyisinden-narahatdir\/"},"modified":"2020-02-06T18:08:15","modified_gmt":"2020-02-06T18:08:15","slug":"suriya-turkiyenin-herbi-irelileyisinden-narahatdir","status":"publish","type":"post","link":"https:\/\/www.meydan.tv\/az\/article\/suriya-turkiyenin-herbi-irelileyisinden-narahatdir\/","title":{"rendered":"Suriya T\u00fcrkiy\u0259nin h\u0259rbi ir\u0259lil\u0259yi\u015find\u0259n narahatd\u0131r"},"content":{"rendered":"<p>\n  <i><br \/>\n    \u018frdo\u011fan: \u201d T\u00fcrkiy\u0259nin Suriya torpaqlar\u0131nda \u0259m\u0259liyyat aparmaq h\u00fcququ var\u201d<br \/>\n  <\/i>\n<\/p>\n<p>\n  Suriya rejimi T\u00fcrkiy\u0259 Prezidenti R\u0259c\u0259b Tayyip \u018frdo\u011fan\u0131n Adana raz\u0131la\u015fmas\u0131n\u0131 pozaraq t\u00fcrk ordusunu \u015fimal\u0131 H\u0259l\u0259b\u0259 g\u00f6nd\u0259rm\u0259si il\u0259 ba\u011fl\u0131 narahatl\u0131\u011f\u0131n\u0131 ifad\u0259 edib, &#8211; \u201cAhval SANA\u201d x\u0259b\u0259r agentliyin\u0259 istinad\u0259n x\u0259b\u0259r verir.\n<\/p>\n<p>\n  Adana raz\u0131la\u015fmas\u0131na \u0259sas\u0259n, Suriya h\u00f6kum\u0259ti \u00f6z torpaqlar\u0131nda T\u00fcrkiy\u0259d\u0259 k\u00fcrd \u00f6z\u00fcn\u00fc idar\u0259\u00e7iliyi u\u011frunda m\u00fcbariz\u0259 aparan PKK-n\u0131n f\u0259aliyy\u0259tini qada\u011fan etm\u0259yi \u00f6hd\u0259liyin\u0259 g\u00f6t\u00fcr\u00fcb.\n<\/p>\n<p>\n  \u018frdo\u011fan deyib ki, T\u00fcrkiy\u0259 \u0259sg\u0259rl\u0259rinin \u015fimali H\u0259l\u0259b\u0259 girm\u0259si raz\u0131la\u015fmaya uy\u011fundur.\n<\/p>\n<p>\n  Xarici \u0130\u015fl\u0259r Nazirliyind\u0259n r\u0259smi m\u0259nb\u0259 \u00e7\u0259r\u015f\u0259nb\u0259 g\u00fcn\u00fc SANA-ya bildirib ki, onlar \u018frdo\u011fan\u0131n h\u0259r\u0259k\u0259tind\u0259n ciddi narahatl\u0131q ke\u00e7irirl\u0259r. Bel\u0259 ki, \u018frdo\u011fan\u0131n t\u00fcrk ordusunu \u015fimali H\u0259l\u0259bd\u0259 g\u00f6rm\u0259k israr\u0131 narahatl\u0131q do\u011furur, m\u0259nb\u0259 qeyd edib.\n<\/p>\n<p>\n  Adana raz\u0131la\u015fmas\u0131 iki \u00f6lk\u0259 aras\u0131nda \u0259m\u0259kda\u015fl\u0131\u011f\u0131n qorunmas\u0131na xidm\u0259t edr. \u201cRaz\u0131la\u015fma m\u00fcdd\u0259alar\u0131na \u0259sas\u0259n \u018frdo\u011fan t\u0259kt\u0259r\u0259fli h\u0259r\u0259k\u0259t etm\u0259m\u0259lidir,\u201d m\u0259nb\u0259 bildirib v\u0259 \u0259lav\u0259 edib ki, Adana raz\u0131la\u015fmas\u0131 terrorizml\u0259 m\u00fcbariz\u0259ni v\u0259 s\u0259rh\u0259dl\u0259r daxilind\u0259 t\u0259hl\u00fck\u0259sizliyi t\u0259min etm\u0259y\u0259 y\u00f6n\u0259ls\u0259 d\u0259, \u018frdo\u011fan bu sazi\u015fi \u00f6z maraqlar\u0131na xidm\u0259t ed\u0259c\u0259k \u015f\u0259kild\u0259 istifad\u0259 edir.\n<\/p>\n<p>\n  \u018frdo\u011fan bildirib ki, m\u00fcqavil\u0259yl\u0259 T\u00fcrkiy\u0259nin Suriya torpaqlar\u0131nda \u0259m\u0259liyyat aparmaq h\u00fcququ var.\n<\/p>\n<p>\n  \u018frdo\u011fan Suriya q\u00fcvv\u0259l\u0259rini \u0130dlib \u0259halisini T\u00fcrkiy\u0259 s\u0259rh\u0259ddin\u0259 t\u0259r\u0259f qovmaqda ittiham edib. Dekabr ay\u0131nda ba\u015flam\u0131\u015f h\u00f6kum\u0259t h\u00fccumlar\u0131ndan b\u0259ri yar\u0131m milyon sivil evl\u0259rini t\u0259rk etm\u0259k m\u0259cburiyy\u0259tind\u0259 qal\u0131b.\n<\/p>\n<p>\n  \u018frdo\u011fan\u0131n x\u0259b\u0259rdarl\u0131\u011f\u0131 s\u0259kkiz T\u00fcrk \u0259sg\u0259rinin \u00f6ld\u00fcr\u00fclm\u0259sind\u0259n sonraya t\u0259sad\u00fcf edir, &#8211; BBC bildirib.<\/p>\n","protected":false},"excerpt":{"rendered":"<p>\u018frdo\u011fan: \u201d T\u00fcrkiy\u0259nin Suriya torpaqlar\u0131nda \u0259m\u0259liyyat aparmaq h\u00fcququ var\u201d<\/p>\n","protected":false},"author":11,"featured_media":119681,"comment_status":"closed","ping_status":"open","sticky":false,"template":"","format":"standard","meta":{"_acf_changed":false,"_sitemap_exclude":false,"_sitemap_priority":"","_sitemap_frequency":"","footnotes":""},"categories":[64],"tags":[],"class_list":["post-199131","post","type-post","status-publish","format-standard","has-post-thumbnail","hentry","category-dunya","infinite-scroll-item","generate-columns","tablet-grid-50","mobile-grid-100","grid-parent","grid-33","no-featured-image-padding"],"acf":[],"yoast_head":"<!-- This site is optimized with the Yoast SEO plugin v27.5 - https:\/\/yoast.com\/product\/yoast-seo-wordpress\/ -->\n<title>Suriya T\u00fcrkiy\u0259nin h\u0259rbi ir\u0259lil\u0259yi\u015find\u0259n narahatd\u0131r - MEYDAN.TV<\/title>\n<meta name=\"robots\" content=\"index, follow, max-snippet:-1, max-image-preview:large, max-video-preview:-1\" \/>\n<link rel=\"canonical\" href=\"https:\/\/www.meydan.tv\/az\/article\/suriya-turkiyenin-herbi-irelileyisinden-narahatdir\/\" \/>\n<meta property=\"og:locale\" content=\"az_AZ\" \/>\n<meta property=\"og:type\" content=\"article\" \/>\n<meta property=\"og:title\" content=\"Suriya T\u00fcrkiy\u0259nin h\u0259rbi ir\u0259lil\u0259yi\u015find\u0259n narahatd\u0131r - MEYDAN.TV\" \/>\n<meta property=\"og:description\" content=\"\u018frdo\u011fan: \u201d T\u00fcrkiy\u0259nin Suriya torpaqlar\u0131nda \u0259m\u0259liyyat aparmaq h\u00fcququ var\u201d\" \/>\n<meta property=\"og:url\" content=\"https:\/\/www.meydan.tv\/az\/article\/suriya-turkiyenin-herbi-irelileyisinden-narahatdir\/\" \/>\n<meta property=\"og:site_name\" content=\"MEYDAN.TV\" \/>\n<meta property=\"article:published_time\" content=\"2020-02-06T18:08:15+00:00\" \/>\n<meta property=\"og:image\" content=\"https:\/\/www.meydan.tv\/wp-content\/uploads\/download.jpeg\" \/>\n\t<meta property=\"og:image:width\" content=\"2290\" \/>\n\t<meta property=\"og:image:height\" content=\"1322\" \/>\n\t<meta property=\"og:image:type\" content=\"image\/jpeg\" \/>\n<meta name=\"author\" content=\"user-manager\" \/>\n<meta name=\"twitter:card\" content=\"summary_large_image\" \/>\n<script type=\"application\/ld+json\" class=\"yoast-schema-graph\">{\"@context\":\"https:\\\/\\\/schema.org\",\"@graph\":[{\"@type\":\"Article\",\"@id\":\"https:\\\/\\\/www.meydan.tv\\\/az\\\/article\\\/suriya-turkiyenin-herbi-irelileyisinden-narahatdir\\\/#article\",\"isPartOf\":{\"@id\":\"https:\\\/\\\/www.meydan.tv\\\/az\\\/article\\\/suriya-turkiyenin-herbi-irelileyisinden-narahatdir\\\/\"},\"author\":{\"name\":\"user-manager\",\"@id\":\"https:\\\/\\\/www.meydan.tv\\\/az\\\/#\\\/schema\\\/person\\\/10d11eccf6da3662cf5fdab9806ea91a\"},\"headline\":\"Suriya T\u00fcrkiy\u0259nin h\u0259rbi ir\u0259lil\u0259yi\u015find\u0259n narahatd\u0131r\",\"datePublished\":\"2020-02-06T18:08:15+00:00\",\"mainEntityOfPage\":{\"@id\":\"https:\\\/\\\/www.meydan.tv\\\/az\\\/article\\\/suriya-turkiyenin-herbi-irelileyisinden-narahatdir\\\/\"},\"wordCount\":374,\"publisher\":{\"@id\":\"https:\\\/\\\/www.meydan.tv\\\/az\\\/#organization\"},\"image\":{\"@id\":\"https:\\\/\\\/www.meydan.tv\\\/az\\\/article\\\/suriya-turkiyenin-herbi-irelileyisinden-narahatdir\\\/#primaryimage\"},\"thumbnailUrl\":\"https:\\\/\\\/www.meydan.tv\\\/wp-content\\\/uploads\\\/download.jpeg\",\"articleSection\":[\"D\u00fcnya\"],\"inLanguage\":\"az\"},{\"@type\":\"WebPage\",\"@id\":\"https:\\\/\\\/www.meydan.tv\\\/az\\\/article\\\/suriya-turkiyenin-herbi-irelileyisinden-narahatdir\\\/\",\"url\":\"https:\\\/\\\/www.meydan.tv\\\/az\\\/article\\\/suriya-turkiyenin-herbi-irelileyisinden-narahatdir\\\/\",\"name\":\"Suriya T\u00fcrkiy\u0259nin h\u0259rbi ir\u0259lil\u0259yi\u015find\u0259n narahatd\u0131r - MEYDAN.TV\",\"isPartOf\":{\"@id\":\"https:\\\/\\\/www.meydan.tv\\\/az\\\/#website\"},\"primaryImageOfPage\":{\"@id\":\"https:\\\/\\\/www.meydan.tv\\\/az\\\/article\\\/suriya-turkiyenin-herbi-irelileyisinden-narahatdir\\\/#primaryimage\"},\"image\":{\"@id\":\"https:\\\/\\\/www.meydan.tv\\\/az\\\/article\\\/suriya-turkiyenin-herbi-irelileyisinden-narahatdir\\\/#primaryimage\"},\"thumbnailUrl\":\"https:\\\/\\\/www.meydan.tv\\\/wp-content\\\/uploads\\\/download.jpeg\",\"datePublished\":\"2020-02-06T18:08:15+00:00\",\"breadcrumb\":{\"@id\":\"https:\\\/\\\/www.meydan.tv\\\/az\\\/article\\\/suriya-turkiyenin-herbi-irelileyisinden-narahatdir\\\/#breadcrumb\"},\"inLanguage\":\"az\",\"potentialAction\":[{\"@type\":\"ReadAction\",\"target\":[\"https:\\\/\\\/www.meydan.tv\\\/az\\\/article\\\/suriya-turkiyenin-herbi-irelileyisinden-narahatdir\\\/\"]}]},{\"@type\":\"ImageObject\",\"inLanguage\":\"az\",\"@id\":\"https:\\\/\\\/www.meydan.tv\\\/az\\\/article\\\/suriya-turkiyenin-herbi-irelileyisinden-narahatdir\\\/#primaryimage\",\"url\":\"https:\\\/\\\/www.meydan.tv\\\/wp-content\\\/uploads\\\/download.jpeg\",\"contentUrl\":\"https:\\\/\\\/www.meydan.tv\\\/wp-content\\\/uploads\\\/download.jpeg\",\"width\":2290,\"height\":1322,\"caption\":\"Source: Meydan TV\"},{\"@type\":\"BreadcrumbList\",\"@id\":\"https:\\\/\\\/www.meydan.tv\\\/az\\\/article\\\/suriya-turkiyenin-herbi-irelileyisinden-narahatdir\\\/#breadcrumb\",\"itemListElement\":[{\"@type\":\"ListItem\",\"position\":1,\"name\":\"Ana s\u0259hif\u0259\",\"item\":\"https:\\\/\\\/www.meydan.tv\\\/az\\\/\"},{\"@type\":\"ListItem\",\"position\":2,\"name\":\"D\u00fcnya\",\"item\":\"https:\\\/\\\/www.meydan.tv\\\/az\\\/section\\\/dunya\\\/\"},{\"@type\":\"ListItem\",\"position\":3,\"name\":\"Suriya T\u00fcrkiy\u0259nin h\u0259rbi ir\u0259lil\u0259yi\u015find\u0259n narahatd\u0131r\"}]},{\"@type\":\"WebSite\",\"@id\":\"https:\\\/\\\/www.meydan.tv\\\/az\\\/#website\",\"url\":\"https:\\\/\\\/www.meydan.tv\\\/az\\\/\",\"name\":\"MEYDAN.TV\",\"description\":\"Meydan TV Az\u0259rbaycan\u0131n media m\u0259kan\u0131ndak\u0131 alternativ s\u0259sidir\",\"publisher\":{\"@id\":\"https:\\\/\\\/www.meydan.tv\\\/az\\\/#organization\"},\"potentialAction\":[{\"@type\":\"SearchAction\",\"target\":{\"@type\":\"EntryPoint\",\"urlTemplate\":\"https:\\\/\\\/www.meydan.tv\\\/az\\\/?s={search_term_string}\"},\"query-input\":{\"@type\":\"PropertyValueSpecification\",\"valueRequired\":true,\"valueName\":\"search_term_string\"}}],\"inLanguage\":\"az\"},{\"@type\":\"Organization\",\"@id\":\"https:\\\/\\\/www.meydan.tv\\\/az\\\/#organization\",\"name\":\"Meydan TV\",\"url\":\"https:\\\/\\\/www.meydan.tv\\\/az\\\/\",\"logo\":{\"@type\":\"ImageObject\",\"inLanguage\":\"az\",\"@id\":\"https:\\\/\\\/www.meydan.tv\\\/az\\\/#\\\/schema\\\/logo\\\/image\\\/\",\"url\":\"https:\\\/\\\/www.meydan.tv\\\/wp-content\\\/uploads\\\/2021\\\/07\\\/meydan-logo.svg\",\"contentUrl\":\"https:\\\/\\\/www.meydan.tv\\\/wp-content\\\/uploads\\\/2021\\\/07\\\/meydan-logo.svg\",\"width\":195,\"height\":46,\"caption\":\"Meydan TV\"},\"image\":{\"@id\":\"https:\\\/\\\/www.meydan.tv\\\/az\\\/#\\\/schema\\\/logo\\\/image\\\/\"}},{\"@type\":\"Person\",\"@id\":\"https:\\\/\\\/www.meydan.tv\\\/az\\\/#\\\/schema\\\/person\\\/10d11eccf6da3662cf5fdab9806ea91a\",\"name\":\"user-manager\"}]}<\/script>\n<!-- \/ Yoast SEO plugin. -->","yoast_head_json":{"title":"Suriya T\u00fcrkiy\u0259nin h\u0259rbi ir\u0259lil\u0259yi\u015find\u0259n narahatd\u0131r - MEYDAN.TV","robots":{"index":"index","follow":"follow","max-snippet":"max-snippet:-1","max-image-preview":"max-image-preview:large","max-video-preview":"max-video-preview:-1"},"canonical":"https:\/\/www.meydan.tv\/az\/article\/suriya-turkiyenin-herbi-irelileyisinden-narahatdir\/","og_locale":"az_AZ","og_type":"article","og_title":"Suriya T\u00fcrkiy\u0259nin h\u0259rbi ir\u0259lil\u0259yi\u015find\u0259n narahatd\u0131r - MEYDAN.TV","og_description":"\u018frdo\u011fan: \u201d T\u00fcrkiy\u0259nin Suriya torpaqlar\u0131nda \u0259m\u0259liyyat aparmaq h\u00fcququ var\u201d","og_url":"https:\/\/www.meydan.tv\/az\/article\/suriya-turkiyenin-herbi-irelileyisinden-narahatdir\/","og_site_name":"MEYDAN.TV","article_published_time":"2020-02-06T18:08:15+00:00","og_image":[{"width":2290,"height":1322,"url":"https:\/\/www.meydan.tv\/wp-content\/uploads\/download.jpeg","type":"image\/jpeg"}],"author":"user-manager","twitter_card":"summary_large_image","schema":{"@context":"https:\/\/schema.org","@graph":[{"@type":"Article","@id":"https:\/\/www.meydan.tv\/az\/article\/suriya-turkiyenin-herbi-irelileyisinden-narahatdir\/#article","isPartOf":{"@id":"https:\/\/www.meydan.tv\/az\/article\/suriya-turkiyenin-herbi-irelileyisinden-narahatdir\/"},"author":{"name":"user-manager","@id":"https:\/\/www.meydan.tv\/az\/#\/schema\/person\/10d11eccf6da3662cf5fdab9806ea91a"},"headline":"Suriya T\u00fcrkiy\u0259nin h\u0259rbi ir\u0259lil\u0259yi\u015find\u0259n narahatd\u0131r","datePublished":"2020-02-06T18:08:15+00:00","mainEntityOfPage":{"@id":"https:\/\/www.meydan.tv\/az\/article\/suriya-turkiyenin-herbi-irelileyisinden-narahatdir\/"},"wordCount":374,"publisher":{"@id":"https:\/\/www.meydan.tv\/az\/#organization"},"image":{"@id":"https:\/\/www.meydan.tv\/az\/article\/suriya-turkiyenin-herbi-irelileyisinden-narahatdir\/#primaryimage"},"thumbnailUrl":"https:\/\/www.meydan.tv\/wp-content\/uploads\/download.jpeg","articleSection":["D\u00fcnya"],"inLanguage":"az"},{"@type":"WebPage","@id":"https:\/\/www.meydan.tv\/az\/article\/suriya-turkiyenin-herbi-irelileyisinden-narahatdir\/","url":"https:\/\/www.meydan.tv\/az\/article\/suriya-turkiyenin-herbi-irelileyisinden-narahatdir\/","name":"Suriya T\u00fcrkiy\u0259nin h\u0259rbi ir\u0259lil\u0259yi\u015find\u0259n narahatd\u0131r - MEYDAN.TV","isPartOf":{"@id":"https:\/\/www.meydan.tv\/az\/#website"},"primaryImageOfPage":{"@id":"https:\/\/www.meydan.tv\/az\/article\/suriya-turkiyenin-herbi-irelileyisinden-narahatdir\/#primaryimage"},"image":{"@id":"https:\/\/www.meydan.tv\/az\/article\/suriya-turkiyenin-herbi-irelileyisinden-narahatdir\/#primaryimage"},"thumbnailUrl":"https:\/\/www.meydan.tv\/wp-content\/uploads\/download.jpeg","datePublished":"2020-02-06T18:08:15+00:00","breadcrumb":{"@id":"https:\/\/www.meydan.tv\/az\/article\/suriya-turkiyenin-herbi-irelileyisinden-narahatdir\/#breadcrumb"},"inLanguage":"az","potentialAction":[{"@type":"ReadAction","target":["https:\/\/www.meydan.tv\/az\/article\/suriya-turkiyenin-herbi-irelileyisinden-narahatdir\/"]}]},{"@type":"ImageObject","inLanguage":"az","@id":"https:\/\/www.meydan.tv\/az\/article\/suriya-turkiyenin-herbi-irelileyisinden-narahatdir\/#primaryimage","url":"https:\/\/www.meydan.tv\/wp-content\/uploads\/download.jpeg","contentUrl":"https:\/\/www.meydan.tv\/wp-content\/uploads\/download.jpeg","width":2290,"height":1322,"caption":"Source: Meydan TV"},{"@type":"BreadcrumbList","@id":"https:\/\/www.meydan.tv\/az\/article\/suriya-turkiyenin-herbi-irelileyisinden-narahatdir\/#breadcrumb","itemListElement":[{"@type":"ListItem","position":1,"name":"Ana s\u0259hif\u0259","item":"https:\/\/www.meydan.tv\/az\/"},{"@type":"ListItem","position":2,"name":"D\u00fcnya","item":"https:\/\/www.meydan.tv\/az\/section\/dunya\/"},{"@type":"ListItem","position":3,"name":"Suriya T\u00fcrkiy\u0259nin h\u0259rbi ir\u0259lil\u0259yi\u015find\u0259n narahatd\u0131r"}]},{"@type":"WebSite","@id":"https:\/\/www.meydan.tv\/az\/#website","url":"https:\/\/www.meydan.tv\/az\/","name":"MEYDAN.TV","description":"Meydan TV Az\u0259rbaycan\u0131n media m\u0259kan\u0131ndak\u0131 alternativ s\u0259sidir","publisher":{"@id":"https:\/\/www.meydan.tv\/az\/#organization"},"potentialAction":[{"@type":"SearchAction","target":{"@type":"EntryPoint","urlTemplate":"https:\/\/www.meydan.tv\/az\/?s={search_term_string}"},"query-input":{"@type":"PropertyValueSpecification","valueRequired":true,"valueName":"search_term_string"}}],"inLanguage":"az"},{"@type":"Organization","@id":"https:\/\/www.meydan.tv\/az\/#organization","name":"Meydan TV","url":"https:\/\/www.meydan.tv\/az\/","logo":{"@type":"ImageObject","inLanguage":"az","@id":"https:\/\/www.meydan.tv\/az\/#\/schema\/logo\/image\/","url":"https:\/\/www.meydan.tv\/wp-content\/uploads\/2021\/07\/meydan-logo.svg","contentUrl":"https:\/\/www.meydan.tv\/wp-content\/uploads\/2021\/07\/meydan-logo.svg","width":195,"height":46,"caption":"Meydan TV"},"image":{"@id":"https:\/\/www.meydan.tv\/az\/#\/schema\/logo\/image\/"}},{"@type":"Person","@id":"https:\/\/www.meydan.tv\/az\/#\/schema\/person\/10d11eccf6da3662cf5fdab9806ea91a","name":"user-manager"}]}},"_links":{"self":[{"href":"https:\/\/www.meydan.tv\/az\/wp-json\/wp\/v2\/posts\/199131","targetHints":{"allow":["GET"]}}],"collection":[{"href":"https:\/\/www.meydan.tv\/az\/wp-json\/wp\/v2\/posts"}],"about":[{"href":"https:\/\/www.meydan.tv\/az\/wp-json\/wp\/v2\/types\/post"}],"author":[{"embeddable":true,"href":"https:\/\/www.meydan.tv\/az\/wp-json\/wp\/v2\/users\/11"}],"replies":[{"embeddable":true,"href":"https:\/\/www.meydan.tv\/az\/wp-json\/wp\/v2\/comments?post=199131"}],"version-history":[{"count":0,"href":"https:\/\/www.meydan.tv\/az\/wp-json\/wp\/v2\/posts\/199131\/revisions"}],"wp:featuredmedia":[{"embeddable":true,"href":"https:\/\/www.meydan.tv\/az\/wp-json\/wp\/v2\/media\/119681"}],"wp:attachment":[{"href":"https:\/\/www.meydan.tv\/az\/wp-json\/wp\/v2\/media?parent=199131"}],"wp:term":[{"taxonomy":"category","embeddable":true,"href":"https:\/\/www.meydan.tv\/az\/wp-json\/wp\/v2\/categories?post=199131"},{"taxonomy":"post_tag","embeddable":true,"href":"https:\/\/www.meydan.tv\/az\/wp-json\/wp\/v2\/tags?post=199131"}],"curies":[{"name":"wp","href":"https:\/\/api.w.org\/{rel}","templated":true}]}}