{"id":199116,"date":"2020-02-05T19:44:30","date_gmt":"2020-02-05T19:44:30","guid":{"rendered":"https:\/\/www.meydan.tv\/article\/turkmenistanda-40-yasdan-yuxari-memurlardan-agsacli-olmaq-teleb-edilir\/"},"modified":"2020-02-05T19:44:30","modified_gmt":"2020-02-05T19:44:30","slug":"turkmenistanda-40-yasdan-yuxari-memurlardan-agsacli-olmaq-teleb-edilir","status":"publish","type":"post","link":"https:\/\/www.meydan.tv\/az\/article\/turkmenistanda-40-yasdan-yuxari-memurlardan-agsacli-olmaq-teleb-edilir\/","title":{"rendered":"T\u00fcrkm\u0259nistanda 40 ya\u015fdan yuxar\u0131 m\u0259murlardan a\u011fsa\u00e7l\u0131 olmaq t\u0259l\u0259b edilir"},"content":{"rendered":"<p>\n  <i><br \/>\n    \u015eifahi qoyulmu\u015f qada\u011fa m\u0259kt\u0259b v\u0259 s\u0259hiyy\u0259 m\u00fc\u0259ssis\u0259l\u0259rind\u0259 i\u015fl\u0259y\u0259nl\u0259r\u0259 d\u0259 \u015famil edilir<br \/>\n  <\/i>\n<\/p>\n<p>\n  T\u00fcrkm\u0259nistan h\u00f6kum\u0259ti Lebap b\u00f6lg\u0259sinin d\u00f6vl\u0259t v\u0259 b\u00fcdc\u0259 qurumlar\u0131nda 40-dan \u00e7ox ya\u015f\u0131 olan d\u00f6vl\u0259t i\u015f\u00e7il\u0259rin\u0259 a\u011farm\u0131\u015f sa\u00e7lar\u0131n\u0131 qara r\u0259ng\u0259 boyama\u011f\u0131 qada\u011fan edib. \u201cAzathabar\u201d (Radio Azadl\u0131q) x\u0259b\u0259r verir ki, sa\u00e7lar\u0131 a\u011farmayanlara is\u0259 boz r\u0259ng istifad\u0259 ed\u0259r\u0259k sa\u00e7lar\u0131n\u0131 a\u011fartmaq t\u00f6vsiy\u0259 edilib.\n<\/p>\n<p>\n  \u201cDem\u0259k olar ki, b\u00fct\u00fcn aidiyy\u0259ti qurumlarda, o c\u00fcml\u0259d\u0259n m\u0259kt\u0259bl\u0259rd\u0259, s\u0259hiyy\u0259 m\u00fc\u0259ssis\u0259l\u0259rind\u0259 sa\u00e7lar\u0131n\u0131 boyayan i\u015f\u00e7il\u0259r\u0259 t\u0259bii sa\u00e7 r\u0259ngin\u0259 qay\u0131tmaq \u0259mr edilib\u201d,- i\u015f\u00e7il\u0259rd\u0259n biri bildirib.\n<\/p>\n<p>\n  Bu q\u0259rib\u0259 qada\u011fan\u0131n s\u0259b\u0259bi Prezident Qurbanqulu Berdimuhamedov sa\u00e7lar\u0131d\u0131r. Bel\u0259 ki, b\u00f6lg\u0259y\u0259 s\u0259f\u0259r ed\u0259c\u0259yi t\u0259qdird\u0259 onunla yaln\u0131z b\u0259yazlam\u0131\u015f sa\u00e7lar\u0131 olan k\u0259sl\u0259r \u00fcnsiyy\u0259t\u0259 girm\u0259lidir.\n<\/p>\n<p>\n  B\u00fcdc\u0259 t\u0259\u015fkilatlar\u0131n\u0131n i\u015f\u00e7il\u0259ri il\u0259, h\u0259m\u00e7inin m\u00fc\u0259llim v\u0259 tibb i\u015f\u00e7il\u0259ri il\u0259 s\u00f6hb\u0259t ed\u0259n m\u00fcxbirin s\u00f6zl\u0259rin\u0259 g\u00f6r\u0259, bu qada\u011fa \u015fifahi formada bildirilib.\n<\/p>\n<p>\n  Radio Lebap b\u00f6lg\u0259sind\u0259n bu qada\u011fa il\u0259 ba\u011fl\u0131 m\u00f6vqe ala bilm\u0259yib. D\u00f6vl\u0259t medias\u0131 is\u0259 bu bar\u0259d\u0259 m\u0259lumat verm\u0259yib.\n<\/p>\n<p>\n  2018-ci ilin iyul ay\u0131ndan \u0259vv\u0259l Prezident sa\u00e7lar\u0131n\u0131 qara r\u0259ng\u0259 boyam\u0131\u015fd\u0131 v\u0259 o zaman m\u0259murlardan da bu t\u0259l\u0259b edilmi\u015fdi. Ke\u00e7\u0259n ilin yanvar ay\u0131nda \u00f6lk\u0259nin t\u0259hsil m\u00fc\u0259ssis\u0259l\u0259rind\u0259 Prezidentin qara sa\u00e7l\u0131 portretl\u0259ri d\u0259yi\u015fdirilmi\u015f v\u0259 yeni a\u011fsa\u00e7l\u0131 foto\u015f\u0259kill\u0259rl\u0259 \u0259v\u0259z edilmi\u015fdi.<\/p>\n","protected":false},"excerpt":{"rendered":"<p>B\u00fcdc\u0259 t\u0259\u015fkilatlar\u0131n\u0131n i\u015f\u00e7il\u0259ri il\u0259, h\u0259m\u00e7inin m\u00fc\u0259llim v\u0259 tibb i\u015f\u00e7il\u0259ri il\u0259 s\u00f6hb\u0259t ed\u0259n m\u00fcxbirin s\u00f6zl\u0259rin\u0259 g\u00f6r\u0259, bu qada\u011fa \u015fifahi formada bildirilib.<\/p>\n","protected":false},"author":11,"featured_media":136968,"comment_status":"closed","ping_status":"open","sticky":false,"template":"","format":"standard","meta":{"_acf_changed":false,"_sitemap_exclude":false,"_sitemap_priority":"","_sitemap_frequency":"","footnotes":""},"categories":[64],"tags":[],"class_list":["post-199116","post","type-post","status-publish","format-standard","has-post-thumbnail","hentry","category-dunya","infinite-scroll-item","generate-columns","tablet-grid-50","mobile-grid-100","grid-parent","grid-33","no-featured-image-padding"],"acf":[],"yoast_head":"<!-- This site is optimized with the Yoast SEO plugin v27.5 - https:\/\/yoast.com\/product\/yoast-seo-wordpress\/ -->\n<title>T\u00fcrkm\u0259nistanda 40 ya\u015fdan yuxar\u0131 m\u0259murlardan a\u011fsa\u00e7l\u0131 olmaq t\u0259l\u0259b edilir - MEYDAN.TV<\/title>\n<meta name=\"robots\" content=\"index, follow, max-snippet:-1, max-image-preview:large, max-video-preview:-1\" \/>\n<link rel=\"canonical\" href=\"https:\/\/www.meydan.tv\/az\/article\/turkmenistanda-40-yasdan-yuxari-memurlardan-agsacli-olmaq-teleb-edilir\/\" \/>\n<meta property=\"og:locale\" content=\"az_AZ\" \/>\n<meta property=\"og:type\" content=\"article\" \/>\n<meta property=\"og:title\" content=\"T\u00fcrkm\u0259nistanda 40 ya\u015fdan yuxar\u0131 m\u0259murlardan a\u011fsa\u00e7l\u0131 olmaq t\u0259l\u0259b edilir - MEYDAN.TV\" \/>\n<meta property=\"og:description\" content=\"B\u00fcdc\u0259 t\u0259\u015fkilatlar\u0131n\u0131n i\u015f\u00e7il\u0259ri il\u0259, h\u0259m\u00e7inin m\u00fc\u0259llim v\u0259 tibb i\u015f\u00e7il\u0259ri il\u0259 s\u00f6hb\u0259t ed\u0259n m\u00fcxbirin s\u00f6zl\u0259rin\u0259 g\u00f6r\u0259, bu qada\u011fa \u015fifahi formada bildirilib.\" \/>\n<meta property=\"og:url\" content=\"https:\/\/www.meydan.tv\/az\/article\/turkmenistanda-40-yasdan-yuxari-memurlardan-agsacli-olmaq-teleb-edilir\/\" \/>\n<meta property=\"og:site_name\" content=\"MEYDAN.TV\" \/>\n<meta property=\"article:published_time\" content=\"2020-02-05T19:44:30+00:00\" \/>\n<meta property=\"og:image\" content=\"https:\/\/www.meydan.tv\/wp-content\/uploads\/g1dvzwsr.jpg\" \/>\n\t<meta property=\"og:image:width\" content=\"1036\" \/>\n\t<meta property=\"og:image:height\" content=\"583\" \/>\n\t<meta property=\"og:image:type\" content=\"image\/jpeg\" \/>\n<meta name=\"author\" content=\"user-manager\" \/>\n<meta name=\"twitter:card\" content=\"summary_large_image\" \/>\n<script type=\"application\/ld+json\" class=\"yoast-schema-graph\">{\"@context\":\"https:\\\/\\\/schema.org\",\"@graph\":[{\"@type\":\"Article\",\"@id\":\"https:\\\/\\\/www.meydan.tv\\\/az\\\/article\\\/turkmenistanda-40-yasdan-yuxari-memurlardan-agsacli-olmaq-teleb-edilir\\\/#article\",\"isPartOf\":{\"@id\":\"https:\\\/\\\/www.meydan.tv\\\/az\\\/article\\\/turkmenistanda-40-yasdan-yuxari-memurlardan-agsacli-olmaq-teleb-edilir\\\/\"},\"author\":{\"name\":\"user-manager\",\"@id\":\"https:\\\/\\\/www.meydan.tv\\\/az\\\/#\\\/schema\\\/person\\\/10d11eccf6da3662cf5fdab9806ea91a\"},\"headline\":\"T\u00fcrkm\u0259nistanda 40 ya\u015fdan yuxar\u0131 m\u0259murlardan a\u011fsa\u00e7l\u0131 olmaq t\u0259l\u0259b edilir\",\"datePublished\":\"2020-02-05T19:44:30+00:00\",\"mainEntityOfPage\":{\"@id\":\"https:\\\/\\\/www.meydan.tv\\\/az\\\/article\\\/turkmenistanda-40-yasdan-yuxari-memurlardan-agsacli-olmaq-teleb-edilir\\\/\"},\"wordCount\":330,\"publisher\":{\"@id\":\"https:\\\/\\\/www.meydan.tv\\\/az\\\/#organization\"},\"image\":{\"@id\":\"https:\\\/\\\/www.meydan.tv\\\/az\\\/article\\\/turkmenistanda-40-yasdan-yuxari-memurlardan-agsacli-olmaq-teleb-edilir\\\/#primaryimage\"},\"thumbnailUrl\":\"https:\\\/\\\/www.meydan.tv\\\/wp-content\\\/uploads\\\/g1dvzwsr.jpg\",\"articleSection\":[\"D\u00fcnya\"],\"inLanguage\":\"az\"},{\"@type\":\"WebPage\",\"@id\":\"https:\\\/\\\/www.meydan.tv\\\/az\\\/article\\\/turkmenistanda-40-yasdan-yuxari-memurlardan-agsacli-olmaq-teleb-edilir\\\/\",\"url\":\"https:\\\/\\\/www.meydan.tv\\\/az\\\/article\\\/turkmenistanda-40-yasdan-yuxari-memurlardan-agsacli-olmaq-teleb-edilir\\\/\",\"name\":\"T\u00fcrkm\u0259nistanda 40 ya\u015fdan yuxar\u0131 m\u0259murlardan a\u011fsa\u00e7l\u0131 olmaq t\u0259l\u0259b edilir - MEYDAN.TV\",\"isPartOf\":{\"@id\":\"https:\\\/\\\/www.meydan.tv\\\/az\\\/#website\"},\"primaryImageOfPage\":{\"@id\":\"https:\\\/\\\/www.meydan.tv\\\/az\\\/article\\\/turkmenistanda-40-yasdan-yuxari-memurlardan-agsacli-olmaq-teleb-edilir\\\/#primaryimage\"},\"image\":{\"@id\":\"https:\\\/\\\/www.meydan.tv\\\/az\\\/article\\\/turkmenistanda-40-yasdan-yuxari-memurlardan-agsacli-olmaq-teleb-edilir\\\/#primaryimage\"},\"thumbnailUrl\":\"https:\\\/\\\/www.meydan.tv\\\/wp-content\\\/uploads\\\/g1dvzwsr.jpg\",\"datePublished\":\"2020-02-05T19:44:30+00:00\",\"breadcrumb\":{\"@id\":\"https:\\\/\\\/www.meydan.tv\\\/az\\\/article\\\/turkmenistanda-40-yasdan-yuxari-memurlardan-agsacli-olmaq-teleb-edilir\\\/#breadcrumb\"},\"inLanguage\":\"az\",\"potentialAction\":[{\"@type\":\"ReadAction\",\"target\":[\"https:\\\/\\\/www.meydan.tv\\\/az\\\/article\\\/turkmenistanda-40-yasdan-yuxari-memurlardan-agsacli-olmaq-teleb-edilir\\\/\"]}]},{\"@type\":\"ImageObject\",\"inLanguage\":\"az\",\"@id\":\"https:\\\/\\\/www.meydan.tv\\\/az\\\/article\\\/turkmenistanda-40-yasdan-yuxari-memurlardan-agsacli-olmaq-teleb-edilir\\\/#primaryimage\",\"url\":\"https:\\\/\\\/www.meydan.tv\\\/wp-content\\\/uploads\\\/g1dvzwsr.jpg\",\"contentUrl\":\"https:\\\/\\\/www.meydan.tv\\\/wp-content\\\/uploads\\\/g1dvzwsr.jpg\",\"width\":1036,\"height\":583,\"caption\":\"Source: Foto: google.ru\"},{\"@type\":\"BreadcrumbList\",\"@id\":\"https:\\\/\\\/www.meydan.tv\\\/az\\\/article\\\/turkmenistanda-40-yasdan-yuxari-memurlardan-agsacli-olmaq-teleb-edilir\\\/#breadcrumb\",\"itemListElement\":[{\"@type\":\"ListItem\",\"position\":1,\"name\":\"Ana s\u0259hif\u0259\",\"item\":\"https:\\\/\\\/www.meydan.tv\\\/az\\\/\"},{\"@type\":\"ListItem\",\"position\":2,\"name\":\"D\u00fcnya\",\"item\":\"https:\\\/\\\/www.meydan.tv\\\/az\\\/section\\\/dunya\\\/\"},{\"@type\":\"ListItem\",\"position\":3,\"name\":\"T\u00fcrkm\u0259nistanda 40 ya\u015fdan yuxar\u0131 m\u0259murlardan a\u011fsa\u00e7l\u0131 olmaq t\u0259l\u0259b edilir\"}]},{\"@type\":\"WebSite\",\"@id\":\"https:\\\/\\\/www.meydan.tv\\\/az\\\/#website\",\"url\":\"https:\\\/\\\/www.meydan.tv\\\/az\\\/\",\"name\":\"MEYDAN.TV\",\"description\":\"Meydan TV Az\u0259rbaycan\u0131n media m\u0259kan\u0131ndak\u0131 alternativ s\u0259sidir\",\"publisher\":{\"@id\":\"https:\\\/\\\/www.meydan.tv\\\/az\\\/#organization\"},\"potentialAction\":[{\"@type\":\"SearchAction\",\"target\":{\"@type\":\"EntryPoint\",\"urlTemplate\":\"https:\\\/\\\/www.meydan.tv\\\/az\\\/?s={search_term_string}\"},\"query-input\":{\"@type\":\"PropertyValueSpecification\",\"valueRequired\":true,\"valueName\":\"search_term_string\"}}],\"inLanguage\":\"az\"},{\"@type\":\"Organization\",\"@id\":\"https:\\\/\\\/www.meydan.tv\\\/az\\\/#organization\",\"name\":\"Meydan TV\",\"url\":\"https:\\\/\\\/www.meydan.tv\\\/az\\\/\",\"logo\":{\"@type\":\"ImageObject\",\"inLanguage\":\"az\",\"@id\":\"https:\\\/\\\/www.meydan.tv\\\/az\\\/#\\\/schema\\\/logo\\\/image\\\/\",\"url\":\"https:\\\/\\\/www.meydan.tv\\\/wp-content\\\/uploads\\\/2021\\\/07\\\/meydan-logo.svg\",\"contentUrl\":\"https:\\\/\\\/www.meydan.tv\\\/wp-content\\\/uploads\\\/2021\\\/07\\\/meydan-logo.svg\",\"width\":195,\"height\":46,\"caption\":\"Meydan TV\"},\"image\":{\"@id\":\"https:\\\/\\\/www.meydan.tv\\\/az\\\/#\\\/schema\\\/logo\\\/image\\\/\"}},{\"@type\":\"Person\",\"@id\":\"https:\\\/\\\/www.meydan.tv\\\/az\\\/#\\\/schema\\\/person\\\/10d11eccf6da3662cf5fdab9806ea91a\",\"name\":\"user-manager\"}]}<\/script>\n<!-- \/ Yoast SEO plugin. -->","yoast_head_json":{"title":"T\u00fcrkm\u0259nistanda 40 ya\u015fdan yuxar\u0131 m\u0259murlardan a\u011fsa\u00e7l\u0131 olmaq t\u0259l\u0259b edilir - MEYDAN.TV","robots":{"index":"index","follow":"follow","max-snippet":"max-snippet:-1","max-image-preview":"max-image-preview:large","max-video-preview":"max-video-preview:-1"},"canonical":"https:\/\/www.meydan.tv\/az\/article\/turkmenistanda-40-yasdan-yuxari-memurlardan-agsacli-olmaq-teleb-edilir\/","og_locale":"az_AZ","og_type":"article","og_title":"T\u00fcrkm\u0259nistanda 40 ya\u015fdan yuxar\u0131 m\u0259murlardan a\u011fsa\u00e7l\u0131 olmaq t\u0259l\u0259b edilir - MEYDAN.TV","og_description":"B\u00fcdc\u0259 t\u0259\u015fkilatlar\u0131n\u0131n i\u015f\u00e7il\u0259ri il\u0259, h\u0259m\u00e7inin m\u00fc\u0259llim v\u0259 tibb i\u015f\u00e7il\u0259ri il\u0259 s\u00f6hb\u0259t ed\u0259n m\u00fcxbirin s\u00f6zl\u0259rin\u0259 g\u00f6r\u0259, bu qada\u011fa \u015fifahi formada bildirilib.","og_url":"https:\/\/www.meydan.tv\/az\/article\/turkmenistanda-40-yasdan-yuxari-memurlardan-agsacli-olmaq-teleb-edilir\/","og_site_name":"MEYDAN.TV","article_published_time":"2020-02-05T19:44:30+00:00","og_image":[{"width":1036,"height":583,"url":"https:\/\/www.meydan.tv\/wp-content\/uploads\/g1dvzwsr.jpg","type":"image\/jpeg"}],"author":"user-manager","twitter_card":"summary_large_image","schema":{"@context":"https:\/\/schema.org","@graph":[{"@type":"Article","@id":"https:\/\/www.meydan.tv\/az\/article\/turkmenistanda-40-yasdan-yuxari-memurlardan-agsacli-olmaq-teleb-edilir\/#article","isPartOf":{"@id":"https:\/\/www.meydan.tv\/az\/article\/turkmenistanda-40-yasdan-yuxari-memurlardan-agsacli-olmaq-teleb-edilir\/"},"author":{"name":"user-manager","@id":"https:\/\/www.meydan.tv\/az\/#\/schema\/person\/10d11eccf6da3662cf5fdab9806ea91a"},"headline":"T\u00fcrkm\u0259nistanda 40 ya\u015fdan yuxar\u0131 m\u0259murlardan a\u011fsa\u00e7l\u0131 olmaq t\u0259l\u0259b edilir","datePublished":"2020-02-05T19:44:30+00:00","mainEntityOfPage":{"@id":"https:\/\/www.meydan.tv\/az\/article\/turkmenistanda-40-yasdan-yuxari-memurlardan-agsacli-olmaq-teleb-edilir\/"},"wordCount":330,"publisher":{"@id":"https:\/\/www.meydan.tv\/az\/#organization"},"image":{"@id":"https:\/\/www.meydan.tv\/az\/article\/turkmenistanda-40-yasdan-yuxari-memurlardan-agsacli-olmaq-teleb-edilir\/#primaryimage"},"thumbnailUrl":"https:\/\/www.meydan.tv\/wp-content\/uploads\/g1dvzwsr.jpg","articleSection":["D\u00fcnya"],"inLanguage":"az"},{"@type":"WebPage","@id":"https:\/\/www.meydan.tv\/az\/article\/turkmenistanda-40-yasdan-yuxari-memurlardan-agsacli-olmaq-teleb-edilir\/","url":"https:\/\/www.meydan.tv\/az\/article\/turkmenistanda-40-yasdan-yuxari-memurlardan-agsacli-olmaq-teleb-edilir\/","name":"T\u00fcrkm\u0259nistanda 40 ya\u015fdan yuxar\u0131 m\u0259murlardan a\u011fsa\u00e7l\u0131 olmaq t\u0259l\u0259b edilir - MEYDAN.TV","isPartOf":{"@id":"https:\/\/www.meydan.tv\/az\/#website"},"primaryImageOfPage":{"@id":"https:\/\/www.meydan.tv\/az\/article\/turkmenistanda-40-yasdan-yuxari-memurlardan-agsacli-olmaq-teleb-edilir\/#primaryimage"},"image":{"@id":"https:\/\/www.meydan.tv\/az\/article\/turkmenistanda-40-yasdan-yuxari-memurlardan-agsacli-olmaq-teleb-edilir\/#primaryimage"},"thumbnailUrl":"https:\/\/www.meydan.tv\/wp-content\/uploads\/g1dvzwsr.jpg","datePublished":"2020-02-05T19:44:30+00:00","breadcrumb":{"@id":"https:\/\/www.meydan.tv\/az\/article\/turkmenistanda-40-yasdan-yuxari-memurlardan-agsacli-olmaq-teleb-edilir\/#breadcrumb"},"inLanguage":"az","potentialAction":[{"@type":"ReadAction","target":["https:\/\/www.meydan.tv\/az\/article\/turkmenistanda-40-yasdan-yuxari-memurlardan-agsacli-olmaq-teleb-edilir\/"]}]},{"@type":"ImageObject","inLanguage":"az","@id":"https:\/\/www.meydan.tv\/az\/article\/turkmenistanda-40-yasdan-yuxari-memurlardan-agsacli-olmaq-teleb-edilir\/#primaryimage","url":"https:\/\/www.meydan.tv\/wp-content\/uploads\/g1dvzwsr.jpg","contentUrl":"https:\/\/www.meydan.tv\/wp-content\/uploads\/g1dvzwsr.jpg","width":1036,"height":583,"caption":"Source: Foto: google.ru"},{"@type":"BreadcrumbList","@id":"https:\/\/www.meydan.tv\/az\/article\/turkmenistanda-40-yasdan-yuxari-memurlardan-agsacli-olmaq-teleb-edilir\/#breadcrumb","itemListElement":[{"@type":"ListItem","position":1,"name":"Ana s\u0259hif\u0259","item":"https:\/\/www.meydan.tv\/az\/"},{"@type":"ListItem","position":2,"name":"D\u00fcnya","item":"https:\/\/www.meydan.tv\/az\/section\/dunya\/"},{"@type":"ListItem","position":3,"name":"T\u00fcrkm\u0259nistanda 40 ya\u015fdan yuxar\u0131 m\u0259murlardan a\u011fsa\u00e7l\u0131 olmaq t\u0259l\u0259b edilir"}]},{"@type":"WebSite","@id":"https:\/\/www.meydan.tv\/az\/#website","url":"https:\/\/www.meydan.tv\/az\/","name":"MEYDAN.TV","description":"Meydan TV Az\u0259rbaycan\u0131n media m\u0259kan\u0131ndak\u0131 alternativ s\u0259sidir","publisher":{"@id":"https:\/\/www.meydan.tv\/az\/#organization"},"potentialAction":[{"@type":"SearchAction","target":{"@type":"EntryPoint","urlTemplate":"https:\/\/www.meydan.tv\/az\/?s={search_term_string}"},"query-input":{"@type":"PropertyValueSpecification","valueRequired":true,"valueName":"search_term_string"}}],"inLanguage":"az"},{"@type":"Organization","@id":"https:\/\/www.meydan.tv\/az\/#organization","name":"Meydan TV","url":"https:\/\/www.meydan.tv\/az\/","logo":{"@type":"ImageObject","inLanguage":"az","@id":"https:\/\/www.meydan.tv\/az\/#\/schema\/logo\/image\/","url":"https:\/\/www.meydan.tv\/wp-content\/uploads\/2021\/07\/meydan-logo.svg","contentUrl":"https:\/\/www.meydan.tv\/wp-content\/uploads\/2021\/07\/meydan-logo.svg","width":195,"height":46,"caption":"Meydan TV"},"image":{"@id":"https:\/\/www.meydan.tv\/az\/#\/schema\/logo\/image\/"}},{"@type":"Person","@id":"https:\/\/www.meydan.tv\/az\/#\/schema\/person\/10d11eccf6da3662cf5fdab9806ea91a","name":"user-manager"}]}},"_links":{"self":[{"href":"https:\/\/www.meydan.tv\/az\/wp-json\/wp\/v2\/posts\/199116","targetHints":{"allow":["GET"]}}],"collection":[{"href":"https:\/\/www.meydan.tv\/az\/wp-json\/wp\/v2\/posts"}],"about":[{"href":"https:\/\/www.meydan.tv\/az\/wp-json\/wp\/v2\/types\/post"}],"author":[{"embeddable":true,"href":"https:\/\/www.meydan.tv\/az\/wp-json\/wp\/v2\/users\/11"}],"replies":[{"embeddable":true,"href":"https:\/\/www.meydan.tv\/az\/wp-json\/wp\/v2\/comments?post=199116"}],"version-history":[{"count":0,"href":"https:\/\/www.meydan.tv\/az\/wp-json\/wp\/v2\/posts\/199116\/revisions"}],"wp:featuredmedia":[{"embeddable":true,"href":"https:\/\/www.meydan.tv\/az\/wp-json\/wp\/v2\/media\/136968"}],"wp:attachment":[{"href":"https:\/\/www.meydan.tv\/az\/wp-json\/wp\/v2\/media?parent=199116"}],"wp:term":[{"taxonomy":"category","embeddable":true,"href":"https:\/\/www.meydan.tv\/az\/wp-json\/wp\/v2\/categories?post=199116"},{"taxonomy":"post_tag","embeddable":true,"href":"https:\/\/www.meydan.tv\/az\/wp-json\/wp\/v2\/tags?post=199116"}],"curies":[{"name":"wp","href":"https:\/\/api.w.org\/{rel}","templated":true}]}}