{"id":199115,"date":"2020-02-05T19:40:02","date_gmt":"2020-02-05T19:40:02","guid":{"rendered":"https:\/\/www.meydan.tv\/article\/istanbulda-teyyare-qezaya-ugrayib-xesaret-alanlar-var\/"},"modified":"2020-02-05T19:40:02","modified_gmt":"2020-02-05T19:40:02","slug":"istanbulda-teyyare-qezaya-ugrayib-xesaret-alanlar-var","status":"publish","type":"post","link":"https:\/\/www.meydan.tv\/az\/article\/istanbulda-teyyare-qezaya-ugrayib-xesaret-alanlar-var\/","title":{"rendered":"\u0130stanbulda t\u0259yyar\u0259 q\u0259zaya u\u011fray\u0131b, x\u0259sar\u0259t alanlar var"},"content":{"rendered":"<p>\n  <i><br \/>\n    T\u0259yyar\u0259d\u0259 177 s\u0259rni\u015fin olub<br \/>\n  <\/i>\n<\/p>\n<p>\n  \u00c7\u0259r\u015f\u0259nb\u0259 g\u00fcn\u00fc bir s\u0259rni\u015fin t\u0259yyar\u0259si \u0130stanbul hava liman\u0131nda u\u00e7u\u015f-enm\u0259 zola\u011f\u0131ndan \u00e7\u0131x\u0131b, 52 n\u0259f\u0259r x\u0259sar\u0259t al\u0131b, &#8211; \u201cAnadolu\u201d agentliyi x\u0259b\u0259r verir.\n<\/p>\n<p>\n  \u201cPegasus\u201d Hava Yollar\u0131na m\u0259xsus t\u0259yyar\u0259 T\u00fcrkiy\u0259nin \u0130zmir \u015f\u0259h\u0259rind\u0259n \u0130stanbulun Sabiha G\u00f6k\u00e7en Beyn\u0259lxalq Hava Liman\u0131na en\u0259rk\u0259n u\u00e7u\u015f-enm\u0259 zola\u011f\u0131ndan \u00e7\u0131xaraq q\u0259zaya s\u0259b\u0259b olub, &#8211; T\u00fcrkiy\u0259nin N\u0259qliyyat v\u0259 infrastruktur naziri Cahit Turhan bildirib.\n<\/p>\n<p>\n  Turhan t\u0259yyar\u0259d\u0259 olan 177 n\u0259f\u0259r aras\u0131nda itki olmad\u0131\u011f\u0131n\u0131, onlar\u0131n aras\u0131nda iki u\u015faq v\u0259 alt\u0131 ekipaj \u00fczv\u00fc oldu\u011funu deyib.\n<\/p>\n<p>\n  \u201cKomandam\u0131z haz\u0131rda s\u0259rni\u015finl\u0259ri t\u0259xliy\u0259 edirl\u0259r\u201d,- dey\u0259 \u0259lav\u0259 edib.\n<\/p>\n<p>\n  Hadis\u0259nin ard\u0131ndan \u201cPegasus\u201d Hava Yollar\u0131 a\u00e7\u0131qlama verib v\u0259 q\u0259zan\u0131 t\u0259sdiql\u0259yib:\n<\/p>\n<p>\n  \u201cHal-haz\u0131rda h\u0259yat itkisi yoxdur, yaral\u0131 s\u0259rni\u015finl\u0259rimiz x\u0259st\u0259xanalara g\u00f6nd\u0259rilir. Hadis\u0259l\u0259rin gedi\u015fat\u0131 haqq\u0131nda m\u0259lumat verm\u0259y\u0259 davam ed\u0259c\u0259yik\u201d.\n<\/p>\n<p>\n  Televiziya g\u00f6r\u00fcnt\u00fcl\u0259rind\u0259 t\u0259yyar\u0259nin kokpitinin v\u0259 \u00f6n qisminin g\u00f6vd\u0259sind\u0259n ayr\u0131ld\u0131\u011f\u0131, bir qisminin is\u0259 q\u0259zan\u0131n ard\u0131ndan alovland\u0131\u011f\u0131 g\u00f6r\u00fcn\u00fcr. \u201cBBC T\u00fcrk\u00e7\u0259\u201d b\u0259zi s\u0259rni\u015finl\u0259rin \u00f6z \u00e7abalar\u0131yla t\u0259yyar\u0259d\u0259n \u00e7\u0131xd\u0131\u011f\u0131n\u0131 x\u0259b\u0259r verir. B\u00f6lg\u0259y\u0259 bir ne\u00e7\u0259 yan\u011f\u0131ns\u00f6nd\u00fcr\u0259n v\u0259 tibb i\u015f\u00e7isi g\u00f6nd\u0259rilib. \u0130stanbul Valisi Ali Yerlikaya 52 yaral\u0131n\u0131n \u0259trafdak\u0131 x\u0259st\u0259xanalara qald\u0131r\u0131ld\u0131\u011f\u0131n\u0131 a\u00e7\u0131qlay\u0131b.\n<\/p>\n<p>\n  Paytaxt Ankara prokurorlar\u0131 hadis\u0259 il\u0259 \u0259laq\u0259dar istintaq ba\u015flad\u0131b. Hava liman\u0131 hava h\u0259r\u0259k\u0259ti \u00fc\u00e7\u00fcn m\u00fcv\u0259qq\u0259ti olaraq ba\u011flan\u0131b.\n<\/p>\n<p>\n  \u201cAnadolu\u201d agentliyi h\u0259m\u00e7inin x\u0259b\u0259r verir ki, Sabiha G\u00f6k\u00e7\u0259nd\u0259 u\u00e7a\u011f\u0131n zolaqdan \u00e7\u0131xmas\u0131yla yaranm\u0131\u015f q\u0259zan\u0131n ard\u0131ndan hadis\u0259 yerin\u0259 g\u00f6nd\u0259ril\u0259n polisl\u0259rin havaliman\u0131 yax\u0131nlar\u0131nda q\u0259za ke\u00e7irdiyi bildirilir. Yaralanan be\u015f \u00f6z\u0259l h\u0259r\u0259k\u0259t polisi x\u0259st\u0259xanaya qald\u0131r\u0131l\u0131b.<\/p>\n","protected":false},"excerpt":{"rendered":"<p>\u201cKomandam\u0131z haz\u0131rda s\u0259rni\u015finl\u0259ri t\u0259xliy\u0259 edirl\u0259r\u201d,- dey\u0259 \u0259lav\u0259 edib.<\/p>\n","protected":false},"author":11,"featured_media":136965,"comment_status":"closed","ping_status":"open","sticky":false,"template":"","format":"standard","meta":{"_acf_changed":false,"_sitemap_exclude":false,"_sitemap_priority":"","_sitemap_frequency":"","footnotes":""},"categories":[64],"tags":[],"class_list":["post-199115","post","type-post","status-publish","format-standard","has-post-thumbnail","hentry","category-dunya","infinite-scroll-item","generate-columns","tablet-grid-50","mobile-grid-100","grid-parent","grid-33","no-featured-image-padding"],"acf":[],"yoast_head":"<!-- This site is optimized with the Yoast SEO plugin v27.5 - https:\/\/yoast.com\/product\/yoast-seo-wordpress\/ -->\n<title>\u0130stanbulda t\u0259yyar\u0259 q\u0259zaya u\u011fray\u0131b, x\u0259sar\u0259t alanlar var - MEYDAN.TV<\/title>\n<meta name=\"robots\" content=\"index, follow, max-snippet:-1, max-image-preview:large, max-video-preview:-1\" \/>\n<link rel=\"canonical\" href=\"https:\/\/www.meydan.tv\/az\/article\/istanbulda-teyyare-qezaya-ugrayib-xesaret-alanlar-var\/\" \/>\n<meta property=\"og:locale\" content=\"az_AZ\" \/>\n<meta property=\"og:type\" content=\"article\" \/>\n<meta property=\"og:title\" content=\"\u0130stanbulda t\u0259yyar\u0259 q\u0259zaya u\u011fray\u0131b, x\u0259sar\u0259t alanlar var - MEYDAN.TV\" \/>\n<meta property=\"og:description\" content=\"\u201cKomandam\u0131z haz\u0131rda s\u0259rni\u015finl\u0259ri t\u0259xliy\u0259 edirl\u0259r\u201d,- dey\u0259 \u0259lav\u0259 edib.\" \/>\n<meta property=\"og:url\" content=\"https:\/\/www.meydan.tv\/az\/article\/istanbulda-teyyare-qezaya-ugrayib-xesaret-alanlar-var\/\" \/>\n<meta property=\"og:site_name\" content=\"MEYDAN.TV\" \/>\n<meta property=\"article:published_time\" content=\"2020-02-05T19:40:02+00:00\" \/>\n<meta property=\"og:image\" content=\"https:\/\/www.meydan.tv\/wp-content\/uploads\/5e3ae96badcdeb07186a71fb.jpg\" \/>\n\t<meta property=\"og:image:width\" content=\"859\" \/>\n\t<meta property=\"og:image:height\" content=\"482\" \/>\n\t<meta property=\"og:image:type\" content=\"image\/jpeg\" \/>\n<meta name=\"author\" content=\"user-manager\" \/>\n<meta name=\"twitter:card\" content=\"summary_large_image\" \/>\n<script type=\"application\/ld+json\" class=\"yoast-schema-graph\">{\"@context\":\"https:\\\/\\\/schema.org\",\"@graph\":[{\"@type\":\"Article\",\"@id\":\"https:\\\/\\\/www.meydan.tv\\\/az\\\/article\\\/istanbulda-teyyare-qezaya-ugrayib-xesaret-alanlar-var\\\/#article\",\"isPartOf\":{\"@id\":\"https:\\\/\\\/www.meydan.tv\\\/az\\\/article\\\/istanbulda-teyyare-qezaya-ugrayib-xesaret-alanlar-var\\\/\"},\"author\":{\"name\":\"user-manager\",\"@id\":\"https:\\\/\\\/www.meydan.tv\\\/az\\\/#\\\/schema\\\/person\\\/10d11eccf6da3662cf5fdab9806ea91a\"},\"headline\":\"\u0130stanbulda t\u0259yyar\u0259 q\u0259zaya u\u011fray\u0131b, x\u0259sar\u0259t alanlar var\",\"datePublished\":\"2020-02-05T19:40:02+00:00\",\"mainEntityOfPage\":{\"@id\":\"https:\\\/\\\/www.meydan.tv\\\/az\\\/article\\\/istanbulda-teyyare-qezaya-ugrayib-xesaret-alanlar-var\\\/\"},\"wordCount\":375,\"publisher\":{\"@id\":\"https:\\\/\\\/www.meydan.tv\\\/az\\\/#organization\"},\"image\":{\"@id\":\"https:\\\/\\\/www.meydan.tv\\\/az\\\/article\\\/istanbulda-teyyare-qezaya-ugrayib-xesaret-alanlar-var\\\/#primaryimage\"},\"thumbnailUrl\":\"https:\\\/\\\/www.meydan.tv\\\/wp-content\\\/uploads\\\/5e3ae96badcdeb07186a71fb.jpg\",\"articleSection\":[\"D\u00fcnya\"],\"inLanguage\":\"az\"},{\"@type\":\"WebPage\",\"@id\":\"https:\\\/\\\/www.meydan.tv\\\/az\\\/article\\\/istanbulda-teyyare-qezaya-ugrayib-xesaret-alanlar-var\\\/\",\"url\":\"https:\\\/\\\/www.meydan.tv\\\/az\\\/article\\\/istanbulda-teyyare-qezaya-ugrayib-xesaret-alanlar-var\\\/\",\"name\":\"\u0130stanbulda t\u0259yyar\u0259 q\u0259zaya u\u011fray\u0131b, x\u0259sar\u0259t alanlar var - MEYDAN.TV\",\"isPartOf\":{\"@id\":\"https:\\\/\\\/www.meydan.tv\\\/az\\\/#website\"},\"primaryImageOfPage\":{\"@id\":\"https:\\\/\\\/www.meydan.tv\\\/az\\\/article\\\/istanbulda-teyyare-qezaya-ugrayib-xesaret-alanlar-var\\\/#primaryimage\"},\"image\":{\"@id\":\"https:\\\/\\\/www.meydan.tv\\\/az\\\/article\\\/istanbulda-teyyare-qezaya-ugrayib-xesaret-alanlar-var\\\/#primaryimage\"},\"thumbnailUrl\":\"https:\\\/\\\/www.meydan.tv\\\/wp-content\\\/uploads\\\/5e3ae96badcdeb07186a71fb.jpg\",\"datePublished\":\"2020-02-05T19:40:02+00:00\",\"breadcrumb\":{\"@id\":\"https:\\\/\\\/www.meydan.tv\\\/az\\\/article\\\/istanbulda-teyyare-qezaya-ugrayib-xesaret-alanlar-var\\\/#breadcrumb\"},\"inLanguage\":\"az\",\"potentialAction\":[{\"@type\":\"ReadAction\",\"target\":[\"https:\\\/\\\/www.meydan.tv\\\/az\\\/article\\\/istanbulda-teyyare-qezaya-ugrayib-xesaret-alanlar-var\\\/\"]}]},{\"@type\":\"ImageObject\",\"inLanguage\":\"az\",\"@id\":\"https:\\\/\\\/www.meydan.tv\\\/az\\\/article\\\/istanbulda-teyyare-qezaya-ugrayib-xesaret-alanlar-var\\\/#primaryimage\",\"url\":\"https:\\\/\\\/www.meydan.tv\\\/wp-content\\\/uploads\\\/5e3ae96badcdeb07186a71fb.jpg\",\"contentUrl\":\"https:\\\/\\\/www.meydan.tv\\\/wp-content\\\/uploads\\\/5e3ae96badcdeb07186a71fb.jpg\",\"width\":859,\"height\":482,\"caption\":\"Source: Foto: https:\\\/\\\/www.milliyet.com.tr\\\/\"},{\"@type\":\"BreadcrumbList\",\"@id\":\"https:\\\/\\\/www.meydan.tv\\\/az\\\/article\\\/istanbulda-teyyare-qezaya-ugrayib-xesaret-alanlar-var\\\/#breadcrumb\",\"itemListElement\":[{\"@type\":\"ListItem\",\"position\":1,\"name\":\"Ana s\u0259hif\u0259\",\"item\":\"https:\\\/\\\/www.meydan.tv\\\/az\\\/\"},{\"@type\":\"ListItem\",\"position\":2,\"name\":\"D\u00fcnya\",\"item\":\"https:\\\/\\\/www.meydan.tv\\\/az\\\/section\\\/dunya\\\/\"},{\"@type\":\"ListItem\",\"position\":3,\"name\":\"\u0130stanbulda t\u0259yyar\u0259 q\u0259zaya u\u011fray\u0131b, x\u0259sar\u0259t alanlar var\"}]},{\"@type\":\"WebSite\",\"@id\":\"https:\\\/\\\/www.meydan.tv\\\/az\\\/#website\",\"url\":\"https:\\\/\\\/www.meydan.tv\\\/az\\\/\",\"name\":\"MEYDAN.TV\",\"description\":\"Meydan TV Az\u0259rbaycan\u0131n media m\u0259kan\u0131ndak\u0131 alternativ s\u0259sidir\",\"publisher\":{\"@id\":\"https:\\\/\\\/www.meydan.tv\\\/az\\\/#organization\"},\"potentialAction\":[{\"@type\":\"SearchAction\",\"target\":{\"@type\":\"EntryPoint\",\"urlTemplate\":\"https:\\\/\\\/www.meydan.tv\\\/az\\\/?s={search_term_string}\"},\"query-input\":{\"@type\":\"PropertyValueSpecification\",\"valueRequired\":true,\"valueName\":\"search_term_string\"}}],\"inLanguage\":\"az\"},{\"@type\":\"Organization\",\"@id\":\"https:\\\/\\\/www.meydan.tv\\\/az\\\/#organization\",\"name\":\"Meydan TV\",\"url\":\"https:\\\/\\\/www.meydan.tv\\\/az\\\/\",\"logo\":{\"@type\":\"ImageObject\",\"inLanguage\":\"az\",\"@id\":\"https:\\\/\\\/www.meydan.tv\\\/az\\\/#\\\/schema\\\/logo\\\/image\\\/\",\"url\":\"https:\\\/\\\/www.meydan.tv\\\/wp-content\\\/uploads\\\/2021\\\/07\\\/meydan-logo.svg\",\"contentUrl\":\"https:\\\/\\\/www.meydan.tv\\\/wp-content\\\/uploads\\\/2021\\\/07\\\/meydan-logo.svg\",\"width\":195,\"height\":46,\"caption\":\"Meydan TV\"},\"image\":{\"@id\":\"https:\\\/\\\/www.meydan.tv\\\/az\\\/#\\\/schema\\\/logo\\\/image\\\/\"}},{\"@type\":\"Person\",\"@id\":\"https:\\\/\\\/www.meydan.tv\\\/az\\\/#\\\/schema\\\/person\\\/10d11eccf6da3662cf5fdab9806ea91a\",\"name\":\"user-manager\"}]}<\/script>\n<!-- \/ Yoast SEO plugin. -->","yoast_head_json":{"title":"\u0130stanbulda t\u0259yyar\u0259 q\u0259zaya u\u011fray\u0131b, x\u0259sar\u0259t alanlar var - MEYDAN.TV","robots":{"index":"index","follow":"follow","max-snippet":"max-snippet:-1","max-image-preview":"max-image-preview:large","max-video-preview":"max-video-preview:-1"},"canonical":"https:\/\/www.meydan.tv\/az\/article\/istanbulda-teyyare-qezaya-ugrayib-xesaret-alanlar-var\/","og_locale":"az_AZ","og_type":"article","og_title":"\u0130stanbulda t\u0259yyar\u0259 q\u0259zaya u\u011fray\u0131b, x\u0259sar\u0259t alanlar var - MEYDAN.TV","og_description":"\u201cKomandam\u0131z haz\u0131rda s\u0259rni\u015finl\u0259ri t\u0259xliy\u0259 edirl\u0259r\u201d,- dey\u0259 \u0259lav\u0259 edib.","og_url":"https:\/\/www.meydan.tv\/az\/article\/istanbulda-teyyare-qezaya-ugrayib-xesaret-alanlar-var\/","og_site_name":"MEYDAN.TV","article_published_time":"2020-02-05T19:40:02+00:00","og_image":[{"width":859,"height":482,"url":"https:\/\/www.meydan.tv\/wp-content\/uploads\/5e3ae96badcdeb07186a71fb.jpg","type":"image\/jpeg"}],"author":"user-manager","twitter_card":"summary_large_image","schema":{"@context":"https:\/\/schema.org","@graph":[{"@type":"Article","@id":"https:\/\/www.meydan.tv\/az\/article\/istanbulda-teyyare-qezaya-ugrayib-xesaret-alanlar-var\/#article","isPartOf":{"@id":"https:\/\/www.meydan.tv\/az\/article\/istanbulda-teyyare-qezaya-ugrayib-xesaret-alanlar-var\/"},"author":{"name":"user-manager","@id":"https:\/\/www.meydan.tv\/az\/#\/schema\/person\/10d11eccf6da3662cf5fdab9806ea91a"},"headline":"\u0130stanbulda t\u0259yyar\u0259 q\u0259zaya u\u011fray\u0131b, x\u0259sar\u0259t alanlar var","datePublished":"2020-02-05T19:40:02+00:00","mainEntityOfPage":{"@id":"https:\/\/www.meydan.tv\/az\/article\/istanbulda-teyyare-qezaya-ugrayib-xesaret-alanlar-var\/"},"wordCount":375,"publisher":{"@id":"https:\/\/www.meydan.tv\/az\/#organization"},"image":{"@id":"https:\/\/www.meydan.tv\/az\/article\/istanbulda-teyyare-qezaya-ugrayib-xesaret-alanlar-var\/#primaryimage"},"thumbnailUrl":"https:\/\/www.meydan.tv\/wp-content\/uploads\/5e3ae96badcdeb07186a71fb.jpg","articleSection":["D\u00fcnya"],"inLanguage":"az"},{"@type":"WebPage","@id":"https:\/\/www.meydan.tv\/az\/article\/istanbulda-teyyare-qezaya-ugrayib-xesaret-alanlar-var\/","url":"https:\/\/www.meydan.tv\/az\/article\/istanbulda-teyyare-qezaya-ugrayib-xesaret-alanlar-var\/","name":"\u0130stanbulda t\u0259yyar\u0259 q\u0259zaya u\u011fray\u0131b, x\u0259sar\u0259t alanlar var - MEYDAN.TV","isPartOf":{"@id":"https:\/\/www.meydan.tv\/az\/#website"},"primaryImageOfPage":{"@id":"https:\/\/www.meydan.tv\/az\/article\/istanbulda-teyyare-qezaya-ugrayib-xesaret-alanlar-var\/#primaryimage"},"image":{"@id":"https:\/\/www.meydan.tv\/az\/article\/istanbulda-teyyare-qezaya-ugrayib-xesaret-alanlar-var\/#primaryimage"},"thumbnailUrl":"https:\/\/www.meydan.tv\/wp-content\/uploads\/5e3ae96badcdeb07186a71fb.jpg","datePublished":"2020-02-05T19:40:02+00:00","breadcrumb":{"@id":"https:\/\/www.meydan.tv\/az\/article\/istanbulda-teyyare-qezaya-ugrayib-xesaret-alanlar-var\/#breadcrumb"},"inLanguage":"az","potentialAction":[{"@type":"ReadAction","target":["https:\/\/www.meydan.tv\/az\/article\/istanbulda-teyyare-qezaya-ugrayib-xesaret-alanlar-var\/"]}]},{"@type":"ImageObject","inLanguage":"az","@id":"https:\/\/www.meydan.tv\/az\/article\/istanbulda-teyyare-qezaya-ugrayib-xesaret-alanlar-var\/#primaryimage","url":"https:\/\/www.meydan.tv\/wp-content\/uploads\/5e3ae96badcdeb07186a71fb.jpg","contentUrl":"https:\/\/www.meydan.tv\/wp-content\/uploads\/5e3ae96badcdeb07186a71fb.jpg","width":859,"height":482,"caption":"Source: Foto: https:\/\/www.milliyet.com.tr\/"},{"@type":"BreadcrumbList","@id":"https:\/\/www.meydan.tv\/az\/article\/istanbulda-teyyare-qezaya-ugrayib-xesaret-alanlar-var\/#breadcrumb","itemListElement":[{"@type":"ListItem","position":1,"name":"Ana s\u0259hif\u0259","item":"https:\/\/www.meydan.tv\/az\/"},{"@type":"ListItem","position":2,"name":"D\u00fcnya","item":"https:\/\/www.meydan.tv\/az\/section\/dunya\/"},{"@type":"ListItem","position":3,"name":"\u0130stanbulda t\u0259yyar\u0259 q\u0259zaya u\u011fray\u0131b, x\u0259sar\u0259t alanlar var"}]},{"@type":"WebSite","@id":"https:\/\/www.meydan.tv\/az\/#website","url":"https:\/\/www.meydan.tv\/az\/","name":"MEYDAN.TV","description":"Meydan TV Az\u0259rbaycan\u0131n media m\u0259kan\u0131ndak\u0131 alternativ s\u0259sidir","publisher":{"@id":"https:\/\/www.meydan.tv\/az\/#organization"},"potentialAction":[{"@type":"SearchAction","target":{"@type":"EntryPoint","urlTemplate":"https:\/\/www.meydan.tv\/az\/?s={search_term_string}"},"query-input":{"@type":"PropertyValueSpecification","valueRequired":true,"valueName":"search_term_string"}}],"inLanguage":"az"},{"@type":"Organization","@id":"https:\/\/www.meydan.tv\/az\/#organization","name":"Meydan TV","url":"https:\/\/www.meydan.tv\/az\/","logo":{"@type":"ImageObject","inLanguage":"az","@id":"https:\/\/www.meydan.tv\/az\/#\/schema\/logo\/image\/","url":"https:\/\/www.meydan.tv\/wp-content\/uploads\/2021\/07\/meydan-logo.svg","contentUrl":"https:\/\/www.meydan.tv\/wp-content\/uploads\/2021\/07\/meydan-logo.svg","width":195,"height":46,"caption":"Meydan TV"},"image":{"@id":"https:\/\/www.meydan.tv\/az\/#\/schema\/logo\/image\/"}},{"@type":"Person","@id":"https:\/\/www.meydan.tv\/az\/#\/schema\/person\/10d11eccf6da3662cf5fdab9806ea91a","name":"user-manager"}]}},"_links":{"self":[{"href":"https:\/\/www.meydan.tv\/az\/wp-json\/wp\/v2\/posts\/199115","targetHints":{"allow":["GET"]}}],"collection":[{"href":"https:\/\/www.meydan.tv\/az\/wp-json\/wp\/v2\/posts"}],"about":[{"href":"https:\/\/www.meydan.tv\/az\/wp-json\/wp\/v2\/types\/post"}],"author":[{"embeddable":true,"href":"https:\/\/www.meydan.tv\/az\/wp-json\/wp\/v2\/users\/11"}],"replies":[{"embeddable":true,"href":"https:\/\/www.meydan.tv\/az\/wp-json\/wp\/v2\/comments?post=199115"}],"version-history":[{"count":0,"href":"https:\/\/www.meydan.tv\/az\/wp-json\/wp\/v2\/posts\/199115\/revisions"}],"wp:featuredmedia":[{"embeddable":true,"href":"https:\/\/www.meydan.tv\/az\/wp-json\/wp\/v2\/media\/136965"}],"wp:attachment":[{"href":"https:\/\/www.meydan.tv\/az\/wp-json\/wp\/v2\/media?parent=199115"}],"wp:term":[{"taxonomy":"category","embeddable":true,"href":"https:\/\/www.meydan.tv\/az\/wp-json\/wp\/v2\/categories?post=199115"},{"taxonomy":"post_tag","embeddable":true,"href":"https:\/\/www.meydan.tv\/az\/wp-json\/wp\/v2\/tags?post=199115"}],"curies":[{"name":"wp","href":"https:\/\/api.w.org\/{rel}","templated":true}]}}