{"id":199095,"date":"2020-02-04T19:52:27","date_gmt":"2020-02-04T19:52:27","guid":{"rendered":"https:\/\/www.meydan.tv\/article\/turkmen-lideri-yeni-seher-tikmek-ucun-15-milyard-dollar-ayiriba\/"},"modified":"2020-02-04T19:52:27","modified_gmt":"2020-02-04T19:52:27","slug":"turkmen-lideri-yeni-seher-tikmek-ucun-15-milyard-dollar-ayiriba","status":"publish","type":"post","link":"https:\/\/www.meydan.tv\/az\/article\/turkmen-lideri-yeni-seher-tikmek-ucun-15-milyard-dollar-ayiriba\/","title":{"rendered":"T\u00fcrkm\u0259n lideri yeni \u015f\u0259h\u0259r tikm\u0259k \u00fc\u00e7\u00fcn 1,5 milyard dollar ay\u0131r\u0131b"},"content":{"rendered":"<p>\n  <i><br \/>\n    \u015e\u0259h\u0259rin ad\u0131 a\u00e7\u0131qlanm\u0131r<br \/>\n  <\/i>\n<\/p>\n<p>\n  T\u00fcrkm\u0259nistan\u0131n avtoritar lideri Qurbanqulu Berdimuhammedov h\u00f6kum\u0259t\u0259 yeni bir \u015f\u0259h\u0259rin s\u0131f\u0131rdan in\u015fas\u0131 \u00fc\u00e7\u00fcn xarici mill\u0259tl\u0259rd\u0259n avadanl\u0131q v\u0259 material almaq \u00fc\u00e7\u00fcn 1,5 milyard dollar ay\u0131rma\u011f\u0131 tap\u015f\u0131r\u0131b, &#8211; RFE\/RL x\u0259b\u0259r verir.\n<\/p>\n<p>\n  Qazla z\u0259ngin olan Orta Asiya \u00f6lk\u0259sinin d\u00f6vl\u0259t medias\u0131 fevral ay\u0131n\u0131n 3-d\u0259 deyib ki, prezident yeni \u015f\u0259h\u0259r \u00fc\u00e7\u00fcn laz\u0131m olan tikinti materiallar\u0131, avadanl\u0131q v\u0259 dig\u0259r materiallar\u0131n idxal\u0131 \u00fc\u00e7\u00fcn v\u0259sait ay\u0131rmas\u0131 haqq\u0131nda s\u0259r\u0259ncam imzalay\u0131b.\n<\/p>\n<p>\n  Ad\u0131 a\u00e7\u0131qlanmayan \u015f\u0259h\u0259rin iyundan b\u0259ri Berdimuhammedovun 38 ya\u015fl\u0131 o\u011flu S\u0259rdar Berdimuhammedov t\u0259r\u0259find\u0259n idar\u0259 edil\u0259n c\u0259nub-m\u0259rk\u0259z regionu Ahal\u0131n yeni paytaxt\u0131 olaca\u011f\u0131 bildirilir. Liderin yegan\u0259 o\u011flu b\u0259zi m\u00fc\u015fahid\u0259\u00e7il\u0259r t\u0259r\u0259find\u0259n m\u00fcmk\u00fcn varis hesab olunur.\n<\/p>\n<p>\n  Bu, h\u00f6kum\u0259tin xarici valyuta \u00e7at\u0131\u015fmazl\u0131\u011f\u0131 v\u0259 enerji qiym\u0259tl\u0259rinin a\u015fa\u011f\u0131 d\u00fc\u015fm\u0259si fonunda idxal\u0131 m\u0259hdudla\u015fd\u0131rmaq siyas\u0259tinin bir par\u00e7as\u0131 olaraq h\u0259yata ke\u00e7irilir.\n<\/p>\n<p>\n  62 ya\u015fl\u0131 Berdimuhammedov 2006-c\u0131 ild\u0259n b\u0259ri ke\u00e7mi\u015f Sovet respublikas\u0131 olan T\u00fcrkm\u0259nistan\u0131 idar\u0259 edir. O, fikir ayr\u0131l\u0131\u011f\u0131na d\u00f6z\u00fcms\u00fczl\u00fcy\u00fc il\u0259 v\u0259 \u015f\u0259xsiyy\u0259t\u0259 p\u0259r\u0259sti\u015fin bariz n\u00fcmunasi olaraq tan\u0131n\u0131r. T\u00fcrkm\u0259nl\u0259r ona tez-tez Arkada\u011f (Qoruyucu) kimi m\u00fcraci\u0259t edirl\u0259r.\n<\/p>\n<p>\n  H\u00f6kum\u0259tin t\u0259nqid\u00e7il\u0259ri v\u0259 insan haqlar\u0131 qruplar\u0131 Berdimuhammedovun avtoritet Saparmurat Niyazovun \u00f6l\u00fcm\u00fcnd\u0259n sonra hakimiyy\u0259t\u0259 g\u0259li\u015find\u0259n sonra m\u00fcxalif\u0259ti marginalla\u015fd\u0131rd\u0131\u011f\u0131n\u0131 v\u0259 bilinm\u0259zl\u0259rl\u0259 dolu \u00f6lk\u0259d\u0259 bir s\u0131ra d\u0259yi\u015fiklikl\u0259r etdiyini deyirl\u0259r.\n<\/p>\n<p>\n  M\u0259rhum s\u0259l\u0259fi kimi Berdimuhammedov da hakimiyy\u0259ti \u0259lind\u0259 saxlamaq \u00fc\u00e7\u00fcn \u0259sas mallar v\u0259 kommunal xidm\u0259tl\u0259r\u0259 qoyulan subsidiya qiym\u0259tl\u0259rin\u0259 g\u00fcv\u0259nir.<\/p>\n","protected":false},"excerpt":{"rendered":"<p>\u015e\u0259h\u0259rin ad\u0131 a\u00e7\u0131qlanm\u0131r<\/p>\n","protected":false},"author":11,"featured_media":129724,"comment_status":"closed","ping_status":"open","sticky":false,"template":"","format":"standard","meta":{"_acf_changed":false,"_sitemap_exclude":false,"_sitemap_priority":"","_sitemap_frequency":"","footnotes":""},"categories":[64],"tags":[],"class_list":["post-199095","post","type-post","status-publish","format-standard","has-post-thumbnail","hentry","category-dunya","infinite-scroll-item","generate-columns","tablet-grid-50","mobile-grid-100","grid-parent","grid-33","no-featured-image-padding"],"acf":[],"yoast_head":"<!-- This site is optimized with the Yoast SEO plugin v27.5 - https:\/\/yoast.com\/product\/yoast-seo-wordpress\/ -->\n<title>T\u00fcrkm\u0259n lideri yeni \u015f\u0259h\u0259r tikm\u0259k \u00fc\u00e7\u00fcn 1,5 milyard dollar ay\u0131r\u0131b - MEYDAN.TV<\/title>\n<meta name=\"robots\" content=\"index, follow, max-snippet:-1, max-image-preview:large, max-video-preview:-1\" \/>\n<link rel=\"canonical\" href=\"https:\/\/www.meydan.tv\/az\/article\/turkmen-lideri-yeni-seher-tikmek-ucun-15-milyard-dollar-ayiriba\/\" \/>\n<meta property=\"og:locale\" content=\"az_AZ\" \/>\n<meta property=\"og:type\" content=\"article\" \/>\n<meta property=\"og:title\" content=\"T\u00fcrkm\u0259n lideri yeni \u015f\u0259h\u0259r tikm\u0259k \u00fc\u00e7\u00fcn 1,5 milyard dollar ay\u0131r\u0131b - MEYDAN.TV\" \/>\n<meta property=\"og:description\" content=\"\u015e\u0259h\u0259rin ad\u0131 a\u00e7\u0131qlanm\u0131r\" \/>\n<meta property=\"og:url\" content=\"https:\/\/www.meydan.tv\/az\/article\/turkmen-lideri-yeni-seher-tikmek-ucun-15-milyard-dollar-ayiriba\/\" \/>\n<meta property=\"og:site_name\" content=\"MEYDAN.TV\" \/>\n<meta property=\"article:published_time\" content=\"2020-02-04T19:52:27+00:00\" \/>\n<meta property=\"og:image\" content=\"https:\/\/www.meydan.tv\/wp-content\/uploads\/gurbanguly-berdimuhamedov.jpg\" \/>\n\t<meta property=\"og:image:width\" content=\"2500\" \/>\n\t<meta property=\"og:image:height\" content=\"1650\" \/>\n\t<meta property=\"og:image:type\" content=\"image\/jpeg\" \/>\n<meta name=\"author\" content=\"user-manager\" \/>\n<meta name=\"twitter:card\" content=\"summary_large_image\" \/>\n<script type=\"application\/ld+json\" class=\"yoast-schema-graph\">{\"@context\":\"https:\\\/\\\/schema.org\",\"@graph\":[{\"@type\":\"Article\",\"@id\":\"https:\\\/\\\/www.meydan.tv\\\/az\\\/article\\\/turkmen-lideri-yeni-seher-tikmek-ucun-15-milyard-dollar-ayiriba\\\/#article\",\"isPartOf\":{\"@id\":\"https:\\\/\\\/www.meydan.tv\\\/az\\\/article\\\/turkmen-lideri-yeni-seher-tikmek-ucun-15-milyard-dollar-ayiriba\\\/\"},\"author\":{\"name\":\"user-manager\",\"@id\":\"https:\\\/\\\/www.meydan.tv\\\/az\\\/#\\\/schema\\\/person\\\/10d11eccf6da3662cf5fdab9806ea91a\"},\"headline\":\"T\u00fcrkm\u0259n lideri yeni \u015f\u0259h\u0259r tikm\u0259k \u00fc\u00e7\u00fcn 1,5 milyard dollar ay\u0131r\u0131b\",\"datePublished\":\"2020-02-04T19:52:27+00:00\",\"mainEntityOfPage\":{\"@id\":\"https:\\\/\\\/www.meydan.tv\\\/az\\\/article\\\/turkmen-lideri-yeni-seher-tikmek-ucun-15-milyard-dollar-ayiriba\\\/\"},\"wordCount\":340,\"publisher\":{\"@id\":\"https:\\\/\\\/www.meydan.tv\\\/az\\\/#organization\"},\"image\":{\"@id\":\"https:\\\/\\\/www.meydan.tv\\\/az\\\/article\\\/turkmen-lideri-yeni-seher-tikmek-ucun-15-milyard-dollar-ayiriba\\\/#primaryimage\"},\"thumbnailUrl\":\"https:\\\/\\\/www.meydan.tv\\\/wp-content\\\/uploads\\\/gurbanguly-berdimuhamedov.jpg\",\"articleSection\":[\"D\u00fcnya\"],\"inLanguage\":\"az\"},{\"@type\":\"WebPage\",\"@id\":\"https:\\\/\\\/www.meydan.tv\\\/az\\\/article\\\/turkmen-lideri-yeni-seher-tikmek-ucun-15-milyard-dollar-ayiriba\\\/\",\"url\":\"https:\\\/\\\/www.meydan.tv\\\/az\\\/article\\\/turkmen-lideri-yeni-seher-tikmek-ucun-15-milyard-dollar-ayiriba\\\/\",\"name\":\"T\u00fcrkm\u0259n lideri yeni \u015f\u0259h\u0259r tikm\u0259k \u00fc\u00e7\u00fcn 1,5 milyard dollar ay\u0131r\u0131b - MEYDAN.TV\",\"isPartOf\":{\"@id\":\"https:\\\/\\\/www.meydan.tv\\\/az\\\/#website\"},\"primaryImageOfPage\":{\"@id\":\"https:\\\/\\\/www.meydan.tv\\\/az\\\/article\\\/turkmen-lideri-yeni-seher-tikmek-ucun-15-milyard-dollar-ayiriba\\\/#primaryimage\"},\"image\":{\"@id\":\"https:\\\/\\\/www.meydan.tv\\\/az\\\/article\\\/turkmen-lideri-yeni-seher-tikmek-ucun-15-milyard-dollar-ayiriba\\\/#primaryimage\"},\"thumbnailUrl\":\"https:\\\/\\\/www.meydan.tv\\\/wp-content\\\/uploads\\\/gurbanguly-berdimuhamedov.jpg\",\"datePublished\":\"2020-02-04T19:52:27+00:00\",\"breadcrumb\":{\"@id\":\"https:\\\/\\\/www.meydan.tv\\\/az\\\/article\\\/turkmen-lideri-yeni-seher-tikmek-ucun-15-milyard-dollar-ayiriba\\\/#breadcrumb\"},\"inLanguage\":\"az\",\"potentialAction\":[{\"@type\":\"ReadAction\",\"target\":[\"https:\\\/\\\/www.meydan.tv\\\/az\\\/article\\\/turkmen-lideri-yeni-seher-tikmek-ucun-15-milyard-dollar-ayiriba\\\/\"]}]},{\"@type\":\"ImageObject\",\"inLanguage\":\"az\",\"@id\":\"https:\\\/\\\/www.meydan.tv\\\/az\\\/article\\\/turkmen-lideri-yeni-seher-tikmek-ucun-15-milyard-dollar-ayiriba\\\/#primaryimage\",\"url\":\"https:\\\/\\\/www.meydan.tv\\\/wp-content\\\/uploads\\\/gurbanguly-berdimuhamedov.jpg\",\"contentUrl\":\"https:\\\/\\\/www.meydan.tv\\\/wp-content\\\/uploads\\\/gurbanguly-berdimuhamedov.jpg\",\"width\":2500,\"height\":1650,\"caption\":\"Source: google.az\"},{\"@type\":\"BreadcrumbList\",\"@id\":\"https:\\\/\\\/www.meydan.tv\\\/az\\\/article\\\/turkmen-lideri-yeni-seher-tikmek-ucun-15-milyard-dollar-ayiriba\\\/#breadcrumb\",\"itemListElement\":[{\"@type\":\"ListItem\",\"position\":1,\"name\":\"Ana s\u0259hif\u0259\",\"item\":\"https:\\\/\\\/www.meydan.tv\\\/az\\\/\"},{\"@type\":\"ListItem\",\"position\":2,\"name\":\"D\u00fcnya\",\"item\":\"https:\\\/\\\/www.meydan.tv\\\/az\\\/section\\\/dunya\\\/\"},{\"@type\":\"ListItem\",\"position\":3,\"name\":\"T\u00fcrkm\u0259n lideri yeni \u015f\u0259h\u0259r tikm\u0259k \u00fc\u00e7\u00fcn 1,5 milyard dollar ay\u0131r\u0131b\"}]},{\"@type\":\"WebSite\",\"@id\":\"https:\\\/\\\/www.meydan.tv\\\/az\\\/#website\",\"url\":\"https:\\\/\\\/www.meydan.tv\\\/az\\\/\",\"name\":\"MEYDAN.TV\",\"description\":\"Meydan TV Az\u0259rbaycan\u0131n media m\u0259kan\u0131ndak\u0131 alternativ s\u0259sidir\",\"publisher\":{\"@id\":\"https:\\\/\\\/www.meydan.tv\\\/az\\\/#organization\"},\"potentialAction\":[{\"@type\":\"SearchAction\",\"target\":{\"@type\":\"EntryPoint\",\"urlTemplate\":\"https:\\\/\\\/www.meydan.tv\\\/az\\\/?s={search_term_string}\"},\"query-input\":{\"@type\":\"PropertyValueSpecification\",\"valueRequired\":true,\"valueName\":\"search_term_string\"}}],\"inLanguage\":\"az\"},{\"@type\":\"Organization\",\"@id\":\"https:\\\/\\\/www.meydan.tv\\\/az\\\/#organization\",\"name\":\"Meydan TV\",\"url\":\"https:\\\/\\\/www.meydan.tv\\\/az\\\/\",\"logo\":{\"@type\":\"ImageObject\",\"inLanguage\":\"az\",\"@id\":\"https:\\\/\\\/www.meydan.tv\\\/az\\\/#\\\/schema\\\/logo\\\/image\\\/\",\"url\":\"https:\\\/\\\/www.meydan.tv\\\/wp-content\\\/uploads\\\/2021\\\/07\\\/meydan-logo.svg\",\"contentUrl\":\"https:\\\/\\\/www.meydan.tv\\\/wp-content\\\/uploads\\\/2021\\\/07\\\/meydan-logo.svg\",\"width\":195,\"height\":46,\"caption\":\"Meydan TV\"},\"image\":{\"@id\":\"https:\\\/\\\/www.meydan.tv\\\/az\\\/#\\\/schema\\\/logo\\\/image\\\/\"}},{\"@type\":\"Person\",\"@id\":\"https:\\\/\\\/www.meydan.tv\\\/az\\\/#\\\/schema\\\/person\\\/10d11eccf6da3662cf5fdab9806ea91a\",\"name\":\"user-manager\"}]}<\/script>\n<!-- \/ Yoast SEO plugin. -->","yoast_head_json":{"title":"T\u00fcrkm\u0259n lideri yeni \u015f\u0259h\u0259r tikm\u0259k \u00fc\u00e7\u00fcn 1,5 milyard dollar ay\u0131r\u0131b - MEYDAN.TV","robots":{"index":"index","follow":"follow","max-snippet":"max-snippet:-1","max-image-preview":"max-image-preview:large","max-video-preview":"max-video-preview:-1"},"canonical":"https:\/\/www.meydan.tv\/az\/article\/turkmen-lideri-yeni-seher-tikmek-ucun-15-milyard-dollar-ayiriba\/","og_locale":"az_AZ","og_type":"article","og_title":"T\u00fcrkm\u0259n lideri yeni \u015f\u0259h\u0259r tikm\u0259k \u00fc\u00e7\u00fcn 1,5 milyard dollar ay\u0131r\u0131b - MEYDAN.TV","og_description":"\u015e\u0259h\u0259rin ad\u0131 a\u00e7\u0131qlanm\u0131r","og_url":"https:\/\/www.meydan.tv\/az\/article\/turkmen-lideri-yeni-seher-tikmek-ucun-15-milyard-dollar-ayiriba\/","og_site_name":"MEYDAN.TV","article_published_time":"2020-02-04T19:52:27+00:00","og_image":[{"width":2500,"height":1650,"url":"https:\/\/www.meydan.tv\/wp-content\/uploads\/gurbanguly-berdimuhamedov.jpg","type":"image\/jpeg"}],"author":"user-manager","twitter_card":"summary_large_image","schema":{"@context":"https:\/\/schema.org","@graph":[{"@type":"Article","@id":"https:\/\/www.meydan.tv\/az\/article\/turkmen-lideri-yeni-seher-tikmek-ucun-15-milyard-dollar-ayiriba\/#article","isPartOf":{"@id":"https:\/\/www.meydan.tv\/az\/article\/turkmen-lideri-yeni-seher-tikmek-ucun-15-milyard-dollar-ayiriba\/"},"author":{"name":"user-manager","@id":"https:\/\/www.meydan.tv\/az\/#\/schema\/person\/10d11eccf6da3662cf5fdab9806ea91a"},"headline":"T\u00fcrkm\u0259n lideri yeni \u015f\u0259h\u0259r tikm\u0259k \u00fc\u00e7\u00fcn 1,5 milyard dollar ay\u0131r\u0131b","datePublished":"2020-02-04T19:52:27+00:00","mainEntityOfPage":{"@id":"https:\/\/www.meydan.tv\/az\/article\/turkmen-lideri-yeni-seher-tikmek-ucun-15-milyard-dollar-ayiriba\/"},"wordCount":340,"publisher":{"@id":"https:\/\/www.meydan.tv\/az\/#organization"},"image":{"@id":"https:\/\/www.meydan.tv\/az\/article\/turkmen-lideri-yeni-seher-tikmek-ucun-15-milyard-dollar-ayiriba\/#primaryimage"},"thumbnailUrl":"https:\/\/www.meydan.tv\/wp-content\/uploads\/gurbanguly-berdimuhamedov.jpg","articleSection":["D\u00fcnya"],"inLanguage":"az"},{"@type":"WebPage","@id":"https:\/\/www.meydan.tv\/az\/article\/turkmen-lideri-yeni-seher-tikmek-ucun-15-milyard-dollar-ayiriba\/","url":"https:\/\/www.meydan.tv\/az\/article\/turkmen-lideri-yeni-seher-tikmek-ucun-15-milyard-dollar-ayiriba\/","name":"T\u00fcrkm\u0259n lideri yeni \u015f\u0259h\u0259r tikm\u0259k \u00fc\u00e7\u00fcn 1,5 milyard dollar ay\u0131r\u0131b - MEYDAN.TV","isPartOf":{"@id":"https:\/\/www.meydan.tv\/az\/#website"},"primaryImageOfPage":{"@id":"https:\/\/www.meydan.tv\/az\/article\/turkmen-lideri-yeni-seher-tikmek-ucun-15-milyard-dollar-ayiriba\/#primaryimage"},"image":{"@id":"https:\/\/www.meydan.tv\/az\/article\/turkmen-lideri-yeni-seher-tikmek-ucun-15-milyard-dollar-ayiriba\/#primaryimage"},"thumbnailUrl":"https:\/\/www.meydan.tv\/wp-content\/uploads\/gurbanguly-berdimuhamedov.jpg","datePublished":"2020-02-04T19:52:27+00:00","breadcrumb":{"@id":"https:\/\/www.meydan.tv\/az\/article\/turkmen-lideri-yeni-seher-tikmek-ucun-15-milyard-dollar-ayiriba\/#breadcrumb"},"inLanguage":"az","potentialAction":[{"@type":"ReadAction","target":["https:\/\/www.meydan.tv\/az\/article\/turkmen-lideri-yeni-seher-tikmek-ucun-15-milyard-dollar-ayiriba\/"]}]},{"@type":"ImageObject","inLanguage":"az","@id":"https:\/\/www.meydan.tv\/az\/article\/turkmen-lideri-yeni-seher-tikmek-ucun-15-milyard-dollar-ayiriba\/#primaryimage","url":"https:\/\/www.meydan.tv\/wp-content\/uploads\/gurbanguly-berdimuhamedov.jpg","contentUrl":"https:\/\/www.meydan.tv\/wp-content\/uploads\/gurbanguly-berdimuhamedov.jpg","width":2500,"height":1650,"caption":"Source: google.az"},{"@type":"BreadcrumbList","@id":"https:\/\/www.meydan.tv\/az\/article\/turkmen-lideri-yeni-seher-tikmek-ucun-15-milyard-dollar-ayiriba\/#breadcrumb","itemListElement":[{"@type":"ListItem","position":1,"name":"Ana s\u0259hif\u0259","item":"https:\/\/www.meydan.tv\/az\/"},{"@type":"ListItem","position":2,"name":"D\u00fcnya","item":"https:\/\/www.meydan.tv\/az\/section\/dunya\/"},{"@type":"ListItem","position":3,"name":"T\u00fcrkm\u0259n lideri yeni \u015f\u0259h\u0259r tikm\u0259k \u00fc\u00e7\u00fcn 1,5 milyard dollar ay\u0131r\u0131b"}]},{"@type":"WebSite","@id":"https:\/\/www.meydan.tv\/az\/#website","url":"https:\/\/www.meydan.tv\/az\/","name":"MEYDAN.TV","description":"Meydan TV Az\u0259rbaycan\u0131n media m\u0259kan\u0131ndak\u0131 alternativ s\u0259sidir","publisher":{"@id":"https:\/\/www.meydan.tv\/az\/#organization"},"potentialAction":[{"@type":"SearchAction","target":{"@type":"EntryPoint","urlTemplate":"https:\/\/www.meydan.tv\/az\/?s={search_term_string}"},"query-input":{"@type":"PropertyValueSpecification","valueRequired":true,"valueName":"search_term_string"}}],"inLanguage":"az"},{"@type":"Organization","@id":"https:\/\/www.meydan.tv\/az\/#organization","name":"Meydan TV","url":"https:\/\/www.meydan.tv\/az\/","logo":{"@type":"ImageObject","inLanguage":"az","@id":"https:\/\/www.meydan.tv\/az\/#\/schema\/logo\/image\/","url":"https:\/\/www.meydan.tv\/wp-content\/uploads\/2021\/07\/meydan-logo.svg","contentUrl":"https:\/\/www.meydan.tv\/wp-content\/uploads\/2021\/07\/meydan-logo.svg","width":195,"height":46,"caption":"Meydan TV"},"image":{"@id":"https:\/\/www.meydan.tv\/az\/#\/schema\/logo\/image\/"}},{"@type":"Person","@id":"https:\/\/www.meydan.tv\/az\/#\/schema\/person\/10d11eccf6da3662cf5fdab9806ea91a","name":"user-manager"}]}},"_links":{"self":[{"href":"https:\/\/www.meydan.tv\/az\/wp-json\/wp\/v2\/posts\/199095","targetHints":{"allow":["GET"]}}],"collection":[{"href":"https:\/\/www.meydan.tv\/az\/wp-json\/wp\/v2\/posts"}],"about":[{"href":"https:\/\/www.meydan.tv\/az\/wp-json\/wp\/v2\/types\/post"}],"author":[{"embeddable":true,"href":"https:\/\/www.meydan.tv\/az\/wp-json\/wp\/v2\/users\/11"}],"replies":[{"embeddable":true,"href":"https:\/\/www.meydan.tv\/az\/wp-json\/wp\/v2\/comments?post=199095"}],"version-history":[{"count":0,"href":"https:\/\/www.meydan.tv\/az\/wp-json\/wp\/v2\/posts\/199095\/revisions"}],"wp:featuredmedia":[{"embeddable":true,"href":"https:\/\/www.meydan.tv\/az\/wp-json\/wp\/v2\/media\/129724"}],"wp:attachment":[{"href":"https:\/\/www.meydan.tv\/az\/wp-json\/wp\/v2\/media?parent=199095"}],"wp:term":[{"taxonomy":"category","embeddable":true,"href":"https:\/\/www.meydan.tv\/az\/wp-json\/wp\/v2\/categories?post=199095"},{"taxonomy":"post_tag","embeddable":true,"href":"https:\/\/www.meydan.tv\/az\/wp-json\/wp\/v2\/tags?post=199095"}],"curies":[{"name":"wp","href":"https:\/\/api.w.org\/{rel}","templated":true}]}}