{"id":199090,"date":"2020-02-04T15:18:18","date_gmt":"2020-02-04T15:18:18","guid":{"rendered":"https:\/\/www.meydan.tv\/article\/ele-adamlar-sosial-yardim-alir-ki-x6-surur-heyetinde-100-qoyunu-var\/"},"modified":"2020-02-04T15:18:18","modified_gmt":"2020-02-04T15:18:18","slug":"ele-adamlar-sosial-yardim-alir-ki-x6-surur-heyetinde-100-qoyunu-var","status":"publish","type":"post","link":"https:\/\/www.meydan.tv\/az\/article\/ele-adamlar-sosial-yardim-alir-ki-x6-surur-heyetinde-100-qoyunu-var\/","title":{"rendered":"&#8220;El\u0259 adamlar sosial yard\u0131m al\u0131r ki, \u201cX6\u201d s\u00fcr\u00fcr, h\u0259y\u0259tind\u0259 100 qoyunu var\u201d"},"content":{"rendered":"<p>\n  <i><br \/>\n    &quot;U\u015faqlar\u0131 m\u0259kt\u0259b\u0259 g\u00f6nd\u0259rm\u0259y\u0259 d\u0259 g\u00fccumuz \u00e7atm\u0131r&quot;<br \/>\n  <\/i>\n<\/p>\n<p>\n  K\u00fcrd\u0259mirin X\u0131rdapay k\u0259ndinin bir-birind\u0259n f\u0259rql\u0259nm\u0259y\u0259n, \u201c\u0259ld\u0259n d\u00fc\u015fm\u00fc\u015f\u201d evl\u0259rinin s\u0131ras\u0131nda bir h\u0259y\u0259t\u0259 daxil oluruq. Qar\u015f\u0131m\u0131za \u00e7\u0131xan a\u011fsa\u00e7l\u0131 qad\u0131n\u0131n sonradan c\u0259mi 35 ya\u015f\u0131 oldu\u011funu \u00f6yr\u0259nirik.\n<\/p>\n<p>\n  <b><br \/>\n    Qay\u011f\u0131lar\u0131n \u0259ld\u0259n sald\u0131\u011f\u0131 ana<br \/>\n  <\/b>\n<\/p>\n<p>\n  Qay\u011f\u0131lar G\u00fcnel S\u00fcleymanovan\u0131n belini b\u00fck\u00fcb. \u00c7ox dan\u0131\u015fmaq ist\u0259mir, sanki n\u0259d\u0259ns\u0259 \u00e7\u0259kinir. Alt\u0131 u\u015fa\u011f\u0131 oldu\u011funu utana-utana deyir. U\u015faqlara g\u00f6r\u0259 ail\u0259y\u0259 c\u0259mi 330 manat g\u0259lir, bunun da 260-n\u0131 kredit borcunu \u00f6d\u0259m\u0259y\u0259 x\u0259rcl\u0259yirl\u0259r. G\u00fcnel \u00e7ox pis ya\u015fad\u0131qlar\u0131n\u0131 deyir. H\u0259yat yolda\u015f\u0131 he\u00e7 bir yerd\u0259 i\u015fl\u0259mir, h\u0259rd\u0259n f\u0259hl\u0259lik edir. B\u00f6y\u00fck o\u011flu 10-cu sinifd\u0259 oxumal\u0131d\u0131r, amma imkans\u0131zl\u0131qdan \u00fc\u00e7 ildir m\u0259kt\u0259b\u0259 getmir. Qad\u0131n\u0131n n\u0259 dan\u0131\u015fmas\u0131ndan as\u0131l\u0131 olmayaraq, ilk t\u0259\u0259ss\u00fcrat ail\u0259nin b\u00f6y\u00fck \u00e7\u0259tinlikl\u0259rind\u0259n x\u0259b\u0259r verir. Anan\u0131n dan\u0131\u015fd\u0131qlar\u0131na diqq\u0259tl\u0259 qulaq asan u\u015faqlar\u0131n geyimi \u00e7ox nimda\u015fd\u0131r. Ev\u0259 daxil olmuruq, amma buran\u0131n \u00e7ox \u015f\u0259raitsiz oldu\u011funu sezm\u0259k el\u0259 d\u0259 \u00e7\u0259tin deyil. G\u00fcnel az dan\u0131\u015f\u0131r. Uzun t\u0259kidd\u0259n sonra, n\u0259hay\u0259t, s\u0259b\u0259bini \u00f6yr\u0259nirik. Ehtiyat edir ki, biz\u0259 probleml\u0259ri dan\u0131\u015fmas\u0131 h\u0259yat yolda\u015f\u0131n\u0131n ac\u0131\u011f\u0131na g\u0259l\u0259r. El\u0259-hey deyir ki, \u201c\u00f6z\u00fc g\u0259ls\u0259ydi, lap \u0259la olard\u0131\u201d. \u00c7ox \u00e7\u0259tinlikl\u0259 fotosunu \u00e7\u0259km\u0259y\u0259 raz\u0131 sala bilirik. \u0130ndi qal\u0131r h\u0259y\u0259td\u0259 G\u00fcnelin h\u0259yat yolda\u015f\u0131n\u0131 g\u00f6zl\u0259m\u0259k&#8230;\n<\/p>\n<p>\n  <b><br \/>\n    \u201c\u018ft yediyim yad\u0131ma g\u0259lmir\u201d<br \/>\n  <\/b>\n<\/p>\n<p>\n  Qabil S\u00fcleymanov s\u00f6hb\u0259tl\u0259\u015fm\u0259y\u0259 he\u00e7 bir etiraz etmir. \u0130\u015fsiz oldu\u011fundan, ev\u0259 adic\u0259 \u00e7\u00f6r\u0259k alma\u011f\u0131n \u00e7\u0259tinlikl\u0259rind\u0259n dan\u0131\u015f\u0131r:\n<\/p>\n<p>\n  \u201cBu d\u0259qiq\u0259 f\u0259hl\u0259likd\u0259n g\u0259lir\u0259m. G\u00f6zl\u0259yir\u0259m ki, kims\u0259 z\u0259ng vuracaq, i\u015f olacaq. \u201cVoyenkomat\u201d\u0131n yan\u0131nda f\u0259hl\u0259 bazar\u0131 var. N\u0259 q\u0259d\u0259r adam \u00e7\u0131x\u0131r ora. Ham\u0131s\u0131 m\u0259cburdu. \u0130nan\u0131n, d\u00f6rd g\u00fcnd\u00fc he\u00e7 i\u015f yox idi. B\u0259z\u0259n 10-15 g\u00fcn i\u015f olmur. Camaatda pul da yoxdu\u201d.\n<\/p>\n<p>\n  Qabil dan\u0131\u015f\u0131r ki, b\u0259z\u0259n zibil y\u0131\u011fma\u011fa da gedir. Y\u0259ni h\u0259r c\u00fcr i\u015f\u0259 raz\u0131la\u015f\u0131r ki, t\u0259ki ev\u0259 pul apara bilsin. Anas\u0131 pensiyas\u0131ndan onlara k\u00f6m\u0259k edir, amma ail\u0259nin minimum x\u0259rcl\u0259rinin \u00f6hd\u0259sind\u0259n g\u0259lm\u0259k m\u00fcmk\u00fcn deyil: \u201cAnam \u00f6z\u00fc d\u0259 x\u0259st\u0259di. 70 ya\u015f\u0131 var, indi onun \u00f6z\u00fcn\u0259 qulluq laz\u0131md\u0131r\u201d.\n<\/p>\n<p>\n  Qabil h\u0259yat yolda\u015f\u0131n\u0131n dan\u0131\u015fd\u0131qlar\u0131n\u0131 t\u0259sdiql\u0259yir. Krediti ev \u015f\u0259raitini yax\u015f\u0131la\u015fd\u0131rmaq \u00fc\u00e7\u00fcn g\u00f6t\u00fcr\u00fcbl\u0259r. \u00c7\u00fcnki evin d\u00fcz-\u0259m\u0259lli d\u00f6\u015f\u0259m\u0259si d\u0259 yoxdur:\n<\/p>\n<p>\n  \u201cU\u015faqlar\u0131 m\u0259kt\u0259b\u0259 g\u00f6nd\u0259rm\u0259y\u0259 d\u0259 g\u00fccumuz \u00e7atm\u0131r. Ona g\u00f6r\u0259 d\u0259 o\u011flum daha ged\u0259 bilm\u0259di. O biri u\u015faqlar\u0131n m\u0259kt\u0259b l\u0259vazimat\u0131n\u0131 ax\u0131r\u0131nc\u0131 d\u0259f\u0259 m\u0259scid vermi\u015fdi. \u00c7ox pis dolan\u0131r\u0131q. N\u0259y\u0259 ist\u0259yirsiz and i\u00e7im, \u0259t yediyim yad\u0131ma g\u0259lmir. Kimd\u0259ns\u0259 ummaq da olmur. Qohum-\u0259qr\u0259ban\u0131n da v\u0259ziyy\u0259ti pisdi\u201d.\n<\/p>\n<figure class=\"wp-block-image size-large\">\n  <img decoding=\"async\" src=\"https:\/\/www.meydan.tv\/az\/image_from_ios-3-jpg-63\/\" alt=\"image_from_ios (3).jpg\" class=\"wp-image-136893\"\/><figcaption>\n    \u201cU\u015faqlar\u0131 m\u0259kt\u0259b\u0259 g\u00f6nd\u0259rm\u0259y\u0259 d\u0259 g\u00fccumuz \u00e7atm\u0131r&#8221;.<br \/>\n  <\/figcaption><\/figure>\n<p>\n  <b><br \/>\n    \u201cBa\u015fqas\u0131n\u0131n paltarlar\u0131n\u0131 geyinir\u0259m\u201d<br \/>\n  <\/b>\n<\/p>\n<p>\n  Qabil d\u0259rdl\u0259rini dey\u0259 bil\u0259c\u0259kl\u0259ri h\u0259r yer\u0259 \u00fcz tutdu\u011funu s\u00f6yl\u0259yir. H\u0259tta bir d\u0259f\u0259 televiziya verili\u015fin\u0259 d\u0259 \u00e7\u0131xma\u011fa c\u0259hd g\u00f6st\u0259rib. D\u00f6vl\u0259t orqanlar\u0131ndan is\u0259 laqeydlik g\u00f6r\u00fcb. Qabilin dediyin\u0259 g\u00f6r\u0259, k\u0259nd\u0259 suyu camaat pulla \u00e7\u0259kdirib, imkans\u0131zl\u0131qdan onun ail\u0259si k\u0259narda qal\u0131b. \u0130ndi su ma\u015f\u0131nlar\u0131na pul \u00f6d\u0259yib problemi h\u0259ll etm\u0259y\u0259 \u00e7al\u0131\u015f\u0131rlar.\n<\/p>\n<p>\n  \u201cBir adam g\u0259lib soru\u015fmur ki, nec\u0259 dolan\u0131rs\u0131z, b\u0259lk\u0259 ac\u0131ndan \u00f6l\u00fcrs\u00fcz? Bax\u0131n, ne\u00e7\u0259 ya\u015f\u0131m var, ba\u015fqas\u0131n\u0131n paltarlar\u0131n\u0131 geyinir\u0259m. Adic\u0259 \u00e7imm\u0259k \u00fc\u00e7\u00fcn n\u0259 q\u0259d\u0259r z\u00fclm \u00e7\u0259kirik. Qaza 400 manat borcum yaran\u0131b. Ke\u00e7\u0259n ay k\u0259sirdil\u0259r. 20 manat \u00f6d\u0259dim, yaz\u0131qlar\u0131 g\u0259ldi. Yoxsa u\u015faqlar soyuqdan q\u0131r\u0131lard\u0131\u201d, &#8211; Qabil S\u00fcleymanov dan\u0131\u015f\u0131r.\n<\/p>\n<p>\n  Ail\u0259nin \u0259sas ist\u0259yi sosial yard\u0131m almaqd\u0131r. Bunun \u00fc\u00e7\u00fcn \u00e7ox \u00e7al\u0131\u015f\u0131blar, h\u0259mi\u015f\u0259 r\u0259dd cavab\u0131 al\u0131blar.\n<\/p>\n<p>\n  \u201cEl\u0259 adamlar sosial yard\u0131m al\u0131r ki, \u201cX6\u201d s\u00fcr\u00fcr, h\u0259y\u0259tind\u0259 100 qoyunu var. Nec\u0259 olur ki, onlara yard\u0131m d\u00fc\u015f\u00fcr, amma m\u0259nim bu v\u0259ziyy\u0259td\u0259 olan ail\u0259m\u0259 d\u00fc\u015fm\u00fcr? Kimin pulu varsa, ona da yard\u0131m verirl\u0259r\u201d, &#8211; Qabil v\u0259ziyy\u0259ti bel\u0259 izah edir.\n<\/p>\n<p>\n  Ata \u00e7ox \u015fey dan\u0131\u015f\u0131r. Deyir ki, ev\u0259 daha \u00e7ox \u00e7\u00f6r\u0259k alma\u011fa \u00e7al\u0131\u015f\u0131r ki, he\u00e7 olmasa, u\u015faqlar qarn\u0131n\u0131 bununla doyursun&#8230;\n<\/p>\n<p>\n  Sosial M\u00fcdafi\u0259 Fondunun K\u00fcrd\u0259mir Rayon \u015e\u00f6b\u0259sind\u0259n Meydan TV-y\u0259 deyilib ki, sosial yard\u0131mlar \u00fc\u00e7\u00fcn yaln\u0131z elektron m\u00fcraci\u0259t edilir. Bundan sonra komissiya m\u00fcraci\u0259td\u0259 yaz\u0131lan m\u0259lumatar\u0131 d\u0259qiql\u0259\u015fdirir v\u0259 q\u0259rar verir:\n<\/p>\n<p>\n  \u201cBiz \u015f\u00f6b\u0259 olaraq kim\u0259s\u0259 n\u0259 s\u00f6z veririk, n\u0259 d\u0259 yard\u0131m ay\u0131r\u0131r\u0131q. \u018fg\u0259r v\u0259t\u0259nda\u015f\u0131n h\u0259r hans\u0131 \u015fikay\u0259ti varsa, dinl\u0259y\u0259 bil\u0259rik\u201d.<\/p>\n","protected":false},"excerpt":{"rendered":"<p>Ail\u0259nin \u0259sas ist\u0259yi sosial yard\u0131m almaqd\u0131r.<\/p>\n","protected":false},"author":11,"featured_media":136887,"comment_status":"closed","ping_status":"open","sticky":false,"template":"","format":"standard","meta":{"_acf_changed":false,"_sitemap_exclude":false,"_sitemap_priority":"","_sitemap_frequency":"","footnotes":""},"categories":[60],"tags":[],"class_list":["post-199090","post","type-post","status-publish","format-standard","has-post-thumbnail","hentry","category-bolge","infinite-scroll-item","generate-columns","tablet-grid-50","mobile-grid-100","grid-parent","grid-33","no-featured-image-padding"],"acf":[],"yoast_head":"<!-- This site is optimized with the Yoast SEO plugin v27.5 - https:\/\/yoast.com\/product\/yoast-seo-wordpress\/ -->\n<title>&quot;El\u0259 adamlar sosial yard\u0131m al\u0131r ki, \u201cX6\u201d s\u00fcr\u00fcr, h\u0259y\u0259tind\u0259 100 qoyunu var\u201d - MEYDAN.TV<\/title>\n<meta name=\"robots\" content=\"index, follow, max-snippet:-1, max-image-preview:large, max-video-preview:-1\" \/>\n<link rel=\"canonical\" href=\"https:\/\/www.meydan.tv\/az\/article\/ele-adamlar-sosial-yardim-alir-ki-x6-surur-heyetinde-100-qoyunu-var\/\" \/>\n<meta property=\"og:locale\" content=\"az_AZ\" \/>\n<meta property=\"og:type\" content=\"article\" \/>\n<meta property=\"og:title\" content=\"&quot;El\u0259 adamlar sosial yard\u0131m al\u0131r ki, \u201cX6\u201d s\u00fcr\u00fcr, h\u0259y\u0259tind\u0259 100 qoyunu var\u201d - MEYDAN.TV\" \/>\n<meta property=\"og:description\" content=\"Ail\u0259nin \u0259sas ist\u0259yi sosial yard\u0131m almaqd\u0131r.\" \/>\n<meta property=\"og:url\" content=\"https:\/\/www.meydan.tv\/az\/article\/ele-adamlar-sosial-yardim-alir-ki-x6-surur-heyetinde-100-qoyunu-var\/\" \/>\n<meta property=\"og:site_name\" content=\"MEYDAN.TV\" \/>\n<meta property=\"article:published_time\" content=\"2020-02-04T15:18:18+00:00\" \/>\n<meta property=\"og:image\" content=\"https:\/\/www.meydan.tv\/wp-content\/uploads\/image_from_ios_2_vrd1sqh.jpg\" \/>\n\t<meta property=\"og:image:width\" content=\"1024\" \/>\n\t<meta property=\"og:image:height\" content=\"764\" \/>\n\t<meta property=\"og:image:type\" content=\"image\/jpeg\" \/>\n<meta name=\"author\" content=\"user-manager\" \/>\n<meta name=\"twitter:card\" content=\"summary_large_image\" \/>\n<script type=\"application\/ld+json\" class=\"yoast-schema-graph\">{\"@context\":\"https:\\\/\\\/schema.org\",\"@graph\":[{\"@type\":\"Article\",\"@id\":\"https:\\\/\\\/www.meydan.tv\\\/az\\\/article\\\/ele-adamlar-sosial-yardim-alir-ki-x6-surur-heyetinde-100-qoyunu-var\\\/#article\",\"isPartOf\":{\"@id\":\"https:\\\/\\\/www.meydan.tv\\\/az\\\/article\\\/ele-adamlar-sosial-yardim-alir-ki-x6-surur-heyetinde-100-qoyunu-var\\\/\"},\"author\":{\"name\":\"user-manager\",\"@id\":\"https:\\\/\\\/www.meydan.tv\\\/az\\\/#\\\/schema\\\/person\\\/10d11eccf6da3662cf5fdab9806ea91a\"},\"headline\":\"&#8220;El\u0259 adamlar sosial yard\u0131m al\u0131r ki, \u201cX6\u201d s\u00fcr\u00fcr, h\u0259y\u0259tind\u0259 100 qoyunu var\u201d\",\"datePublished\":\"2020-02-04T15:18:18+00:00\",\"mainEntityOfPage\":{\"@id\":\"https:\\\/\\\/www.meydan.tv\\\/az\\\/article\\\/ele-adamlar-sosial-yardim-alir-ki-x6-surur-heyetinde-100-qoyunu-var\\\/\"},\"wordCount\":945,\"publisher\":{\"@id\":\"https:\\\/\\\/www.meydan.tv\\\/az\\\/#organization\"},\"image\":{\"@id\":\"https:\\\/\\\/www.meydan.tv\\\/az\\\/article\\\/ele-adamlar-sosial-yardim-alir-ki-x6-surur-heyetinde-100-qoyunu-var\\\/#primaryimage\"},\"thumbnailUrl\":\"https:\\\/\\\/www.meydan.tv\\\/wp-content\\\/uploads\\\/image_from_ios_2_vrd1sqh.jpg\",\"articleSection\":[\"B\u00f6lg\u0259\"],\"inLanguage\":\"az\"},{\"@type\":\"WebPage\",\"@id\":\"https:\\\/\\\/www.meydan.tv\\\/az\\\/article\\\/ele-adamlar-sosial-yardim-alir-ki-x6-surur-heyetinde-100-qoyunu-var\\\/\",\"url\":\"https:\\\/\\\/www.meydan.tv\\\/az\\\/article\\\/ele-adamlar-sosial-yardim-alir-ki-x6-surur-heyetinde-100-qoyunu-var\\\/\",\"name\":\"\\\"El\u0259 adamlar sosial yard\u0131m al\u0131r ki, \u201cX6\u201d s\u00fcr\u00fcr, h\u0259y\u0259tind\u0259 100 qoyunu var\u201d - MEYDAN.TV\",\"isPartOf\":{\"@id\":\"https:\\\/\\\/www.meydan.tv\\\/az\\\/#website\"},\"primaryImageOfPage\":{\"@id\":\"https:\\\/\\\/www.meydan.tv\\\/az\\\/article\\\/ele-adamlar-sosial-yardim-alir-ki-x6-surur-heyetinde-100-qoyunu-var\\\/#primaryimage\"},\"image\":{\"@id\":\"https:\\\/\\\/www.meydan.tv\\\/az\\\/article\\\/ele-adamlar-sosial-yardim-alir-ki-x6-surur-heyetinde-100-qoyunu-var\\\/#primaryimage\"},\"thumbnailUrl\":\"https:\\\/\\\/www.meydan.tv\\\/wp-content\\\/uploads\\\/image_from_ios_2_vrd1sqh.jpg\",\"datePublished\":\"2020-02-04T15:18:18+00:00\",\"breadcrumb\":{\"@id\":\"https:\\\/\\\/www.meydan.tv\\\/az\\\/article\\\/ele-adamlar-sosial-yardim-alir-ki-x6-surur-heyetinde-100-qoyunu-var\\\/#breadcrumb\"},\"inLanguage\":\"az\",\"potentialAction\":[{\"@type\":\"ReadAction\",\"target\":[\"https:\\\/\\\/www.meydan.tv\\\/az\\\/article\\\/ele-adamlar-sosial-yardim-alir-ki-x6-surur-heyetinde-100-qoyunu-var\\\/\"]}]},{\"@type\":\"ImageObject\",\"inLanguage\":\"az\",\"@id\":\"https:\\\/\\\/www.meydan.tv\\\/az\\\/article\\\/ele-adamlar-sosial-yardim-alir-ki-x6-surur-heyetinde-100-qoyunu-var\\\/#primaryimage\",\"url\":\"https:\\\/\\\/www.meydan.tv\\\/wp-content\\\/uploads\\\/image_from_ios_2_vrd1sqh.jpg\",\"contentUrl\":\"https:\\\/\\\/www.meydan.tv\\\/wp-content\\\/uploads\\\/image_from_ios_2_vrd1sqh.jpg\",\"width\":1024,\"height\":764,\"caption\":\"Source: Specify Source\"},{\"@type\":\"BreadcrumbList\",\"@id\":\"https:\\\/\\\/www.meydan.tv\\\/az\\\/article\\\/ele-adamlar-sosial-yardim-alir-ki-x6-surur-heyetinde-100-qoyunu-var\\\/#breadcrumb\",\"itemListElement\":[{\"@type\":\"ListItem\",\"position\":1,\"name\":\"Ana s\u0259hif\u0259\",\"item\":\"https:\\\/\\\/www.meydan.tv\\\/az\\\/\"},{\"@type\":\"ListItem\",\"position\":2,\"name\":\"B\u00f6lg\u0259\",\"item\":\"https:\\\/\\\/www.meydan.tv\\\/az\\\/section\\\/bolge\\\/\"},{\"@type\":\"ListItem\",\"position\":3,\"name\":\"&#8220;El\u0259 adamlar sosial yard\u0131m al\u0131r ki, \u201cX6\u201d s\u00fcr\u00fcr, h\u0259y\u0259tind\u0259 100 qoyunu var\u201d\"}]},{\"@type\":\"WebSite\",\"@id\":\"https:\\\/\\\/www.meydan.tv\\\/az\\\/#website\",\"url\":\"https:\\\/\\\/www.meydan.tv\\\/az\\\/\",\"name\":\"MEYDAN.TV\",\"description\":\"Meydan TV Az\u0259rbaycan\u0131n media m\u0259kan\u0131ndak\u0131 alternativ s\u0259sidir\",\"publisher\":{\"@id\":\"https:\\\/\\\/www.meydan.tv\\\/az\\\/#organization\"},\"potentialAction\":[{\"@type\":\"SearchAction\",\"target\":{\"@type\":\"EntryPoint\",\"urlTemplate\":\"https:\\\/\\\/www.meydan.tv\\\/az\\\/?s={search_term_string}\"},\"query-input\":{\"@type\":\"PropertyValueSpecification\",\"valueRequired\":true,\"valueName\":\"search_term_string\"}}],\"inLanguage\":\"az\"},{\"@type\":\"Organization\",\"@id\":\"https:\\\/\\\/www.meydan.tv\\\/az\\\/#organization\",\"name\":\"Meydan TV\",\"url\":\"https:\\\/\\\/www.meydan.tv\\\/az\\\/\",\"logo\":{\"@type\":\"ImageObject\",\"inLanguage\":\"az\",\"@id\":\"https:\\\/\\\/www.meydan.tv\\\/az\\\/#\\\/schema\\\/logo\\\/image\\\/\",\"url\":\"https:\\\/\\\/www.meydan.tv\\\/wp-content\\\/uploads\\\/2021\\\/07\\\/meydan-logo.svg\",\"contentUrl\":\"https:\\\/\\\/www.meydan.tv\\\/wp-content\\\/uploads\\\/2021\\\/07\\\/meydan-logo.svg\",\"width\":195,\"height\":46,\"caption\":\"Meydan TV\"},\"image\":{\"@id\":\"https:\\\/\\\/www.meydan.tv\\\/az\\\/#\\\/schema\\\/logo\\\/image\\\/\"}},{\"@type\":\"Person\",\"@id\":\"https:\\\/\\\/www.meydan.tv\\\/az\\\/#\\\/schema\\\/person\\\/10d11eccf6da3662cf5fdab9806ea91a\",\"name\":\"user-manager\"}]}<\/script>\n<!-- \/ Yoast SEO plugin. -->","yoast_head_json":{"title":"\"El\u0259 adamlar sosial yard\u0131m al\u0131r ki, \u201cX6\u201d s\u00fcr\u00fcr, h\u0259y\u0259tind\u0259 100 qoyunu var\u201d - MEYDAN.TV","robots":{"index":"index","follow":"follow","max-snippet":"max-snippet:-1","max-image-preview":"max-image-preview:large","max-video-preview":"max-video-preview:-1"},"canonical":"https:\/\/www.meydan.tv\/az\/article\/ele-adamlar-sosial-yardim-alir-ki-x6-surur-heyetinde-100-qoyunu-var\/","og_locale":"az_AZ","og_type":"article","og_title":"\"El\u0259 adamlar sosial yard\u0131m al\u0131r ki, \u201cX6\u201d s\u00fcr\u00fcr, h\u0259y\u0259tind\u0259 100 qoyunu var\u201d - MEYDAN.TV","og_description":"Ail\u0259nin \u0259sas ist\u0259yi sosial yard\u0131m almaqd\u0131r.","og_url":"https:\/\/www.meydan.tv\/az\/article\/ele-adamlar-sosial-yardim-alir-ki-x6-surur-heyetinde-100-qoyunu-var\/","og_site_name":"MEYDAN.TV","article_published_time":"2020-02-04T15:18:18+00:00","og_image":[{"width":1024,"height":764,"url":"https:\/\/www.meydan.tv\/wp-content\/uploads\/image_from_ios_2_vrd1sqh.jpg","type":"image\/jpeg"}],"author":"user-manager","twitter_card":"summary_large_image","schema":{"@context":"https:\/\/schema.org","@graph":[{"@type":"Article","@id":"https:\/\/www.meydan.tv\/az\/article\/ele-adamlar-sosial-yardim-alir-ki-x6-surur-heyetinde-100-qoyunu-var\/#article","isPartOf":{"@id":"https:\/\/www.meydan.tv\/az\/article\/ele-adamlar-sosial-yardim-alir-ki-x6-surur-heyetinde-100-qoyunu-var\/"},"author":{"name":"user-manager","@id":"https:\/\/www.meydan.tv\/az\/#\/schema\/person\/10d11eccf6da3662cf5fdab9806ea91a"},"headline":"&#8220;El\u0259 adamlar sosial yard\u0131m al\u0131r ki, \u201cX6\u201d s\u00fcr\u00fcr, h\u0259y\u0259tind\u0259 100 qoyunu var\u201d","datePublished":"2020-02-04T15:18:18+00:00","mainEntityOfPage":{"@id":"https:\/\/www.meydan.tv\/az\/article\/ele-adamlar-sosial-yardim-alir-ki-x6-surur-heyetinde-100-qoyunu-var\/"},"wordCount":945,"publisher":{"@id":"https:\/\/www.meydan.tv\/az\/#organization"},"image":{"@id":"https:\/\/www.meydan.tv\/az\/article\/ele-adamlar-sosial-yardim-alir-ki-x6-surur-heyetinde-100-qoyunu-var\/#primaryimage"},"thumbnailUrl":"https:\/\/www.meydan.tv\/wp-content\/uploads\/image_from_ios_2_vrd1sqh.jpg","articleSection":["B\u00f6lg\u0259"],"inLanguage":"az"},{"@type":"WebPage","@id":"https:\/\/www.meydan.tv\/az\/article\/ele-adamlar-sosial-yardim-alir-ki-x6-surur-heyetinde-100-qoyunu-var\/","url":"https:\/\/www.meydan.tv\/az\/article\/ele-adamlar-sosial-yardim-alir-ki-x6-surur-heyetinde-100-qoyunu-var\/","name":"\"El\u0259 adamlar sosial yard\u0131m al\u0131r ki, \u201cX6\u201d s\u00fcr\u00fcr, h\u0259y\u0259tind\u0259 100 qoyunu var\u201d - MEYDAN.TV","isPartOf":{"@id":"https:\/\/www.meydan.tv\/az\/#website"},"primaryImageOfPage":{"@id":"https:\/\/www.meydan.tv\/az\/article\/ele-adamlar-sosial-yardim-alir-ki-x6-surur-heyetinde-100-qoyunu-var\/#primaryimage"},"image":{"@id":"https:\/\/www.meydan.tv\/az\/article\/ele-adamlar-sosial-yardim-alir-ki-x6-surur-heyetinde-100-qoyunu-var\/#primaryimage"},"thumbnailUrl":"https:\/\/www.meydan.tv\/wp-content\/uploads\/image_from_ios_2_vrd1sqh.jpg","datePublished":"2020-02-04T15:18:18+00:00","breadcrumb":{"@id":"https:\/\/www.meydan.tv\/az\/article\/ele-adamlar-sosial-yardim-alir-ki-x6-surur-heyetinde-100-qoyunu-var\/#breadcrumb"},"inLanguage":"az","potentialAction":[{"@type":"ReadAction","target":["https:\/\/www.meydan.tv\/az\/article\/ele-adamlar-sosial-yardim-alir-ki-x6-surur-heyetinde-100-qoyunu-var\/"]}]},{"@type":"ImageObject","inLanguage":"az","@id":"https:\/\/www.meydan.tv\/az\/article\/ele-adamlar-sosial-yardim-alir-ki-x6-surur-heyetinde-100-qoyunu-var\/#primaryimage","url":"https:\/\/www.meydan.tv\/wp-content\/uploads\/image_from_ios_2_vrd1sqh.jpg","contentUrl":"https:\/\/www.meydan.tv\/wp-content\/uploads\/image_from_ios_2_vrd1sqh.jpg","width":1024,"height":764,"caption":"Source: Specify Source"},{"@type":"BreadcrumbList","@id":"https:\/\/www.meydan.tv\/az\/article\/ele-adamlar-sosial-yardim-alir-ki-x6-surur-heyetinde-100-qoyunu-var\/#breadcrumb","itemListElement":[{"@type":"ListItem","position":1,"name":"Ana s\u0259hif\u0259","item":"https:\/\/www.meydan.tv\/az\/"},{"@type":"ListItem","position":2,"name":"B\u00f6lg\u0259","item":"https:\/\/www.meydan.tv\/az\/section\/bolge\/"},{"@type":"ListItem","position":3,"name":"&#8220;El\u0259 adamlar sosial yard\u0131m al\u0131r ki, \u201cX6\u201d s\u00fcr\u00fcr, h\u0259y\u0259tind\u0259 100 qoyunu var\u201d"}]},{"@type":"WebSite","@id":"https:\/\/www.meydan.tv\/az\/#website","url":"https:\/\/www.meydan.tv\/az\/","name":"MEYDAN.TV","description":"Meydan TV Az\u0259rbaycan\u0131n media m\u0259kan\u0131ndak\u0131 alternativ s\u0259sidir","publisher":{"@id":"https:\/\/www.meydan.tv\/az\/#organization"},"potentialAction":[{"@type":"SearchAction","target":{"@type":"EntryPoint","urlTemplate":"https:\/\/www.meydan.tv\/az\/?s={search_term_string}"},"query-input":{"@type":"PropertyValueSpecification","valueRequired":true,"valueName":"search_term_string"}}],"inLanguage":"az"},{"@type":"Organization","@id":"https:\/\/www.meydan.tv\/az\/#organization","name":"Meydan TV","url":"https:\/\/www.meydan.tv\/az\/","logo":{"@type":"ImageObject","inLanguage":"az","@id":"https:\/\/www.meydan.tv\/az\/#\/schema\/logo\/image\/","url":"https:\/\/www.meydan.tv\/wp-content\/uploads\/2021\/07\/meydan-logo.svg","contentUrl":"https:\/\/www.meydan.tv\/wp-content\/uploads\/2021\/07\/meydan-logo.svg","width":195,"height":46,"caption":"Meydan TV"},"image":{"@id":"https:\/\/www.meydan.tv\/az\/#\/schema\/logo\/image\/"}},{"@type":"Person","@id":"https:\/\/www.meydan.tv\/az\/#\/schema\/person\/10d11eccf6da3662cf5fdab9806ea91a","name":"user-manager"}]}},"_links":{"self":[{"href":"https:\/\/www.meydan.tv\/az\/wp-json\/wp\/v2\/posts\/199090","targetHints":{"allow":["GET"]}}],"collection":[{"href":"https:\/\/www.meydan.tv\/az\/wp-json\/wp\/v2\/posts"}],"about":[{"href":"https:\/\/www.meydan.tv\/az\/wp-json\/wp\/v2\/types\/post"}],"author":[{"embeddable":true,"href":"https:\/\/www.meydan.tv\/az\/wp-json\/wp\/v2\/users\/11"}],"replies":[{"embeddable":true,"href":"https:\/\/www.meydan.tv\/az\/wp-json\/wp\/v2\/comments?post=199090"}],"version-history":[{"count":0,"href":"https:\/\/www.meydan.tv\/az\/wp-json\/wp\/v2\/posts\/199090\/revisions"}],"wp:featuredmedia":[{"embeddable":true,"href":"https:\/\/www.meydan.tv\/az\/wp-json\/wp\/v2\/media\/136887"}],"wp:attachment":[{"href":"https:\/\/www.meydan.tv\/az\/wp-json\/wp\/v2\/media?parent=199090"}],"wp:term":[{"taxonomy":"category","embeddable":true,"href":"https:\/\/www.meydan.tv\/az\/wp-json\/wp\/v2\/categories?post=199090"},{"taxonomy":"post_tag","embeddable":true,"href":"https:\/\/www.meydan.tv\/az\/wp-json\/wp\/v2\/tags?post=199090"}],"curies":[{"name":"wp","href":"https:\/\/api.w.org\/{rel}","templated":true}]}}