{"id":199086,"date":"2020-02-04T13:42:25","date_gmt":"2020-02-04T13:42:25","guid":{"rendered":"https:\/\/www.meydan.tv\/article\/simali-koreya-cin-ve-rusiya-ile-serhedlerini-baglayib\/"},"modified":"2020-02-04T13:42:25","modified_gmt":"2020-02-04T13:42:25","slug":"simali-koreya-cin-ve-rusiya-ile-serhedlerini-baglayib","status":"publish","type":"post","link":"https:\/\/www.meydan.tv\/az\/article\/simali-koreya-cin-ve-rusiya-ile-serhedlerini-baglayib\/","title":{"rendered":"\u015eimali Koreya \u00c7in v\u0259 Rusiya il\u0259 s\u0259rh\u0259dl\u0259rini ba\u011flay\u0131b"},"content":{"rendered":"<p>\n  <i><br \/>\n    Sanksiyalardan \u0259ziyy\u0259t \u00e7\u0259k\u0259n \u015eimali Koreyada koronavirus iqtisadi inki\u015faf yollar\u0131n\u0131 t\u0259hdid edir<br \/>\n  <\/i>\n<\/p>\n<p>\n  \u015eimali Koreya koronavirusun yay\u0131lmas\u0131n\u0131n qar\u015f\u0131s\u0131n\u0131 almaq \u00fc\u00e7\u00fcn \u00c7in v\u0259 Rusiya il\u0259 s\u0259rh\u0259dl\u0259rini ba\u011flay\u0131b. \u201cReuters\u201d x\u0259b\u0259r verir ki, \u00f6lk\u0259nin xarici d\u00fcnyayla onsuz da dar imkanlara sahib iqtisadi h\u0259yat\u0131 daha da daralmaqdad\u0131r.\n<\/p>\n<p>\n  D\u00fcnyan\u0131n \u0259n qapal\u0131 \u00f6lk\u0259l\u0259rind\u0259n biri olan \u015eimali Koreya qon\u015fular\u0131 il\u0259 hava reysl\u0259rini v\u0259 qatar n\u0259qliyyat\u0131n\u0131 dayand\u0131r\u0131b. \u00d6lk\u0259y\u0259 yax\u0131n zamanlarda g\u0259l\u0259n \u0259cn\u0259bil\u0259r karantin\u0259 al\u0131n\u0131r. \u201cBu, h\u0259ft\u0259l\u0259rl\u0259 davam edir\u201d4, agentlik bildirir. Bu durum beyn\u0259lxalq turizm\u0259 z\u0259rb\u0259 endirib v\u0259 s\u0259rh\u0259d\u0259 tam bir kilid vurub.\n<\/p>\n<p>\n  S\u0259rh\u0259dl\u0259rin ba\u011flanmas\u0131 \u00f6lk\u0259nin lideri Kim Jong Unun \u015eimali Koreyan\u0131n iqtisadiyyat\u0131n\u0131 dir\u00e7\u0259ltm\u0259siyl\u0259 ba\u011fl\u0131 verdiyi v\u0259dl\u0259ri yerin\u0259 yetirm\u0259kd\u0259 mane\u0259 ola bil\u0259r. Onun bu y\u00f6nd\u0259 s\u0259yl\u0259ri AB\u015e-la n\u00fcv\u0259sizl\u0259\u015fdirm\u0259 dan\u0131\u015f\u0131qlar\u0131nda ir\u0259lil\u0259yi\u015fin olmamas\u0131 il\u0259 ba\u011fl\u0131d\u0131r. Bu u\u011fursuzluq \u015eimali Koreyaya beyn\u0259lxalq sanksiyalar t\u0259tbiq edilm\u0259sin\u0259 yol a\u00e7\u0131b.\n<\/p>\n<p>\n  \u201cY\u00fckl\u0259ri saxlan\u0131l\u0131r v\u0259 \u00e7inlil\u0259ri k\u0259nara \u00e7\u0259kirl\u0259r; He\u00e7 kim i\u00e7\u0259ri gir\u0259 v\u0259 ya \u00e7\u0131xa bilm\u0259z\u201d,- \u00c7in-\u015eimali Koreya s\u0259rh\u0259dind\u0259ki v\u0259ziyy\u0259tl\u0259 ba\u011fl\u0131 m\u0259lumata malik m\u0259nb\u0259 deyib.\n<\/p>\n<p>\n  \u201cDaily NK\u201d sayt\u0131 \u00fc\u00e7\u00fcn m\u0259lumat ver\u0259n Seula \u015eimali Koreyadan s\u0131\u011f\u0131nan Kang Mi-jin d\u0259 s\u0259rh\u0259din 30 yanvar tarixind\u0259n etibar\u0259n tamamil\u0259 ba\u011fl\u0131 oldu\u011funu t\u0259sdiql\u0259yib.\n<\/p>\n<p>\n  \u201cXalq Silahl\u0131 Q\u00fcvv\u0259l\u0259ri Nazirliyi b\u00fct\u00fcn m\u00fchafiz\u0259 postlar\u0131na qa\u00e7aqmal\u00e7\u0131l\u0131\u011f\u0131n qar\u015f\u0131s\u0131n\u0131 alma\u011f\u0131 \u0259mr edib\u201d,- o deyib: \u201c\u0130nsanlar, y\u00fck, he\u00e7 n\u0259 i\u00e7\u0259ri girib \u00e7\u0131xa bilm\u0259z\u201d.\n<\/p>\n<p>\n  Pxenyan\u0131n Pekind\u0259n \u00c7in\u0259 s\u0131\u011f\u0131nan \u015eimali koreyal\u0131 m\u00fclt\u0259cil\u0259rin geri qaytarmamas\u0131n\u0131 ist\u0259diyi bildirilir.\n<\/p>\n<p>\n  S\u0259rh\u0259dd\u0259ki v\u0259ziyy\u0259ti bil\u0259n m\u0259nb\u0259y\u0259 g\u00f6r\u0259, \u015eimali Koreyadak\u0131 hakimiyy\u0259t orqanlar\u0131n\u0131n g\u00f6st\u0259ri\u015fi il\u0259 BMT-nin sanksiyalar\u0131n\u0131 pozaraq \u00c7inin restoranlar\u0131nda v\u0259 ba\u015fqa yerl\u0259rd\u0259 i\u015fl\u0259y\u0259n \u015eimali koreyal\u0131lar evl\u0259rind\u0259 \u201cvirtual \u0259sir\u201d olublar.\n<\/p>\n<p>\n  Harvard Tibb M\u0259kt\u0259bind\u0259n Kee Parka g\u00f6r\u0259, \u015eimali Koreya ad\u0259t\u0259n ictimai s\u0259hiyy\u0259 m\u00fcdaxil\u0259l\u0259rini h\u0259yata ke\u00e7irm\u0259kd\u0259 acizdir v\u0259 x\u0259st\u0259liyin \u00f6lk\u0259y\u0259 ke\u00e7m\u0259sini dayand\u0131rma\u011fa \u00e7al\u0131\u015fmaq \u00fc\u00e7\u00fcn \u201cs\u00fcr\u0259tl\u0259 v\u0259 q\u0259tiyy\u0259tl\u0259\u201d h\u0259r\u0259k\u0259t edir. \u015eimali Koreyada sa\u011fl\u0131q layih\u0259l\u0259rind\u0259 i\u015fl\u0259y\u0259n Park bildirib ki, sanksiyalar onlar\u0131n tibbi l\u0259vazimat almalar\u0131n\u0131 \u00e7\u0259tinl\u0259\u015fdir\u0259 bil\u0259r.\n<\/p>\n<p>\n  \u201cOnlar\u0131n atd\u0131\u011f\u0131 add\u0131mlar \u00e7ox v\u0259sait t\u0259l\u0259b edir, bu is\u0259 problem\u0259 qar\u015f\u0131 narahatl\u0131qlar\u0131 \u0259ks etdirir\u201d,- o bildirib.<\/p>\n","protected":false},"excerpt":{"rendered":"<p>\u201cY\u00fckl\u0259ri saxlan\u0131l\u0131r v\u0259 \u00e7inlil\u0259ri k\u0259nara \u00e7\u0259kirl\u0259r; He\u00e7 kim i\u00e7\u0259ri gir\u0259 v\u0259 ya \u00e7\u0131xa bilm\u0259z\u201d,- \u00c7in-\u015eimali Koreya s\u0259rh\u0259dind\u0259ki v\u0259ziyy\u0259tl\u0259 ba\u011fl\u0131 m\u0259lumata malik m\u0259nb\u0259 deyib.<\/p>\n","protected":false},"author":11,"featured_media":136866,"comment_status":"closed","ping_status":"open","sticky":false,"template":"","format":"standard","meta":{"_acf_changed":false,"_sitemap_exclude":false,"_sitemap_priority":"","_sitemap_frequency":"","footnotes":""},"categories":[64],"tags":[],"class_list":["post-199086","post","type-post","status-publish","format-standard","has-post-thumbnail","hentry","category-dunya","infinite-scroll-item","generate-columns","tablet-grid-50","mobile-grid-100","grid-parent","grid-33","no-featured-image-padding"],"acf":[],"yoast_head":"<!-- This site is optimized with the Yoast SEO plugin v27.5 - https:\/\/yoast.com\/product\/yoast-seo-wordpress\/ -->\n<title>\u015eimali Koreya \u00c7in v\u0259 Rusiya il\u0259 s\u0259rh\u0259dl\u0259rini ba\u011flay\u0131b - MEYDAN.TV<\/title>\n<meta name=\"robots\" content=\"index, follow, max-snippet:-1, max-image-preview:large, max-video-preview:-1\" \/>\n<link rel=\"canonical\" href=\"https:\/\/www.meydan.tv\/az\/article\/simali-koreya-cin-ve-rusiya-ile-serhedlerini-baglayib\/\" \/>\n<meta property=\"og:locale\" content=\"az_AZ\" \/>\n<meta property=\"og:type\" content=\"article\" \/>\n<meta property=\"og:title\" content=\"\u015eimali Koreya \u00c7in v\u0259 Rusiya il\u0259 s\u0259rh\u0259dl\u0259rini ba\u011flay\u0131b - MEYDAN.TV\" \/>\n<meta property=\"og:description\" content=\"\u201cY\u00fckl\u0259ri saxlan\u0131l\u0131r v\u0259 \u00e7inlil\u0259ri k\u0259nara \u00e7\u0259kirl\u0259r; He\u00e7 kim i\u00e7\u0259ri gir\u0259 v\u0259 ya \u00e7\u0131xa bilm\u0259z\u201d,- \u00c7in-\u015eimali Koreya s\u0259rh\u0259dind\u0259ki v\u0259ziyy\u0259tl\u0259 ba\u011fl\u0131 m\u0259lumata malik m\u0259nb\u0259 deyib.\" \/>\n<meta property=\"og:url\" content=\"https:\/\/www.meydan.tv\/az\/article\/simali-koreya-cin-ve-rusiya-ile-serhedlerini-baglayib\/\" \/>\n<meta property=\"og:site_name\" content=\"MEYDAN.TV\" \/>\n<meta property=\"article:published_time\" content=\"2020-02-04T13:42:25+00:00\" \/>\n<meta property=\"og:image\" content=\"https:\/\/www.meydan.tv\/wp-content\/uploads\/1407943_original.jpg\" \/>\n\t<meta property=\"og:image:width\" content=\"900\" \/>\n\t<meta property=\"og:image:height\" content=\"585\" \/>\n\t<meta property=\"og:image:type\" content=\"image\/jpeg\" \/>\n<meta name=\"author\" content=\"user-manager\" \/>\n<meta name=\"twitter:card\" content=\"summary_large_image\" \/>\n<script type=\"application\/ld+json\" class=\"yoast-schema-graph\">{\"@context\":\"https:\\\/\\\/schema.org\",\"@graph\":[{\"@type\":\"Article\",\"@id\":\"https:\\\/\\\/www.meydan.tv\\\/az\\\/article\\\/simali-koreya-cin-ve-rusiya-ile-serhedlerini-baglayib\\\/#article\",\"isPartOf\":{\"@id\":\"https:\\\/\\\/www.meydan.tv\\\/az\\\/article\\\/simali-koreya-cin-ve-rusiya-ile-serhedlerini-baglayib\\\/\"},\"author\":{\"name\":\"user-manager\",\"@id\":\"https:\\\/\\\/www.meydan.tv\\\/az\\\/#\\\/schema\\\/person\\\/10d11eccf6da3662cf5fdab9806ea91a\"},\"headline\":\"\u015eimali Koreya \u00c7in v\u0259 Rusiya il\u0259 s\u0259rh\u0259dl\u0259rini ba\u011flay\u0131b\",\"datePublished\":\"2020-02-04T13:42:25+00:00\",\"mainEntityOfPage\":{\"@id\":\"https:\\\/\\\/www.meydan.tv\\\/az\\\/article\\\/simali-koreya-cin-ve-rusiya-ile-serhedlerini-baglayib\\\/\"},\"wordCount\":502,\"publisher\":{\"@id\":\"https:\\\/\\\/www.meydan.tv\\\/az\\\/#organization\"},\"image\":{\"@id\":\"https:\\\/\\\/www.meydan.tv\\\/az\\\/article\\\/simali-koreya-cin-ve-rusiya-ile-serhedlerini-baglayib\\\/#primaryimage\"},\"thumbnailUrl\":\"https:\\\/\\\/www.meydan.tv\\\/wp-content\\\/uploads\\\/1407943_original.jpg\",\"articleSection\":[\"D\u00fcnya\"],\"inLanguage\":\"az\"},{\"@type\":\"WebPage\",\"@id\":\"https:\\\/\\\/www.meydan.tv\\\/az\\\/article\\\/simali-koreya-cin-ve-rusiya-ile-serhedlerini-baglayib\\\/\",\"url\":\"https:\\\/\\\/www.meydan.tv\\\/az\\\/article\\\/simali-koreya-cin-ve-rusiya-ile-serhedlerini-baglayib\\\/\",\"name\":\"\u015eimali Koreya \u00c7in v\u0259 Rusiya il\u0259 s\u0259rh\u0259dl\u0259rini ba\u011flay\u0131b - MEYDAN.TV\",\"isPartOf\":{\"@id\":\"https:\\\/\\\/www.meydan.tv\\\/az\\\/#website\"},\"primaryImageOfPage\":{\"@id\":\"https:\\\/\\\/www.meydan.tv\\\/az\\\/article\\\/simali-koreya-cin-ve-rusiya-ile-serhedlerini-baglayib\\\/#primaryimage\"},\"image\":{\"@id\":\"https:\\\/\\\/www.meydan.tv\\\/az\\\/article\\\/simali-koreya-cin-ve-rusiya-ile-serhedlerini-baglayib\\\/#primaryimage\"},\"thumbnailUrl\":\"https:\\\/\\\/www.meydan.tv\\\/wp-content\\\/uploads\\\/1407943_original.jpg\",\"datePublished\":\"2020-02-04T13:42:25+00:00\",\"breadcrumb\":{\"@id\":\"https:\\\/\\\/www.meydan.tv\\\/az\\\/article\\\/simali-koreya-cin-ve-rusiya-ile-serhedlerini-baglayib\\\/#breadcrumb\"},\"inLanguage\":\"az\",\"potentialAction\":[{\"@type\":\"ReadAction\",\"target\":[\"https:\\\/\\\/www.meydan.tv\\\/az\\\/article\\\/simali-koreya-cin-ve-rusiya-ile-serhedlerini-baglayib\\\/\"]}]},{\"@type\":\"ImageObject\",\"inLanguage\":\"az\",\"@id\":\"https:\\\/\\\/www.meydan.tv\\\/az\\\/article\\\/simali-koreya-cin-ve-rusiya-ile-serhedlerini-baglayib\\\/#primaryimage\",\"url\":\"https:\\\/\\\/www.meydan.tv\\\/wp-content\\\/uploads\\\/1407943_original.jpg\",\"contentUrl\":\"https:\\\/\\\/www.meydan.tv\\\/wp-content\\\/uploads\\\/1407943_original.jpg\",\"width\":900,\"height\":585,\"caption\":\"Source: Foto: google.ru\"},{\"@type\":\"BreadcrumbList\",\"@id\":\"https:\\\/\\\/www.meydan.tv\\\/az\\\/article\\\/simali-koreya-cin-ve-rusiya-ile-serhedlerini-baglayib\\\/#breadcrumb\",\"itemListElement\":[{\"@type\":\"ListItem\",\"position\":1,\"name\":\"Ana s\u0259hif\u0259\",\"item\":\"https:\\\/\\\/www.meydan.tv\\\/az\\\/\"},{\"@type\":\"ListItem\",\"position\":2,\"name\":\"D\u00fcnya\",\"item\":\"https:\\\/\\\/www.meydan.tv\\\/az\\\/section\\\/dunya\\\/\"},{\"@type\":\"ListItem\",\"position\":3,\"name\":\"\u015eimali Koreya \u00c7in v\u0259 Rusiya il\u0259 s\u0259rh\u0259dl\u0259rini ba\u011flay\u0131b\"}]},{\"@type\":\"WebSite\",\"@id\":\"https:\\\/\\\/www.meydan.tv\\\/az\\\/#website\",\"url\":\"https:\\\/\\\/www.meydan.tv\\\/az\\\/\",\"name\":\"MEYDAN.TV\",\"description\":\"Meydan TV Az\u0259rbaycan\u0131n media m\u0259kan\u0131ndak\u0131 alternativ s\u0259sidir\",\"publisher\":{\"@id\":\"https:\\\/\\\/www.meydan.tv\\\/az\\\/#organization\"},\"potentialAction\":[{\"@type\":\"SearchAction\",\"target\":{\"@type\":\"EntryPoint\",\"urlTemplate\":\"https:\\\/\\\/www.meydan.tv\\\/az\\\/?s={search_term_string}\"},\"query-input\":{\"@type\":\"PropertyValueSpecification\",\"valueRequired\":true,\"valueName\":\"search_term_string\"}}],\"inLanguage\":\"az\"},{\"@type\":\"Organization\",\"@id\":\"https:\\\/\\\/www.meydan.tv\\\/az\\\/#organization\",\"name\":\"Meydan TV\",\"url\":\"https:\\\/\\\/www.meydan.tv\\\/az\\\/\",\"logo\":{\"@type\":\"ImageObject\",\"inLanguage\":\"az\",\"@id\":\"https:\\\/\\\/www.meydan.tv\\\/az\\\/#\\\/schema\\\/logo\\\/image\\\/\",\"url\":\"https:\\\/\\\/www.meydan.tv\\\/wp-content\\\/uploads\\\/2021\\\/07\\\/meydan-logo.svg\",\"contentUrl\":\"https:\\\/\\\/www.meydan.tv\\\/wp-content\\\/uploads\\\/2021\\\/07\\\/meydan-logo.svg\",\"width\":195,\"height\":46,\"caption\":\"Meydan TV\"},\"image\":{\"@id\":\"https:\\\/\\\/www.meydan.tv\\\/az\\\/#\\\/schema\\\/logo\\\/image\\\/\"}},{\"@type\":\"Person\",\"@id\":\"https:\\\/\\\/www.meydan.tv\\\/az\\\/#\\\/schema\\\/person\\\/10d11eccf6da3662cf5fdab9806ea91a\",\"name\":\"user-manager\"}]}<\/script>\n<!-- \/ Yoast SEO plugin. -->","yoast_head_json":{"title":"\u015eimali Koreya \u00c7in v\u0259 Rusiya il\u0259 s\u0259rh\u0259dl\u0259rini ba\u011flay\u0131b - MEYDAN.TV","robots":{"index":"index","follow":"follow","max-snippet":"max-snippet:-1","max-image-preview":"max-image-preview:large","max-video-preview":"max-video-preview:-1"},"canonical":"https:\/\/www.meydan.tv\/az\/article\/simali-koreya-cin-ve-rusiya-ile-serhedlerini-baglayib\/","og_locale":"az_AZ","og_type":"article","og_title":"\u015eimali Koreya \u00c7in v\u0259 Rusiya il\u0259 s\u0259rh\u0259dl\u0259rini ba\u011flay\u0131b - MEYDAN.TV","og_description":"\u201cY\u00fckl\u0259ri saxlan\u0131l\u0131r v\u0259 \u00e7inlil\u0259ri k\u0259nara \u00e7\u0259kirl\u0259r; He\u00e7 kim i\u00e7\u0259ri gir\u0259 v\u0259 ya \u00e7\u0131xa bilm\u0259z\u201d,- \u00c7in-\u015eimali Koreya s\u0259rh\u0259dind\u0259ki v\u0259ziyy\u0259tl\u0259 ba\u011fl\u0131 m\u0259lumata malik m\u0259nb\u0259 deyib.","og_url":"https:\/\/www.meydan.tv\/az\/article\/simali-koreya-cin-ve-rusiya-ile-serhedlerini-baglayib\/","og_site_name":"MEYDAN.TV","article_published_time":"2020-02-04T13:42:25+00:00","og_image":[{"width":900,"height":585,"url":"https:\/\/www.meydan.tv\/wp-content\/uploads\/1407943_original.jpg","type":"image\/jpeg"}],"author":"user-manager","twitter_card":"summary_large_image","schema":{"@context":"https:\/\/schema.org","@graph":[{"@type":"Article","@id":"https:\/\/www.meydan.tv\/az\/article\/simali-koreya-cin-ve-rusiya-ile-serhedlerini-baglayib\/#article","isPartOf":{"@id":"https:\/\/www.meydan.tv\/az\/article\/simali-koreya-cin-ve-rusiya-ile-serhedlerini-baglayib\/"},"author":{"name":"user-manager","@id":"https:\/\/www.meydan.tv\/az\/#\/schema\/person\/10d11eccf6da3662cf5fdab9806ea91a"},"headline":"\u015eimali Koreya \u00c7in v\u0259 Rusiya il\u0259 s\u0259rh\u0259dl\u0259rini ba\u011flay\u0131b","datePublished":"2020-02-04T13:42:25+00:00","mainEntityOfPage":{"@id":"https:\/\/www.meydan.tv\/az\/article\/simali-koreya-cin-ve-rusiya-ile-serhedlerini-baglayib\/"},"wordCount":502,"publisher":{"@id":"https:\/\/www.meydan.tv\/az\/#organization"},"image":{"@id":"https:\/\/www.meydan.tv\/az\/article\/simali-koreya-cin-ve-rusiya-ile-serhedlerini-baglayib\/#primaryimage"},"thumbnailUrl":"https:\/\/www.meydan.tv\/wp-content\/uploads\/1407943_original.jpg","articleSection":["D\u00fcnya"],"inLanguage":"az"},{"@type":"WebPage","@id":"https:\/\/www.meydan.tv\/az\/article\/simali-koreya-cin-ve-rusiya-ile-serhedlerini-baglayib\/","url":"https:\/\/www.meydan.tv\/az\/article\/simali-koreya-cin-ve-rusiya-ile-serhedlerini-baglayib\/","name":"\u015eimali Koreya \u00c7in v\u0259 Rusiya il\u0259 s\u0259rh\u0259dl\u0259rini ba\u011flay\u0131b - MEYDAN.TV","isPartOf":{"@id":"https:\/\/www.meydan.tv\/az\/#website"},"primaryImageOfPage":{"@id":"https:\/\/www.meydan.tv\/az\/article\/simali-koreya-cin-ve-rusiya-ile-serhedlerini-baglayib\/#primaryimage"},"image":{"@id":"https:\/\/www.meydan.tv\/az\/article\/simali-koreya-cin-ve-rusiya-ile-serhedlerini-baglayib\/#primaryimage"},"thumbnailUrl":"https:\/\/www.meydan.tv\/wp-content\/uploads\/1407943_original.jpg","datePublished":"2020-02-04T13:42:25+00:00","breadcrumb":{"@id":"https:\/\/www.meydan.tv\/az\/article\/simali-koreya-cin-ve-rusiya-ile-serhedlerini-baglayib\/#breadcrumb"},"inLanguage":"az","potentialAction":[{"@type":"ReadAction","target":["https:\/\/www.meydan.tv\/az\/article\/simali-koreya-cin-ve-rusiya-ile-serhedlerini-baglayib\/"]}]},{"@type":"ImageObject","inLanguage":"az","@id":"https:\/\/www.meydan.tv\/az\/article\/simali-koreya-cin-ve-rusiya-ile-serhedlerini-baglayib\/#primaryimage","url":"https:\/\/www.meydan.tv\/wp-content\/uploads\/1407943_original.jpg","contentUrl":"https:\/\/www.meydan.tv\/wp-content\/uploads\/1407943_original.jpg","width":900,"height":585,"caption":"Source: Foto: google.ru"},{"@type":"BreadcrumbList","@id":"https:\/\/www.meydan.tv\/az\/article\/simali-koreya-cin-ve-rusiya-ile-serhedlerini-baglayib\/#breadcrumb","itemListElement":[{"@type":"ListItem","position":1,"name":"Ana s\u0259hif\u0259","item":"https:\/\/www.meydan.tv\/az\/"},{"@type":"ListItem","position":2,"name":"D\u00fcnya","item":"https:\/\/www.meydan.tv\/az\/section\/dunya\/"},{"@type":"ListItem","position":3,"name":"\u015eimali Koreya \u00c7in v\u0259 Rusiya il\u0259 s\u0259rh\u0259dl\u0259rini ba\u011flay\u0131b"}]},{"@type":"WebSite","@id":"https:\/\/www.meydan.tv\/az\/#website","url":"https:\/\/www.meydan.tv\/az\/","name":"MEYDAN.TV","description":"Meydan TV Az\u0259rbaycan\u0131n media m\u0259kan\u0131ndak\u0131 alternativ s\u0259sidir","publisher":{"@id":"https:\/\/www.meydan.tv\/az\/#organization"},"potentialAction":[{"@type":"SearchAction","target":{"@type":"EntryPoint","urlTemplate":"https:\/\/www.meydan.tv\/az\/?s={search_term_string}"},"query-input":{"@type":"PropertyValueSpecification","valueRequired":true,"valueName":"search_term_string"}}],"inLanguage":"az"},{"@type":"Organization","@id":"https:\/\/www.meydan.tv\/az\/#organization","name":"Meydan TV","url":"https:\/\/www.meydan.tv\/az\/","logo":{"@type":"ImageObject","inLanguage":"az","@id":"https:\/\/www.meydan.tv\/az\/#\/schema\/logo\/image\/","url":"https:\/\/www.meydan.tv\/wp-content\/uploads\/2021\/07\/meydan-logo.svg","contentUrl":"https:\/\/www.meydan.tv\/wp-content\/uploads\/2021\/07\/meydan-logo.svg","width":195,"height":46,"caption":"Meydan TV"},"image":{"@id":"https:\/\/www.meydan.tv\/az\/#\/schema\/logo\/image\/"}},{"@type":"Person","@id":"https:\/\/www.meydan.tv\/az\/#\/schema\/person\/10d11eccf6da3662cf5fdab9806ea91a","name":"user-manager"}]}},"_links":{"self":[{"href":"https:\/\/www.meydan.tv\/az\/wp-json\/wp\/v2\/posts\/199086","targetHints":{"allow":["GET"]}}],"collection":[{"href":"https:\/\/www.meydan.tv\/az\/wp-json\/wp\/v2\/posts"}],"about":[{"href":"https:\/\/www.meydan.tv\/az\/wp-json\/wp\/v2\/types\/post"}],"author":[{"embeddable":true,"href":"https:\/\/www.meydan.tv\/az\/wp-json\/wp\/v2\/users\/11"}],"replies":[{"embeddable":true,"href":"https:\/\/www.meydan.tv\/az\/wp-json\/wp\/v2\/comments?post=199086"}],"version-history":[{"count":0,"href":"https:\/\/www.meydan.tv\/az\/wp-json\/wp\/v2\/posts\/199086\/revisions"}],"wp:featuredmedia":[{"embeddable":true,"href":"https:\/\/www.meydan.tv\/az\/wp-json\/wp\/v2\/media\/136866"}],"wp:attachment":[{"href":"https:\/\/www.meydan.tv\/az\/wp-json\/wp\/v2\/media?parent=199086"}],"wp:term":[{"taxonomy":"category","embeddable":true,"href":"https:\/\/www.meydan.tv\/az\/wp-json\/wp\/v2\/categories?post=199086"},{"taxonomy":"post_tag","embeddable":true,"href":"https:\/\/www.meydan.tv\/az\/wp-json\/wp\/v2\/tags?post=199086"}],"curies":[{"name":"wp","href":"https:\/\/api.w.org\/{rel}","templated":true}]}}