{"id":199083,"date":"2020-02-04T12:15:53","date_gmt":"2020-02-04T12:15:53","guid":{"rendered":"https:\/\/www.meydan.tv\/article\/yeni-saygac-qoyulmasi-ucun-menden-yene-250-manat-istediler\/"},"modified":"2020-02-04T12:15:53","modified_gmt":"2020-02-04T12:15:53","slug":"yeni-saygac-qoyulmasi-ucun-menden-yene-250-manat-istediler","status":"publish","type":"post","link":"https:\/\/www.meydan.tv\/az\/article\/yeni-saygac-qoyulmasi-ucun-menden-yene-250-manat-istediler\/","title":{"rendered":"&#8220;Yeni say\u011fac qoyulmas\u0131 \u00fc\u00e7\u00fcn m\u0259nd\u0259n yen\u0259 250 manat ist\u0259dil\u0259r&#8221;"},"content":{"rendered":"<p>\n  <i><br \/>\n    Dana\u00e7\u0131 massivind\u0259 su, qaz problemi var<br \/>\n  <\/i>\n<\/p>\n<p>\n  Zaqatalan\u0131n Dana\u00e7\u0131 massivinin Yusif M\u0259mm\u0259d\u0259liyev k\u00fc\u00e7\u0259sin\u0259 mavi yanacaq \u00e7\u0259kilm\u0259yib. Sakinl\u0259ri deyirl\u0259r ki, onlara h\u0259r il s\u00f6z verilir, ancaq \u00e7\u0259kilmir v\u0259 q\u0131\u015f aylar\u0131nda \u0259ziyy\u0259t \u00e7\u0259kil\u0259r.\n<\/p>\n<p>\n  \u201cQ\u0131\u015fd\u0131r, evi q\u0131zd\u0131rmaq olmur. M\u00fcraci\u0259t d\u0259 edirik. H\u0259r d\u0259f\u0259sind\u0259 \u201cg\u0259l\u0259n il \u00e7\u0259kil\u0259c\u0259k\u201d, &#8211; deyirl\u0259r. Ancaq \u00e7\u0259kmirl\u0259r. Bununla bizi ill\u0259rdir yola verirl\u0259r. Q\u0131\u015f\u0131 \u00e7ox a\u011f\u0131r ke\u00e7iririk\u201d.\n<\/p>\n<p>\n  Sakinl\u0259rd\u0259n R\u0259na \u0130brahimova is\u0259 deyir ki, qazla b\u0259rab\u0259r ba\u015fqa probleml\u0259ri d\u0259 var:\n<\/p>\n<p>\n  \u201cSu d\u0259rdi m\u0259ni \u00f6ld\u00fcr\u00fcb. Evi yeni tikdirmi\u015f\u0259m, i\u00e7ind\u0259 ya\u015fam\u0131rd\u0131m. K\u00f6\u00e7\u0259n\u0259 yax\u0131n g\u0259ldim ki, evim\u0259 ba\u015f \u00e7\u0259kim. G\u00f6rd\u00fcm, su say\u011fac\u0131 yoxdur. Qon\u015fular dedil\u0259r ki, idar\u0259nin i\u015f\u00e7il\u0259ri g\u0259lmi\u015fdi, s\u00f6k\u00fcb apard\u0131lar. M\u0259n o say\u011faca g\u00f6r\u0259 pul \u00f6d\u0259mi\u015fdim, havay\u0131 qoymam\u0131\u015fd\u0131lar. M\u0259nd\u0259n izin almadan s\u00f6k\u00fcb, apar\u0131blar\u201d.\n<\/p>\n<p>\n  R\u0259na \u0130brahimova deyir ki, bununla ba\u011fl\u0131 \u201cAz\u0259rsu\u201d ASC-nin Zaqatala \u015f\u0259h\u0259rind\u0259ki idar\u0259sin\u0259 m\u00fcraci\u0259t edib. \u201cBizim r\u0259hb\u0259rlik d\u0259yi\u015filib. Sizin say\u011fac\u0131 ke\u00e7mi\u015f r\u0259hb\u0259rlik s\u00f6k\u00fcb\u201d, &#8211; cavab\u0131n\u0131 al\u0131b:\n<\/p>\n<p>\n  \u201cKim bilir, b\u0259lk\u0259 d\u0259 m\u0259nim pul verib ald\u0131\u011f\u0131m say\u011fac\u0131 ba\u015fqas\u0131na sat\u0131blar. Yeni say\u011fac qoyulmas\u0131 \u00fc\u00e7\u00fcn m\u0259nd\u0259n yen\u0259 250 manat ist\u0259dil\u0259r. M\u0259cbur qal\u0131b k\u00f6\u00e7\u00fcrd\u00fcm. \u00c7\u00fcnki su laz\u0131m idi v\u0259 m\u0259n evim\u0259 k\u00f6\u00e7m\u0259liydim. S\u0259n\u0259dl\u0259\u015fdirdil\u0259r, dedil\u0259r, \u201ck\u00f6\u00e7\u0259nd\u0259n bir ne\u00e7\u0259 g\u00fcn \u00f6nc\u0259 g\u0259tirib qura\u015fd\u0131raca\u011f\u0131q\u201d\u201d.\n<\/p>\n<p>\n  R\u0259na \u0130brahimova deyir ki, art\u0131q bir ne\u00e7\u0259 ayd\u0131r, evin\u0259 k\u00f6\u00e7\u00fcb. Say\u011fac qoyulub, ancaq i\u015fl\u0259dil\u0259n suyun pulunu \u00f6d\u0259m\u0259k \u00fc\u00e7\u00fcn onlara abonent kodu verilmir:\n<\/p>\n<p>\n  \u201cZ\u0259ng edir\u0259m, deyirl\u0259r, \u00fcmumiyy\u0259tl\u0259, ad\u0131m abonent kimi siyah\u0131da da yoxdur\u201d. Yenid\u0259n getmi\u015f\u0259m idar\u0259y\u0259. Bu d\u0259f\u0259 d\u0259 deyirl\u0259r ki, 108 manat \u00f6d\u0259m\u0259lis\u0259n. \u0130zah edir\u0259m ki, h\u0259r \u015feyi \u00f6d\u0259mi\u015f\u0259m. H\u0259tta 2 d\u0259f\u0259 say\u011fac alm\u0131\u015fam. Deyirl\u0259r: \u201cBizlik deyil, \u00f6d\u0259m\u0259lis\u0259n\u201d. M\u0259n h\u0259r d\u0259f\u0259 i\u015f\u00e7il\u0259r d\u0259yi\u015fil\u0259nd\u0259 yenid\u0259n pul \u00f6d\u0259m\u0259liy\u0259m? \u00dcst\u0259lik, \u00f6d\u0259m\u0259 etdiyiml\u0259 ba\u011fl\u0131 m\u0259n\u0259 q\u0259bz d\u0259 verm\u0259dil\u0259r. Cavablar\u0131 bu oldu ki, d\u00f6vl\u0259t idar\u0259sin\u0259 etibar etmirsiniz? Dem\u0259k ki, etibar etm\u0259m\u0259liymi\u015f\u0259m. Bunu bir daha s\u00fcbut etdil\u0259r\u201d.\n<\/p>\n<figure class=\"wp-block-image size-large\">\n  <img decoding=\"async\" src=\"https:\/\/www.meydan.tv\/az\/image_from_ios-2-jpg-110\/\" alt=\"image_from_ios (2).jpg\" class=\"wp-image-136878\"\/><figcaption>\n    &#8220;Say\u011fac qoyulub, ancaq i\u015fl\u0259dil\u0259n suyun pulunu \u00f6d\u0259m\u0259k \u00fc\u00e7\u00fcn onlara abonent kodu verilmir&#8221;<br \/>\n  <\/figcaption><\/figure>\n<p>\n  R\u0259na \u0130brahimova deyir ki, problemi bununla da bitmir. Ya\u015fad\u0131\u011f\u0131 \u0259razid\u0259 mavi yanacaq da yoxdur. Baxmayaraq ki, Qaz \u0130stismar\u0131 \u0130dar\u0259si d\u00fcz qon\u015fuluqlar\u0131ndad\u0131r:\n<\/p>\n<p>\n  \u201cQaz\u0131m\u0131z da yoxdur, \u00e7\u0259kilmir. Bu da ayr\u0131 d\u0259rddir. 2018-ci ilin ax\u0131r\u0131na \u00e7\u0259k\u0259c\u0259kl\u0259rin\u0259 s\u00f6z vermi\u015fdil\u0259r. 2020-ci il g\u0259lib, ancaq h\u0259l\u0259 d\u0259 bu massivd\u0259 qaz yoxdur. \u0130l ild\u0259n uzan\u0131r, d\u0259f\u0259l\u0259rl\u0259 \u015fikay\u0259t etmi\u015fik, ancaq baxm\u0131rlar\u201d.\n<\/p>\n<p>\n  Zaqatala Rayon \u0130cra Hakimiyy\u0259tind\u0259n h\u0259min \u0259razid\u0259ki evl\u0259rin \u00e7oxunun yeni oldu\u011fu s\u00f6yl\u0259nib. Buna g\u00f6r\u0259 qazla\u015fd\u0131rma apar\u0131lmay\u0131b.\n<\/p>\n<p>\n  \u201cOrada evl\u0259rin tikintisi davam edir. H\u0259r g\u00fcn yeni bir ev tikilir, m\u0259h\u0259ll\u0259 sal\u0131n\u0131r. H\u0259r yeni sal\u0131nan m\u0259h\u0259ll\u0259y\u0259 s\u0259h\u0259risi g\u00fcn qaz \u00e7\u0259kilmir ax\u0131. Plan olmal\u0131d\u0131r, t\u0259klif verilm\u0259lidir. Zamanla ham\u0131s\u0131 h\u0259ll olunan probleml\u0259rdir\u201d.\n<\/p>\n<p>\n  Zaqatala Su Kanal \u0130dar\u0259sind\u0259n is\u0259 probleml\u0259 maraqlanacaqlar\u0131n\u0131 s\u00f6yl\u0259yibl\u0259r:\n<\/p>\n<p>\n  \u201cSay\u011fac qoyulubsa, abonent kodu verilm\u0259lidir. Y\u0259qin n\u0259s\u0259 yanl\u0131\u015f anla\u015f\u0131lma var. Maraqlan\u0131b, h\u0259ll ed\u0259rik\u201d.\n<\/p>\n<p>\n  V\u0259t\u0259nda\u015f\u0131n say\u011fac\u0131n\u0131n \u00f6zba\u015f\u0131na s\u00f6k\u00fclm\u0259sin\u0259 g\u0259linc\u0259, idar\u0259 \u0259m\u0259kda\u015f\u0131 bundan x\u0259b\u0259rsiz oldu\u011funu s\u00f6yl\u0259yib:\n<\/p>\n<p>\n  \u201cYa\u015fay\u0131\u015f evl\u0259rin\u0259 say\u011fac pulsuz verilir. O xan\u0131m pulu kim\u0259 \u00f6d\u0259yib, desin, ayd\u0131nla\u015fd\u0131raq\u201d.<\/p>\n","protected":false},"excerpt":{"rendered":"<p>&#8220;\u0130l ild\u0259n uzan\u0131r, d\u0259f\u0259l\u0259rl\u0259 \u015fikay\u0259t etmi\u015fik, ancaq baxm\u0131rlar&#8221;<\/p>\n","protected":false},"author":11,"featured_media":136881,"comment_status":"closed","ping_status":"open","sticky":false,"template":"","format":"standard","meta":{"_acf_changed":false,"_sitemap_exclude":false,"_sitemap_priority":"","_sitemap_frequency":"","footnotes":""},"categories":[60],"tags":[],"class_list":["post-199083","post","type-post","status-publish","format-standard","has-post-thumbnail","hentry","category-bolge","infinite-scroll-item","generate-columns","tablet-grid-50","mobile-grid-100","grid-parent","grid-33","no-featured-image-padding"],"acf":[],"yoast_head":"<!-- This site is optimized with the Yoast SEO plugin v27.5 - https:\/\/yoast.com\/product\/yoast-seo-wordpress\/ -->\n<title>&quot;Yeni say\u011fac qoyulmas\u0131 \u00fc\u00e7\u00fcn m\u0259nd\u0259n yen\u0259 250 manat ist\u0259dil\u0259r&quot; - MEYDAN.TV<\/title>\n<meta name=\"robots\" content=\"index, follow, max-snippet:-1, max-image-preview:large, max-video-preview:-1\" \/>\n<link rel=\"canonical\" href=\"https:\/\/www.meydan.tv\/az\/article\/yeni-saygac-qoyulmasi-ucun-menden-yene-250-manat-istediler\/\" \/>\n<meta property=\"og:locale\" content=\"az_AZ\" \/>\n<meta property=\"og:type\" content=\"article\" \/>\n<meta property=\"og:title\" content=\"&quot;Yeni say\u011fac qoyulmas\u0131 \u00fc\u00e7\u00fcn m\u0259nd\u0259n yen\u0259 250 manat ist\u0259dil\u0259r&quot; - MEYDAN.TV\" \/>\n<meta property=\"og:description\" content=\"&quot;\u0130l ild\u0259n uzan\u0131r, d\u0259f\u0259l\u0259rl\u0259 \u015fikay\u0259t etmi\u015fik, ancaq baxm\u0131rlar&quot;\" \/>\n<meta property=\"og:url\" content=\"https:\/\/www.meydan.tv\/az\/article\/yeni-saygac-qoyulmasi-ucun-menden-yene-250-manat-istediler\/\" \/>\n<meta property=\"og:site_name\" content=\"MEYDAN.TV\" \/>\n<meta property=\"article:published_time\" content=\"2020-02-04T12:15:53+00:00\" \/>\n<meta property=\"og:image\" content=\"https:\/\/www.meydan.tv\/wp-content\/uploads\/image_from_ios_3_plwc3cv-scaled.jpg\" \/>\n\t<meta property=\"og:image:width\" content=\"2560\" \/>\n\t<meta property=\"og:image:height\" content=\"1920\" \/>\n\t<meta property=\"og:image:type\" content=\"image\/jpeg\" \/>\n<meta name=\"author\" content=\"user-manager\" \/>\n<meta name=\"twitter:card\" content=\"summary_large_image\" \/>\n<script type=\"application\/ld+json\" class=\"yoast-schema-graph\">{\"@context\":\"https:\\\/\\\/schema.org\",\"@graph\":[{\"@type\":\"Article\",\"@id\":\"https:\\\/\\\/www.meydan.tv\\\/az\\\/article\\\/yeni-saygac-qoyulmasi-ucun-menden-yene-250-manat-istediler\\\/#article\",\"isPartOf\":{\"@id\":\"https:\\\/\\\/www.meydan.tv\\\/az\\\/article\\\/yeni-saygac-qoyulmasi-ucun-menden-yene-250-manat-istediler\\\/\"},\"author\":{\"name\":\"user-manager\",\"@id\":\"https:\\\/\\\/www.meydan.tv\\\/az\\\/#\\\/schema\\\/person\\\/10d11eccf6da3662cf5fdab9806ea91a\"},\"headline\":\"&#8220;Yeni say\u011fac qoyulmas\u0131 \u00fc\u00e7\u00fcn m\u0259nd\u0259n yen\u0259 250 manat ist\u0259dil\u0259r&#8221;\",\"datePublished\":\"2020-02-04T12:15:53+00:00\",\"mainEntityOfPage\":{\"@id\":\"https:\\\/\\\/www.meydan.tv\\\/az\\\/article\\\/yeni-saygac-qoyulmasi-ucun-menden-yene-250-manat-istediler\\\/\"},\"wordCount\":728,\"publisher\":{\"@id\":\"https:\\\/\\\/www.meydan.tv\\\/az\\\/#organization\"},\"image\":{\"@id\":\"https:\\\/\\\/www.meydan.tv\\\/az\\\/article\\\/yeni-saygac-qoyulmasi-ucun-menden-yene-250-manat-istediler\\\/#primaryimage\"},\"thumbnailUrl\":\"https:\\\/\\\/www.meydan.tv\\\/wp-content\\\/uploads\\\/image_from_ios_3_plwc3cv-scaled.jpg\",\"articleSection\":[\"B\u00f6lg\u0259\"],\"inLanguage\":\"az\"},{\"@type\":\"WebPage\",\"@id\":\"https:\\\/\\\/www.meydan.tv\\\/az\\\/article\\\/yeni-saygac-qoyulmasi-ucun-menden-yene-250-manat-istediler\\\/\",\"url\":\"https:\\\/\\\/www.meydan.tv\\\/az\\\/article\\\/yeni-saygac-qoyulmasi-ucun-menden-yene-250-manat-istediler\\\/\",\"name\":\"\\\"Yeni say\u011fac qoyulmas\u0131 \u00fc\u00e7\u00fcn m\u0259nd\u0259n yen\u0259 250 manat ist\u0259dil\u0259r\\\" - MEYDAN.TV\",\"isPartOf\":{\"@id\":\"https:\\\/\\\/www.meydan.tv\\\/az\\\/#website\"},\"primaryImageOfPage\":{\"@id\":\"https:\\\/\\\/www.meydan.tv\\\/az\\\/article\\\/yeni-saygac-qoyulmasi-ucun-menden-yene-250-manat-istediler\\\/#primaryimage\"},\"image\":{\"@id\":\"https:\\\/\\\/www.meydan.tv\\\/az\\\/article\\\/yeni-saygac-qoyulmasi-ucun-menden-yene-250-manat-istediler\\\/#primaryimage\"},\"thumbnailUrl\":\"https:\\\/\\\/www.meydan.tv\\\/wp-content\\\/uploads\\\/image_from_ios_3_plwc3cv-scaled.jpg\",\"datePublished\":\"2020-02-04T12:15:53+00:00\",\"breadcrumb\":{\"@id\":\"https:\\\/\\\/www.meydan.tv\\\/az\\\/article\\\/yeni-saygac-qoyulmasi-ucun-menden-yene-250-manat-istediler\\\/#breadcrumb\"},\"inLanguage\":\"az\",\"potentialAction\":[{\"@type\":\"ReadAction\",\"target\":[\"https:\\\/\\\/www.meydan.tv\\\/az\\\/article\\\/yeni-saygac-qoyulmasi-ucun-menden-yene-250-manat-istediler\\\/\"]}]},{\"@type\":\"ImageObject\",\"inLanguage\":\"az\",\"@id\":\"https:\\\/\\\/www.meydan.tv\\\/az\\\/article\\\/yeni-saygac-qoyulmasi-ucun-menden-yene-250-manat-istediler\\\/#primaryimage\",\"url\":\"https:\\\/\\\/www.meydan.tv\\\/wp-content\\\/uploads\\\/image_from_ios_3_plwc3cv-scaled.jpg\",\"contentUrl\":\"https:\\\/\\\/www.meydan.tv\\\/wp-content\\\/uploads\\\/image_from_ios_3_plwc3cv-scaled.jpg\",\"width\":2560,\"height\":1920,\"caption\":\"Source: Specify Source\"},{\"@type\":\"BreadcrumbList\",\"@id\":\"https:\\\/\\\/www.meydan.tv\\\/az\\\/article\\\/yeni-saygac-qoyulmasi-ucun-menden-yene-250-manat-istediler\\\/#breadcrumb\",\"itemListElement\":[{\"@type\":\"ListItem\",\"position\":1,\"name\":\"Ana s\u0259hif\u0259\",\"item\":\"https:\\\/\\\/www.meydan.tv\\\/az\\\/\"},{\"@type\":\"ListItem\",\"position\":2,\"name\":\"B\u00f6lg\u0259\",\"item\":\"https:\\\/\\\/www.meydan.tv\\\/az\\\/section\\\/bolge\\\/\"},{\"@type\":\"ListItem\",\"position\":3,\"name\":\"&#8220;Yeni say\u011fac qoyulmas\u0131 \u00fc\u00e7\u00fcn m\u0259nd\u0259n yen\u0259 250 manat ist\u0259dil\u0259r&#8221;\"}]},{\"@type\":\"WebSite\",\"@id\":\"https:\\\/\\\/www.meydan.tv\\\/az\\\/#website\",\"url\":\"https:\\\/\\\/www.meydan.tv\\\/az\\\/\",\"name\":\"MEYDAN.TV\",\"description\":\"Meydan TV Az\u0259rbaycan\u0131n media m\u0259kan\u0131ndak\u0131 alternativ s\u0259sidir\",\"publisher\":{\"@id\":\"https:\\\/\\\/www.meydan.tv\\\/az\\\/#organization\"},\"potentialAction\":[{\"@type\":\"SearchAction\",\"target\":{\"@type\":\"EntryPoint\",\"urlTemplate\":\"https:\\\/\\\/www.meydan.tv\\\/az\\\/?s={search_term_string}\"},\"query-input\":{\"@type\":\"PropertyValueSpecification\",\"valueRequired\":true,\"valueName\":\"search_term_string\"}}],\"inLanguage\":\"az\"},{\"@type\":\"Organization\",\"@id\":\"https:\\\/\\\/www.meydan.tv\\\/az\\\/#organization\",\"name\":\"Meydan TV\",\"url\":\"https:\\\/\\\/www.meydan.tv\\\/az\\\/\",\"logo\":{\"@type\":\"ImageObject\",\"inLanguage\":\"az\",\"@id\":\"https:\\\/\\\/www.meydan.tv\\\/az\\\/#\\\/schema\\\/logo\\\/image\\\/\",\"url\":\"https:\\\/\\\/www.meydan.tv\\\/wp-content\\\/uploads\\\/2021\\\/07\\\/meydan-logo.svg\",\"contentUrl\":\"https:\\\/\\\/www.meydan.tv\\\/wp-content\\\/uploads\\\/2021\\\/07\\\/meydan-logo.svg\",\"width\":195,\"height\":46,\"caption\":\"Meydan TV\"},\"image\":{\"@id\":\"https:\\\/\\\/www.meydan.tv\\\/az\\\/#\\\/schema\\\/logo\\\/image\\\/\"}},{\"@type\":\"Person\",\"@id\":\"https:\\\/\\\/www.meydan.tv\\\/az\\\/#\\\/schema\\\/person\\\/10d11eccf6da3662cf5fdab9806ea91a\",\"name\":\"user-manager\"}]}<\/script>\n<!-- \/ Yoast SEO plugin. -->","yoast_head_json":{"title":"\"Yeni say\u011fac qoyulmas\u0131 \u00fc\u00e7\u00fcn m\u0259nd\u0259n yen\u0259 250 manat ist\u0259dil\u0259r\" - MEYDAN.TV","robots":{"index":"index","follow":"follow","max-snippet":"max-snippet:-1","max-image-preview":"max-image-preview:large","max-video-preview":"max-video-preview:-1"},"canonical":"https:\/\/www.meydan.tv\/az\/article\/yeni-saygac-qoyulmasi-ucun-menden-yene-250-manat-istediler\/","og_locale":"az_AZ","og_type":"article","og_title":"\"Yeni say\u011fac qoyulmas\u0131 \u00fc\u00e7\u00fcn m\u0259nd\u0259n yen\u0259 250 manat ist\u0259dil\u0259r\" - MEYDAN.TV","og_description":"\"\u0130l ild\u0259n uzan\u0131r, d\u0259f\u0259l\u0259rl\u0259 \u015fikay\u0259t etmi\u015fik, ancaq baxm\u0131rlar\"","og_url":"https:\/\/www.meydan.tv\/az\/article\/yeni-saygac-qoyulmasi-ucun-menden-yene-250-manat-istediler\/","og_site_name":"MEYDAN.TV","article_published_time":"2020-02-04T12:15:53+00:00","og_image":[{"width":2560,"height":1920,"url":"https:\/\/www.meydan.tv\/wp-content\/uploads\/image_from_ios_3_plwc3cv-scaled.jpg","type":"image\/jpeg"}],"author":"user-manager","twitter_card":"summary_large_image","schema":{"@context":"https:\/\/schema.org","@graph":[{"@type":"Article","@id":"https:\/\/www.meydan.tv\/az\/article\/yeni-saygac-qoyulmasi-ucun-menden-yene-250-manat-istediler\/#article","isPartOf":{"@id":"https:\/\/www.meydan.tv\/az\/article\/yeni-saygac-qoyulmasi-ucun-menden-yene-250-manat-istediler\/"},"author":{"name":"user-manager","@id":"https:\/\/www.meydan.tv\/az\/#\/schema\/person\/10d11eccf6da3662cf5fdab9806ea91a"},"headline":"&#8220;Yeni say\u011fac qoyulmas\u0131 \u00fc\u00e7\u00fcn m\u0259nd\u0259n yen\u0259 250 manat ist\u0259dil\u0259r&#8221;","datePublished":"2020-02-04T12:15:53+00:00","mainEntityOfPage":{"@id":"https:\/\/www.meydan.tv\/az\/article\/yeni-saygac-qoyulmasi-ucun-menden-yene-250-manat-istediler\/"},"wordCount":728,"publisher":{"@id":"https:\/\/www.meydan.tv\/az\/#organization"},"image":{"@id":"https:\/\/www.meydan.tv\/az\/article\/yeni-saygac-qoyulmasi-ucun-menden-yene-250-manat-istediler\/#primaryimage"},"thumbnailUrl":"https:\/\/www.meydan.tv\/wp-content\/uploads\/image_from_ios_3_plwc3cv-scaled.jpg","articleSection":["B\u00f6lg\u0259"],"inLanguage":"az"},{"@type":"WebPage","@id":"https:\/\/www.meydan.tv\/az\/article\/yeni-saygac-qoyulmasi-ucun-menden-yene-250-manat-istediler\/","url":"https:\/\/www.meydan.tv\/az\/article\/yeni-saygac-qoyulmasi-ucun-menden-yene-250-manat-istediler\/","name":"\"Yeni say\u011fac qoyulmas\u0131 \u00fc\u00e7\u00fcn m\u0259nd\u0259n yen\u0259 250 manat ist\u0259dil\u0259r\" - MEYDAN.TV","isPartOf":{"@id":"https:\/\/www.meydan.tv\/az\/#website"},"primaryImageOfPage":{"@id":"https:\/\/www.meydan.tv\/az\/article\/yeni-saygac-qoyulmasi-ucun-menden-yene-250-manat-istediler\/#primaryimage"},"image":{"@id":"https:\/\/www.meydan.tv\/az\/article\/yeni-saygac-qoyulmasi-ucun-menden-yene-250-manat-istediler\/#primaryimage"},"thumbnailUrl":"https:\/\/www.meydan.tv\/wp-content\/uploads\/image_from_ios_3_plwc3cv-scaled.jpg","datePublished":"2020-02-04T12:15:53+00:00","breadcrumb":{"@id":"https:\/\/www.meydan.tv\/az\/article\/yeni-saygac-qoyulmasi-ucun-menden-yene-250-manat-istediler\/#breadcrumb"},"inLanguage":"az","potentialAction":[{"@type":"ReadAction","target":["https:\/\/www.meydan.tv\/az\/article\/yeni-saygac-qoyulmasi-ucun-menden-yene-250-manat-istediler\/"]}]},{"@type":"ImageObject","inLanguage":"az","@id":"https:\/\/www.meydan.tv\/az\/article\/yeni-saygac-qoyulmasi-ucun-menden-yene-250-manat-istediler\/#primaryimage","url":"https:\/\/www.meydan.tv\/wp-content\/uploads\/image_from_ios_3_plwc3cv-scaled.jpg","contentUrl":"https:\/\/www.meydan.tv\/wp-content\/uploads\/image_from_ios_3_plwc3cv-scaled.jpg","width":2560,"height":1920,"caption":"Source: Specify Source"},{"@type":"BreadcrumbList","@id":"https:\/\/www.meydan.tv\/az\/article\/yeni-saygac-qoyulmasi-ucun-menden-yene-250-manat-istediler\/#breadcrumb","itemListElement":[{"@type":"ListItem","position":1,"name":"Ana s\u0259hif\u0259","item":"https:\/\/www.meydan.tv\/az\/"},{"@type":"ListItem","position":2,"name":"B\u00f6lg\u0259","item":"https:\/\/www.meydan.tv\/az\/section\/bolge\/"},{"@type":"ListItem","position":3,"name":"&#8220;Yeni say\u011fac qoyulmas\u0131 \u00fc\u00e7\u00fcn m\u0259nd\u0259n yen\u0259 250 manat ist\u0259dil\u0259r&#8221;"}]},{"@type":"WebSite","@id":"https:\/\/www.meydan.tv\/az\/#website","url":"https:\/\/www.meydan.tv\/az\/","name":"MEYDAN.TV","description":"Meydan TV Az\u0259rbaycan\u0131n media m\u0259kan\u0131ndak\u0131 alternativ s\u0259sidir","publisher":{"@id":"https:\/\/www.meydan.tv\/az\/#organization"},"potentialAction":[{"@type":"SearchAction","target":{"@type":"EntryPoint","urlTemplate":"https:\/\/www.meydan.tv\/az\/?s={search_term_string}"},"query-input":{"@type":"PropertyValueSpecification","valueRequired":true,"valueName":"search_term_string"}}],"inLanguage":"az"},{"@type":"Organization","@id":"https:\/\/www.meydan.tv\/az\/#organization","name":"Meydan TV","url":"https:\/\/www.meydan.tv\/az\/","logo":{"@type":"ImageObject","inLanguage":"az","@id":"https:\/\/www.meydan.tv\/az\/#\/schema\/logo\/image\/","url":"https:\/\/www.meydan.tv\/wp-content\/uploads\/2021\/07\/meydan-logo.svg","contentUrl":"https:\/\/www.meydan.tv\/wp-content\/uploads\/2021\/07\/meydan-logo.svg","width":195,"height":46,"caption":"Meydan TV"},"image":{"@id":"https:\/\/www.meydan.tv\/az\/#\/schema\/logo\/image\/"}},{"@type":"Person","@id":"https:\/\/www.meydan.tv\/az\/#\/schema\/person\/10d11eccf6da3662cf5fdab9806ea91a","name":"user-manager"}]}},"_links":{"self":[{"href":"https:\/\/www.meydan.tv\/az\/wp-json\/wp\/v2\/posts\/199083","targetHints":{"allow":["GET"]}}],"collection":[{"href":"https:\/\/www.meydan.tv\/az\/wp-json\/wp\/v2\/posts"}],"about":[{"href":"https:\/\/www.meydan.tv\/az\/wp-json\/wp\/v2\/types\/post"}],"author":[{"embeddable":true,"href":"https:\/\/www.meydan.tv\/az\/wp-json\/wp\/v2\/users\/11"}],"replies":[{"embeddable":true,"href":"https:\/\/www.meydan.tv\/az\/wp-json\/wp\/v2\/comments?post=199083"}],"version-history":[{"count":0,"href":"https:\/\/www.meydan.tv\/az\/wp-json\/wp\/v2\/posts\/199083\/revisions"}],"wp:featuredmedia":[{"embeddable":true,"href":"https:\/\/www.meydan.tv\/az\/wp-json\/wp\/v2\/media\/136881"}],"wp:attachment":[{"href":"https:\/\/www.meydan.tv\/az\/wp-json\/wp\/v2\/media?parent=199083"}],"wp:term":[{"taxonomy":"category","embeddable":true,"href":"https:\/\/www.meydan.tv\/az\/wp-json\/wp\/v2\/categories?post=199083"},{"taxonomy":"post_tag","embeddable":true,"href":"https:\/\/www.meydan.tv\/az\/wp-json\/wp\/v2\/tags?post=199083"}],"curies":[{"name":"wp","href":"https:\/\/api.w.org\/{rel}","templated":true}]}}