{"id":199080,"date":"2020-02-04T10:53:07","date_gmt":"2020-02-04T10:53:07","guid":{"rendered":"https:\/\/www.meydan.tv\/article\/kadirovun-tenqidcisi-fransada-olu-tapilib\/"},"modified":"2020-02-04T10:53:07","modified_gmt":"2020-02-04T10:53:07","slug":"kadirovun-tenqidcisi-fransada-olu-tapilib","status":"publish","type":"post","link":"https:\/\/www.meydan.tv\/az\/article\/kadirovun-tenqidcisi-fransada-olu-tapilib\/","title":{"rendered":"Kad\u0131rovun t\u0259nqid\u00e7isi Fransada \u00f6l\u00fc tap\u0131l\u0131b"},"content":{"rendered":"<p>\n  <i><br \/>\n    Blogerin bo\u011faz\u0131ndan bir ne\u00e7\u0259 d\u0259f\u0259 b\u0131\u00e7aq z\u0259rb\u0259si ald\u0131\u011f\u0131 deyilir<br \/>\n  <\/i>\n<\/p>\n<p>\n  \u00c7e\u00e7enistan\u0131n lideri Ramzan Kad\u0131rovu a\u00e7\u0131q \u015f\u0259kild\u0259 t\u0259nqid ed\u0259n bloger Fransada \u00f6l\u00fc tap\u0131l\u0131b, onun yax\u0131nlar\u0131 bu bar\u0259d\u0259 m\u0259lumat verib.\n<\/p>\n<p>\n  \u201cGuardian\u201d x\u0259b\u0259r verir ki, \u00f6ld\u00fcr\u00fclm\u00fc\u015f 44 ya\u015fl\u0131 \u0130mran \u018fliyev Avropada \u00f6ld\u00fcr\u00fcl\u0259n \u00e7e\u00e7en dissidentl\u0259rin sonuncusudur.\n<\/p>\n<p>\n  \u018fliyev Lille \u015f\u0259h\u0259rind\u0259 otel ota\u011f\u0131nda \u00f6l\u00fc tap\u0131l\u0131b. O, bir ne\u00e7\u0259 d\u0259f\u0259 bo\u011faz\u0131ndan b\u0131\u00e7aq z\u0259rb\u0259si al\u0131b. \u018fliyevin \u00f6l\u00fcm\u00fcn\u00fc onu yax\u0131ndan tan\u0131yan m\u00fcxalif \u00e7e\u00e7en jurnalisti t\u0259sdiql\u0259yib. \u00d6l\u00fcm hadis\u0259si Avropada ya\u015fayan v\u0259 t\u0259hl\u00fck\u0259sizliyi \u00fc\u00e7\u00fcn ad\u0131n\u0131n \u00e7\u0259kilm\u0259m\u0259sini ist\u0259y\u0259n ba\u015fqa bir \u00e7e\u00e7en t\u0259r\u0259find\u0259n d\u0259 t\u0259sdiql\u0259nib.\n<\/p>\n<p>\n  Polis Fransa medias\u0131na cinay\u0259tin motivinin siyasi ola bil\u0259c\u0259yind\u0259n \u015f\u00fcbh\u0259l\u0259ndikl\u0259rini s\u00f6yl\u0259s\u0259 d\u0259, h\u0259l\u0259 \u015f\u00fcbh\u0259lil\u0259rin ad\u0131n\u0131 a\u00e7\u0131qlamay\u0131b. Kad\u0131rova qar\u015f\u0131 vuru\u015fan v\u0259 ya dan\u0131\u015fan m\u00fchacir\u0259td\u0259 ya\u015fayan \u00e7e\u00e7enl\u0259r \u00e7ox vaxt sui-q\u0259sd h\u0259d\u0259fin\u0259 tu\u015f g\u0259lirl\u0259r. Ke\u00e7\u0259n il ke\u00e7mi\u015f \u00e7e\u00e7en komandiri Berlind\u0259ki Klayner Tierqartend\u0259 (Kleiner Tiergarten) iki d\u0259f\u0259 ba\u015f\u0131ndan vurularaq \u00f6ld\u00fcr\u00fclm\u00fc\u015fd\u00fc. \u015e\u00fcbh\u0259li sui-q\u0259sd\u00e7i rus idi.\n<\/p>\n<p>\n  Kad\u0131rov \u00c7e\u00e7enistan r\u0259hb\u0259rliyin\u0259 Rusiya Prezidenti Vladimir Putin t\u0259r\u0259find\u0259n t\u0259yin edilib.\n<\/p>\n<p>\n  \u00c7e\u00e7enistan\u0131 t\u0259rk etdikd\u0259n sonra Bel\u00e7ikada m\u0259skunla\u015fan \u018fliyev tez-tez \u201cMansur Stariy\u201d (\u201cK\u00f6hn\u0259 Mansur\u201d) t\u0259x\u0259ll\u00fcs\u00fc il\u0259 \u201cYouTube\u201d kanal\u0131nda \u00c7e\u00e7enistan h\u00f6kum\u0259tini t\u0259nqid ed\u0259n videolar payla\u015f\u0131rd\u0131.\n<\/p>\n<p>\n  \u201cO, amans\u0131zl\u0131qla q\u0259tl\u0259 yetirildi,\u201d &#8211; dey\u0259 \u018fliyevl\u0259 m\u00fcnt\u0259z\u0259m \u0259laq\u0259d\u0259 olan v\u0259 Strasburqda ya\u015fayan \u00e7e\u00e7en m\u00fcxalif jurnalisti Musa Taipov yaz\u0131b. \u201cFacebook\u201d postunda Taipov \u018fliyevi a\u011fr\u0131k\u0259sicil\u0259rl\u0259 \u00e7\u0259tin bir x\u0259st\u0259liyin \u00f6hd\u0259sind\u0259n g\u0259lm\u0259y\u0259 \u00e7al\u0131\u015fan \u201c\u00e7\u0259tin, lakin vicdanl\u0131\u201d biri olaraq t\u0259svir edib.\n<\/p>\n<p>\n  \u201cOnlar [videolar] b\u0259zil\u0259rini incitdil\u0259r. Ba\u015fqalar\u0131 \u00fc\u00e7\u00fcn g\u00fclm\u0259li g\u0259lirdil\u0259r\u201d,- Taipov yaz\u0131b. O, b\u0259z\u0259n \u018fliyevd\u0259n \u201cYouTube\u201d videolar\u0131n\u0131 silm\u0259sini d\u0259 ist\u0259yib, &#8211; Taipov deyib v\u0259 qeyd edib ki, \u201c\u00e7ox vaxt o, raz\u0131 olurdu\u201d.\n<\/p>\n<p>\n  Avropada \u00c7e\u00e7enistandan minl\u0259rl\u0259 qa\u00e7q\u0131n ya\u015fay\u0131r. Onlar\u0131n \u00e7oxu 1990-c\u0131 ild\u0259n b\u0259ri b\u00f6lg\u0259ni viran qoyan iki m\u00fcharib\u0259d\u0259n qa\u00e7\u0131b, b\u0259zil\u0259ri is\u0259 2007-ci ild\u0259n b\u0259ri \u00f6lk\u0259y\u0259 r\u0259hb\u0259rlik ed\u0259n Kad\u0131rovun amans\u0131z t\u0259zyiqind\u0259n qurtulmaq \u00fc\u00e7\u00fcn Avropaya p\u0259nah g\u0259tirib.\n<\/p>\n<p>\n  Avropada v\u0259 Yax\u0131n \u015e\u0259rqd\u0259 tan\u0131nm\u0131\u015f \u00e7e\u00e7enl\u0259r\u0259 edil\u0259n sui-q\u0259sdl\u0259rin izi on ild\u0259n \u00e7oxdur ki, s\u00fcr\u00fcr v\u0259 bu siyah\u0131ya ke\u00e7mi\u015f \u00fcsyan komandirl\u0259ri v\u0259 h\u00f6kum\u0259t t\u0259nqid\u00e7il\u0259ri, m\u00fcxalifl\u0259r daxildir. Getdikc\u0259 artmaqda olan h\u00fccumlar Kad\u0131rov \u00fc\u00e7\u00fcn he\u00e7 bir real siyasi t\u0259hl\u00fck\u0259 yaratm\u0131r. \u018fksin\u0259 h\u00fccumlar ancaq \u201c\u0130nstagram\u201d v\u0259 ya \u201cYouTube\u201d hesablar\u0131na gir\u0259r\u0259k, \u00c7e\u00e7enistan\u0131n liderind\u0259n naraz\u0131l\u0131qlar\u0131n\u0131 dil\u0259 g\u0259tir\u0259n insanlar\u0131 h\u0259d\u0259f almaqdad\u0131r.<\/p>\n","protected":false},"excerpt":{"rendered":"<p>\u00c7e\u00e7enistan\u0131 t\u0259rk etdikd\u0259n sonra Bel\u00e7ikada m\u0259skunla\u015fan \u018fliyev tez-tez \u201cMansur Stariy\u201d (\u201cK\u00f6hn\u0259 Mansur\u201d) t\u0259x\u0259ll\u00fcs\u00fc il\u0259 \u201cYouTube\u201d kanal\u0131nda \u00c7e\u00e7enistan h\u00f6kum\u0259tini t\u0259nqid ed\u0259n videolar payla\u015f\u0131rd\u0131.<\/p>\n","protected":false},"author":11,"featured_media":136857,"comment_status":"closed","ping_status":"open","sticky":false,"template":"","format":"standard","meta":{"_acf_changed":false,"_sitemap_exclude":false,"_sitemap_priority":"","_sitemap_frequency":"","footnotes":""},"categories":[64],"tags":[],"class_list":["post-199080","post","type-post","status-publish","format-standard","has-post-thumbnail","hentry","category-dunya","infinite-scroll-item","generate-columns","tablet-grid-50","mobile-grid-100","grid-parent","grid-33","no-featured-image-padding"],"acf":[],"yoast_head":"<!-- This site is optimized with the Yoast SEO plugin v27.5 - https:\/\/yoast.com\/product\/yoast-seo-wordpress\/ -->\n<title>Kad\u0131rovun t\u0259nqid\u00e7isi Fransada \u00f6l\u00fc tap\u0131l\u0131b - MEYDAN.TV<\/title>\n<meta name=\"robots\" content=\"index, follow, max-snippet:-1, max-image-preview:large, max-video-preview:-1\" \/>\n<link rel=\"canonical\" href=\"https:\/\/www.meydan.tv\/az\/article\/kadirovun-tenqidcisi-fransada-olu-tapilib\/\" \/>\n<meta property=\"og:locale\" content=\"az_AZ\" \/>\n<meta property=\"og:type\" content=\"article\" \/>\n<meta property=\"og:title\" content=\"Kad\u0131rovun t\u0259nqid\u00e7isi Fransada \u00f6l\u00fc tap\u0131l\u0131b - MEYDAN.TV\" \/>\n<meta property=\"og:description\" content=\"\u00c7e\u00e7enistan\u0131 t\u0259rk etdikd\u0259n sonra Bel\u00e7ikada m\u0259skunla\u015fan \u018fliyev tez-tez \u201cMansur Stariy\u201d (\u201cK\u00f6hn\u0259 Mansur\u201d) t\u0259x\u0259ll\u00fcs\u00fc il\u0259 \u201cYouTube\u201d kanal\u0131nda \u00c7e\u00e7enistan h\u00f6kum\u0259tini t\u0259nqid ed\u0259n videolar payla\u015f\u0131rd\u0131.\" \/>\n<meta property=\"og:url\" content=\"https:\/\/www.meydan.tv\/az\/article\/kadirovun-tenqidcisi-fransada-olu-tapilib\/\" \/>\n<meta property=\"og:site_name\" content=\"MEYDAN.TV\" \/>\n<meta property=\"article:published_time\" content=\"2020-02-04T10:53:07+00:00\" \/>\n<meta property=\"og:image\" content=\"https:\/\/www.meydan.tv\/wp-content\/uploads\/view_untitled-1.jpg\" \/>\n\t<meta property=\"og:image:width\" content=\"892\" \/>\n\t<meta property=\"og:image:height\" content=\"480\" \/>\n\t<meta property=\"og:image:type\" content=\"image\/jpeg\" \/>\n<meta name=\"author\" content=\"user-manager\" \/>\n<meta name=\"twitter:card\" content=\"summary_large_image\" \/>\n<script type=\"application\/ld+json\" class=\"yoast-schema-graph\">{\"@context\":\"https:\\\/\\\/schema.org\",\"@graph\":[{\"@type\":\"Article\",\"@id\":\"https:\\\/\\\/www.meydan.tv\\\/az\\\/article\\\/kadirovun-tenqidcisi-fransada-olu-tapilib\\\/#article\",\"isPartOf\":{\"@id\":\"https:\\\/\\\/www.meydan.tv\\\/az\\\/article\\\/kadirovun-tenqidcisi-fransada-olu-tapilib\\\/\"},\"author\":{\"name\":\"user-manager\",\"@id\":\"https:\\\/\\\/www.meydan.tv\\\/az\\\/#\\\/schema\\\/person\\\/10d11eccf6da3662cf5fdab9806ea91a\"},\"headline\":\"Kad\u0131rovun t\u0259nqid\u00e7isi Fransada \u00f6l\u00fc tap\u0131l\u0131b\",\"datePublished\":\"2020-02-04T10:53:07+00:00\",\"mainEntityOfPage\":{\"@id\":\"https:\\\/\\\/www.meydan.tv\\\/az\\\/article\\\/kadirovun-tenqidcisi-fransada-olu-tapilib\\\/\"},\"wordCount\":563,\"publisher\":{\"@id\":\"https:\\\/\\\/www.meydan.tv\\\/az\\\/#organization\"},\"image\":{\"@id\":\"https:\\\/\\\/www.meydan.tv\\\/az\\\/article\\\/kadirovun-tenqidcisi-fransada-olu-tapilib\\\/#primaryimage\"},\"thumbnailUrl\":\"https:\\\/\\\/www.meydan.tv\\\/wp-content\\\/uploads\\\/view_untitled-1.jpg\",\"articleSection\":[\"D\u00fcnya\"],\"inLanguage\":\"az\"},{\"@type\":\"WebPage\",\"@id\":\"https:\\\/\\\/www.meydan.tv\\\/az\\\/article\\\/kadirovun-tenqidcisi-fransada-olu-tapilib\\\/\",\"url\":\"https:\\\/\\\/www.meydan.tv\\\/az\\\/article\\\/kadirovun-tenqidcisi-fransada-olu-tapilib\\\/\",\"name\":\"Kad\u0131rovun t\u0259nqid\u00e7isi Fransada \u00f6l\u00fc tap\u0131l\u0131b - MEYDAN.TV\",\"isPartOf\":{\"@id\":\"https:\\\/\\\/www.meydan.tv\\\/az\\\/#website\"},\"primaryImageOfPage\":{\"@id\":\"https:\\\/\\\/www.meydan.tv\\\/az\\\/article\\\/kadirovun-tenqidcisi-fransada-olu-tapilib\\\/#primaryimage\"},\"image\":{\"@id\":\"https:\\\/\\\/www.meydan.tv\\\/az\\\/article\\\/kadirovun-tenqidcisi-fransada-olu-tapilib\\\/#primaryimage\"},\"thumbnailUrl\":\"https:\\\/\\\/www.meydan.tv\\\/wp-content\\\/uploads\\\/view_untitled-1.jpg\",\"datePublished\":\"2020-02-04T10:53:07+00:00\",\"breadcrumb\":{\"@id\":\"https:\\\/\\\/www.meydan.tv\\\/az\\\/article\\\/kadirovun-tenqidcisi-fransada-olu-tapilib\\\/#breadcrumb\"},\"inLanguage\":\"az\",\"potentialAction\":[{\"@type\":\"ReadAction\",\"target\":[\"https:\\\/\\\/www.meydan.tv\\\/az\\\/article\\\/kadirovun-tenqidcisi-fransada-olu-tapilib\\\/\"]}]},{\"@type\":\"ImageObject\",\"inLanguage\":\"az\",\"@id\":\"https:\\\/\\\/www.meydan.tv\\\/az\\\/article\\\/kadirovun-tenqidcisi-fransada-olu-tapilib\\\/#primaryimage\",\"url\":\"https:\\\/\\\/www.meydan.tv\\\/wp-content\\\/uploads\\\/view_untitled-1.jpg\",\"contentUrl\":\"https:\\\/\\\/www.meydan.tv\\\/wp-content\\\/uploads\\\/view_untitled-1.jpg\",\"width\":892,\"height\":480,\"caption\":\"Source: Foto: \\\"\u041a\u0430\u0432\u043a\u0430\u0437\u0441\u043a\u0438\u0439 \u0423\u0437\u0435\u043b\\\"\"},{\"@type\":\"BreadcrumbList\",\"@id\":\"https:\\\/\\\/www.meydan.tv\\\/az\\\/article\\\/kadirovun-tenqidcisi-fransada-olu-tapilib\\\/#breadcrumb\",\"itemListElement\":[{\"@type\":\"ListItem\",\"position\":1,\"name\":\"Ana s\u0259hif\u0259\",\"item\":\"https:\\\/\\\/www.meydan.tv\\\/az\\\/\"},{\"@type\":\"ListItem\",\"position\":2,\"name\":\"D\u00fcnya\",\"item\":\"https:\\\/\\\/www.meydan.tv\\\/az\\\/section\\\/dunya\\\/\"},{\"@type\":\"ListItem\",\"position\":3,\"name\":\"Kad\u0131rovun t\u0259nqid\u00e7isi Fransada \u00f6l\u00fc tap\u0131l\u0131b\"}]},{\"@type\":\"WebSite\",\"@id\":\"https:\\\/\\\/www.meydan.tv\\\/az\\\/#website\",\"url\":\"https:\\\/\\\/www.meydan.tv\\\/az\\\/\",\"name\":\"MEYDAN.TV\",\"description\":\"Meydan TV Az\u0259rbaycan\u0131n media m\u0259kan\u0131ndak\u0131 alternativ s\u0259sidir\",\"publisher\":{\"@id\":\"https:\\\/\\\/www.meydan.tv\\\/az\\\/#organization\"},\"potentialAction\":[{\"@type\":\"SearchAction\",\"target\":{\"@type\":\"EntryPoint\",\"urlTemplate\":\"https:\\\/\\\/www.meydan.tv\\\/az\\\/?s={search_term_string}\"},\"query-input\":{\"@type\":\"PropertyValueSpecification\",\"valueRequired\":true,\"valueName\":\"search_term_string\"}}],\"inLanguage\":\"az\"},{\"@type\":\"Organization\",\"@id\":\"https:\\\/\\\/www.meydan.tv\\\/az\\\/#organization\",\"name\":\"Meydan TV\",\"url\":\"https:\\\/\\\/www.meydan.tv\\\/az\\\/\",\"logo\":{\"@type\":\"ImageObject\",\"inLanguage\":\"az\",\"@id\":\"https:\\\/\\\/www.meydan.tv\\\/az\\\/#\\\/schema\\\/logo\\\/image\\\/\",\"url\":\"https:\\\/\\\/www.meydan.tv\\\/wp-content\\\/uploads\\\/2021\\\/07\\\/meydan-logo.svg\",\"contentUrl\":\"https:\\\/\\\/www.meydan.tv\\\/wp-content\\\/uploads\\\/2021\\\/07\\\/meydan-logo.svg\",\"width\":195,\"height\":46,\"caption\":\"Meydan TV\"},\"image\":{\"@id\":\"https:\\\/\\\/www.meydan.tv\\\/az\\\/#\\\/schema\\\/logo\\\/image\\\/\"}},{\"@type\":\"Person\",\"@id\":\"https:\\\/\\\/www.meydan.tv\\\/az\\\/#\\\/schema\\\/person\\\/10d11eccf6da3662cf5fdab9806ea91a\",\"name\":\"user-manager\"}]}<\/script>\n<!-- \/ Yoast SEO plugin. -->","yoast_head_json":{"title":"Kad\u0131rovun t\u0259nqid\u00e7isi Fransada \u00f6l\u00fc tap\u0131l\u0131b - MEYDAN.TV","robots":{"index":"index","follow":"follow","max-snippet":"max-snippet:-1","max-image-preview":"max-image-preview:large","max-video-preview":"max-video-preview:-1"},"canonical":"https:\/\/www.meydan.tv\/az\/article\/kadirovun-tenqidcisi-fransada-olu-tapilib\/","og_locale":"az_AZ","og_type":"article","og_title":"Kad\u0131rovun t\u0259nqid\u00e7isi Fransada \u00f6l\u00fc tap\u0131l\u0131b - MEYDAN.TV","og_description":"\u00c7e\u00e7enistan\u0131 t\u0259rk etdikd\u0259n sonra Bel\u00e7ikada m\u0259skunla\u015fan \u018fliyev tez-tez \u201cMansur Stariy\u201d (\u201cK\u00f6hn\u0259 Mansur\u201d) t\u0259x\u0259ll\u00fcs\u00fc il\u0259 \u201cYouTube\u201d kanal\u0131nda \u00c7e\u00e7enistan h\u00f6kum\u0259tini t\u0259nqid ed\u0259n videolar payla\u015f\u0131rd\u0131.","og_url":"https:\/\/www.meydan.tv\/az\/article\/kadirovun-tenqidcisi-fransada-olu-tapilib\/","og_site_name":"MEYDAN.TV","article_published_time":"2020-02-04T10:53:07+00:00","og_image":[{"width":892,"height":480,"url":"https:\/\/www.meydan.tv\/wp-content\/uploads\/view_untitled-1.jpg","type":"image\/jpeg"}],"author":"user-manager","twitter_card":"summary_large_image","schema":{"@context":"https:\/\/schema.org","@graph":[{"@type":"Article","@id":"https:\/\/www.meydan.tv\/az\/article\/kadirovun-tenqidcisi-fransada-olu-tapilib\/#article","isPartOf":{"@id":"https:\/\/www.meydan.tv\/az\/article\/kadirovun-tenqidcisi-fransada-olu-tapilib\/"},"author":{"name":"user-manager","@id":"https:\/\/www.meydan.tv\/az\/#\/schema\/person\/10d11eccf6da3662cf5fdab9806ea91a"},"headline":"Kad\u0131rovun t\u0259nqid\u00e7isi Fransada \u00f6l\u00fc tap\u0131l\u0131b","datePublished":"2020-02-04T10:53:07+00:00","mainEntityOfPage":{"@id":"https:\/\/www.meydan.tv\/az\/article\/kadirovun-tenqidcisi-fransada-olu-tapilib\/"},"wordCount":563,"publisher":{"@id":"https:\/\/www.meydan.tv\/az\/#organization"},"image":{"@id":"https:\/\/www.meydan.tv\/az\/article\/kadirovun-tenqidcisi-fransada-olu-tapilib\/#primaryimage"},"thumbnailUrl":"https:\/\/www.meydan.tv\/wp-content\/uploads\/view_untitled-1.jpg","articleSection":["D\u00fcnya"],"inLanguage":"az"},{"@type":"WebPage","@id":"https:\/\/www.meydan.tv\/az\/article\/kadirovun-tenqidcisi-fransada-olu-tapilib\/","url":"https:\/\/www.meydan.tv\/az\/article\/kadirovun-tenqidcisi-fransada-olu-tapilib\/","name":"Kad\u0131rovun t\u0259nqid\u00e7isi Fransada \u00f6l\u00fc tap\u0131l\u0131b - MEYDAN.TV","isPartOf":{"@id":"https:\/\/www.meydan.tv\/az\/#website"},"primaryImageOfPage":{"@id":"https:\/\/www.meydan.tv\/az\/article\/kadirovun-tenqidcisi-fransada-olu-tapilib\/#primaryimage"},"image":{"@id":"https:\/\/www.meydan.tv\/az\/article\/kadirovun-tenqidcisi-fransada-olu-tapilib\/#primaryimage"},"thumbnailUrl":"https:\/\/www.meydan.tv\/wp-content\/uploads\/view_untitled-1.jpg","datePublished":"2020-02-04T10:53:07+00:00","breadcrumb":{"@id":"https:\/\/www.meydan.tv\/az\/article\/kadirovun-tenqidcisi-fransada-olu-tapilib\/#breadcrumb"},"inLanguage":"az","potentialAction":[{"@type":"ReadAction","target":["https:\/\/www.meydan.tv\/az\/article\/kadirovun-tenqidcisi-fransada-olu-tapilib\/"]}]},{"@type":"ImageObject","inLanguage":"az","@id":"https:\/\/www.meydan.tv\/az\/article\/kadirovun-tenqidcisi-fransada-olu-tapilib\/#primaryimage","url":"https:\/\/www.meydan.tv\/wp-content\/uploads\/view_untitled-1.jpg","contentUrl":"https:\/\/www.meydan.tv\/wp-content\/uploads\/view_untitled-1.jpg","width":892,"height":480,"caption":"Source: Foto: \"\u041a\u0430\u0432\u043a\u0430\u0437\u0441\u043a\u0438\u0439 \u0423\u0437\u0435\u043b\""},{"@type":"BreadcrumbList","@id":"https:\/\/www.meydan.tv\/az\/article\/kadirovun-tenqidcisi-fransada-olu-tapilib\/#breadcrumb","itemListElement":[{"@type":"ListItem","position":1,"name":"Ana s\u0259hif\u0259","item":"https:\/\/www.meydan.tv\/az\/"},{"@type":"ListItem","position":2,"name":"D\u00fcnya","item":"https:\/\/www.meydan.tv\/az\/section\/dunya\/"},{"@type":"ListItem","position":3,"name":"Kad\u0131rovun t\u0259nqid\u00e7isi Fransada \u00f6l\u00fc tap\u0131l\u0131b"}]},{"@type":"WebSite","@id":"https:\/\/www.meydan.tv\/az\/#website","url":"https:\/\/www.meydan.tv\/az\/","name":"MEYDAN.TV","description":"Meydan TV Az\u0259rbaycan\u0131n media m\u0259kan\u0131ndak\u0131 alternativ s\u0259sidir","publisher":{"@id":"https:\/\/www.meydan.tv\/az\/#organization"},"potentialAction":[{"@type":"SearchAction","target":{"@type":"EntryPoint","urlTemplate":"https:\/\/www.meydan.tv\/az\/?s={search_term_string}"},"query-input":{"@type":"PropertyValueSpecification","valueRequired":true,"valueName":"search_term_string"}}],"inLanguage":"az"},{"@type":"Organization","@id":"https:\/\/www.meydan.tv\/az\/#organization","name":"Meydan TV","url":"https:\/\/www.meydan.tv\/az\/","logo":{"@type":"ImageObject","inLanguage":"az","@id":"https:\/\/www.meydan.tv\/az\/#\/schema\/logo\/image\/","url":"https:\/\/www.meydan.tv\/wp-content\/uploads\/2021\/07\/meydan-logo.svg","contentUrl":"https:\/\/www.meydan.tv\/wp-content\/uploads\/2021\/07\/meydan-logo.svg","width":195,"height":46,"caption":"Meydan TV"},"image":{"@id":"https:\/\/www.meydan.tv\/az\/#\/schema\/logo\/image\/"}},{"@type":"Person","@id":"https:\/\/www.meydan.tv\/az\/#\/schema\/person\/10d11eccf6da3662cf5fdab9806ea91a","name":"user-manager"}]}},"_links":{"self":[{"href":"https:\/\/www.meydan.tv\/az\/wp-json\/wp\/v2\/posts\/199080","targetHints":{"allow":["GET"]}}],"collection":[{"href":"https:\/\/www.meydan.tv\/az\/wp-json\/wp\/v2\/posts"}],"about":[{"href":"https:\/\/www.meydan.tv\/az\/wp-json\/wp\/v2\/types\/post"}],"author":[{"embeddable":true,"href":"https:\/\/www.meydan.tv\/az\/wp-json\/wp\/v2\/users\/11"}],"replies":[{"embeddable":true,"href":"https:\/\/www.meydan.tv\/az\/wp-json\/wp\/v2\/comments?post=199080"}],"version-history":[{"count":0,"href":"https:\/\/www.meydan.tv\/az\/wp-json\/wp\/v2\/posts\/199080\/revisions"}],"wp:featuredmedia":[{"embeddable":true,"href":"https:\/\/www.meydan.tv\/az\/wp-json\/wp\/v2\/media\/136857"}],"wp:attachment":[{"href":"https:\/\/www.meydan.tv\/az\/wp-json\/wp\/v2\/media?parent=199080"}],"wp:term":[{"taxonomy":"category","embeddable":true,"href":"https:\/\/www.meydan.tv\/az\/wp-json\/wp\/v2\/categories?post=199080"},{"taxonomy":"post_tag","embeddable":true,"href":"https:\/\/www.meydan.tv\/az\/wp-json\/wp\/v2\/tags?post=199080"}],"curies":[{"name":"wp","href":"https:\/\/api.w.org\/{rel}","templated":true}]}}