{"id":199078,"date":"2020-02-03T20:12:57","date_gmt":"2020-02-03T20:12:57","guid":{"rendered":"https:\/\/www.meydan.tv\/article\/ukrayna-iran-sernisin-teyyaresini-vurdugunu-evvelden-bilib\/"},"modified":"2020-02-03T20:12:57","modified_gmt":"2020-02-03T20:12:57","slug":"ukrayna-iran-sernisin-teyyaresini-vurdugunu-evvelden-bilib","status":"publish","type":"post","link":"https:\/\/www.meydan.tv\/az\/article\/ukrayna-iran-sernisin-teyyaresini-vurdugunu-evvelden-bilib\/","title":{"rendered":"Ukrayna: \u0130ran s\u0259rni\u015fin t\u0259yyar\u0259sini vurdu\u011funu \u0259vv\u0259ld\u0259n bilib"},"content":{"rendered":"<p>\n  <i><br \/>\n    Zelenski: \u201c\u0130ran\u0131n h\u0259r s\u0259rni\u015fin \u00fc\u00e7\u00fcn t\u0259klif etdiyi kompensasiyan\u0131n m\u0259bl\u0259\u011fi azd\u0131r\u201d<br \/>\n  <\/i>\n<\/p>\n<p>\n  Ukrayna t\u0259sbit edib ki, \u0130ran ke\u00e7\u0259n ay Tehranda t\u0259yyar\u0259ni vurdu\u011fu an onun s\u0259rni\u015fini t\u0259yyar\u0259si olmas\u0131na dair m\u0259lumatl\u0131 olub, &#8211; \u201cTelegraph\u201d x\u0259b\u0259r verir.\n<\/p>\n<p>\n  \u0130ranl\u0131 hava n\u0259qliyyat\u0131 n\u0259zar\u0259t\u00e7isi il\u0259 iranl\u0131 pilot aras\u0131nda m\u0259lumat m\u00fcbadil\u0259sind\u0259n b\u0259lli olub ki, s\u0259lahiyy\u0259tlil\u0259r Ukrayna t\u0259yyar\u0259sinin raket z\u0259rb\u0259siyl\u0259 vurulmas\u0131n\u0131 an\u0131nda bilibl\u0259r.\n<\/p>\n<p>\n  Q\u0259za zaman\u0131 t\u0259yyar\u0259d\u0259 olan 176 n\u0259f\u0259r h\u0259lak olub. Ukrayna Beyn\u0259lxalq Hava Yollar\u0131na m\u0259xsus t\u0259yyar\u0259 yanvar\u0131n 8-d\u0259 havaya qalxd\u0131qdan az sonra vurulub. Tehran q\u0259za il\u0259 ba\u011fl\u0131 m\u0259suliyy\u0259ti \u00fc\u00e7 g\u00fcn sonra boynuna al\u0131b v\u0259 t\u0259yyar\u0259nin AB\u015e-\u0131n \u0130ran\u0131n hava q\u00fcvv\u0259l\u0259ri komandiri Qas\u0131m S\u00fcleymaninin \u00f6ld\u00fcr\u00fclm\u0259sind\u0259n sonra Tehranla g\u0259rginl\u0259\u015f\u0259n m\u00fcnasib\u0259tl\u0259r z\u0259minind\u0259 s\u0259hv\u0259n vuruldu\u011funu etiraf edib.\n<\/p>\n<p>\n  Ukraynan\u0131n \u0259ld\u0259 etdiyi bu m\u0259lumatdan sonra Tehran Kiyevl\u0259 \u0259lav\u0259 m\u0259lumat payla\u015fmayaca\u011f\u0131n\u0131 bildirib.\n<\/p>\n<p>\n  \u201cRadio F\u0259rda\u201dn\u0131n verdiyi x\u0259b\u0259r\u0259 \u0259sas\u0259n, Ukraynan\u0131n Prezidenti Vladimir Zelenski (Volodymyr Zelenskiy) televiziya \u00e7\u0131x\u0131\u015f\u0131 zaman\u0131 \u0130ran\u0131n h\u0259r qurban \u00fc\u00e7\u00fcn 80.000 dollar t\u0259klif etdiyini bildirib. Zelenski qeyd edib ki, Ukrayna bu t\u0259klifi \u201c\u00e7ox ki\u00e7ik\u201d oldu\u011fu \u00fc\u00e7\u00fcn q\u0259bul etm\u0259yib. Zelenski h\u0259m\u00e7inin bildirib ki, insan h\u0259yat\u0131 pulla \u00f6l\u00e7\u00fclm\u00fcr:\n<\/p>\n<p>\n  \u201cAncaq biz qurbanlar\u0131n ail\u0259l\u0259ri \u00fc\u00e7\u00fcn daha art\u0131q m\u0259bl\u0259\u011fd\u0259 kompensasiya t\u0259l\u0259b ed\u0259c\u0259yik\u201d.\n<\/p>\n<p>\n  Zelenski h\u0259m\u00e7inin deyib ki, Ukrayna t\u0259yyar\u0259y\u0259 aid m\u0259lumatlar\u0131 \u0259ld\u0259 etm\u0259yib. Onun s\u00f6zl\u0259rin\u0259 g\u00f6r\u0259, \u0130ran Ukrayna m\u00fct\u0259x\u0259ssisl\u0259rinin fevral ay\u0131n\u0131n 3-d\u0259 \u0130rana g\u0259lm\u0259sini v\u0259 qara qutunu t\u0259dqiq etm\u0259sini t\u0259klif edib.\n<\/p>\n<p>\n  \u201cQorxuram ki, iranl\u0131lar bizim m\u00fct\u0259x\u0259ssisl\u0259ri c\u0259lb ed\u0259nd\u0259n sonra desinl\u0259r ki, g\u0259lin indi qutular\u0131 yerind\u0259 de\u015fifr\u0259 ed\u0259k, daha sonra da desinl\u0259r ki, indi qara qutulara n\u0259 ehtiyac var ki?\u201d &#8211; Zelenskiy deyib.\n<\/p>\n<p>\n  \u201cXeyr, biz qutular\u0131 Ukraynaya g\u00f6t\u00fcrm\u0259k ist\u0259yirik\u201d, &#8211; o vur\u011fulay\u0131b.<\/p>\n","protected":false},"excerpt":{"rendered":"<p>Zelenski: \u201c\u0130ran\u0131n h\u0259r s\u0259rni\u015fin \u00fc\u00e7\u00fcn t\u0259klif etdiyi kompensasiyan\u0131n m\u0259bl\u0259\u011fi azd\u0131r\u201d<\/p>\n","protected":false},"author":11,"featured_media":134590,"comment_status":"closed","ping_status":"open","sticky":false,"template":"","format":"standard","meta":{"_acf_changed":false,"_sitemap_exclude":false,"_sitemap_priority":"","_sitemap_frequency":"","footnotes":""},"categories":[64],"tags":[],"class_list":["post-199078","post","type-post","status-publish","format-standard","has-post-thumbnail","hentry","category-dunya","infinite-scroll-item","generate-columns","tablet-grid-50","mobile-grid-100","grid-parent","grid-33","no-featured-image-padding"],"acf":[],"yoast_head":"<!-- This site is optimized with the Yoast SEO plugin v27.5 - https:\/\/yoast.com\/product\/yoast-seo-wordpress\/ -->\n<title>Ukrayna: \u0130ran s\u0259rni\u015fin t\u0259yyar\u0259sini vurdu\u011funu \u0259vv\u0259ld\u0259n bilib - MEYDAN.TV<\/title>\n<meta name=\"robots\" content=\"index, follow, max-snippet:-1, max-image-preview:large, max-video-preview:-1\" \/>\n<link rel=\"canonical\" href=\"https:\/\/www.meydan.tv\/az\/article\/ukrayna-iran-sernisin-teyyaresini-vurdugunu-evvelden-bilib\/\" \/>\n<meta property=\"og:locale\" content=\"az_AZ\" \/>\n<meta property=\"og:type\" content=\"article\" \/>\n<meta property=\"og:title\" content=\"Ukrayna: \u0130ran s\u0259rni\u015fin t\u0259yyar\u0259sini vurdu\u011funu \u0259vv\u0259ld\u0259n bilib - MEYDAN.TV\" \/>\n<meta property=\"og:description\" content=\"Zelenski: \u201c\u0130ran\u0131n h\u0259r s\u0259rni\u015fin \u00fc\u00e7\u00fcn t\u0259klif etdiyi kompensasiyan\u0131n m\u0259bl\u0259\u011fi azd\u0131r\u201d\" \/>\n<meta property=\"og:url\" content=\"https:\/\/www.meydan.tv\/az\/article\/ukrayna-iran-sernisin-teyyaresini-vurdugunu-evvelden-bilib\/\" \/>\n<meta property=\"og:site_name\" content=\"MEYDAN.TV\" \/>\n<meta property=\"article:published_time\" content=\"2020-02-03T20:12:57+00:00\" \/>\n<meta property=\"og:image\" content=\"https:\/\/www.meydan.tv\/wp-content\/uploads\/zel.jpg\" \/>\n\t<meta property=\"og:image:width\" content=\"960\" \/>\n\t<meta property=\"og:image:height\" content=\"639\" \/>\n\t<meta property=\"og:image:type\" content=\"image\/jpeg\" \/>\n<meta name=\"author\" content=\"user-manager\" \/>\n<meta name=\"twitter:card\" content=\"summary_large_image\" \/>\n<script type=\"application\/ld+json\" class=\"yoast-schema-graph\">{\"@context\":\"https:\\\/\\\/schema.org\",\"@graph\":[{\"@type\":\"Article\",\"@id\":\"https:\\\/\\\/www.meydan.tv\\\/az\\\/article\\\/ukrayna-iran-sernisin-teyyaresini-vurdugunu-evvelden-bilib\\\/#article\",\"isPartOf\":{\"@id\":\"https:\\\/\\\/www.meydan.tv\\\/az\\\/article\\\/ukrayna-iran-sernisin-teyyaresini-vurdugunu-evvelden-bilib\\\/\"},\"author\":{\"name\":\"user-manager\",\"@id\":\"https:\\\/\\\/www.meydan.tv\\\/az\\\/#\\\/schema\\\/person\\\/10d11eccf6da3662cf5fdab9806ea91a\"},\"headline\":\"Ukrayna: \u0130ran s\u0259rni\u015fin t\u0259yyar\u0259sini vurdu\u011funu \u0259vv\u0259ld\u0259n bilib\",\"datePublished\":\"2020-02-03T20:12:57+00:00\",\"mainEntityOfPage\":{\"@id\":\"https:\\\/\\\/www.meydan.tv\\\/az\\\/article\\\/ukrayna-iran-sernisin-teyyaresini-vurdugunu-evvelden-bilib\\\/\"},\"wordCount\":406,\"publisher\":{\"@id\":\"https:\\\/\\\/www.meydan.tv\\\/az\\\/#organization\"},\"image\":{\"@id\":\"https:\\\/\\\/www.meydan.tv\\\/az\\\/article\\\/ukrayna-iran-sernisin-teyyaresini-vurdugunu-evvelden-bilib\\\/#primaryimage\"},\"thumbnailUrl\":\"https:\\\/\\\/www.meydan.tv\\\/wp-content\\\/uploads\\\/zel.jpg\",\"articleSection\":[\"D\u00fcnya\"],\"inLanguage\":\"az\"},{\"@type\":\"WebPage\",\"@id\":\"https:\\\/\\\/www.meydan.tv\\\/az\\\/article\\\/ukrayna-iran-sernisin-teyyaresini-vurdugunu-evvelden-bilib\\\/\",\"url\":\"https:\\\/\\\/www.meydan.tv\\\/az\\\/article\\\/ukrayna-iran-sernisin-teyyaresini-vurdugunu-evvelden-bilib\\\/\",\"name\":\"Ukrayna: \u0130ran s\u0259rni\u015fin t\u0259yyar\u0259sini vurdu\u011funu \u0259vv\u0259ld\u0259n bilib - MEYDAN.TV\",\"isPartOf\":{\"@id\":\"https:\\\/\\\/www.meydan.tv\\\/az\\\/#website\"},\"primaryImageOfPage\":{\"@id\":\"https:\\\/\\\/www.meydan.tv\\\/az\\\/article\\\/ukrayna-iran-sernisin-teyyaresini-vurdugunu-evvelden-bilib\\\/#primaryimage\"},\"image\":{\"@id\":\"https:\\\/\\\/www.meydan.tv\\\/az\\\/article\\\/ukrayna-iran-sernisin-teyyaresini-vurdugunu-evvelden-bilib\\\/#primaryimage\"},\"thumbnailUrl\":\"https:\\\/\\\/www.meydan.tv\\\/wp-content\\\/uploads\\\/zel.jpg\",\"datePublished\":\"2020-02-03T20:12:57+00:00\",\"breadcrumb\":{\"@id\":\"https:\\\/\\\/www.meydan.tv\\\/az\\\/article\\\/ukrayna-iran-sernisin-teyyaresini-vurdugunu-evvelden-bilib\\\/#breadcrumb\"},\"inLanguage\":\"az\",\"potentialAction\":[{\"@type\":\"ReadAction\",\"target\":[\"https:\\\/\\\/www.meydan.tv\\\/az\\\/article\\\/ukrayna-iran-sernisin-teyyaresini-vurdugunu-evvelden-bilib\\\/\"]}]},{\"@type\":\"ImageObject\",\"inLanguage\":\"az\",\"@id\":\"https:\\\/\\\/www.meydan.tv\\\/az\\\/article\\\/ukrayna-iran-sernisin-teyyaresini-vurdugunu-evvelden-bilib\\\/#primaryimage\",\"url\":\"https:\\\/\\\/www.meydan.tv\\\/wp-content\\\/uploads\\\/zel.jpg\",\"contentUrl\":\"https:\\\/\\\/www.meydan.tv\\\/wp-content\\\/uploads\\\/zel.jpg\",\"width\":960,\"height\":639,\"caption\":\"Source: \u0410\u0433\u0435\u043d\u0442\u0441\u0442\u0432\u043e \u201c\u0426\u0435\u043d\u0437\u043e\u0440\u201d\"},{\"@type\":\"BreadcrumbList\",\"@id\":\"https:\\\/\\\/www.meydan.tv\\\/az\\\/article\\\/ukrayna-iran-sernisin-teyyaresini-vurdugunu-evvelden-bilib\\\/#breadcrumb\",\"itemListElement\":[{\"@type\":\"ListItem\",\"position\":1,\"name\":\"Ana s\u0259hif\u0259\",\"item\":\"https:\\\/\\\/www.meydan.tv\\\/az\\\/\"},{\"@type\":\"ListItem\",\"position\":2,\"name\":\"D\u00fcnya\",\"item\":\"https:\\\/\\\/www.meydan.tv\\\/az\\\/section\\\/dunya\\\/\"},{\"@type\":\"ListItem\",\"position\":3,\"name\":\"Ukrayna: \u0130ran s\u0259rni\u015fin t\u0259yyar\u0259sini vurdu\u011funu \u0259vv\u0259ld\u0259n bilib\"}]},{\"@type\":\"WebSite\",\"@id\":\"https:\\\/\\\/www.meydan.tv\\\/az\\\/#website\",\"url\":\"https:\\\/\\\/www.meydan.tv\\\/az\\\/\",\"name\":\"MEYDAN.TV\",\"description\":\"Meydan TV Az\u0259rbaycan\u0131n media m\u0259kan\u0131ndak\u0131 alternativ s\u0259sidir\",\"publisher\":{\"@id\":\"https:\\\/\\\/www.meydan.tv\\\/az\\\/#organization\"},\"potentialAction\":[{\"@type\":\"SearchAction\",\"target\":{\"@type\":\"EntryPoint\",\"urlTemplate\":\"https:\\\/\\\/www.meydan.tv\\\/az\\\/?s={search_term_string}\"},\"query-input\":{\"@type\":\"PropertyValueSpecification\",\"valueRequired\":true,\"valueName\":\"search_term_string\"}}],\"inLanguage\":\"az\"},{\"@type\":\"Organization\",\"@id\":\"https:\\\/\\\/www.meydan.tv\\\/az\\\/#organization\",\"name\":\"Meydan TV\",\"url\":\"https:\\\/\\\/www.meydan.tv\\\/az\\\/\",\"logo\":{\"@type\":\"ImageObject\",\"inLanguage\":\"az\",\"@id\":\"https:\\\/\\\/www.meydan.tv\\\/az\\\/#\\\/schema\\\/logo\\\/image\\\/\",\"url\":\"https:\\\/\\\/www.meydan.tv\\\/wp-content\\\/uploads\\\/2021\\\/07\\\/meydan-logo.svg\",\"contentUrl\":\"https:\\\/\\\/www.meydan.tv\\\/wp-content\\\/uploads\\\/2021\\\/07\\\/meydan-logo.svg\",\"width\":195,\"height\":46,\"caption\":\"Meydan TV\"},\"image\":{\"@id\":\"https:\\\/\\\/www.meydan.tv\\\/az\\\/#\\\/schema\\\/logo\\\/image\\\/\"}},{\"@type\":\"Person\",\"@id\":\"https:\\\/\\\/www.meydan.tv\\\/az\\\/#\\\/schema\\\/person\\\/10d11eccf6da3662cf5fdab9806ea91a\",\"name\":\"user-manager\"}]}<\/script>\n<!-- \/ Yoast SEO plugin. -->","yoast_head_json":{"title":"Ukrayna: \u0130ran s\u0259rni\u015fin t\u0259yyar\u0259sini vurdu\u011funu \u0259vv\u0259ld\u0259n bilib - MEYDAN.TV","robots":{"index":"index","follow":"follow","max-snippet":"max-snippet:-1","max-image-preview":"max-image-preview:large","max-video-preview":"max-video-preview:-1"},"canonical":"https:\/\/www.meydan.tv\/az\/article\/ukrayna-iran-sernisin-teyyaresini-vurdugunu-evvelden-bilib\/","og_locale":"az_AZ","og_type":"article","og_title":"Ukrayna: \u0130ran s\u0259rni\u015fin t\u0259yyar\u0259sini vurdu\u011funu \u0259vv\u0259ld\u0259n bilib - MEYDAN.TV","og_description":"Zelenski: \u201c\u0130ran\u0131n h\u0259r s\u0259rni\u015fin \u00fc\u00e7\u00fcn t\u0259klif etdiyi kompensasiyan\u0131n m\u0259bl\u0259\u011fi azd\u0131r\u201d","og_url":"https:\/\/www.meydan.tv\/az\/article\/ukrayna-iran-sernisin-teyyaresini-vurdugunu-evvelden-bilib\/","og_site_name":"MEYDAN.TV","article_published_time":"2020-02-03T20:12:57+00:00","og_image":[{"width":960,"height":639,"url":"https:\/\/www.meydan.tv\/wp-content\/uploads\/zel.jpg","type":"image\/jpeg"}],"author":"user-manager","twitter_card":"summary_large_image","schema":{"@context":"https:\/\/schema.org","@graph":[{"@type":"Article","@id":"https:\/\/www.meydan.tv\/az\/article\/ukrayna-iran-sernisin-teyyaresini-vurdugunu-evvelden-bilib\/#article","isPartOf":{"@id":"https:\/\/www.meydan.tv\/az\/article\/ukrayna-iran-sernisin-teyyaresini-vurdugunu-evvelden-bilib\/"},"author":{"name":"user-manager","@id":"https:\/\/www.meydan.tv\/az\/#\/schema\/person\/10d11eccf6da3662cf5fdab9806ea91a"},"headline":"Ukrayna: \u0130ran s\u0259rni\u015fin t\u0259yyar\u0259sini vurdu\u011funu \u0259vv\u0259ld\u0259n bilib","datePublished":"2020-02-03T20:12:57+00:00","mainEntityOfPage":{"@id":"https:\/\/www.meydan.tv\/az\/article\/ukrayna-iran-sernisin-teyyaresini-vurdugunu-evvelden-bilib\/"},"wordCount":406,"publisher":{"@id":"https:\/\/www.meydan.tv\/az\/#organization"},"image":{"@id":"https:\/\/www.meydan.tv\/az\/article\/ukrayna-iran-sernisin-teyyaresini-vurdugunu-evvelden-bilib\/#primaryimage"},"thumbnailUrl":"https:\/\/www.meydan.tv\/wp-content\/uploads\/zel.jpg","articleSection":["D\u00fcnya"],"inLanguage":"az"},{"@type":"WebPage","@id":"https:\/\/www.meydan.tv\/az\/article\/ukrayna-iran-sernisin-teyyaresini-vurdugunu-evvelden-bilib\/","url":"https:\/\/www.meydan.tv\/az\/article\/ukrayna-iran-sernisin-teyyaresini-vurdugunu-evvelden-bilib\/","name":"Ukrayna: \u0130ran s\u0259rni\u015fin t\u0259yyar\u0259sini vurdu\u011funu \u0259vv\u0259ld\u0259n bilib - MEYDAN.TV","isPartOf":{"@id":"https:\/\/www.meydan.tv\/az\/#website"},"primaryImageOfPage":{"@id":"https:\/\/www.meydan.tv\/az\/article\/ukrayna-iran-sernisin-teyyaresini-vurdugunu-evvelden-bilib\/#primaryimage"},"image":{"@id":"https:\/\/www.meydan.tv\/az\/article\/ukrayna-iran-sernisin-teyyaresini-vurdugunu-evvelden-bilib\/#primaryimage"},"thumbnailUrl":"https:\/\/www.meydan.tv\/wp-content\/uploads\/zel.jpg","datePublished":"2020-02-03T20:12:57+00:00","breadcrumb":{"@id":"https:\/\/www.meydan.tv\/az\/article\/ukrayna-iran-sernisin-teyyaresini-vurdugunu-evvelden-bilib\/#breadcrumb"},"inLanguage":"az","potentialAction":[{"@type":"ReadAction","target":["https:\/\/www.meydan.tv\/az\/article\/ukrayna-iran-sernisin-teyyaresini-vurdugunu-evvelden-bilib\/"]}]},{"@type":"ImageObject","inLanguage":"az","@id":"https:\/\/www.meydan.tv\/az\/article\/ukrayna-iran-sernisin-teyyaresini-vurdugunu-evvelden-bilib\/#primaryimage","url":"https:\/\/www.meydan.tv\/wp-content\/uploads\/zel.jpg","contentUrl":"https:\/\/www.meydan.tv\/wp-content\/uploads\/zel.jpg","width":960,"height":639,"caption":"Source: \u0410\u0433\u0435\u043d\u0442\u0441\u0442\u0432\u043e \u201c\u0426\u0435\u043d\u0437\u043e\u0440\u201d"},{"@type":"BreadcrumbList","@id":"https:\/\/www.meydan.tv\/az\/article\/ukrayna-iran-sernisin-teyyaresini-vurdugunu-evvelden-bilib\/#breadcrumb","itemListElement":[{"@type":"ListItem","position":1,"name":"Ana s\u0259hif\u0259","item":"https:\/\/www.meydan.tv\/az\/"},{"@type":"ListItem","position":2,"name":"D\u00fcnya","item":"https:\/\/www.meydan.tv\/az\/section\/dunya\/"},{"@type":"ListItem","position":3,"name":"Ukrayna: \u0130ran s\u0259rni\u015fin t\u0259yyar\u0259sini vurdu\u011funu \u0259vv\u0259ld\u0259n bilib"}]},{"@type":"WebSite","@id":"https:\/\/www.meydan.tv\/az\/#website","url":"https:\/\/www.meydan.tv\/az\/","name":"MEYDAN.TV","description":"Meydan TV Az\u0259rbaycan\u0131n media m\u0259kan\u0131ndak\u0131 alternativ s\u0259sidir","publisher":{"@id":"https:\/\/www.meydan.tv\/az\/#organization"},"potentialAction":[{"@type":"SearchAction","target":{"@type":"EntryPoint","urlTemplate":"https:\/\/www.meydan.tv\/az\/?s={search_term_string}"},"query-input":{"@type":"PropertyValueSpecification","valueRequired":true,"valueName":"search_term_string"}}],"inLanguage":"az"},{"@type":"Organization","@id":"https:\/\/www.meydan.tv\/az\/#organization","name":"Meydan TV","url":"https:\/\/www.meydan.tv\/az\/","logo":{"@type":"ImageObject","inLanguage":"az","@id":"https:\/\/www.meydan.tv\/az\/#\/schema\/logo\/image\/","url":"https:\/\/www.meydan.tv\/wp-content\/uploads\/2021\/07\/meydan-logo.svg","contentUrl":"https:\/\/www.meydan.tv\/wp-content\/uploads\/2021\/07\/meydan-logo.svg","width":195,"height":46,"caption":"Meydan TV"},"image":{"@id":"https:\/\/www.meydan.tv\/az\/#\/schema\/logo\/image\/"}},{"@type":"Person","@id":"https:\/\/www.meydan.tv\/az\/#\/schema\/person\/10d11eccf6da3662cf5fdab9806ea91a","name":"user-manager"}]}},"_links":{"self":[{"href":"https:\/\/www.meydan.tv\/az\/wp-json\/wp\/v2\/posts\/199078","targetHints":{"allow":["GET"]}}],"collection":[{"href":"https:\/\/www.meydan.tv\/az\/wp-json\/wp\/v2\/posts"}],"about":[{"href":"https:\/\/www.meydan.tv\/az\/wp-json\/wp\/v2\/types\/post"}],"author":[{"embeddable":true,"href":"https:\/\/www.meydan.tv\/az\/wp-json\/wp\/v2\/users\/11"}],"replies":[{"embeddable":true,"href":"https:\/\/www.meydan.tv\/az\/wp-json\/wp\/v2\/comments?post=199078"}],"version-history":[{"count":0,"href":"https:\/\/www.meydan.tv\/az\/wp-json\/wp\/v2\/posts\/199078\/revisions"}],"wp:featuredmedia":[{"embeddable":true,"href":"https:\/\/www.meydan.tv\/az\/wp-json\/wp\/v2\/media\/134590"}],"wp:attachment":[{"href":"https:\/\/www.meydan.tv\/az\/wp-json\/wp\/v2\/media?parent=199078"}],"wp:term":[{"taxonomy":"category","embeddable":true,"href":"https:\/\/www.meydan.tv\/az\/wp-json\/wp\/v2\/categories?post=199078"},{"taxonomy":"post_tag","embeddable":true,"href":"https:\/\/www.meydan.tv\/az\/wp-json\/wp\/v2\/tags?post=199078"}],"curies":[{"name":"wp","href":"https:\/\/api.w.org\/{rel}","templated":true}]}}