{"id":199077,"date":"2020-02-03T20:04:51","date_gmt":"2020-02-03T20:04:51","guid":{"rendered":"https:\/\/www.meydan.tv\/article\/koronavirusda-olenlerin-sayi-sars-dan-olenlerden-coxdur\/"},"modified":"2020-02-03T20:04:51","modified_gmt":"2020-02-03T20:04:51","slug":"koronavirusda-olenlerin-sayi-sars-dan-olenlerden-coxdur","status":"publish","type":"post","link":"https:\/\/www.meydan.tv\/az\/article\/koronavirusda-olenlerin-sayi-sars-dan-olenlerden-coxdur\/","title":{"rendered":"Koronavirusda \u00f6l\u0259nl\u0259rin say\u0131 SARS-dan \u00f6l\u0259nl\u0259rd\u0259n \u00e7oxdur"},"content":{"rendered":"<p>\n  <i><br \/>\n    \u00c7ind\u0259 475 sa\u011falma v\u0259 361 \u00f6l\u00fcm hadis\u0259si qeyd\u0259 al\u0131n\u0131b<br \/>\n  <\/i>\n<\/p>\n<p>\n  Yeni koronavirusdan \u00f6l\u0259nl\u0259rin say\u0131 2002 v\u0259 2003-c\u00fc ill\u0259rd\u0259 \u00c7ind\u0259 ba\u015f ver\u0259n a\u011f\u0131r k\u0259skin t\u0259n\u0259ff\u00fcs sindromundan (SARS) \u00f6l\u0259nl\u0259rin say\u0131ndan art\u0131qd\u0131r. \u201cThe New York Times\u201d x\u0259b\u0259r verir ki, son g\u00fcnl\u0259rd\u0259 \u00f6lk\u0259 daxilind\u0259 sa\u011falan insanlar\u0131n say\u0131 art\u0131b, bu yeni virusun \u00f6l\u00fcm nisb\u0259tinin nisb\u0259t\u0259n a\u015fa\u011f\u0131 oldu\u011funu g\u00f6st\u0259rir.\n<\/p>\n<p>\n  \u00c7inin S\u0259hiyy\u0259 Komissiyas\u0131 bazar g\u00fcn\u00fc bildirib ki, \u00f6lk\u0259d\u0259 475 sa\u011falma v\u0259 361 \u00f6l\u00fcm hadis\u0259si qeyd\u0259 al\u0131n\u0131b. SARS yay\u0131lmas\u0131 zaman\u0131 \u00c7ind\u0259 349 n\u0259f\u0259rin \u00f6ld\u00fcy\u00fc bildirilir.\n<\/p>\n<p>\n  Sa\u011flaml\u0131q m\u00fct\u0259x\u0259ssisl\u0259ri sa\u011falma say\u0131n\u0131n durmadan artmas\u0131ndan m\u0259mnun qald\u0131qlar\u0131n\u0131 deyibl\u0259r. Onlar edil\u0259n m\u00fcalic\u0259l\u0259rin t\u0259sirli oldu\u011funu v\u0259 virusun SARS kimi \u00f6l\u00fcmc\u00fcl olmad\u0131\u011f\u0131n\u0131 qeyd edibl\u0259r.\n<\/p>\n<p>\n  SARS-da \u00f6l\u00fcm nisb\u0259ti 9,6 faiz olub v\u0259 yeni koronavirus il\u0259 yoluxmu\u015f insanlar\u0131n indiy\u0259d\u0259k t\u0259xmin\u0259n 2 faizi \u00f6l\u00fcb.\n<\/p>\n<p>\n  \u00c7in ilk olaraq koronavirusun yay\u0131lma x\u0259b\u0259rini 31 dekabr tarixind\u0259 b\u0259yan edib. Pnevmaniya virusu \u00c7inin 10 milyondan art\u0131q \u0259halisi olan Hubey \u0259yal\u0259tinin Vuhan \u015f\u0259h\u0259rind\u0259 yaran\u0131b. Art\u0131q 12 g\u00fcnd\u00fcr ki, h\u0259m \u015f\u0259h\u0259r, h\u0259m d\u0259 Hubey \u0259yal\u0259ti karantin alt\u0131na al\u0131n\u0131b.\n<\/p>\n<p>\n  Veril\u0259n m\u0259lumatlara g\u00f6r\u0259, virusun episentri olan Hubeyd\u0259 80 x\u0259st\u0259 bazar g\u00fcn\u00fc sa\u011fal\u0131b. Bununla yana\u015f\u0131 56 n\u0259f\u0259r h\u0259yat\u0131n\u0131 itirib. \u015e\u0259nb\u0259 g\u00fcn\u00fc 49 x\u0259st\u0259 x\u0259st\u0259xanadan sa\u011flam ayr\u0131lsa da, 45 n\u0259f\u0259rin \u00f6ld\u00fcy\u00fc bildirilir.\n<\/p>\n<p>\n  H\u0259l\u0259 d\u0259 yeni koronavirusa yoluxanlar\u0131n say\u0131 artmaqdad\u0131r. Yoluxman\u0131n sonlanmas\u0131n\u0131n zaman alaca\u011f\u0131 bildirilir. Bazar g\u00fcn\u00fc d\u0259 daxil olmaqla 17,205 yoluxma hadis\u0259si qeyd\u0259 al\u0131n\u0131b. SARS yoluxmas\u0131 zaman\u0131 x\u0259st\u0259lik hal\u0131n\u0131n say\u0131 5,327 olub, D\u00fcnya S\u0259hiyy\u0259 T\u0259\u015fkilat\u0131 bildirib.<\/p>\n","protected":false},"excerpt":{"rendered":"<p>\u00c7ind\u0259 475 sa\u011falma v\u0259 361 \u00f6l\u00fcm hadis\u0259si qeyd\u0259 al\u0131n\u0131b<\/p>\n","protected":false},"author":11,"featured_media":136442,"comment_status":"closed","ping_status":"open","sticky":false,"template":"","format":"standard","meta":{"_acf_changed":false,"_sitemap_exclude":false,"_sitemap_priority":"","_sitemap_frequency":"","footnotes":""},"categories":[64],"tags":[],"class_list":["post-199077","post","type-post","status-publish","format-standard","has-post-thumbnail","hentry","category-dunya","infinite-scroll-item","generate-columns","tablet-grid-50","mobile-grid-100","grid-parent","grid-33","no-featured-image-padding"],"acf":[],"yoast_head":"<!-- This site is optimized with the Yoast SEO plugin v27.5 - https:\/\/yoast.com\/product\/yoast-seo-wordpress\/ -->\n<title>Koronavirusda \u00f6l\u0259nl\u0259rin say\u0131 SARS-dan \u00f6l\u0259nl\u0259rd\u0259n \u00e7oxdur - MEYDAN.TV<\/title>\n<meta name=\"robots\" content=\"index, follow, max-snippet:-1, max-image-preview:large, max-video-preview:-1\" \/>\n<link rel=\"canonical\" href=\"https:\/\/www.meydan.tv\/az\/article\/koronavirusda-olenlerin-sayi-sars-dan-olenlerden-coxdur\/\" \/>\n<meta property=\"og:locale\" content=\"az_AZ\" \/>\n<meta property=\"og:type\" content=\"article\" \/>\n<meta property=\"og:title\" content=\"Koronavirusda \u00f6l\u0259nl\u0259rin say\u0131 SARS-dan \u00f6l\u0259nl\u0259rd\u0259n \u00e7oxdur - MEYDAN.TV\" \/>\n<meta property=\"og:description\" content=\"\u00c7ind\u0259 475 sa\u011falma v\u0259 361 \u00f6l\u00fcm hadis\u0259si qeyd\u0259 al\u0131n\u0131b\" \/>\n<meta property=\"og:url\" content=\"https:\/\/www.meydan.tv\/az\/article\/koronavirusda-olenlerin-sayi-sars-dan-olenlerden-coxdur\/\" \/>\n<meta property=\"og:site_name\" content=\"MEYDAN.TV\" \/>\n<meta property=\"article:published_time\" content=\"2020-02-03T20:04:51+00:00\" \/>\n<meta property=\"og:image\" content=\"https:\/\/www.meydan.tv\/wp-content\/uploads\/808x539_cmsv2_7c6a71c5-d7e0-5209-bb57-e94f0e91c402-4465124.jpg\" \/>\n\t<meta property=\"og:image:width\" content=\"808\" \/>\n\t<meta property=\"og:image:height\" content=\"539\" \/>\n\t<meta property=\"og:image:type\" content=\"image\/jpeg\" \/>\n<meta name=\"author\" content=\"user-manager\" \/>\n<meta name=\"twitter:card\" content=\"summary_large_image\" \/>\n<script type=\"application\/ld+json\" class=\"yoast-schema-graph\">{\"@context\":\"https:\\\/\\\/schema.org\",\"@graph\":[{\"@type\":\"Article\",\"@id\":\"https:\\\/\\\/www.meydan.tv\\\/az\\\/article\\\/koronavirusda-olenlerin-sayi-sars-dan-olenlerden-coxdur\\\/#article\",\"isPartOf\":{\"@id\":\"https:\\\/\\\/www.meydan.tv\\\/az\\\/article\\\/koronavirusda-olenlerin-sayi-sars-dan-olenlerden-coxdur\\\/\"},\"author\":{\"name\":\"user-manager\",\"@id\":\"https:\\\/\\\/www.meydan.tv\\\/az\\\/#\\\/schema\\\/person\\\/10d11eccf6da3662cf5fdab9806ea91a\"},\"headline\":\"Koronavirusda \u00f6l\u0259nl\u0259rin say\u0131 SARS-dan \u00f6l\u0259nl\u0259rd\u0259n \u00e7oxdur\",\"datePublished\":\"2020-02-03T20:04:51+00:00\",\"mainEntityOfPage\":{\"@id\":\"https:\\\/\\\/www.meydan.tv\\\/az\\\/article\\\/koronavirusda-olenlerin-sayi-sars-dan-olenlerden-coxdur\\\/\"},\"wordCount\":343,\"publisher\":{\"@id\":\"https:\\\/\\\/www.meydan.tv\\\/az\\\/#organization\"},\"image\":{\"@id\":\"https:\\\/\\\/www.meydan.tv\\\/az\\\/article\\\/koronavirusda-olenlerin-sayi-sars-dan-olenlerden-coxdur\\\/#primaryimage\"},\"thumbnailUrl\":\"https:\\\/\\\/www.meydan.tv\\\/wp-content\\\/uploads\\\/808x539_cmsv2_7c6a71c5-d7e0-5209-bb57-e94f0e91c402-4465124.jpg\",\"articleSection\":[\"D\u00fcnya\"],\"inLanguage\":\"az\"},{\"@type\":\"WebPage\",\"@id\":\"https:\\\/\\\/www.meydan.tv\\\/az\\\/article\\\/koronavirusda-olenlerin-sayi-sars-dan-olenlerden-coxdur\\\/\",\"url\":\"https:\\\/\\\/www.meydan.tv\\\/az\\\/article\\\/koronavirusda-olenlerin-sayi-sars-dan-olenlerden-coxdur\\\/\",\"name\":\"Koronavirusda \u00f6l\u0259nl\u0259rin say\u0131 SARS-dan \u00f6l\u0259nl\u0259rd\u0259n \u00e7oxdur - MEYDAN.TV\",\"isPartOf\":{\"@id\":\"https:\\\/\\\/www.meydan.tv\\\/az\\\/#website\"},\"primaryImageOfPage\":{\"@id\":\"https:\\\/\\\/www.meydan.tv\\\/az\\\/article\\\/koronavirusda-olenlerin-sayi-sars-dan-olenlerden-coxdur\\\/#primaryimage\"},\"image\":{\"@id\":\"https:\\\/\\\/www.meydan.tv\\\/az\\\/article\\\/koronavirusda-olenlerin-sayi-sars-dan-olenlerden-coxdur\\\/#primaryimage\"},\"thumbnailUrl\":\"https:\\\/\\\/www.meydan.tv\\\/wp-content\\\/uploads\\\/808x539_cmsv2_7c6a71c5-d7e0-5209-bb57-e94f0e91c402-4465124.jpg\",\"datePublished\":\"2020-02-03T20:04:51+00:00\",\"breadcrumb\":{\"@id\":\"https:\\\/\\\/www.meydan.tv\\\/az\\\/article\\\/koronavirusda-olenlerin-sayi-sars-dan-olenlerden-coxdur\\\/#breadcrumb\"},\"inLanguage\":\"az\",\"potentialAction\":[{\"@type\":\"ReadAction\",\"target\":[\"https:\\\/\\\/www.meydan.tv\\\/az\\\/article\\\/koronavirusda-olenlerin-sayi-sars-dan-olenlerden-coxdur\\\/\"]}]},{\"@type\":\"ImageObject\",\"inLanguage\":\"az\",\"@id\":\"https:\\\/\\\/www.meydan.tv\\\/az\\\/article\\\/koronavirusda-olenlerin-sayi-sars-dan-olenlerden-coxdur\\\/#primaryimage\",\"url\":\"https:\\\/\\\/www.meydan.tv\\\/wp-content\\\/uploads\\\/808x539_cmsv2_7c6a71c5-d7e0-5209-bb57-e94f0e91c402-4465124.jpg\",\"contentUrl\":\"https:\\\/\\\/www.meydan.tv\\\/wp-content\\\/uploads\\\/808x539_cmsv2_7c6a71c5-d7e0-5209-bb57-e94f0e91c402-4465124.jpg\",\"width\":808,\"height\":539,\"caption\":\"Source: Foto: https:\\\/\\\/ru.euronews.com\\\/\"},{\"@type\":\"BreadcrumbList\",\"@id\":\"https:\\\/\\\/www.meydan.tv\\\/az\\\/article\\\/koronavirusda-olenlerin-sayi-sars-dan-olenlerden-coxdur\\\/#breadcrumb\",\"itemListElement\":[{\"@type\":\"ListItem\",\"position\":1,\"name\":\"Ana s\u0259hif\u0259\",\"item\":\"https:\\\/\\\/www.meydan.tv\\\/az\\\/\"},{\"@type\":\"ListItem\",\"position\":2,\"name\":\"D\u00fcnya\",\"item\":\"https:\\\/\\\/www.meydan.tv\\\/az\\\/section\\\/dunya\\\/\"},{\"@type\":\"ListItem\",\"position\":3,\"name\":\"Koronavirusda \u00f6l\u0259nl\u0259rin say\u0131 SARS-dan \u00f6l\u0259nl\u0259rd\u0259n \u00e7oxdur\"}]},{\"@type\":\"WebSite\",\"@id\":\"https:\\\/\\\/www.meydan.tv\\\/az\\\/#website\",\"url\":\"https:\\\/\\\/www.meydan.tv\\\/az\\\/\",\"name\":\"MEYDAN.TV\",\"description\":\"Meydan TV Az\u0259rbaycan\u0131n media m\u0259kan\u0131ndak\u0131 alternativ s\u0259sidir\",\"publisher\":{\"@id\":\"https:\\\/\\\/www.meydan.tv\\\/az\\\/#organization\"},\"potentialAction\":[{\"@type\":\"SearchAction\",\"target\":{\"@type\":\"EntryPoint\",\"urlTemplate\":\"https:\\\/\\\/www.meydan.tv\\\/az\\\/?s={search_term_string}\"},\"query-input\":{\"@type\":\"PropertyValueSpecification\",\"valueRequired\":true,\"valueName\":\"search_term_string\"}}],\"inLanguage\":\"az\"},{\"@type\":\"Organization\",\"@id\":\"https:\\\/\\\/www.meydan.tv\\\/az\\\/#organization\",\"name\":\"Meydan TV\",\"url\":\"https:\\\/\\\/www.meydan.tv\\\/az\\\/\",\"logo\":{\"@type\":\"ImageObject\",\"inLanguage\":\"az\",\"@id\":\"https:\\\/\\\/www.meydan.tv\\\/az\\\/#\\\/schema\\\/logo\\\/image\\\/\",\"url\":\"https:\\\/\\\/www.meydan.tv\\\/wp-content\\\/uploads\\\/2021\\\/07\\\/meydan-logo.svg\",\"contentUrl\":\"https:\\\/\\\/www.meydan.tv\\\/wp-content\\\/uploads\\\/2021\\\/07\\\/meydan-logo.svg\",\"width\":195,\"height\":46,\"caption\":\"Meydan TV\"},\"image\":{\"@id\":\"https:\\\/\\\/www.meydan.tv\\\/az\\\/#\\\/schema\\\/logo\\\/image\\\/\"}},{\"@type\":\"Person\",\"@id\":\"https:\\\/\\\/www.meydan.tv\\\/az\\\/#\\\/schema\\\/person\\\/10d11eccf6da3662cf5fdab9806ea91a\",\"name\":\"user-manager\"}]}<\/script>\n<!-- \/ Yoast SEO plugin. -->","yoast_head_json":{"title":"Koronavirusda \u00f6l\u0259nl\u0259rin say\u0131 SARS-dan \u00f6l\u0259nl\u0259rd\u0259n \u00e7oxdur - MEYDAN.TV","robots":{"index":"index","follow":"follow","max-snippet":"max-snippet:-1","max-image-preview":"max-image-preview:large","max-video-preview":"max-video-preview:-1"},"canonical":"https:\/\/www.meydan.tv\/az\/article\/koronavirusda-olenlerin-sayi-sars-dan-olenlerden-coxdur\/","og_locale":"az_AZ","og_type":"article","og_title":"Koronavirusda \u00f6l\u0259nl\u0259rin say\u0131 SARS-dan \u00f6l\u0259nl\u0259rd\u0259n \u00e7oxdur - MEYDAN.TV","og_description":"\u00c7ind\u0259 475 sa\u011falma v\u0259 361 \u00f6l\u00fcm hadis\u0259si qeyd\u0259 al\u0131n\u0131b","og_url":"https:\/\/www.meydan.tv\/az\/article\/koronavirusda-olenlerin-sayi-sars-dan-olenlerden-coxdur\/","og_site_name":"MEYDAN.TV","article_published_time":"2020-02-03T20:04:51+00:00","og_image":[{"width":808,"height":539,"url":"https:\/\/www.meydan.tv\/wp-content\/uploads\/808x539_cmsv2_7c6a71c5-d7e0-5209-bb57-e94f0e91c402-4465124.jpg","type":"image\/jpeg"}],"author":"user-manager","twitter_card":"summary_large_image","schema":{"@context":"https:\/\/schema.org","@graph":[{"@type":"Article","@id":"https:\/\/www.meydan.tv\/az\/article\/koronavirusda-olenlerin-sayi-sars-dan-olenlerden-coxdur\/#article","isPartOf":{"@id":"https:\/\/www.meydan.tv\/az\/article\/koronavirusda-olenlerin-sayi-sars-dan-olenlerden-coxdur\/"},"author":{"name":"user-manager","@id":"https:\/\/www.meydan.tv\/az\/#\/schema\/person\/10d11eccf6da3662cf5fdab9806ea91a"},"headline":"Koronavirusda \u00f6l\u0259nl\u0259rin say\u0131 SARS-dan \u00f6l\u0259nl\u0259rd\u0259n \u00e7oxdur","datePublished":"2020-02-03T20:04:51+00:00","mainEntityOfPage":{"@id":"https:\/\/www.meydan.tv\/az\/article\/koronavirusda-olenlerin-sayi-sars-dan-olenlerden-coxdur\/"},"wordCount":343,"publisher":{"@id":"https:\/\/www.meydan.tv\/az\/#organization"},"image":{"@id":"https:\/\/www.meydan.tv\/az\/article\/koronavirusda-olenlerin-sayi-sars-dan-olenlerden-coxdur\/#primaryimage"},"thumbnailUrl":"https:\/\/www.meydan.tv\/wp-content\/uploads\/808x539_cmsv2_7c6a71c5-d7e0-5209-bb57-e94f0e91c402-4465124.jpg","articleSection":["D\u00fcnya"],"inLanguage":"az"},{"@type":"WebPage","@id":"https:\/\/www.meydan.tv\/az\/article\/koronavirusda-olenlerin-sayi-sars-dan-olenlerden-coxdur\/","url":"https:\/\/www.meydan.tv\/az\/article\/koronavirusda-olenlerin-sayi-sars-dan-olenlerden-coxdur\/","name":"Koronavirusda \u00f6l\u0259nl\u0259rin say\u0131 SARS-dan \u00f6l\u0259nl\u0259rd\u0259n \u00e7oxdur - MEYDAN.TV","isPartOf":{"@id":"https:\/\/www.meydan.tv\/az\/#website"},"primaryImageOfPage":{"@id":"https:\/\/www.meydan.tv\/az\/article\/koronavirusda-olenlerin-sayi-sars-dan-olenlerden-coxdur\/#primaryimage"},"image":{"@id":"https:\/\/www.meydan.tv\/az\/article\/koronavirusda-olenlerin-sayi-sars-dan-olenlerden-coxdur\/#primaryimage"},"thumbnailUrl":"https:\/\/www.meydan.tv\/wp-content\/uploads\/808x539_cmsv2_7c6a71c5-d7e0-5209-bb57-e94f0e91c402-4465124.jpg","datePublished":"2020-02-03T20:04:51+00:00","breadcrumb":{"@id":"https:\/\/www.meydan.tv\/az\/article\/koronavirusda-olenlerin-sayi-sars-dan-olenlerden-coxdur\/#breadcrumb"},"inLanguage":"az","potentialAction":[{"@type":"ReadAction","target":["https:\/\/www.meydan.tv\/az\/article\/koronavirusda-olenlerin-sayi-sars-dan-olenlerden-coxdur\/"]}]},{"@type":"ImageObject","inLanguage":"az","@id":"https:\/\/www.meydan.tv\/az\/article\/koronavirusda-olenlerin-sayi-sars-dan-olenlerden-coxdur\/#primaryimage","url":"https:\/\/www.meydan.tv\/wp-content\/uploads\/808x539_cmsv2_7c6a71c5-d7e0-5209-bb57-e94f0e91c402-4465124.jpg","contentUrl":"https:\/\/www.meydan.tv\/wp-content\/uploads\/808x539_cmsv2_7c6a71c5-d7e0-5209-bb57-e94f0e91c402-4465124.jpg","width":808,"height":539,"caption":"Source: Foto: https:\/\/ru.euronews.com\/"},{"@type":"BreadcrumbList","@id":"https:\/\/www.meydan.tv\/az\/article\/koronavirusda-olenlerin-sayi-sars-dan-olenlerden-coxdur\/#breadcrumb","itemListElement":[{"@type":"ListItem","position":1,"name":"Ana s\u0259hif\u0259","item":"https:\/\/www.meydan.tv\/az\/"},{"@type":"ListItem","position":2,"name":"D\u00fcnya","item":"https:\/\/www.meydan.tv\/az\/section\/dunya\/"},{"@type":"ListItem","position":3,"name":"Koronavirusda \u00f6l\u0259nl\u0259rin say\u0131 SARS-dan \u00f6l\u0259nl\u0259rd\u0259n \u00e7oxdur"}]},{"@type":"WebSite","@id":"https:\/\/www.meydan.tv\/az\/#website","url":"https:\/\/www.meydan.tv\/az\/","name":"MEYDAN.TV","description":"Meydan TV Az\u0259rbaycan\u0131n media m\u0259kan\u0131ndak\u0131 alternativ s\u0259sidir","publisher":{"@id":"https:\/\/www.meydan.tv\/az\/#organization"},"potentialAction":[{"@type":"SearchAction","target":{"@type":"EntryPoint","urlTemplate":"https:\/\/www.meydan.tv\/az\/?s={search_term_string}"},"query-input":{"@type":"PropertyValueSpecification","valueRequired":true,"valueName":"search_term_string"}}],"inLanguage":"az"},{"@type":"Organization","@id":"https:\/\/www.meydan.tv\/az\/#organization","name":"Meydan TV","url":"https:\/\/www.meydan.tv\/az\/","logo":{"@type":"ImageObject","inLanguage":"az","@id":"https:\/\/www.meydan.tv\/az\/#\/schema\/logo\/image\/","url":"https:\/\/www.meydan.tv\/wp-content\/uploads\/2021\/07\/meydan-logo.svg","contentUrl":"https:\/\/www.meydan.tv\/wp-content\/uploads\/2021\/07\/meydan-logo.svg","width":195,"height":46,"caption":"Meydan TV"},"image":{"@id":"https:\/\/www.meydan.tv\/az\/#\/schema\/logo\/image\/"}},{"@type":"Person","@id":"https:\/\/www.meydan.tv\/az\/#\/schema\/person\/10d11eccf6da3662cf5fdab9806ea91a","name":"user-manager"}]}},"_links":{"self":[{"href":"https:\/\/www.meydan.tv\/az\/wp-json\/wp\/v2\/posts\/199077","targetHints":{"allow":["GET"]}}],"collection":[{"href":"https:\/\/www.meydan.tv\/az\/wp-json\/wp\/v2\/posts"}],"about":[{"href":"https:\/\/www.meydan.tv\/az\/wp-json\/wp\/v2\/types\/post"}],"author":[{"embeddable":true,"href":"https:\/\/www.meydan.tv\/az\/wp-json\/wp\/v2\/users\/11"}],"replies":[{"embeddable":true,"href":"https:\/\/www.meydan.tv\/az\/wp-json\/wp\/v2\/comments?post=199077"}],"version-history":[{"count":0,"href":"https:\/\/www.meydan.tv\/az\/wp-json\/wp\/v2\/posts\/199077\/revisions"}],"wp:featuredmedia":[{"embeddable":true,"href":"https:\/\/www.meydan.tv\/az\/wp-json\/wp\/v2\/media\/136442"}],"wp:attachment":[{"href":"https:\/\/www.meydan.tv\/az\/wp-json\/wp\/v2\/media?parent=199077"}],"wp:term":[{"taxonomy":"category","embeddable":true,"href":"https:\/\/www.meydan.tv\/az\/wp-json\/wp\/v2\/categories?post=199077"},{"taxonomy":"post_tag","embeddable":true,"href":"https:\/\/www.meydan.tv\/az\/wp-json\/wp\/v2\/tags?post=199077"}],"curies":[{"name":"wp","href":"https:\/\/api.w.org\/{rel}","templated":true}]}}