{"id":199073,"date":"2020-02-03T17:29:17","date_gmt":"2020-02-03T17:29:17","guid":{"rendered":"https:\/\/www.meydan.tv\/article\/kreml-putin-erdogan-danisiqlarinin-mumkunluyunu-vurgulayib\/"},"modified":"2020-02-03T17:29:17","modified_gmt":"2020-02-03T17:29:17","slug":"kreml-putin-erdogan-danisiqlarinin-mumkunluyunu-vurgulayib","status":"publish","type":"post","link":"https:\/\/www.meydan.tv\/az\/article\/kreml-putin-erdogan-danisiqlarinin-mumkunluyunu-vurgulayib\/","title":{"rendered":"Kreml Putin-\u018frdo\u011fan dan\u0131\u015f\u0131qlar\u0131n\u0131n m\u00fcmk\u00fcnl\u00fcy\u00fcn\u00fc vur\u011fulay\u0131b"},"content":{"rendered":"<p>\n  <i><br \/>\n    \u201cRusiya \u0130dlibd\u0259ki terror qruplar\u0131n f\u0259aliyy\u0259tind\u0259n narahatd\u0131r\u201d<br \/>\n  <\/i>\n<\/p>\n<p>\n  Prezident Vladimir Putin v\u0259 T\u00fcrkiy\u0259 Prezidenti R\u0259c\u0259b Tayyib \u018frdo\u011fan aras\u0131nda laz\u0131m olarsa dan\u0131\u015f\u0131qlar apar\u0131la bil\u0259r. RFE\/RL Kremliy\u0259 istinad\u0259n yaz\u0131b.\n<\/p>\n<p>\n  Bildirilir ki, T\u00fcrkiy\u0259 q\u00fcvv\u0259l\u0259ri Rusiya t\u0259r\u0259find\u0259n d\u0259st\u0259kl\u0259n\u0259n onlarla Suriya h\u00f6kum\u0259t q\u00fcvv\u0259l\u0259rini \u00f6ld\u00fcr\u00fcb.\n<\/p>\n<p>\n  Kremlin s\u00f6zc\u00fcs\u00fc Dmitri Peskov fevral\u0131n 3-d\u0259 \u018frdo\u011fan \u0130stanbulda jurnalistl\u0259r\u0259 verdiyi a\u00e7\u0131qlamadan saatlar sonra \u00e7\u0131x\u0131\u015f edib v\u0259 bildirib ki, Moskva b\u00f6lg\u0259d\u0259ki duruma daxil olmamal\u0131d\u0131r. T\u00fcrkiy\u0259 q\u00fcvv\u0259l\u0259ri Suriya qo\u015funlar\u0131na at\u0259\u015f a\u00e7ark\u0259n sonuncu da \u00fcsyan\u00e7\u0131lar\u0131 onlar\u0131n son qalas\u0131 hesab edil\u0259n \u0130dlibd\u0259 at\u0259\u015f\u0259 tutub.\n<\/p>\n<p>\n  T\u00fcrkiy\u0259 Prezidenti deyib ki, ilkin hesabatlara g\u00f6r\u0259 30-35 suriyal\u0131 \u201cz\u0259r\u0259rsizl\u0259\u015fdirilib\u201d. Son m\u0259lumata g\u00f6r\u0259, qar\u015f\u0131durma zaman\u0131 6 T\u00fcrkiy\u0259 \u0259sg\u0259ri h\u0259lak olub.\n<\/p>\n<p>\n  \u201cH\u0259l\u0259 ki, y\u00fcks\u0259k s\u0259viyy\u0259li dan\u0131\u015f\u0131qlar olmay\u0131b, amma \u015f\u00fcbh\u0259 olmamal\u0131d\u0131r ki, prezidentl\u0259r z\u0259ruri hesab ed\u0259rs\u0259, bu c\u00fcr dan\u0131\u015f\u0131qlar \u00e7ox tez raz\u0131la\u015fd\u0131r\u0131la bil\u0259r\u201d, &#8211; Peskov deyib v\u0259 \u0259lav\u0259 edib ki, Rusiya \u0130dlibd\u0259ki terror qruplar\u0131n f\u0259aliyy\u0259tind\u0259n narahatd\u0131r.\n<\/p>\n<p>\n  Suriyadak\u0131 qar\u015f\u0131durmada qar\u015f\u0131 t\u0259r\u0259fl\u0259ri d\u0259st\u0259kl\u0259y\u0259n T\u00fcrkiy\u0259 v\u0259 Rusiya \u0130dlibd\u0259ki d\u00f6y\u00fc\u015fl\u0259rin de-eskalasiyas\u0131n\u0131 t\u0259\u015fkil etm\u0259k v\u0259 silahs\u0131z b\u00f6lg\u0259 yaratmaq \u00fc\u00e7\u00fcn birg\u0259 i\u015fl\u0259m\u0259y\u0259 raz\u0131 olublar.\n<\/p>\n<p>\n  Bundan \u0259vv\u0259l yanvar ay\u0131nda \u018frdo\u011fan T\u00fcrkiy\u0259nin \u0130dlibd\u0259ki h\u0259rbi h\u00fccumlardan dolay\u0131 s\u0259brini itirdiyini demi\u015fdi v\u0259 Rusiyan\u0131 b\u00f6lg\u0259d\u0259 zorak\u0131l\u0131\u011f\u0131 dayand\u0131rma\u011fa y\u00f6n\u0259lmi\u015f sazi\u015fl\u0259r\u0259 \u201ch\u00f6rm\u0259t etm\u0259m\u0259kd\u0259\u201d ittiham etmi\u015fdi.\n<\/p>\n<p>\n  Rusiya h\u00f6kum\u0259ti bildirib ki, Ankara Moskvan\u0131 h\u00fccum haqq\u0131nda \u0259vv\u0259lc\u0259d\u0259n x\u0259b\u0259rdar etm\u0259yib. \u018frdo\u011fan\u0131n \u018fdal\u0259t v\u0259 \u0130nki\u015faf Partiyas\u0131 Prezidentin Ukraynaya r\u0259smi s\u0259f\u0259ri ba\u015flamazdan \u0259vv\u0259l bu fikri r\u0259dd edib.\n<\/p>\n<p>\n  \u201cM\u0259n x\u00fcsusil\u0259 Rusiya hakimiyy\u0259tin\u0259 dem\u0259k ist\u0259yir\u0259m ki, burada h\u0259ms\u00f6hb\u0259timiz siz yox, Suriya rejimidir v\u0259 bizim yolumuzda durmay\u0131n\u201d,- \u018frdo\u011fan yola d\u00fc\u015fm\u0259zd\u0259n \u0259vv\u0259l jurnalistl\u0259r\u0259 deyib.<\/p>\n","protected":false},"excerpt":{"rendered":"<p>\u201cRusiya \u0130dlibd\u0259ki terror qruplar\u0131n f\u0259aliyy\u0259tind\u0259n narahatd\u0131r\u201d<\/p>\n","protected":false},"author":11,"featured_media":61879,"comment_status":"closed","ping_status":"open","sticky":false,"template":"","format":"standard","meta":{"_acf_changed":false,"_sitemap_exclude":false,"_sitemap_priority":"","_sitemap_frequency":"","footnotes":""},"categories":[64],"tags":[],"class_list":["post-199073","post","type-post","status-publish","format-standard","has-post-thumbnail","hentry","category-dunya","infinite-scroll-item","generate-columns","tablet-grid-50","mobile-grid-100","grid-parent","grid-33","no-featured-image-padding"],"acf":[],"yoast_head":"<!-- This site is optimized with the Yoast SEO plugin v27.5 - https:\/\/yoast.com\/product\/yoast-seo-wordpress\/ -->\n<title>Kreml Putin-\u018frdo\u011fan dan\u0131\u015f\u0131qlar\u0131n\u0131n m\u00fcmk\u00fcnl\u00fcy\u00fcn\u00fc vur\u011fulay\u0131b - MEYDAN.TV<\/title>\n<meta name=\"robots\" content=\"index, follow, max-snippet:-1, max-image-preview:large, max-video-preview:-1\" \/>\n<link rel=\"canonical\" href=\"https:\/\/www.meydan.tv\/az\/article\/kreml-putin-erdogan-danisiqlarinin-mumkunluyunu-vurgulayib\/\" \/>\n<meta property=\"og:locale\" content=\"az_AZ\" \/>\n<meta property=\"og:type\" content=\"article\" \/>\n<meta property=\"og:title\" content=\"Kreml Putin-\u018frdo\u011fan dan\u0131\u015f\u0131qlar\u0131n\u0131n m\u00fcmk\u00fcnl\u00fcy\u00fcn\u00fc vur\u011fulay\u0131b - MEYDAN.TV\" \/>\n<meta property=\"og:description\" content=\"\u201cRusiya \u0130dlibd\u0259ki terror qruplar\u0131n f\u0259aliyy\u0259tind\u0259n narahatd\u0131r\u201d\" \/>\n<meta property=\"og:url\" content=\"https:\/\/www.meydan.tv\/az\/article\/kreml-putin-erdogan-danisiqlarinin-mumkunluyunu-vurgulayib\/\" \/>\n<meta property=\"og:site_name\" content=\"MEYDAN.TV\" \/>\n<meta property=\"article:published_time\" content=\"2020-02-03T17:29:17+00:00\" \/>\n<meta property=\"og:image\" content=\"https:\/\/www.meydan.tv\/wp-content\/uploads\/23539.jpg\" \/>\n\t<meta property=\"og:image:width\" content=\"768\" \/>\n\t<meta property=\"og:image:height\" content=\"372\" \/>\n\t<meta property=\"og:image:type\" content=\"image\/jpeg\" \/>\n<meta name=\"author\" content=\"user-manager\" \/>\n<meta name=\"twitter:card\" content=\"summary_large_image\" \/>\n<script type=\"application\/ld+json\" class=\"yoast-schema-graph\">{\"@context\":\"https:\\\/\\\/schema.org\",\"@graph\":[{\"@type\":\"Article\",\"@id\":\"https:\\\/\\\/www.meydan.tv\\\/az\\\/article\\\/kreml-putin-erdogan-danisiqlarinin-mumkunluyunu-vurgulayib\\\/#article\",\"isPartOf\":{\"@id\":\"https:\\\/\\\/www.meydan.tv\\\/az\\\/article\\\/kreml-putin-erdogan-danisiqlarinin-mumkunluyunu-vurgulayib\\\/\"},\"author\":{\"name\":\"user-manager\",\"@id\":\"https:\\\/\\\/www.meydan.tv\\\/az\\\/#\\\/schema\\\/person\\\/10d11eccf6da3662cf5fdab9806ea91a\"},\"headline\":\"Kreml Putin-\u018frdo\u011fan dan\u0131\u015f\u0131qlar\u0131n\u0131n m\u00fcmk\u00fcnl\u00fcy\u00fcn\u00fc vur\u011fulay\u0131b\",\"datePublished\":\"2020-02-03T17:29:17+00:00\",\"mainEntityOfPage\":{\"@id\":\"https:\\\/\\\/www.meydan.tv\\\/az\\\/article\\\/kreml-putin-erdogan-danisiqlarinin-mumkunluyunu-vurgulayib\\\/\"},\"wordCount\":417,\"publisher\":{\"@id\":\"https:\\\/\\\/www.meydan.tv\\\/az\\\/#organization\"},\"image\":{\"@id\":\"https:\\\/\\\/www.meydan.tv\\\/az\\\/article\\\/kreml-putin-erdogan-danisiqlarinin-mumkunluyunu-vurgulayib\\\/#primaryimage\"},\"thumbnailUrl\":\"https:\\\/\\\/www.meydan.tv\\\/wp-content\\\/uploads\\\/23539.jpg\",\"articleSection\":[\"D\u00fcnya\"],\"inLanguage\":\"az\"},{\"@type\":\"WebPage\",\"@id\":\"https:\\\/\\\/www.meydan.tv\\\/az\\\/article\\\/kreml-putin-erdogan-danisiqlarinin-mumkunluyunu-vurgulayib\\\/\",\"url\":\"https:\\\/\\\/www.meydan.tv\\\/az\\\/article\\\/kreml-putin-erdogan-danisiqlarinin-mumkunluyunu-vurgulayib\\\/\",\"name\":\"Kreml Putin-\u018frdo\u011fan dan\u0131\u015f\u0131qlar\u0131n\u0131n m\u00fcmk\u00fcnl\u00fcy\u00fcn\u00fc vur\u011fulay\u0131b - MEYDAN.TV\",\"isPartOf\":{\"@id\":\"https:\\\/\\\/www.meydan.tv\\\/az\\\/#website\"},\"primaryImageOfPage\":{\"@id\":\"https:\\\/\\\/www.meydan.tv\\\/az\\\/article\\\/kreml-putin-erdogan-danisiqlarinin-mumkunluyunu-vurgulayib\\\/#primaryimage\"},\"image\":{\"@id\":\"https:\\\/\\\/www.meydan.tv\\\/az\\\/article\\\/kreml-putin-erdogan-danisiqlarinin-mumkunluyunu-vurgulayib\\\/#primaryimage\"},\"thumbnailUrl\":\"https:\\\/\\\/www.meydan.tv\\\/wp-content\\\/uploads\\\/23539.jpg\",\"datePublished\":\"2020-02-03T17:29:17+00:00\",\"breadcrumb\":{\"@id\":\"https:\\\/\\\/www.meydan.tv\\\/az\\\/article\\\/kreml-putin-erdogan-danisiqlarinin-mumkunluyunu-vurgulayib\\\/#breadcrumb\"},\"inLanguage\":\"az\",\"potentialAction\":[{\"@type\":\"ReadAction\",\"target\":[\"https:\\\/\\\/www.meydan.tv\\\/az\\\/article\\\/kreml-putin-erdogan-danisiqlarinin-mumkunluyunu-vurgulayib\\\/\"]}]},{\"@type\":\"ImageObject\",\"inLanguage\":\"az\",\"@id\":\"https:\\\/\\\/www.meydan.tv\\\/az\\\/article\\\/kreml-putin-erdogan-danisiqlarinin-mumkunluyunu-vurgulayib\\\/#primaryimage\",\"url\":\"https:\\\/\\\/www.meydan.tv\\\/wp-content\\\/uploads\\\/23539.jpg\",\"contentUrl\":\"https:\\\/\\\/www.meydan.tv\\\/wp-content\\\/uploads\\\/23539.jpg\",\"width\":768,\"height\":372,\"caption\":\"Source:\"},{\"@type\":\"BreadcrumbList\",\"@id\":\"https:\\\/\\\/www.meydan.tv\\\/az\\\/article\\\/kreml-putin-erdogan-danisiqlarinin-mumkunluyunu-vurgulayib\\\/#breadcrumb\",\"itemListElement\":[{\"@type\":\"ListItem\",\"position\":1,\"name\":\"Ana s\u0259hif\u0259\",\"item\":\"https:\\\/\\\/www.meydan.tv\\\/az\\\/\"},{\"@type\":\"ListItem\",\"position\":2,\"name\":\"D\u00fcnya\",\"item\":\"https:\\\/\\\/www.meydan.tv\\\/az\\\/section\\\/dunya\\\/\"},{\"@type\":\"ListItem\",\"position\":3,\"name\":\"Kreml Putin-\u018frdo\u011fan dan\u0131\u015f\u0131qlar\u0131n\u0131n m\u00fcmk\u00fcnl\u00fcy\u00fcn\u00fc vur\u011fulay\u0131b\"}]},{\"@type\":\"WebSite\",\"@id\":\"https:\\\/\\\/www.meydan.tv\\\/az\\\/#website\",\"url\":\"https:\\\/\\\/www.meydan.tv\\\/az\\\/\",\"name\":\"MEYDAN.TV\",\"description\":\"Meydan TV Az\u0259rbaycan\u0131n media m\u0259kan\u0131ndak\u0131 alternativ s\u0259sidir\",\"publisher\":{\"@id\":\"https:\\\/\\\/www.meydan.tv\\\/az\\\/#organization\"},\"potentialAction\":[{\"@type\":\"SearchAction\",\"target\":{\"@type\":\"EntryPoint\",\"urlTemplate\":\"https:\\\/\\\/www.meydan.tv\\\/az\\\/?s={search_term_string}\"},\"query-input\":{\"@type\":\"PropertyValueSpecification\",\"valueRequired\":true,\"valueName\":\"search_term_string\"}}],\"inLanguage\":\"az\"},{\"@type\":\"Organization\",\"@id\":\"https:\\\/\\\/www.meydan.tv\\\/az\\\/#organization\",\"name\":\"Meydan TV\",\"url\":\"https:\\\/\\\/www.meydan.tv\\\/az\\\/\",\"logo\":{\"@type\":\"ImageObject\",\"inLanguage\":\"az\",\"@id\":\"https:\\\/\\\/www.meydan.tv\\\/az\\\/#\\\/schema\\\/logo\\\/image\\\/\",\"url\":\"https:\\\/\\\/www.meydan.tv\\\/wp-content\\\/uploads\\\/2021\\\/07\\\/meydan-logo.svg\",\"contentUrl\":\"https:\\\/\\\/www.meydan.tv\\\/wp-content\\\/uploads\\\/2021\\\/07\\\/meydan-logo.svg\",\"width\":195,\"height\":46,\"caption\":\"Meydan TV\"},\"image\":{\"@id\":\"https:\\\/\\\/www.meydan.tv\\\/az\\\/#\\\/schema\\\/logo\\\/image\\\/\"}},{\"@type\":\"Person\",\"@id\":\"https:\\\/\\\/www.meydan.tv\\\/az\\\/#\\\/schema\\\/person\\\/10d11eccf6da3662cf5fdab9806ea91a\",\"name\":\"user-manager\"}]}<\/script>\n<!-- \/ Yoast SEO plugin. -->","yoast_head_json":{"title":"Kreml Putin-\u018frdo\u011fan dan\u0131\u015f\u0131qlar\u0131n\u0131n m\u00fcmk\u00fcnl\u00fcy\u00fcn\u00fc vur\u011fulay\u0131b - MEYDAN.TV","robots":{"index":"index","follow":"follow","max-snippet":"max-snippet:-1","max-image-preview":"max-image-preview:large","max-video-preview":"max-video-preview:-1"},"canonical":"https:\/\/www.meydan.tv\/az\/article\/kreml-putin-erdogan-danisiqlarinin-mumkunluyunu-vurgulayib\/","og_locale":"az_AZ","og_type":"article","og_title":"Kreml Putin-\u018frdo\u011fan dan\u0131\u015f\u0131qlar\u0131n\u0131n m\u00fcmk\u00fcnl\u00fcy\u00fcn\u00fc vur\u011fulay\u0131b - MEYDAN.TV","og_description":"\u201cRusiya \u0130dlibd\u0259ki terror qruplar\u0131n f\u0259aliyy\u0259tind\u0259n narahatd\u0131r\u201d","og_url":"https:\/\/www.meydan.tv\/az\/article\/kreml-putin-erdogan-danisiqlarinin-mumkunluyunu-vurgulayib\/","og_site_name":"MEYDAN.TV","article_published_time":"2020-02-03T17:29:17+00:00","og_image":[{"width":768,"height":372,"url":"https:\/\/www.meydan.tv\/wp-content\/uploads\/23539.jpg","type":"image\/jpeg"}],"author":"user-manager","twitter_card":"summary_large_image","schema":{"@context":"https:\/\/schema.org","@graph":[{"@type":"Article","@id":"https:\/\/www.meydan.tv\/az\/article\/kreml-putin-erdogan-danisiqlarinin-mumkunluyunu-vurgulayib\/#article","isPartOf":{"@id":"https:\/\/www.meydan.tv\/az\/article\/kreml-putin-erdogan-danisiqlarinin-mumkunluyunu-vurgulayib\/"},"author":{"name":"user-manager","@id":"https:\/\/www.meydan.tv\/az\/#\/schema\/person\/10d11eccf6da3662cf5fdab9806ea91a"},"headline":"Kreml Putin-\u018frdo\u011fan dan\u0131\u015f\u0131qlar\u0131n\u0131n m\u00fcmk\u00fcnl\u00fcy\u00fcn\u00fc vur\u011fulay\u0131b","datePublished":"2020-02-03T17:29:17+00:00","mainEntityOfPage":{"@id":"https:\/\/www.meydan.tv\/az\/article\/kreml-putin-erdogan-danisiqlarinin-mumkunluyunu-vurgulayib\/"},"wordCount":417,"publisher":{"@id":"https:\/\/www.meydan.tv\/az\/#organization"},"image":{"@id":"https:\/\/www.meydan.tv\/az\/article\/kreml-putin-erdogan-danisiqlarinin-mumkunluyunu-vurgulayib\/#primaryimage"},"thumbnailUrl":"https:\/\/www.meydan.tv\/wp-content\/uploads\/23539.jpg","articleSection":["D\u00fcnya"],"inLanguage":"az"},{"@type":"WebPage","@id":"https:\/\/www.meydan.tv\/az\/article\/kreml-putin-erdogan-danisiqlarinin-mumkunluyunu-vurgulayib\/","url":"https:\/\/www.meydan.tv\/az\/article\/kreml-putin-erdogan-danisiqlarinin-mumkunluyunu-vurgulayib\/","name":"Kreml Putin-\u018frdo\u011fan dan\u0131\u015f\u0131qlar\u0131n\u0131n m\u00fcmk\u00fcnl\u00fcy\u00fcn\u00fc vur\u011fulay\u0131b - MEYDAN.TV","isPartOf":{"@id":"https:\/\/www.meydan.tv\/az\/#website"},"primaryImageOfPage":{"@id":"https:\/\/www.meydan.tv\/az\/article\/kreml-putin-erdogan-danisiqlarinin-mumkunluyunu-vurgulayib\/#primaryimage"},"image":{"@id":"https:\/\/www.meydan.tv\/az\/article\/kreml-putin-erdogan-danisiqlarinin-mumkunluyunu-vurgulayib\/#primaryimage"},"thumbnailUrl":"https:\/\/www.meydan.tv\/wp-content\/uploads\/23539.jpg","datePublished":"2020-02-03T17:29:17+00:00","breadcrumb":{"@id":"https:\/\/www.meydan.tv\/az\/article\/kreml-putin-erdogan-danisiqlarinin-mumkunluyunu-vurgulayib\/#breadcrumb"},"inLanguage":"az","potentialAction":[{"@type":"ReadAction","target":["https:\/\/www.meydan.tv\/az\/article\/kreml-putin-erdogan-danisiqlarinin-mumkunluyunu-vurgulayib\/"]}]},{"@type":"ImageObject","inLanguage":"az","@id":"https:\/\/www.meydan.tv\/az\/article\/kreml-putin-erdogan-danisiqlarinin-mumkunluyunu-vurgulayib\/#primaryimage","url":"https:\/\/www.meydan.tv\/wp-content\/uploads\/23539.jpg","contentUrl":"https:\/\/www.meydan.tv\/wp-content\/uploads\/23539.jpg","width":768,"height":372,"caption":"Source:"},{"@type":"BreadcrumbList","@id":"https:\/\/www.meydan.tv\/az\/article\/kreml-putin-erdogan-danisiqlarinin-mumkunluyunu-vurgulayib\/#breadcrumb","itemListElement":[{"@type":"ListItem","position":1,"name":"Ana s\u0259hif\u0259","item":"https:\/\/www.meydan.tv\/az\/"},{"@type":"ListItem","position":2,"name":"D\u00fcnya","item":"https:\/\/www.meydan.tv\/az\/section\/dunya\/"},{"@type":"ListItem","position":3,"name":"Kreml Putin-\u018frdo\u011fan dan\u0131\u015f\u0131qlar\u0131n\u0131n m\u00fcmk\u00fcnl\u00fcy\u00fcn\u00fc vur\u011fulay\u0131b"}]},{"@type":"WebSite","@id":"https:\/\/www.meydan.tv\/az\/#website","url":"https:\/\/www.meydan.tv\/az\/","name":"MEYDAN.TV","description":"Meydan TV Az\u0259rbaycan\u0131n media m\u0259kan\u0131ndak\u0131 alternativ s\u0259sidir","publisher":{"@id":"https:\/\/www.meydan.tv\/az\/#organization"},"potentialAction":[{"@type":"SearchAction","target":{"@type":"EntryPoint","urlTemplate":"https:\/\/www.meydan.tv\/az\/?s={search_term_string}"},"query-input":{"@type":"PropertyValueSpecification","valueRequired":true,"valueName":"search_term_string"}}],"inLanguage":"az"},{"@type":"Organization","@id":"https:\/\/www.meydan.tv\/az\/#organization","name":"Meydan TV","url":"https:\/\/www.meydan.tv\/az\/","logo":{"@type":"ImageObject","inLanguage":"az","@id":"https:\/\/www.meydan.tv\/az\/#\/schema\/logo\/image\/","url":"https:\/\/www.meydan.tv\/wp-content\/uploads\/2021\/07\/meydan-logo.svg","contentUrl":"https:\/\/www.meydan.tv\/wp-content\/uploads\/2021\/07\/meydan-logo.svg","width":195,"height":46,"caption":"Meydan TV"},"image":{"@id":"https:\/\/www.meydan.tv\/az\/#\/schema\/logo\/image\/"}},{"@type":"Person","@id":"https:\/\/www.meydan.tv\/az\/#\/schema\/person\/10d11eccf6da3662cf5fdab9806ea91a","name":"user-manager"}]}},"_links":{"self":[{"href":"https:\/\/www.meydan.tv\/az\/wp-json\/wp\/v2\/posts\/199073","targetHints":{"allow":["GET"]}}],"collection":[{"href":"https:\/\/www.meydan.tv\/az\/wp-json\/wp\/v2\/posts"}],"about":[{"href":"https:\/\/www.meydan.tv\/az\/wp-json\/wp\/v2\/types\/post"}],"author":[{"embeddable":true,"href":"https:\/\/www.meydan.tv\/az\/wp-json\/wp\/v2\/users\/11"}],"replies":[{"embeddable":true,"href":"https:\/\/www.meydan.tv\/az\/wp-json\/wp\/v2\/comments?post=199073"}],"version-history":[{"count":0,"href":"https:\/\/www.meydan.tv\/az\/wp-json\/wp\/v2\/posts\/199073\/revisions"}],"wp:featuredmedia":[{"embeddable":true,"href":"https:\/\/www.meydan.tv\/az\/wp-json\/wp\/v2\/media\/61879"}],"wp:attachment":[{"href":"https:\/\/www.meydan.tv\/az\/wp-json\/wp\/v2\/media?parent=199073"}],"wp:term":[{"taxonomy":"category","embeddable":true,"href":"https:\/\/www.meydan.tv\/az\/wp-json\/wp\/v2\/categories?post=199073"},{"taxonomy":"post_tag","embeddable":true,"href":"https:\/\/www.meydan.tv\/az\/wp-json\/wp\/v2\/tags?post=199073"}],"curies":[{"name":"wp","href":"https:\/\/api.w.org\/{rel}","templated":true}]}}