{"id":199069,"date":"2020-02-03T10:47:14","date_gmt":"2020-02-03T10:47:14","guid":{"rendered":"https:\/\/www.meydan.tv\/article\/zelzeleden-zererceken-mecburi-kockunem-gelmeyem-deye-ayri-seckilik-edirler\/"},"modified":"2020-02-03T10:47:14","modified_gmt":"2020-02-03T10:47:14","slug":"zelzeleden-zererceken-mecburi-kockunem-gelmeyem-deye-ayri-seckilik-edirler","status":"publish","type":"post","link":"https:\/\/www.meydan.tv\/az\/article\/zelzeleden-zererceken-mecburi-kockunem-gelmeyem-deye-ayri-seckilik-edirler\/","title":{"rendered":"Z\u0259lz\u0259l\u0259d\u0259n z\u0259r\u0259r\u00e7\u0259k\u0259n: M\u0259cburi k\u00f6\u00e7k\u00fcn\u0259m, g\u0259lm\u0259y\u0259m dey\u0259 ayr\u0131-se\u00e7kilik edirl\u0259r"},"content":{"rendered":"<p>\n  <i><br \/>\n    K\u0259lb\u0259c\u0259rli m\u0259cburi k\u00f6\u00e7k\u00fcn z\u0259lz\u0259l\u0259d\u0259n ziyan g\u00f6rm\u00fc\u015f evinin tikilm\u0259diyini deyir<br \/>\n  <\/i>\n<\/p>\n<p>\n  \u201cM\u0259cburi k\u00f6\u00e7k\u00fcn\u0259m, elimd\u0259n-obamdan did\u0259rgin d\u00fc\u015fm\u00fc\u015f\u0259m. O c\u00fcr evimi erm\u0259ni \u0259sirliyind\u0259 qoyub g\u0259lmi\u015f\u0259m. Z\u0259lz\u0259l\u0259d\u0259n sonra \u015eamax\u0131da tikdiyim ev d\u0259 u\u00e7ub. \u018fg\u0259r evimi tikm\u0259k ist\u0259mirl\u0259rs\u0259, torpa\u011f\u0131m\u0131 qaytars\u0131nlar, gedim \u00f6z evimd\u0259 ya\u015fay\u0131m\u201d.\n<\/p>\n<p>\n  Bu s\u00f6zl\u0259ri Meydan TV-y\u0259 \u015eamax\u0131 rayonu, H\u0259my\u0259li k\u0259ndind\u0259 m\u0259skunla\u015fm\u0131\u015f k\u0259lb\u0259c\u0259rli m\u0259cburi k\u00f6\u00e7k\u00fcn M\u0259h\u0259r C\u0259f\u0259rov deyir. S\u00f6yl\u0259yir ki, \u00f6t\u0259n ilin \u0259vv\u0259lind\u0259 ba\u015f vermi\u015f z\u0259lz\u0259l\u0259d\u0259 yeni tikdiyi ev q\u0259zal\u0131 v\u0259ziyy\u0259t\u0259 d\u00fc\u015f\u00fcb. D\u0259f\u0259l\u0259rl\u0259 aidiyyat\u0131 qurumlara m\u00fcraci\u0259t etm\u0259yin\u0259 baxmayaraq, ev problemini h\u0259ll etmirl\u0259r:\n<\/p>\n<p>\n  \u201c1993-c\u00fc ilin aprelin 4-d\u0259n burada m\u0259skunla\u015fm\u0131\u015f\u0131q, art\u0131q 27 ildir. O vaxt H\u0259my\u0259li k\u0259ndind\u0259 x\u0259st\u0259xana tikildi, lakin istifad\u0259y\u0259 verilm\u0259di, m\u0259cburi k\u00f6\u00e7k\u00fcnl\u0259r yerl\u0259\u015fdirildi. \u0130ll\u0259r \u0259vv\u0259l h\u0259min bina q\u0259zal\u0131 v\u0259ziyy\u0259t\u0259 d\u00fc\u015f\u0259nd\u0259, o vaxtk\u0131 icra ba\u015f\u00e7\u0131s\u0131 binan\u0131n \u00fcst\u00fcn\u00fc s\u00f6kd\u00fcrd\u00fc ki, ya\u015famaq t\u0259hl\u00fck\u0259lidir. Bundan sonra da orada m\u0259skunla\u015fan adamlar Bak\u0131ya v\u0259 ba\u015fqa rayonlara getdi. Biz is\u0259 H\u0259my\u0259lid\u0259 qald\u0131q, m\u0259rhum h\u0259yat yolda\u015f\u0131m x\u0259st\u0259 idi, ona ancaq buran\u0131n havas\u0131 d\u00fc\u015f\u00fcrd\u00fc. K\u0259lb\u0259c\u0259rd\u0259n \u00e7\u0131xandan sonra ne\u00e7\u0259 rayonda ya\u015fad\u0131q, r\u0259hm\u0259tlik yolda\u015f\u0131m d\u00fcz\u0259lm\u0259di, ax\u0131rda bura k\u00f6\u00e7d\u00fck. H\u0259my\u0259linin havas\u0131 K\u0259lb\u0259c\u0259rin havas\u0131na ox\u015fay\u0131r\u201d.\n<\/p>\n<figure class=\"wp-block-image size-large\">\n  <img decoding=\"async\" src=\"https:\/\/www.meydan.tv\/az\/73249619_3226201000755672_2509175144782495744_n-jpg\/\" alt=\"73249619_3226201000755672_2509175144782495744_n.jpg\" class=\"wp-image-136818\"\/><figcaption>\n    &#8220;D\u0259f\u0259l\u0259rl\u0259 aidiyyat\u0131 qurumlara m\u00fcraci\u0259t etm\u0259yin\u0259 baxmayaraq, ev problemini h\u0259ll etmirl\u0259r&#8221;<br \/>\n  <\/figcaption><\/figure>\n<p>\n  \u015eikay\u0259t\u00e7i deyir ki, evi fasil\u0259l\u0259rl\u0259 in\u015fa edib. Tikinti ba\u015fa \u00e7atd\u0131qdan sonra bir m\u00fcdd\u0259t yeni evd\u0259 ya\u015fay\u0131blar:\n<\/p>\n<p>\n  \u201cEl\u0259 bil, b\u0259la \u00fcst-\u00fcst\u0259 g\u0259ldi, q\u0259fil h\u0259yat yolda\u015f\u0131m v\u0259fat etdi. Ard\u0131nca da z\u0259lz\u0259l\u0259 evi yaman g\u00fcn\u0259 qoydu. Bu evi h\u0259yat yolda\u015f\u0131mla ikimizin pensiya puluna tikmi\u015f\u0259m. El\u0259 bilirsiniz ki, bir il\u0259 tikmi\u015f\u0259m? Xeyr, hiss\u0259-hiss\u0259, \u0259ziyy\u0259tl\u0259 ba\u015fa g\u0259lib. G\u00f6rd\u00fcy\u00fcn\u00fcz, u\u00e7ub-da\u011f\u0131lm\u0131\u015f beton x\u0259st\u0259xana binas\u0131nda ya\u015faya-ya\u015faya tikmi\u015f\u0259m. Bu ay bir ma\u015f\u0131n da\u015f\u0131n\u0131 alm\u0131\u015fam. G\u0259l\u0259n ay bir ma\u015f\u0131n qumunu alm\u0131\u015fam. \u00dcst\u00fcnd\u0259n ne\u00e7\u0259 ay ke\u00e7ib, \u00e7atd\u0131rmam\u0131\u015fam, d\u00f6rd\u00fcnc\u00fc ay sementini alm\u0131\u015fam. Haz\u0131rda iki y\u00fcz iyirmi manat pensiya al\u0131ram, o pul he\u00e7 m\u00fcalic\u0259m\u0259, d\u0259rmanlar\u0131ma \u00e7atm\u0131r.\n<\/p>\n<p>\n  Ev z\u0259lz\u0259l\u0259d\u0259n yarars\u0131z v\u0259ziyy\u0259t\u0259 d\u00fc\u015f\u00fcb, divarlar tamamil\u0259 bir-birind\u0259n aralan\u0131b. Kim ist\u0259y\u0259r ki, t\u0259z\u0259 tikdiyi ev bu g\u00fcn\u0259 qals\u0131n? Yeni evdir, h\u0259tta karnizl\u0259ri yenic\u0259 vurulmu\u015fdu. Z\u0259lz\u0259l\u0259 oldu dey\u0259 p\u0259rd\u0259l\u0259r tax\u0131lmad\u0131. Z\u0259lz\u0259l\u0259d\u0259n sonra, 2019-cu il fevral\u0131n 29-da \u015eamax\u0131 Rayon \u0130cra Hakimiyy\u0259tin\u0259 m\u00fcraci\u0259t etdim. Ev\u0259 ilk bax\u0131\u015f 2019-cu ilin avqust ay\u0131n\u0131n ortalar\u0131nda olub. F\u00f6vq\u0259lad\u0259 Hallar Nazirliyinin n\u00fcmay\u0259nd\u0259si v\u0259 icra ba\u015f\u00e7\u0131s\u0131n\u0131n birinci m\u00fcavini Qas\u0131m Qas\u0131mov g\u0259lib ev\u0259 baxd\u0131, t\u0259mir yazd\u0131lar. Bir m\u00fcdd\u0259t sonra baxd\u0131m ki, getdikc\u0259 evin divar\u0131ndak\u0131 \u00e7atlar daha da a\u00e7\u0131l\u0131r, b\u00f6y\u00fcy\u00fcr. Divarlar\u0131n v\u0259ziyy\u0259tini g\u00f6r\u00fcb, t\u0259krar F\u00f6vq\u0259lad\u0259 Hallar Nazirliyin\u0259 m\u0259ktub yazd\u0131m. H\u0259m\u00e7inin d\u00fcz d\u00f6rd d\u0259f\u0259 Birinci vitse-prezident Mehriban \u018fliyevaya m\u0259ktub \u00fcnvanlam\u0131\u015fam. \u0130kinci d\u0259f\u0259 sentyabrda g\u0259lib t\u0259krar ev\u0259 baxd\u0131lar. \u00dc\u00e7\u00fcnc\u00fc d\u0259f\u0259 oktyabrda t\u0259krar g\u0259ldil\u0259r. M\u0259n anlaya bilmir\u0259m, h\u0259r d\u0259f\u0259 t\u0259krar-t\u0259krar baxma\u011f\u0131n n\u0259 m\u0259nas\u0131 var? \u0130kinci bax\u0131\u015fda dedil\u0259r ki, ev t\u0259mir\u0259 yararsz\u0131d\u0131r, g\u00f6r\u0259k neyniyirik. T\u0259krar gedib, m\u00fcraci\u0259t etdim, sonuncu d\u0259f\u0259 is\u0259 dedil\u0259r ki, bu ev n\u0259 t\u0259mir\u0259, n\u0259 d\u0259 b\u0259rpaya yararl\u0131 deyil. S\u00f6k\u00fcl\u00fcb, yenid\u0259n tikilm\u0259lidir. Bunu deyib, o ged\u0259n gedibl\u0259r\u201d.\n<\/p>\n<figure class=\"wp-block-image size-large\">\n  <img decoding=\"async\" src=\"https:\/\/www.meydan.tv\/az\/74565836_3226182380757534_8428459292142600192_n-jpg\/\" alt=\"74565836_3226182380757534_8428459292142600192_n.jpg\" class=\"wp-image-136827\"\/><figcaption>\n    M\u0259h\u0259r C\u0259f\u0259rov H\u0259my\u0259li k\u0259nd x\u0259st\u0259xanas\u0131 qar\u015f\u0131s\u0131nda<br \/>\n  <\/figcaption><\/figure>\n<p>\n  \u015eamax\u0131 Rayon \u0130cra Hakimiyy\u0259ti S\u0259n\u0259dl\u0259rl\u0259 v\u0259 v\u0259t\u0259nda\u015flar\u0131n m\u00fcraci\u0259tl\u0259ri \u015f\u00f6b\u0259sind\u0259n M\u0259h\u0259r C\u0259f\u0259rova evin t\u0259miri il\u0259 ba\u011fl\u0131 akt\u0131n l\u0259\u011fv olunmas\u0131na dair s\u0259n\u0259d verilib. Bildirilib ki, s\u0259n\u0259d Z\u0259lz\u0259l\u0259 b\u00f6lg\u0259si \u00fczr\u0259 Q\u0259rargah\u0131na t\u0259qdim olunmal\u0131d\u0131r:\n<\/p>\n<p>\n  \u201cS\u0259n\u0259di icra hakimiyy\u0259tind\u0259n S\u0259lim A\u011fayev vermi\u015fdi. M\u0259n d\u0259 ka\u011f\u0131z\u0131 apar\u0131b, Z\u0259lz\u0259l\u0259 b\u00f6lg\u0259si \u00fczr\u0259 Q\u0259rargah\u0131nda El\u015f\u0259n adl\u0131 bir \u015f\u0259xs\u0259 t\u0259qdim etdim. H\u0259min vaxt h\u0259tta q\u0259rargah\u0131n r\u0259isi H\u0259s\u0259n Qas\u0131mzad\u0259nin q\u0259bulunda oldum. O da dedi ki, akt Bak\u0131ya g\u00f6nd\u0259ril\u0259c\u0259k, narahat olma. \u0130ndi is\u0259 m\u0259nd\u0259n soru\u015furlar ki, n\u0259 akt, hans\u0131 akt? Bizim he\u00e7 bir aktdan x\u0259b\u0259rimiz yoxdur. H\u0259min akt\u0131 n\u0259 edibl\u0259rs\u0259, yoxa \u00e7\u0131x\u0131b.\n<\/p>\n<p>\n  On be\u015f-iyirmi ildir ya\u015fay\u0131\u015f\u0131 olmayan evl\u0259ri s\u00f6k\u00fcb, yenid\u0259n tikirl\u0259r. M\u0259cburi k\u00f6\u00e7k\u00fcn\u0259m, g\u0259lm\u0259y\u0259m dey\u0259 ayr\u0131-se\u00e7kilik edirl\u0259r. Deyirl\u0259r ki, guya biz\u0259 \u015eamax\u0131da yox, K\u00fcrd\u0259mird\u0259 ev veril\u0259c\u0259k. Atam\u0131n-anam\u0131m, do\u011fmalar\u0131m\u0131n q\u0259birl\u0259ri qal\u0131b erm\u0259ni \u0259sirliyind\u0259. \u0130ndi d\u0259 h\u0259yat yolda\u015f\u0131m\u0131n, \u015f\u0259hid qohumlar\u0131m\u0131n q\u0259bri \u015eamax\u0131dad\u0131r. \u0130ndi onlar\u0131 burada qoyub, hans\u0131sa rayona m\u0259cburi k\u00f6\u00e7k\u00fcn d\u00fc\u015f\u0259k? Yerlil\u0259rin evini tikdikl\u0259ri kimi g\u0259lib m\u0259nim evimi d\u0259 tiksinl\u0259r. 85 ya\u015f\u0131m var, \u00f6z\u00fcm d\u0259 Az\u0259rbaycan v\u0259t\u0259nda\u015f\u0131yam. Ba\u015fqa \u00f6lk\u0259d\u0259n g\u0259lm\u0259mi\u015f\u0259m. \u0130yirmi be\u015f il bir igidin \u00f6mr\u00fcd\u00fcr. \u00d6vladlar\u0131m \u015eamax\u0131dan evl\u0259nibl\u0259r. M\u0259n indi evi t\u0259krar hans\u0131 pulla tikim? Prezident q\u0259rar verib, evl\u0259r tikilm\u0259lidir. H\u0259s\u0259n kimil\u0259ri g\u0259lib, burada bir q\u0259rar verm\u0259kl\u0259 deyil. Ya\u015fl\u0131, x\u0259st\u0259 adamam, qorxudan evimd\u0259 qala bilmir\u0259m. H\u0259r an u\u00e7ma t\u0259hl\u00fck\u0259si var. H\u0259m d\u0259 divarlarda d\u0259rin \u00e7atlar var, evi q\u0131zd\u0131rmaq da m\u00fcmk\u00fcn deyl. Haz\u0131rda q\u0131z\u0131m\u0131n evind\u0259 ya\u015fay\u0131ram. Halal haqq\u0131m\u0131 t\u0259l\u0259b edir\u0259m, evimi tikib m\u0259n\u0259 versinl\u0259r\u201d.\n<\/p>\n<figure class=\"wp-block-image size-large\">\n  <img decoding=\"async\" src=\"https:\/\/www.meydan.tv\/az\/h__my__li_k__nd_x__st__xana_binasi__1_-jpg\/\" alt=\"h__my__li_k__nd_x__st__xana_binasi__1_.jpg\" class=\"wp-image-136830\"\/><figcaption>\n    M\u0259h\u0259r C\u0259f\u0259rov \u0259vv\u0259l bu evd\u0259 ya\u015fay\u0131b<br \/>\n  <\/figcaption><\/figure>\n<p>\n  F\u00f6vq\u0259lad\u0259 Hallar Nazirliyi Z\u0259lz\u0259l\u0259 b\u00f6lg\u0259si \u00fczr\u0259 Q\u0259rargah\u0131n\u0131n r\u0259isi H\u0259s\u0259n Qas\u0131mzad\u0259 Meydan TV-y\u0259 bildirib ki, \u0259g\u0259r h\u0259min v\u0259t\u0259nda\u015f t\u0259r\u0259find\u0259n akt verilibs\u0259, ev\u0259 t\u0259krar bax\u0131\u015f \u00fc\u00e7\u00fcn komissiya g\u00f6nd\u0259ril\u0259c\u0259k:\n<\/p>\n<p>\n  \u201cNarahatl\u0131\u011fa he\u00e7 bir \u0259sas yoxdur. H\u0259mi\u015f\u0259 ilikin bax\u0131\u015fda qayda olaraq komissiya t\u0259r\u0259find\u0259n ev\u0259 t\u0259mir yaz\u0131l\u0131r. Sonradan t\u0259mir ed\u0259n briqadalar ev\u0259 gedirl\u0259r, \u0259g\u0259r t\u0259mir\u0259 yaram\u0131rsa, onu aktla\u015fd\u0131raraq, ya biz\u0259 &#8211; Tikintid\u0259 T\u0259hl\u00fck\u0259sizliy\u0259 N\u0259zar\u0259t D\u00f6vl\u0259t Agentliyin\u0259, ya da F\u00f6vq\u0259lad\u0259 Hallar Nazirliyin\u0259 t\u0259qdim edirl\u0259r. Bundan sonra komissiya \u00fczvl\u0259ri h\u0259min evl\u0259rd\u0259 t\u0259krar bax\u0131\u015f ke\u00e7irib, v\u0259ziyy\u0259ti yenid\u0259n ara\u015fd\u0131r\u0131rlar. \u018fg\u0259r ev do\u011frudan da t\u0259mir\u0259 yarars\u0131zd\u0131rsa, kateqoriyas\u0131 d\u0259yi\u015fdirilir. Onu da deyim ki, evl\u0259r\u0259 bir-bir bax\u0131\u015f ke\u00e7irilmir. T\u0259xmin\u0259n 20-30 ev y\u0131\u011f\u0131l\u0131r, bundan sonra Bak\u0131dan b\u00f6lg\u0259y\u0259 komissiya gedir. H\u0259r bir v\u0259t\u0259nda\u015f \u00fc\u00e7\u00fcn h\u0259r d\u0259f\u0259 ora gedib-g\u0259lm\u0259k bir az problemlidir. Onu da deyim ki, haz\u0131rda komissiyalar f\u0259aliyy\u0259tini dayand\u0131r\u0131b. \u00d6t\u0259n ilin iyul ay\u0131n\u0131n 1-d\u0259k hans\u0131 v\u0259t\u0259nda\u015flar m\u00fcraci\u0259t edibs\u0259, biz evl\u0259rind\u0259 olmu\u015fuq. H\u0259l\u0259 ki, t\u0259mir-b\u0259rpa v\u0259 tikinti i\u015fl\u0259ri apar\u0131l\u0131r. Komissiyalar\u0131m\u0131z evl\u0259r\u0259 rayon icra hakimiyy\u0259tl\u0259ri t\u0259r\u0259find\u0259n t\u0259sdiq olunaraq biz\u0259 verilmi\u015f siyah\u0131lar \u00fczr\u0259 \u00fcvanlara gedib, qiym\u0259tl\u0259ndirm\u0259 apar\u0131r\u0131q\u201d.<\/p>\n","protected":false},"excerpt":{"rendered":"<p>&#8220;M\u0259n indi evi t\u0259krar hans\u0131 pulla tikim?&#8221;<\/p>\n","protected":false},"author":11,"featured_media":136821,"comment_status":"closed","ping_status":"open","sticky":false,"template":"","format":"standard","meta":{"_acf_changed":false,"_sitemap_exclude":false,"_sitemap_priority":"","_sitemap_frequency":"","footnotes":""},"categories":[60],"tags":[],"class_list":["post-199069","post","type-post","status-publish","format-standard","has-post-thumbnail","hentry","category-bolge","infinite-scroll-item","generate-columns","tablet-grid-50","mobile-grid-100","grid-parent","grid-33","no-featured-image-padding"],"acf":[],"yoast_head":"<!-- This site is optimized with the Yoast SEO plugin v27.5 - https:\/\/yoast.com\/product\/yoast-seo-wordpress\/ -->\n<title>Z\u0259lz\u0259l\u0259d\u0259n z\u0259r\u0259r\u00e7\u0259k\u0259n: M\u0259cburi k\u00f6\u00e7k\u00fcn\u0259m, g\u0259lm\u0259y\u0259m dey\u0259 ayr\u0131-se\u00e7kilik edirl\u0259r - MEYDAN.TV<\/title>\n<meta name=\"robots\" content=\"index, follow, max-snippet:-1, max-image-preview:large, max-video-preview:-1\" \/>\n<link rel=\"canonical\" href=\"https:\/\/www.meydan.tv\/az\/article\/zelzeleden-zererceken-mecburi-kockunem-gelmeyem-deye-ayri-seckilik-edirler\/\" \/>\n<meta property=\"og:locale\" content=\"az_AZ\" \/>\n<meta property=\"og:type\" content=\"article\" \/>\n<meta property=\"og:title\" content=\"Z\u0259lz\u0259l\u0259d\u0259n z\u0259r\u0259r\u00e7\u0259k\u0259n: M\u0259cburi k\u00f6\u00e7k\u00fcn\u0259m, g\u0259lm\u0259y\u0259m dey\u0259 ayr\u0131-se\u00e7kilik edirl\u0259r - MEYDAN.TV\" \/>\n<meta property=\"og:description\" content=\"&quot;M\u0259n indi evi t\u0259krar hans\u0131 pulla tikim?&quot;\" \/>\n<meta property=\"og:url\" content=\"https:\/\/www.meydan.tv\/az\/article\/zelzeleden-zererceken-mecburi-kockunem-gelmeyem-deye-ayri-seckilik-edirler\/\" \/>\n<meta property=\"og:site_name\" content=\"MEYDAN.TV\" \/>\n<meta property=\"article:published_time\" content=\"2020-02-03T10:47:14+00:00\" \/>\n<meta property=\"og:image\" content=\"https:\/\/www.meydan.tv\/wp-content\/uploads\/73513557_3226190640756708_2966771938434744320_n.jpg\" \/>\n\t<meta property=\"og:image:width\" content=\"960\" \/>\n\t<meta property=\"og:image:height\" content=\"720\" \/>\n\t<meta property=\"og:image:type\" content=\"image\/jpeg\" \/>\n<meta name=\"author\" content=\"user-manager\" \/>\n<meta name=\"twitter:card\" content=\"summary_large_image\" \/>\n<script type=\"application\/ld+json\" class=\"yoast-schema-graph\">{\"@context\":\"https:\\\/\\\/schema.org\",\"@graph\":[{\"@type\":\"Article\",\"@id\":\"https:\\\/\\\/www.meydan.tv\\\/az\\\/article\\\/zelzeleden-zererceken-mecburi-kockunem-gelmeyem-deye-ayri-seckilik-edirler\\\/#article\",\"isPartOf\":{\"@id\":\"https:\\\/\\\/www.meydan.tv\\\/az\\\/article\\\/zelzeleden-zererceken-mecburi-kockunem-gelmeyem-deye-ayri-seckilik-edirler\\\/\"},\"author\":{\"name\":\"user-manager\",\"@id\":\"https:\\\/\\\/www.meydan.tv\\\/az\\\/#\\\/schema\\\/person\\\/10d11eccf6da3662cf5fdab9806ea91a\"},\"headline\":\"Z\u0259lz\u0259l\u0259d\u0259n z\u0259r\u0259r\u00e7\u0259k\u0259n: M\u0259cburi k\u00f6\u00e7k\u00fcn\u0259m, g\u0259lm\u0259y\u0259m dey\u0259 ayr\u0131-se\u00e7kilik edirl\u0259r\",\"datePublished\":\"2020-02-03T10:47:14+00:00\",\"mainEntityOfPage\":{\"@id\":\"https:\\\/\\\/www.meydan.tv\\\/az\\\/article\\\/zelzeleden-zererceken-mecburi-kockunem-gelmeyem-deye-ayri-seckilik-edirler\\\/\"},\"wordCount\":1480,\"publisher\":{\"@id\":\"https:\\\/\\\/www.meydan.tv\\\/az\\\/#organization\"},\"image\":{\"@id\":\"https:\\\/\\\/www.meydan.tv\\\/az\\\/article\\\/zelzeleden-zererceken-mecburi-kockunem-gelmeyem-deye-ayri-seckilik-edirler\\\/#primaryimage\"},\"thumbnailUrl\":\"https:\\\/\\\/www.meydan.tv\\\/wp-content\\\/uploads\\\/73513557_3226190640756708_2966771938434744320_n.jpg\",\"articleSection\":[\"B\u00f6lg\u0259\"],\"inLanguage\":\"az\"},{\"@type\":\"WebPage\",\"@id\":\"https:\\\/\\\/www.meydan.tv\\\/az\\\/article\\\/zelzeleden-zererceken-mecburi-kockunem-gelmeyem-deye-ayri-seckilik-edirler\\\/\",\"url\":\"https:\\\/\\\/www.meydan.tv\\\/az\\\/article\\\/zelzeleden-zererceken-mecburi-kockunem-gelmeyem-deye-ayri-seckilik-edirler\\\/\",\"name\":\"Z\u0259lz\u0259l\u0259d\u0259n z\u0259r\u0259r\u00e7\u0259k\u0259n: M\u0259cburi k\u00f6\u00e7k\u00fcn\u0259m, g\u0259lm\u0259y\u0259m dey\u0259 ayr\u0131-se\u00e7kilik edirl\u0259r - MEYDAN.TV\",\"isPartOf\":{\"@id\":\"https:\\\/\\\/www.meydan.tv\\\/az\\\/#website\"},\"primaryImageOfPage\":{\"@id\":\"https:\\\/\\\/www.meydan.tv\\\/az\\\/article\\\/zelzeleden-zererceken-mecburi-kockunem-gelmeyem-deye-ayri-seckilik-edirler\\\/#primaryimage\"},\"image\":{\"@id\":\"https:\\\/\\\/www.meydan.tv\\\/az\\\/article\\\/zelzeleden-zererceken-mecburi-kockunem-gelmeyem-deye-ayri-seckilik-edirler\\\/#primaryimage\"},\"thumbnailUrl\":\"https:\\\/\\\/www.meydan.tv\\\/wp-content\\\/uploads\\\/73513557_3226190640756708_2966771938434744320_n.jpg\",\"datePublished\":\"2020-02-03T10:47:14+00:00\",\"breadcrumb\":{\"@id\":\"https:\\\/\\\/www.meydan.tv\\\/az\\\/article\\\/zelzeleden-zererceken-mecburi-kockunem-gelmeyem-deye-ayri-seckilik-edirler\\\/#breadcrumb\"},\"inLanguage\":\"az\",\"potentialAction\":[{\"@type\":\"ReadAction\",\"target\":[\"https:\\\/\\\/www.meydan.tv\\\/az\\\/article\\\/zelzeleden-zererceken-mecburi-kockunem-gelmeyem-deye-ayri-seckilik-edirler\\\/\"]}]},{\"@type\":\"ImageObject\",\"inLanguage\":\"az\",\"@id\":\"https:\\\/\\\/www.meydan.tv\\\/az\\\/article\\\/zelzeleden-zererceken-mecburi-kockunem-gelmeyem-deye-ayri-seckilik-edirler\\\/#primaryimage\",\"url\":\"https:\\\/\\\/www.meydan.tv\\\/wp-content\\\/uploads\\\/73513557_3226190640756708_2966771938434744320_n.jpg\",\"contentUrl\":\"https:\\\/\\\/www.meydan.tv\\\/wp-content\\\/uploads\\\/73513557_3226190640756708_2966771938434744320_n.jpg\",\"width\":960,\"height\":720,\"caption\":\"Source: Specify Source\"},{\"@type\":\"BreadcrumbList\",\"@id\":\"https:\\\/\\\/www.meydan.tv\\\/az\\\/article\\\/zelzeleden-zererceken-mecburi-kockunem-gelmeyem-deye-ayri-seckilik-edirler\\\/#breadcrumb\",\"itemListElement\":[{\"@type\":\"ListItem\",\"position\":1,\"name\":\"Ana s\u0259hif\u0259\",\"item\":\"https:\\\/\\\/www.meydan.tv\\\/az\\\/\"},{\"@type\":\"ListItem\",\"position\":2,\"name\":\"B\u00f6lg\u0259\",\"item\":\"https:\\\/\\\/www.meydan.tv\\\/az\\\/section\\\/bolge\\\/\"},{\"@type\":\"ListItem\",\"position\":3,\"name\":\"Z\u0259lz\u0259l\u0259d\u0259n z\u0259r\u0259r\u00e7\u0259k\u0259n: M\u0259cburi k\u00f6\u00e7k\u00fcn\u0259m, g\u0259lm\u0259y\u0259m dey\u0259 ayr\u0131-se\u00e7kilik edirl\u0259r\"}]},{\"@type\":\"WebSite\",\"@id\":\"https:\\\/\\\/www.meydan.tv\\\/az\\\/#website\",\"url\":\"https:\\\/\\\/www.meydan.tv\\\/az\\\/\",\"name\":\"MEYDAN.TV\",\"description\":\"Meydan TV Az\u0259rbaycan\u0131n media m\u0259kan\u0131ndak\u0131 alternativ s\u0259sidir\",\"publisher\":{\"@id\":\"https:\\\/\\\/www.meydan.tv\\\/az\\\/#organization\"},\"potentialAction\":[{\"@type\":\"SearchAction\",\"target\":{\"@type\":\"EntryPoint\",\"urlTemplate\":\"https:\\\/\\\/www.meydan.tv\\\/az\\\/?s={search_term_string}\"},\"query-input\":{\"@type\":\"PropertyValueSpecification\",\"valueRequired\":true,\"valueName\":\"search_term_string\"}}],\"inLanguage\":\"az\"},{\"@type\":\"Organization\",\"@id\":\"https:\\\/\\\/www.meydan.tv\\\/az\\\/#organization\",\"name\":\"Meydan TV\",\"url\":\"https:\\\/\\\/www.meydan.tv\\\/az\\\/\",\"logo\":{\"@type\":\"ImageObject\",\"inLanguage\":\"az\",\"@id\":\"https:\\\/\\\/www.meydan.tv\\\/az\\\/#\\\/schema\\\/logo\\\/image\\\/\",\"url\":\"https:\\\/\\\/www.meydan.tv\\\/wp-content\\\/uploads\\\/2021\\\/07\\\/meydan-logo.svg\",\"contentUrl\":\"https:\\\/\\\/www.meydan.tv\\\/wp-content\\\/uploads\\\/2021\\\/07\\\/meydan-logo.svg\",\"width\":195,\"height\":46,\"caption\":\"Meydan TV\"},\"image\":{\"@id\":\"https:\\\/\\\/www.meydan.tv\\\/az\\\/#\\\/schema\\\/logo\\\/image\\\/\"}},{\"@type\":\"Person\",\"@id\":\"https:\\\/\\\/www.meydan.tv\\\/az\\\/#\\\/schema\\\/person\\\/10d11eccf6da3662cf5fdab9806ea91a\",\"name\":\"user-manager\"}]}<\/script>\n<!-- \/ Yoast SEO plugin. -->","yoast_head_json":{"title":"Z\u0259lz\u0259l\u0259d\u0259n z\u0259r\u0259r\u00e7\u0259k\u0259n: M\u0259cburi k\u00f6\u00e7k\u00fcn\u0259m, g\u0259lm\u0259y\u0259m dey\u0259 ayr\u0131-se\u00e7kilik edirl\u0259r - MEYDAN.TV","robots":{"index":"index","follow":"follow","max-snippet":"max-snippet:-1","max-image-preview":"max-image-preview:large","max-video-preview":"max-video-preview:-1"},"canonical":"https:\/\/www.meydan.tv\/az\/article\/zelzeleden-zererceken-mecburi-kockunem-gelmeyem-deye-ayri-seckilik-edirler\/","og_locale":"az_AZ","og_type":"article","og_title":"Z\u0259lz\u0259l\u0259d\u0259n z\u0259r\u0259r\u00e7\u0259k\u0259n: M\u0259cburi k\u00f6\u00e7k\u00fcn\u0259m, g\u0259lm\u0259y\u0259m dey\u0259 ayr\u0131-se\u00e7kilik edirl\u0259r - MEYDAN.TV","og_description":"\"M\u0259n indi evi t\u0259krar hans\u0131 pulla tikim?\"","og_url":"https:\/\/www.meydan.tv\/az\/article\/zelzeleden-zererceken-mecburi-kockunem-gelmeyem-deye-ayri-seckilik-edirler\/","og_site_name":"MEYDAN.TV","article_published_time":"2020-02-03T10:47:14+00:00","og_image":[{"width":960,"height":720,"url":"https:\/\/www.meydan.tv\/wp-content\/uploads\/73513557_3226190640756708_2966771938434744320_n.jpg","type":"image\/jpeg"}],"author":"user-manager","twitter_card":"summary_large_image","schema":{"@context":"https:\/\/schema.org","@graph":[{"@type":"Article","@id":"https:\/\/www.meydan.tv\/az\/article\/zelzeleden-zererceken-mecburi-kockunem-gelmeyem-deye-ayri-seckilik-edirler\/#article","isPartOf":{"@id":"https:\/\/www.meydan.tv\/az\/article\/zelzeleden-zererceken-mecburi-kockunem-gelmeyem-deye-ayri-seckilik-edirler\/"},"author":{"name":"user-manager","@id":"https:\/\/www.meydan.tv\/az\/#\/schema\/person\/10d11eccf6da3662cf5fdab9806ea91a"},"headline":"Z\u0259lz\u0259l\u0259d\u0259n z\u0259r\u0259r\u00e7\u0259k\u0259n: M\u0259cburi k\u00f6\u00e7k\u00fcn\u0259m, g\u0259lm\u0259y\u0259m dey\u0259 ayr\u0131-se\u00e7kilik edirl\u0259r","datePublished":"2020-02-03T10:47:14+00:00","mainEntityOfPage":{"@id":"https:\/\/www.meydan.tv\/az\/article\/zelzeleden-zererceken-mecburi-kockunem-gelmeyem-deye-ayri-seckilik-edirler\/"},"wordCount":1480,"publisher":{"@id":"https:\/\/www.meydan.tv\/az\/#organization"},"image":{"@id":"https:\/\/www.meydan.tv\/az\/article\/zelzeleden-zererceken-mecburi-kockunem-gelmeyem-deye-ayri-seckilik-edirler\/#primaryimage"},"thumbnailUrl":"https:\/\/www.meydan.tv\/wp-content\/uploads\/73513557_3226190640756708_2966771938434744320_n.jpg","articleSection":["B\u00f6lg\u0259"],"inLanguage":"az"},{"@type":"WebPage","@id":"https:\/\/www.meydan.tv\/az\/article\/zelzeleden-zererceken-mecburi-kockunem-gelmeyem-deye-ayri-seckilik-edirler\/","url":"https:\/\/www.meydan.tv\/az\/article\/zelzeleden-zererceken-mecburi-kockunem-gelmeyem-deye-ayri-seckilik-edirler\/","name":"Z\u0259lz\u0259l\u0259d\u0259n z\u0259r\u0259r\u00e7\u0259k\u0259n: M\u0259cburi k\u00f6\u00e7k\u00fcn\u0259m, g\u0259lm\u0259y\u0259m dey\u0259 ayr\u0131-se\u00e7kilik edirl\u0259r - MEYDAN.TV","isPartOf":{"@id":"https:\/\/www.meydan.tv\/az\/#website"},"primaryImageOfPage":{"@id":"https:\/\/www.meydan.tv\/az\/article\/zelzeleden-zererceken-mecburi-kockunem-gelmeyem-deye-ayri-seckilik-edirler\/#primaryimage"},"image":{"@id":"https:\/\/www.meydan.tv\/az\/article\/zelzeleden-zererceken-mecburi-kockunem-gelmeyem-deye-ayri-seckilik-edirler\/#primaryimage"},"thumbnailUrl":"https:\/\/www.meydan.tv\/wp-content\/uploads\/73513557_3226190640756708_2966771938434744320_n.jpg","datePublished":"2020-02-03T10:47:14+00:00","breadcrumb":{"@id":"https:\/\/www.meydan.tv\/az\/article\/zelzeleden-zererceken-mecburi-kockunem-gelmeyem-deye-ayri-seckilik-edirler\/#breadcrumb"},"inLanguage":"az","potentialAction":[{"@type":"ReadAction","target":["https:\/\/www.meydan.tv\/az\/article\/zelzeleden-zererceken-mecburi-kockunem-gelmeyem-deye-ayri-seckilik-edirler\/"]}]},{"@type":"ImageObject","inLanguage":"az","@id":"https:\/\/www.meydan.tv\/az\/article\/zelzeleden-zererceken-mecburi-kockunem-gelmeyem-deye-ayri-seckilik-edirler\/#primaryimage","url":"https:\/\/www.meydan.tv\/wp-content\/uploads\/73513557_3226190640756708_2966771938434744320_n.jpg","contentUrl":"https:\/\/www.meydan.tv\/wp-content\/uploads\/73513557_3226190640756708_2966771938434744320_n.jpg","width":960,"height":720,"caption":"Source: Specify Source"},{"@type":"BreadcrumbList","@id":"https:\/\/www.meydan.tv\/az\/article\/zelzeleden-zererceken-mecburi-kockunem-gelmeyem-deye-ayri-seckilik-edirler\/#breadcrumb","itemListElement":[{"@type":"ListItem","position":1,"name":"Ana s\u0259hif\u0259","item":"https:\/\/www.meydan.tv\/az\/"},{"@type":"ListItem","position":2,"name":"B\u00f6lg\u0259","item":"https:\/\/www.meydan.tv\/az\/section\/bolge\/"},{"@type":"ListItem","position":3,"name":"Z\u0259lz\u0259l\u0259d\u0259n z\u0259r\u0259r\u00e7\u0259k\u0259n: M\u0259cburi k\u00f6\u00e7k\u00fcn\u0259m, g\u0259lm\u0259y\u0259m dey\u0259 ayr\u0131-se\u00e7kilik edirl\u0259r"}]},{"@type":"WebSite","@id":"https:\/\/www.meydan.tv\/az\/#website","url":"https:\/\/www.meydan.tv\/az\/","name":"MEYDAN.TV","description":"Meydan TV Az\u0259rbaycan\u0131n media m\u0259kan\u0131ndak\u0131 alternativ s\u0259sidir","publisher":{"@id":"https:\/\/www.meydan.tv\/az\/#organization"},"potentialAction":[{"@type":"SearchAction","target":{"@type":"EntryPoint","urlTemplate":"https:\/\/www.meydan.tv\/az\/?s={search_term_string}"},"query-input":{"@type":"PropertyValueSpecification","valueRequired":true,"valueName":"search_term_string"}}],"inLanguage":"az"},{"@type":"Organization","@id":"https:\/\/www.meydan.tv\/az\/#organization","name":"Meydan TV","url":"https:\/\/www.meydan.tv\/az\/","logo":{"@type":"ImageObject","inLanguage":"az","@id":"https:\/\/www.meydan.tv\/az\/#\/schema\/logo\/image\/","url":"https:\/\/www.meydan.tv\/wp-content\/uploads\/2021\/07\/meydan-logo.svg","contentUrl":"https:\/\/www.meydan.tv\/wp-content\/uploads\/2021\/07\/meydan-logo.svg","width":195,"height":46,"caption":"Meydan TV"},"image":{"@id":"https:\/\/www.meydan.tv\/az\/#\/schema\/logo\/image\/"}},{"@type":"Person","@id":"https:\/\/www.meydan.tv\/az\/#\/schema\/person\/10d11eccf6da3662cf5fdab9806ea91a","name":"user-manager"}]}},"_links":{"self":[{"href":"https:\/\/www.meydan.tv\/az\/wp-json\/wp\/v2\/posts\/199069","targetHints":{"allow":["GET"]}}],"collection":[{"href":"https:\/\/www.meydan.tv\/az\/wp-json\/wp\/v2\/posts"}],"about":[{"href":"https:\/\/www.meydan.tv\/az\/wp-json\/wp\/v2\/types\/post"}],"author":[{"embeddable":true,"href":"https:\/\/www.meydan.tv\/az\/wp-json\/wp\/v2\/users\/11"}],"replies":[{"embeddable":true,"href":"https:\/\/www.meydan.tv\/az\/wp-json\/wp\/v2\/comments?post=199069"}],"version-history":[{"count":0,"href":"https:\/\/www.meydan.tv\/az\/wp-json\/wp\/v2\/posts\/199069\/revisions"}],"wp:featuredmedia":[{"embeddable":true,"href":"https:\/\/www.meydan.tv\/az\/wp-json\/wp\/v2\/media\/136821"}],"wp:attachment":[{"href":"https:\/\/www.meydan.tv\/az\/wp-json\/wp\/v2\/media?parent=199069"}],"wp:term":[{"taxonomy":"category","embeddable":true,"href":"https:\/\/www.meydan.tv\/az\/wp-json\/wp\/v2\/categories?post=199069"},{"taxonomy":"post_tag","embeddable":true,"href":"https:\/\/www.meydan.tv\/az\/wp-json\/wp\/v2\/tags?post=199069"}],"curies":[{"name":"wp","href":"https:\/\/api.w.org\/{rel}","templated":true}]}}