{"id":199065,"date":"2020-02-02T22:28:19","date_gmt":"2020-02-02T22:28:19","guid":{"rendered":"https:\/\/www.meydan.tv\/article\/icra-bascisi-ile-tehsil-sobesinin-mudiri-istintaqa-mane-olurlar\/"},"modified":"2020-02-02T22:28:19","modified_gmt":"2020-02-02T22:28:19","slug":"icra-bascisi-ile-tehsil-sobesinin-mudiri-istintaqa-mane-olurlar","status":"publish","type":"post","link":"https:\/\/www.meydan.tv\/az\/article\/icra-bascisi-ile-tehsil-sobesinin-mudiri-istintaqa-mane-olurlar\/","title":{"rendered":"\u201c\u0130cra ba\u015f\u00e7\u0131s\u0131 il\u0259 t\u0259hsil \u015f\u00f6b\u0259sinin m\u00fcdiri istintaqa mane olurlar\u201d"},"content":{"rendered":"<p>\n  <i><br \/>\n    \u201cKe\u00e7mi\u015f icra ba\u015f\u00e7\u0131s\u0131 pul t\u0259klif etdi ki, \u015fikay\u0259t\u00e7i olmayaq\u201d<br \/>\n  <\/i>\n<\/p>\n<p>\n  \u201cQarda\u015f\u0131m\u0131 intihara s\u00fcr\u00fckl\u0259dikl\u0259ri b\u0259s etmir, qan\u0131n\u0131 bat\u0131rmaq ist\u0259yirl\u0259r. La\u00e7\u0131n\u0131n icra ba\u015f\u00e7\u0131s\u0131 Aqil N\u0259z\u0259rli il\u0259 rayonun t\u0259hsil \u015f\u00f6b\u0259sinin m\u00fcdiri Nicat H\u0259s\u0259nov biz\u0259 t\u0259zyiq g\u00f6st\u0259rir, h\u0259d\u0259-qorxu g\u0259lir. M\u00fcxt\u0259lif yollarla istintaqa mane olma\u011fa \u00e7al\u0131\u015f\u0131rlar\u201d.\n<\/p>\n<p>\n  Bu s\u00f6zl\u0259ri<br \/>\n  <a href=\"https:\/\/www.meydan.tv\/az\/article\/lacinin-icra-bascisini-tenqid-eden-sexsin-intihar-etdiyi-bildirilir\/?ref=search\"><br \/>\n    Meydan TV<br \/>\n  <\/a><br \/>\n  -y\u0259 2019-cu il dekabr\u0131n 6-da intihar ed\u0259n La\u00e7\u0131n rayonundan olan m\u0259cburi k\u00f6\u00e7k\u00fcn M\u00fcqabil Bax\u0131\u015fovun qarda\u015f\u0131 \u00dcnsiyy\u0259t Bax\u0131\u015fov deyir.\n<\/p>\n<p>\n  A\u011fcab\u0259di rayonunun Taxta K\u00f6rp\u00fc q\u0259s\u0259b\u0259sind\u0259 ya\u015fayan \u015fikay\u0259t\u00e7i s\u00f6yl\u0259yir ki, qarda\u015f\u0131n\u0131n \u00f6l\u00fcm\u00fcnd\u0259n sonra A\u011fcab\u0259di Rayon Prokurorlu\u011funda Cinay\u0259t M\u0259c\u0259ll\u0259sinin 125-ci (\u00f6z\u00fcn\u00fc \u00f6ld\u00fcrm\u0259 h\u0259ddin\u0259 \u00e7atd\u0131rma) madd\u0259si il\u0259 i\u015f a\u00e7\u0131l\u0131b. Bir m\u00fcdd\u0259t sonra is\u0259 cinay\u0259t i\u015fi A\u011fcab\u0259di Rayon Prokurorlu\u011fundan al\u0131n\u0131b, haz\u0131rda Bak\u0131 \u015e\u0259h\u0259r A\u011f\u0131r Cinay\u0259tl\u0259rd\u0259 apar\u0131l\u0131r:\n<\/p>\n<p>\n  \u201cQarda\u015f\u0131m\u0131n yeddi m\u0259rasimind\u0259n sonra Bak\u0131ya g\u0259ldik, Prezident Adminstrasiyas\u0131nda olduq, \u015fikay\u0259timizi bildirdik. Bundan sonra i\u015f al\u0131naraq, Bak\u0131 \u015e\u0259h\u0259r A\u011f\u0131r Cinay\u0259tl\u0259r\u0259 h\u0259val\u0259 olundu.\n<\/p>\n<p>\n  T\u0259hsil \u015f\u00f6b\u0259sinin m\u00fcdiri Nicat H\u0259s\u0259nov d\u0259v\u0259t olunub, izahat al\u0131n\u0131b. Aqil N\u0259z\u0259rli is\u0259 dindirilm\u0259y\u0259 \u00e7a\u011f\u0131r\u0131lmay\u0131b. Soru\u015fanda deyirl\u0259r ki, onun toxunulmazl\u0131\u011f\u0131 var. \u018fg\u0259r s\u0259n bir insan\u0131 \u00f6l\u00fcm h\u0259ddin\u0259 \u00e7atd\u0131rm\u0131sansa, n\u0259 toxunulmazl\u0131q? Biz bununla ba\u011fl\u0131 Ba\u015f Prokurorluqda, Prezident Adminstrasiyas\u0131nda olmu\u015fuq. Qanun ham\u0131 \u00fc\u00e7\u00fcn eynidir, biz d\u0259 bu d\u00f6vl\u0259tin v\u0259t\u0259nda\u015f\u0131y\u0131q. D\u00fc\u015f\u00fcn\u00fcr\u0259m ki, bu \u00f6lk\u0259d\u0259 b\u00fct\u00fcn insanlar\u0131n h\u00fcquqlar\u0131 b\u0259rab\u0259rdir.\n<\/p>\n<p>\n  Qarda\u015f\u0131m \u00f6l\u00fcm\u00fcnd\u0259n \u00f6nc\u0259 d\u0259f\u0259l\u0259rl\u0259 sosial \u015f\u0259b\u0259k\u0259l\u0259rd\u0259 canl\u0131 yay\u0131m edib, Aqil N\u0259z\u0259rli il\u0259 Nicat H\u0259s\u0259novun onun ba\u015f\u0131na olmaz\u0131n i\u015fl\u0259rini a\u00e7d\u011f\u0131n\u0131 des\u0259 d\u0259, buna m\u0259h\u0259l qoyan olmad\u0131. \u0130ndi yegan\u0259 xahi\u015fimiz odur ki, Prezident\u0259 s\u0259simiz \u00e7ats\u0131n. Haz\u0131rda La\u00e7\u0131n Rayon \u0130cra ba\u015f\u00e7\u0131s\u0131 Aqil N\u0259z\u0259rli v\u0259 onun qarda\u015f\u0131 M\u00fcqabil N\u0259z\u0259rli, T\u0259hsil m\u00fcdiri Nicat H\u0259s\u0259novla qarda\u015f\u0131 maliyy\u0259 \u015f\u00f6b\u0259sinin m\u00fcdiri V\u00fcsal H\u0259s\u0259nov t\u0259r\u0259find\u0259n t\u0259qib olunur, h\u0259d\u0259l\u0259r\u0259 m\u0259ruz qal\u0131r\u0131q\u201d.\n<\/p>\n<figure class=\"wp-block-image size-large\">\n  <img decoding=\"async\" src=\"https:\/\/www.meydan.tv\/az\/__nsiyy__t_bax____ov-jpg\/\" alt=\"__nsiyy__t_bax____ov.jpg\" class=\"wp-image-136665\"\/><figcaption>\n    \u00dcnsiyy\u0259t Bax\u0131\u015fov<br \/>\n  <\/figcaption><\/figure>\n<p>\n  \u201cQarda\u015f\u0131m h\u0259l\u0259 2012-ci ild\u0259 ke\u00e7mi\u015f La\u00e7\u0131n Rayon \u0130cra ba\u015f\u00e7\u0131s\u0131 t\u0259r\u0259find\u0259n \u015f\u0259rl\u0259nmi\u015fdi. A\u011fcab\u0259di Rayon M\u0259hk\u0259m\u0259si t\u0259r\u0259find\u0259n Cinay\u0259t M\u0259c\u0259ll\u0259sinin 221.3-c\u00fc (xuliqanl\u0131q) madd\u0259si il\u0259 3 il vermi\u015fdil\u0259r. Qurtard\u0131q, qoymad\u0131q yats\u0131n, c\u0259zas\u0131n\u0131 \u015f\u0259rti \u00e7\u0259kdi. Bunda sonra onu i\u015fd\u0259n azad etdil\u0259r. O vaxtdan i\u015f t\u0259l\u0259b edirdi\u201d, &#8211; \u00dcnsiyy\u0259t Bax\u0131\u015fov deyir.\n<\/p>\n<p>\n  \u015eikay\u0259t\u00e7i iddia edir ki, haz\u0131rk\u0131 icra ba\u015f\u00e7\u0131s\u0131 da M\u00fcqabil Bax\u0131\u015fova qar\u015f\u0131 q\u0259r\u0259zli m\u00f6vqed\u0259 olub. Onun d\u0259f\u0259l\u0259rl\u0259 icra hakimiyy\u0259tin\u0259 ged\u0259r\u0259k, i\u015f ist\u0259m\u0259si t\u0259l\u0259bl\u0259rin\u0259 m\u0259h\u0259l qoymay\u0131b:\n<\/p>\n<p>\n  \u201c\u0130cra ba\u015f\u00e7\u0131s\u0131 Aqil N\u0259z\u0259rli 2016-c\u0131 ild\u0259 v\u0259zif\u0259y\u0259 t\u0259yin olundu. O da h\u0259minki v\u0259ziyy\u0259t kimi qarda\u015f\u0131m\u0131 \u015f\u0259rl\u0259di. La\u00e7\u0131n Rayon M\u0259hk\u0259m\u0259si 178.2.2-ci (d\u0259l\u0259duzluq) v\u0259 178.2.3-c\u00fc (\u015f\u0259xs t\u0259r\u0259find\u0259n \u00f6z qulluq m\u00f6vqeyind\u0259n istifad\u0259 etm\u0259kl\u0259 t\u00f6r\u0259dildikd\u0259) madd\u0259l\u0259ri il\u0259 t\u0259qsirli bilin\u0259r\u0259k 4 il m\u00fcdd\u0259tind\u0259 azadl\u0131qdan m\u0259hrum etdi. \u00dcst\u0259lik, 1 il 6 ay m\u00fcdd\u0259tin\u0259 d\u00f6vl\u0259t v\u0259 yerli \u00f6z\u00fcn\u00fcidar\u0259etm\u0259 orqanlar\u0131nda r\u0259hb\u0259r v\u0259zif\u0259 tutmaq h\u00fcququndan m\u0259hrum olundu. Bir il, bir ay yatandan sonra, Prezidentin f\u0259rman\u0131na \u0259sas\u0259n qarda\u015f\u0131m h\u0259bsd\u0259n azadl\u0131\u011fa burax\u0131ld\u0131. Bundan sonra n\u0259 q\u0259d\u0259r ist\u0259s\u0259 d\u0259, c\u0259za \u00e7\u0259kdiyi \u00fc\u00e7\u00fcn ona i\u015f verm\u0259dil\u0259r. \u0130cra ba\u015f\u00e7\u0131s\u0131 Aqil N\u0259z\u0259rlid\u0259n n\u0259 q\u0259d\u0259r xahi\u015f etdik ki, qarda\u015f\u0131ma i\u015f verin, m\u0259h\u0259l qoymad\u0131. D\u00fcz, iki il\u0259 yax\u0131n bu durum davam etdi. \u00d6lk\u0259 ba\u015f\u00e7\u0131s\u0131na v\u0259 aidiyyat\u0131 qurumlara d\u0259f\u0259l\u0259rl\u0259 m\u00fcraci\u0259t etdi, ancaq qarda\u015f\u0131ma i\u015f verm\u0259dil\u0259r\u201d.\n<\/p>\n<p>\n  \u015eikay\u0259t\u00e7inin dediyin\u0259 g\u00f6r\u0259, \u00f6t\u0259n il T\u0259hsil naziri Ceyhun Bayramov rayonda olark\u0259n m\u0259rhum M\u00fcqabil Bax\u0131\u015fov onunla g\u00f6r\u00fc\u015f\u00fcb. Nazird\u0259n i\u015fl\u0259 t\u0259min olunmas\u0131n\u0131 ist\u0259yib:\n<\/p>\n<p>\n  \u201cG\u00f6r\u00fc\u015fd\u0259n sonra r\u0259smil\u0259\u015fdirilmi\u015fdi ki, q\u0131sa m\u00fcdd\u0259td\u0259 A\u011fcab\u0259di rayonu, Taxta K\u00f6rp\u00fc q\u0259s\u0259b\u0259 tam orta m\u0259kt\u0259bind\u0259 t\u0259s\u0259rr\u00fcfat i\u015fl\u0259ri \u00fczr\u0259 m\u00fcavin yerin\u0259 vakansiya olacaq, qarda\u015f\u0131m h\u0259min v\u0259zif\u0259y\u0259 t\u0259yin edilsin. Vakansiya olanda qarda\u015f\u0131ma h\u0259min i\u015fi verm\u0259dil\u0259r.\n<\/p>\n<p>\n  Son zamanlar i\u015f ist\u0259y\u0259nd\u0259 \u00f6l\u00fcml\u0259, ail\u0259-u\u015fa\u011f\u0131 il\u0259 h\u0259d\u0259-qorxu g\u0259lirdil\u0259r. Aqil N\u0259z\u0259rli v\u0259 Nicat H\u0259s\u0259nov qarda\u015f\u0131m\u0131 t\u0259hdid edirdil\u0259r ki, s\u0259ni n\u00f6vb\u0259ti h\u0259bsl\u0259r g\u00f6zl\u0259yir.\n<\/p>\n<p>\n  2019-cu il noyabr\u0131n 6-da icra ba\u015f\u00e7\u0131s\u0131n\u0131n q\u0259bulunda oldu, m\u0259n d\u0259 orada idim. Aqil N\u0259z\u0259rli qarda\u015f\u0131ma konkret olaraq dedi ki, m\u0259n ba\u015fc\u0131 oldu\u011fum m\u00fcdd\u0259td\u0259 s\u0259n i\u015fl\u0259 t\u0259min olunmayacaqsan. S\u0259b\u0259bini soru\u015fanda, bildirdi ki, haqq\u0131mda yuxar\u0131 orqanlara yazm\u0131san ki, guya m\u0259nim diplomum saxtad\u0131r, h\u0259rbi xidm\u0259td\u0259 olmam\u0131\u015fam. Qarda\u015f\u0131m da \u201ci\u015f vermirs\u0259n, \u00e7ox sa\u011f ol\u201d,- deyib, qap\u0131dan \u00e7\u0131xd\u0131. \u0130cra Hakimiyy\u0259tinin h\u0259y\u0259tind\u0259 \u00fcst\u00fcn\u0259 benzin t\u00f6k\u00fcb, \u00f6z\u00fcn\u00fc yand\u0131rmaq ist\u0259di. La\u00e7\u0131n Rayon Polis \u015e\u00f6b\u0259sinin \u0259m\u0259kda\u015flar\u0131n\u0131n k\u00f6m\u0259kliyi il\u0259 intihar\u0131n qar\u015f\u0131s\u0131 al\u0131nd\u0131. Bunu g\u00f6r\u0259n Aqil N\u0259z\u0259rli qarda\u015f\u0131m\u0131 t\u0259krar ota\u011f\u0131na d\u0259v\u0259t etdi. Amma eyni s\u00f6zl\u0259ri yen\u0259 dedi ki, bel\u0259 aqressiv oldu\u011fun m\u00fcdd\u0259t \u0259rzind\u0259 s\u0259n\u0259 i\u015f verilm\u0259y\u0259c\u0259k. H\u0259tta dedi ki, t\u0259krar ittihamlara \u0259l atsa, onu t\u0259hqir ets\u0259, yen\u0259 h\u0259bs olunacaq.\n<\/p>\n<figure class=\"wp-block-image size-large\">\n  <img decoding=\"async\" src=\"https:\/\/www.meydan.tv\/az\/m__qabil_bax____ovun___l__m__nd__n___nc____yazd_______m__ktubu-jpg\/\" alt=\"m__qabil_bax____ovun___l__m__nd__n___nc____yazd_______m__ktubu.jpg\" class=\"wp-image-136674\"\/><figcaption>\n    M\u00fcqabil Bax\u0131\u015fovun m\u0259ktubu<br \/>\n  <\/figcaption><\/figure>\n<p>\n  Dekabr\u0131n 4-d\u0259 qarda\u015f\u0131m bir daha icra ba\u015f\u00e7\u0131s\u0131n\u0131n v\u0259 t\u0259hsil m\u00fcdirinin q\u0259bulunda oldu, yen\u0259 n\u0259tic\u0259si olmad\u0131. Dekabr\u0131n 5-d\u0259 o, sosial \u015f\u0259b\u0259k\u0259 vasit\u0259sil\u0259 canl\u0131 yay\u0131m a\u00e7araq, \u00f6lk\u0259 prezidentin\u0259 m\u00fcraci\u0259t etdi ki, i\u015fl\u0259 ba\u011fl\u0131 says\u0131z-hesabs\u0131z m\u00fcraci\u0259tl\u0259rim\u0259 bax\u0131lm\u0131r. Bildirdi ki, m\u0259ni intihar h\u0259ddin\u0259 \u00e7atd\u0131r\u0131blar. Ard\u0131nca, y\u0259ni dekabr\u0131n 6-da intihar etdi. M\u0259ktub yazm\u0131\u015fd\u0131 ki, intihar\u0131m\u0131n do\u011fmalar\u0131mla he\u00e7 bir \u0259laq\u0259si yoxdur. Aqil N\u0259z\u0259rli il\u0259 Nicat H\u0259s\u0259novun \u0259lind\u0259n intihar edir\u0259m\u201d.\n<\/p>\n<p>\n  \u00dcnsiyy\u0259t Bax\u0131\u015fov iddia edir ki, qarda\u015f\u0131n\u0131n \u00f6l\u00fcm\u00fcnd\u0259n sonra La\u00e7\u0131n rayonun ke\u00e7mi\u015f icra ba\u015f\u00e7\u0131s\u0131 Ramiz C\u0259bray\u0131lov onun ail\u0259si il\u0259 telefon \u0259laq\u0259si quraraq, haz\u0131rk\u0131 icra ba\u015f\u00e7\u0131s\u0131 Aqil N\u0259z\u0259rliy\u0259 qar\u015f\u0131 ittihamlar\u0131n\u0131 geri g\u00f6t\u00fcrm\u0259yi t\u00f6vsiy\u0259 edib:\n<\/p>\n<p>\n  \u201cRamiz C\u0259bray\u0131lov qarda\u015f\u0131m\u0131n 3 m\u0259rasimind\u0259 atama z\u0259ng edib, dan\u0131\u015fd\u0131. Telefonda n\u0259 dedis\u0259 atam onu t\u0259hqir etdi. Sonra telefonu al\u0131b, m\u0259n dan\u0131\u015f\u0131\u011f\u0131 davam etdirdim, soru\u015fdum ki, kimsiniz? Dedi ki, Ramiz C\u0259bray\u0131lovdur, m\u0259n telefonu ba\u011flad\u0131m. T\u0259krar y\u0131\u011fd\u0131, dedi ki, m\u0259nim \u0259v\u0259zimd\u0259n atan Bax\u0131\u015f\u0131n v\u0259 anan\u0131n \u0259lind\u0259n \u00f6p\u0259rs\u0259n, ad\u0131mdan ba\u015fsa\u011fl\u0131\u011f\u0131 ver\u0259rs\u0259n. \u00c7\u0259kil k\u0259nara, s\u0259n\u0259 s\u00f6z\u00fcm var. Dedi ki, \u00dcnsiyy\u0259t, m\u0259nd\u0259n olsa \u015fikay\u0259t etm\u0259zsiniz, s\u0259ni yax\u015f\u0131 o\u011flan bilir\u0259m. S\u0259n\u0259 d\u0259 t\u00f6vsiy\u0259m budur ki, n\u0259 q\u0259d\u0259r pul laz\u0131md\u0131rsa, verim, \u015fikay\u0259t etm\u0259yin. Soru\u015fdu ki, qarda\u015f\u0131na g\u00f6r\u0259 n\u0259 q\u0259d\u0259r pul ist\u0259yirsiniz? 100 min manata yax\u0131n pul t\u0259klif etdi ki, \u015fikay\u0259t\u00e7i olmayaq. Ondan soru\u015fdum ki, s\u0259n qarda\u015f\u0131m\u0131n qan\u0131n\u0131 bat\u0131rmaq ist\u0259yirs\u0259n? Sonra ona olmaz\u0131n s\u00f6zl\u0259rini deyib telefonu ba\u011flad\u0131m. Aqil N\u0259z\u0259rli il\u0259 Ramiz C\u0259bray\u0131lovun yax\u0131n qohumluq \u0259laq\u0259si var. H\u0259min telefon dan\u0131\u015f\u0131\u011f\u0131 il\u0259 ba\u011fl\u0131 A\u011f\u0131r Cinay\u0259tl\u0259r\u0259 m\u0259lumat vermi\u015f\u0259m. Dan\u0131\u015f\u0131qlar \u201cAzercell\u201d t\u0259r\u0259find\u0259n \u00e7\u0131xar\u0131l\u0131b\u201d.\n<\/p>\n<p>\n  2007-2013-c\u00fc ill\u0259rd\u0259 La\u00e7\u0131n Rayon \u0130cra Hakimiyy\u0259tinin ba\u015f\u00e7\u0131s\u0131 olmu\u015f Ramiz C\u0259bray\u0131lov Meydan TV-y\u0259 a\u00e7\u0131qlamas\u0131nda haz\u0131rk\u0131 icra ba\u015f\u00e7\u0131s\u0131 il\u0259 he\u00e7 bir qohumluq \u0259laq\u0259sinin olmad\u0131\u011f\u0131n\u0131 s\u00f6yl\u0259yib. Qar\u015f\u0131 t\u0259r\u0259fin ittihamlar\u0131n\u0131 b\u00f6htan adland\u0131r\u0131b:\n<\/p>\n<p>\n  \u201cN\u0259inki Aqil N\u0259z\u0259rli, \u00fcmumiyy\u0259tl\u0259, Taxta K\u00f6rp\u00fc \u0259razisind\u0259n bir n\u0259f\u0259r d\u0259 olsun qohumum yoxdur. \u00dcnsiyy\u0259t Bax\u0131\u015fovun r\u0259hm\u0259tlik qarda\u015f\u0131 M\u00fcqabill\u0259 m\u0259n yax\u015f\u0131 olmu\u015fam, ona h\u00f6rm\u0259tim ke\u00e7ib. \u00dcnsiyy\u0259t \u00f6z\u00fc m\u0259n\u0259 z\u0259ng etmi\u015fdi. Qarda\u015f\u0131n\u0131n q\u0131rx\u0131n\u0131n n\u0259 vaxt olaca\u011f\u0131n\u0131 soru\u015fdum, dedi ki, ay\u0131n 15-d\u0259dir. Ba\u015fsa\u011fl\u0131\u011f\u0131 verdim, dedim ki, \u00e7al\u0131\u015f\u0131b g\u0259l\u0259c\u0259y\u0259m. Ba\u015fa d\u00fc\u015fm\u00fcr\u0259m, bu \u015f\u0259r-b\u00f6htan n\u0259 il\u0259 ba\u011fl\u0131d\u0131r? M\u0259nim ona he\u00e7 10 q\u0259pik verm\u0259y\u0259 imkan\u0131m yoxdur. H\u0259tta milyonum da olsa, ona 10 q\u0259pik d\u0259 verm\u0259r\u0259m. H\u0259l\u0259 o q\u0259d\u0259r d\u0259 a\u011fl\u0131m\u0131 itirm\u0259mi\u015f\u0259m. M\u00fcasir Az\u0259rbaycanda ya\u015fay\u0131r\u0131q, istintaq orqan\u0131 deyil\u0259m ki, kim\u0259s\u0259 t\u0259sir g\u00f6st\u0259rim. \u00d6l\u0259n\u0259 Allah r\u0259hm\u0259t etsin, m\u0259nim n\u0259 i\u015fim\u0259 qal\u0131b? \u00d6l\u00fcm i\u015fin\u0259 kimins\u0259 \u015fikay\u0259t\u00e7i olmas\u0131ndan as\u0131l\u0131 olmayaraq, istintaq sonad\u0259k getm\u0259lidir. Bu, k\u00fc\u00e7\u0259, yaxud ail\u0259 davas\u0131 deyil ki, \u015fikay\u0259ti geri g\u00f6t\u00fcr\u0259s\u0259n. Bu, \u00f6l\u00fcm i\u015fidir, kimins\u0259 m\u00f6vqeyind\u0259n as\u0131l\u0131 olmayaraq istintaq sonad\u0259k getm\u0259lidir. Onu m\u0259hk\u0259m\u0259y\u0259 ver\u0259r\u0259m. S\u00fcbut etm\u0259lidir ki, m\u0259n ona pul t\u0259klif etmi\u015f\u0259m. Ya s\u0259s yaz\u0131s\u0131 ortaya qoymal\u0131d\u0131r, ya da \u015fahid g\u00f6st\u0259rm\u0259lidir ki, 100 min manat pul t\u0259klif edilib\u201d.\n<\/p>\n<figure class=\"wp-block-image size-large\">\n  <img decoding=\"async\" src=\"https:\/\/www.meydan.tv\/az\/m__qabil_bax____ovun___l__m__nd__n___nc___o__luna_yazd_______m__ktubu-jpg\/\" alt=\"m__qabil_bax____ovun___l__m__nd__n___nc___o__luna_yazd_______m__ktubu.jpg\" class=\"wp-image-136680\"\/><figcaption>\n    M\u00fcqabil Bax\u0131\u015fovun m\u0259ktubu<br \/>\n  <\/figcaption><\/figure>\n<p>\n  La\u00e7\u0131n Rayon T\u0259hsil \u015e\u00f6b\u0259sinin m\u00fcdiri Nicat H\u0259s\u0259nov Meydan TV-y\u0259 \u201cBu m\u0259s\u0259l\u0259nin t\u0259hsil \u015f\u00f6b\u0259sin\u0259 he\u00e7 bir aidiyyat\u0131 yoxdur. Bizim t\u0259r\u0259fimizd\u0259n d\u0259 onlara qar\u015f\u0131 he\u00e7 bir t\u0259hdid olunmur\u201d, &#8211; deyib.\n<\/p>\n<p>\n  La\u00e7\u0131n Rayon \u0130cra Hakimiyy\u0259tinin \u0130nformasiya t\u0259minat\u0131 v\u0259 t\u0259hlil sektorunun m\u00fcdiri P\u0259rviz Sevdimal\u0131yev Meydan TV-y\u0259 bildirib ki, \u015fikay\u0259t\u00e7inin s\u00f6yl\u0259dikl\u0259ri he\u00e7 bir fakta \u0259saslanm\u0131r v\u0259 tamamil\u0259 yaland\u0131r:\n<\/p>\n<p>\n  \u201cM\u00fcqabil Bax\u0131\u015fov h\u0259bsd\u0259n azad olunandan sonra La\u00e7\u0131n Rayon \u0130cra Hakimiyy\u0259tin\u0259 m\u00fcraci\u0259t ed\u0259r\u0259k i\u015fl\u0259 t\u0259min olunmas\u0131n\u0131 xahi\u015f etmi\u015fdi. M\u0259rhumun m\u0259hk\u0259m\u0259 h\u00f6km\u00fcnd\u0259 1 il 6 ay m\u00fcdd\u0259tin\u0259 d\u00f6vl\u0259t v\u0259 yerli \u00f6z\u00fcn\u00fcidar\u0259etm\u0259 orqanlar\u0131nda r\u0259hb\u0259r v\u0259zif\u0259 tutmaq h\u00fcququndan m\u0259hrum edilmi\u015fdi. Bu, n\u0259z\u0259r\u0259 al\u0131naraq o, \u00d6z\u00fcn\u00fcm\u0259\u015f\u011fulluq Proqram\u0131na c\u0259lb olunmu\u015fdu. Ki\u00e7ik biznesini qurmaq \u00fc\u00e7\u00fcn \u00d6z\u00fcn\u00fcm\u0259\u015f\u011fulluq Proqram\u0131 \u00e7\u0259r\u00e7iv\u0259sind\u0259 ona d\u00f6vl\u0259t t\u0259r\u0259find\u0259n 2018-ci ild\u0259 iyirmi bir ba\u015f x\u0131rdabuynuzlu heyvanlar verilmi\u015fdi. Bununla bel\u0259 o, t\u0259hsil sah\u0259sind\u0259 i\u015fl\u0259 t\u0259min olunmas\u0131n\u0131 t\u0259kidl\u0259 t\u0259l\u0259b edirdi. La\u00e7\u0131n rayonunun A\u011fcab\u0259di rayonunun Taxta K\u00f6rp\u00fc \u0259razisind\u0259 f\u0259aliyy\u0259t g\u00f6st\u0259r\u0259n \u00fcmumt\u0259hsil m\u0259kt\u0259bl\u0259rind\u0259n birind\u0259 direktor m\u00fcavini v\u0259zif\u0259sin\u0259 t\u0259yin olunmas\u0131n\u0131 ist\u0259yirdi. Biz ona d\u0259f\u0259l\u0259rl\u0259 i\u015f\u0259 q\u0259bulun T\u0259hsil Nazirliyi t\u0259r\u0259find\u0259n t\u0259\u015fkil olunan m\u00fcsabiq\u0259d\u0259 i\u015ftirak etm\u0259kl\u0259 h\u0259yata ke\u00e7irildiyini \u0259trafl\u0131 izah etmi\u015fdik. M\u00fcqabil Bax\u0131\u015fovun intihar etm\u0259sinin La\u00e7\u0131n Rayon \u0130cra Hakimiyy\u0259tinin ba\u015f\u00e7\u0131s\u0131 v\u0259 T\u0259hsil \u015e\u00f6b\u0259sinin m\u00fcdiri il\u0259 he\u00e7 bir \u0259laq\u0259si yoxdur\u201d.\n<\/p>\n<p>\n  M\u00fcqabil Bax\u0131\u015f 2008-ci ild\u0259n t\u0259hsil sah\u0259sind\u0259 fasil\u0259l\u0259rl\u0259, tarix m\u00fc\u0259llimi, metodist kimi \u00e7al\u0131\u015f\u0131b. 2014-c\u00fc ild\u0259 yol verdiyi n\u00f6qsanlara g\u00f6r\u0259 i\u015fd\u0259n uzaqla\u015fd\u0131r\u0131l\u0131b.<\/p>\n","protected":false},"excerpt":{"rendered":"<p>\u201cQarda\u015f\u0131m\u0131n yeddi m\u0259rasimind\u0259n sonra Bak\u0131ya g\u0259ldik, Prezident Adminstrasiyas\u0131nda olduq, \u015fikay\u0259timizi bildirdik&#8221;.<\/p>\n","protected":false},"author":11,"featured_media":136806,"comment_status":"closed","ping_status":"open","sticky":false,"template":"","format":"standard","meta":{"_acf_changed":false,"_sitemap_exclude":false,"_sitemap_priority":"","_sitemap_frequency":"","footnotes":""},"categories":[60],"tags":[],"class_list":["post-199065","post","type-post","status-publish","format-standard","has-post-thumbnail","hentry","category-bolge","infinite-scroll-item","generate-columns","tablet-grid-50","mobile-grid-100","grid-parent","grid-33","no-featured-image-padding"],"acf":[],"yoast_head":"<!-- This site is optimized with the Yoast SEO plugin v27.5 - https:\/\/yoast.com\/product\/yoast-seo-wordpress\/ -->\n<title>\u201c\u0130cra ba\u015f\u00e7\u0131s\u0131 il\u0259 t\u0259hsil \u015f\u00f6b\u0259sinin m\u00fcdiri istintaqa mane olurlar\u201d - MEYDAN.TV<\/title>\n<meta name=\"robots\" content=\"index, follow, max-snippet:-1, max-image-preview:large, max-video-preview:-1\" \/>\n<link rel=\"canonical\" href=\"https:\/\/www.meydan.tv\/az\/article\/icra-bascisi-ile-tehsil-sobesinin-mudiri-istintaqa-mane-olurlar\/\" \/>\n<meta property=\"og:locale\" content=\"az_AZ\" \/>\n<meta property=\"og:type\" content=\"article\" \/>\n<meta property=\"og:title\" content=\"\u201c\u0130cra ba\u015f\u00e7\u0131s\u0131 il\u0259 t\u0259hsil \u015f\u00f6b\u0259sinin m\u00fcdiri istintaqa mane olurlar\u201d - MEYDAN.TV\" \/>\n<meta property=\"og:description\" content=\"\u201cQarda\u015f\u0131m\u0131n yeddi m\u0259rasimind\u0259n sonra Bak\u0131ya g\u0259ldik, Prezident Adminstrasiyas\u0131nda olduq, \u015fikay\u0259timizi bildirdik&quot;.\" \/>\n<meta property=\"og:url\" content=\"https:\/\/www.meydan.tv\/az\/article\/icra-bascisi-ile-tehsil-sobesinin-mudiri-istintaqa-mane-olurlar\/\" \/>\n<meta property=\"og:site_name\" content=\"MEYDAN.TV\" \/>\n<meta property=\"article:published_time\" content=\"2020-02-02T22:28:19+00:00\" \/>\n<meta property=\"og:image\" content=\"https:\/\/www.meydan.tv\/wp-content\/uploads\/untitled_design_jsbeekz.png\" \/>\n\t<meta property=\"og:image:width\" content=\"1200\" \/>\n\t<meta property=\"og:image:height\" content=\"700\" \/>\n\t<meta property=\"og:image:type\" content=\"image\/png\" \/>\n<meta name=\"author\" content=\"user-manager\" \/>\n<meta name=\"twitter:card\" content=\"summary_large_image\" \/>\n<script type=\"application\/ld+json\" class=\"yoast-schema-graph\">{\"@context\":\"https:\\\/\\\/schema.org\",\"@graph\":[{\"@type\":\"Article\",\"@id\":\"https:\\\/\\\/www.meydan.tv\\\/az\\\/article\\\/icra-bascisi-ile-tehsil-sobesinin-mudiri-istintaqa-mane-olurlar\\\/#article\",\"isPartOf\":{\"@id\":\"https:\\\/\\\/www.meydan.tv\\\/az\\\/article\\\/icra-bascisi-ile-tehsil-sobesinin-mudiri-istintaqa-mane-olurlar\\\/\"},\"author\":{\"name\":\"user-manager\",\"@id\":\"https:\\\/\\\/www.meydan.tv\\\/az\\\/#\\\/schema\\\/person\\\/10d11eccf6da3662cf5fdab9806ea91a\"},\"headline\":\"\u201c\u0130cra ba\u015f\u00e7\u0131s\u0131 il\u0259 t\u0259hsil \u015f\u00f6b\u0259sinin m\u00fcdiri istintaqa mane olurlar\u201d\",\"datePublished\":\"2020-02-02T22:28:19+00:00\",\"mainEntityOfPage\":{\"@id\":\"https:\\\/\\\/www.meydan.tv\\\/az\\\/article\\\/icra-bascisi-ile-tehsil-sobesinin-mudiri-istintaqa-mane-olurlar\\\/\"},\"wordCount\":2175,\"publisher\":{\"@id\":\"https:\\\/\\\/www.meydan.tv\\\/az\\\/#organization\"},\"image\":{\"@id\":\"https:\\\/\\\/www.meydan.tv\\\/az\\\/article\\\/icra-bascisi-ile-tehsil-sobesinin-mudiri-istintaqa-mane-olurlar\\\/#primaryimage\"},\"thumbnailUrl\":\"https:\\\/\\\/www.meydan.tv\\\/wp-content\\\/uploads\\\/untitled_design_jsbeekz.png\",\"articleSection\":[\"B\u00f6lg\u0259\"],\"inLanguage\":\"az\"},{\"@type\":\"WebPage\",\"@id\":\"https:\\\/\\\/www.meydan.tv\\\/az\\\/article\\\/icra-bascisi-ile-tehsil-sobesinin-mudiri-istintaqa-mane-olurlar\\\/\",\"url\":\"https:\\\/\\\/www.meydan.tv\\\/az\\\/article\\\/icra-bascisi-ile-tehsil-sobesinin-mudiri-istintaqa-mane-olurlar\\\/\",\"name\":\"\u201c\u0130cra ba\u015f\u00e7\u0131s\u0131 il\u0259 t\u0259hsil \u015f\u00f6b\u0259sinin m\u00fcdiri istintaqa mane olurlar\u201d - MEYDAN.TV\",\"isPartOf\":{\"@id\":\"https:\\\/\\\/www.meydan.tv\\\/az\\\/#website\"},\"primaryImageOfPage\":{\"@id\":\"https:\\\/\\\/www.meydan.tv\\\/az\\\/article\\\/icra-bascisi-ile-tehsil-sobesinin-mudiri-istintaqa-mane-olurlar\\\/#primaryimage\"},\"image\":{\"@id\":\"https:\\\/\\\/www.meydan.tv\\\/az\\\/article\\\/icra-bascisi-ile-tehsil-sobesinin-mudiri-istintaqa-mane-olurlar\\\/#primaryimage\"},\"thumbnailUrl\":\"https:\\\/\\\/www.meydan.tv\\\/wp-content\\\/uploads\\\/untitled_design_jsbeekz.png\",\"datePublished\":\"2020-02-02T22:28:19+00:00\",\"breadcrumb\":{\"@id\":\"https:\\\/\\\/www.meydan.tv\\\/az\\\/article\\\/icra-bascisi-ile-tehsil-sobesinin-mudiri-istintaqa-mane-olurlar\\\/#breadcrumb\"},\"inLanguage\":\"az\",\"potentialAction\":[{\"@type\":\"ReadAction\",\"target\":[\"https:\\\/\\\/www.meydan.tv\\\/az\\\/article\\\/icra-bascisi-ile-tehsil-sobesinin-mudiri-istintaqa-mane-olurlar\\\/\"]}]},{\"@type\":\"ImageObject\",\"inLanguage\":\"az\",\"@id\":\"https:\\\/\\\/www.meydan.tv\\\/az\\\/article\\\/icra-bascisi-ile-tehsil-sobesinin-mudiri-istintaqa-mane-olurlar\\\/#primaryimage\",\"url\":\"https:\\\/\\\/www.meydan.tv\\\/wp-content\\\/uploads\\\/untitled_design_jsbeekz.png\",\"contentUrl\":\"https:\\\/\\\/www.meydan.tv\\\/wp-content\\\/uploads\\\/untitled_design_jsbeekz.png\",\"width\":1200,\"height\":700,\"caption\":\"Source: Meydan TV\"},{\"@type\":\"BreadcrumbList\",\"@id\":\"https:\\\/\\\/www.meydan.tv\\\/az\\\/article\\\/icra-bascisi-ile-tehsil-sobesinin-mudiri-istintaqa-mane-olurlar\\\/#breadcrumb\",\"itemListElement\":[{\"@type\":\"ListItem\",\"position\":1,\"name\":\"Ana s\u0259hif\u0259\",\"item\":\"https:\\\/\\\/www.meydan.tv\\\/az\\\/\"},{\"@type\":\"ListItem\",\"position\":2,\"name\":\"B\u00f6lg\u0259\",\"item\":\"https:\\\/\\\/www.meydan.tv\\\/az\\\/section\\\/bolge\\\/\"},{\"@type\":\"ListItem\",\"position\":3,\"name\":\"\u201c\u0130cra ba\u015f\u00e7\u0131s\u0131 il\u0259 t\u0259hsil \u015f\u00f6b\u0259sinin m\u00fcdiri istintaqa mane olurlar\u201d\"}]},{\"@type\":\"WebSite\",\"@id\":\"https:\\\/\\\/www.meydan.tv\\\/az\\\/#website\",\"url\":\"https:\\\/\\\/www.meydan.tv\\\/az\\\/\",\"name\":\"MEYDAN.TV\",\"description\":\"Meydan TV Az\u0259rbaycan\u0131n media m\u0259kan\u0131ndak\u0131 alternativ s\u0259sidir\",\"publisher\":{\"@id\":\"https:\\\/\\\/www.meydan.tv\\\/az\\\/#organization\"},\"potentialAction\":[{\"@type\":\"SearchAction\",\"target\":{\"@type\":\"EntryPoint\",\"urlTemplate\":\"https:\\\/\\\/www.meydan.tv\\\/az\\\/?s={search_term_string}\"},\"query-input\":{\"@type\":\"PropertyValueSpecification\",\"valueRequired\":true,\"valueName\":\"search_term_string\"}}],\"inLanguage\":\"az\"},{\"@type\":\"Organization\",\"@id\":\"https:\\\/\\\/www.meydan.tv\\\/az\\\/#organization\",\"name\":\"Meydan TV\",\"url\":\"https:\\\/\\\/www.meydan.tv\\\/az\\\/\",\"logo\":{\"@type\":\"ImageObject\",\"inLanguage\":\"az\",\"@id\":\"https:\\\/\\\/www.meydan.tv\\\/az\\\/#\\\/schema\\\/logo\\\/image\\\/\",\"url\":\"https:\\\/\\\/www.meydan.tv\\\/wp-content\\\/uploads\\\/2021\\\/07\\\/meydan-logo.svg\",\"contentUrl\":\"https:\\\/\\\/www.meydan.tv\\\/wp-content\\\/uploads\\\/2021\\\/07\\\/meydan-logo.svg\",\"width\":195,\"height\":46,\"caption\":\"Meydan TV\"},\"image\":{\"@id\":\"https:\\\/\\\/www.meydan.tv\\\/az\\\/#\\\/schema\\\/logo\\\/image\\\/\"}},{\"@type\":\"Person\",\"@id\":\"https:\\\/\\\/www.meydan.tv\\\/az\\\/#\\\/schema\\\/person\\\/10d11eccf6da3662cf5fdab9806ea91a\",\"name\":\"user-manager\"}]}<\/script>\n<!-- \/ Yoast SEO plugin. -->","yoast_head_json":{"title":"\u201c\u0130cra ba\u015f\u00e7\u0131s\u0131 il\u0259 t\u0259hsil \u015f\u00f6b\u0259sinin m\u00fcdiri istintaqa mane olurlar\u201d - MEYDAN.TV","robots":{"index":"index","follow":"follow","max-snippet":"max-snippet:-1","max-image-preview":"max-image-preview:large","max-video-preview":"max-video-preview:-1"},"canonical":"https:\/\/www.meydan.tv\/az\/article\/icra-bascisi-ile-tehsil-sobesinin-mudiri-istintaqa-mane-olurlar\/","og_locale":"az_AZ","og_type":"article","og_title":"\u201c\u0130cra ba\u015f\u00e7\u0131s\u0131 il\u0259 t\u0259hsil \u015f\u00f6b\u0259sinin m\u00fcdiri istintaqa mane olurlar\u201d - MEYDAN.TV","og_description":"\u201cQarda\u015f\u0131m\u0131n yeddi m\u0259rasimind\u0259n sonra Bak\u0131ya g\u0259ldik, Prezident Adminstrasiyas\u0131nda olduq, \u015fikay\u0259timizi bildirdik\".","og_url":"https:\/\/www.meydan.tv\/az\/article\/icra-bascisi-ile-tehsil-sobesinin-mudiri-istintaqa-mane-olurlar\/","og_site_name":"MEYDAN.TV","article_published_time":"2020-02-02T22:28:19+00:00","og_image":[{"width":1200,"height":700,"url":"https:\/\/www.meydan.tv\/wp-content\/uploads\/untitled_design_jsbeekz.png","type":"image\/png"}],"author":"user-manager","twitter_card":"summary_large_image","schema":{"@context":"https:\/\/schema.org","@graph":[{"@type":"Article","@id":"https:\/\/www.meydan.tv\/az\/article\/icra-bascisi-ile-tehsil-sobesinin-mudiri-istintaqa-mane-olurlar\/#article","isPartOf":{"@id":"https:\/\/www.meydan.tv\/az\/article\/icra-bascisi-ile-tehsil-sobesinin-mudiri-istintaqa-mane-olurlar\/"},"author":{"name":"user-manager","@id":"https:\/\/www.meydan.tv\/az\/#\/schema\/person\/10d11eccf6da3662cf5fdab9806ea91a"},"headline":"\u201c\u0130cra ba\u015f\u00e7\u0131s\u0131 il\u0259 t\u0259hsil \u015f\u00f6b\u0259sinin m\u00fcdiri istintaqa mane olurlar\u201d","datePublished":"2020-02-02T22:28:19+00:00","mainEntityOfPage":{"@id":"https:\/\/www.meydan.tv\/az\/article\/icra-bascisi-ile-tehsil-sobesinin-mudiri-istintaqa-mane-olurlar\/"},"wordCount":2175,"publisher":{"@id":"https:\/\/www.meydan.tv\/az\/#organization"},"image":{"@id":"https:\/\/www.meydan.tv\/az\/article\/icra-bascisi-ile-tehsil-sobesinin-mudiri-istintaqa-mane-olurlar\/#primaryimage"},"thumbnailUrl":"https:\/\/www.meydan.tv\/wp-content\/uploads\/untitled_design_jsbeekz.png","articleSection":["B\u00f6lg\u0259"],"inLanguage":"az"},{"@type":"WebPage","@id":"https:\/\/www.meydan.tv\/az\/article\/icra-bascisi-ile-tehsil-sobesinin-mudiri-istintaqa-mane-olurlar\/","url":"https:\/\/www.meydan.tv\/az\/article\/icra-bascisi-ile-tehsil-sobesinin-mudiri-istintaqa-mane-olurlar\/","name":"\u201c\u0130cra ba\u015f\u00e7\u0131s\u0131 il\u0259 t\u0259hsil \u015f\u00f6b\u0259sinin m\u00fcdiri istintaqa mane olurlar\u201d - MEYDAN.TV","isPartOf":{"@id":"https:\/\/www.meydan.tv\/az\/#website"},"primaryImageOfPage":{"@id":"https:\/\/www.meydan.tv\/az\/article\/icra-bascisi-ile-tehsil-sobesinin-mudiri-istintaqa-mane-olurlar\/#primaryimage"},"image":{"@id":"https:\/\/www.meydan.tv\/az\/article\/icra-bascisi-ile-tehsil-sobesinin-mudiri-istintaqa-mane-olurlar\/#primaryimage"},"thumbnailUrl":"https:\/\/www.meydan.tv\/wp-content\/uploads\/untitled_design_jsbeekz.png","datePublished":"2020-02-02T22:28:19+00:00","breadcrumb":{"@id":"https:\/\/www.meydan.tv\/az\/article\/icra-bascisi-ile-tehsil-sobesinin-mudiri-istintaqa-mane-olurlar\/#breadcrumb"},"inLanguage":"az","potentialAction":[{"@type":"ReadAction","target":["https:\/\/www.meydan.tv\/az\/article\/icra-bascisi-ile-tehsil-sobesinin-mudiri-istintaqa-mane-olurlar\/"]}]},{"@type":"ImageObject","inLanguage":"az","@id":"https:\/\/www.meydan.tv\/az\/article\/icra-bascisi-ile-tehsil-sobesinin-mudiri-istintaqa-mane-olurlar\/#primaryimage","url":"https:\/\/www.meydan.tv\/wp-content\/uploads\/untitled_design_jsbeekz.png","contentUrl":"https:\/\/www.meydan.tv\/wp-content\/uploads\/untitled_design_jsbeekz.png","width":1200,"height":700,"caption":"Source: Meydan TV"},{"@type":"BreadcrumbList","@id":"https:\/\/www.meydan.tv\/az\/article\/icra-bascisi-ile-tehsil-sobesinin-mudiri-istintaqa-mane-olurlar\/#breadcrumb","itemListElement":[{"@type":"ListItem","position":1,"name":"Ana s\u0259hif\u0259","item":"https:\/\/www.meydan.tv\/az\/"},{"@type":"ListItem","position":2,"name":"B\u00f6lg\u0259","item":"https:\/\/www.meydan.tv\/az\/section\/bolge\/"},{"@type":"ListItem","position":3,"name":"\u201c\u0130cra ba\u015f\u00e7\u0131s\u0131 il\u0259 t\u0259hsil \u015f\u00f6b\u0259sinin m\u00fcdiri istintaqa mane olurlar\u201d"}]},{"@type":"WebSite","@id":"https:\/\/www.meydan.tv\/az\/#website","url":"https:\/\/www.meydan.tv\/az\/","name":"MEYDAN.TV","description":"Meydan TV Az\u0259rbaycan\u0131n media m\u0259kan\u0131ndak\u0131 alternativ s\u0259sidir","publisher":{"@id":"https:\/\/www.meydan.tv\/az\/#organization"},"potentialAction":[{"@type":"SearchAction","target":{"@type":"EntryPoint","urlTemplate":"https:\/\/www.meydan.tv\/az\/?s={search_term_string}"},"query-input":{"@type":"PropertyValueSpecification","valueRequired":true,"valueName":"search_term_string"}}],"inLanguage":"az"},{"@type":"Organization","@id":"https:\/\/www.meydan.tv\/az\/#organization","name":"Meydan TV","url":"https:\/\/www.meydan.tv\/az\/","logo":{"@type":"ImageObject","inLanguage":"az","@id":"https:\/\/www.meydan.tv\/az\/#\/schema\/logo\/image\/","url":"https:\/\/www.meydan.tv\/wp-content\/uploads\/2021\/07\/meydan-logo.svg","contentUrl":"https:\/\/www.meydan.tv\/wp-content\/uploads\/2021\/07\/meydan-logo.svg","width":195,"height":46,"caption":"Meydan TV"},"image":{"@id":"https:\/\/www.meydan.tv\/az\/#\/schema\/logo\/image\/"}},{"@type":"Person","@id":"https:\/\/www.meydan.tv\/az\/#\/schema\/person\/10d11eccf6da3662cf5fdab9806ea91a","name":"user-manager"}]}},"_links":{"self":[{"href":"https:\/\/www.meydan.tv\/az\/wp-json\/wp\/v2\/posts\/199065","targetHints":{"allow":["GET"]}}],"collection":[{"href":"https:\/\/www.meydan.tv\/az\/wp-json\/wp\/v2\/posts"}],"about":[{"href":"https:\/\/www.meydan.tv\/az\/wp-json\/wp\/v2\/types\/post"}],"author":[{"embeddable":true,"href":"https:\/\/www.meydan.tv\/az\/wp-json\/wp\/v2\/users\/11"}],"replies":[{"embeddable":true,"href":"https:\/\/www.meydan.tv\/az\/wp-json\/wp\/v2\/comments?post=199065"}],"version-history":[{"count":0,"href":"https:\/\/www.meydan.tv\/az\/wp-json\/wp\/v2\/posts\/199065\/revisions"}],"wp:featuredmedia":[{"embeddable":true,"href":"https:\/\/www.meydan.tv\/az\/wp-json\/wp\/v2\/media\/136806"}],"wp:attachment":[{"href":"https:\/\/www.meydan.tv\/az\/wp-json\/wp\/v2\/media?parent=199065"}],"wp:term":[{"taxonomy":"category","embeddable":true,"href":"https:\/\/www.meydan.tv\/az\/wp-json\/wp\/v2\/categories?post=199065"},{"taxonomy":"post_tag","embeddable":true,"href":"https:\/\/www.meydan.tv\/az\/wp-json\/wp\/v2\/tags?post=199065"}],"curies":[{"name":"wp","href":"https:\/\/api.w.org\/{rel}","templated":true}]}}