{"id":199054,"date":"2020-01-31T17:37:28","date_gmt":"2020-01-31T17:37:28","guid":{"rendered":"https:\/\/www.meydan.tv\/article\/erdogan-idlibe-hucumlar-davam-ederse-ankara-suriyada-emeliyyata-baslayacaq\/"},"modified":"2020-01-31T17:37:28","modified_gmt":"2020-01-31T17:37:28","slug":"erdogan-idlibe-hucumlar-davam-ederse-ankara-suriyada-emeliyyata-baslayacaq","status":"publish","type":"post","link":"https:\/\/www.meydan.tv\/az\/article\/erdogan-idlibe-hucumlar-davam-ederse-ankara-suriyada-emeliyyata-baslayacaq\/","title":{"rendered":"\u018frdo\u011fan: \u0130dlib\u0259 h\u00fccumlar davam ed\u0259rs\u0259, Ankara Suriyada \u0259m\u0259liyyata ba\u015flayacaq"},"content":{"rendered":"<p>\n  <i><br \/>\n    \u201cKims\u0259 torpa\u011f\u0131m\u0131z\u0131 t\u0259hdid ed\u0259rs\u0259, biz laz\u0131m olan\u0131 ed\u0259c\u0259yik\u201d<br \/>\n  <\/i>\n<\/p>\n<p>\n  \u201cT\u00fcrkiy\u0259 Suriyan\u0131n \u015fimal-q\u0259rb \u0259yal\u0259ti \u0130dlib\u0259 h\u0259rbi \u0259m\u0259liyyat ba\u015flada bil\u0259r\u201d, Prezident R\u0259c\u0259b Tayyib \u018frdo\u011fan c\u00fcm\u0259 g\u00fcn\u00fc Rusiyan\u0131n d\u0259st\u0259kl\u0259diyi Suriya h\u00f6kum\u0259t q\u00fcvv\u0259l\u0259rinin h\u00fccumlar\u0131n\u0131n yeni qa\u00e7q\u0131n dal\u011fas\u0131 riskin\u0259 s\u0259b\u0259b oldu\u011funu qeyd ed\u0259rk\u0259n bildirib.\n<\/p>\n<p>\n  Rusiya hava q\u00fcvv\u0259l\u0259ri t\u0259r\u0259find\u0259n d\u0259st\u0259kl\u0259n\u0259n B\u0259\u015f\u0259r \u018fs\u0259d q\u00fcvv\u0259l\u0259ri \u00f6t\u0259n h\u0259ft\u0259d\u0259n etibar\u0259n \u0130dlib\u0259 do\u011fru s\u00fcr\u0259tl\u0259 ir\u0259lil\u0259yib. Suriyan\u0131n t\u0259xmin\u0259n doqquz illik m\u00fcharib\u0259sind\u0259n geriy\u0259 qalan \u00fcsyan\u00e7\u0131lar\u0131n son b\u00f6y\u00fck qalas\u0131 olaraq tan\u0131nan \u015f\u0259h\u0259r Maarat \u0259l-Numan da daxil olmaqla h\u00f6kum\u0259t q\u00fcvv\u0259l\u0259ri onlarla \u015f\u0259h\u0259ri \u0259l\u0259 ke\u00e7irib.\n<\/p>\n<p>\n  Son kampaniya h\u0259m d\u0259 m\u00fcnaqi\u015f\u0259 t\u0259r\u0259fl\u0259rini d\u0259st\u0259kl\u0259y\u0259n Ankara v\u0259 Moskva aras\u0131ndak\u0131 g\u0259rginliyi art\u0131r\u0131b. T\u00fcrkiy\u0259ni \u0130dlibd\u0259n g\u0259l\u0259c\u0259k miqrantlar\u0131n yeni dal\u011fas\u0131 narahat edir. Ankaran\u0131n b\u00f6lg\u0259d\u0259 12 m\u00fc\u015fahid\u0259 postu var. \u018frdo\u011fan 2018-ci ild\u0259 imzalanm\u0131\u015f de-eskalasiya sazi\u015finin Rusiya t\u0259r\u0259find\u0259n pozuldu\u011funu iddia edir.\n<\/p>\n<p>\n  Ankarada dan\u0131\u015fan \u018frdo\u011fan T\u00fcrkiy\u0259nin yeni bir miqrant ax\u0131n\u0131na tab g\u0259tir\u0259 bilm\u0259y\u0259c\u0259yini d\u0259f\u0259l\u0259rl\u0259 t\u0259krarlay\u0131b v\u0259 deyib ki, Ankara Suriyan\u0131n \u015fimal\u0131nda bundan \u00f6nc\u0259 h\u0259yata ke\u00e7irdiyi \u00fc\u00e7 transs\u0259rh\u0259d \u0259m\u0259liyyat kimi h\u0259rbi g\u00fcc\u0259 m\u00fcraci\u0259t ed\u0259c\u0259k. O qeyd edib ki, \u00f6lk\u0259 s\u0259rh\u0259dl\u0259ri yax\u0131nl\u0131\u011f\u0131nda yeni t\u0259hl\u00fck\u0259y\u0259 yol verilm\u0259sin\u0259 Ankara icaz\u0259 verm\u0259y\u0259c\u0259kdir.\n<\/p>\n<p>\n  \u201cKims\u0259 torpa\u011f\u0131m\u0131z\u0131 t\u0259hdid ed\u0259rs\u0259, biz laz\u0131m olan\u0131 ed\u0259c\u0259yik. \u0130dlibd\u0259ki v\u0259ziyy\u0259t tez bir \u015f\u0259raitd\u0259 normala d\u00f6nm\u0259zs\u0259, yenid\u0259n eyni yola \u0259l atmaqdan ba\u015fqa \u00e7ar\u0259miz qalmayacaq\u201d,- \u018frdo\u011fan vur\u011fulay\u0131b.\n<\/p>\n<p>\n  O, oktyabr ay\u0131nda Ankaran\u0131n terror qrupla\u015fmas\u0131 adland\u0131rd\u0131\u011f\u0131 Suriya K\u00fcrd YPG silahl\u0131lar\u0131n\u0131 h\u0259d\u0259f ald\u0131\u011f\u0131 Suriyan\u0131n \u015fimal-\u015f\u0259rqind\u0259 ba\u015fqa tutmu\u015f \u0259m\u0259liyyat se\u00e7imi il\u0259 ba\u011fl\u0131 ehtimallar\u0131 a\u00e7\u0131q burax\u0131b.\n<\/p>\n<p>\n  \u201cH\u0259rbi q\u00fcvv\u0259 d\u0259 daxil olmaqla laz\u0131m olan\u0131 etm\u0259kd\u0259n \u00e7\u0259kinm\u0259y\u0259c\u0259yik\u201d,- o deyib.\n<\/p>\n<p>\n  C\u00fcm\u0259 g\u00fcn\u00fc Kreml bildirib ki, Rusiya \u0130dlibd\u0259ki \u00f6hd\u0259likl\u0259rin\u0259 sadiq qal\u0131b.\n<\/p>\n<p>\n  \u018fs\u0259di devirm\u0259k \u00fc\u00e7\u00fcn d\u00f6y\u00fc\u015f\u0259n \u00fcsyan\u00e7\u0131lara d\u0259st\u0259k ver\u0259n T\u00fcrkiy\u0259 haz\u0131rda 3,6 milyondan \u00e7ox suriyal\u0131 qa\u00e7q\u0131na ev sahibliyi edir. \u0130ran, Rusiya m\u00fcnaqi\u015f\u0259nin siyasi h\u0259llini axtard\u0131qlar\u0131n\u0131 bildirs\u0259 d\u0259, \u018frdo\u011fan d\u0259f\u0259l\u0259rl\u0259 \u018fs\u0259din istefas\u0131n\u0131 t\u0259l\u0259b edib.\n<\/p>\n<p>\n  \u201cRejimin xalq\u0131na \u0259zab verm\u0259k, h\u00fccum etm\u0259k, qan t\u00f6km\u0259kl\u0259 \u00f6lk\u0259mizi miqrantlar\u0131n davaml\u0131 t\u0259hdidi alt\u0131na salmas\u0131na imkan verm\u0259y\u0259c\u0259yik\u201d, &#8211; \u018frdo\u011fan bildirib.<\/p>\n","protected":false},"excerpt":{"rendered":"<p>\u201cKims\u0259 torpa\u011f\u0131m\u0131z\u0131 t\u0259hdid ed\u0259rs\u0259, biz laz\u0131m olan\u0131 ed\u0259c\u0259yik\u201d<\/p>\n","protected":false},"author":11,"featured_media":93366,"comment_status":"closed","ping_status":"open","sticky":false,"template":"","format":"standard","meta":{"_acf_changed":false,"_sitemap_exclude":false,"_sitemap_priority":"","_sitemap_frequency":"","footnotes":""},"categories":[64],"tags":[],"class_list":["post-199054","post","type-post","status-publish","format-standard","has-post-thumbnail","hentry","category-dunya","infinite-scroll-item","generate-columns","tablet-grid-50","mobile-grid-100","grid-parent","grid-33","no-featured-image-padding"],"acf":[],"yoast_head":"<!-- This site is optimized with the Yoast SEO plugin v27.5 - https:\/\/yoast.com\/product\/yoast-seo-wordpress\/ -->\n<title>\u018frdo\u011fan: \u0130dlib\u0259 h\u00fccumlar davam ed\u0259rs\u0259, Ankara Suriyada \u0259m\u0259liyyata ba\u015flayacaq - MEYDAN.TV<\/title>\n<meta name=\"robots\" content=\"index, follow, max-snippet:-1, max-image-preview:large, max-video-preview:-1\" \/>\n<link rel=\"canonical\" href=\"https:\/\/www.meydan.tv\/az\/article\/erdogan-idlibe-hucumlar-davam-ederse-ankara-suriyada-emeliyyata-baslayacaq\/\" \/>\n<meta property=\"og:locale\" content=\"az_AZ\" \/>\n<meta property=\"og:type\" content=\"article\" \/>\n<meta property=\"og:title\" content=\"\u018frdo\u011fan: \u0130dlib\u0259 h\u00fccumlar davam ed\u0259rs\u0259, Ankara Suriyada \u0259m\u0259liyyata ba\u015flayacaq - MEYDAN.TV\" \/>\n<meta property=\"og:description\" content=\"\u201cKims\u0259 torpa\u011f\u0131m\u0131z\u0131 t\u0259hdid ed\u0259rs\u0259, biz laz\u0131m olan\u0131 ed\u0259c\u0259yik\u201d\" \/>\n<meta property=\"og:url\" content=\"https:\/\/www.meydan.tv\/az\/article\/erdogan-idlibe-hucumlar-davam-ederse-ankara-suriyada-emeliyyata-baslayacaq\/\" \/>\n<meta property=\"og:site_name\" content=\"MEYDAN.TV\" \/>\n<meta property=\"article:published_time\" content=\"2020-01-31T17:37:28+00:00\" \/>\n<meta property=\"og:image\" content=\"https:\/\/www.meydan.tv\/wp-content\/uploads\/36867.jpg\" \/>\n\t<meta property=\"og:image:width\" content=\"1400\" \/>\n\t<meta property=\"og:image:height\" content=\"977\" \/>\n\t<meta property=\"og:image:type\" content=\"image\/jpeg\" \/>\n<meta name=\"author\" content=\"user-manager\" \/>\n<meta name=\"twitter:card\" content=\"summary_large_image\" \/>\n<script type=\"application\/ld+json\" class=\"yoast-schema-graph\">{\"@context\":\"https:\\\/\\\/schema.org\",\"@graph\":[{\"@type\":\"Article\",\"@id\":\"https:\\\/\\\/www.meydan.tv\\\/az\\\/article\\\/erdogan-idlibe-hucumlar-davam-ederse-ankara-suriyada-emeliyyata-baslayacaq\\\/#article\",\"isPartOf\":{\"@id\":\"https:\\\/\\\/www.meydan.tv\\\/az\\\/article\\\/erdogan-idlibe-hucumlar-davam-ederse-ankara-suriyada-emeliyyata-baslayacaq\\\/\"},\"author\":{\"name\":\"user-manager\",\"@id\":\"https:\\\/\\\/www.meydan.tv\\\/az\\\/#\\\/schema\\\/person\\\/10d11eccf6da3662cf5fdab9806ea91a\"},\"headline\":\"\u018frdo\u011fan: \u0130dlib\u0259 h\u00fccumlar davam ed\u0259rs\u0259, Ankara Suriyada \u0259m\u0259liyyata ba\u015flayacaq\",\"datePublished\":\"2020-01-31T17:37:28+00:00\",\"mainEntityOfPage\":{\"@id\":\"https:\\\/\\\/www.meydan.tv\\\/az\\\/article\\\/erdogan-idlibe-hucumlar-davam-ederse-ankara-suriyada-emeliyyata-baslayacaq\\\/\"},\"wordCount\":538,\"publisher\":{\"@id\":\"https:\\\/\\\/www.meydan.tv\\\/az\\\/#organization\"},\"image\":{\"@id\":\"https:\\\/\\\/www.meydan.tv\\\/az\\\/article\\\/erdogan-idlibe-hucumlar-davam-ederse-ankara-suriyada-emeliyyata-baslayacaq\\\/#primaryimage\"},\"thumbnailUrl\":\"https:\\\/\\\/www.meydan.tv\\\/wp-content\\\/uploads\\\/36867.jpg\",\"articleSection\":[\"D\u00fcnya\"],\"inLanguage\":\"az\"},{\"@type\":\"WebPage\",\"@id\":\"https:\\\/\\\/www.meydan.tv\\\/az\\\/article\\\/erdogan-idlibe-hucumlar-davam-ederse-ankara-suriyada-emeliyyata-baslayacaq\\\/\",\"url\":\"https:\\\/\\\/www.meydan.tv\\\/az\\\/article\\\/erdogan-idlibe-hucumlar-davam-ederse-ankara-suriyada-emeliyyata-baslayacaq\\\/\",\"name\":\"\u018frdo\u011fan: \u0130dlib\u0259 h\u00fccumlar davam ed\u0259rs\u0259, Ankara Suriyada \u0259m\u0259liyyata ba\u015flayacaq - MEYDAN.TV\",\"isPartOf\":{\"@id\":\"https:\\\/\\\/www.meydan.tv\\\/az\\\/#website\"},\"primaryImageOfPage\":{\"@id\":\"https:\\\/\\\/www.meydan.tv\\\/az\\\/article\\\/erdogan-idlibe-hucumlar-davam-ederse-ankara-suriyada-emeliyyata-baslayacaq\\\/#primaryimage\"},\"image\":{\"@id\":\"https:\\\/\\\/www.meydan.tv\\\/az\\\/article\\\/erdogan-idlibe-hucumlar-davam-ederse-ankara-suriyada-emeliyyata-baslayacaq\\\/#primaryimage\"},\"thumbnailUrl\":\"https:\\\/\\\/www.meydan.tv\\\/wp-content\\\/uploads\\\/36867.jpg\",\"datePublished\":\"2020-01-31T17:37:28+00:00\",\"breadcrumb\":{\"@id\":\"https:\\\/\\\/www.meydan.tv\\\/az\\\/article\\\/erdogan-idlibe-hucumlar-davam-ederse-ankara-suriyada-emeliyyata-baslayacaq\\\/#breadcrumb\"},\"inLanguage\":\"az\",\"potentialAction\":[{\"@type\":\"ReadAction\",\"target\":[\"https:\\\/\\\/www.meydan.tv\\\/az\\\/article\\\/erdogan-idlibe-hucumlar-davam-ederse-ankara-suriyada-emeliyyata-baslayacaq\\\/\"]}]},{\"@type\":\"ImageObject\",\"inLanguage\":\"az\",\"@id\":\"https:\\\/\\\/www.meydan.tv\\\/az\\\/article\\\/erdogan-idlibe-hucumlar-davam-ederse-ankara-suriyada-emeliyyata-baslayacaq\\\/#primaryimage\",\"url\":\"https:\\\/\\\/www.meydan.tv\\\/wp-content\\\/uploads\\\/36867.jpg\",\"contentUrl\":\"https:\\\/\\\/www.meydan.tv\\\/wp-content\\\/uploads\\\/36867.jpg\",\"width\":1400,\"height\":977,\"caption\":\"Source:\"},{\"@type\":\"BreadcrumbList\",\"@id\":\"https:\\\/\\\/www.meydan.tv\\\/az\\\/article\\\/erdogan-idlibe-hucumlar-davam-ederse-ankara-suriyada-emeliyyata-baslayacaq\\\/#breadcrumb\",\"itemListElement\":[{\"@type\":\"ListItem\",\"position\":1,\"name\":\"Ana s\u0259hif\u0259\",\"item\":\"https:\\\/\\\/www.meydan.tv\\\/az\\\/\"},{\"@type\":\"ListItem\",\"position\":2,\"name\":\"D\u00fcnya\",\"item\":\"https:\\\/\\\/www.meydan.tv\\\/az\\\/section\\\/dunya\\\/\"},{\"@type\":\"ListItem\",\"position\":3,\"name\":\"\u018frdo\u011fan: \u0130dlib\u0259 h\u00fccumlar davam ed\u0259rs\u0259, Ankara Suriyada \u0259m\u0259liyyata ba\u015flayacaq\"}]},{\"@type\":\"WebSite\",\"@id\":\"https:\\\/\\\/www.meydan.tv\\\/az\\\/#website\",\"url\":\"https:\\\/\\\/www.meydan.tv\\\/az\\\/\",\"name\":\"MEYDAN.TV\",\"description\":\"Meydan TV Az\u0259rbaycan\u0131n media m\u0259kan\u0131ndak\u0131 alternativ s\u0259sidir\",\"publisher\":{\"@id\":\"https:\\\/\\\/www.meydan.tv\\\/az\\\/#organization\"},\"potentialAction\":[{\"@type\":\"SearchAction\",\"target\":{\"@type\":\"EntryPoint\",\"urlTemplate\":\"https:\\\/\\\/www.meydan.tv\\\/az\\\/?s={search_term_string}\"},\"query-input\":{\"@type\":\"PropertyValueSpecification\",\"valueRequired\":true,\"valueName\":\"search_term_string\"}}],\"inLanguage\":\"az\"},{\"@type\":\"Organization\",\"@id\":\"https:\\\/\\\/www.meydan.tv\\\/az\\\/#organization\",\"name\":\"Meydan TV\",\"url\":\"https:\\\/\\\/www.meydan.tv\\\/az\\\/\",\"logo\":{\"@type\":\"ImageObject\",\"inLanguage\":\"az\",\"@id\":\"https:\\\/\\\/www.meydan.tv\\\/az\\\/#\\\/schema\\\/logo\\\/image\\\/\",\"url\":\"https:\\\/\\\/www.meydan.tv\\\/wp-content\\\/uploads\\\/2021\\\/07\\\/meydan-logo.svg\",\"contentUrl\":\"https:\\\/\\\/www.meydan.tv\\\/wp-content\\\/uploads\\\/2021\\\/07\\\/meydan-logo.svg\",\"width\":195,\"height\":46,\"caption\":\"Meydan TV\"},\"image\":{\"@id\":\"https:\\\/\\\/www.meydan.tv\\\/az\\\/#\\\/schema\\\/logo\\\/image\\\/\"}},{\"@type\":\"Person\",\"@id\":\"https:\\\/\\\/www.meydan.tv\\\/az\\\/#\\\/schema\\\/person\\\/10d11eccf6da3662cf5fdab9806ea91a\",\"name\":\"user-manager\"}]}<\/script>\n<!-- \/ Yoast SEO plugin. -->","yoast_head_json":{"title":"\u018frdo\u011fan: \u0130dlib\u0259 h\u00fccumlar davam ed\u0259rs\u0259, Ankara Suriyada \u0259m\u0259liyyata ba\u015flayacaq - MEYDAN.TV","robots":{"index":"index","follow":"follow","max-snippet":"max-snippet:-1","max-image-preview":"max-image-preview:large","max-video-preview":"max-video-preview:-1"},"canonical":"https:\/\/www.meydan.tv\/az\/article\/erdogan-idlibe-hucumlar-davam-ederse-ankara-suriyada-emeliyyata-baslayacaq\/","og_locale":"az_AZ","og_type":"article","og_title":"\u018frdo\u011fan: \u0130dlib\u0259 h\u00fccumlar davam ed\u0259rs\u0259, Ankara Suriyada \u0259m\u0259liyyata ba\u015flayacaq - MEYDAN.TV","og_description":"\u201cKims\u0259 torpa\u011f\u0131m\u0131z\u0131 t\u0259hdid ed\u0259rs\u0259, biz laz\u0131m olan\u0131 ed\u0259c\u0259yik\u201d","og_url":"https:\/\/www.meydan.tv\/az\/article\/erdogan-idlibe-hucumlar-davam-ederse-ankara-suriyada-emeliyyata-baslayacaq\/","og_site_name":"MEYDAN.TV","article_published_time":"2020-01-31T17:37:28+00:00","og_image":[{"width":1400,"height":977,"url":"https:\/\/www.meydan.tv\/wp-content\/uploads\/36867.jpg","type":"image\/jpeg"}],"author":"user-manager","twitter_card":"summary_large_image","schema":{"@context":"https:\/\/schema.org","@graph":[{"@type":"Article","@id":"https:\/\/www.meydan.tv\/az\/article\/erdogan-idlibe-hucumlar-davam-ederse-ankara-suriyada-emeliyyata-baslayacaq\/#article","isPartOf":{"@id":"https:\/\/www.meydan.tv\/az\/article\/erdogan-idlibe-hucumlar-davam-ederse-ankara-suriyada-emeliyyata-baslayacaq\/"},"author":{"name":"user-manager","@id":"https:\/\/www.meydan.tv\/az\/#\/schema\/person\/10d11eccf6da3662cf5fdab9806ea91a"},"headline":"\u018frdo\u011fan: \u0130dlib\u0259 h\u00fccumlar davam ed\u0259rs\u0259, Ankara Suriyada \u0259m\u0259liyyata ba\u015flayacaq","datePublished":"2020-01-31T17:37:28+00:00","mainEntityOfPage":{"@id":"https:\/\/www.meydan.tv\/az\/article\/erdogan-idlibe-hucumlar-davam-ederse-ankara-suriyada-emeliyyata-baslayacaq\/"},"wordCount":538,"publisher":{"@id":"https:\/\/www.meydan.tv\/az\/#organization"},"image":{"@id":"https:\/\/www.meydan.tv\/az\/article\/erdogan-idlibe-hucumlar-davam-ederse-ankara-suriyada-emeliyyata-baslayacaq\/#primaryimage"},"thumbnailUrl":"https:\/\/www.meydan.tv\/wp-content\/uploads\/36867.jpg","articleSection":["D\u00fcnya"],"inLanguage":"az"},{"@type":"WebPage","@id":"https:\/\/www.meydan.tv\/az\/article\/erdogan-idlibe-hucumlar-davam-ederse-ankara-suriyada-emeliyyata-baslayacaq\/","url":"https:\/\/www.meydan.tv\/az\/article\/erdogan-idlibe-hucumlar-davam-ederse-ankara-suriyada-emeliyyata-baslayacaq\/","name":"\u018frdo\u011fan: \u0130dlib\u0259 h\u00fccumlar davam ed\u0259rs\u0259, Ankara Suriyada \u0259m\u0259liyyata ba\u015flayacaq - MEYDAN.TV","isPartOf":{"@id":"https:\/\/www.meydan.tv\/az\/#website"},"primaryImageOfPage":{"@id":"https:\/\/www.meydan.tv\/az\/article\/erdogan-idlibe-hucumlar-davam-ederse-ankara-suriyada-emeliyyata-baslayacaq\/#primaryimage"},"image":{"@id":"https:\/\/www.meydan.tv\/az\/article\/erdogan-idlibe-hucumlar-davam-ederse-ankara-suriyada-emeliyyata-baslayacaq\/#primaryimage"},"thumbnailUrl":"https:\/\/www.meydan.tv\/wp-content\/uploads\/36867.jpg","datePublished":"2020-01-31T17:37:28+00:00","breadcrumb":{"@id":"https:\/\/www.meydan.tv\/az\/article\/erdogan-idlibe-hucumlar-davam-ederse-ankara-suriyada-emeliyyata-baslayacaq\/#breadcrumb"},"inLanguage":"az","potentialAction":[{"@type":"ReadAction","target":["https:\/\/www.meydan.tv\/az\/article\/erdogan-idlibe-hucumlar-davam-ederse-ankara-suriyada-emeliyyata-baslayacaq\/"]}]},{"@type":"ImageObject","inLanguage":"az","@id":"https:\/\/www.meydan.tv\/az\/article\/erdogan-idlibe-hucumlar-davam-ederse-ankara-suriyada-emeliyyata-baslayacaq\/#primaryimage","url":"https:\/\/www.meydan.tv\/wp-content\/uploads\/36867.jpg","contentUrl":"https:\/\/www.meydan.tv\/wp-content\/uploads\/36867.jpg","width":1400,"height":977,"caption":"Source:"},{"@type":"BreadcrumbList","@id":"https:\/\/www.meydan.tv\/az\/article\/erdogan-idlibe-hucumlar-davam-ederse-ankara-suriyada-emeliyyata-baslayacaq\/#breadcrumb","itemListElement":[{"@type":"ListItem","position":1,"name":"Ana s\u0259hif\u0259","item":"https:\/\/www.meydan.tv\/az\/"},{"@type":"ListItem","position":2,"name":"D\u00fcnya","item":"https:\/\/www.meydan.tv\/az\/section\/dunya\/"},{"@type":"ListItem","position":3,"name":"\u018frdo\u011fan: \u0130dlib\u0259 h\u00fccumlar davam ed\u0259rs\u0259, Ankara Suriyada \u0259m\u0259liyyata ba\u015flayacaq"}]},{"@type":"WebSite","@id":"https:\/\/www.meydan.tv\/az\/#website","url":"https:\/\/www.meydan.tv\/az\/","name":"MEYDAN.TV","description":"Meydan TV Az\u0259rbaycan\u0131n media m\u0259kan\u0131ndak\u0131 alternativ s\u0259sidir","publisher":{"@id":"https:\/\/www.meydan.tv\/az\/#organization"},"potentialAction":[{"@type":"SearchAction","target":{"@type":"EntryPoint","urlTemplate":"https:\/\/www.meydan.tv\/az\/?s={search_term_string}"},"query-input":{"@type":"PropertyValueSpecification","valueRequired":true,"valueName":"search_term_string"}}],"inLanguage":"az"},{"@type":"Organization","@id":"https:\/\/www.meydan.tv\/az\/#organization","name":"Meydan TV","url":"https:\/\/www.meydan.tv\/az\/","logo":{"@type":"ImageObject","inLanguage":"az","@id":"https:\/\/www.meydan.tv\/az\/#\/schema\/logo\/image\/","url":"https:\/\/www.meydan.tv\/wp-content\/uploads\/2021\/07\/meydan-logo.svg","contentUrl":"https:\/\/www.meydan.tv\/wp-content\/uploads\/2021\/07\/meydan-logo.svg","width":195,"height":46,"caption":"Meydan TV"},"image":{"@id":"https:\/\/www.meydan.tv\/az\/#\/schema\/logo\/image\/"}},{"@type":"Person","@id":"https:\/\/www.meydan.tv\/az\/#\/schema\/person\/10d11eccf6da3662cf5fdab9806ea91a","name":"user-manager"}]}},"_links":{"self":[{"href":"https:\/\/www.meydan.tv\/az\/wp-json\/wp\/v2\/posts\/199054","targetHints":{"allow":["GET"]}}],"collection":[{"href":"https:\/\/www.meydan.tv\/az\/wp-json\/wp\/v2\/posts"}],"about":[{"href":"https:\/\/www.meydan.tv\/az\/wp-json\/wp\/v2\/types\/post"}],"author":[{"embeddable":true,"href":"https:\/\/www.meydan.tv\/az\/wp-json\/wp\/v2\/users\/11"}],"replies":[{"embeddable":true,"href":"https:\/\/www.meydan.tv\/az\/wp-json\/wp\/v2\/comments?post=199054"}],"version-history":[{"count":0,"href":"https:\/\/www.meydan.tv\/az\/wp-json\/wp\/v2\/posts\/199054\/revisions"}],"wp:featuredmedia":[{"embeddable":true,"href":"https:\/\/www.meydan.tv\/az\/wp-json\/wp\/v2\/media\/93366"}],"wp:attachment":[{"href":"https:\/\/www.meydan.tv\/az\/wp-json\/wp\/v2\/media?parent=199054"}],"wp:term":[{"taxonomy":"category","embeddable":true,"href":"https:\/\/www.meydan.tv\/az\/wp-json\/wp\/v2\/categories?post=199054"},{"taxonomy":"post_tag","embeddable":true,"href":"https:\/\/www.meydan.tv\/az\/wp-json\/wp\/v2\/tags?post=199054"}],"curies":[{"name":"wp","href":"https:\/\/api.w.org\/{rel}","templated":true}]}}