{"id":199043,"date":"2020-01-31T15:17:09","date_gmt":"2020-01-31T15:17:09","guid":{"rendered":"https:\/\/www.meydan.tv\/article\/brexit-gunu-britaniya-avropa-ittifaqindan-cixir\/"},"modified":"2020-01-31T15:17:09","modified_gmt":"2020-01-31T15:17:09","slug":"brexit-gunu-britaniya-avropa-ittifaqindan-cixir","status":"publish","type":"post","link":"https:\/\/www.meydan.tv\/az\/article\/brexit-gunu-britaniya-avropa-ittifaqindan-cixir\/","title":{"rendered":"\u201cBrexit\u201d g\u00fcn\u00fc: Britaniya Avropa \u0130ttifaq\u0131ndan \u00e7\u0131x\u0131r"},"content":{"rendered":"<p>\n  <i><br \/>\n    Avropa \u0130ttifaq\u0131 iqtisadiyyat\u0131n\u0131n 15% -d\u0259n m\u0259hrum olacaq<br \/>\n  <\/i>\n<\/p>\n<p>\n  \u0130ngilt\u0259r\u0259 c\u00fcm\u0259 g\u00fcn\u00fc \u0130ttifaq\u0131 t\u0259rk edir. \u201cReuters\u201d bunu imperiyan\u0131n yox olmas\u0131ndan b\u0259ri d\u00fcnyada ba\u015f vermi\u015f \u0259n \u0259h\u0259miyy\u0259tli d\u0259yi\u015fiklik v\u0259 m\u00fcharib\u0259nin xarabal\u0131qlar\u0131ndan Avropa Birliyini qurmaq \u00fc\u00e7\u00fcn 70 il ortaya qoyulmu\u015f b\u00fct\u00fcn s\u0259yl\u0259r\u0259 z\u0259rb\u0259 olaraq xarakteriz\u0259 edib.\n<\/p>\n<p>\n  \u00d6lk\u0259 1973-c\u00fc ild\u0259 qo\u015fuldu\u011fu klubdan gec\u0259 yar\u0131s\u0131na bir saat qalm\u0131\u015f t\u0259rk ed\u0259c\u0259k. Bununla \u0130ngilt\u0259r\u0259 bu ilin sonuna q\u0259d\u0259r \u00fczvl\u00fcy\u00fc qorunaraq ke\u00e7id d\u00f6vr\u00fcn\u00fc ya\u015fayan \u201cno man\u2019s land\u201d-\u0259 (he\u00e7 k\u0259sin torpa\u011f\u0131) d\u00f6n\u00fc\u015f\u0259c\u0259k.\n<\/p>\n<p>\n  Avropa \u0130ttifaq\u0131 iqtisadiyyat\u0131n\u0131n 15% -d\u0259n m\u0259hrum olacaq. Bununla yana\u015f\u0131 qurum \u0259n b\u00f6y\u00fck h\u0259rbi t\u0259dar\u00fck\u00e7\u00fcs\u00fcnd\u0259n v\u0259 d\u00fcnyan\u0131n beyn\u0259lxalq maliyy\u0259 kapital\u0131 Londondan m\u0259hrum olacaq. \u201c\u0130ttifaqdan bo\u015fanmayla Birl\u0259\u015fmi\u015f Krall\u0131q \u00f6z taleyini formala\u015fd\u0131racaq v\u0259 g\u0259l\u0259c\u0259k n\u0259sill\u0259r \u00fc\u00e7\u00fcn s\u0259rv\u0259tini t\u0259yin ed\u0259c\u0259k\u201d, \u201cReuters\u201d bildirib.\n<\/p>\n<p>\n  \u201cBu \u015f\u0259f\u0259q \u00e7a\u011f\u0131n\u0131n oyand\u0131\u011f\u0131 v\u0259 p\u0259rd\u0259l\u0259rin yeni akt \u00fc\u00e7\u00fcn a\u00e7\u0131ld\u0131\u011f\u0131 and\u0131r,\u201d &#8211; Ba\u015f nazir Boris Conson (Johnson) Brexitd\u0259n sonrak\u0131 planlar haqq\u0131nda dan\u0131\u015fark\u0259n s\u00f6yl\u0259yib.\n<\/p>\n<p>\n  \u201cBu, yeni bir d\u00f6vr\u00fcn \u015f\u0259f\u0259qidir,\u201d 2016-c\u0131 ild\u0259 \u201cT\u0259rk et\u201d kampaniyas\u0131n\u0131n \u0259sas liderl\u0259rind\u0259n biri olan Conson deyib.\n<\/p>\n<p>\n  47 illik \u00fczvl\u00fcy\u0259 arxas\u0131n\u0131 \u00e7evirm\u0259yin simvolizmind\u0259n ba\u015fqa 2020-ci ilin sonuna q\u0259d\u0259r \u00e7ox az \u015fey d\u0259yi\u015f\u0259c\u0259k. Conson 2020-nin sonuna q\u0259d\u0259r d\u00fcnyan\u0131n \u0259n b\u00f6y\u00fck ticar\u0259t bloku olan Avropa \u0130ttifaq\u0131 il\u0259 geni\u015f azad ticar\u0259t m\u00fcqavil\u0259si ba\u011flayaca\u011f\u0131n\u0131 v\u0259d edib.\n<\/p>\n<p>\n  T\u0259r\u0259fdarlar \u00fc\u00e7\u00fcn \u201cBrexit\u201d Birl\u0259\u015fmi\u015f Krall\u0131\u011f\u0131n 500 milyon \u0259hali \u00fc\u00e7\u00fcn u\u011fursuz bir Alman h\u00f6kmranl\u0131\u011f\u0131 olaraq g\u00f6r\u00fcl\u0259n qurumdan \u201cm\u00fcst\u0259qillik g\u00fcn\u00fc\u201d x\u0259yal\u0131n\u0131n ger\u00e7\u0259kl\u0259\u015fm\u0259sidir.\n<\/p>\n<p>\n  M\u00fcxalifl\u0259r inan\u0131r ki, \u201cBrexit\u201d Q\u0259rbi z\u0259ifl\u0259d\u0259c\u0259k v\u0259 Birl\u0259\u015fmi\u015f Krall\u0131\u011f\u0131n qlobal n\u00fcfuzundan qalan h\u0259r \u015feyi baltalayacaq. Bu aktla iqtisadiyyat \u00e7\u00f6k\u0259c\u0259k v\u0259 n\u0259tic\u0259d\u0259 Atlantik okean\u0131n \u015fimal\u0131nda daha az kosmopolit adalar birliyi yaranacaq.<\/p>\n","protected":false},"excerpt":{"rendered":"<p>\u201cBu, yeni bir d\u00f6vr\u00fcn \u015f\u0259f\u0259qidir,\u201d 2016-c\u0131 ild\u0259 \u201cT\u0259rk et\u201d kampaniyas\u0131n\u0131n \u0259sas liderl\u0259rind\u0259n biri olan Conson deyib.<\/p>\n","protected":false},"author":11,"featured_media":62795,"comment_status":"closed","ping_status":"open","sticky":false,"template":"","format":"standard","meta":{"_acf_changed":false,"_sitemap_exclude":false,"_sitemap_priority":"","_sitemap_frequency":"","footnotes":""},"categories":[64],"tags":[],"class_list":["post-199043","post","type-post","status-publish","format-standard","has-post-thumbnail","hentry","category-dunya","infinite-scroll-item","generate-columns","tablet-grid-50","mobile-grid-100","grid-parent","grid-33","no-featured-image-padding"],"acf":[],"yoast_head":"<!-- This site is optimized with the Yoast SEO plugin v27.5 - https:\/\/yoast.com\/product\/yoast-seo-wordpress\/ -->\n<title>\u201cBrexit\u201d g\u00fcn\u00fc: Britaniya Avropa \u0130ttifaq\u0131ndan \u00e7\u0131x\u0131r - MEYDAN.TV<\/title>\n<meta name=\"robots\" content=\"index, follow, max-snippet:-1, max-image-preview:large, max-video-preview:-1\" \/>\n<link rel=\"canonical\" href=\"https:\/\/www.meydan.tv\/az\/article\/brexit-gunu-britaniya-avropa-ittifaqindan-cixir\/\" \/>\n<meta property=\"og:locale\" content=\"az_AZ\" \/>\n<meta property=\"og:type\" content=\"article\" \/>\n<meta property=\"og:title\" content=\"\u201cBrexit\u201d g\u00fcn\u00fc: Britaniya Avropa \u0130ttifaq\u0131ndan \u00e7\u0131x\u0131r - MEYDAN.TV\" \/>\n<meta property=\"og:description\" content=\"\u201cBu, yeni bir d\u00f6vr\u00fcn \u015f\u0259f\u0259qidir,\u201d 2016-c\u0131 ild\u0259 \u201cT\u0259rk et\u201d kampaniyas\u0131n\u0131n \u0259sas liderl\u0259rind\u0259n biri olan Conson deyib.\" \/>\n<meta property=\"og:url\" content=\"https:\/\/www.meydan.tv\/az\/article\/brexit-gunu-britaniya-avropa-ittifaqindan-cixir\/\" \/>\n<meta property=\"og:site_name\" content=\"MEYDAN.TV\" \/>\n<meta property=\"article:published_time\" content=\"2020-01-31T15:17:09+00:00\" \/>\n<meta property=\"og:image\" content=\"https:\/\/www.meydan.tv\/wp-content\/uploads\/23912.jpg\" \/>\n\t<meta property=\"og:image:width\" content=\"620\" \/>\n\t<meta property=\"og:image:height\" content=\"464\" \/>\n\t<meta property=\"og:image:type\" content=\"image\/jpeg\" \/>\n<meta name=\"author\" content=\"user-manager\" \/>\n<meta name=\"twitter:card\" content=\"summary_large_image\" \/>\n<script type=\"application\/ld+json\" class=\"yoast-schema-graph\">{\"@context\":\"https:\\\/\\\/schema.org\",\"@graph\":[{\"@type\":\"Article\",\"@id\":\"https:\\\/\\\/www.meydan.tv\\\/az\\\/article\\\/brexit-gunu-britaniya-avropa-ittifaqindan-cixir\\\/#article\",\"isPartOf\":{\"@id\":\"https:\\\/\\\/www.meydan.tv\\\/az\\\/article\\\/brexit-gunu-britaniya-avropa-ittifaqindan-cixir\\\/\"},\"author\":{\"name\":\"user-manager\",\"@id\":\"https:\\\/\\\/www.meydan.tv\\\/az\\\/#\\\/schema\\\/person\\\/10d11eccf6da3662cf5fdab9806ea91a\"},\"headline\":\"\u201cBrexit\u201d g\u00fcn\u00fc: Britaniya Avropa \u0130ttifaq\u0131ndan \u00e7\u0131x\u0131r\",\"datePublished\":\"2020-01-31T15:17:09+00:00\",\"mainEntityOfPage\":{\"@id\":\"https:\\\/\\\/www.meydan.tv\\\/az\\\/article\\\/brexit-gunu-britaniya-avropa-ittifaqindan-cixir\\\/\"},\"wordCount\":396,\"publisher\":{\"@id\":\"https:\\\/\\\/www.meydan.tv\\\/az\\\/#organization\"},\"image\":{\"@id\":\"https:\\\/\\\/www.meydan.tv\\\/az\\\/article\\\/brexit-gunu-britaniya-avropa-ittifaqindan-cixir\\\/#primaryimage\"},\"thumbnailUrl\":\"https:\\\/\\\/www.meydan.tv\\\/wp-content\\\/uploads\\\/23912.jpg\",\"articleSection\":[\"D\u00fcnya\"],\"inLanguage\":\"az\"},{\"@type\":\"WebPage\",\"@id\":\"https:\\\/\\\/www.meydan.tv\\\/az\\\/article\\\/brexit-gunu-britaniya-avropa-ittifaqindan-cixir\\\/\",\"url\":\"https:\\\/\\\/www.meydan.tv\\\/az\\\/article\\\/brexit-gunu-britaniya-avropa-ittifaqindan-cixir\\\/\",\"name\":\"\u201cBrexit\u201d g\u00fcn\u00fc: Britaniya Avropa \u0130ttifaq\u0131ndan \u00e7\u0131x\u0131r - MEYDAN.TV\",\"isPartOf\":{\"@id\":\"https:\\\/\\\/www.meydan.tv\\\/az\\\/#website\"},\"primaryImageOfPage\":{\"@id\":\"https:\\\/\\\/www.meydan.tv\\\/az\\\/article\\\/brexit-gunu-britaniya-avropa-ittifaqindan-cixir\\\/#primaryimage\"},\"image\":{\"@id\":\"https:\\\/\\\/www.meydan.tv\\\/az\\\/article\\\/brexit-gunu-britaniya-avropa-ittifaqindan-cixir\\\/#primaryimage\"},\"thumbnailUrl\":\"https:\\\/\\\/www.meydan.tv\\\/wp-content\\\/uploads\\\/23912.jpg\",\"datePublished\":\"2020-01-31T15:17:09+00:00\",\"breadcrumb\":{\"@id\":\"https:\\\/\\\/www.meydan.tv\\\/az\\\/article\\\/brexit-gunu-britaniya-avropa-ittifaqindan-cixir\\\/#breadcrumb\"},\"inLanguage\":\"az\",\"potentialAction\":[{\"@type\":\"ReadAction\",\"target\":[\"https:\\\/\\\/www.meydan.tv\\\/az\\\/article\\\/brexit-gunu-britaniya-avropa-ittifaqindan-cixir\\\/\"]}]},{\"@type\":\"ImageObject\",\"inLanguage\":\"az\",\"@id\":\"https:\\\/\\\/www.meydan.tv\\\/az\\\/article\\\/brexit-gunu-britaniya-avropa-ittifaqindan-cixir\\\/#primaryimage\",\"url\":\"https:\\\/\\\/www.meydan.tv\\\/wp-content\\\/uploads\\\/23912.jpg\",\"contentUrl\":\"https:\\\/\\\/www.meydan.tv\\\/wp-content\\\/uploads\\\/23912.jpg\",\"width\":620,\"height\":464,\"caption\":\"Source:\"},{\"@type\":\"BreadcrumbList\",\"@id\":\"https:\\\/\\\/www.meydan.tv\\\/az\\\/article\\\/brexit-gunu-britaniya-avropa-ittifaqindan-cixir\\\/#breadcrumb\",\"itemListElement\":[{\"@type\":\"ListItem\",\"position\":1,\"name\":\"Ana s\u0259hif\u0259\",\"item\":\"https:\\\/\\\/www.meydan.tv\\\/az\\\/\"},{\"@type\":\"ListItem\",\"position\":2,\"name\":\"D\u00fcnya\",\"item\":\"https:\\\/\\\/www.meydan.tv\\\/az\\\/section\\\/dunya\\\/\"},{\"@type\":\"ListItem\",\"position\":3,\"name\":\"\u201cBrexit\u201d g\u00fcn\u00fc: Britaniya Avropa \u0130ttifaq\u0131ndan \u00e7\u0131x\u0131r\"}]},{\"@type\":\"WebSite\",\"@id\":\"https:\\\/\\\/www.meydan.tv\\\/az\\\/#website\",\"url\":\"https:\\\/\\\/www.meydan.tv\\\/az\\\/\",\"name\":\"MEYDAN.TV\",\"description\":\"Meydan TV Az\u0259rbaycan\u0131n media m\u0259kan\u0131ndak\u0131 alternativ s\u0259sidir\",\"publisher\":{\"@id\":\"https:\\\/\\\/www.meydan.tv\\\/az\\\/#organization\"},\"potentialAction\":[{\"@type\":\"SearchAction\",\"target\":{\"@type\":\"EntryPoint\",\"urlTemplate\":\"https:\\\/\\\/www.meydan.tv\\\/az\\\/?s={search_term_string}\"},\"query-input\":{\"@type\":\"PropertyValueSpecification\",\"valueRequired\":true,\"valueName\":\"search_term_string\"}}],\"inLanguage\":\"az\"},{\"@type\":\"Organization\",\"@id\":\"https:\\\/\\\/www.meydan.tv\\\/az\\\/#organization\",\"name\":\"Meydan TV\",\"url\":\"https:\\\/\\\/www.meydan.tv\\\/az\\\/\",\"logo\":{\"@type\":\"ImageObject\",\"inLanguage\":\"az\",\"@id\":\"https:\\\/\\\/www.meydan.tv\\\/az\\\/#\\\/schema\\\/logo\\\/image\\\/\",\"url\":\"https:\\\/\\\/www.meydan.tv\\\/wp-content\\\/uploads\\\/2021\\\/07\\\/meydan-logo.svg\",\"contentUrl\":\"https:\\\/\\\/www.meydan.tv\\\/wp-content\\\/uploads\\\/2021\\\/07\\\/meydan-logo.svg\",\"width\":195,\"height\":46,\"caption\":\"Meydan TV\"},\"image\":{\"@id\":\"https:\\\/\\\/www.meydan.tv\\\/az\\\/#\\\/schema\\\/logo\\\/image\\\/\"}},{\"@type\":\"Person\",\"@id\":\"https:\\\/\\\/www.meydan.tv\\\/az\\\/#\\\/schema\\\/person\\\/10d11eccf6da3662cf5fdab9806ea91a\",\"name\":\"user-manager\"}]}<\/script>\n<!-- \/ Yoast SEO plugin. -->","yoast_head_json":{"title":"\u201cBrexit\u201d g\u00fcn\u00fc: Britaniya Avropa \u0130ttifaq\u0131ndan \u00e7\u0131x\u0131r - MEYDAN.TV","robots":{"index":"index","follow":"follow","max-snippet":"max-snippet:-1","max-image-preview":"max-image-preview:large","max-video-preview":"max-video-preview:-1"},"canonical":"https:\/\/www.meydan.tv\/az\/article\/brexit-gunu-britaniya-avropa-ittifaqindan-cixir\/","og_locale":"az_AZ","og_type":"article","og_title":"\u201cBrexit\u201d g\u00fcn\u00fc: Britaniya Avropa \u0130ttifaq\u0131ndan \u00e7\u0131x\u0131r - MEYDAN.TV","og_description":"\u201cBu, yeni bir d\u00f6vr\u00fcn \u015f\u0259f\u0259qidir,\u201d 2016-c\u0131 ild\u0259 \u201cT\u0259rk et\u201d kampaniyas\u0131n\u0131n \u0259sas liderl\u0259rind\u0259n biri olan Conson deyib.","og_url":"https:\/\/www.meydan.tv\/az\/article\/brexit-gunu-britaniya-avropa-ittifaqindan-cixir\/","og_site_name":"MEYDAN.TV","article_published_time":"2020-01-31T15:17:09+00:00","og_image":[{"width":620,"height":464,"url":"https:\/\/www.meydan.tv\/wp-content\/uploads\/23912.jpg","type":"image\/jpeg"}],"author":"user-manager","twitter_card":"summary_large_image","schema":{"@context":"https:\/\/schema.org","@graph":[{"@type":"Article","@id":"https:\/\/www.meydan.tv\/az\/article\/brexit-gunu-britaniya-avropa-ittifaqindan-cixir\/#article","isPartOf":{"@id":"https:\/\/www.meydan.tv\/az\/article\/brexit-gunu-britaniya-avropa-ittifaqindan-cixir\/"},"author":{"name":"user-manager","@id":"https:\/\/www.meydan.tv\/az\/#\/schema\/person\/10d11eccf6da3662cf5fdab9806ea91a"},"headline":"\u201cBrexit\u201d g\u00fcn\u00fc: Britaniya Avropa \u0130ttifaq\u0131ndan \u00e7\u0131x\u0131r","datePublished":"2020-01-31T15:17:09+00:00","mainEntityOfPage":{"@id":"https:\/\/www.meydan.tv\/az\/article\/brexit-gunu-britaniya-avropa-ittifaqindan-cixir\/"},"wordCount":396,"publisher":{"@id":"https:\/\/www.meydan.tv\/az\/#organization"},"image":{"@id":"https:\/\/www.meydan.tv\/az\/article\/brexit-gunu-britaniya-avropa-ittifaqindan-cixir\/#primaryimage"},"thumbnailUrl":"https:\/\/www.meydan.tv\/wp-content\/uploads\/23912.jpg","articleSection":["D\u00fcnya"],"inLanguage":"az"},{"@type":"WebPage","@id":"https:\/\/www.meydan.tv\/az\/article\/brexit-gunu-britaniya-avropa-ittifaqindan-cixir\/","url":"https:\/\/www.meydan.tv\/az\/article\/brexit-gunu-britaniya-avropa-ittifaqindan-cixir\/","name":"\u201cBrexit\u201d g\u00fcn\u00fc: Britaniya Avropa \u0130ttifaq\u0131ndan \u00e7\u0131x\u0131r - MEYDAN.TV","isPartOf":{"@id":"https:\/\/www.meydan.tv\/az\/#website"},"primaryImageOfPage":{"@id":"https:\/\/www.meydan.tv\/az\/article\/brexit-gunu-britaniya-avropa-ittifaqindan-cixir\/#primaryimage"},"image":{"@id":"https:\/\/www.meydan.tv\/az\/article\/brexit-gunu-britaniya-avropa-ittifaqindan-cixir\/#primaryimage"},"thumbnailUrl":"https:\/\/www.meydan.tv\/wp-content\/uploads\/23912.jpg","datePublished":"2020-01-31T15:17:09+00:00","breadcrumb":{"@id":"https:\/\/www.meydan.tv\/az\/article\/brexit-gunu-britaniya-avropa-ittifaqindan-cixir\/#breadcrumb"},"inLanguage":"az","potentialAction":[{"@type":"ReadAction","target":["https:\/\/www.meydan.tv\/az\/article\/brexit-gunu-britaniya-avropa-ittifaqindan-cixir\/"]}]},{"@type":"ImageObject","inLanguage":"az","@id":"https:\/\/www.meydan.tv\/az\/article\/brexit-gunu-britaniya-avropa-ittifaqindan-cixir\/#primaryimage","url":"https:\/\/www.meydan.tv\/wp-content\/uploads\/23912.jpg","contentUrl":"https:\/\/www.meydan.tv\/wp-content\/uploads\/23912.jpg","width":620,"height":464,"caption":"Source:"},{"@type":"BreadcrumbList","@id":"https:\/\/www.meydan.tv\/az\/article\/brexit-gunu-britaniya-avropa-ittifaqindan-cixir\/#breadcrumb","itemListElement":[{"@type":"ListItem","position":1,"name":"Ana s\u0259hif\u0259","item":"https:\/\/www.meydan.tv\/az\/"},{"@type":"ListItem","position":2,"name":"D\u00fcnya","item":"https:\/\/www.meydan.tv\/az\/section\/dunya\/"},{"@type":"ListItem","position":3,"name":"\u201cBrexit\u201d g\u00fcn\u00fc: Britaniya Avropa \u0130ttifaq\u0131ndan \u00e7\u0131x\u0131r"}]},{"@type":"WebSite","@id":"https:\/\/www.meydan.tv\/az\/#website","url":"https:\/\/www.meydan.tv\/az\/","name":"MEYDAN.TV","description":"Meydan TV Az\u0259rbaycan\u0131n media m\u0259kan\u0131ndak\u0131 alternativ s\u0259sidir","publisher":{"@id":"https:\/\/www.meydan.tv\/az\/#organization"},"potentialAction":[{"@type":"SearchAction","target":{"@type":"EntryPoint","urlTemplate":"https:\/\/www.meydan.tv\/az\/?s={search_term_string}"},"query-input":{"@type":"PropertyValueSpecification","valueRequired":true,"valueName":"search_term_string"}}],"inLanguage":"az"},{"@type":"Organization","@id":"https:\/\/www.meydan.tv\/az\/#organization","name":"Meydan TV","url":"https:\/\/www.meydan.tv\/az\/","logo":{"@type":"ImageObject","inLanguage":"az","@id":"https:\/\/www.meydan.tv\/az\/#\/schema\/logo\/image\/","url":"https:\/\/www.meydan.tv\/wp-content\/uploads\/2021\/07\/meydan-logo.svg","contentUrl":"https:\/\/www.meydan.tv\/wp-content\/uploads\/2021\/07\/meydan-logo.svg","width":195,"height":46,"caption":"Meydan TV"},"image":{"@id":"https:\/\/www.meydan.tv\/az\/#\/schema\/logo\/image\/"}},{"@type":"Person","@id":"https:\/\/www.meydan.tv\/az\/#\/schema\/person\/10d11eccf6da3662cf5fdab9806ea91a","name":"user-manager"}]}},"_links":{"self":[{"href":"https:\/\/www.meydan.tv\/az\/wp-json\/wp\/v2\/posts\/199043","targetHints":{"allow":["GET"]}}],"collection":[{"href":"https:\/\/www.meydan.tv\/az\/wp-json\/wp\/v2\/posts"}],"about":[{"href":"https:\/\/www.meydan.tv\/az\/wp-json\/wp\/v2\/types\/post"}],"author":[{"embeddable":true,"href":"https:\/\/www.meydan.tv\/az\/wp-json\/wp\/v2\/users\/11"}],"replies":[{"embeddable":true,"href":"https:\/\/www.meydan.tv\/az\/wp-json\/wp\/v2\/comments?post=199043"}],"version-history":[{"count":0,"href":"https:\/\/www.meydan.tv\/az\/wp-json\/wp\/v2\/posts\/199043\/revisions"}],"wp:featuredmedia":[{"embeddable":true,"href":"https:\/\/www.meydan.tv\/az\/wp-json\/wp\/v2\/media\/62795"}],"wp:attachment":[{"href":"https:\/\/www.meydan.tv\/az\/wp-json\/wp\/v2\/media?parent=199043"}],"wp:term":[{"taxonomy":"category","embeddable":true,"href":"https:\/\/www.meydan.tv\/az\/wp-json\/wp\/v2\/categories?post=199043"},{"taxonomy":"post_tag","embeddable":true,"href":"https:\/\/www.meydan.tv\/az\/wp-json\/wp\/v2\/tags?post=199043"}],"curies":[{"name":"wp","href":"https:\/\/api.w.org\/{rel}","templated":true}]}}