{"id":199040,"date":"2020-01-31T13:32:50","date_gmt":"2020-01-31T13:32:50","guid":{"rendered":"https:\/\/www.meydan.tv\/article\/deyir-senin-sehidinden-mene-ne-isiqpulunu-ode\/"},"modified":"2020-01-31T13:32:50","modified_gmt":"2020-01-31T13:32:50","slug":"deyir-senin-sehidinden-mene-ne-isiqpulunu-ode","status":"publish","type":"post","link":"https:\/\/www.meydan.tv\/az\/article\/deyir-senin-sehidinden-mene-ne-isiqpulunu-ode\/","title":{"rendered":"\u201cDeyir, s\u0259nin \u015f\u0259hidind\u0259n m\u0259n\u0259 n\u0259, i\u015f\u0131qpulunu \u00f6d\u0259&#8230;\u201d"},"content":{"rendered":"<p>\n  <i><br \/>\n    La\u00e7\u0131n k\u00f6\u00e7k\u00fcn\u00fc iddia edir ki, \u0259vv\u0259ll\u0259r m\u0259skunla\u015fd\u0131\u011f\u0131 yerd\u0259 istifad\u0259 etdikl\u0259ri elektrik\u0259 g\u00f6r\u0259 ona \u015fi\u015firdilmi\u015f borc y\u00fckl\u0259nib<br \/>\n  <\/i>\n<\/p>\n<p>\n  \u201cKarta pul vururam, h\u0259min d\u0259qiq\u0259 yar\u0131s\u0131 borca \u00e7\u0131x\u0131l\u0131r. Gedir\u0259m i\u015f\u0131q idar\u0259sin\u0259, deyir\u0259m, m\u0259nim g\u0259lirim k\u00f6\u00e7k\u00fcn kimi d\u00f6vl\u0259tin verdiyi \u00e7\u00f6r\u0259kpuludan ibar\u0259tdir, onu da i\u015f\u0131\u011fa verir\u0259m ki, q\u0131\u015f\u0131n g\u00fcn\u00fc soyuqda, qaranl\u0131qda qalmay\u0131b, he\u00e7 kimim yoxdur, t\u0259k, x\u0259st\u0259 qad\u0131nam, niy\u0259 bel\u0259 edirsiz? T\u0259hqir edib qovurlar, deyirl\u0259r, artistlik el\u0259m\u0259, get, i\u015f\u0131q pulunu \u00f6d\u0259&#8230;\u201d\n<\/p>\n<p>\n  K\u0259mal\u0259 M\u0259miyeva La\u00e7\u0131n rayonundan m\u0259cburi k\u00f6\u00e7k\u00fcnd\u00fcr. 1992-ci ild\u0259 valideynl\u0259ri il\u0259 k\u00f6\u00e7k\u00fcn d\u00fc\u015f\u0259nd\u0259n sonra T\u0259rt\u0259r rayonu, N\u0259rimaniy\u0259 (indiki \u018fl\u0259sg\u0259rli) k\u0259ndind\u0259ki Nar\u015f\u0259rab Zavodunda m\u0259skunla\u015f\u0131b. Meydan TV-y\u0259 dan\u0131\u015f\u0131r ki, zavodun \u0259rzisind\u0259 qaz olmad\u0131\u011f\u0131 \u00fc\u00e7\u00fcn elektrikd\u0259n istifad\u0259 edibl\u0259r. 2018-ci ild\u0259 dig\u0259r k\u00f6\u00e7k\u00fcnl\u0259rl\u0259 b\u0259rab\u0259r bu ail\u0259 d\u0259 m\u0259skunla\u015fd\u0131qlar\u0131 yerd\u0259n rayonun \u015e\u0131xarx q\u0259s\u0259b\u0259sind\u0259 k\u00f6\u00e7k\u00fcnl\u0259r \u00fc\u00e7\u00fcn tikilmi\u015f ev\u0259 k\u00f6\u00e7\u00fcr\u00fcl\u00fcbl\u0259r. O g\u00fcn-bu g\u00fcn, i\u015f\u0131q kart\u0131na \u00f6d\u0259diyi pulun yar\u0131s\u0131 kartdan \u201cyoxa \u00e7\u0131xma\u011fa\u201d ba\u015flay\u0131b. Ail\u0259 \u00fczvl\u0259ri m\u0259s\u0259l\u0259ni ara\u015fd\u0131randa onlara m\u0259lum olub ki, i\u015f\u0131q idar\u0259si h\u0259r d\u0259f\u0259 karta y\u00fckl\u0259n\u0259n m\u0259bl\u0259\u011fin yar\u0131s\u0131n\u0131 \u0259vv\u0259lki ill\u0259rin borcuna \u00e7\u0131x\u0131r.\n<\/p>\n<p>\n  <b><br \/>\n    \u201cAtam h\u0259r g\u00fcn i\u015f\u0131q idar\u0259sind\u0259 ke\u00e7irdiyi \u0259s\u0259b, h\u0259y\u0259can \u00fcz\u00fcnd\u0259n \u00f6ld\u00fc\u201d<br \/>\n  <\/b>\n<\/p>\n<p>\n  \u201cBu borclar 2015-ci ilin sentyabr\u0131ndan yaz\u0131lma\u011fa ba\u015flay\u0131b. Nar\u015f\u0259rab Zavodunun \u0259razisind\u0259 ya\u015fayanda birc\u0259 d\u0259f\u0259 d\u0259 qap\u0131m\u0131z\u0131 d\u00f6y\u00fcb dem\u0259yibl\u0259r ki, sizin borcunuz var&#8230; T\u0259z\u0259 yer\u0259 k\u00f6\u00e7\u00fcr\u00fcl\u0259nd\u0259n 6 ay sonra say\u011fac\u0131n kart\u0131na \u00f6d\u0259diyimiz pullar\u0131n yar\u0131s\u0131 \u00e7\u0131x\u0131landa, gedib maraqland\u0131q, dedil\u0259r ki, 2700 manat borcunuz var. Borc siyah\u0131s\u0131n\u0131 \u00e7ap edib verdil\u0259r, az qald\u0131q havalanaq, \u0259n a\u015fa\u011f\u0131 borc 50 manat qeyd olunub. El\u0259 aylar var ki, 150, 330, 250 manat yaz\u0131l\u0131b. Biz \u015fadl\u0131q evi i\u015fl\u0259tm\u0259mi\u015fik, ticar\u0259t m\u0259rk\u0259zi i\u015fl\u0259tm\u0259mi\u015fik, bir i\u015f\u0131q yand\u0131rm\u0131\u015f\u0131q, bir d\u0259 \u201cplitka\u201d qo\u015fmu\u015fuq. He\u00e7 paltaryuyan ma\u015f\u0131n\u0131m\u0131z, kondisionerimiz d\u0259 olmay\u0131b. T\u0259z\u0259 ev\u0259 k\u00f6\u00e7\u00fcr\u00fcl\u0259n\u0259 q\u0259d\u0259r borc bar\u0259d\u0259 birc\u0259 d\u0259f\u0259 d\u0259 n\u0259 \u015fifahi, n\u0259 yaz\u0131l\u0131 bildiri\u015f olub. \u018fvv\u0259l atam gedib-g\u0259lirdi, el\u0259 i\u015f\u0131q idar\u0259sind\u0259 ke\u00e7irdiyi \u0259s\u0259b\u0259, h\u0259y\u0259cana g\u00f6r\u0259 d\u0259 d\u00f6zm\u0259di, d\u00fcnyas\u0131n\u0131 d\u0259yi\u015fdi. Atam he\u00e7 c\u00fcr bar\u0131\u015fa bilmirdi, deyirdi, \u201ciki g\u0259nc balam\u0131 bu torpa\u011fa verdim, indi m\u0259nim g\u00fcn\u00fcm\u0259, g\u00fcz\u0259ran\u0131ma bax, ah\u0131l ya\u015f\u0131mda m\u0259ni u\u015faq kimi qar\u015f\u0131lar\u0131na qoyub i\u015f\u0131qpuluna g\u00f6r\u0259 danlay\u0131rlar\u201d. Bel\u0259c\u0259, atam b\u00fct\u00fcn bunlara d\u00f6zm\u0259yib \u00f6ld\u00fc. Atam\u0131 da, anam\u0131 da itir\u0259nd\u0259n sonra i\u015f\u0131q idar\u0259si il\u0259 \u00f6z\u00fcm \u201cd\u00f6y\u00fc\u015fm\u0259y\u0259\u201d ba\u015flad\u0131m. H\u0259r d\u0259f\u0259 kartdan pul \u00e7\u0131x\u0131landa gedir\u0259m, deyir\u0259m, ax\u0131 m\u0259n o karta d\u00f6vl\u0259tin verdiyi \u00e7\u00f6r\u0259kpulunu vururam, insaf\u0131n\u0131z olsun, t\u0259k, x\u0259st\u0259 qad\u0131nam, i\u015fl\u0259y\u0259 bilmir\u0259m, ba\u015fqa g\u0259lirim yoxdur, etm\u0259yin, el\u0259m\u0259yin. Deyir\u0259m, iki qarda\u015f\u0131m \u015f\u0259hid olub, he\u00e7 olmasa onlar\u0131n ruhuna, \u015f\u0259hid ad\u0131na h\u00f6rm\u0259t edin. Deyirl\u0259r, n\u0259 q\u0259d\u0259r ki, atan, anan sa\u011f idi, \u015f\u0259hid ail\u0259si hesab olunurdunuz, atan, anan yoxdur, art\u0131q \u015f\u0259hid ail\u0259si hesab olunmursan, artistlik el\u0259m\u0259, get, pulu \u00f6d\u0259\u201d, &#8211; \u015fikay\u0259t\u00e7i deyir.\n<\/p>\n<figure class=\"wp-block-image size-large\">\n  <img decoding=\"async\" src=\"https:\/\/www.meydan.tv\/az\/screenshot_232-1-png\/\" alt=\"screenshot_232 (1).png\" class=\"wp-image-136776\"\/><figcaption>\n    Az\u0259ri\u015f\u0131q, abun\u0259 haqq\u0131nda<br \/>\n  <\/figcaption><\/figure>\n<p>\n  <b><br \/>\n    \u201cDeyirl\u0259r, s\u0259nin \u015f\u0259hidl\u0259rinin i\u015f\u0131qpuluna aidiyy\u0259ti yoxdur\u201d<br \/>\n  <\/b>\n<\/p>\n<p>\n  K\u0259mal\u0259 M\u0259miyeva b\u00fct\u00fcn aidiyy\u0259ti qurumlara getdiyini v\u0259 qap\u0131dan qovuldu\u011funu iddia edir:\n<\/p>\n<p>\n  \u201cLa\u00e7\u0131n Rayon \u0130cra Hakimiyy\u0259tin\u0259 getmi\u015f\u0259m, \u201cAz\u0259ri\u015f\u0131q\u201da getmi\u015f\u0259m, d\u00f6ym\u0259diyim qap\u0131 qalmay\u0131b, h\u0259r yerd\u0259n qovuluram. Birc\u0259 onu deyirl\u0259r ki, bu borc \u00f6d\u0259nilm\u0259lidir, v\u0259ssalam. M\u0259n d\u0259 o borcu nec\u0259 \u00f6d\u0259yim, bilmir\u0259m. Ayl\u0131q g\u0259lirim 60 manat \u00e7\u00f6r\u0259kpuludur, 60 manat\u0131n qar\u015f\u0131s\u0131nda 2700 manat\u0131 nec\u0259 \u00f6d\u0259yim?\u201d\n<\/p>\n<p>\n  K\u0259mal\u0259 M\u0259miyeva onu da iddia edir ki, ona borc kimi yaz\u0131lan m\u0259bl\u0259\u011f \u015fi\u015firdilib:\n<\/p>\n<p>\n  \u201cM\u0259skunla\u015fd\u0131\u011f\u0131m\u0131z \u0259razid\u0259 \u00e7ox vaxt i\u015f\u0131q olmurdu, olanda da o q\u0259d\u0259r z\u0259if idi ki, \u015fam i\u015f\u0131\u011f\u0131 kimi&#8230; 2700 manat kimin a\u011fl\u0131na g\u0259lib, yaz\u0131b ora, bilmir\u0259m, onu bilir\u0259m ki, h\u0259r kimdirs\u0259, \u00e7ox insafs\u0131z adamd\u0131r. H\u00f6kum\u0259t \u00e7ar\u0259siz, t\u0259k, x\u0259st\u0259 insanlar \u00fc\u00e7\u00fcn bel\u0259 m\u0259s\u0259l\u0259l\u0259rd\u0259 g\u00fcz\u0259\u015ft etm\u0259lidir, adam\u0131 bu q\u0259d\u0259r y\u00fckl\u0259m\u0259k olmaz. M\u0259n burda d\u0259rman alma\u011fa pul tapm\u0131ram, bunlar h\u0259r h\u0259ft\u0259 yek\u0259 bir ka\u011f\u0131z g\u00f6nd\u0259rirl\u0259r \u00fcst\u00fcm\u0259 ki, bu 2700 manat\u0131 \u00f6d\u0259m\u0259lis\u0259n&#8230;\u201d\n<\/p>\n<p>\n  T\u0259rt\u0259r Elektrik \u015e\u0259b\u0259k\u0259sind\u0259n Meydan TV-y\u0259 bildirilib ki, 2015-ci ild\u0259n M\u0259miyev Q\u0259ni \u018fli\u015f o\u011flunun ad\u0131na ya\u015fad\u0131\u011f\u0131 \u0259vv\u0259lki \u00fcnvana 2015-ci ilin sentyabr\u0131ndan 2018-ci ilin sentyabr\u0131nad\u0259k istifad\u0259 edilmi\u015f elektrik\u0259 g\u00f6r\u0259 h\u0259r ay borc bildiri\u015fl\u0259ri g\u00f6nd\u0259rils\u0259 d\u0259, \u00f6d\u0259ni\u015f olunmay\u0131b. Ayl\u0131q limiti ke\u00e7mi\u015f borc h\u0259r ay say\u011fac \u00fczr\u0259 hesablan\u0131b. \u015e\u0259b\u0259k\u0259d\u0259n K\u0259mal\u0259 M\u0259miyevan\u0131n \u015f\u0259hid ail\u0259si kimi t\u0259hqir olunmas\u0131yla ba\u011fl\u0131 dedikl\u0259ri d\u0259 t\u0259kzib olunub. Bildirilib ki, K\u0259mal\u0259 M\u0259miyevaya elektrik s\u0259rfiyyat\u0131na g\u00f6r\u0259 yaranm\u0131\u015f borcu hiss\u0259-hiss\u0259 \u00f6d\u0259m\u0259k t\u0259klif olunub.<\/p>\n","protected":false},"excerpt":{"rendered":"<p>K\u0259mal\u0259 M\u0259miyeva b\u00fct\u00fcn aidiyy\u0259ti qurumlara getdiyini v\u0259 qap\u0131dan qovuldu\u011funu iddia edir<\/p>\n","protected":false},"author":11,"featured_media":136761,"comment_status":"closed","ping_status":"open","sticky":false,"template":"","format":"standard","meta":{"_acf_changed":false,"_sitemap_exclude":false,"_sitemap_priority":"","_sitemap_frequency":"","footnotes":""},"categories":[60],"tags":[],"class_list":["post-199040","post","type-post","status-publish","format-standard","has-post-thumbnail","hentry","category-bolge","infinite-scroll-item","generate-columns","tablet-grid-50","mobile-grid-100","grid-parent","grid-33","no-featured-image-padding"],"acf":[],"yoast_head":"<!-- This site is optimized with the Yoast SEO plugin v27.5 - https:\/\/yoast.com\/product\/yoast-seo-wordpress\/ -->\n<title>\u201cDeyir, s\u0259nin \u015f\u0259hidind\u0259n m\u0259n\u0259 n\u0259, i\u015f\u0131qpulunu \u00f6d\u0259...\u201d - MEYDAN.TV<\/title>\n<meta name=\"robots\" content=\"index, follow, max-snippet:-1, max-image-preview:large, max-video-preview:-1\" \/>\n<link rel=\"canonical\" href=\"https:\/\/www.meydan.tv\/az\/article\/deyir-senin-sehidinden-mene-ne-isiqpulunu-ode\/\" \/>\n<meta property=\"og:locale\" content=\"az_AZ\" \/>\n<meta property=\"og:type\" content=\"article\" \/>\n<meta property=\"og:title\" content=\"\u201cDeyir, s\u0259nin \u015f\u0259hidind\u0259n m\u0259n\u0259 n\u0259, i\u015f\u0131qpulunu \u00f6d\u0259...\u201d - MEYDAN.TV\" \/>\n<meta property=\"og:description\" content=\"K\u0259mal\u0259 M\u0259miyeva b\u00fct\u00fcn aidiyy\u0259ti qurumlara getdiyini v\u0259 qap\u0131dan qovuldu\u011funu iddia edir\" \/>\n<meta property=\"og:url\" content=\"https:\/\/www.meydan.tv\/az\/article\/deyir-senin-sehidinden-mene-ne-isiqpulunu-ode\/\" \/>\n<meta property=\"og:site_name\" content=\"MEYDAN.TV\" \/>\n<meta property=\"article:published_time\" content=\"2020-01-31T13:32:50+00:00\" \/>\n<meta property=\"og:image\" content=\"https:\/\/www.meydan.tv\/wp-content\/uploads\/copy_of_untitled_design__1__4rf9chb.png\" \/>\n\t<meta property=\"og:image:width\" content=\"1280\" \/>\n\t<meta property=\"og:image:height\" content=\"720\" \/>\n\t<meta property=\"og:image:type\" content=\"image\/png\" \/>\n<meta name=\"author\" content=\"user-manager\" \/>\n<meta name=\"twitter:card\" content=\"summary_large_image\" \/>\n<script type=\"application\/ld+json\" class=\"yoast-schema-graph\">{\"@context\":\"https:\\\/\\\/schema.org\",\"@graph\":[{\"@type\":\"Article\",\"@id\":\"https:\\\/\\\/www.meydan.tv\\\/az\\\/article\\\/deyir-senin-sehidinden-mene-ne-isiqpulunu-ode\\\/#article\",\"isPartOf\":{\"@id\":\"https:\\\/\\\/www.meydan.tv\\\/az\\\/article\\\/deyir-senin-sehidinden-mene-ne-isiqpulunu-ode\\\/\"},\"author\":{\"name\":\"user-manager\",\"@id\":\"https:\\\/\\\/www.meydan.tv\\\/az\\\/#\\\/schema\\\/person\\\/10d11eccf6da3662cf5fdab9806ea91a\"},\"headline\":\"\u201cDeyir, s\u0259nin \u015f\u0259hidind\u0259n m\u0259n\u0259 n\u0259, i\u015f\u0131qpulunu \u00f6d\u0259&#8230;\u201d\",\"datePublished\":\"2020-01-31T13:32:50+00:00\",\"mainEntityOfPage\":{\"@id\":\"https:\\\/\\\/www.meydan.tv\\\/az\\\/article\\\/deyir-senin-sehidinden-mene-ne-isiqpulunu-ode\\\/\"},\"wordCount\":1016,\"publisher\":{\"@id\":\"https:\\\/\\\/www.meydan.tv\\\/az\\\/#organization\"},\"image\":{\"@id\":\"https:\\\/\\\/www.meydan.tv\\\/az\\\/article\\\/deyir-senin-sehidinden-mene-ne-isiqpulunu-ode\\\/#primaryimage\"},\"thumbnailUrl\":\"https:\\\/\\\/www.meydan.tv\\\/wp-content\\\/uploads\\\/copy_of_untitled_design__1__4rf9chb.png\",\"articleSection\":[\"B\u00f6lg\u0259\"],\"inLanguage\":\"az\"},{\"@type\":\"WebPage\",\"@id\":\"https:\\\/\\\/www.meydan.tv\\\/az\\\/article\\\/deyir-senin-sehidinden-mene-ne-isiqpulunu-ode\\\/\",\"url\":\"https:\\\/\\\/www.meydan.tv\\\/az\\\/article\\\/deyir-senin-sehidinden-mene-ne-isiqpulunu-ode\\\/\",\"name\":\"\u201cDeyir, s\u0259nin \u015f\u0259hidind\u0259n m\u0259n\u0259 n\u0259, i\u015f\u0131qpulunu \u00f6d\u0259...\u201d - MEYDAN.TV\",\"isPartOf\":{\"@id\":\"https:\\\/\\\/www.meydan.tv\\\/az\\\/#website\"},\"primaryImageOfPage\":{\"@id\":\"https:\\\/\\\/www.meydan.tv\\\/az\\\/article\\\/deyir-senin-sehidinden-mene-ne-isiqpulunu-ode\\\/#primaryimage\"},\"image\":{\"@id\":\"https:\\\/\\\/www.meydan.tv\\\/az\\\/article\\\/deyir-senin-sehidinden-mene-ne-isiqpulunu-ode\\\/#primaryimage\"},\"thumbnailUrl\":\"https:\\\/\\\/www.meydan.tv\\\/wp-content\\\/uploads\\\/copy_of_untitled_design__1__4rf9chb.png\",\"datePublished\":\"2020-01-31T13:32:50+00:00\",\"breadcrumb\":{\"@id\":\"https:\\\/\\\/www.meydan.tv\\\/az\\\/article\\\/deyir-senin-sehidinden-mene-ne-isiqpulunu-ode\\\/#breadcrumb\"},\"inLanguage\":\"az\",\"potentialAction\":[{\"@type\":\"ReadAction\",\"target\":[\"https:\\\/\\\/www.meydan.tv\\\/az\\\/article\\\/deyir-senin-sehidinden-mene-ne-isiqpulunu-ode\\\/\"]}]},{\"@type\":\"ImageObject\",\"inLanguage\":\"az\",\"@id\":\"https:\\\/\\\/www.meydan.tv\\\/az\\\/article\\\/deyir-senin-sehidinden-mene-ne-isiqpulunu-ode\\\/#primaryimage\",\"url\":\"https:\\\/\\\/www.meydan.tv\\\/wp-content\\\/uploads\\\/copy_of_untitled_design__1__4rf9chb.png\",\"contentUrl\":\"https:\\\/\\\/www.meydan.tv\\\/wp-content\\\/uploads\\\/copy_of_untitled_design__1__4rf9chb.png\",\"width\":1280,\"height\":720,\"caption\":\"Source: Specify Source\"},{\"@type\":\"BreadcrumbList\",\"@id\":\"https:\\\/\\\/www.meydan.tv\\\/az\\\/article\\\/deyir-senin-sehidinden-mene-ne-isiqpulunu-ode\\\/#breadcrumb\",\"itemListElement\":[{\"@type\":\"ListItem\",\"position\":1,\"name\":\"Ana s\u0259hif\u0259\",\"item\":\"https:\\\/\\\/www.meydan.tv\\\/az\\\/\"},{\"@type\":\"ListItem\",\"position\":2,\"name\":\"B\u00f6lg\u0259\",\"item\":\"https:\\\/\\\/www.meydan.tv\\\/az\\\/section\\\/bolge\\\/\"},{\"@type\":\"ListItem\",\"position\":3,\"name\":\"\u201cDeyir, s\u0259nin \u015f\u0259hidind\u0259n m\u0259n\u0259 n\u0259, i\u015f\u0131qpulunu \u00f6d\u0259&#8230;\u201d\"}]},{\"@type\":\"WebSite\",\"@id\":\"https:\\\/\\\/www.meydan.tv\\\/az\\\/#website\",\"url\":\"https:\\\/\\\/www.meydan.tv\\\/az\\\/\",\"name\":\"MEYDAN.TV\",\"description\":\"Meydan TV Az\u0259rbaycan\u0131n media m\u0259kan\u0131ndak\u0131 alternativ s\u0259sidir\",\"publisher\":{\"@id\":\"https:\\\/\\\/www.meydan.tv\\\/az\\\/#organization\"},\"potentialAction\":[{\"@type\":\"SearchAction\",\"target\":{\"@type\":\"EntryPoint\",\"urlTemplate\":\"https:\\\/\\\/www.meydan.tv\\\/az\\\/?s={search_term_string}\"},\"query-input\":{\"@type\":\"PropertyValueSpecification\",\"valueRequired\":true,\"valueName\":\"search_term_string\"}}],\"inLanguage\":\"az\"},{\"@type\":\"Organization\",\"@id\":\"https:\\\/\\\/www.meydan.tv\\\/az\\\/#organization\",\"name\":\"Meydan TV\",\"url\":\"https:\\\/\\\/www.meydan.tv\\\/az\\\/\",\"logo\":{\"@type\":\"ImageObject\",\"inLanguage\":\"az\",\"@id\":\"https:\\\/\\\/www.meydan.tv\\\/az\\\/#\\\/schema\\\/logo\\\/image\\\/\",\"url\":\"https:\\\/\\\/www.meydan.tv\\\/wp-content\\\/uploads\\\/2021\\\/07\\\/meydan-logo.svg\",\"contentUrl\":\"https:\\\/\\\/www.meydan.tv\\\/wp-content\\\/uploads\\\/2021\\\/07\\\/meydan-logo.svg\",\"width\":195,\"height\":46,\"caption\":\"Meydan TV\"},\"image\":{\"@id\":\"https:\\\/\\\/www.meydan.tv\\\/az\\\/#\\\/schema\\\/logo\\\/image\\\/\"}},{\"@type\":\"Person\",\"@id\":\"https:\\\/\\\/www.meydan.tv\\\/az\\\/#\\\/schema\\\/person\\\/10d11eccf6da3662cf5fdab9806ea91a\",\"name\":\"user-manager\"}]}<\/script>\n<!-- \/ Yoast SEO plugin. -->","yoast_head_json":{"title":"\u201cDeyir, s\u0259nin \u015f\u0259hidind\u0259n m\u0259n\u0259 n\u0259, i\u015f\u0131qpulunu \u00f6d\u0259...\u201d - MEYDAN.TV","robots":{"index":"index","follow":"follow","max-snippet":"max-snippet:-1","max-image-preview":"max-image-preview:large","max-video-preview":"max-video-preview:-1"},"canonical":"https:\/\/www.meydan.tv\/az\/article\/deyir-senin-sehidinden-mene-ne-isiqpulunu-ode\/","og_locale":"az_AZ","og_type":"article","og_title":"\u201cDeyir, s\u0259nin \u015f\u0259hidind\u0259n m\u0259n\u0259 n\u0259, i\u015f\u0131qpulunu \u00f6d\u0259...\u201d - MEYDAN.TV","og_description":"K\u0259mal\u0259 M\u0259miyeva b\u00fct\u00fcn aidiyy\u0259ti qurumlara getdiyini v\u0259 qap\u0131dan qovuldu\u011funu iddia edir","og_url":"https:\/\/www.meydan.tv\/az\/article\/deyir-senin-sehidinden-mene-ne-isiqpulunu-ode\/","og_site_name":"MEYDAN.TV","article_published_time":"2020-01-31T13:32:50+00:00","og_image":[{"width":1280,"height":720,"url":"https:\/\/www.meydan.tv\/wp-content\/uploads\/copy_of_untitled_design__1__4rf9chb.png","type":"image\/png"}],"author":"user-manager","twitter_card":"summary_large_image","schema":{"@context":"https:\/\/schema.org","@graph":[{"@type":"Article","@id":"https:\/\/www.meydan.tv\/az\/article\/deyir-senin-sehidinden-mene-ne-isiqpulunu-ode\/#article","isPartOf":{"@id":"https:\/\/www.meydan.tv\/az\/article\/deyir-senin-sehidinden-mene-ne-isiqpulunu-ode\/"},"author":{"name":"user-manager","@id":"https:\/\/www.meydan.tv\/az\/#\/schema\/person\/10d11eccf6da3662cf5fdab9806ea91a"},"headline":"\u201cDeyir, s\u0259nin \u015f\u0259hidind\u0259n m\u0259n\u0259 n\u0259, i\u015f\u0131qpulunu \u00f6d\u0259&#8230;\u201d","datePublished":"2020-01-31T13:32:50+00:00","mainEntityOfPage":{"@id":"https:\/\/www.meydan.tv\/az\/article\/deyir-senin-sehidinden-mene-ne-isiqpulunu-ode\/"},"wordCount":1016,"publisher":{"@id":"https:\/\/www.meydan.tv\/az\/#organization"},"image":{"@id":"https:\/\/www.meydan.tv\/az\/article\/deyir-senin-sehidinden-mene-ne-isiqpulunu-ode\/#primaryimage"},"thumbnailUrl":"https:\/\/www.meydan.tv\/wp-content\/uploads\/copy_of_untitled_design__1__4rf9chb.png","articleSection":["B\u00f6lg\u0259"],"inLanguage":"az"},{"@type":"WebPage","@id":"https:\/\/www.meydan.tv\/az\/article\/deyir-senin-sehidinden-mene-ne-isiqpulunu-ode\/","url":"https:\/\/www.meydan.tv\/az\/article\/deyir-senin-sehidinden-mene-ne-isiqpulunu-ode\/","name":"\u201cDeyir, s\u0259nin \u015f\u0259hidind\u0259n m\u0259n\u0259 n\u0259, i\u015f\u0131qpulunu \u00f6d\u0259...\u201d - MEYDAN.TV","isPartOf":{"@id":"https:\/\/www.meydan.tv\/az\/#website"},"primaryImageOfPage":{"@id":"https:\/\/www.meydan.tv\/az\/article\/deyir-senin-sehidinden-mene-ne-isiqpulunu-ode\/#primaryimage"},"image":{"@id":"https:\/\/www.meydan.tv\/az\/article\/deyir-senin-sehidinden-mene-ne-isiqpulunu-ode\/#primaryimage"},"thumbnailUrl":"https:\/\/www.meydan.tv\/wp-content\/uploads\/copy_of_untitled_design__1__4rf9chb.png","datePublished":"2020-01-31T13:32:50+00:00","breadcrumb":{"@id":"https:\/\/www.meydan.tv\/az\/article\/deyir-senin-sehidinden-mene-ne-isiqpulunu-ode\/#breadcrumb"},"inLanguage":"az","potentialAction":[{"@type":"ReadAction","target":["https:\/\/www.meydan.tv\/az\/article\/deyir-senin-sehidinden-mene-ne-isiqpulunu-ode\/"]}]},{"@type":"ImageObject","inLanguage":"az","@id":"https:\/\/www.meydan.tv\/az\/article\/deyir-senin-sehidinden-mene-ne-isiqpulunu-ode\/#primaryimage","url":"https:\/\/www.meydan.tv\/wp-content\/uploads\/copy_of_untitled_design__1__4rf9chb.png","contentUrl":"https:\/\/www.meydan.tv\/wp-content\/uploads\/copy_of_untitled_design__1__4rf9chb.png","width":1280,"height":720,"caption":"Source: Specify Source"},{"@type":"BreadcrumbList","@id":"https:\/\/www.meydan.tv\/az\/article\/deyir-senin-sehidinden-mene-ne-isiqpulunu-ode\/#breadcrumb","itemListElement":[{"@type":"ListItem","position":1,"name":"Ana s\u0259hif\u0259","item":"https:\/\/www.meydan.tv\/az\/"},{"@type":"ListItem","position":2,"name":"B\u00f6lg\u0259","item":"https:\/\/www.meydan.tv\/az\/section\/bolge\/"},{"@type":"ListItem","position":3,"name":"\u201cDeyir, s\u0259nin \u015f\u0259hidind\u0259n m\u0259n\u0259 n\u0259, i\u015f\u0131qpulunu \u00f6d\u0259&#8230;\u201d"}]},{"@type":"WebSite","@id":"https:\/\/www.meydan.tv\/az\/#website","url":"https:\/\/www.meydan.tv\/az\/","name":"MEYDAN.TV","description":"Meydan TV Az\u0259rbaycan\u0131n media m\u0259kan\u0131ndak\u0131 alternativ s\u0259sidir","publisher":{"@id":"https:\/\/www.meydan.tv\/az\/#organization"},"potentialAction":[{"@type":"SearchAction","target":{"@type":"EntryPoint","urlTemplate":"https:\/\/www.meydan.tv\/az\/?s={search_term_string}"},"query-input":{"@type":"PropertyValueSpecification","valueRequired":true,"valueName":"search_term_string"}}],"inLanguage":"az"},{"@type":"Organization","@id":"https:\/\/www.meydan.tv\/az\/#organization","name":"Meydan TV","url":"https:\/\/www.meydan.tv\/az\/","logo":{"@type":"ImageObject","inLanguage":"az","@id":"https:\/\/www.meydan.tv\/az\/#\/schema\/logo\/image\/","url":"https:\/\/www.meydan.tv\/wp-content\/uploads\/2021\/07\/meydan-logo.svg","contentUrl":"https:\/\/www.meydan.tv\/wp-content\/uploads\/2021\/07\/meydan-logo.svg","width":195,"height":46,"caption":"Meydan TV"},"image":{"@id":"https:\/\/www.meydan.tv\/az\/#\/schema\/logo\/image\/"}},{"@type":"Person","@id":"https:\/\/www.meydan.tv\/az\/#\/schema\/person\/10d11eccf6da3662cf5fdab9806ea91a","name":"user-manager"}]}},"_links":{"self":[{"href":"https:\/\/www.meydan.tv\/az\/wp-json\/wp\/v2\/posts\/199040","targetHints":{"allow":["GET"]}}],"collection":[{"href":"https:\/\/www.meydan.tv\/az\/wp-json\/wp\/v2\/posts"}],"about":[{"href":"https:\/\/www.meydan.tv\/az\/wp-json\/wp\/v2\/types\/post"}],"author":[{"embeddable":true,"href":"https:\/\/www.meydan.tv\/az\/wp-json\/wp\/v2\/users\/11"}],"replies":[{"embeddable":true,"href":"https:\/\/www.meydan.tv\/az\/wp-json\/wp\/v2\/comments?post=199040"}],"version-history":[{"count":0,"href":"https:\/\/www.meydan.tv\/az\/wp-json\/wp\/v2\/posts\/199040\/revisions"}],"wp:featuredmedia":[{"embeddable":true,"href":"https:\/\/www.meydan.tv\/az\/wp-json\/wp\/v2\/media\/136761"}],"wp:attachment":[{"href":"https:\/\/www.meydan.tv\/az\/wp-json\/wp\/v2\/media?parent=199040"}],"wp:term":[{"taxonomy":"category","embeddable":true,"href":"https:\/\/www.meydan.tv\/az\/wp-json\/wp\/v2\/categories?post=199040"},{"taxonomy":"post_tag","embeddable":true,"href":"https:\/\/www.meydan.tv\/az\/wp-json\/wp\/v2\/tags?post=199040"}],"curies":[{"name":"wp","href":"https:\/\/api.w.org\/{rel}","templated":true}]}}