{"id":199034,"date":"2020-01-31T11:02:42","date_gmt":"2020-01-31T11:02:42","guid":{"rendered":"https:\/\/www.meydan.tv\/article\/qobustan-sakini-zelzele-evimi-dagidib-tiken-yoxdur\/"},"modified":"2020-01-31T11:02:42","modified_gmt":"2020-01-31T11:02:42","slug":"qobustan-sakini-zelzele-evimi-dagidib-tiken-yoxdur","status":"publish","type":"post","link":"https:\/\/www.meydan.tv\/az\/article\/qobustan-sakini-zelzele-evimi-dagidib-tiken-yoxdur\/","title":{"rendered":"Qobustan sakini: Z\u0259lz\u0259l\u0259 evimi da\u011f\u0131d\u0131b, tik\u0259n yoxdur"},"content":{"rendered":"<p>\n  <i><br \/>\n    64 ya\u015fl\u0131 Adil\u0259 \u018fliyeva m\u0259murlardan \u015fikay\u0259t\u00e7idir<br \/>\n  <\/i>\n<\/p>\n<p>\n  \u201cQ\u0259zal\u0131 evd\u0259 qorxa-qorxa ya\u015fay\u0131ram. 1 ildir ki, d\u00f6vl\u0259t qurumlar\u0131na m\u00fcraci\u0259t edirik, biz\u0259 ev tikmirl\u0259r\u201d.\n<\/p>\n<p>\n  Qobustan rayonunun \u018fr\u0259b\u015falba\u015f k\u0259ndind\u0259 ya\u015fayan 64 ya\u015fl\u0131 Adil\u0259 \u018fliyeva Meydan TV-y\u0259 dan\u0131\u015f\u0131r ki, \u00f6t\u0259n il fevral\u0131n 7-d\u0259 ba\u015f vermi\u015f z\u0259lz\u0259l\u0259 n\u0259tic\u0259sind\u0259 ya\u015fad\u0131\u011f\u0131 ev q\u0259zal\u0131 v\u0259ziyy\u0259t\u0259 d\u00fc\u015f\u00fcb, ancaq d\u00f6vl\u0259t ona t\u0259z\u0259 ev tikm\u0259yib. 1 ildir m\u00fcvafiq qurumlara \u00fcz tutsa da, \u015fikay\u0259tin\u0259 baxan yoxdur.\n<\/p>\n<p>\n  <b><br \/>\n    \u201cBu ev indi u\u00e7ar, bu saat u\u00e7ar\u201d<br \/>\n  <\/b>\n<\/p>\n<p>\n  \u201cEvimiz el\u0259 v\u0259ziyy\u0259t\u0259 d\u00fc\u015f\u00fcb ki, t\u0259mirlik d\u0259 deyil. Bu divar\u0131 suvaqlay\u0131b de\u015fikl\u0259ri ba\u011flay\u0131r\u0131q, o biri divar aralan\u0131r. Evin \u00f6z\u00fcl\u00fc da\u011f\u0131l\u0131b, \u00f6z\u00fcl\u00fcn \u00fcst\u00fcnd\u0259 ev zorla dayan\u0131b, \u201cindi u\u00e7ar, bu saat u\u00e7ar\u201d deyib, can\u0131m\u0131 di\u015fim\u0259 tutub ya\u015fay\u0131ram. Bu yax\u0131nlarda g\u00f6z\u00fcmd\u0259n \u0259m\u0259liyyat olunmu\u015fam, \u00f6z\u00fcm d\u0259 pensiya\u00e7\u0131yam, imkan\u0131m yoxdur ki, \u00f6z\u00fcm \u0259l qat\u0131m, ev tikim&#8230;\u201d\n<\/p>\n<p>\n  Adil\u0259 xan\u0131m deyir, z\u0259lz\u0259l\u0259d\u0259n sonra F\u00f6vq\u0259lad\u0259 Hallar Komissiyas\u0131n\u0131n \u00fczvl\u0259rini g\u00f6zl\u0259s\u0259 d\u0259, n\u0259 onun, n\u0259 d\u0259 m\u0259rhum o\u011flunun ail\u0259si ya\u015fayan v\u0259 z\u0259lz\u0259l\u0259d\u0259n q\u0259zal\u0131 v\u0259ziyy\u0259t\u0259 d\u00fc\u015fm\u00fc\u015f dig\u0259r ev\u0259 bax\u0131\u015f ke\u00e7irm\u0259yibl\u0259r. N\u0259hay\u0259t, \u00f6z\u00fc aidiyy\u0259ti qurumlara m\u00fcraci\u0259t edib.\n<\/p>\n<p>\n  <b><br \/>\n    \u201cDedil\u0259r, bu ev m\u00fctl\u0259q s\u00f6k\u00fclm\u0259lidir\u201d<br \/>\n  <\/b>\n<\/p>\n<p>\n  \u201c\u00d6z\u00fcm icra hakimiyy\u0259tin\u0259 getdim, s\u0259s-k\u00fcy sald\u0131m, ondan sonra g\u0259lib baxd\u0131lar, dedil\u0259r, bu ev m\u00fctl\u0259q s\u00f6k\u00fclm\u0259lidir, t\u0259z\u0259si tikilm\u0259lidir, burda ya\u015famaq t\u0259hl\u00fck\u0259lidir, da\u011f\u0131lar, qalarsan da\u015flar\u0131n alt\u0131nda&#8230; O\u011flum z\u0259lz\u0259l\u0259d\u0259n bir az \u0259vv\u0259l d\u00fcnyas\u0131n\u0131 d\u0259yi\u015fmi\u015fdi. Z\u0259lz\u0259l\u0259 vaxt\u0131 ondan qalm\u0131\u015f ev d\u0259 da\u011f\u0131ld\u0131, \u00f6z\u00fcm\u00fcz s\u00f6kd\u00fck ki, t\u0259z\u0259sini tik\u0259k, imkans\u0131zl\u0131qdan o da yar\u0131m\u00e7\u0131q qald\u0131. Ail\u0259si h\u0259l\u0259 d\u0259 qap\u0131larda qal\u0131b, n\u0259v\u0259l\u0259rim h\u0259r d\u0259f\u0259 deyir: \u201cN\u0259n\u0259, evimiz \u00fc\u00e7\u00fcn dar\u0131x\u0131r\u0131q, evimizi ist\u0259yirik\u201d. Onsuz da atas\u0131z b\u00f6y\u00fcy\u00fcrl\u0259r, bir t\u0259r\u0259fd\u0259n d\u0259 evsizlik&#8230; M\u0259nim evimd\u0259 is\u0259 q\u0131z\u0131mla ikimiz ya\u015fay\u0131r\u0131q. Birotaql\u0131 evdir, divarlar\u0131 adam\u0131n \u00fcst\u00fcn\u0259 g\u0259lir. Bu evi ist\u0259mir\u0259m, el\u0259 o\u011flumun evi tikilsin, q\u0131z\u0131mla m\u0259n d\u0259 onlarla birlikd\u0259 o evd\u0259 ya\u015fayaq. Ax\u0131 prezident bu i\u015fl\u0259r\u0259 tez-tez pul ayr\u0131\u0131r, m\u0259murlar bizi niy\u0259 incidirl\u0259r?\u201d \u2013 \u015fikay\u0259t\u00e7i dan\u0131\u015f\u0131r.\n<\/p>\n<figure class=\"wp-block-image size-large\">\n  <img decoding=\"async\" src=\"https:\/\/www.meydan.tv\/az\/image_from_ios-png-15\/\" alt=\"image_from_ios.png\" class=\"wp-image-136743\"\/><figcaption>\n    &#8220;Evin \u00f6z\u00fcl\u00fc da\u011f\u0131l\u0131b, \u00f6z\u00fcl\u00fcn \u00fcst\u00fcnd\u0259 ev zorla dayan\u0131b&#8221;<br \/>\n  <\/figcaption><\/figure>\n<p>\n  <b><br \/>\n    \u201c\u015eamax\u0131da Mehriban xan\u0131mla da g\u00f6r\u00fc\u015fd\u00fck\u201d<br \/>\n  <\/b>\n<\/p>\n<p>\n  Adil\u0259 xan\u0131m deyir, bir ne\u00e7\u0259 ay \u0259vv\u0259l Birinci vitse-prezident \u015eamax\u0131da olark\u0259n onunla da g\u00f6r\u00fc\u015f\u00fcbl\u0259r:\n<\/p>\n<p>\n  \u201cMehriban xan\u0131m dinl\u0259di, yan\u0131ndak\u0131 m\u0259murlara tap\u015f\u0131r\u0131q verdi, biz\u0259 bir telefon n\u00f6mr\u0259si verdil\u0259r ki, bunun vatsap\u0131na yazars\u0131z, siz\u0259 k\u00f6m\u0259klik olunacaq, he\u00e7 o da olmad\u0131. Ax\u0131rda da dedil\u0259r ki, \u00fcmumiyy\u0259tl\u0259, Qobustanda z\u0259lz\u0259l\u0259 olmay\u0131b, \u00f6z evinizi \u00f6z\u00fcn\u00fcz tikin. Halbuki, \u015eamax\u0131 il\u0259 bizim aram\u0131z c\u0259mi 19 kilometrdir, orda ba\u015f ver\u0259n z\u0259lz\u0259l\u0259nin t\u0259siri bizim k\u0259ndd\u0259ki evl\u0259r\u0259 d\u0259 g\u0259lib \u00e7atm\u0131\u015fd\u0131. H\u0259min vaxt k\u0259nd icra n\u00fcmay\u0259nd\u0259si sin\u0259sin\u0259 d\u00f6yd\u00fc ki, bu evi tikdirm\u0259k m\u0259nlikdir, s\u00f6k\u00fcn, h\u00f6kum\u0259td\u0259n t\u0259l\u0259b ed\u0259c\u0259m, tik\u0259c\u0259k. Biz d\u0259 qarda\u015f\u0131m\u0131n evini s\u00f6k\u00fcb qoyduq yer\u0259, o g\u00fcn \u2013 bu g\u00fcn, d\u00fc\u015fd\u00fck icra n\u00fcmay\u0259nd\u0259sinin dal\u0131yca, dedi, m\u0259nlik deyil, m\u0259n bacarmad\u0131m, gedin, \u00f6z\u00fcn\u00fcz t\u0259l\u0259b edin. H\u0259l\u0259 yax\u015f\u0131 ki, onun s\u00f6z\u00fcn\u0259 inan\u0131b \u00f6z qald\u0131\u011f\u0131m\u0131z evi s\u00f6km\u0259dik\u201d.\n<\/p>\n<p>\n  <b><br \/>\n    R\u0259smi qurum: \u201cQobustanda z\u0259lz\u0259l\u0259 olmay\u0131b\u201d<br \/>\n  <\/b>\n<\/p>\n<p>\n  Qobustan Rayon \u0130cra Hakimiyy\u0259tind\u0259n Meydan TV y\u0259 bildirilib ki , Adil\u0259 \u018fliyeva quruma m\u00fcraci\u0259t ed\u0259nd\u0259n sonra rayonun f\u00f6vq\u0259lad\u0259 hallar komissisiyas\u0131na m\u00fcraci\u0259t olunub. Komissiyadan cavab verilib ki Adil\u0259 \u018fliyevan\u0131n iddia etdiyi m\u0259nzill\u0259rin he\u00e7 biri z\u0259lz\u0259l\u0259d\u0259n z\u0259r\u0259r\u00e7\u0259kmi\u015f tikili kimi qeydiyata al\u0131nmay\u0131b. Bu bar\u0259d\u0259 h\u0259m F\u00f6vq\u0259lad\u0259 Hallar Komissiyas\u0131, h\u0259m d\u0259 icra hakimiyy\u0259ti Adil\u0259 \u018fliyevaya r\u0259smi \u015f\u0259kild\u0259 bildirib. H\u0259r iki ev k\u00f6hn\u0259 tikilidir v\u0259 h\u0259l\u0259 z\u0259lz\u0259l\u0259d\u0259n \u0259vv\u0259l q\u0259zal\u0131 v\u0259ziyy\u0259td\u0259 olub:\n<\/p>\n<p>\n  \u201cH\u0259min ail\u0259 m\u00fcxt\u0259lif qurumlara, o c\u00fcml\u0259d\u0259n vitse-prezident Mehriban \u018fliyevaya m\u00fcraci\u0259t edib. H\u0259r d\u0259f\u0259 ara\u015fd\u0131rma apar\u0131l\u0131b v\u0259 ail\u0259y\u0259 eyni m\u0259zmunlu cavab verilib. \u00dcmimiyy\u0259tl\u0259 7 fevral z\u0259lz\u0259l\u0259si zaman\u0131 Qobustanda he\u00e7 bir ev\u0259 z\u0259r\u0259r d\u0259ym\u0259yib. Fevral\u0131n 5-d\u0259 Qobustanda yeralt\u0131 t\u0259kanlar olub, o da g\u00fccl\u00fc olmad\u0131\u011f\u0131ndan z\u0259r\u0259rsiz \u00f6t\u00fc\u015f\u00fcb\u201d.\n<\/p>\n<figure class=\"wp-block-image size-large\">\n  <img decoding=\"async\" src=\"https:\/\/www.meydan.tv\/az\/image_from_ios-2-jpg-107\/\" alt=\"image_from_ios (2).jpg\" class=\"wp-image-136731\"\/><figcaption>\n    Adil\u0259 xan\u0131m deyir, bir ne\u00e7\u0259 ay \u0259vv\u0259l Birinci vitse-prezident \u015eamax\u0131da olark\u0259n onunla da g\u00f6r\u00fc\u015f\u00fcbl\u0259r<br \/>\n  <\/figcaption><\/figure>\n","protected":false},"excerpt":{"rendered":"<p>&#8220;Mehriban xan\u0131m dinl\u0259di, yan\u0131ndak\u0131 m\u0259murlara tap\u015f\u0131r\u0131q verdi, biz\u0259 bir telefon n\u00f6mr\u0259si verdil\u0259r ki, bunun vatsap\u0131na yazars\u0131z, siz\u0259 k\u00f6m\u0259klik olunacaq, he\u00e7 o da olmad\u0131&#8221;<\/p>\n","protected":false},"author":11,"featured_media":136740,"comment_status":"closed","ping_status":"open","sticky":false,"template":"","format":"standard","meta":{"_acf_changed":false,"_sitemap_exclude":false,"_sitemap_priority":"","_sitemap_frequency":"","footnotes":""},"categories":[60],"tags":[],"class_list":["post-199034","post","type-post","status-publish","format-standard","has-post-thumbnail","hentry","category-bolge","infinite-scroll-item","generate-columns","tablet-grid-50","mobile-grid-100","grid-parent","grid-33","no-featured-image-padding"],"acf":[],"yoast_head":"<!-- This site is optimized with the Yoast SEO plugin v27.5 - https:\/\/yoast.com\/product\/yoast-seo-wordpress\/ -->\n<title>Qobustan sakini: Z\u0259lz\u0259l\u0259 evimi da\u011f\u0131d\u0131b, tik\u0259n yoxdur - MEYDAN.TV<\/title>\n<meta name=\"robots\" content=\"index, follow, max-snippet:-1, max-image-preview:large, max-video-preview:-1\" \/>\n<link rel=\"canonical\" href=\"https:\/\/www.meydan.tv\/az\/article\/qobustan-sakini-zelzele-evimi-dagidib-tiken-yoxdur\/\" \/>\n<meta property=\"og:locale\" content=\"az_AZ\" \/>\n<meta property=\"og:type\" content=\"article\" \/>\n<meta property=\"og:title\" content=\"Qobustan sakini: Z\u0259lz\u0259l\u0259 evimi da\u011f\u0131d\u0131b, tik\u0259n yoxdur - MEYDAN.TV\" \/>\n<meta property=\"og:description\" content=\"&quot;Mehriban xan\u0131m dinl\u0259di, yan\u0131ndak\u0131 m\u0259murlara tap\u015f\u0131r\u0131q verdi, biz\u0259 bir telefon n\u00f6mr\u0259si verdil\u0259r ki, bunun vatsap\u0131na yazars\u0131z, siz\u0259 k\u00f6m\u0259klik olunacaq, he\u00e7 o da olmad\u0131&quot;\" \/>\n<meta property=\"og:url\" content=\"https:\/\/www.meydan.tv\/az\/article\/qobustan-sakini-zelzele-evimi-dagidib-tiken-yoxdur\/\" \/>\n<meta property=\"og:site_name\" content=\"MEYDAN.TV\" \/>\n<meta property=\"article:published_time\" content=\"2020-01-31T11:02:42+00:00\" \/>\n<meta property=\"og:image\" content=\"https:\/\/www.meydan.tv\/wp-content\/uploads\/image_from_ios_1_lbkmqjv.png\" \/>\n\t<meta property=\"og:image:width\" content=\"1200\" \/>\n\t<meta property=\"og:image:height\" content=\"700\" \/>\n\t<meta property=\"og:image:type\" content=\"image\/png\" \/>\n<meta name=\"author\" content=\"user-manager\" \/>\n<meta name=\"twitter:card\" content=\"summary_large_image\" \/>\n<script type=\"application\/ld+json\" class=\"yoast-schema-graph\">{\"@context\":\"https:\\\/\\\/schema.org\",\"@graph\":[{\"@type\":\"Article\",\"@id\":\"https:\\\/\\\/www.meydan.tv\\\/az\\\/article\\\/qobustan-sakini-zelzele-evimi-dagidib-tiken-yoxdur\\\/#article\",\"isPartOf\":{\"@id\":\"https:\\\/\\\/www.meydan.tv\\\/az\\\/article\\\/qobustan-sakini-zelzele-evimi-dagidib-tiken-yoxdur\\\/\"},\"author\":{\"name\":\"user-manager\",\"@id\":\"https:\\\/\\\/www.meydan.tv\\\/az\\\/#\\\/schema\\\/person\\\/10d11eccf6da3662cf5fdab9806ea91a\"},\"headline\":\"Qobustan sakini: Z\u0259lz\u0259l\u0259 evimi da\u011f\u0131d\u0131b, tik\u0259n yoxdur\",\"datePublished\":\"2020-01-31T11:02:42+00:00\",\"mainEntityOfPage\":{\"@id\":\"https:\\\/\\\/www.meydan.tv\\\/az\\\/article\\\/qobustan-sakini-zelzele-evimi-dagidib-tiken-yoxdur\\\/\"},\"wordCount\":925,\"publisher\":{\"@id\":\"https:\\\/\\\/www.meydan.tv\\\/az\\\/#organization\"},\"image\":{\"@id\":\"https:\\\/\\\/www.meydan.tv\\\/az\\\/article\\\/qobustan-sakini-zelzele-evimi-dagidib-tiken-yoxdur\\\/#primaryimage\"},\"thumbnailUrl\":\"https:\\\/\\\/www.meydan.tv\\\/wp-content\\\/uploads\\\/image_from_ios_1_lbkmqjv.png\",\"articleSection\":[\"B\u00f6lg\u0259\"],\"inLanguage\":\"az\"},{\"@type\":\"WebPage\",\"@id\":\"https:\\\/\\\/www.meydan.tv\\\/az\\\/article\\\/qobustan-sakini-zelzele-evimi-dagidib-tiken-yoxdur\\\/\",\"url\":\"https:\\\/\\\/www.meydan.tv\\\/az\\\/article\\\/qobustan-sakini-zelzele-evimi-dagidib-tiken-yoxdur\\\/\",\"name\":\"Qobustan sakini: Z\u0259lz\u0259l\u0259 evimi da\u011f\u0131d\u0131b, tik\u0259n yoxdur - MEYDAN.TV\",\"isPartOf\":{\"@id\":\"https:\\\/\\\/www.meydan.tv\\\/az\\\/#website\"},\"primaryImageOfPage\":{\"@id\":\"https:\\\/\\\/www.meydan.tv\\\/az\\\/article\\\/qobustan-sakini-zelzele-evimi-dagidib-tiken-yoxdur\\\/#primaryimage\"},\"image\":{\"@id\":\"https:\\\/\\\/www.meydan.tv\\\/az\\\/article\\\/qobustan-sakini-zelzele-evimi-dagidib-tiken-yoxdur\\\/#primaryimage\"},\"thumbnailUrl\":\"https:\\\/\\\/www.meydan.tv\\\/wp-content\\\/uploads\\\/image_from_ios_1_lbkmqjv.png\",\"datePublished\":\"2020-01-31T11:02:42+00:00\",\"breadcrumb\":{\"@id\":\"https:\\\/\\\/www.meydan.tv\\\/az\\\/article\\\/qobustan-sakini-zelzele-evimi-dagidib-tiken-yoxdur\\\/#breadcrumb\"},\"inLanguage\":\"az\",\"potentialAction\":[{\"@type\":\"ReadAction\",\"target\":[\"https:\\\/\\\/www.meydan.tv\\\/az\\\/article\\\/qobustan-sakini-zelzele-evimi-dagidib-tiken-yoxdur\\\/\"]}]},{\"@type\":\"ImageObject\",\"inLanguage\":\"az\",\"@id\":\"https:\\\/\\\/www.meydan.tv\\\/az\\\/article\\\/qobustan-sakini-zelzele-evimi-dagidib-tiken-yoxdur\\\/#primaryimage\",\"url\":\"https:\\\/\\\/www.meydan.tv\\\/wp-content\\\/uploads\\\/image_from_ios_1_lbkmqjv.png\",\"contentUrl\":\"https:\\\/\\\/www.meydan.tv\\\/wp-content\\\/uploads\\\/image_from_ios_1_lbkmqjv.png\",\"width\":1200,\"height\":700,\"caption\":\"Source: Foto: Meydan TV\"},{\"@type\":\"BreadcrumbList\",\"@id\":\"https:\\\/\\\/www.meydan.tv\\\/az\\\/article\\\/qobustan-sakini-zelzele-evimi-dagidib-tiken-yoxdur\\\/#breadcrumb\",\"itemListElement\":[{\"@type\":\"ListItem\",\"position\":1,\"name\":\"Ana s\u0259hif\u0259\",\"item\":\"https:\\\/\\\/www.meydan.tv\\\/az\\\/\"},{\"@type\":\"ListItem\",\"position\":2,\"name\":\"B\u00f6lg\u0259\",\"item\":\"https:\\\/\\\/www.meydan.tv\\\/az\\\/section\\\/bolge\\\/\"},{\"@type\":\"ListItem\",\"position\":3,\"name\":\"Qobustan sakini: Z\u0259lz\u0259l\u0259 evimi da\u011f\u0131d\u0131b, tik\u0259n yoxdur\"}]},{\"@type\":\"WebSite\",\"@id\":\"https:\\\/\\\/www.meydan.tv\\\/az\\\/#website\",\"url\":\"https:\\\/\\\/www.meydan.tv\\\/az\\\/\",\"name\":\"MEYDAN.TV\",\"description\":\"Meydan TV Az\u0259rbaycan\u0131n media m\u0259kan\u0131ndak\u0131 alternativ s\u0259sidir\",\"publisher\":{\"@id\":\"https:\\\/\\\/www.meydan.tv\\\/az\\\/#organization\"},\"potentialAction\":[{\"@type\":\"SearchAction\",\"target\":{\"@type\":\"EntryPoint\",\"urlTemplate\":\"https:\\\/\\\/www.meydan.tv\\\/az\\\/?s={search_term_string}\"},\"query-input\":{\"@type\":\"PropertyValueSpecification\",\"valueRequired\":true,\"valueName\":\"search_term_string\"}}],\"inLanguage\":\"az\"},{\"@type\":\"Organization\",\"@id\":\"https:\\\/\\\/www.meydan.tv\\\/az\\\/#organization\",\"name\":\"Meydan TV\",\"url\":\"https:\\\/\\\/www.meydan.tv\\\/az\\\/\",\"logo\":{\"@type\":\"ImageObject\",\"inLanguage\":\"az\",\"@id\":\"https:\\\/\\\/www.meydan.tv\\\/az\\\/#\\\/schema\\\/logo\\\/image\\\/\",\"url\":\"https:\\\/\\\/www.meydan.tv\\\/wp-content\\\/uploads\\\/2021\\\/07\\\/meydan-logo.svg\",\"contentUrl\":\"https:\\\/\\\/www.meydan.tv\\\/wp-content\\\/uploads\\\/2021\\\/07\\\/meydan-logo.svg\",\"width\":195,\"height\":46,\"caption\":\"Meydan TV\"},\"image\":{\"@id\":\"https:\\\/\\\/www.meydan.tv\\\/az\\\/#\\\/schema\\\/logo\\\/image\\\/\"}},{\"@type\":\"Person\",\"@id\":\"https:\\\/\\\/www.meydan.tv\\\/az\\\/#\\\/schema\\\/person\\\/10d11eccf6da3662cf5fdab9806ea91a\",\"name\":\"user-manager\"}]}<\/script>\n<!-- \/ Yoast SEO plugin. -->","yoast_head_json":{"title":"Qobustan sakini: Z\u0259lz\u0259l\u0259 evimi da\u011f\u0131d\u0131b, tik\u0259n yoxdur - MEYDAN.TV","robots":{"index":"index","follow":"follow","max-snippet":"max-snippet:-1","max-image-preview":"max-image-preview:large","max-video-preview":"max-video-preview:-1"},"canonical":"https:\/\/www.meydan.tv\/az\/article\/qobustan-sakini-zelzele-evimi-dagidib-tiken-yoxdur\/","og_locale":"az_AZ","og_type":"article","og_title":"Qobustan sakini: Z\u0259lz\u0259l\u0259 evimi da\u011f\u0131d\u0131b, tik\u0259n yoxdur - MEYDAN.TV","og_description":"\"Mehriban xan\u0131m dinl\u0259di, yan\u0131ndak\u0131 m\u0259murlara tap\u015f\u0131r\u0131q verdi, biz\u0259 bir telefon n\u00f6mr\u0259si verdil\u0259r ki, bunun vatsap\u0131na yazars\u0131z, siz\u0259 k\u00f6m\u0259klik olunacaq, he\u00e7 o da olmad\u0131\"","og_url":"https:\/\/www.meydan.tv\/az\/article\/qobustan-sakini-zelzele-evimi-dagidib-tiken-yoxdur\/","og_site_name":"MEYDAN.TV","article_published_time":"2020-01-31T11:02:42+00:00","og_image":[{"width":1200,"height":700,"url":"https:\/\/www.meydan.tv\/wp-content\/uploads\/image_from_ios_1_lbkmqjv.png","type":"image\/png"}],"author":"user-manager","twitter_card":"summary_large_image","schema":{"@context":"https:\/\/schema.org","@graph":[{"@type":"Article","@id":"https:\/\/www.meydan.tv\/az\/article\/qobustan-sakini-zelzele-evimi-dagidib-tiken-yoxdur\/#article","isPartOf":{"@id":"https:\/\/www.meydan.tv\/az\/article\/qobustan-sakini-zelzele-evimi-dagidib-tiken-yoxdur\/"},"author":{"name":"user-manager","@id":"https:\/\/www.meydan.tv\/az\/#\/schema\/person\/10d11eccf6da3662cf5fdab9806ea91a"},"headline":"Qobustan sakini: Z\u0259lz\u0259l\u0259 evimi da\u011f\u0131d\u0131b, tik\u0259n yoxdur","datePublished":"2020-01-31T11:02:42+00:00","mainEntityOfPage":{"@id":"https:\/\/www.meydan.tv\/az\/article\/qobustan-sakini-zelzele-evimi-dagidib-tiken-yoxdur\/"},"wordCount":925,"publisher":{"@id":"https:\/\/www.meydan.tv\/az\/#organization"},"image":{"@id":"https:\/\/www.meydan.tv\/az\/article\/qobustan-sakini-zelzele-evimi-dagidib-tiken-yoxdur\/#primaryimage"},"thumbnailUrl":"https:\/\/www.meydan.tv\/wp-content\/uploads\/image_from_ios_1_lbkmqjv.png","articleSection":["B\u00f6lg\u0259"],"inLanguage":"az"},{"@type":"WebPage","@id":"https:\/\/www.meydan.tv\/az\/article\/qobustan-sakini-zelzele-evimi-dagidib-tiken-yoxdur\/","url":"https:\/\/www.meydan.tv\/az\/article\/qobustan-sakini-zelzele-evimi-dagidib-tiken-yoxdur\/","name":"Qobustan sakini: Z\u0259lz\u0259l\u0259 evimi da\u011f\u0131d\u0131b, tik\u0259n yoxdur - MEYDAN.TV","isPartOf":{"@id":"https:\/\/www.meydan.tv\/az\/#website"},"primaryImageOfPage":{"@id":"https:\/\/www.meydan.tv\/az\/article\/qobustan-sakini-zelzele-evimi-dagidib-tiken-yoxdur\/#primaryimage"},"image":{"@id":"https:\/\/www.meydan.tv\/az\/article\/qobustan-sakini-zelzele-evimi-dagidib-tiken-yoxdur\/#primaryimage"},"thumbnailUrl":"https:\/\/www.meydan.tv\/wp-content\/uploads\/image_from_ios_1_lbkmqjv.png","datePublished":"2020-01-31T11:02:42+00:00","breadcrumb":{"@id":"https:\/\/www.meydan.tv\/az\/article\/qobustan-sakini-zelzele-evimi-dagidib-tiken-yoxdur\/#breadcrumb"},"inLanguage":"az","potentialAction":[{"@type":"ReadAction","target":["https:\/\/www.meydan.tv\/az\/article\/qobustan-sakini-zelzele-evimi-dagidib-tiken-yoxdur\/"]}]},{"@type":"ImageObject","inLanguage":"az","@id":"https:\/\/www.meydan.tv\/az\/article\/qobustan-sakini-zelzele-evimi-dagidib-tiken-yoxdur\/#primaryimage","url":"https:\/\/www.meydan.tv\/wp-content\/uploads\/image_from_ios_1_lbkmqjv.png","contentUrl":"https:\/\/www.meydan.tv\/wp-content\/uploads\/image_from_ios_1_lbkmqjv.png","width":1200,"height":700,"caption":"Source: Foto: Meydan TV"},{"@type":"BreadcrumbList","@id":"https:\/\/www.meydan.tv\/az\/article\/qobustan-sakini-zelzele-evimi-dagidib-tiken-yoxdur\/#breadcrumb","itemListElement":[{"@type":"ListItem","position":1,"name":"Ana s\u0259hif\u0259","item":"https:\/\/www.meydan.tv\/az\/"},{"@type":"ListItem","position":2,"name":"B\u00f6lg\u0259","item":"https:\/\/www.meydan.tv\/az\/section\/bolge\/"},{"@type":"ListItem","position":3,"name":"Qobustan sakini: Z\u0259lz\u0259l\u0259 evimi da\u011f\u0131d\u0131b, tik\u0259n yoxdur"}]},{"@type":"WebSite","@id":"https:\/\/www.meydan.tv\/az\/#website","url":"https:\/\/www.meydan.tv\/az\/","name":"MEYDAN.TV","description":"Meydan TV Az\u0259rbaycan\u0131n media m\u0259kan\u0131ndak\u0131 alternativ s\u0259sidir","publisher":{"@id":"https:\/\/www.meydan.tv\/az\/#organization"},"potentialAction":[{"@type":"SearchAction","target":{"@type":"EntryPoint","urlTemplate":"https:\/\/www.meydan.tv\/az\/?s={search_term_string}"},"query-input":{"@type":"PropertyValueSpecification","valueRequired":true,"valueName":"search_term_string"}}],"inLanguage":"az"},{"@type":"Organization","@id":"https:\/\/www.meydan.tv\/az\/#organization","name":"Meydan TV","url":"https:\/\/www.meydan.tv\/az\/","logo":{"@type":"ImageObject","inLanguage":"az","@id":"https:\/\/www.meydan.tv\/az\/#\/schema\/logo\/image\/","url":"https:\/\/www.meydan.tv\/wp-content\/uploads\/2021\/07\/meydan-logo.svg","contentUrl":"https:\/\/www.meydan.tv\/wp-content\/uploads\/2021\/07\/meydan-logo.svg","width":195,"height":46,"caption":"Meydan TV"},"image":{"@id":"https:\/\/www.meydan.tv\/az\/#\/schema\/logo\/image\/"}},{"@type":"Person","@id":"https:\/\/www.meydan.tv\/az\/#\/schema\/person\/10d11eccf6da3662cf5fdab9806ea91a","name":"user-manager"}]}},"_links":{"self":[{"href":"https:\/\/www.meydan.tv\/az\/wp-json\/wp\/v2\/posts\/199034","targetHints":{"allow":["GET"]}}],"collection":[{"href":"https:\/\/www.meydan.tv\/az\/wp-json\/wp\/v2\/posts"}],"about":[{"href":"https:\/\/www.meydan.tv\/az\/wp-json\/wp\/v2\/types\/post"}],"author":[{"embeddable":true,"href":"https:\/\/www.meydan.tv\/az\/wp-json\/wp\/v2\/users\/11"}],"replies":[{"embeddable":true,"href":"https:\/\/www.meydan.tv\/az\/wp-json\/wp\/v2\/comments?post=199034"}],"version-history":[{"count":0,"href":"https:\/\/www.meydan.tv\/az\/wp-json\/wp\/v2\/posts\/199034\/revisions"}],"wp:featuredmedia":[{"embeddable":true,"href":"https:\/\/www.meydan.tv\/az\/wp-json\/wp\/v2\/media\/136740"}],"wp:attachment":[{"href":"https:\/\/www.meydan.tv\/az\/wp-json\/wp\/v2\/media?parent=199034"}],"wp:term":[{"taxonomy":"category","embeddable":true,"href":"https:\/\/www.meydan.tv\/az\/wp-json\/wp\/v2\/categories?post=199034"},{"taxonomy":"post_tag","embeddable":true,"href":"https:\/\/www.meydan.tv\/az\/wp-json\/wp\/v2\/tags?post=199034"}],"curies":[{"name":"wp","href":"https:\/\/api.w.org\/{rel}","templated":true}]}}