{"id":199033,"date":"2020-01-31T10:05:09","date_gmt":"2020-01-31T10:05:09","guid":{"rendered":"https:\/\/www.meydan.tv\/article\/heyat-yoldasim-dedi-ki-mene-qiz-usagi-lazim-deyil\/"},"modified":"2020-01-31T10:05:09","modified_gmt":"2020-01-31T10:05:09","slug":"heyat-yoldasim-dedi-ki-mene-qiz-usagi-lazim-deyil","status":"publish","type":"post","link":"https:\/\/www.meydan.tv\/az\/article\/heyat-yoldasim-dedi-ki-mene-qiz-usagi-lazim-deyil\/","title":{"rendered":"\u201cH\u0259yat yolda\u015f\u0131m dedi ki, m\u0259n\u0259 q\u0131z u\u015fa\u011f\u0131 laz\u0131m deyil\u2026\u201d"},"content":{"rendered":"<p>\n  <i><br \/>\n    K\u00fcrd\u0259mir sakini: \u201cQ\u0131zlar\u0131m h\u0259l\u0259 t\u0259z\u0259 paltar \u00fcz\u00fc g\u00f6rm\u0259yibl\u0259r\u201d<br \/>\n  <\/i>\n<\/p>\n<p>\n  K\u00fcrd\u0259mird\u0259 bazardan bir az a\u015fa\u011f\u0131, d\u0259miryolu x\u0259ttinin k\u0259nar\u0131nda bir daxma g\u00f6z\u0259 d\u0259yir. M\u0259sim\u0259 G\u0259rayeva iki q\u0131z\u0131 il\u0259 burada ya\u015fay\u0131r.\n<\/p>\n<p>\n  <b><br \/>\n    \u201cQap\u0131larda i\u015fl\u0259yib u\u015faqlar\u0131m\u0131 saxlay\u0131ram\u201d<br \/>\n  <\/b>\n<\/p>\n<p>\n  M\u0259sim\u0259 A\u011fsunun \u018fr\u0259bu\u015fa\u011f\u0131 k\u0259ndind\u0259 do\u011fulub. K\u00fcrd\u0259mir\u0259 ail\u0259 h\u0259yat\u0131 qurandan sonra g\u0259lib. Uzun m\u00fcdd\u0259t \u00f6vlad\u0131 olmay\u0131b. Onun dediyin\u0259 g\u00f6r\u0259, ard\u0131c\u0131l iki q\u0131z\u0131 do\u011fulandan sonra h\u0259yat yolda\u015f\u0131 ayr\u0131lmaq q\u0259rar\u0131 verib.\n<\/p>\n<p>\n  \u201cDedi ki, m\u0259n\u0259 q\u0131z u\u015fa\u011f\u0131 laz\u0131m deyil. Uzun m\u00fcdd\u0259t aliment ala bilm\u0259dim. Sonra m\u0259hk\u0259m\u0259d\u0259 bel\u0259 raz\u0131l\u0131q oldu ki, m\u0259n\u0259 torpaq ver\u0259c\u0259kl\u0259r, alimentd\u0259n imtina ed\u0259c\u0259m. U\u015faqlar\u0131m \u00e7\u00f6ll\u0259rd\u0259 qalmas\u0131n dey\u0259, raz\u0131la\u015fd\u0131m\u201d, &#8211; M\u0259sim\u0259 bel\u0259 deyir.\n<\/p>\n<p>\n  Qad\u0131n 2011-ci ild\u0259n u\u015faqlar\u0131n\u0131n qay\u011f\u0131s\u0131na yaln\u0131z \u00f6z\u00fc qal\u0131r. Dan\u0131\u015f\u0131r ki, qap\u0131larda i\u015fl\u0259yib u\u015faqlar\u0131na bax\u0131r, d\u00f6vl\u0259td\u0259n he\u00e7 bir qazanc, k\u00f6m\u0259k g\u00f6rm\u00fcr:\n<\/p>\n<p>\n  \u201cHe\u00e7 kim\u0259 dey\u0259 bilm\u0259r\u0259m ki, balalar\u0131ma \u00e7\u00f6r\u0259k ver. Dey\u0259n\u0259 d\u0259 pis bax\u0131rlar\u2026\u201d\n<\/p>\n<p>\n  <b><br \/>\n    \u201cU\u015faqlar\u0131m m\u00fc\u0259llim\u0259l\u0259rin verdiyi paltarlar\u0131 geyinir\u201d<br \/>\n  <\/b>\n<\/p>\n<p>\n  M\u0259sim\u0259nin ki\u00e7ik q\u0131z\u0131 Xatir\u0259 normal dan\u0131\u015fa bilmir. Evin b\u00f6y\u00fck q\u0131z\u0131 Nis\u0259nin m\u0259d\u0259alt\u0131 v\u0259zisind\u0259 ciddi problem var. Amma ana u\u015faqlar\u0131n\u0131 m\u0259kt\u0259bd\u0259n saxlam\u0131r.\n<\/p>\n<p>\n  \u201cU\u015faqlar\u0131m m\u00fc\u0259llim\u0259l\u0259rin verdiyi paltarlar\u0131 geyinir. H\u0259l\u0259 t\u0259z\u0259 paltar \u00fcz\u00fc g\u00f6rm\u0259yibl\u0259r. Qap\u0131s\u0131nda i\u015fl\u0259y\u0259n adamlar\u0131n yaz\u0131\u011f\u0131 g\u0259lir, onlar da verir. Bax\u0131n, \u0259ynimd\u0259kil\u0259r d\u0259 m\u0259nim deyil. Bunlar\u0131 da ba\u015fqalar\u0131 verib\u201d, &#8211; qad\u0131n dan\u0131\u015f\u0131r.\n<\/p>\n<p>\n  M\u0259sim\u0259 cibind\u0259n resept \u00e7\u0131xar\u0131r. H\u0259kim yanvar\u0131n 22-d\u0259 yaz\u0131b. Qad\u0131n deyir ki, h\u0259l\u0259 indiy\u0259 q\u0259d\u0259r d\u0259rmanlar\u0131 al\u0131b u\u015faqlar\u0131na ver\u0259 bilm\u0259yib, \u00e7\u00fcnki pulu yoxdur.\n<\/p>\n<p>\n  \u201c\u00c7ox \u00e7\u0259tinlikl\u0259 dolan\u0131r\u0131q. M\u0259ni burda n\u0259 vaxtsa \u0259t alan g\u00f6rm\u0259zl\u0259r. \u00c7\u00fcnki yaln\u0131z Qurban bayram\u0131nda \u0259t g\u00f6r\u00fcr\u00fck. D\u00fcn\u0259n qon\u015fudan be\u015f manat borc alm\u0131\u015fam. Onun da d\u00f6rd manat\u0131n\u0131 i\u015f\u0131\u011fa verdim. Bu d\u0259qiq\u0259 evimizd\u0259 bir balaca par\u00e7a ya\u011f var. Bu g\u00fcn var, sabah olmayacaq. Evd\u0259 adic\u0259 \u015for yoxdu ki, u\u015faqlar s\u0259h\u0259r yesin\u201d, &#8211; M\u0259sim\u0259 durumun n\u0259 q\u0259d\u0259r a\u011f\u0131r oldu\u011funu bel\u0259 \u00e7atd\u0131r\u0131r.\n<\/p>\n<p>\n  <b><br \/>\n    \u201cD\u00f6vl\u0259td\u0259n he\u00e7 bir pul alm\u0131r\u0131q\u201d<br \/>\n  <\/b>\n<\/p>\n<p>\n  Ail\u0259nin ya\u015fad\u0131\u011f\u0131 evin \u00e7ox \u015f\u0259raitsiz oldu\u011fu a\u015fkar g\u00f6r\u00fcn\u00fcr. M\u0259sim\u0259 dan\u0131\u015f\u0131r ki, evin \u00f6z\u00fcl\u00fc yoxdur, birba\u015fa torpa\u011f\u0131n \u00fcst\u00fcnd\u0259n tikibl\u0259r: \u201cBax, g\u00f6rd\u00fcy\u00fcn\u00fcz ayaqyolunu da \u00f6z\u00fcm d\u00fcz\u0259ltmi\u015f\u0259m. Bir usta g\u0259lib m\u0259nim h\u0259y\u0259timd\u0259 i\u015fl\u0259m\u0259yib. \u201cTruba\u201dlar\u0131 da \u00f6z\u00fcm \u00e7\u0259kmi\u015f\u0259m. He\u00e7 bir \u015f\u0259rait yoxdu. Bir n\u00f6v ba\u015f\u0131m\u0131z\u0131 soxma\u011fa dam var\u201d.\n<\/p>\n<p>\n  M\u0259sim\u0259 k\u00f6m\u0259k \u00fc\u00e7\u00fcn d\u00f6vl\u0259t orqanlar\u0131na \u00e7ox m\u00fcraci\u0259t edib, ona qulaq asan olmay\u0131b. D\u0259rdini televiziya verili\u015fl\u0259rind\u0259 dem\u0259k ist\u0259yib, m\u00fcraci\u0259tl\u0259rin\u0259 reaksiya verilm\u0259yib:\n<\/p>\n<p>\n  \u201cNe\u00e7\u0259 d\u0259f\u0259 icra hakimiyy\u0259tin\u0259 getmi\u015f\u0259m. D\u00f6vl\u0259td\u0259n he\u00e7 bir pul alm\u0131r\u0131q. Bu d\u0259qiq\u0259 qaza 160 manat borcum var. G\u00fcz\u0259\u015ft el\u0259yirl\u0259r, k\u0259smirl\u0259r. Amma borcu yava\u015f-yava\u015f \u00f6d\u0259m\u0259liy\u0259m. Qaz\u0131 k\u0259ss\u0259l\u0259r, u\u015faqlar\u0131m yataqdan qalxa bilm\u0259z\u201d.\n<\/p>\n<p>\n  M\u0259sim\u0259 daha \u00e7ox sosial yard\u0131m almaq \u00fc\u00e7\u00fcn \u0259ziyy\u0259t \u00e7\u0259kib. D\u00f6vl\u0259r Sosial M\u00fcdafi\u0259 Fondunun K\u00fcrd\u0259mir rayon \u015f\u00f6b\u0259sind\u0259 deyil\u0259n s\u0259n\u0259dl\u0259ri d\u0259 toplay\u0131b, amma ax\u0131rda r\u0259dd cavab\u0131 al\u0131b.\n<\/p>\n<p>\n  \u201c\u015e\u00f6b\u0259nin \u0259m\u0259kda\u015flar\u0131 m\u0259ni aldatd\u0131. 200 manat x\u0259rcim \u00e7\u0131xd\u0131. Sonra dedil\u0259r ki, A\u011fsuda ad\u0131na torpaq var, sosial yard\u0131m ala bilm\u0259rs\u0259n. O torpaq m\u0259n\u0259 he\u00e7 laz\u0131m da deyil. G\u0259r\u0259k kim\u0259s\u0259 ba\u011f\u0131\u015flayam. Bunun da 360 manat x\u0259rci var. M\u0259n balalar\u0131m\u0131 g\u00fccl\u0259 saxlay\u0131ram, o pulu nec\u0259 verim?! M\u0259n\u0259 bunu \u0259vv\u0259ld\u0259n izah el\u0259m\u0259dil\u0259r\u201d, &#8211; iki u\u015faq anas\u0131 deyir.\n<\/p>\n<p>\n  D\u00f6vl\u0259t Sosial M\u00fcdafi\u0259 Fondunun K\u00fcrd\u0259mir rayon \u015f\u00f6b\u0259sinin \u0259m\u0259kda\u015f\u0131 Hamil Hiday\u0259tov is\u0259 deyir ki, he\u00e7 bir v\u0259t\u0259nda\u015fa \u015f\u00f6b\u0259d\u0259n cavab verilmir, \u0259riz\u0259l\u0259r elektron q\u0259bul edilir, ara\u015fd\u0131r\u0131l\u0131r:\n<\/p>\n<p>\n  \u201eM\u0259nim icaz\u0259m yoxdur siz\u0259 \u0259trafl\u0131 m\u0259lumat verim. Ancaq v\u0259t\u0259nda\u015f\u0131n ad\u0131na torpaq varsa, bu, i\u015f yeri kimi g\u00f6t\u00fcr\u00fcl\u00fcr. H\u0259min torpaq ya sat\u0131lmal\u0131, ya da ba\u015fqas\u0131na h\u0259diyy\u0259 edilm\u0259lidir. G\u00f6r\u00fcn\u00fcr v\u0259t\u0259nda\u015f\u0131n \u015f\u0259xsi s\u0259n\u0259dl\u0259ri ara\u015fd\u0131r\u0131lark\u0259n bunlar ortaya \u00e7\u0131x\u0131b dey\u0259 imtina verilib. \u018fks halda he\u00e7 bir \u015f\u00f6b\u0259 s\u0259n\u0259d q\u0259bul etmir v\u0259 v\u0259t\u0259nda\u015fa s\u00f6z vermir\u201c.\n<\/p>\n<p>\n  \u2026 Qatar ke\u00e7ir, M\u0259sim\u0259nin dedikl\u0259rini d\u00fcz-\u0259m\u0259lli e\u015fitm\u0259k olmur. Deyir ki, bu s\u0259s\u0259 d\u0259 \u00f6yr\u0259\u015fibl\u0259r. Onsuz da ba\u015fqa h\u0259yat tan\u0131m\u0131rlar. Bo\u011faz\u0131ndak\u0131 \u015fi\u015fd\u0259n dan\u0131\u015f\u0131r. Qay\u011f\u0131lar\u0131n \u00e7oxlu\u011fundan \u00f6z sa\u011flaml\u0131\u011f\u0131n\u0131 da unudub: \u201cAllah \u0259lac\u0131m\u0131 k\u0259sib dey\u0259, i\u015fl\u0259yir\u0259m. H\u0259r g\u00fcn i\u015fl\u0259yir\u0259m. He\u00e7 can\u0131m da \u0259l vermir\u2026\u201d\n<\/p>\n<figure class=\"wp-block-image size-large\">\n  <img decoding=\"async\" src=\"https:\/\/www.meydan.tv\/az\/mesime-gerayeva\/\" alt=\"M\u0259sim\u0259 G\u0259rayeva\" class=\"wp-image-136719\"\/><figcaption>\n    M\u0259sim\u0259 G\u0259rayeva<br \/>\n  <\/figcaption><\/figure>\n<figure class=\"wp-block-image size-large\">\n  <img decoding=\"async\" src=\"https:\/\/www.meydan.tv\/az\/1b4e8ca2-4c69-4984-a0c9-aa85318820a8-jpeg\/\" alt=\"1B4E8CA2-4C69-4984-A0C9-AA85318820A8.jpeg\" class=\"wp-image-136722\"\/><figcaption>\n    Evin v\u0259ziyy\u0259ti<br \/>\n  <\/figcaption><\/figure>\n<figure class=\"wp-block-image size-large\">\n  <img decoding=\"async\" src=\"https:\/\/www.meydan.tv\/az\/239e677b-90d8-40aa-b9e7-89a55380cd03-jpeg\/\" alt=\"239E677B-90D8-40AA-B9E7-89A55380CD03.jpeg\" class=\"wp-image-136725\"\/><figcaption>\n    Evin v\u0259ziyy\u0259ti<br \/>\n  <\/figcaption><\/figure>\n","protected":false},"excerpt":{"rendered":"<p>K\u00fcrd\u0259mir sakini: \u201cQ\u0131zlar\u0131m h\u0259l\u0259 t\u0259z\u0259 paltar \u00fcz\u00fc g\u00f6rm\u0259yibl\u0259r\u201d<\/p>\n","protected":false},"author":11,"featured_media":136716,"comment_status":"closed","ping_status":"open","sticky":false,"template":"","format":"standard","meta":{"_acf_changed":false,"_sitemap_exclude":false,"_sitemap_priority":"","_sitemap_frequency":"","footnotes":""},"categories":[60],"tags":[],"class_list":["post-199033","post","type-post","status-publish","format-standard","has-post-thumbnail","hentry","category-bolge","infinite-scroll-item","generate-columns","tablet-grid-50","mobile-grid-100","grid-parent","grid-33","no-featured-image-padding"],"acf":[],"yoast_head":"<!-- This site is optimized with the Yoast SEO plugin v27.5 - https:\/\/yoast.com\/product\/yoast-seo-wordpress\/ -->\n<title>\u201cH\u0259yat yolda\u015f\u0131m dedi ki, m\u0259n\u0259 q\u0131z u\u015fa\u011f\u0131 laz\u0131m deyil\u2026\u201d - MEYDAN.TV<\/title>\n<meta name=\"robots\" content=\"index, follow, max-snippet:-1, max-image-preview:large, max-video-preview:-1\" \/>\n<link rel=\"canonical\" href=\"https:\/\/www.meydan.tv\/az\/article\/heyat-yoldasim-dedi-ki-mene-qiz-usagi-lazim-deyil\/\" \/>\n<meta property=\"og:locale\" content=\"az_AZ\" \/>\n<meta property=\"og:type\" content=\"article\" \/>\n<meta property=\"og:title\" content=\"\u201cH\u0259yat yolda\u015f\u0131m dedi ki, m\u0259n\u0259 q\u0131z u\u015fa\u011f\u0131 laz\u0131m deyil\u2026\u201d - MEYDAN.TV\" \/>\n<meta property=\"og:description\" content=\"K\u00fcrd\u0259mir sakini: \u201cQ\u0131zlar\u0131m h\u0259l\u0259 t\u0259z\u0259 paltar \u00fcz\u00fc g\u00f6rm\u0259yibl\u0259r\u201d\" \/>\n<meta property=\"og:url\" content=\"https:\/\/www.meydan.tv\/az\/article\/heyat-yoldasim-dedi-ki-mene-qiz-usagi-lazim-deyil\/\" \/>\n<meta property=\"og:site_name\" content=\"MEYDAN.TV\" \/>\n<meta property=\"article:published_time\" content=\"2020-01-31T10:05:09+00:00\" \/>\n<meta property=\"og:image\" content=\"https:\/\/www.meydan.tv\/wp-content\/uploads\/a09f1d9c-99fd-4215-8b33-b81324e03ab5.jpeg\" \/>\n\t<meta property=\"og:image:width\" content=\"1024\" \/>\n\t<meta property=\"og:image:height\" content=\"764\" \/>\n\t<meta property=\"og:image:type\" content=\"image\/jpeg\" \/>\n<meta name=\"author\" content=\"user-manager\" \/>\n<meta name=\"twitter:card\" content=\"summary_large_image\" \/>\n<script type=\"application\/ld+json\" class=\"yoast-schema-graph\">{\"@context\":\"https:\\\/\\\/schema.org\",\"@graph\":[{\"@type\":\"Article\",\"@id\":\"https:\\\/\\\/www.meydan.tv\\\/az\\\/article\\\/heyat-yoldasim-dedi-ki-mene-qiz-usagi-lazim-deyil\\\/#article\",\"isPartOf\":{\"@id\":\"https:\\\/\\\/www.meydan.tv\\\/az\\\/article\\\/heyat-yoldasim-dedi-ki-mene-qiz-usagi-lazim-deyil\\\/\"},\"author\":{\"name\":\"user-manager\",\"@id\":\"https:\\\/\\\/www.meydan.tv\\\/az\\\/#\\\/schema\\\/person\\\/10d11eccf6da3662cf5fdab9806ea91a\"},\"headline\":\"\u201cH\u0259yat yolda\u015f\u0131m dedi ki, m\u0259n\u0259 q\u0131z u\u015fa\u011f\u0131 laz\u0131m deyil\u2026\u201d\",\"datePublished\":\"2020-01-31T10:05:09+00:00\",\"mainEntityOfPage\":{\"@id\":\"https:\\\/\\\/www.meydan.tv\\\/az\\\/article\\\/heyat-yoldasim-dedi-ki-mene-qiz-usagi-lazim-deyil\\\/\"},\"wordCount\":999,\"publisher\":{\"@id\":\"https:\\\/\\\/www.meydan.tv\\\/az\\\/#organization\"},\"image\":{\"@id\":\"https:\\\/\\\/www.meydan.tv\\\/az\\\/article\\\/heyat-yoldasim-dedi-ki-mene-qiz-usagi-lazim-deyil\\\/#primaryimage\"},\"thumbnailUrl\":\"https:\\\/\\\/www.meydan.tv\\\/wp-content\\\/uploads\\\/a09f1d9c-99fd-4215-8b33-b81324e03ab5.jpeg\",\"articleSection\":[\"B\u00f6lg\u0259\"],\"inLanguage\":\"az\"},{\"@type\":\"WebPage\",\"@id\":\"https:\\\/\\\/www.meydan.tv\\\/az\\\/article\\\/heyat-yoldasim-dedi-ki-mene-qiz-usagi-lazim-deyil\\\/\",\"url\":\"https:\\\/\\\/www.meydan.tv\\\/az\\\/article\\\/heyat-yoldasim-dedi-ki-mene-qiz-usagi-lazim-deyil\\\/\",\"name\":\"\u201cH\u0259yat yolda\u015f\u0131m dedi ki, m\u0259n\u0259 q\u0131z u\u015fa\u011f\u0131 laz\u0131m deyil\u2026\u201d - MEYDAN.TV\",\"isPartOf\":{\"@id\":\"https:\\\/\\\/www.meydan.tv\\\/az\\\/#website\"},\"primaryImageOfPage\":{\"@id\":\"https:\\\/\\\/www.meydan.tv\\\/az\\\/article\\\/heyat-yoldasim-dedi-ki-mene-qiz-usagi-lazim-deyil\\\/#primaryimage\"},\"image\":{\"@id\":\"https:\\\/\\\/www.meydan.tv\\\/az\\\/article\\\/heyat-yoldasim-dedi-ki-mene-qiz-usagi-lazim-deyil\\\/#primaryimage\"},\"thumbnailUrl\":\"https:\\\/\\\/www.meydan.tv\\\/wp-content\\\/uploads\\\/a09f1d9c-99fd-4215-8b33-b81324e03ab5.jpeg\",\"datePublished\":\"2020-01-31T10:05:09+00:00\",\"breadcrumb\":{\"@id\":\"https:\\\/\\\/www.meydan.tv\\\/az\\\/article\\\/heyat-yoldasim-dedi-ki-mene-qiz-usagi-lazim-deyil\\\/#breadcrumb\"},\"inLanguage\":\"az\",\"potentialAction\":[{\"@type\":\"ReadAction\",\"target\":[\"https:\\\/\\\/www.meydan.tv\\\/az\\\/article\\\/heyat-yoldasim-dedi-ki-mene-qiz-usagi-lazim-deyil\\\/\"]}]},{\"@type\":\"ImageObject\",\"inLanguage\":\"az\",\"@id\":\"https:\\\/\\\/www.meydan.tv\\\/az\\\/article\\\/heyat-yoldasim-dedi-ki-mene-qiz-usagi-lazim-deyil\\\/#primaryimage\",\"url\":\"https:\\\/\\\/www.meydan.tv\\\/wp-content\\\/uploads\\\/a09f1d9c-99fd-4215-8b33-b81324e03ab5.jpeg\",\"contentUrl\":\"https:\\\/\\\/www.meydan.tv\\\/wp-content\\\/uploads\\\/a09f1d9c-99fd-4215-8b33-b81324e03ab5.jpeg\",\"width\":1024,\"height\":764,\"caption\":\"Source: Meydan\"},{\"@type\":\"BreadcrumbList\",\"@id\":\"https:\\\/\\\/www.meydan.tv\\\/az\\\/article\\\/heyat-yoldasim-dedi-ki-mene-qiz-usagi-lazim-deyil\\\/#breadcrumb\",\"itemListElement\":[{\"@type\":\"ListItem\",\"position\":1,\"name\":\"Ana s\u0259hif\u0259\",\"item\":\"https:\\\/\\\/www.meydan.tv\\\/az\\\/\"},{\"@type\":\"ListItem\",\"position\":2,\"name\":\"B\u00f6lg\u0259\",\"item\":\"https:\\\/\\\/www.meydan.tv\\\/az\\\/section\\\/bolge\\\/\"},{\"@type\":\"ListItem\",\"position\":3,\"name\":\"\u201cH\u0259yat yolda\u015f\u0131m dedi ki, m\u0259n\u0259 q\u0131z u\u015fa\u011f\u0131 laz\u0131m deyil\u2026\u201d\"}]},{\"@type\":\"WebSite\",\"@id\":\"https:\\\/\\\/www.meydan.tv\\\/az\\\/#website\",\"url\":\"https:\\\/\\\/www.meydan.tv\\\/az\\\/\",\"name\":\"MEYDAN.TV\",\"description\":\"Meydan TV Az\u0259rbaycan\u0131n media m\u0259kan\u0131ndak\u0131 alternativ s\u0259sidir\",\"publisher\":{\"@id\":\"https:\\\/\\\/www.meydan.tv\\\/az\\\/#organization\"},\"potentialAction\":[{\"@type\":\"SearchAction\",\"target\":{\"@type\":\"EntryPoint\",\"urlTemplate\":\"https:\\\/\\\/www.meydan.tv\\\/az\\\/?s={search_term_string}\"},\"query-input\":{\"@type\":\"PropertyValueSpecification\",\"valueRequired\":true,\"valueName\":\"search_term_string\"}}],\"inLanguage\":\"az\"},{\"@type\":\"Organization\",\"@id\":\"https:\\\/\\\/www.meydan.tv\\\/az\\\/#organization\",\"name\":\"Meydan TV\",\"url\":\"https:\\\/\\\/www.meydan.tv\\\/az\\\/\",\"logo\":{\"@type\":\"ImageObject\",\"inLanguage\":\"az\",\"@id\":\"https:\\\/\\\/www.meydan.tv\\\/az\\\/#\\\/schema\\\/logo\\\/image\\\/\",\"url\":\"https:\\\/\\\/www.meydan.tv\\\/wp-content\\\/uploads\\\/2021\\\/07\\\/meydan-logo.svg\",\"contentUrl\":\"https:\\\/\\\/www.meydan.tv\\\/wp-content\\\/uploads\\\/2021\\\/07\\\/meydan-logo.svg\",\"width\":195,\"height\":46,\"caption\":\"Meydan TV\"},\"image\":{\"@id\":\"https:\\\/\\\/www.meydan.tv\\\/az\\\/#\\\/schema\\\/logo\\\/image\\\/\"}},{\"@type\":\"Person\",\"@id\":\"https:\\\/\\\/www.meydan.tv\\\/az\\\/#\\\/schema\\\/person\\\/10d11eccf6da3662cf5fdab9806ea91a\",\"name\":\"user-manager\"}]}<\/script>\n<!-- \/ Yoast SEO plugin. -->","yoast_head_json":{"title":"\u201cH\u0259yat yolda\u015f\u0131m dedi ki, m\u0259n\u0259 q\u0131z u\u015fa\u011f\u0131 laz\u0131m deyil\u2026\u201d - MEYDAN.TV","robots":{"index":"index","follow":"follow","max-snippet":"max-snippet:-1","max-image-preview":"max-image-preview:large","max-video-preview":"max-video-preview:-1"},"canonical":"https:\/\/www.meydan.tv\/az\/article\/heyat-yoldasim-dedi-ki-mene-qiz-usagi-lazim-deyil\/","og_locale":"az_AZ","og_type":"article","og_title":"\u201cH\u0259yat yolda\u015f\u0131m dedi ki, m\u0259n\u0259 q\u0131z u\u015fa\u011f\u0131 laz\u0131m deyil\u2026\u201d - MEYDAN.TV","og_description":"K\u00fcrd\u0259mir sakini: \u201cQ\u0131zlar\u0131m h\u0259l\u0259 t\u0259z\u0259 paltar \u00fcz\u00fc g\u00f6rm\u0259yibl\u0259r\u201d","og_url":"https:\/\/www.meydan.tv\/az\/article\/heyat-yoldasim-dedi-ki-mene-qiz-usagi-lazim-deyil\/","og_site_name":"MEYDAN.TV","article_published_time":"2020-01-31T10:05:09+00:00","og_image":[{"width":1024,"height":764,"url":"https:\/\/www.meydan.tv\/wp-content\/uploads\/a09f1d9c-99fd-4215-8b33-b81324e03ab5.jpeg","type":"image\/jpeg"}],"author":"user-manager","twitter_card":"summary_large_image","schema":{"@context":"https:\/\/schema.org","@graph":[{"@type":"Article","@id":"https:\/\/www.meydan.tv\/az\/article\/heyat-yoldasim-dedi-ki-mene-qiz-usagi-lazim-deyil\/#article","isPartOf":{"@id":"https:\/\/www.meydan.tv\/az\/article\/heyat-yoldasim-dedi-ki-mene-qiz-usagi-lazim-deyil\/"},"author":{"name":"user-manager","@id":"https:\/\/www.meydan.tv\/az\/#\/schema\/person\/10d11eccf6da3662cf5fdab9806ea91a"},"headline":"\u201cH\u0259yat yolda\u015f\u0131m dedi ki, m\u0259n\u0259 q\u0131z u\u015fa\u011f\u0131 laz\u0131m deyil\u2026\u201d","datePublished":"2020-01-31T10:05:09+00:00","mainEntityOfPage":{"@id":"https:\/\/www.meydan.tv\/az\/article\/heyat-yoldasim-dedi-ki-mene-qiz-usagi-lazim-deyil\/"},"wordCount":999,"publisher":{"@id":"https:\/\/www.meydan.tv\/az\/#organization"},"image":{"@id":"https:\/\/www.meydan.tv\/az\/article\/heyat-yoldasim-dedi-ki-mene-qiz-usagi-lazim-deyil\/#primaryimage"},"thumbnailUrl":"https:\/\/www.meydan.tv\/wp-content\/uploads\/a09f1d9c-99fd-4215-8b33-b81324e03ab5.jpeg","articleSection":["B\u00f6lg\u0259"],"inLanguage":"az"},{"@type":"WebPage","@id":"https:\/\/www.meydan.tv\/az\/article\/heyat-yoldasim-dedi-ki-mene-qiz-usagi-lazim-deyil\/","url":"https:\/\/www.meydan.tv\/az\/article\/heyat-yoldasim-dedi-ki-mene-qiz-usagi-lazim-deyil\/","name":"\u201cH\u0259yat yolda\u015f\u0131m dedi ki, m\u0259n\u0259 q\u0131z u\u015fa\u011f\u0131 laz\u0131m deyil\u2026\u201d - MEYDAN.TV","isPartOf":{"@id":"https:\/\/www.meydan.tv\/az\/#website"},"primaryImageOfPage":{"@id":"https:\/\/www.meydan.tv\/az\/article\/heyat-yoldasim-dedi-ki-mene-qiz-usagi-lazim-deyil\/#primaryimage"},"image":{"@id":"https:\/\/www.meydan.tv\/az\/article\/heyat-yoldasim-dedi-ki-mene-qiz-usagi-lazim-deyil\/#primaryimage"},"thumbnailUrl":"https:\/\/www.meydan.tv\/wp-content\/uploads\/a09f1d9c-99fd-4215-8b33-b81324e03ab5.jpeg","datePublished":"2020-01-31T10:05:09+00:00","breadcrumb":{"@id":"https:\/\/www.meydan.tv\/az\/article\/heyat-yoldasim-dedi-ki-mene-qiz-usagi-lazim-deyil\/#breadcrumb"},"inLanguage":"az","potentialAction":[{"@type":"ReadAction","target":["https:\/\/www.meydan.tv\/az\/article\/heyat-yoldasim-dedi-ki-mene-qiz-usagi-lazim-deyil\/"]}]},{"@type":"ImageObject","inLanguage":"az","@id":"https:\/\/www.meydan.tv\/az\/article\/heyat-yoldasim-dedi-ki-mene-qiz-usagi-lazim-deyil\/#primaryimage","url":"https:\/\/www.meydan.tv\/wp-content\/uploads\/a09f1d9c-99fd-4215-8b33-b81324e03ab5.jpeg","contentUrl":"https:\/\/www.meydan.tv\/wp-content\/uploads\/a09f1d9c-99fd-4215-8b33-b81324e03ab5.jpeg","width":1024,"height":764,"caption":"Source: Meydan"},{"@type":"BreadcrumbList","@id":"https:\/\/www.meydan.tv\/az\/article\/heyat-yoldasim-dedi-ki-mene-qiz-usagi-lazim-deyil\/#breadcrumb","itemListElement":[{"@type":"ListItem","position":1,"name":"Ana s\u0259hif\u0259","item":"https:\/\/www.meydan.tv\/az\/"},{"@type":"ListItem","position":2,"name":"B\u00f6lg\u0259","item":"https:\/\/www.meydan.tv\/az\/section\/bolge\/"},{"@type":"ListItem","position":3,"name":"\u201cH\u0259yat yolda\u015f\u0131m dedi ki, m\u0259n\u0259 q\u0131z u\u015fa\u011f\u0131 laz\u0131m deyil\u2026\u201d"}]},{"@type":"WebSite","@id":"https:\/\/www.meydan.tv\/az\/#website","url":"https:\/\/www.meydan.tv\/az\/","name":"MEYDAN.TV","description":"Meydan TV Az\u0259rbaycan\u0131n media m\u0259kan\u0131ndak\u0131 alternativ s\u0259sidir","publisher":{"@id":"https:\/\/www.meydan.tv\/az\/#organization"},"potentialAction":[{"@type":"SearchAction","target":{"@type":"EntryPoint","urlTemplate":"https:\/\/www.meydan.tv\/az\/?s={search_term_string}"},"query-input":{"@type":"PropertyValueSpecification","valueRequired":true,"valueName":"search_term_string"}}],"inLanguage":"az"},{"@type":"Organization","@id":"https:\/\/www.meydan.tv\/az\/#organization","name":"Meydan TV","url":"https:\/\/www.meydan.tv\/az\/","logo":{"@type":"ImageObject","inLanguage":"az","@id":"https:\/\/www.meydan.tv\/az\/#\/schema\/logo\/image\/","url":"https:\/\/www.meydan.tv\/wp-content\/uploads\/2021\/07\/meydan-logo.svg","contentUrl":"https:\/\/www.meydan.tv\/wp-content\/uploads\/2021\/07\/meydan-logo.svg","width":195,"height":46,"caption":"Meydan TV"},"image":{"@id":"https:\/\/www.meydan.tv\/az\/#\/schema\/logo\/image\/"}},{"@type":"Person","@id":"https:\/\/www.meydan.tv\/az\/#\/schema\/person\/10d11eccf6da3662cf5fdab9806ea91a","name":"user-manager"}]}},"_links":{"self":[{"href":"https:\/\/www.meydan.tv\/az\/wp-json\/wp\/v2\/posts\/199033","targetHints":{"allow":["GET"]}}],"collection":[{"href":"https:\/\/www.meydan.tv\/az\/wp-json\/wp\/v2\/posts"}],"about":[{"href":"https:\/\/www.meydan.tv\/az\/wp-json\/wp\/v2\/types\/post"}],"author":[{"embeddable":true,"href":"https:\/\/www.meydan.tv\/az\/wp-json\/wp\/v2\/users\/11"}],"replies":[{"embeddable":true,"href":"https:\/\/www.meydan.tv\/az\/wp-json\/wp\/v2\/comments?post=199033"}],"version-history":[{"count":0,"href":"https:\/\/www.meydan.tv\/az\/wp-json\/wp\/v2\/posts\/199033\/revisions"}],"wp:featuredmedia":[{"embeddable":true,"href":"https:\/\/www.meydan.tv\/az\/wp-json\/wp\/v2\/media\/136716"}],"wp:attachment":[{"href":"https:\/\/www.meydan.tv\/az\/wp-json\/wp\/v2\/media?parent=199033"}],"wp:term":[{"taxonomy":"category","embeddable":true,"href":"https:\/\/www.meydan.tv\/az\/wp-json\/wp\/v2\/categories?post=199033"},{"taxonomy":"post_tag","embeddable":true,"href":"https:\/\/www.meydan.tv\/az\/wp-json\/wp\/v2\/tags?post=199033"}],"curies":[{"name":"wp","href":"https:\/\/api.w.org\/{rel}","templated":true}]}}