{"id":199026,"date":"2020-01-30T14:33:03","date_gmt":"2020-01-30T14:33:03","guid":{"rendered":"https:\/\/www.meydan.tv\/article\/rostov-vilayetinin-deputati-ve-heyat-yoldasi-olu-tapilib\/"},"modified":"2020-01-30T14:33:03","modified_gmt":"2020-01-30T14:33:03","slug":"rostov-vilayetinin-deputati-ve-heyat-yoldasi-olu-tapilib","status":"publish","type":"post","link":"https:\/\/www.meydan.tv\/az\/article\/rostov-vilayetinin-deputati-ve-heyat-yoldasi-olu-tapilib\/","title":{"rendered":"Rostov vilay\u0259tinin deputat\u0131 v\u0259 h\u0259yat yolda\u015f\u0131 \u00f6l\u00fc tap\u0131l\u0131b"},"content":{"rendered":"<p>\n  <i><br \/>\n    C\u0259s\u0259dl\u0259rd\u0259 q\u0259sd\u0259n \u00f6ld\u00fcrm\u0259 \u0259lam\u0259tl\u0259rinin a\u015fkarland\u0131\u011f\u0131 qeyd edilir<br \/>\n  <\/i>\n<\/p>\n<p>\n  Rostov vilay\u0259tind\u0259 qanunverici orqan\u0131n deputat\u0131 Andrey Alabu\u015fev v\u0259 h\u0259yat yolda\u015f\u0131 Olqa faci\u0259vi \u015f\u0259kild\u0259 \u00f6ld\u00fcr\u00fcl\u00fcb. \u201cR\u0130A Novosti\u201d x\u0259b\u0259r verir ki, istintaq komit\u0259si q\u0259tl hadis\u0259sini ara\u015fd\u0131r\u0131lmas\u0131na ba\u015flay\u0131b.\n<\/p>\n<p>\n  M\u0259tbuat xidm\u0259tind\u0259n veril\u0259n m\u0259lumata g\u00f6r\u0259, qanunverici m\u0259clisin deputatlar\u0131 h\u0259lak olanlar\u0131n ail\u0259l\u0259rin\u0259 v\u0259 yax\u0131nlar\u0131na d\u0259rin h\u00fcznl\u0259 ba\u015fsa\u011fl\u0131\u011f\u0131 veribl\u0259r.\n<\/p>\n<p>\n  Rostov vilay\u0259ti \u00fczr\u0259 istintaq komit\u0259sinin verdiyi m\u0259lumata g\u00f6r\u0259, Alabu\u015fevl\u0259rin c\u0259s\u0259dl\u0259ri Zernoqrad \u015f\u0259h\u0259rind\u0259 f\u0259rdi evd\u0259 tap\u0131l\u0131b. C\u0259s\u0259dl\u0259rd\u0259 q\u0259sd\u0259n \u00f6ld\u00fcrm\u0259 \u0259lam\u0259tl\u0259rinin a\u015fkarland\u0131\u011f\u0131 qeyd edilir.\n<\/p>\n<p>\n  Q\u0259tl hadis\u0259siyl\u0259 tan\u0131\u015f olan bir m\u0259nb\u0259 \u201cR\u0130A Novosti\u201d-y\u0259 bildirib ki, c\u0259s\u0259dl\u0259ri Alabu\u015fevin s\u00fcr\u00fcc\u00fcs\u00fc tap\u0131b.\n<\/p>\n<p>\n  Alabu\u015fev 1955-ci ild\u0259 Voronej vilay\u0259tinin Kala\u00e7 \u015f\u0259h\u0259rind\u0259 anadan olub. Don K\u0259nd T\u0259s\u0259rr\u00fcfat\u0131 \u0130nstitutunu bitirib, \u00f6mr\u00fc boyu k\u0259nd t\u0259s\u0259rr\u00fcfat\u0131 sah\u0259sind\u0259 elmi t\u0259dqiqatlarla m\u0259\u015f\u011ful olub. K\u0259nd t\u0259s\u0259rr\u00fcfat\u0131 elml\u0259ri doktoru, professor, Rusiya Elml\u0259r Akademiyas\u0131n\u0131n akademiki, 228 elmi \u0259s\u0259rin, o c\u00fcml\u0259d\u0259n yeddi monoqrafiyan\u0131n m\u00fc\u0259llifidir. 2004-c\u00fc ild\u0259n \u0130. Q. Kalinenko ad\u0131na \u00dcmumrusiya Tax\u0131l Bitkil\u0259ri \u0130nstitutuna, 2017-ci ild\u0259n is\u0259 Don Aqrar Elmi M\u0259rk\u0259zin\u0259 r\u0259hb\u0259rlik edib.\n<\/p>\n<p>\n  Rostov vilay\u0259tinin qanunverici m\u0259clisind\u0259 Alabu\u015fev aqrar siyas\u0259t, t\u0259bi\u0259t idar\u0259si, torpaq m\u00fcnasib\u0259tl\u0259ri v\u0259 kazaklar, habel\u0259 t\u0259hsil, elm, m\u0259d\u0259niyy\u0259t v\u0259 informasiya siyas\u0259ti komit\u0259l\u0259rinin i\u015find\u0259 yax\u0131ndan i\u015ftirak edib.<\/p>\n","protected":false},"excerpt":{"rendered":"<p>Rostov vilay\u0259ti \u00fczr\u0259 istintaq komit\u0259sinin verdiyi m\u0259lumata g\u00f6r\u0259, Alabu\u015fevl\u0259rin c\u0259s\u0259dl\u0259ri Zernoqrad \u015f\u0259h\u0259rind\u0259 f\u0259rdi evd\u0259 tap\u0131l\u0131b.<\/p>\n","protected":false},"author":11,"featured_media":136701,"comment_status":"closed","ping_status":"open","sticky":false,"template":"","format":"standard","meta":{"_acf_changed":false,"_sitemap_exclude":false,"_sitemap_priority":"","_sitemap_frequency":"","footnotes":""},"categories":[64],"tags":[],"class_list":["post-199026","post","type-post","status-publish","format-standard","has-post-thumbnail","hentry","category-dunya","infinite-scroll-item","generate-columns","tablet-grid-50","mobile-grid-100","grid-parent","grid-33","no-featured-image-padding"],"acf":[],"yoast_head":"<!-- This site is optimized with the Yoast SEO plugin v27.5 - https:\/\/yoast.com\/product\/yoast-seo-wordpress\/ -->\n<title>Rostov vilay\u0259tinin deputat\u0131 v\u0259 h\u0259yat yolda\u015f\u0131 \u00f6l\u00fc tap\u0131l\u0131b - MEYDAN.TV<\/title>\n<meta name=\"robots\" content=\"index, follow, max-snippet:-1, max-image-preview:large, max-video-preview:-1\" \/>\n<link rel=\"canonical\" href=\"https:\/\/www.meydan.tv\/az\/article\/rostov-vilayetinin-deputati-ve-heyat-yoldasi-olu-tapilib\/\" \/>\n<meta property=\"og:locale\" content=\"az_AZ\" \/>\n<meta property=\"og:type\" content=\"article\" \/>\n<meta property=\"og:title\" content=\"Rostov vilay\u0259tinin deputat\u0131 v\u0259 h\u0259yat yolda\u015f\u0131 \u00f6l\u00fc tap\u0131l\u0131b - MEYDAN.TV\" \/>\n<meta property=\"og:description\" content=\"Rostov vilay\u0259ti \u00fczr\u0259 istintaq komit\u0259sinin verdiyi m\u0259lumata g\u00f6r\u0259, Alabu\u015fevl\u0259rin c\u0259s\u0259dl\u0259ri Zernoqrad \u015f\u0259h\u0259rind\u0259 f\u0259rdi evd\u0259 tap\u0131l\u0131b.\" \/>\n<meta property=\"og:url\" content=\"https:\/\/www.meydan.tv\/az\/article\/rostov-vilayetinin-deputati-ve-heyat-yoldasi-olu-tapilib\/\" \/>\n<meta property=\"og:site_name\" content=\"MEYDAN.TV\" \/>\n<meta property=\"article:published_time\" content=\"2020-01-30T14:33:03+00:00\" \/>\n<meta property=\"og:image\" content=\"https:\/\/www.meydan.tv\/wp-content\/uploads\/maxresdefault_z5gdhk2.jpg\" \/>\n\t<meta property=\"og:image:width\" content=\"1280\" \/>\n\t<meta property=\"og:image:height\" content=\"720\" \/>\n\t<meta property=\"og:image:type\" content=\"image\/jpeg\" \/>\n<meta name=\"author\" content=\"user-manager\" \/>\n<meta name=\"twitter:card\" content=\"summary_large_image\" \/>\n<script type=\"application\/ld+json\" class=\"yoast-schema-graph\">{\"@context\":\"https:\\\/\\\/schema.org\",\"@graph\":[{\"@type\":\"Article\",\"@id\":\"https:\\\/\\\/www.meydan.tv\\\/az\\\/article\\\/rostov-vilayetinin-deputati-ve-heyat-yoldasi-olu-tapilib\\\/#article\",\"isPartOf\":{\"@id\":\"https:\\\/\\\/www.meydan.tv\\\/az\\\/article\\\/rostov-vilayetinin-deputati-ve-heyat-yoldasi-olu-tapilib\\\/\"},\"author\":{\"name\":\"user-manager\",\"@id\":\"https:\\\/\\\/www.meydan.tv\\\/az\\\/#\\\/schema\\\/person\\\/10d11eccf6da3662cf5fdab9806ea91a\"},\"headline\":\"Rostov vilay\u0259tinin deputat\u0131 v\u0259 h\u0259yat yolda\u015f\u0131 \u00f6l\u00fc tap\u0131l\u0131b\",\"datePublished\":\"2020-01-30T14:33:03+00:00\",\"mainEntityOfPage\":{\"@id\":\"https:\\\/\\\/www.meydan.tv\\\/az\\\/article\\\/rostov-vilayetinin-deputati-ve-heyat-yoldasi-olu-tapilib\\\/\"},\"wordCount\":318,\"publisher\":{\"@id\":\"https:\\\/\\\/www.meydan.tv\\\/az\\\/#organization\"},\"image\":{\"@id\":\"https:\\\/\\\/www.meydan.tv\\\/az\\\/article\\\/rostov-vilayetinin-deputati-ve-heyat-yoldasi-olu-tapilib\\\/#primaryimage\"},\"thumbnailUrl\":\"https:\\\/\\\/www.meydan.tv\\\/wp-content\\\/uploads\\\/maxresdefault_z5gdhk2.jpg\",\"articleSection\":[\"D\u00fcnya\"],\"inLanguage\":\"az\"},{\"@type\":\"WebPage\",\"@id\":\"https:\\\/\\\/www.meydan.tv\\\/az\\\/article\\\/rostov-vilayetinin-deputati-ve-heyat-yoldasi-olu-tapilib\\\/\",\"url\":\"https:\\\/\\\/www.meydan.tv\\\/az\\\/article\\\/rostov-vilayetinin-deputati-ve-heyat-yoldasi-olu-tapilib\\\/\",\"name\":\"Rostov vilay\u0259tinin deputat\u0131 v\u0259 h\u0259yat yolda\u015f\u0131 \u00f6l\u00fc tap\u0131l\u0131b - MEYDAN.TV\",\"isPartOf\":{\"@id\":\"https:\\\/\\\/www.meydan.tv\\\/az\\\/#website\"},\"primaryImageOfPage\":{\"@id\":\"https:\\\/\\\/www.meydan.tv\\\/az\\\/article\\\/rostov-vilayetinin-deputati-ve-heyat-yoldasi-olu-tapilib\\\/#primaryimage\"},\"image\":{\"@id\":\"https:\\\/\\\/www.meydan.tv\\\/az\\\/article\\\/rostov-vilayetinin-deputati-ve-heyat-yoldasi-olu-tapilib\\\/#primaryimage\"},\"thumbnailUrl\":\"https:\\\/\\\/www.meydan.tv\\\/wp-content\\\/uploads\\\/maxresdefault_z5gdhk2.jpg\",\"datePublished\":\"2020-01-30T14:33:03+00:00\",\"breadcrumb\":{\"@id\":\"https:\\\/\\\/www.meydan.tv\\\/az\\\/article\\\/rostov-vilayetinin-deputati-ve-heyat-yoldasi-olu-tapilib\\\/#breadcrumb\"},\"inLanguage\":\"az\",\"potentialAction\":[{\"@type\":\"ReadAction\",\"target\":[\"https:\\\/\\\/www.meydan.tv\\\/az\\\/article\\\/rostov-vilayetinin-deputati-ve-heyat-yoldasi-olu-tapilib\\\/\"]}]},{\"@type\":\"ImageObject\",\"inLanguage\":\"az\",\"@id\":\"https:\\\/\\\/www.meydan.tv\\\/az\\\/article\\\/rostov-vilayetinin-deputati-ve-heyat-yoldasi-olu-tapilib\\\/#primaryimage\",\"url\":\"https:\\\/\\\/www.meydan.tv\\\/wp-content\\\/uploads\\\/maxresdefault_z5gdhk2.jpg\",\"contentUrl\":\"https:\\\/\\\/www.meydan.tv\\\/wp-content\\\/uploads\\\/maxresdefault_z5gdhk2.jpg\",\"width\":1280,\"height\":720,\"caption\":\"Source: Foto: arxiv\"},{\"@type\":\"BreadcrumbList\",\"@id\":\"https:\\\/\\\/www.meydan.tv\\\/az\\\/article\\\/rostov-vilayetinin-deputati-ve-heyat-yoldasi-olu-tapilib\\\/#breadcrumb\",\"itemListElement\":[{\"@type\":\"ListItem\",\"position\":1,\"name\":\"Ana s\u0259hif\u0259\",\"item\":\"https:\\\/\\\/www.meydan.tv\\\/az\\\/\"},{\"@type\":\"ListItem\",\"position\":2,\"name\":\"D\u00fcnya\",\"item\":\"https:\\\/\\\/www.meydan.tv\\\/az\\\/section\\\/dunya\\\/\"},{\"@type\":\"ListItem\",\"position\":3,\"name\":\"Rostov vilay\u0259tinin deputat\u0131 v\u0259 h\u0259yat yolda\u015f\u0131 \u00f6l\u00fc tap\u0131l\u0131b\"}]},{\"@type\":\"WebSite\",\"@id\":\"https:\\\/\\\/www.meydan.tv\\\/az\\\/#website\",\"url\":\"https:\\\/\\\/www.meydan.tv\\\/az\\\/\",\"name\":\"MEYDAN.TV\",\"description\":\"Meydan TV Az\u0259rbaycan\u0131n media m\u0259kan\u0131ndak\u0131 alternativ s\u0259sidir\",\"publisher\":{\"@id\":\"https:\\\/\\\/www.meydan.tv\\\/az\\\/#organization\"},\"potentialAction\":[{\"@type\":\"SearchAction\",\"target\":{\"@type\":\"EntryPoint\",\"urlTemplate\":\"https:\\\/\\\/www.meydan.tv\\\/az\\\/?s={search_term_string}\"},\"query-input\":{\"@type\":\"PropertyValueSpecification\",\"valueRequired\":true,\"valueName\":\"search_term_string\"}}],\"inLanguage\":\"az\"},{\"@type\":\"Organization\",\"@id\":\"https:\\\/\\\/www.meydan.tv\\\/az\\\/#organization\",\"name\":\"Meydan TV\",\"url\":\"https:\\\/\\\/www.meydan.tv\\\/az\\\/\",\"logo\":{\"@type\":\"ImageObject\",\"inLanguage\":\"az\",\"@id\":\"https:\\\/\\\/www.meydan.tv\\\/az\\\/#\\\/schema\\\/logo\\\/image\\\/\",\"url\":\"https:\\\/\\\/www.meydan.tv\\\/wp-content\\\/uploads\\\/2021\\\/07\\\/meydan-logo.svg\",\"contentUrl\":\"https:\\\/\\\/www.meydan.tv\\\/wp-content\\\/uploads\\\/2021\\\/07\\\/meydan-logo.svg\",\"width\":195,\"height\":46,\"caption\":\"Meydan TV\"},\"image\":{\"@id\":\"https:\\\/\\\/www.meydan.tv\\\/az\\\/#\\\/schema\\\/logo\\\/image\\\/\"}},{\"@type\":\"Person\",\"@id\":\"https:\\\/\\\/www.meydan.tv\\\/az\\\/#\\\/schema\\\/person\\\/10d11eccf6da3662cf5fdab9806ea91a\",\"name\":\"user-manager\"}]}<\/script>\n<!-- \/ Yoast SEO plugin. -->","yoast_head_json":{"title":"Rostov vilay\u0259tinin deputat\u0131 v\u0259 h\u0259yat yolda\u015f\u0131 \u00f6l\u00fc tap\u0131l\u0131b - MEYDAN.TV","robots":{"index":"index","follow":"follow","max-snippet":"max-snippet:-1","max-image-preview":"max-image-preview:large","max-video-preview":"max-video-preview:-1"},"canonical":"https:\/\/www.meydan.tv\/az\/article\/rostov-vilayetinin-deputati-ve-heyat-yoldasi-olu-tapilib\/","og_locale":"az_AZ","og_type":"article","og_title":"Rostov vilay\u0259tinin deputat\u0131 v\u0259 h\u0259yat yolda\u015f\u0131 \u00f6l\u00fc tap\u0131l\u0131b - MEYDAN.TV","og_description":"Rostov vilay\u0259ti \u00fczr\u0259 istintaq komit\u0259sinin verdiyi m\u0259lumata g\u00f6r\u0259, Alabu\u015fevl\u0259rin c\u0259s\u0259dl\u0259ri Zernoqrad \u015f\u0259h\u0259rind\u0259 f\u0259rdi evd\u0259 tap\u0131l\u0131b.","og_url":"https:\/\/www.meydan.tv\/az\/article\/rostov-vilayetinin-deputati-ve-heyat-yoldasi-olu-tapilib\/","og_site_name":"MEYDAN.TV","article_published_time":"2020-01-30T14:33:03+00:00","og_image":[{"width":1280,"height":720,"url":"https:\/\/www.meydan.tv\/wp-content\/uploads\/maxresdefault_z5gdhk2.jpg","type":"image\/jpeg"}],"author":"user-manager","twitter_card":"summary_large_image","schema":{"@context":"https:\/\/schema.org","@graph":[{"@type":"Article","@id":"https:\/\/www.meydan.tv\/az\/article\/rostov-vilayetinin-deputati-ve-heyat-yoldasi-olu-tapilib\/#article","isPartOf":{"@id":"https:\/\/www.meydan.tv\/az\/article\/rostov-vilayetinin-deputati-ve-heyat-yoldasi-olu-tapilib\/"},"author":{"name":"user-manager","@id":"https:\/\/www.meydan.tv\/az\/#\/schema\/person\/10d11eccf6da3662cf5fdab9806ea91a"},"headline":"Rostov vilay\u0259tinin deputat\u0131 v\u0259 h\u0259yat yolda\u015f\u0131 \u00f6l\u00fc tap\u0131l\u0131b","datePublished":"2020-01-30T14:33:03+00:00","mainEntityOfPage":{"@id":"https:\/\/www.meydan.tv\/az\/article\/rostov-vilayetinin-deputati-ve-heyat-yoldasi-olu-tapilib\/"},"wordCount":318,"publisher":{"@id":"https:\/\/www.meydan.tv\/az\/#organization"},"image":{"@id":"https:\/\/www.meydan.tv\/az\/article\/rostov-vilayetinin-deputati-ve-heyat-yoldasi-olu-tapilib\/#primaryimage"},"thumbnailUrl":"https:\/\/www.meydan.tv\/wp-content\/uploads\/maxresdefault_z5gdhk2.jpg","articleSection":["D\u00fcnya"],"inLanguage":"az"},{"@type":"WebPage","@id":"https:\/\/www.meydan.tv\/az\/article\/rostov-vilayetinin-deputati-ve-heyat-yoldasi-olu-tapilib\/","url":"https:\/\/www.meydan.tv\/az\/article\/rostov-vilayetinin-deputati-ve-heyat-yoldasi-olu-tapilib\/","name":"Rostov vilay\u0259tinin deputat\u0131 v\u0259 h\u0259yat yolda\u015f\u0131 \u00f6l\u00fc tap\u0131l\u0131b - MEYDAN.TV","isPartOf":{"@id":"https:\/\/www.meydan.tv\/az\/#website"},"primaryImageOfPage":{"@id":"https:\/\/www.meydan.tv\/az\/article\/rostov-vilayetinin-deputati-ve-heyat-yoldasi-olu-tapilib\/#primaryimage"},"image":{"@id":"https:\/\/www.meydan.tv\/az\/article\/rostov-vilayetinin-deputati-ve-heyat-yoldasi-olu-tapilib\/#primaryimage"},"thumbnailUrl":"https:\/\/www.meydan.tv\/wp-content\/uploads\/maxresdefault_z5gdhk2.jpg","datePublished":"2020-01-30T14:33:03+00:00","breadcrumb":{"@id":"https:\/\/www.meydan.tv\/az\/article\/rostov-vilayetinin-deputati-ve-heyat-yoldasi-olu-tapilib\/#breadcrumb"},"inLanguage":"az","potentialAction":[{"@type":"ReadAction","target":["https:\/\/www.meydan.tv\/az\/article\/rostov-vilayetinin-deputati-ve-heyat-yoldasi-olu-tapilib\/"]}]},{"@type":"ImageObject","inLanguage":"az","@id":"https:\/\/www.meydan.tv\/az\/article\/rostov-vilayetinin-deputati-ve-heyat-yoldasi-olu-tapilib\/#primaryimage","url":"https:\/\/www.meydan.tv\/wp-content\/uploads\/maxresdefault_z5gdhk2.jpg","contentUrl":"https:\/\/www.meydan.tv\/wp-content\/uploads\/maxresdefault_z5gdhk2.jpg","width":1280,"height":720,"caption":"Source: Foto: arxiv"},{"@type":"BreadcrumbList","@id":"https:\/\/www.meydan.tv\/az\/article\/rostov-vilayetinin-deputati-ve-heyat-yoldasi-olu-tapilib\/#breadcrumb","itemListElement":[{"@type":"ListItem","position":1,"name":"Ana s\u0259hif\u0259","item":"https:\/\/www.meydan.tv\/az\/"},{"@type":"ListItem","position":2,"name":"D\u00fcnya","item":"https:\/\/www.meydan.tv\/az\/section\/dunya\/"},{"@type":"ListItem","position":3,"name":"Rostov vilay\u0259tinin deputat\u0131 v\u0259 h\u0259yat yolda\u015f\u0131 \u00f6l\u00fc tap\u0131l\u0131b"}]},{"@type":"WebSite","@id":"https:\/\/www.meydan.tv\/az\/#website","url":"https:\/\/www.meydan.tv\/az\/","name":"MEYDAN.TV","description":"Meydan TV Az\u0259rbaycan\u0131n media m\u0259kan\u0131ndak\u0131 alternativ s\u0259sidir","publisher":{"@id":"https:\/\/www.meydan.tv\/az\/#organization"},"potentialAction":[{"@type":"SearchAction","target":{"@type":"EntryPoint","urlTemplate":"https:\/\/www.meydan.tv\/az\/?s={search_term_string}"},"query-input":{"@type":"PropertyValueSpecification","valueRequired":true,"valueName":"search_term_string"}}],"inLanguage":"az"},{"@type":"Organization","@id":"https:\/\/www.meydan.tv\/az\/#organization","name":"Meydan TV","url":"https:\/\/www.meydan.tv\/az\/","logo":{"@type":"ImageObject","inLanguage":"az","@id":"https:\/\/www.meydan.tv\/az\/#\/schema\/logo\/image\/","url":"https:\/\/www.meydan.tv\/wp-content\/uploads\/2021\/07\/meydan-logo.svg","contentUrl":"https:\/\/www.meydan.tv\/wp-content\/uploads\/2021\/07\/meydan-logo.svg","width":195,"height":46,"caption":"Meydan TV"},"image":{"@id":"https:\/\/www.meydan.tv\/az\/#\/schema\/logo\/image\/"}},{"@type":"Person","@id":"https:\/\/www.meydan.tv\/az\/#\/schema\/person\/10d11eccf6da3662cf5fdab9806ea91a","name":"user-manager"}]}},"_links":{"self":[{"href":"https:\/\/www.meydan.tv\/az\/wp-json\/wp\/v2\/posts\/199026","targetHints":{"allow":["GET"]}}],"collection":[{"href":"https:\/\/www.meydan.tv\/az\/wp-json\/wp\/v2\/posts"}],"about":[{"href":"https:\/\/www.meydan.tv\/az\/wp-json\/wp\/v2\/types\/post"}],"author":[{"embeddable":true,"href":"https:\/\/www.meydan.tv\/az\/wp-json\/wp\/v2\/users\/11"}],"replies":[{"embeddable":true,"href":"https:\/\/www.meydan.tv\/az\/wp-json\/wp\/v2\/comments?post=199026"}],"version-history":[{"count":0,"href":"https:\/\/www.meydan.tv\/az\/wp-json\/wp\/v2\/posts\/199026\/revisions"}],"wp:featuredmedia":[{"embeddable":true,"href":"https:\/\/www.meydan.tv\/az\/wp-json\/wp\/v2\/media\/136701"}],"wp:attachment":[{"href":"https:\/\/www.meydan.tv\/az\/wp-json\/wp\/v2\/media?parent=199026"}],"wp:term":[{"taxonomy":"category","embeddable":true,"href":"https:\/\/www.meydan.tv\/az\/wp-json\/wp\/v2\/categories?post=199026"},{"taxonomy":"post_tag","embeddable":true,"href":"https:\/\/www.meydan.tv\/az\/wp-json\/wp\/v2\/tags?post=199026"}],"curies":[{"name":"wp","href":"https:\/\/api.w.org\/{rel}","templated":true}]}}