{"id":199025,"date":"2020-01-30T14:30:15","date_gmt":"2020-01-30T14:30:15","guid":{"rendered":"https:\/\/www.meydan.tv\/article\/pentaqon-iranin-hucumundan-sonra-50-abs-esgeri-beyin-xesareti-alib\/"},"modified":"2020-01-30T14:30:15","modified_gmt":"2020-01-30T14:30:15","slug":"pentaqon-iranin-hucumundan-sonra-50-abs-esgeri-beyin-xesareti-alib","status":"publish","type":"post","link":"https:\/\/www.meydan.tv\/az\/article\/pentaqon-iranin-hucumundan-sonra-50-abs-esgeri-beyin-xesareti-alib\/","title":{"rendered":"Pentaqon: \u0130ran\u0131n h\u00fccumundan sonra 50 AB\u015e \u0259sg\u0259ri beyin x\u0259sar\u0259ti al\u0131b"},"content":{"rendered":"<p>\n  <i><br \/>\n    50 n\u0259f\u0259rd\u0259n 31-i m\u00fcalic\u0259 al\u0131b v\u0259 v\u0259zif\u0259l\u0259rinin icras\u0131na d\u00f6n\u00fcb<br \/>\n  <\/i>\n<\/p>\n<p>\n  AB\u015e ordusu bu ay\u0131n \u0259vv\u0259lind\u0259 \u0130raq\u0131n aviabazas\u0131na raket z\u0259rb\u0259l\u0259ri endiril\u0259rk\u0259n beyin x\u0259sar\u0259ti alm\u0131\u015f n\u00fcmay\u0259nd\u0259l\u0259rinin say\u0131n\u0131 \u00fc\u00e7\u00fcnc\u00fc d\u0259f\u0259 art\u0131r\u0131b, &#8211; AP x\u0259b\u0259r verir.\n<\/p>\n<p>\n  Pentaqon s\u00f6zc\u00fcs\u00fc Leytenant Tomas Kampbell yanvar\u0131n 28-d\u0259 deyib ki, daha 16 xidm\u0259t \u00fczv\u00fcn\u0259 beyin x\u0259sar\u0259ti diaqnozu qoyulub v\u0259 \u00fcmumi say\u0131 50-y\u0259 \u00e7at\u0131b.\n<\/p>\n<p>\n  Kampbell \u0259lav\u0259 edib ki, 50 n\u0259f\u0259rd\u0259n 31-i m\u00fcalic\u0259 al\u0131b v\u0259 v\u0259zif\u0259l\u0259rinin icras\u0131na d\u00f6n\u00fcb.\n<\/p>\n<p>\n  Ke\u00e7\u0259n h\u0259ft\u0259 b\u0259yanat\u0131nda Pentaqon qeyd etmi\u015fdi ki, AB\u015e ordusunun 34 \u00fczv\u00fc x\u0259sar\u0259t al\u0131b.\n<\/p>\n<p>\n  \u0130lk \u00f6nc\u0259 Prezident Donald Tramp bildirmi\u015fdi ki, \u0130raq\u0131n q\u0259rbind\u0259ki Ain \u018fl-\u018fs\u0259d aviabazas\u0131na 8 yanvar tarixind\u0259 edilmi\u015f AB\u015e h\u00fccumu zaman\u0131 amerikal\u0131lardan z\u0259r\u0259r g\u00f6r\u0259n olmay\u0131b.\n<\/p>\n<p>\n  Beyin sars\u0131nt\u0131s\u0131 ba\u015f a\u011fr\u0131s\u0131, ba\u015fgic\u0259ll\u0259nm\u0259, i\u015f\u0131\u011fa h\u0259ssasl\u0131q v\u0259 \u00fcr\u0259k bulanmas\u0131 simptomlar\u0131 il\u0259 n\u0259tic\u0259l\u0259n\u0259 bil\u0259r.\n<\/p>\n<p>\n  Tramp bu x\u0259sar\u0259tl\u0259ri ki\u00e7ild\u0259r\u0259k demi\u015fdi, \u201conlar\u0131n ba\u015f a\u011fr\u0131s\u0131n\u0131n v\u0259 bir ne\u00e7\u0259 ba\u015fqa \u015fey oldu\u011funu e\u015fitmi\u015f\u0259m\u201d.\n<\/p>\n<p>\n  Onun bu s\u00f6zl\u0259ri AB\u015e m\u00fcharib\u0259 veteranlar\u0131 qrupunu hidd\u0259tl\u0259ndirib.\n<\/p>\n<p>\n  Xarici M\u00fcharib\u0259l\u0259r Veteranlar\u0131n\u0131n milli komandan\u0131 Vilyam \u015emits (William Schmitz) yanvar\u0131n 24-d\u0259 deyib ki, qrup \u201cs\u0259hv qeydl\u0259rin\u0259 g\u00f6r\u0259 Prezidentd\u0259n xidm\u0259t etmi\u015f qad\u0131n v\u0259 ki\u015fi \u00fczvl\u0259rimizd\u0259 \u00fczr ist\u0259m\u0259sini g\u00f6zl\u0259yir\u201d.\n<\/p>\n<p>\n  \u0130ran\u0131n h\u00fccumu AB\u015e-\u0131n \u0259n y\u00fcks\u0259k h\u0259rbi komandiri, general-mayor Qasem S\u00fcleymaninin yanvar\u0131n 3-d\u0259 Ba\u011fdad hava liman\u0131nda pilotsuz t\u0259yyar\u0259 il\u0259 \u00f6ld\u00fcr\u00fclm\u0259sin\u0259 qar\u015f\u0131l\u0131q olaraq t\u0259\u015fkil edilmi\u015fdi.\n<\/p>\n<p>\n  H\u00fccum zaman\u0131 Ayn \u0259l-\u018fs\u0259d bazas\u0131nda 1500-\u0259 yax\u0131n AB\u015e \u0259sg\u0259ri olub. Onlar\u0131n \u00e7oxu g\u0259l\u0259n raket z\u0259rb\u0259l\u0259ri bar\u0259d\u0259 x\u0259b\u0259rdarl\u0131q ald\u0131qdan sonra bunkerl\u0259rd\u0259 gizl\u0259nib.<\/p>\n","protected":false},"excerpt":{"rendered":"<p>\u0130lk \u00f6nc\u0259 Prezident Donald Tramp bildirmi\u015fdi ki, \u0130raq\u0131n q\u0259rbind\u0259ki Ain \u018fl-\u018fs\u0259d aviabazas\u0131na 8 yanvar tarixind\u0259 edilmi\u015f AB\u015e h\u00fccumu zaman\u0131 amerikal\u0131lardan z\u0259r\u0259r g\u00f6r\u0259n olmay\u0131b.<\/p>\n","protected":false},"author":11,"featured_media":136707,"comment_status":"closed","ping_status":"open","sticky":false,"template":"","format":"standard","meta":{"_acf_changed":false,"_sitemap_exclude":false,"_sitemap_priority":"","_sitemap_frequency":"","footnotes":""},"categories":[64],"tags":[],"class_list":["post-199025","post","type-post","status-publish","format-standard","has-post-thumbnail","hentry","category-dunya","infinite-scroll-item","generate-columns","tablet-grid-50","mobile-grid-100","grid-parent","grid-33","no-featured-image-padding"],"acf":[],"yoast_head":"<!-- This site is optimized with the Yoast SEO plugin v27.5 - https:\/\/yoast.com\/product\/yoast-seo-wordpress\/ -->\n<title>Pentaqon: \u0130ran\u0131n h\u00fccumundan sonra 50 AB\u015e \u0259sg\u0259ri beyin x\u0259sar\u0259ti al\u0131b - MEYDAN.TV<\/title>\n<meta name=\"robots\" content=\"index, follow, max-snippet:-1, max-image-preview:large, max-video-preview:-1\" \/>\n<link rel=\"canonical\" href=\"https:\/\/www.meydan.tv\/az\/article\/pentaqon-iranin-hucumundan-sonra-50-abs-esgeri-beyin-xesareti-alib\/\" \/>\n<meta property=\"og:locale\" content=\"az_AZ\" \/>\n<meta property=\"og:type\" content=\"article\" \/>\n<meta property=\"og:title\" content=\"Pentaqon: \u0130ran\u0131n h\u00fccumundan sonra 50 AB\u015e \u0259sg\u0259ri beyin x\u0259sar\u0259ti al\u0131b - MEYDAN.TV\" \/>\n<meta property=\"og:description\" content=\"\u0130lk \u00f6nc\u0259 Prezident Donald Tramp bildirmi\u015fdi ki, \u0130raq\u0131n q\u0259rbind\u0259ki Ain \u018fl-\u018fs\u0259d aviabazas\u0131na 8 yanvar tarixind\u0259 edilmi\u015f AB\u015e h\u00fccumu zaman\u0131 amerikal\u0131lardan z\u0259r\u0259r g\u00f6r\u0259n olmay\u0131b.\" \/>\n<meta property=\"og:url\" content=\"https:\/\/www.meydan.tv\/az\/article\/pentaqon-iranin-hucumundan-sonra-50-abs-esgeri-beyin-xesareti-alib\/\" \/>\n<meta property=\"og:site_name\" content=\"MEYDAN.TV\" \/>\n<meta property=\"article:published_time\" content=\"2020-01-30T14:30:15+00:00\" \/>\n<meta property=\"og:image\" content=\"https:\/\/www.meydan.tv\/wp-content\/uploads\/the_pentagon_january_2008.jpg\" \/>\n\t<meta property=\"og:image:width\" content=\"1592\" \/>\n\t<meta property=\"og:image:height\" content=\"910\" \/>\n\t<meta property=\"og:image:type\" content=\"image\/jpeg\" \/>\n<meta name=\"author\" content=\"user-manager\" \/>\n<meta name=\"twitter:card\" content=\"summary_large_image\" \/>\n<script type=\"application\/ld+json\" class=\"yoast-schema-graph\">{\"@context\":\"https:\\\/\\\/schema.org\",\"@graph\":[{\"@type\":\"Article\",\"@id\":\"https:\\\/\\\/www.meydan.tv\\\/az\\\/article\\\/pentaqon-iranin-hucumundan-sonra-50-abs-esgeri-beyin-xesareti-alib\\\/#article\",\"isPartOf\":{\"@id\":\"https:\\\/\\\/www.meydan.tv\\\/az\\\/article\\\/pentaqon-iranin-hucumundan-sonra-50-abs-esgeri-beyin-xesareti-alib\\\/\"},\"author\":{\"name\":\"user-manager\",\"@id\":\"https:\\\/\\\/www.meydan.tv\\\/az\\\/#\\\/schema\\\/person\\\/10d11eccf6da3662cf5fdab9806ea91a\"},\"headline\":\"Pentaqon: \u0130ran\u0131n h\u00fccumundan sonra 50 AB\u015e \u0259sg\u0259ri beyin x\u0259sar\u0259ti al\u0131b\",\"datePublished\":\"2020-01-30T14:30:15+00:00\",\"mainEntityOfPage\":{\"@id\":\"https:\\\/\\\/www.meydan.tv\\\/az\\\/article\\\/pentaqon-iranin-hucumundan-sonra-50-abs-esgeri-beyin-xesareti-alib\\\/\"},\"wordCount\":385,\"publisher\":{\"@id\":\"https:\\\/\\\/www.meydan.tv\\\/az\\\/#organization\"},\"image\":{\"@id\":\"https:\\\/\\\/www.meydan.tv\\\/az\\\/article\\\/pentaqon-iranin-hucumundan-sonra-50-abs-esgeri-beyin-xesareti-alib\\\/#primaryimage\"},\"thumbnailUrl\":\"https:\\\/\\\/www.meydan.tv\\\/wp-content\\\/uploads\\\/the_pentagon_january_2008.jpg\",\"articleSection\":[\"D\u00fcnya\"],\"inLanguage\":\"az\"},{\"@type\":\"WebPage\",\"@id\":\"https:\\\/\\\/www.meydan.tv\\\/az\\\/article\\\/pentaqon-iranin-hucumundan-sonra-50-abs-esgeri-beyin-xesareti-alib\\\/\",\"url\":\"https:\\\/\\\/www.meydan.tv\\\/az\\\/article\\\/pentaqon-iranin-hucumundan-sonra-50-abs-esgeri-beyin-xesareti-alib\\\/\",\"name\":\"Pentaqon: \u0130ran\u0131n h\u00fccumundan sonra 50 AB\u015e \u0259sg\u0259ri beyin x\u0259sar\u0259ti al\u0131b - MEYDAN.TV\",\"isPartOf\":{\"@id\":\"https:\\\/\\\/www.meydan.tv\\\/az\\\/#website\"},\"primaryImageOfPage\":{\"@id\":\"https:\\\/\\\/www.meydan.tv\\\/az\\\/article\\\/pentaqon-iranin-hucumundan-sonra-50-abs-esgeri-beyin-xesareti-alib\\\/#primaryimage\"},\"image\":{\"@id\":\"https:\\\/\\\/www.meydan.tv\\\/az\\\/article\\\/pentaqon-iranin-hucumundan-sonra-50-abs-esgeri-beyin-xesareti-alib\\\/#primaryimage\"},\"thumbnailUrl\":\"https:\\\/\\\/www.meydan.tv\\\/wp-content\\\/uploads\\\/the_pentagon_january_2008.jpg\",\"datePublished\":\"2020-01-30T14:30:15+00:00\",\"breadcrumb\":{\"@id\":\"https:\\\/\\\/www.meydan.tv\\\/az\\\/article\\\/pentaqon-iranin-hucumundan-sonra-50-abs-esgeri-beyin-xesareti-alib\\\/#breadcrumb\"},\"inLanguage\":\"az\",\"potentialAction\":[{\"@type\":\"ReadAction\",\"target\":[\"https:\\\/\\\/www.meydan.tv\\\/az\\\/article\\\/pentaqon-iranin-hucumundan-sonra-50-abs-esgeri-beyin-xesareti-alib\\\/\"]}]},{\"@type\":\"ImageObject\",\"inLanguage\":\"az\",\"@id\":\"https:\\\/\\\/www.meydan.tv\\\/az\\\/article\\\/pentaqon-iranin-hucumundan-sonra-50-abs-esgeri-beyin-xesareti-alib\\\/#primaryimage\",\"url\":\"https:\\\/\\\/www.meydan.tv\\\/wp-content\\\/uploads\\\/the_pentagon_january_2008.jpg\",\"contentUrl\":\"https:\\\/\\\/www.meydan.tv\\\/wp-content\\\/uploads\\\/the_pentagon_january_2008.jpg\",\"width\":1592,\"height\":910,\"caption\":\"Source: Foto: arxiv\"},{\"@type\":\"BreadcrumbList\",\"@id\":\"https:\\\/\\\/www.meydan.tv\\\/az\\\/article\\\/pentaqon-iranin-hucumundan-sonra-50-abs-esgeri-beyin-xesareti-alib\\\/#breadcrumb\",\"itemListElement\":[{\"@type\":\"ListItem\",\"position\":1,\"name\":\"Ana s\u0259hif\u0259\",\"item\":\"https:\\\/\\\/www.meydan.tv\\\/az\\\/\"},{\"@type\":\"ListItem\",\"position\":2,\"name\":\"D\u00fcnya\",\"item\":\"https:\\\/\\\/www.meydan.tv\\\/az\\\/section\\\/dunya\\\/\"},{\"@type\":\"ListItem\",\"position\":3,\"name\":\"Pentaqon: \u0130ran\u0131n h\u00fccumundan sonra 50 AB\u015e \u0259sg\u0259ri beyin x\u0259sar\u0259ti al\u0131b\"}]},{\"@type\":\"WebSite\",\"@id\":\"https:\\\/\\\/www.meydan.tv\\\/az\\\/#website\",\"url\":\"https:\\\/\\\/www.meydan.tv\\\/az\\\/\",\"name\":\"MEYDAN.TV\",\"description\":\"Meydan TV Az\u0259rbaycan\u0131n media m\u0259kan\u0131ndak\u0131 alternativ s\u0259sidir\",\"publisher\":{\"@id\":\"https:\\\/\\\/www.meydan.tv\\\/az\\\/#organization\"},\"potentialAction\":[{\"@type\":\"SearchAction\",\"target\":{\"@type\":\"EntryPoint\",\"urlTemplate\":\"https:\\\/\\\/www.meydan.tv\\\/az\\\/?s={search_term_string}\"},\"query-input\":{\"@type\":\"PropertyValueSpecification\",\"valueRequired\":true,\"valueName\":\"search_term_string\"}}],\"inLanguage\":\"az\"},{\"@type\":\"Organization\",\"@id\":\"https:\\\/\\\/www.meydan.tv\\\/az\\\/#organization\",\"name\":\"Meydan TV\",\"url\":\"https:\\\/\\\/www.meydan.tv\\\/az\\\/\",\"logo\":{\"@type\":\"ImageObject\",\"inLanguage\":\"az\",\"@id\":\"https:\\\/\\\/www.meydan.tv\\\/az\\\/#\\\/schema\\\/logo\\\/image\\\/\",\"url\":\"https:\\\/\\\/www.meydan.tv\\\/wp-content\\\/uploads\\\/2021\\\/07\\\/meydan-logo.svg\",\"contentUrl\":\"https:\\\/\\\/www.meydan.tv\\\/wp-content\\\/uploads\\\/2021\\\/07\\\/meydan-logo.svg\",\"width\":195,\"height\":46,\"caption\":\"Meydan TV\"},\"image\":{\"@id\":\"https:\\\/\\\/www.meydan.tv\\\/az\\\/#\\\/schema\\\/logo\\\/image\\\/\"}},{\"@type\":\"Person\",\"@id\":\"https:\\\/\\\/www.meydan.tv\\\/az\\\/#\\\/schema\\\/person\\\/10d11eccf6da3662cf5fdab9806ea91a\",\"name\":\"user-manager\"}]}<\/script>\n<!-- \/ Yoast SEO plugin. -->","yoast_head_json":{"title":"Pentaqon: \u0130ran\u0131n h\u00fccumundan sonra 50 AB\u015e \u0259sg\u0259ri beyin x\u0259sar\u0259ti al\u0131b - MEYDAN.TV","robots":{"index":"index","follow":"follow","max-snippet":"max-snippet:-1","max-image-preview":"max-image-preview:large","max-video-preview":"max-video-preview:-1"},"canonical":"https:\/\/www.meydan.tv\/az\/article\/pentaqon-iranin-hucumundan-sonra-50-abs-esgeri-beyin-xesareti-alib\/","og_locale":"az_AZ","og_type":"article","og_title":"Pentaqon: \u0130ran\u0131n h\u00fccumundan sonra 50 AB\u015e \u0259sg\u0259ri beyin x\u0259sar\u0259ti al\u0131b - MEYDAN.TV","og_description":"\u0130lk \u00f6nc\u0259 Prezident Donald Tramp bildirmi\u015fdi ki, \u0130raq\u0131n q\u0259rbind\u0259ki Ain \u018fl-\u018fs\u0259d aviabazas\u0131na 8 yanvar tarixind\u0259 edilmi\u015f AB\u015e h\u00fccumu zaman\u0131 amerikal\u0131lardan z\u0259r\u0259r g\u00f6r\u0259n olmay\u0131b.","og_url":"https:\/\/www.meydan.tv\/az\/article\/pentaqon-iranin-hucumundan-sonra-50-abs-esgeri-beyin-xesareti-alib\/","og_site_name":"MEYDAN.TV","article_published_time":"2020-01-30T14:30:15+00:00","og_image":[{"width":1592,"height":910,"url":"https:\/\/www.meydan.tv\/wp-content\/uploads\/the_pentagon_january_2008.jpg","type":"image\/jpeg"}],"author":"user-manager","twitter_card":"summary_large_image","schema":{"@context":"https:\/\/schema.org","@graph":[{"@type":"Article","@id":"https:\/\/www.meydan.tv\/az\/article\/pentaqon-iranin-hucumundan-sonra-50-abs-esgeri-beyin-xesareti-alib\/#article","isPartOf":{"@id":"https:\/\/www.meydan.tv\/az\/article\/pentaqon-iranin-hucumundan-sonra-50-abs-esgeri-beyin-xesareti-alib\/"},"author":{"name":"user-manager","@id":"https:\/\/www.meydan.tv\/az\/#\/schema\/person\/10d11eccf6da3662cf5fdab9806ea91a"},"headline":"Pentaqon: \u0130ran\u0131n h\u00fccumundan sonra 50 AB\u015e \u0259sg\u0259ri beyin x\u0259sar\u0259ti al\u0131b","datePublished":"2020-01-30T14:30:15+00:00","mainEntityOfPage":{"@id":"https:\/\/www.meydan.tv\/az\/article\/pentaqon-iranin-hucumundan-sonra-50-abs-esgeri-beyin-xesareti-alib\/"},"wordCount":385,"publisher":{"@id":"https:\/\/www.meydan.tv\/az\/#organization"},"image":{"@id":"https:\/\/www.meydan.tv\/az\/article\/pentaqon-iranin-hucumundan-sonra-50-abs-esgeri-beyin-xesareti-alib\/#primaryimage"},"thumbnailUrl":"https:\/\/www.meydan.tv\/wp-content\/uploads\/the_pentagon_january_2008.jpg","articleSection":["D\u00fcnya"],"inLanguage":"az"},{"@type":"WebPage","@id":"https:\/\/www.meydan.tv\/az\/article\/pentaqon-iranin-hucumundan-sonra-50-abs-esgeri-beyin-xesareti-alib\/","url":"https:\/\/www.meydan.tv\/az\/article\/pentaqon-iranin-hucumundan-sonra-50-abs-esgeri-beyin-xesareti-alib\/","name":"Pentaqon: \u0130ran\u0131n h\u00fccumundan sonra 50 AB\u015e \u0259sg\u0259ri beyin x\u0259sar\u0259ti al\u0131b - MEYDAN.TV","isPartOf":{"@id":"https:\/\/www.meydan.tv\/az\/#website"},"primaryImageOfPage":{"@id":"https:\/\/www.meydan.tv\/az\/article\/pentaqon-iranin-hucumundan-sonra-50-abs-esgeri-beyin-xesareti-alib\/#primaryimage"},"image":{"@id":"https:\/\/www.meydan.tv\/az\/article\/pentaqon-iranin-hucumundan-sonra-50-abs-esgeri-beyin-xesareti-alib\/#primaryimage"},"thumbnailUrl":"https:\/\/www.meydan.tv\/wp-content\/uploads\/the_pentagon_january_2008.jpg","datePublished":"2020-01-30T14:30:15+00:00","breadcrumb":{"@id":"https:\/\/www.meydan.tv\/az\/article\/pentaqon-iranin-hucumundan-sonra-50-abs-esgeri-beyin-xesareti-alib\/#breadcrumb"},"inLanguage":"az","potentialAction":[{"@type":"ReadAction","target":["https:\/\/www.meydan.tv\/az\/article\/pentaqon-iranin-hucumundan-sonra-50-abs-esgeri-beyin-xesareti-alib\/"]}]},{"@type":"ImageObject","inLanguage":"az","@id":"https:\/\/www.meydan.tv\/az\/article\/pentaqon-iranin-hucumundan-sonra-50-abs-esgeri-beyin-xesareti-alib\/#primaryimage","url":"https:\/\/www.meydan.tv\/wp-content\/uploads\/the_pentagon_january_2008.jpg","contentUrl":"https:\/\/www.meydan.tv\/wp-content\/uploads\/the_pentagon_january_2008.jpg","width":1592,"height":910,"caption":"Source: Foto: arxiv"},{"@type":"BreadcrumbList","@id":"https:\/\/www.meydan.tv\/az\/article\/pentaqon-iranin-hucumundan-sonra-50-abs-esgeri-beyin-xesareti-alib\/#breadcrumb","itemListElement":[{"@type":"ListItem","position":1,"name":"Ana s\u0259hif\u0259","item":"https:\/\/www.meydan.tv\/az\/"},{"@type":"ListItem","position":2,"name":"D\u00fcnya","item":"https:\/\/www.meydan.tv\/az\/section\/dunya\/"},{"@type":"ListItem","position":3,"name":"Pentaqon: \u0130ran\u0131n h\u00fccumundan sonra 50 AB\u015e \u0259sg\u0259ri beyin x\u0259sar\u0259ti al\u0131b"}]},{"@type":"WebSite","@id":"https:\/\/www.meydan.tv\/az\/#website","url":"https:\/\/www.meydan.tv\/az\/","name":"MEYDAN.TV","description":"Meydan TV Az\u0259rbaycan\u0131n media m\u0259kan\u0131ndak\u0131 alternativ s\u0259sidir","publisher":{"@id":"https:\/\/www.meydan.tv\/az\/#organization"},"potentialAction":[{"@type":"SearchAction","target":{"@type":"EntryPoint","urlTemplate":"https:\/\/www.meydan.tv\/az\/?s={search_term_string}"},"query-input":{"@type":"PropertyValueSpecification","valueRequired":true,"valueName":"search_term_string"}}],"inLanguage":"az"},{"@type":"Organization","@id":"https:\/\/www.meydan.tv\/az\/#organization","name":"Meydan TV","url":"https:\/\/www.meydan.tv\/az\/","logo":{"@type":"ImageObject","inLanguage":"az","@id":"https:\/\/www.meydan.tv\/az\/#\/schema\/logo\/image\/","url":"https:\/\/www.meydan.tv\/wp-content\/uploads\/2021\/07\/meydan-logo.svg","contentUrl":"https:\/\/www.meydan.tv\/wp-content\/uploads\/2021\/07\/meydan-logo.svg","width":195,"height":46,"caption":"Meydan TV"},"image":{"@id":"https:\/\/www.meydan.tv\/az\/#\/schema\/logo\/image\/"}},{"@type":"Person","@id":"https:\/\/www.meydan.tv\/az\/#\/schema\/person\/10d11eccf6da3662cf5fdab9806ea91a","name":"user-manager"}]}},"_links":{"self":[{"href":"https:\/\/www.meydan.tv\/az\/wp-json\/wp\/v2\/posts\/199025","targetHints":{"allow":["GET"]}}],"collection":[{"href":"https:\/\/www.meydan.tv\/az\/wp-json\/wp\/v2\/posts"}],"about":[{"href":"https:\/\/www.meydan.tv\/az\/wp-json\/wp\/v2\/types\/post"}],"author":[{"embeddable":true,"href":"https:\/\/www.meydan.tv\/az\/wp-json\/wp\/v2\/users\/11"}],"replies":[{"embeddable":true,"href":"https:\/\/www.meydan.tv\/az\/wp-json\/wp\/v2\/comments?post=199025"}],"version-history":[{"count":0,"href":"https:\/\/www.meydan.tv\/az\/wp-json\/wp\/v2\/posts\/199025\/revisions"}],"wp:featuredmedia":[{"embeddable":true,"href":"https:\/\/www.meydan.tv\/az\/wp-json\/wp\/v2\/media\/136707"}],"wp:attachment":[{"href":"https:\/\/www.meydan.tv\/az\/wp-json\/wp\/v2\/media?parent=199025"}],"wp:term":[{"taxonomy":"category","embeddable":true,"href":"https:\/\/www.meydan.tv\/az\/wp-json\/wp\/v2\/categories?post=199025"},{"taxonomy":"post_tag","embeddable":true,"href":"https:\/\/www.meydan.tv\/az\/wp-json\/wp\/v2\/tags?post=199025"}],"curies":[{"name":"wp","href":"https:\/\/api.w.org\/{rel}","templated":true}]}}