{"id":199019,"date":"2020-01-30T12:07:55","date_gmt":"2020-01-30T12:07:55","guid":{"rendered":"https:\/\/www.meydan.tv\/article\/serj-sarkisyanin-muhakimesi-baslayacaq\/"},"modified":"2020-01-30T12:07:55","modified_gmt":"2020-01-30T12:07:55","slug":"serj-sarkisyanin-muhakimesi-baslayacaq","status":"publish","type":"post","link":"https:\/\/www.meydan.tv\/az\/article\/serj-sarkisyanin-muhakimesi-baslayacaq\/","title":{"rendered":"Serj Sarkisyan\u0131n m\u00fchakim\u0259si ba\u015flayacaq"},"content":{"rendered":"<p>\n  <i><br \/>\n    \u0130ttiham akt\u0131 m\u0259hk\u0259m\u0259y\u0259 g\u00f6nd\u0259rilib<br \/>\n  <\/i>\n<\/p>\n<p>\n  Erm\u0259nistan\u0131n ke\u00e7mi\u015f Prezidenti Serj Sarkisyan\u0131n m\u00fchakim\u0259si ba\u015flayacaq, &#8211; \u201cAzatutyun\u201d x\u0259b\u0259r verir.\n<\/p>\n<p>\n  Ba\u015f Prokurorlu\u011fun s\u00f6zc\u00fcs\u00fc Arevik Xa\u00e7atryan Azadl\u0131q Radiosunun Erm\u0259ni Xidm\u0259tin\u0259 bildirib ki, ittiham akt\u0131 \u00e7\u0259r\u015f\u0259nb\u0259 g\u00fcn\u00fc paytaxt Yerevanda m\u0259hk\u0259m\u0259y\u0259 g\u00f6nd\u0259rilib.\n<\/p>\n<p>\n  Erm\u0259nistanin \u018fdliyy\u0259 Dair\u0259si is\u0259 cinay\u0259t i\u015fi materiallar\u0131n\u0131n h\u0259l\u0259 onlar\u0131n \u0259lin\u0259 ke\u00e7m\u0259diyini bildirib.\n<\/p>\n<p>\n  X\u00fcsusi \u0130stintaq Xidm\u0259ti (SIS) dekabr ay\u0131n\u0131n \u0259vv\u0259lind\u0259 Sarkisyan\u0131 2013-c\u00fc ild\u0259 fermerl\u0259r\u0259 subsidiya il\u0259 dizel yanaca\u011f\u0131n\u0131n verilm\u0259si \u00fc\u00e7\u00fcn ayr\u0131lm\u0131\u015f d\u00f6vl\u0259t v\u0259saitinin 489 milyon dram\u0131n\u0131 (1 milyon dollar) m\u0259nims\u0259m\u0259kd\u0259 ittiham edir.\n<\/p>\n<p>\n  SIS iddia edir ki, Sarkisyan yanacaq t\u0259dar\u00fck\u00fc \u00fc\u00e7\u00fcn t\u0259\u015fkil edilmi\u015f h\u00f6kum\u0259t tenderin\u0259 m\u00fcdaxil\u0259 edib. Bununla tenderi a\u015fa\u011f\u0131 qiym\u0259t t\u0259klif ed\u0259n dig\u0259r yanacaq idxal\u00e7\u0131s\u0131 deyil, ke\u00e7mi\u015f Prezidentin uzun ill\u0259rdir dostluq etdiyi i\u015f adam\u0131 Barse\u011f Beglaryan qazan\u0131b. Sarksyanla yana\u015f\u0131 Beglaryan v\u0259 \u00fc\u00e7 ke\u00e7mi\u015f h\u00f6kum\u0259t r\u0259smisi d\u0259 ittiham edilir. \u015e\u00fcbh\u0259lil\u0259rin be\u015fi d\u0259 ittiham\u0131 r\u0259dd edir.\n<\/p>\n<p>\n  Ke\u00e7\u0259n h\u0259ft\u0259 yay\u0131mlanan b\u0259yannam\u0259d\u0259 Sarkisyan\u0131n v\u0259kill\u0259ri ittihamlar\u0131n \u0259sass\u0131z oldu\u011funu v\u0259 haz\u0131rk\u0131 Erm\u0259nistan hakimiyy\u0259ti t\u0259r\u0259find\u0259n ke\u00e7mi\u015f Prezident\u0259 qar\u015f\u0131 t\u0259\u015fkil edilmi\u015f \u201csiyasi t\u0259qibin\u201d bir hiss\u0259si oldu\u011funu bildirib.\n<\/p>\n<p>\n  Prosesi aparan S\u0130S-in y\u00fcks\u0259k v\u0259zif\u0259li r\u0259smisi Arta\u015fes Mayilyan 24 yanvar tarixind\u0259 Azadl\u0131q Radiosunun Erm\u0259ni Xidm\u0259tin\u0259 bu iddialar\u0131 r\u0259dd edib.\n<\/p>\n<p>\n  Qeyd edilir ki, istintaq ke\u00e7mi\u015f K\u0259nd t\u0259s\u0259rr\u00fcfat\u0131 naziri Serqo Karapetyan\u0131n sabiq prezident\u0259 qar\u015f\u0131 ittihamlar\u0131 \u0259sas\u0131nda ba\u015flay\u0131b. Karapetyan v\u0259 onun ke\u00e7mi\u015f m\u00fcavini Samvel Qalstyan da \u015f\u00fcbh\u0259li bilin\u0259n 5 n\u0259f\u0259r aras\u0131ndad\u0131r.\n<\/p>\n<p>\n  Sarkisyan\u0131n Respublika\u00e7\u0131 Partiyas\u0131 (HHK) ittihamlar\u0131 siyasi motivli adland\u0131r\u0131b. Partiya bildirir ki, Ba\u015f nazir Nikol Pa\u015finyan\u0131 ictimai t\u0259nqid etdiyi \u00fc\u00e7\u00fcn ke\u00e7mi\u015f prezidentd\u0259n qisas al\u0131n\u0131r.\n<\/p>\n<p>\n  Erm\u0259nistan\u0131 2008-2018-ci ill\u0259r aras\u0131nda idar\u0259 etmi\u015f Sarkisyan noyabr ay\u0131nda Xorvatiyada ke\u00e7irilmi\u015f Avropa Xalq Partiyas\u0131n\u0131n qurultay\u0131nda \u00e7\u0131x\u0131\u015f\u0131 zaman\u0131 Pa\u015finyan\u0131n h\u00f6kum\u0259tini demokratiyan\u0131 t\u0259hl\u00fck\u0259y\u0259 atmaqda v\u0259 m\u00fcxalif\u0259ti bo\u011fmaqda ittiham edib. O, Pa\u015finyan\u0131n r\u0259hb\u0259rlik etdiyi davaml\u0131 k\u00fctl\u0259vi etiraz aksiyalar\u0131 zaman\u0131 2018-ci ilin aprelind\u0259 istefa verib. O vaxtdan etibar\u0259n ke\u00e7mi\u015f \u00f6lk\u0259 ba\u015f\u00e7\u0131s\u0131 ictimai m\u0259kanda g\u00f6z\u0259 batmama\u011fa \u00e7al\u0131\u015f\u0131b.\n<\/p>\n<p>\n  Pa\u015finyan \u201cm\u0259xm\u0259ri inqilab\u201d zaman\u0131 Sarkisyan\u0131, ail\u0259sini v\u0259 onun siyasi dair\u0259sinin \u00fczvl\u0259rini d\u0259f\u0259l\u0259rl\u0259 korrupsiyada ittiham edib.<\/p>\n","protected":false},"excerpt":{"rendered":"<p>Ke\u00e7\u0259n h\u0259ft\u0259 yay\u0131mlanan b\u0259yannam\u0259d\u0259 Sarkisyan\u0131n v\u0259kill\u0259ri ittihamlar\u0131n \u0259sass\u0131z oldu\u011funu v\u0259 haz\u0131rk\u0131 Erm\u0259nistan hakimiyy\u0259ti t\u0259r\u0259find\u0259n ke\u00e7mi\u015f Prezident\u0259 qar\u015f\u0131 t\u0259\u015fkil edilmi\u015f \u201csiyasi t\u0259qibin\u201d bir hiss\u0259si oldu\u011funu bildirib.<\/p>\n","protected":false},"author":11,"featured_media":64544,"comment_status":"closed","ping_status":"open","sticky":false,"template":"","format":"standard","meta":{"_acf_changed":false,"_sitemap_exclude":false,"_sitemap_priority":"","_sitemap_frequency":"","footnotes":""},"categories":[64],"tags":[],"class_list":["post-199019","post","type-post","status-publish","format-standard","has-post-thumbnail","hentry","category-dunya","infinite-scroll-item","generate-columns","tablet-grid-50","mobile-grid-100","grid-parent","grid-33","no-featured-image-padding"],"acf":[],"yoast_head":"<!-- This site is optimized with the Yoast SEO plugin v27.5 - https:\/\/yoast.com\/product\/yoast-seo-wordpress\/ -->\n<title>Serj Sarkisyan\u0131n m\u00fchakim\u0259si ba\u015flayacaq - MEYDAN.TV<\/title>\n<meta name=\"robots\" content=\"index, follow, max-snippet:-1, max-image-preview:large, max-video-preview:-1\" \/>\n<link rel=\"canonical\" href=\"https:\/\/www.meydan.tv\/az\/article\/serj-sarkisyanin-muhakimesi-baslayacaq\/\" \/>\n<meta property=\"og:locale\" content=\"az_AZ\" \/>\n<meta property=\"og:type\" content=\"article\" \/>\n<meta property=\"og:title\" content=\"Serj Sarkisyan\u0131n m\u00fchakim\u0259si ba\u015flayacaq - MEYDAN.TV\" \/>\n<meta property=\"og:description\" content=\"Ke\u00e7\u0259n h\u0259ft\u0259 yay\u0131mlanan b\u0259yannam\u0259d\u0259 Sarkisyan\u0131n v\u0259kill\u0259ri ittihamlar\u0131n \u0259sass\u0131z oldu\u011funu v\u0259 haz\u0131rk\u0131 Erm\u0259nistan hakimiyy\u0259ti t\u0259r\u0259find\u0259n ke\u00e7mi\u015f Prezident\u0259 qar\u015f\u0131 t\u0259\u015fkil edilmi\u015f \u201csiyasi t\u0259qibin\u201d bir hiss\u0259si oldu\u011funu bildirib.\" \/>\n<meta property=\"og:url\" content=\"https:\/\/www.meydan.tv\/az\/article\/serj-sarkisyanin-muhakimesi-baslayacaq\/\" \/>\n<meta property=\"og:site_name\" content=\"MEYDAN.TV\" \/>\n<meta property=\"article:published_time\" content=\"2020-01-30T12:07:55+00:00\" \/>\n<meta property=\"og:image\" content=\"https:\/\/www.meydan.tv\/wp-content\/uploads\/24621.jpg\" \/>\n\t<meta property=\"og:image:width\" content=\"768\" \/>\n\t<meta property=\"og:image:height\" content=\"415\" \/>\n\t<meta property=\"og:image:type\" content=\"image\/jpeg\" \/>\n<meta name=\"author\" content=\"user-manager\" \/>\n<meta name=\"twitter:card\" content=\"summary_large_image\" \/>\n<script type=\"application\/ld+json\" class=\"yoast-schema-graph\">{\"@context\":\"https:\\\/\\\/schema.org\",\"@graph\":[{\"@type\":\"Article\",\"@id\":\"https:\\\/\\\/www.meydan.tv\\\/az\\\/article\\\/serj-sarkisyanin-muhakimesi-baslayacaq\\\/#article\",\"isPartOf\":{\"@id\":\"https:\\\/\\\/www.meydan.tv\\\/az\\\/article\\\/serj-sarkisyanin-muhakimesi-baslayacaq\\\/\"},\"author\":{\"name\":\"user-manager\",\"@id\":\"https:\\\/\\\/www.meydan.tv\\\/az\\\/#\\\/schema\\\/person\\\/10d11eccf6da3662cf5fdab9806ea91a\"},\"headline\":\"Serj Sarkisyan\u0131n m\u00fchakim\u0259si ba\u015flayacaq\",\"datePublished\":\"2020-01-30T12:07:55+00:00\",\"mainEntityOfPage\":{\"@id\":\"https:\\\/\\\/www.meydan.tv\\\/az\\\/article\\\/serj-sarkisyanin-muhakimesi-baslayacaq\\\/\"},\"wordCount\":471,\"publisher\":{\"@id\":\"https:\\\/\\\/www.meydan.tv\\\/az\\\/#organization\"},\"image\":{\"@id\":\"https:\\\/\\\/www.meydan.tv\\\/az\\\/article\\\/serj-sarkisyanin-muhakimesi-baslayacaq\\\/#primaryimage\"},\"thumbnailUrl\":\"https:\\\/\\\/www.meydan.tv\\\/wp-content\\\/uploads\\\/24621.jpg\",\"articleSection\":[\"D\u00fcnya\"],\"inLanguage\":\"az\"},{\"@type\":\"WebPage\",\"@id\":\"https:\\\/\\\/www.meydan.tv\\\/az\\\/article\\\/serj-sarkisyanin-muhakimesi-baslayacaq\\\/\",\"url\":\"https:\\\/\\\/www.meydan.tv\\\/az\\\/article\\\/serj-sarkisyanin-muhakimesi-baslayacaq\\\/\",\"name\":\"Serj Sarkisyan\u0131n m\u00fchakim\u0259si ba\u015flayacaq - MEYDAN.TV\",\"isPartOf\":{\"@id\":\"https:\\\/\\\/www.meydan.tv\\\/az\\\/#website\"},\"primaryImageOfPage\":{\"@id\":\"https:\\\/\\\/www.meydan.tv\\\/az\\\/article\\\/serj-sarkisyanin-muhakimesi-baslayacaq\\\/#primaryimage\"},\"image\":{\"@id\":\"https:\\\/\\\/www.meydan.tv\\\/az\\\/article\\\/serj-sarkisyanin-muhakimesi-baslayacaq\\\/#primaryimage\"},\"thumbnailUrl\":\"https:\\\/\\\/www.meydan.tv\\\/wp-content\\\/uploads\\\/24621.jpg\",\"datePublished\":\"2020-01-30T12:07:55+00:00\",\"breadcrumb\":{\"@id\":\"https:\\\/\\\/www.meydan.tv\\\/az\\\/article\\\/serj-sarkisyanin-muhakimesi-baslayacaq\\\/#breadcrumb\"},\"inLanguage\":\"az\",\"potentialAction\":[{\"@type\":\"ReadAction\",\"target\":[\"https:\\\/\\\/www.meydan.tv\\\/az\\\/article\\\/serj-sarkisyanin-muhakimesi-baslayacaq\\\/\"]}]},{\"@type\":\"ImageObject\",\"inLanguage\":\"az\",\"@id\":\"https:\\\/\\\/www.meydan.tv\\\/az\\\/article\\\/serj-sarkisyanin-muhakimesi-baslayacaq\\\/#primaryimage\",\"url\":\"https:\\\/\\\/www.meydan.tv\\\/wp-content\\\/uploads\\\/24621.jpg\",\"contentUrl\":\"https:\\\/\\\/www.meydan.tv\\\/wp-content\\\/uploads\\\/24621.jpg\",\"width\":768,\"height\":415,\"caption\":\"Source:\"},{\"@type\":\"BreadcrumbList\",\"@id\":\"https:\\\/\\\/www.meydan.tv\\\/az\\\/article\\\/serj-sarkisyanin-muhakimesi-baslayacaq\\\/#breadcrumb\",\"itemListElement\":[{\"@type\":\"ListItem\",\"position\":1,\"name\":\"Ana s\u0259hif\u0259\",\"item\":\"https:\\\/\\\/www.meydan.tv\\\/az\\\/\"},{\"@type\":\"ListItem\",\"position\":2,\"name\":\"D\u00fcnya\",\"item\":\"https:\\\/\\\/www.meydan.tv\\\/az\\\/section\\\/dunya\\\/\"},{\"@type\":\"ListItem\",\"position\":3,\"name\":\"Serj Sarkisyan\u0131n m\u00fchakim\u0259si ba\u015flayacaq\"}]},{\"@type\":\"WebSite\",\"@id\":\"https:\\\/\\\/www.meydan.tv\\\/az\\\/#website\",\"url\":\"https:\\\/\\\/www.meydan.tv\\\/az\\\/\",\"name\":\"MEYDAN.TV\",\"description\":\"Meydan TV Az\u0259rbaycan\u0131n media m\u0259kan\u0131ndak\u0131 alternativ s\u0259sidir\",\"publisher\":{\"@id\":\"https:\\\/\\\/www.meydan.tv\\\/az\\\/#organization\"},\"potentialAction\":[{\"@type\":\"SearchAction\",\"target\":{\"@type\":\"EntryPoint\",\"urlTemplate\":\"https:\\\/\\\/www.meydan.tv\\\/az\\\/?s={search_term_string}\"},\"query-input\":{\"@type\":\"PropertyValueSpecification\",\"valueRequired\":true,\"valueName\":\"search_term_string\"}}],\"inLanguage\":\"az\"},{\"@type\":\"Organization\",\"@id\":\"https:\\\/\\\/www.meydan.tv\\\/az\\\/#organization\",\"name\":\"Meydan TV\",\"url\":\"https:\\\/\\\/www.meydan.tv\\\/az\\\/\",\"logo\":{\"@type\":\"ImageObject\",\"inLanguage\":\"az\",\"@id\":\"https:\\\/\\\/www.meydan.tv\\\/az\\\/#\\\/schema\\\/logo\\\/image\\\/\",\"url\":\"https:\\\/\\\/www.meydan.tv\\\/wp-content\\\/uploads\\\/2021\\\/07\\\/meydan-logo.svg\",\"contentUrl\":\"https:\\\/\\\/www.meydan.tv\\\/wp-content\\\/uploads\\\/2021\\\/07\\\/meydan-logo.svg\",\"width\":195,\"height\":46,\"caption\":\"Meydan TV\"},\"image\":{\"@id\":\"https:\\\/\\\/www.meydan.tv\\\/az\\\/#\\\/schema\\\/logo\\\/image\\\/\"}},{\"@type\":\"Person\",\"@id\":\"https:\\\/\\\/www.meydan.tv\\\/az\\\/#\\\/schema\\\/person\\\/10d11eccf6da3662cf5fdab9806ea91a\",\"name\":\"user-manager\"}]}<\/script>\n<!-- \/ Yoast SEO plugin. -->","yoast_head_json":{"title":"Serj Sarkisyan\u0131n m\u00fchakim\u0259si ba\u015flayacaq - MEYDAN.TV","robots":{"index":"index","follow":"follow","max-snippet":"max-snippet:-1","max-image-preview":"max-image-preview:large","max-video-preview":"max-video-preview:-1"},"canonical":"https:\/\/www.meydan.tv\/az\/article\/serj-sarkisyanin-muhakimesi-baslayacaq\/","og_locale":"az_AZ","og_type":"article","og_title":"Serj Sarkisyan\u0131n m\u00fchakim\u0259si ba\u015flayacaq - MEYDAN.TV","og_description":"Ke\u00e7\u0259n h\u0259ft\u0259 yay\u0131mlanan b\u0259yannam\u0259d\u0259 Sarkisyan\u0131n v\u0259kill\u0259ri ittihamlar\u0131n \u0259sass\u0131z oldu\u011funu v\u0259 haz\u0131rk\u0131 Erm\u0259nistan hakimiyy\u0259ti t\u0259r\u0259find\u0259n ke\u00e7mi\u015f Prezident\u0259 qar\u015f\u0131 t\u0259\u015fkil edilmi\u015f \u201csiyasi t\u0259qibin\u201d bir hiss\u0259si oldu\u011funu bildirib.","og_url":"https:\/\/www.meydan.tv\/az\/article\/serj-sarkisyanin-muhakimesi-baslayacaq\/","og_site_name":"MEYDAN.TV","article_published_time":"2020-01-30T12:07:55+00:00","og_image":[{"width":768,"height":415,"url":"https:\/\/www.meydan.tv\/wp-content\/uploads\/24621.jpg","type":"image\/jpeg"}],"author":"user-manager","twitter_card":"summary_large_image","schema":{"@context":"https:\/\/schema.org","@graph":[{"@type":"Article","@id":"https:\/\/www.meydan.tv\/az\/article\/serj-sarkisyanin-muhakimesi-baslayacaq\/#article","isPartOf":{"@id":"https:\/\/www.meydan.tv\/az\/article\/serj-sarkisyanin-muhakimesi-baslayacaq\/"},"author":{"name":"user-manager","@id":"https:\/\/www.meydan.tv\/az\/#\/schema\/person\/10d11eccf6da3662cf5fdab9806ea91a"},"headline":"Serj Sarkisyan\u0131n m\u00fchakim\u0259si ba\u015flayacaq","datePublished":"2020-01-30T12:07:55+00:00","mainEntityOfPage":{"@id":"https:\/\/www.meydan.tv\/az\/article\/serj-sarkisyanin-muhakimesi-baslayacaq\/"},"wordCount":471,"publisher":{"@id":"https:\/\/www.meydan.tv\/az\/#organization"},"image":{"@id":"https:\/\/www.meydan.tv\/az\/article\/serj-sarkisyanin-muhakimesi-baslayacaq\/#primaryimage"},"thumbnailUrl":"https:\/\/www.meydan.tv\/wp-content\/uploads\/24621.jpg","articleSection":["D\u00fcnya"],"inLanguage":"az"},{"@type":"WebPage","@id":"https:\/\/www.meydan.tv\/az\/article\/serj-sarkisyanin-muhakimesi-baslayacaq\/","url":"https:\/\/www.meydan.tv\/az\/article\/serj-sarkisyanin-muhakimesi-baslayacaq\/","name":"Serj Sarkisyan\u0131n m\u00fchakim\u0259si ba\u015flayacaq - MEYDAN.TV","isPartOf":{"@id":"https:\/\/www.meydan.tv\/az\/#website"},"primaryImageOfPage":{"@id":"https:\/\/www.meydan.tv\/az\/article\/serj-sarkisyanin-muhakimesi-baslayacaq\/#primaryimage"},"image":{"@id":"https:\/\/www.meydan.tv\/az\/article\/serj-sarkisyanin-muhakimesi-baslayacaq\/#primaryimage"},"thumbnailUrl":"https:\/\/www.meydan.tv\/wp-content\/uploads\/24621.jpg","datePublished":"2020-01-30T12:07:55+00:00","breadcrumb":{"@id":"https:\/\/www.meydan.tv\/az\/article\/serj-sarkisyanin-muhakimesi-baslayacaq\/#breadcrumb"},"inLanguage":"az","potentialAction":[{"@type":"ReadAction","target":["https:\/\/www.meydan.tv\/az\/article\/serj-sarkisyanin-muhakimesi-baslayacaq\/"]}]},{"@type":"ImageObject","inLanguage":"az","@id":"https:\/\/www.meydan.tv\/az\/article\/serj-sarkisyanin-muhakimesi-baslayacaq\/#primaryimage","url":"https:\/\/www.meydan.tv\/wp-content\/uploads\/24621.jpg","contentUrl":"https:\/\/www.meydan.tv\/wp-content\/uploads\/24621.jpg","width":768,"height":415,"caption":"Source:"},{"@type":"BreadcrumbList","@id":"https:\/\/www.meydan.tv\/az\/article\/serj-sarkisyanin-muhakimesi-baslayacaq\/#breadcrumb","itemListElement":[{"@type":"ListItem","position":1,"name":"Ana s\u0259hif\u0259","item":"https:\/\/www.meydan.tv\/az\/"},{"@type":"ListItem","position":2,"name":"D\u00fcnya","item":"https:\/\/www.meydan.tv\/az\/section\/dunya\/"},{"@type":"ListItem","position":3,"name":"Serj Sarkisyan\u0131n m\u00fchakim\u0259si ba\u015flayacaq"}]},{"@type":"WebSite","@id":"https:\/\/www.meydan.tv\/az\/#website","url":"https:\/\/www.meydan.tv\/az\/","name":"MEYDAN.TV","description":"Meydan TV Az\u0259rbaycan\u0131n media m\u0259kan\u0131ndak\u0131 alternativ s\u0259sidir","publisher":{"@id":"https:\/\/www.meydan.tv\/az\/#organization"},"potentialAction":[{"@type":"SearchAction","target":{"@type":"EntryPoint","urlTemplate":"https:\/\/www.meydan.tv\/az\/?s={search_term_string}"},"query-input":{"@type":"PropertyValueSpecification","valueRequired":true,"valueName":"search_term_string"}}],"inLanguage":"az"},{"@type":"Organization","@id":"https:\/\/www.meydan.tv\/az\/#organization","name":"Meydan TV","url":"https:\/\/www.meydan.tv\/az\/","logo":{"@type":"ImageObject","inLanguage":"az","@id":"https:\/\/www.meydan.tv\/az\/#\/schema\/logo\/image\/","url":"https:\/\/www.meydan.tv\/wp-content\/uploads\/2021\/07\/meydan-logo.svg","contentUrl":"https:\/\/www.meydan.tv\/wp-content\/uploads\/2021\/07\/meydan-logo.svg","width":195,"height":46,"caption":"Meydan TV"},"image":{"@id":"https:\/\/www.meydan.tv\/az\/#\/schema\/logo\/image\/"}},{"@type":"Person","@id":"https:\/\/www.meydan.tv\/az\/#\/schema\/person\/10d11eccf6da3662cf5fdab9806ea91a","name":"user-manager"}]}},"_links":{"self":[{"href":"https:\/\/www.meydan.tv\/az\/wp-json\/wp\/v2\/posts\/199019","targetHints":{"allow":["GET"]}}],"collection":[{"href":"https:\/\/www.meydan.tv\/az\/wp-json\/wp\/v2\/posts"}],"about":[{"href":"https:\/\/www.meydan.tv\/az\/wp-json\/wp\/v2\/types\/post"}],"author":[{"embeddable":true,"href":"https:\/\/www.meydan.tv\/az\/wp-json\/wp\/v2\/users\/11"}],"replies":[{"embeddable":true,"href":"https:\/\/www.meydan.tv\/az\/wp-json\/wp\/v2\/comments?post=199019"}],"version-history":[{"count":0,"href":"https:\/\/www.meydan.tv\/az\/wp-json\/wp\/v2\/posts\/199019\/revisions"}],"wp:featuredmedia":[{"embeddable":true,"href":"https:\/\/www.meydan.tv\/az\/wp-json\/wp\/v2\/media\/64544"}],"wp:attachment":[{"href":"https:\/\/www.meydan.tv\/az\/wp-json\/wp\/v2\/media?parent=199019"}],"wp:term":[{"taxonomy":"category","embeddable":true,"href":"https:\/\/www.meydan.tv\/az\/wp-json\/wp\/v2\/categories?post=199019"},{"taxonomy":"post_tag","embeddable":true,"href":"https:\/\/www.meydan.tv\/az\/wp-json\/wp\/v2\/tags?post=199019"}],"curies":[{"name":"wp","href":"https:\/\/api.w.org\/{rel}","templated":true}]}}