{"id":199014,"date":"2020-01-30T10:34:06","date_gmt":"2020-01-30T10:34:06","guid":{"rendered":"https:\/\/www.meydan.tv\/article\/problemler-mengenesinde-olan-kend-qrunt-sulari-qaz-yol\/"},"modified":"2020-01-30T10:34:06","modified_gmt":"2020-01-30T10:34:06","slug":"problemler-mengenesinde-olan-kend-qrunt-sulari-qaz-yol","status":"publish","type":"post","link":"https:\/\/www.meydan.tv\/az\/article\/problemler-mengenesinde-olan-kend-qrunt-sulari-qaz-yol\/","title":{"rendered":"Probleml\u0259r m\u0259ng\u0259n\u0259sind\u0259 olan k\u0259nd: qrunt sular\u0131, qaz, yol&#8230;"},"content":{"rendered":"<p>\n  <i><br \/>\n    X\u0259lf\u0259li k\u0259ndinin sakinl\u0259ri qay\u011f\u0131s\u0131zl\u0131qdan gileylidir<br \/>\n  <\/i>\n<\/p>\n<p>\n  Sabirabad\u0131n X\u0259lf\u0259li k\u0259ndinin sakinl\u0259ri sosial probleml\u0259rin m\u0259ng\u0259n\u0259sind\u0259 s\u0131x\u0131l\u0131r. Qrunt sular\u0131 b\u00f6y\u00fck z\u0259r\u0259r vurur, \u0259hali \u00e7\u0259tin dolan\u0131r, istilik qay\u011f\u0131lar\u0131 var.\n<\/p>\n<p>\n  <b><br \/>\n    \u201cQrunt sular\u0131 h\u0259r \u015feyi m\u0259hv edir\u201d<br \/>\n  <\/b>\n<\/p>\n<p>\n  K\u0259nd sakinl\u0259ri i\u00e7m\u0259li su problemini birt\u0259h\u0259r h\u0259ll edir. Amma sah\u0259ni suvarma\u011fa su \u00e7atm\u0131r. Bu haqda dan\u0131\u015fan Murad \u018fdilov deyir ki, qrunt sular\u0131 t\u0259s\u0259rr\u00fcfata b\u00f6y\u00fck ziyan vurur. Dem\u0259k olar, h\u0259r \u015feyi m\u0259hv edir.\n<\/p>\n<p>\n  \u201cD\u00f6vl\u0259t qaz\u0131b kollektoru t\u0259mizl\u0259m\u0259lidir. K\u0259ndin b\u00fct\u00fcn zir-zibili y\u0131\u011f\u0131l\u0131b. Yaman g\u00fcnd\u0259dir. Yeralt\u0131 drenajlar olur, suyu \u00e7\u0259kib apar\u0131r. Onlar b\u0259rbad v\u0259ziyy\u0259td\u0259dir. Qaz\u0131lmas\u0131, onlar\u0131n yenid\u0259n b\u0259rpas\u0131 laz\u0131md\u0131r. Ona da baxan yoxdur. Dolub zir-zibill\u0259. Bitkiy\u0259 z\u0259r\u0259rlidir o sular\u201d, &#8211; k\u0259nd sakini bel\u0259 deyir.\n<\/p>\n<p>\n  Kollektorlar vaxt\u0131nda t\u0259mizl\u0259nm\u0259diyind\u0259n su ax\u0131b getmir. Suyun s\u0259viyy\u0259sinin artmas\u0131 is\u0259 evl\u0259r\u0259 z\u0259r\u0259r vurur. \u00c7iy k\u0259rpicd\u0259n tikil\u0259n evl\u0259r \u00e7ox davam g\u0259tirmir. Divarlar u\u00e7ur, evl\u0259r s\u0131radan \u00e7\u0131x\u0131r.\n<\/p>\n<p>\n  \u201cB\u0259l\u0259diyy\u0259nin ad\u0131 var. Bu g\u00fcn he\u00e7 bilmirik ki, kimdir bizim b\u0259l\u0259diyy\u0259. Ke\u00e7mi\u015f b\u0259l\u0259diyy\u0259nin evi o kollektorun \u00fcst\u00fcnd\u0259 yerl\u0259\u015fir. \u018fslind\u0259, m\u0259murlara, icra n\u00fcmay\u0259nd\u0259sin\u0259 n\u0259s\u0259 dem\u0259y\u0259 ehtiyac yoxdur. G\u00f6z \u00f6n\u00fcnd\u0259dir, ham\u0131s\u0131 da g\u00f6r\u00fcr. Qrunt sular\u0131n\u0131n s\u0259viyy\u0259si \u00e7ox y\u00fcks\u0259kdir. Bir metr qaz\u0131rsan, su \u00e7\u0131x\u0131r. K\u00f6hn\u0259 pal\u00e7\u0131q evl\u0259rdir, suya g\u00f6r\u0259 u\u00e7ub-da\u011f\u0131l\u0131r. Bu sular \u0259kin\u00e7iliy\u0259 d\u0259 \u00e7ox ciddi ziyand\u0131r. A\u011facd\u0131r, \u0259kirs\u0259n, gedib dir\u0259nir. Bitki \u0259m\u0259l\u0259 g\u0259lmir. A\u011fac\u0131n k\u00f6k\u00fc qrunt suyuna \u00e7atd\u0131, avtomatik yan\u0131r. Qrunt suyunun s\u0259viyy\u0259si qalxd\u0131qca, yerin t\u0259rkibi \u00f6l\u00fcr\u201d, &#8211; Murad \u018fdilov dan\u0131\u015f\u0131r.\n<\/p>\n<figure class=\"wp-block-image size-large\">\n  <img decoding=\"async\" src=\"https:\/\/www.meydan.tv\/az\/image_from_ios-6-jpg-65\/\" alt=\"image_from_ios (6).jpg\" class=\"wp-image-136647\"\/><figcaption>\n    Murad \u018fdilov<br \/>\n  <\/figcaption><\/figure>\n<p>\n  <b><br \/>\n    \u201cEvl\u0259ri q\u0131zd\u0131rmaq olmur\u201d<br \/>\n  <\/b>\n<\/p>\n<p>\n  X\u0259lf\u0259lil\u0259rin problemi \u00e7oxdur. \u0130nsanlar i\u015fsizlikd\u0259n ciddi \u0259ziyy\u0259t \u00e7\u0259kir, \u0259n x\u0131rda sosial qay\u011f\u0131lar\u0131n qar\u015f\u0131s\u0131nda aciz qald\u0131qlar\u0131n\u0131 deyirl\u0259r. Q\u0131\u015fda probleml\u0259r lap \u00e7oxal\u0131r. K\u0259ndin ara yollar\u0131 o q\u0259d\u0259r yarars\u0131zd\u0131r ki, piyada g\u0259zm\u0259k m\u00fcmk\u00fcn deyil. K\u0259nd sakinl\u0259ri deyir ki, b\u00fcdc\u0259d\u0259n bunun \u00fc\u00e7\u00fcn pul da ayr\u0131l\u0131b. Ortada i\u015f, m\u00fcsb\u0259t n\u0259tic\u0259 yoxdur.\n<\/p>\n<p>\n  K\u0259nd sakini Rahib \u018fliyev v\u0259 daha bir ne\u00e7\u0259 n\u0259f\u0259r k\u0259ndin yollar\u0131yla \u0259laq\u0259dar m\u00fcxt\u0259lif d\u00f6vl\u0259t orqanlar\u0131na \u015fikay\u0259t edibl\u0259r. \u018fsas k\u00fc\u00e7\u0259y\u0259 az-\u00e7ox \u0259l g\u0259zdirils\u0259 d\u0259, ara k\u00fc\u00e7\u0259l\u0259r g\u00f6rk\u0259mini d\u0259yi\u015fm\u0259yib.\n<\/p>\n<p>\n  K\u0259nd camaat\u0131n\u0131n \u00fcmidi daha \u00e7ox \u0259kin\u00e7iliy\u0259dir. Amma ortaya \u00e7\u0131xan maddi, sosial probleml\u0259r\u0259 g\u00f6r\u0259 \u0259kin-bi\u00e7inl\u0259 m\u0259\u015f\u011ful olma\u011fa \u00e7\u0259tinlik \u00e7\u0259kirl\u0259r.\n<\/p>\n<p>\n  \u201cOnsuz da q\u0131\u015fd\u0131r, qay\u011f\u0131lar h\u0259ddind\u0259n art\u0131q \u00e7oxal\u0131b. Evl\u0259ri q\u0131zd\u0131rmaq olmur\u201d. Bunu k\u0259ndd\u0259 az qala ham\u0131dan e\u015fitm\u0259k m\u00fcmk\u00fcnd\u00fcr. Qaz\u0131n t\u0259zyiq \u00e7ox a\u015fa\u011f\u0131 d\u00fc\u015f\u00fcb. X\u00fcsusil\u0259 yanvarda v\u0259ziyy\u0259t q\u0259lizl\u0259\u015fib: \u201cQaz var, amma t\u0259zyiq o q\u0259d\u0259r a\u015fa\u011f\u0131d\u0131r ki&#8230; Bir \u00e7aydan ne\u00e7\u0259 saata qaynay\u0131r. T\u0259zyiq a\u015fa\u011f\u0131 oldu\u011fundan hamam\u0131 da yand\u0131rmaq olmur. Evl\u0259rd\u0259 d\u0259 k\u00f6rp\u0259 var, u\u015faq var&#8230;\u201d\n<\/p>\n<figure class=\"wp-block-image size-large\">\n  <img decoding=\"async\" src=\"https:\/\/www.meydan.tv\/az\/image_from_ios-7-jpg-42\/\" alt=\"image_from_ios (7).jpg\" class=\"wp-image-136650\"\/><figcaption>\n    Rahib \u018fliyev<br \/>\n  <\/figcaption><\/figure>\n<p>\n  K\u0259nd sakini \u018fzizbik\u0259 Qarayeva is\u0259 dan\u0131\u015f\u0131r ki, onun evind\u0259 \u00fcmumiyy\u0259tl\u0259, qaz yoxdur. Q\u0131z\u0131 v\u0259 n\u0259v\u0259si il\u0259 birlikd\u0259 ya\u015fayan qad\u0131n \u00e7ox \u0259ziyy\u0259t \u00e7\u0259kdikl\u0259rini deyir. N\u0259v\u0259sinin 8 ya\u015f\u0131 var: \u201cBumbuz otaqda yat\u0131b-dururuq\u201d.\n<\/p>\n<p>\n  Qaz \u00e7\u0259kil\u0259nd\u0259 \u018fzizbik\u0259 Qarayevan\u0131n indi ya\u015fad\u0131\u011f\u0131 ev olmay\u0131b. \u0130ndi qaz x\u0259tti evin 50 metrliyind\u0259n ke\u00e7ir. Amma \u0259sas borudan evin\u0259 qaz \u00e7\u0259kdir\u0259 bilmir: \u201cM\u0259nim evim\u0259 qaz \u00e7\u0259km\u0259k \u00fc\u00e7\u00fcn pul ist\u0259yirl\u0259r, 800 manat. M\u0259nim d\u0259 buna g\u00fcc\u00fcm \u00e7atm\u0131r. \u0130\u015f yoxdur ki, i\u015fl\u0259yim. Qazs\u0131z, istiliksiz ev olar?! Bir odun sobas\u0131 var, ham\u0131m\u0131z y\u0131\u011f\u0131\u015f\u0131r\u0131q onun ba\u015f\u0131na. Odunu da tap\u0131b \u00e7atd\u0131rmaq olmur ax\u0131&#8230;\u201d\n<\/p>\n<p>\n  Sabirabad Rayon \u0130cra Hakimiyy\u0259tind\u0259n deyirl\u0259r ki, X\u0259lf\u0259li k\u0259ndinin yollar\u0131 il\u0259 ba\u011fl\u0131 probleml\u0259rd\u0259n x\u0259b\u0259rdard\u0131lar v\u0259 h\u0259lli n\u0259z\u0259rd\u0259 tutulub:\n<\/p>\n<p>\n  \u201cV\u0259t\u0259nda\u015flar hans\u0131 probleml\u0259 \u00fcz tutursa, onun h\u0259llin\u0259 \u00e7al\u0131\u015f\u0131r\u0131q. \u0130cra hakimiyy\u0259ti yol, qaz \u00e7\u0259kmir, ancaq \u015fikay\u0259t olduqda \u0259laq\u0259dar qurumlara \u00e7atd\u0131r\u0131l\u0131r v\u0259 problemin h\u0259llin\u0259 \u00e7al\u0131\u015f\u0131l\u0131r\u201d.\n<\/p>\n<p>\n  \u201cAz\u0259riqaz\u201d \u0130stehsalat Birliyind\u0259n m\u0259s\u0259l\u0259y\u0259 m\u00fcnasib\u0259t \u00f6yr\u0259nm\u0259k m\u00fcmk\u00fcn olmay\u0131b.\n<\/p>\n<figure class=\"wp-block-image size-large\">\n  <img decoding=\"async\" src=\"https:\/\/www.meydan.tv\/az\/image_from_ios-4-jpg-103\/\" alt=\"image_from_ios (4).jpg\" class=\"wp-image-136656\"\/><figcaption>\n    &#8220;\u0130ndi qaz x\u0259tti evin 50 metrliyind\u0259n ke\u00e7ir&#8221;<br \/>\n  <\/figcaption><\/figure>\n<figure class=\"wp-block-image size-large\">\n  <img decoding=\"async\" src=\"https:\/\/www.meydan.tv\/az\/image_from_ios-8-jpg-31\/\" alt=\"image_from_ios (8).jpg\" class=\"wp-image-136659\"\/><figcaption>\n    K\u0259nd sakini \u018fzizbik\u0259 Qarayeva is\u0259 dan\u0131\u015f\u0131r ki, onun evind\u0259 \u00fcmumiyy\u0259tl\u0259, qaz yoxdur.<br \/>\n  <\/figcaption><\/figure>\n","protected":false},"excerpt":{"rendered":"<p>&#8220;\u201cM\u0259nim evim\u0259 qaz \u00e7\u0259km\u0259k \u00fc\u00e7\u00fcn pul ist\u0259yirl\u0259r, 800 manat&#8221;<\/p>\n","protected":false},"author":11,"featured_media":136644,"comment_status":"closed","ping_status":"open","sticky":false,"template":"","format":"standard","meta":{"_acf_changed":false,"_sitemap_exclude":false,"_sitemap_priority":"","_sitemap_frequency":"","footnotes":""},"categories":[60],"tags":[],"class_list":["post-199014","post","type-post","status-publish","format-standard","has-post-thumbnail","hentry","category-bolge","infinite-scroll-item","generate-columns","tablet-grid-50","mobile-grid-100","grid-parent","grid-33","no-featured-image-padding"],"acf":[],"yoast_head":"<!-- This site is optimized with the Yoast SEO plugin v27.5 - https:\/\/yoast.com\/product\/yoast-seo-wordpress\/ -->\n<title>Probleml\u0259r m\u0259ng\u0259n\u0259sind\u0259 olan k\u0259nd: qrunt sular\u0131, qaz, yol... - MEYDAN.TV<\/title>\n<meta name=\"robots\" content=\"index, follow, max-snippet:-1, max-image-preview:large, max-video-preview:-1\" \/>\n<link rel=\"canonical\" href=\"https:\/\/www.meydan.tv\/az\/article\/problemler-mengenesinde-olan-kend-qrunt-sulari-qaz-yol\/\" \/>\n<meta property=\"og:locale\" content=\"az_AZ\" \/>\n<meta property=\"og:type\" content=\"article\" \/>\n<meta property=\"og:title\" content=\"Probleml\u0259r m\u0259ng\u0259n\u0259sind\u0259 olan k\u0259nd: qrunt sular\u0131, qaz, yol... - MEYDAN.TV\" \/>\n<meta property=\"og:description\" content=\"&quot;\u201cM\u0259nim evim\u0259 qaz \u00e7\u0259km\u0259k \u00fc\u00e7\u00fcn pul ist\u0259yirl\u0259r, 800 manat&quot;\" \/>\n<meta property=\"og:url\" content=\"https:\/\/www.meydan.tv\/az\/article\/problemler-mengenesinde-olan-kend-qrunt-sulari-qaz-yol\/\" \/>\n<meta property=\"og:site_name\" content=\"MEYDAN.TV\" \/>\n<meta property=\"article:published_time\" content=\"2020-01-30T10:34:06+00:00\" \/>\n<meta property=\"og:image\" content=\"https:\/\/www.meydan.tv\/wp-content\/uploads\/image_from_ios_3_fs7t23o-rotated.jpg\" \/>\n\t<meta property=\"og:image:width\" content=\"1032\" \/>\n\t<meta property=\"og:image:height\" content=\"774\" \/>\n\t<meta property=\"og:image:type\" content=\"image\/jpeg\" \/>\n<meta name=\"author\" content=\"user-manager\" \/>\n<meta name=\"twitter:card\" content=\"summary_large_image\" \/>\n<script type=\"application\/ld+json\" class=\"yoast-schema-graph\">{\"@context\":\"https:\\\/\\\/schema.org\",\"@graph\":[{\"@type\":\"Article\",\"@id\":\"https:\\\/\\\/www.meydan.tv\\\/az\\\/article\\\/problemler-mengenesinde-olan-kend-qrunt-sulari-qaz-yol\\\/#article\",\"isPartOf\":{\"@id\":\"https:\\\/\\\/www.meydan.tv\\\/az\\\/article\\\/problemler-mengenesinde-olan-kend-qrunt-sulari-qaz-yol\\\/\"},\"author\":{\"name\":\"user-manager\",\"@id\":\"https:\\\/\\\/www.meydan.tv\\\/az\\\/#\\\/schema\\\/person\\\/10d11eccf6da3662cf5fdab9806ea91a\"},\"headline\":\"Probleml\u0259r m\u0259ng\u0259n\u0259sind\u0259 olan k\u0259nd: qrunt sular\u0131, qaz, yol&#8230;\",\"datePublished\":\"2020-01-30T10:34:06+00:00\",\"mainEntityOfPage\":{\"@id\":\"https:\\\/\\\/www.meydan.tv\\\/az\\\/article\\\/problemler-mengenesinde-olan-kend-qrunt-sulari-qaz-yol\\\/\"},\"wordCount\":867,\"publisher\":{\"@id\":\"https:\\\/\\\/www.meydan.tv\\\/az\\\/#organization\"},\"image\":{\"@id\":\"https:\\\/\\\/www.meydan.tv\\\/az\\\/article\\\/problemler-mengenesinde-olan-kend-qrunt-sulari-qaz-yol\\\/#primaryimage\"},\"thumbnailUrl\":\"https:\\\/\\\/www.meydan.tv\\\/wp-content\\\/uploads\\\/image_from_ios_3_fs7t23o-rotated.jpg\",\"articleSection\":[\"B\u00f6lg\u0259\"],\"inLanguage\":\"az\"},{\"@type\":\"WebPage\",\"@id\":\"https:\\\/\\\/www.meydan.tv\\\/az\\\/article\\\/problemler-mengenesinde-olan-kend-qrunt-sulari-qaz-yol\\\/\",\"url\":\"https:\\\/\\\/www.meydan.tv\\\/az\\\/article\\\/problemler-mengenesinde-olan-kend-qrunt-sulari-qaz-yol\\\/\",\"name\":\"Probleml\u0259r m\u0259ng\u0259n\u0259sind\u0259 olan k\u0259nd: qrunt sular\u0131, qaz, yol... - MEYDAN.TV\",\"isPartOf\":{\"@id\":\"https:\\\/\\\/www.meydan.tv\\\/az\\\/#website\"},\"primaryImageOfPage\":{\"@id\":\"https:\\\/\\\/www.meydan.tv\\\/az\\\/article\\\/problemler-mengenesinde-olan-kend-qrunt-sulari-qaz-yol\\\/#primaryimage\"},\"image\":{\"@id\":\"https:\\\/\\\/www.meydan.tv\\\/az\\\/article\\\/problemler-mengenesinde-olan-kend-qrunt-sulari-qaz-yol\\\/#primaryimage\"},\"thumbnailUrl\":\"https:\\\/\\\/www.meydan.tv\\\/wp-content\\\/uploads\\\/image_from_ios_3_fs7t23o-rotated.jpg\",\"datePublished\":\"2020-01-30T10:34:06+00:00\",\"breadcrumb\":{\"@id\":\"https:\\\/\\\/www.meydan.tv\\\/az\\\/article\\\/problemler-mengenesinde-olan-kend-qrunt-sulari-qaz-yol\\\/#breadcrumb\"},\"inLanguage\":\"az\",\"potentialAction\":[{\"@type\":\"ReadAction\",\"target\":[\"https:\\\/\\\/www.meydan.tv\\\/az\\\/article\\\/problemler-mengenesinde-olan-kend-qrunt-sulari-qaz-yol\\\/\"]}]},{\"@type\":\"ImageObject\",\"inLanguage\":\"az\",\"@id\":\"https:\\\/\\\/www.meydan.tv\\\/az\\\/article\\\/problemler-mengenesinde-olan-kend-qrunt-sulari-qaz-yol\\\/#primaryimage\",\"url\":\"https:\\\/\\\/www.meydan.tv\\\/wp-content\\\/uploads\\\/image_from_ios_3_fs7t23o-rotated.jpg\",\"contentUrl\":\"https:\\\/\\\/www.meydan.tv\\\/wp-content\\\/uploads\\\/image_from_ios_3_fs7t23o-rotated.jpg\",\"width\":1032,\"height\":774,\"caption\":\"Source: Foto: Meydan TV\"},{\"@type\":\"BreadcrumbList\",\"@id\":\"https:\\\/\\\/www.meydan.tv\\\/az\\\/article\\\/problemler-mengenesinde-olan-kend-qrunt-sulari-qaz-yol\\\/#breadcrumb\",\"itemListElement\":[{\"@type\":\"ListItem\",\"position\":1,\"name\":\"Ana s\u0259hif\u0259\",\"item\":\"https:\\\/\\\/www.meydan.tv\\\/az\\\/\"},{\"@type\":\"ListItem\",\"position\":2,\"name\":\"B\u00f6lg\u0259\",\"item\":\"https:\\\/\\\/www.meydan.tv\\\/az\\\/section\\\/bolge\\\/\"},{\"@type\":\"ListItem\",\"position\":3,\"name\":\"Probleml\u0259r m\u0259ng\u0259n\u0259sind\u0259 olan k\u0259nd: qrunt sular\u0131, qaz, yol&#8230;\"}]},{\"@type\":\"WebSite\",\"@id\":\"https:\\\/\\\/www.meydan.tv\\\/az\\\/#website\",\"url\":\"https:\\\/\\\/www.meydan.tv\\\/az\\\/\",\"name\":\"MEYDAN.TV\",\"description\":\"Meydan TV Az\u0259rbaycan\u0131n media m\u0259kan\u0131ndak\u0131 alternativ s\u0259sidir\",\"publisher\":{\"@id\":\"https:\\\/\\\/www.meydan.tv\\\/az\\\/#organization\"},\"potentialAction\":[{\"@type\":\"SearchAction\",\"target\":{\"@type\":\"EntryPoint\",\"urlTemplate\":\"https:\\\/\\\/www.meydan.tv\\\/az\\\/?s={search_term_string}\"},\"query-input\":{\"@type\":\"PropertyValueSpecification\",\"valueRequired\":true,\"valueName\":\"search_term_string\"}}],\"inLanguage\":\"az\"},{\"@type\":\"Organization\",\"@id\":\"https:\\\/\\\/www.meydan.tv\\\/az\\\/#organization\",\"name\":\"Meydan TV\",\"url\":\"https:\\\/\\\/www.meydan.tv\\\/az\\\/\",\"logo\":{\"@type\":\"ImageObject\",\"inLanguage\":\"az\",\"@id\":\"https:\\\/\\\/www.meydan.tv\\\/az\\\/#\\\/schema\\\/logo\\\/image\\\/\",\"url\":\"https:\\\/\\\/www.meydan.tv\\\/wp-content\\\/uploads\\\/2021\\\/07\\\/meydan-logo.svg\",\"contentUrl\":\"https:\\\/\\\/www.meydan.tv\\\/wp-content\\\/uploads\\\/2021\\\/07\\\/meydan-logo.svg\",\"width\":195,\"height\":46,\"caption\":\"Meydan TV\"},\"image\":{\"@id\":\"https:\\\/\\\/www.meydan.tv\\\/az\\\/#\\\/schema\\\/logo\\\/image\\\/\"}},{\"@type\":\"Person\",\"@id\":\"https:\\\/\\\/www.meydan.tv\\\/az\\\/#\\\/schema\\\/person\\\/10d11eccf6da3662cf5fdab9806ea91a\",\"name\":\"user-manager\"}]}<\/script>\n<!-- \/ Yoast SEO plugin. -->","yoast_head_json":{"title":"Probleml\u0259r m\u0259ng\u0259n\u0259sind\u0259 olan k\u0259nd: qrunt sular\u0131, qaz, yol... - MEYDAN.TV","robots":{"index":"index","follow":"follow","max-snippet":"max-snippet:-1","max-image-preview":"max-image-preview:large","max-video-preview":"max-video-preview:-1"},"canonical":"https:\/\/www.meydan.tv\/az\/article\/problemler-mengenesinde-olan-kend-qrunt-sulari-qaz-yol\/","og_locale":"az_AZ","og_type":"article","og_title":"Probleml\u0259r m\u0259ng\u0259n\u0259sind\u0259 olan k\u0259nd: qrunt sular\u0131, qaz, yol... - MEYDAN.TV","og_description":"\"\u201cM\u0259nim evim\u0259 qaz \u00e7\u0259km\u0259k \u00fc\u00e7\u00fcn pul ist\u0259yirl\u0259r, 800 manat\"","og_url":"https:\/\/www.meydan.tv\/az\/article\/problemler-mengenesinde-olan-kend-qrunt-sulari-qaz-yol\/","og_site_name":"MEYDAN.TV","article_published_time":"2020-01-30T10:34:06+00:00","og_image":[{"width":1032,"height":774,"url":"https:\/\/www.meydan.tv\/wp-content\/uploads\/image_from_ios_3_fs7t23o-rotated.jpg","type":"image\/jpeg"}],"author":"user-manager","twitter_card":"summary_large_image","schema":{"@context":"https:\/\/schema.org","@graph":[{"@type":"Article","@id":"https:\/\/www.meydan.tv\/az\/article\/problemler-mengenesinde-olan-kend-qrunt-sulari-qaz-yol\/#article","isPartOf":{"@id":"https:\/\/www.meydan.tv\/az\/article\/problemler-mengenesinde-olan-kend-qrunt-sulari-qaz-yol\/"},"author":{"name":"user-manager","@id":"https:\/\/www.meydan.tv\/az\/#\/schema\/person\/10d11eccf6da3662cf5fdab9806ea91a"},"headline":"Probleml\u0259r m\u0259ng\u0259n\u0259sind\u0259 olan k\u0259nd: qrunt sular\u0131, qaz, yol&#8230;","datePublished":"2020-01-30T10:34:06+00:00","mainEntityOfPage":{"@id":"https:\/\/www.meydan.tv\/az\/article\/problemler-mengenesinde-olan-kend-qrunt-sulari-qaz-yol\/"},"wordCount":867,"publisher":{"@id":"https:\/\/www.meydan.tv\/az\/#organization"},"image":{"@id":"https:\/\/www.meydan.tv\/az\/article\/problemler-mengenesinde-olan-kend-qrunt-sulari-qaz-yol\/#primaryimage"},"thumbnailUrl":"https:\/\/www.meydan.tv\/wp-content\/uploads\/image_from_ios_3_fs7t23o-rotated.jpg","articleSection":["B\u00f6lg\u0259"],"inLanguage":"az"},{"@type":"WebPage","@id":"https:\/\/www.meydan.tv\/az\/article\/problemler-mengenesinde-olan-kend-qrunt-sulari-qaz-yol\/","url":"https:\/\/www.meydan.tv\/az\/article\/problemler-mengenesinde-olan-kend-qrunt-sulari-qaz-yol\/","name":"Probleml\u0259r m\u0259ng\u0259n\u0259sind\u0259 olan k\u0259nd: qrunt sular\u0131, qaz, yol... - MEYDAN.TV","isPartOf":{"@id":"https:\/\/www.meydan.tv\/az\/#website"},"primaryImageOfPage":{"@id":"https:\/\/www.meydan.tv\/az\/article\/problemler-mengenesinde-olan-kend-qrunt-sulari-qaz-yol\/#primaryimage"},"image":{"@id":"https:\/\/www.meydan.tv\/az\/article\/problemler-mengenesinde-olan-kend-qrunt-sulari-qaz-yol\/#primaryimage"},"thumbnailUrl":"https:\/\/www.meydan.tv\/wp-content\/uploads\/image_from_ios_3_fs7t23o-rotated.jpg","datePublished":"2020-01-30T10:34:06+00:00","breadcrumb":{"@id":"https:\/\/www.meydan.tv\/az\/article\/problemler-mengenesinde-olan-kend-qrunt-sulari-qaz-yol\/#breadcrumb"},"inLanguage":"az","potentialAction":[{"@type":"ReadAction","target":["https:\/\/www.meydan.tv\/az\/article\/problemler-mengenesinde-olan-kend-qrunt-sulari-qaz-yol\/"]}]},{"@type":"ImageObject","inLanguage":"az","@id":"https:\/\/www.meydan.tv\/az\/article\/problemler-mengenesinde-olan-kend-qrunt-sulari-qaz-yol\/#primaryimage","url":"https:\/\/www.meydan.tv\/wp-content\/uploads\/image_from_ios_3_fs7t23o-rotated.jpg","contentUrl":"https:\/\/www.meydan.tv\/wp-content\/uploads\/image_from_ios_3_fs7t23o-rotated.jpg","width":1032,"height":774,"caption":"Source: Foto: Meydan TV"},{"@type":"BreadcrumbList","@id":"https:\/\/www.meydan.tv\/az\/article\/problemler-mengenesinde-olan-kend-qrunt-sulari-qaz-yol\/#breadcrumb","itemListElement":[{"@type":"ListItem","position":1,"name":"Ana s\u0259hif\u0259","item":"https:\/\/www.meydan.tv\/az\/"},{"@type":"ListItem","position":2,"name":"B\u00f6lg\u0259","item":"https:\/\/www.meydan.tv\/az\/section\/bolge\/"},{"@type":"ListItem","position":3,"name":"Probleml\u0259r m\u0259ng\u0259n\u0259sind\u0259 olan k\u0259nd: qrunt sular\u0131, qaz, yol&#8230;"}]},{"@type":"WebSite","@id":"https:\/\/www.meydan.tv\/az\/#website","url":"https:\/\/www.meydan.tv\/az\/","name":"MEYDAN.TV","description":"Meydan TV Az\u0259rbaycan\u0131n media m\u0259kan\u0131ndak\u0131 alternativ s\u0259sidir","publisher":{"@id":"https:\/\/www.meydan.tv\/az\/#organization"},"potentialAction":[{"@type":"SearchAction","target":{"@type":"EntryPoint","urlTemplate":"https:\/\/www.meydan.tv\/az\/?s={search_term_string}"},"query-input":{"@type":"PropertyValueSpecification","valueRequired":true,"valueName":"search_term_string"}}],"inLanguage":"az"},{"@type":"Organization","@id":"https:\/\/www.meydan.tv\/az\/#organization","name":"Meydan TV","url":"https:\/\/www.meydan.tv\/az\/","logo":{"@type":"ImageObject","inLanguage":"az","@id":"https:\/\/www.meydan.tv\/az\/#\/schema\/logo\/image\/","url":"https:\/\/www.meydan.tv\/wp-content\/uploads\/2021\/07\/meydan-logo.svg","contentUrl":"https:\/\/www.meydan.tv\/wp-content\/uploads\/2021\/07\/meydan-logo.svg","width":195,"height":46,"caption":"Meydan TV"},"image":{"@id":"https:\/\/www.meydan.tv\/az\/#\/schema\/logo\/image\/"}},{"@type":"Person","@id":"https:\/\/www.meydan.tv\/az\/#\/schema\/person\/10d11eccf6da3662cf5fdab9806ea91a","name":"user-manager"}]}},"_links":{"self":[{"href":"https:\/\/www.meydan.tv\/az\/wp-json\/wp\/v2\/posts\/199014","targetHints":{"allow":["GET"]}}],"collection":[{"href":"https:\/\/www.meydan.tv\/az\/wp-json\/wp\/v2\/posts"}],"about":[{"href":"https:\/\/www.meydan.tv\/az\/wp-json\/wp\/v2\/types\/post"}],"author":[{"embeddable":true,"href":"https:\/\/www.meydan.tv\/az\/wp-json\/wp\/v2\/users\/11"}],"replies":[{"embeddable":true,"href":"https:\/\/www.meydan.tv\/az\/wp-json\/wp\/v2\/comments?post=199014"}],"version-history":[{"count":0,"href":"https:\/\/www.meydan.tv\/az\/wp-json\/wp\/v2\/posts\/199014\/revisions"}],"wp:featuredmedia":[{"embeddable":true,"href":"https:\/\/www.meydan.tv\/az\/wp-json\/wp\/v2\/media\/136644"}],"wp:attachment":[{"href":"https:\/\/www.meydan.tv\/az\/wp-json\/wp\/v2\/media?parent=199014"}],"wp:term":[{"taxonomy":"category","embeddable":true,"href":"https:\/\/www.meydan.tv\/az\/wp-json\/wp\/v2\/categories?post=199014"},{"taxonomy":"post_tag","embeddable":true,"href":"https:\/\/www.meydan.tv\/az\/wp-json\/wp\/v2\/tags?post=199014"}],"curies":[{"name":"wp","href":"https:\/\/api.w.org\/{rel}","templated":true}]}}