{"id":198996,"date":"2020-01-29T13:35:42","date_gmt":"2020-01-29T13:35:42","guid":{"rendered":"https:\/\/www.meydan.tv\/article\/yap-uzvu-illerdir-tapa-ailemi-dolandira-bilmirem\/"},"modified":"2020-01-29T13:35:42","modified_gmt":"2020-01-29T13:35:42","slug":"yap-uzvu-illerdir-tapa-ailemi-dolandira-bilmirem","status":"publish","type":"post","link":"https:\/\/www.meydan.tv\/az\/article\/yap-uzvu-illerdir-tapa-ailemi-dolandira-bilmirem\/","title":{"rendered":"YAP \u00fczv\u00fc: \u0130ll\u0259rdir i\u015f tapa, ail\u0259mi doland\u0131ra bilmir\u0259m"},"content":{"rendered":"<p>\n  <i><br \/>\n    Astaran\u0131n Siyaku k\u0259ndind\u0259n olan Hakim \u015eabanov dolan\u0131\u015f\u0131q \u00fc\u00e7\u00fcn k\u0259ndd\u0259n \u00e7\u0131x\u0131b paytaxta \u00fcz tutsa da, n\u0259 i\u015f tapa bilir, n\u0259 \u00e7\u00f6r\u0259k&#8230;<br \/>\n  <\/i>\n<\/p>\n<p>\n  \u201cO g\u00fcn \u015e\u0259hidl\u0259r Xiyaban\u0131na getdim. D\u00fc\u015f\u00fcnd\u00fcm ki, b\u0259lk\u0259 orda Prezident\u0259, ya da Birinci vitse-prezident\u0259 yax\u0131nla\u015f\u0131b d\u0259rdimi dey\u0259 bil\u0259r\u0259m, yen\u0259 al\u0131nmad\u0131&#8230; \u00d6z\u00fcm YAP \u00fczv\u00fcy\u0259m, ill\u0259rdir ki, d\u0259rdimi dem\u0259y\u0259 bir qap\u0131, bir m\u0259mur tapm\u0131ram. He\u00e7 k\u0259s dinl\u0259m\u0259k ist\u0259mir. D\u0259rdim d\u0259 odur ki, balalar\u0131m acd\u0131r, qald\u0131\u011f\u0131m evin kiray\u0259sini ver\u0259 bilmir\u0259m. D\u00f6vl\u0259td\u0259n he\u00e7 bir sosial d\u0259st\u0259k g\u00f6rm\u00fcr\u00fck, ill\u0259rdir ki, normal maa\u015f\u0131 olan i\u015f axtar\u0131ram, hans\u0131 qap\u0131n\u0131 d\u00f6y\u00fcr\u0259ms\u0259, ham\u0131 deyir, i\u015f var, maa\u015f yoxdur. Ya da el\u0259 maa\u015f t\u0259klif edirl\u0259r ki, he\u00e7 kiray\u0259puluna \u00e7atm\u0131r\u201d.\n<\/p>\n<p>\n  <b><br \/>\n    \u201cQap\u0131 d\u00f6y\u00fcl\u0259nd\u0259 el\u0259 bilirik bizi \u00e7\u00f6l\u0259 atma\u011fa g\u0259libl\u0259r\u201d<br \/>\n  <\/b>\n<\/p>\n<p>\n  Hakim \u015eabanov Astaran\u0131n Siyaku k\u0259ndind\u0259ndir. Meydan TV-y\u0259 dan\u0131\u015fir ki, k\u0259ndd\u0259, rayonda i\u015fsizlik oldu\u011funa g\u00f6r\u0259 bir ne\u00e7\u0259 il \u0259vv\u0259l ail\u0259sini d\u0259 g\u00f6t\u00fcr\u00fcb Bak\u0131ya k\u00f6\u00e7\u00fcb. Bin\u0259q\u0259did\u0259 1 otaql\u0131 m\u0259nzild\u0259 kiray\u0259d\u0259 ya\u015fay\u0131r. Ancaq onun sosial durumunu he\u00e7 paytaxt da d\u00fcz\u0259ld\u0259 bilm\u0259yib:\n<\/p>\n<p>\n  \u201cK\u0259ndd\u0259 torpa\u011f\u0131m, evim yoxdur, paytaxta g\u0259ldim ki, b\u0259lk\u0259 burda i\u015f taparam, onun-bunun qap\u0131s\u0131nda f\u0259hl\u0259lik edir\u0259m. Qazand\u0131\u011f\u0131m q\u0259pik-quru\u015fla ondan-bundan ev kiray\u0259sin\u0259, dolan\u0131\u015f\u0131\u011fa g\u00f6r\u0259 ald\u0131\u011f\u0131m borclar\u0131 \u00f6d\u0259m\u0259y\u0259 \u00e7al\u0131\u015f\u0131ram. 3 ayd\u0131r ki, evin kiray\u0259sini \u00f6d\u0259y\u0259 bilmir\u0259m, qap\u0131 d\u00f6y\u00fcl\u0259nd\u0259 el\u0259 bilir\u0259m ev sahibidir, indic\u0259 bizi \u00e7\u00f6l\u0259 atma\u011fa g\u0259lib\u201d.\n<\/p>\n<p>\n  <b><br \/>\n    \u201cAzya\u015fl\u0131 \u00f6vladlar\u0131m\u0131n ikisi d\u0259 x\u0259st\u0259dir\u201d<br \/>\n  <\/b>\n<\/p>\n<p>\n  \u015eabanovlar ail\u0259si 4 n\u0259f\u0259rd\u0259n ibar\u0259tdir. Hakim \u015eabanov deyir, vaxtil\u0259 h\u0259rbi xidm\u0259td\u0259 a\u011f\u0131r i\u015fl\u0259rl\u0259 m\u0259\u015f\u011ful oldu\u011funa g\u00f6r\u0259 s\u0259hh\u0259tind\u0259 probleml\u0259r yaran\u0131b, el\u0259 h\u0259rbi xidm\u0259td\u0259 olark\u0259n c\u0259rrahiyy\u0259 \u0259m\u0259liyyat\u0131 ke\u00e7irib. Bir g\u00f6z\u00fc g\u00f6rm\u00fcr. \u00d6vladlar\u0131 da x\u0259st\u0259dir:\n<\/p>\n<p>\n  \u201cO\u011flumun 13, q\u0131z\u0131m\u0131n 6 ya\u015f\u0131 var. O\u011flum f\u0259rdi t\u0259hsil al\u0131r. Uzun m\u00fcdd\u0259t x\u0259st\u0259 oldu\u011funa g\u00f6r\u0259 m\u0259kt\u0259b\u0259 ged\u0259 bilm\u0259di, ona g\u00f6r\u0259 d\u0259 sonradan f\u0259rdi t\u0259hsil almal\u0131 oldu. Q\u0131z\u0131m\u0131n g\u00f6z\u00fc \u00e7\u0259pdir, maddi imkan\u0131m yoxdur ki, g\u00f6z\u00fcn\u00fc \u0259m\u0259liyyat etdirim. \u00dcst\u0259lik d\u0259 q\u0131colmalar\u0131 var. U\u015faqlar\u0131m\u0131 m\u00fcalic\u0259 etdir\u0259 bilmir\u0259m. U\u015faqlar\u0131n x\u0259st\u0259liyin\u0259 g\u00f6r\u0259 h\u0259yat yolda\u015f\u0131m da i\u015f\u0259 ged\u0259 bilmir. Birotaql\u0131 m\u0259nzil kiray\u0259l\u0259mi\u015fik, d\u00f6rd\u00fcm\u00fcz d\u0259 eyni otaqda yeyirik, soyunub-geyinirik, yat\u0131b-dururuq. Kiray\u0259haqq\u0131 200 manatd\u0131r, onu da aylard\u0131r ki, \u00f6d\u0259y\u0259 bilmir\u0259m\u201d.\n<\/p>\n<p>\n  Hakim \u015eabanov \u00fczv\u00fc oldu\u011fu Yeni Az\u0259rbaycan Partiyas\u0131na, Prezident Administrasiyas\u0131na, Heyd\u0259r \u018fliyev Fonduna, \u018fm\u0259k v\u0259 \u018fhalinin Sosial M\u00fcdafi\u0259si Nazirliyin\u0259 v\u0259 m\u00fcxt\u0259lif qurumlara m\u00fcraci\u0259t edib.\n<\/p>\n<p>\n  <b><br \/>\n    \u201c\u0130\u015f versinl\u0259r, ba\u015f\u0131m\u0131n \u00e7ar\u0259sin\u0259 bax\u0131m\u201d<br \/>\n  <\/b>\n<\/p>\n<p>\n  \u201cOnlardan ist\u0259diyim t\u0259k bir \u015fey var, o da i\u015fdir. M\u0259n\u0259 normal maa\u015f\u0131 olan i\u015f versinl\u0259r, ba\u015f\u0131m\u0131n \u00e7ar\u0259sin\u0259 bax\u0131m. Yazmad\u0131\u011f\u0131m, getm\u0259diyim qurum qalmay\u0131b. B\u00fct\u00fcn bunlar\u0131n qar\u015f\u0131l\u0131\u011f\u0131nda bu yax\u0131nlarda m\u0259n\u0259 \u201cDOST\u201d M\u0259rk\u0259zind\u0259n z\u0259ng vurdular, guya bunlar i\u015fsizl\u0259ri i\u015f\u0259 d\u00fcz\u0259ldirl\u0259r, 265 manat m\u0259vacibl\u0259 f\u0259hl\u0259lik i\u015fi t\u0259klif etdil\u0259r, dedim, m\u0259n s\u0259h\u0259rd\u0259n ax\u015fama kimi f\u0259hl\u0259lik edib alaca\u011f\u0131m 265 manat\u0131n 200 manat\u0131n\u0131 ev kiray\u0259sin\u0259 \u00f6d\u0259y\u0259c\u0259m, bir hiss\u0259sini d\u0259 yolpulu&#8230; B\u0259s ail\u0259m\u0259 da\u015f-q\u0259mb\u0259r yedirdim? S\u0259h\u0259rd\u0259n ax\u015famacan f\u0259hl\u0259lik el\u0259, ay\u0131n sonunda da 265 manat maa\u015f al. 265 manat maa\u015f olar?\u201d- \u015fikay\u0259t\u00e7i deyir.\n<\/p>\n<p>\n  Hakim \u015eabanov son \u00fcmidini Prezident\u0259 ba\u011flay\u0131b. O, 20 yanvar \u015f\u0259hidl\u0259rinin an\u0131m g\u00fcn\u00fc \u015e\u0259hidl\u0259r Xiyaban\u0131na gedib ki, \u00f6lk\u0259 ba\u015f\u00e7\u0131s\u0131na yax\u0131nla\u015f\u0131b ona sosial probleml\u0259rind\u0259n dan\u0131\u015fs\u0131n. O da ba\u015f tutmay\u0131b:\n<\/p>\n<p>\n  \u201c\u0130st\u0259yirdim Prezident\u0259 deyim ki, m\u0259murlar xalq\u0131 yax\u0131n buraxm\u0131r, xalq\u0131 dinl\u0259mir. He\u00e7 bir m\u0259muru maraqland\u0131rm\u0131r ki, g\u00f6r\u0259s\u0259n qap\u0131n\u0131n arxas\u0131nda g\u00f6zl\u0259y\u0259n v\u0259t\u0259nda\u015f\u0131n d\u0259rdi n\u0259dir, n\u0259 ist\u0259yir, niy\u0259 aylarla bura g\u0259lib-gedir. Prezident\u0259 yax\u0131n d\u00fc\u015f\u0259 bilm\u0259dim ki, bunlar\u0131 dey\u0259m\u201d.\n<\/p>\n<p>\n  <b><br \/>\n    Regionlarda haz\u0131rk\u0131 sosial layih\u0259l\u0259r \u00f6z\u00fcn\u00fc do\u011frultmur<br \/>\n  <\/b>\n<\/p>\n<p>\n  Astara Rayon \u0130cra Hakimiyy\u0259tind\u0259n bildirilib ki, Hakim \u015eabanovun Prezident Administrasiyas\u0131na yazd\u0131\u011f\u0131 m\u0259ktublar ara\u015fd\u0131r\u0131lmas\u0131 \u00fc\u00e7\u00fcn icra hakimiyy\u0259tin\u0259 g\u00f6nd\u0259rilib. Qurumdan v\u0259t\u0259nda\u015fla \u0259laq\u0259 saxlayaraq rayonda i\u015fl\u0259 t\u0259min olunaca\u011f\u0131 v\u0259d olunub v\u0259 rayona qay\u0131tmas\u0131 t\u00f6vsiy\u0259 edilib, ancaq v\u0259t\u0259nda\u015f imtina edib. Hakim \u015eabanov deyir, h\u0259qiq\u0259t\u0259n d\u0259 Astara Rayon \u0130cra Hakimiyy\u0259tind\u0259n ona z\u0259ng vuraraq rayona qay\u0131tmas\u0131n\u0131 ist\u0259yibl\u0259r:\n<\/p>\n<p>\n  \u201cAncaq m\u0259n\u0259 i\u015f v\u0259d olunmay\u0131b. M\u0259n onlardan soru\u015fmu\u015fam ki, torpaqla, i\u015fl\u0259 t\u0259min olunaca\u011famm\u0131? Susublar&#8230; Bu da \u201cyox\u201d anlam\u0131na g\u0259lir. M\u0259n iki azya\u015fl\u0131, x\u0259st\u0259 u\u015faqla qay\u0131d\u0131b k\u0259ndd\u0259 neyl\u0259yim? Dediyim kimi, bir par\u00e7a torpa\u011f\u0131m yoxdur ki, \u0259kim, meyv\u0259sini, t\u0259r\u0259v\u0259zini u\u015fa\u011fa yedirdim, evim yoxdur ki, qap\u0131m\u0131 \u00e7\u0259kim, oturum i\u00e7ind\u0259, balalar\u0131m\u0131 b\u00f6y\u00fcd\u00fcm. Tutaq ki, qay\u0131t\u0131m ora, sonra nec\u0259 ya\u015fay\u0131m? M\u0259nim k\u0259ndd\u0259 ya\u015fama\u011fa yerim, \u0259km\u0259y\u0259 torpa\u011f\u0131m olsayd\u0131, Bak\u0131da n\u0259 i\u015fim vard\u0131? G\u0259lib burda onun-bunun \u0259linin alt\u0131nda 3-4 manata f\u0259hl\u0259lik ed\u0259rdimmi?\u201d\n<\/p>\n<p>\n  \u0130qtisad\u00e7\u0131 Az\u0259r Mehtiyev deyir, v\u0259t\u0259nda\u015flar\u0131n regionlardan paytaxta \u00fcz tutmas\u0131 ilk n\u00f6vb\u0259d\u0259 onlar\u0131n sosial durumu, i\u015fsizliyi il\u0259 ba\u011fl\u0131d\u0131r. H\u00f6kum\u0259t bu problemin qar\u015f\u0131s\u0131n\u0131 yaln\u0131z u\u011furlu sosial layih\u0259l\u0259rl\u0259 ala bil\u0259r. \u0130ndiy\u0259d\u0259k problemin qar\u015f\u0131s\u0131n\u0131n al\u0131nmamas\u0131n\u0131n ilk s\u0259b\u0259bi d\u0259 h\u0259yata ke\u00e7iril\u0259n sosial layih\u0259l\u0259rin \u00f6z\u00fcn\u00fc do\u011frultmamas\u0131 v\u0259 korrupsiya hallar\u0131d\u0131r.\n<\/p>\n<p>\n  Haz\u0131rda h\u00f6kum\u0259t \u0259sas\u0259n regionlarda i\u015fsizliyin qar\u015f\u0131s\u0131n\u0131 almaq \u00fc\u00e7\u00fcn \u00f6z\u00fcn\u0259m\u0259\u015f\u011fulluq v\u0259 \u201cDOST\u201d layih\u0259l\u0259ri h\u0259yata ke\u00e7irir. Bu layih\u0259l\u0259r\u0259 c\u0259lb olunan \u0259hali is\u0259 layih\u0259l\u0259rin icra prosesind\u0259n naraz\u0131d\u0131r.<\/p>\n","protected":false},"excerpt":{"rendered":"<p>&#8220;U\u015faqlar\u0131m\u0131 m\u00fcalic\u0259 etdir\u0259 bilmir\u0259m&#8221;<\/p>\n","protected":false},"author":11,"featured_media":136610,"comment_status":"closed","ping_status":"open","sticky":false,"template":"","format":"standard","meta":{"_acf_changed":false,"_sitemap_exclude":false,"_sitemap_priority":"","_sitemap_frequency":"","footnotes":""},"categories":[60],"tags":[],"class_list":["post-198996","post","type-post","status-publish","format-standard","has-post-thumbnail","hentry","category-bolge","infinite-scroll-item","generate-columns","tablet-grid-50","mobile-grid-100","grid-parent","grid-33","no-featured-image-padding"],"acf":[],"yoast_head":"<!-- This site is optimized with the Yoast SEO plugin v27.5 - https:\/\/yoast.com\/product\/yoast-seo-wordpress\/ -->\n<title>YAP \u00fczv\u00fc: \u0130ll\u0259rdir i\u015f tapa, ail\u0259mi doland\u0131ra bilmir\u0259m - MEYDAN.TV<\/title>\n<meta name=\"robots\" content=\"index, follow, max-snippet:-1, max-image-preview:large, max-video-preview:-1\" \/>\n<link rel=\"canonical\" href=\"https:\/\/www.meydan.tv\/az\/article\/yap-uzvu-illerdir-tapa-ailemi-dolandira-bilmirem\/\" \/>\n<meta property=\"og:locale\" content=\"az_AZ\" \/>\n<meta property=\"og:type\" content=\"article\" \/>\n<meta property=\"og:title\" content=\"YAP \u00fczv\u00fc: \u0130ll\u0259rdir i\u015f tapa, ail\u0259mi doland\u0131ra bilmir\u0259m - MEYDAN.TV\" \/>\n<meta property=\"og:description\" content=\"&quot;U\u015faqlar\u0131m\u0131 m\u00fcalic\u0259 etdir\u0259 bilmir\u0259m&quot;\" \/>\n<meta property=\"og:url\" content=\"https:\/\/www.meydan.tv\/az\/article\/yap-uzvu-illerdir-tapa-ailemi-dolandira-bilmirem\/\" \/>\n<meta property=\"og:site_name\" content=\"MEYDAN.TV\" \/>\n<meta property=\"article:published_time\" content=\"2020-01-29T13:35:42+00:00\" \/>\n<meta property=\"og:image\" content=\"https:\/\/www.meydan.tv\/wp-content\/uploads\/image_from_ios_115.jpg\" \/>\n\t<meta property=\"og:image:width\" content=\"762\" \/>\n\t<meta property=\"og:image:height\" content=\"628\" \/>\n\t<meta property=\"og:image:type\" content=\"image\/jpeg\" \/>\n<meta name=\"author\" content=\"user-manager\" \/>\n<meta name=\"twitter:card\" content=\"summary_large_image\" \/>\n<script type=\"application\/ld+json\" class=\"yoast-schema-graph\">{\"@context\":\"https:\\\/\\\/schema.org\",\"@graph\":[{\"@type\":\"Article\",\"@id\":\"https:\\\/\\\/www.meydan.tv\\\/az\\\/article\\\/yap-uzvu-illerdir-tapa-ailemi-dolandira-bilmirem\\\/#article\",\"isPartOf\":{\"@id\":\"https:\\\/\\\/www.meydan.tv\\\/az\\\/article\\\/yap-uzvu-illerdir-tapa-ailemi-dolandira-bilmirem\\\/\"},\"author\":{\"name\":\"user-manager\",\"@id\":\"https:\\\/\\\/www.meydan.tv\\\/az\\\/#\\\/schema\\\/person\\\/10d11eccf6da3662cf5fdab9806ea91a\"},\"headline\":\"YAP \u00fczv\u00fc: \u0130ll\u0259rdir i\u015f tapa, ail\u0259mi doland\u0131ra bilmir\u0259m\",\"datePublished\":\"2020-01-29T13:35:42+00:00\",\"mainEntityOfPage\":{\"@id\":\"https:\\\/\\\/www.meydan.tv\\\/az\\\/article\\\/yap-uzvu-illerdir-tapa-ailemi-dolandira-bilmirem\\\/\"},\"wordCount\":1142,\"publisher\":{\"@id\":\"https:\\\/\\\/www.meydan.tv\\\/az\\\/#organization\"},\"image\":{\"@id\":\"https:\\\/\\\/www.meydan.tv\\\/az\\\/article\\\/yap-uzvu-illerdir-tapa-ailemi-dolandira-bilmirem\\\/#primaryimage\"},\"thumbnailUrl\":\"https:\\\/\\\/www.meydan.tv\\\/wp-content\\\/uploads\\\/image_from_ios_115.jpg\",\"articleSection\":[\"B\u00f6lg\u0259\"],\"inLanguage\":\"az\"},{\"@type\":\"WebPage\",\"@id\":\"https:\\\/\\\/www.meydan.tv\\\/az\\\/article\\\/yap-uzvu-illerdir-tapa-ailemi-dolandira-bilmirem\\\/\",\"url\":\"https:\\\/\\\/www.meydan.tv\\\/az\\\/article\\\/yap-uzvu-illerdir-tapa-ailemi-dolandira-bilmirem\\\/\",\"name\":\"YAP \u00fczv\u00fc: \u0130ll\u0259rdir i\u015f tapa, ail\u0259mi doland\u0131ra bilmir\u0259m - MEYDAN.TV\",\"isPartOf\":{\"@id\":\"https:\\\/\\\/www.meydan.tv\\\/az\\\/#website\"},\"primaryImageOfPage\":{\"@id\":\"https:\\\/\\\/www.meydan.tv\\\/az\\\/article\\\/yap-uzvu-illerdir-tapa-ailemi-dolandira-bilmirem\\\/#primaryimage\"},\"image\":{\"@id\":\"https:\\\/\\\/www.meydan.tv\\\/az\\\/article\\\/yap-uzvu-illerdir-tapa-ailemi-dolandira-bilmirem\\\/#primaryimage\"},\"thumbnailUrl\":\"https:\\\/\\\/www.meydan.tv\\\/wp-content\\\/uploads\\\/image_from_ios_115.jpg\",\"datePublished\":\"2020-01-29T13:35:42+00:00\",\"breadcrumb\":{\"@id\":\"https:\\\/\\\/www.meydan.tv\\\/az\\\/article\\\/yap-uzvu-illerdir-tapa-ailemi-dolandira-bilmirem\\\/#breadcrumb\"},\"inLanguage\":\"az\",\"potentialAction\":[{\"@type\":\"ReadAction\",\"target\":[\"https:\\\/\\\/www.meydan.tv\\\/az\\\/article\\\/yap-uzvu-illerdir-tapa-ailemi-dolandira-bilmirem\\\/\"]}]},{\"@type\":\"ImageObject\",\"inLanguage\":\"az\",\"@id\":\"https:\\\/\\\/www.meydan.tv\\\/az\\\/article\\\/yap-uzvu-illerdir-tapa-ailemi-dolandira-bilmirem\\\/#primaryimage\",\"url\":\"https:\\\/\\\/www.meydan.tv\\\/wp-content\\\/uploads\\\/image_from_ios_115.jpg\",\"contentUrl\":\"https:\\\/\\\/www.meydan.tv\\\/wp-content\\\/uploads\\\/image_from_ios_115.jpg\",\"width\":762,\"height\":628,\"caption\":\"Source: Meydan TV\"},{\"@type\":\"BreadcrumbList\",\"@id\":\"https:\\\/\\\/www.meydan.tv\\\/az\\\/article\\\/yap-uzvu-illerdir-tapa-ailemi-dolandira-bilmirem\\\/#breadcrumb\",\"itemListElement\":[{\"@type\":\"ListItem\",\"position\":1,\"name\":\"Ana s\u0259hif\u0259\",\"item\":\"https:\\\/\\\/www.meydan.tv\\\/az\\\/\"},{\"@type\":\"ListItem\",\"position\":2,\"name\":\"B\u00f6lg\u0259\",\"item\":\"https:\\\/\\\/www.meydan.tv\\\/az\\\/section\\\/bolge\\\/\"},{\"@type\":\"ListItem\",\"position\":3,\"name\":\"YAP \u00fczv\u00fc: \u0130ll\u0259rdir i\u015f tapa, ail\u0259mi doland\u0131ra bilmir\u0259m\"}]},{\"@type\":\"WebSite\",\"@id\":\"https:\\\/\\\/www.meydan.tv\\\/az\\\/#website\",\"url\":\"https:\\\/\\\/www.meydan.tv\\\/az\\\/\",\"name\":\"MEYDAN.TV\",\"description\":\"Meydan TV Az\u0259rbaycan\u0131n media m\u0259kan\u0131ndak\u0131 alternativ s\u0259sidir\",\"publisher\":{\"@id\":\"https:\\\/\\\/www.meydan.tv\\\/az\\\/#organization\"},\"potentialAction\":[{\"@type\":\"SearchAction\",\"target\":{\"@type\":\"EntryPoint\",\"urlTemplate\":\"https:\\\/\\\/www.meydan.tv\\\/az\\\/?s={search_term_string}\"},\"query-input\":{\"@type\":\"PropertyValueSpecification\",\"valueRequired\":true,\"valueName\":\"search_term_string\"}}],\"inLanguage\":\"az\"},{\"@type\":\"Organization\",\"@id\":\"https:\\\/\\\/www.meydan.tv\\\/az\\\/#organization\",\"name\":\"Meydan TV\",\"url\":\"https:\\\/\\\/www.meydan.tv\\\/az\\\/\",\"logo\":{\"@type\":\"ImageObject\",\"inLanguage\":\"az\",\"@id\":\"https:\\\/\\\/www.meydan.tv\\\/az\\\/#\\\/schema\\\/logo\\\/image\\\/\",\"url\":\"https:\\\/\\\/www.meydan.tv\\\/wp-content\\\/uploads\\\/2021\\\/07\\\/meydan-logo.svg\",\"contentUrl\":\"https:\\\/\\\/www.meydan.tv\\\/wp-content\\\/uploads\\\/2021\\\/07\\\/meydan-logo.svg\",\"width\":195,\"height\":46,\"caption\":\"Meydan TV\"},\"image\":{\"@id\":\"https:\\\/\\\/www.meydan.tv\\\/az\\\/#\\\/schema\\\/logo\\\/image\\\/\"}},{\"@type\":\"Person\",\"@id\":\"https:\\\/\\\/www.meydan.tv\\\/az\\\/#\\\/schema\\\/person\\\/10d11eccf6da3662cf5fdab9806ea91a\",\"name\":\"user-manager\"}]}<\/script>\n<!-- \/ Yoast SEO plugin. -->","yoast_head_json":{"title":"YAP \u00fczv\u00fc: \u0130ll\u0259rdir i\u015f tapa, ail\u0259mi doland\u0131ra bilmir\u0259m - MEYDAN.TV","robots":{"index":"index","follow":"follow","max-snippet":"max-snippet:-1","max-image-preview":"max-image-preview:large","max-video-preview":"max-video-preview:-1"},"canonical":"https:\/\/www.meydan.tv\/az\/article\/yap-uzvu-illerdir-tapa-ailemi-dolandira-bilmirem\/","og_locale":"az_AZ","og_type":"article","og_title":"YAP \u00fczv\u00fc: \u0130ll\u0259rdir i\u015f tapa, ail\u0259mi doland\u0131ra bilmir\u0259m - MEYDAN.TV","og_description":"\"U\u015faqlar\u0131m\u0131 m\u00fcalic\u0259 etdir\u0259 bilmir\u0259m\"","og_url":"https:\/\/www.meydan.tv\/az\/article\/yap-uzvu-illerdir-tapa-ailemi-dolandira-bilmirem\/","og_site_name":"MEYDAN.TV","article_published_time":"2020-01-29T13:35:42+00:00","og_image":[{"width":762,"height":628,"url":"https:\/\/www.meydan.tv\/wp-content\/uploads\/image_from_ios_115.jpg","type":"image\/jpeg"}],"author":"user-manager","twitter_card":"summary_large_image","schema":{"@context":"https:\/\/schema.org","@graph":[{"@type":"Article","@id":"https:\/\/www.meydan.tv\/az\/article\/yap-uzvu-illerdir-tapa-ailemi-dolandira-bilmirem\/#article","isPartOf":{"@id":"https:\/\/www.meydan.tv\/az\/article\/yap-uzvu-illerdir-tapa-ailemi-dolandira-bilmirem\/"},"author":{"name":"user-manager","@id":"https:\/\/www.meydan.tv\/az\/#\/schema\/person\/10d11eccf6da3662cf5fdab9806ea91a"},"headline":"YAP \u00fczv\u00fc: \u0130ll\u0259rdir i\u015f tapa, ail\u0259mi doland\u0131ra bilmir\u0259m","datePublished":"2020-01-29T13:35:42+00:00","mainEntityOfPage":{"@id":"https:\/\/www.meydan.tv\/az\/article\/yap-uzvu-illerdir-tapa-ailemi-dolandira-bilmirem\/"},"wordCount":1142,"publisher":{"@id":"https:\/\/www.meydan.tv\/az\/#organization"},"image":{"@id":"https:\/\/www.meydan.tv\/az\/article\/yap-uzvu-illerdir-tapa-ailemi-dolandira-bilmirem\/#primaryimage"},"thumbnailUrl":"https:\/\/www.meydan.tv\/wp-content\/uploads\/image_from_ios_115.jpg","articleSection":["B\u00f6lg\u0259"],"inLanguage":"az"},{"@type":"WebPage","@id":"https:\/\/www.meydan.tv\/az\/article\/yap-uzvu-illerdir-tapa-ailemi-dolandira-bilmirem\/","url":"https:\/\/www.meydan.tv\/az\/article\/yap-uzvu-illerdir-tapa-ailemi-dolandira-bilmirem\/","name":"YAP \u00fczv\u00fc: \u0130ll\u0259rdir i\u015f tapa, ail\u0259mi doland\u0131ra bilmir\u0259m - MEYDAN.TV","isPartOf":{"@id":"https:\/\/www.meydan.tv\/az\/#website"},"primaryImageOfPage":{"@id":"https:\/\/www.meydan.tv\/az\/article\/yap-uzvu-illerdir-tapa-ailemi-dolandira-bilmirem\/#primaryimage"},"image":{"@id":"https:\/\/www.meydan.tv\/az\/article\/yap-uzvu-illerdir-tapa-ailemi-dolandira-bilmirem\/#primaryimage"},"thumbnailUrl":"https:\/\/www.meydan.tv\/wp-content\/uploads\/image_from_ios_115.jpg","datePublished":"2020-01-29T13:35:42+00:00","breadcrumb":{"@id":"https:\/\/www.meydan.tv\/az\/article\/yap-uzvu-illerdir-tapa-ailemi-dolandira-bilmirem\/#breadcrumb"},"inLanguage":"az","potentialAction":[{"@type":"ReadAction","target":["https:\/\/www.meydan.tv\/az\/article\/yap-uzvu-illerdir-tapa-ailemi-dolandira-bilmirem\/"]}]},{"@type":"ImageObject","inLanguage":"az","@id":"https:\/\/www.meydan.tv\/az\/article\/yap-uzvu-illerdir-tapa-ailemi-dolandira-bilmirem\/#primaryimage","url":"https:\/\/www.meydan.tv\/wp-content\/uploads\/image_from_ios_115.jpg","contentUrl":"https:\/\/www.meydan.tv\/wp-content\/uploads\/image_from_ios_115.jpg","width":762,"height":628,"caption":"Source: Meydan TV"},{"@type":"BreadcrumbList","@id":"https:\/\/www.meydan.tv\/az\/article\/yap-uzvu-illerdir-tapa-ailemi-dolandira-bilmirem\/#breadcrumb","itemListElement":[{"@type":"ListItem","position":1,"name":"Ana s\u0259hif\u0259","item":"https:\/\/www.meydan.tv\/az\/"},{"@type":"ListItem","position":2,"name":"B\u00f6lg\u0259","item":"https:\/\/www.meydan.tv\/az\/section\/bolge\/"},{"@type":"ListItem","position":3,"name":"YAP \u00fczv\u00fc: \u0130ll\u0259rdir i\u015f tapa, ail\u0259mi doland\u0131ra bilmir\u0259m"}]},{"@type":"WebSite","@id":"https:\/\/www.meydan.tv\/az\/#website","url":"https:\/\/www.meydan.tv\/az\/","name":"MEYDAN.TV","description":"Meydan TV Az\u0259rbaycan\u0131n media m\u0259kan\u0131ndak\u0131 alternativ s\u0259sidir","publisher":{"@id":"https:\/\/www.meydan.tv\/az\/#organization"},"potentialAction":[{"@type":"SearchAction","target":{"@type":"EntryPoint","urlTemplate":"https:\/\/www.meydan.tv\/az\/?s={search_term_string}"},"query-input":{"@type":"PropertyValueSpecification","valueRequired":true,"valueName":"search_term_string"}}],"inLanguage":"az"},{"@type":"Organization","@id":"https:\/\/www.meydan.tv\/az\/#organization","name":"Meydan TV","url":"https:\/\/www.meydan.tv\/az\/","logo":{"@type":"ImageObject","inLanguage":"az","@id":"https:\/\/www.meydan.tv\/az\/#\/schema\/logo\/image\/","url":"https:\/\/www.meydan.tv\/wp-content\/uploads\/2021\/07\/meydan-logo.svg","contentUrl":"https:\/\/www.meydan.tv\/wp-content\/uploads\/2021\/07\/meydan-logo.svg","width":195,"height":46,"caption":"Meydan TV"},"image":{"@id":"https:\/\/www.meydan.tv\/az\/#\/schema\/logo\/image\/"}},{"@type":"Person","@id":"https:\/\/www.meydan.tv\/az\/#\/schema\/person\/10d11eccf6da3662cf5fdab9806ea91a","name":"user-manager"}]}},"_links":{"self":[{"href":"https:\/\/www.meydan.tv\/az\/wp-json\/wp\/v2\/posts\/198996","targetHints":{"allow":["GET"]}}],"collection":[{"href":"https:\/\/www.meydan.tv\/az\/wp-json\/wp\/v2\/posts"}],"about":[{"href":"https:\/\/www.meydan.tv\/az\/wp-json\/wp\/v2\/types\/post"}],"author":[{"embeddable":true,"href":"https:\/\/www.meydan.tv\/az\/wp-json\/wp\/v2\/users\/11"}],"replies":[{"embeddable":true,"href":"https:\/\/www.meydan.tv\/az\/wp-json\/wp\/v2\/comments?post=198996"}],"version-history":[{"count":0,"href":"https:\/\/www.meydan.tv\/az\/wp-json\/wp\/v2\/posts\/198996\/revisions"}],"wp:featuredmedia":[{"embeddable":true,"href":"https:\/\/www.meydan.tv\/az\/wp-json\/wp\/v2\/media\/136610"}],"wp:attachment":[{"href":"https:\/\/www.meydan.tv\/az\/wp-json\/wp\/v2\/media?parent=198996"}],"wp:term":[{"taxonomy":"category","embeddable":true,"href":"https:\/\/www.meydan.tv\/az\/wp-json\/wp\/v2\/categories?post=198996"},{"taxonomy":"post_tag","embeddable":true,"href":"https:\/\/www.meydan.tv\/az\/wp-json\/wp\/v2\/tags?post=198996"}],"curies":[{"name":"wp","href":"https:\/\/api.w.org\/{rel}","templated":true}]}}